{"id":4536,"date":"2009-11-02T09:34:22","date_gmt":"2009-11-02T08:34:22","guid":{"rendered":"http:\/\/blog.infoempleo.com\/?p=4536"},"modified":"2023-03-13T19:30:53","modified_gmt":"2023-03-13T17:30:53","slug":"la-caida-acumulada-de-las-ofertas-para-profesionales-supera-el-66-en-un-ano","status":"publish","type":"post","link":"https:\/\/empresas.infoempleo.com\/hrtrends\/la-caida-acumulada-de-las-ofertas-para-profesionales-supera-el-66-en-un-ano\/","title":{"rendered":"La ca\u00edda acumulada de las ofertas para profesionales supera el 66% en un a\u00f1o"},"content":{"rendered":"<p>Tras bajar a unas cotas m\u00ednimas en verano, el mercado laboral suele remontar con fuerza en septiembre para alcanzar el m\u00e1ximo anual en octubre. Tradicionalmente, la evoluci\u00f3n de las ofertas de empleo cualificado ha respondido a este <strong>patr\u00f3n estacional<\/strong>. El oto\u00f1o, \u00e9poca propicia para encontrar o cambiar de trabajo, aumentaba las expectativas de los profesionales, que apuraban las semanas previas a la Navidad, cuando las empresas contienen la publicaci\u00f3n de vacantes, para mover sus curr\u00edculum. As\u00ed era, al menos, hasta que<strong> <\/strong>la virulencia de esta crisis econ\u00f3mica demostr\u00f3 que <strong>siempre se pod\u00eda ir a peor<\/strong> y que cada nuevo an\u00e1lisis pod\u00eda hacer buenos los datos que le preced\u00edan. El pasado mes de octubre volvi\u00f3 a reproducir el esquema de la crisis: las ofertas de empleo cualificado cayeron un 28,22% respecto a septiembre. Son datos del \u00faltimo<strong> balance mensual de <a title=\"Web de Infoempleo.com\" href=\"https:\/\/www.infoempleo.com\/\" target=\"_blank\" rel=\"noopener\">Infoempleo.com<\/a><\/strong>, que se basa en todas las ofertas que se publican en la prensa espa\u00f1ola y en el propio portal. Titulados universitarios y de FP, directivos, mandos y t\u00e9cnicos, as\u00ed como profesionales que ocupan puestos de soporte, son los principales destinatarios de las vacantes analizadas.<\/p>\n<p>Pero si ese primer plano del mercado laboral en octubre es malo, la fotograf\u00eda panor\u00e1mica que recoge la evoluci\u00f3n del \u00faltimo a\u00f1o, cuando <strong>la ca\u00edda acumulada ya alcanza el 66,50%<\/strong>, resulta nefasta. En paralelo a este descenso ha ido el <strong>aumento del paro<\/strong>, al que se sumaron 1.524.600 personas en los \u00faltimos doce meses.<\/p>\n<p>Con este tel\u00f3n de fondo, el sector que mejor resiste los embates de la econom\u00eda es uno tan tradicional y estable como alimentaci\u00f3n. Entre las \u00e1reas funcionales, <strong>comercial sigue batiendo, mes a mes, su propio r\u00e9cord<\/strong>, y Catalu\u00f1a ha recuperado en octubre el Oro de la clasificaci\u00f3n por comunidades aut\u00f3nomas. El mes pasado tambi\u00e9n mejoraron sus marcas los titulados en gesti\u00f3n empresarial, que afianzan su liderazgo en el conjunto de universitarios, y las vacantes que no solicitan experiencia en un puesto similar al ofertado rozaron el 48% del total.<\/p>\n<h3>La construcci\u00f3n asciende<\/h3>\n<p>M\u00e1s all\u00e1 de este retrato robot, el balance mensual de Infoempleo.com recoge un an\u00e1lisis del mercado laboral mucho m\u00e1s pormenorizado. Por ejemplo, en la clasificaci\u00f3n sectorial siguen a <strong>alimentaci\u00f3n<\/strong> las actividades de comercio, industria y construcci\u00f3n, que ha ascendido dos puestos en el \u00faltimo mes. <strong>Consultor\u00eda<\/strong>, que inaugur\u00f3 el a\u00f1o como principal demandante de profesionales, se vio relegada al segundo puesto de la lista cuando lleg\u00f3 el verano y, de ah\u00ed, ha descendido a la sexta posici\u00f3n. Tambi\u00e9n contin\u00faa perdiendo fuelle el sector de<strong> hosteler\u00eda y turismo<\/strong>, que, con el 2,77% de las ofertas publicadas, ha salido del \u2018top ten\u2019, privilegiado grupo al que se acerca <strong>seguros<\/strong>, que sigue en racha.<\/p>\n<p>Los sectores vinculados a las <strong>tecnolog\u00edas de la informaci\u00f3n<\/strong> \u2014inform\u00e1tica y telecomunicaciones\u2014 mejoran ligeramente sus marcas, mientras que <strong>automoci\u00f3n<\/strong>, que en septiembre ocupaba la decimotercera posici\u00f3n, ha sido barrido literalmente del mapa. Dada la incidencia de la crisis en el sector, el <a class=\"wp-caption-dd\" title=\"Plan 2000E del Autom\u00f3vil\" href=\"https:\/\/www.abc.es\/20091024\/economia-economia\/sebastian-anuncia-prorroga-plan-200910241225.html\" target=\"_blank\" rel=\"noopener\">Gobierno<\/a> ya ha confirmado la continuidad de los incentivos para la compra de coches hasta que termine el a\u00f1o y ha anunciado la puesta en marcha de m\u00e1s ayudas en 2010.<\/p>\n<p>De acuerdo a la divisi\u00f3n que introduce la <strong><a class=\"wp-caption-dd\" title=\"EPA\" href=\"https:\/\/www.ine.es\/daco\/daco42\/daco4211\/epa0309.pdf\" target=\"_blank\" rel=\"noopener\">Encuesta de Poblaci\u00f3n Activa (EPA)<\/a><\/strong>, el paro disminuy\u00f3 en tres de los cuatro macrosectores \u2014construcci\u00f3n (79.800 parados menos), servicios (60.800) e industria (34.600)\u2014 en el tercer trimestre del a\u00f1o. S\u00f3lo agricultura se apunt\u00f3 20.600 desempleados m\u00e1s.<\/p>\n<h5 style=\"text-align: center\">Oferta de empleo por \u00e1reas funcionales<\/h5>\n<p style=\"text-align: center\">\n<p>Las \u00e1reas funcionales, por su parte, no son propensas a los bailes en la clasificaci\u00f3n. Mes a mes, el departamento comercial revalida su hegemon\u00eda en el cada vez m\u00e1s peque\u00f1o pastel de ofertas. Y a medida que ese pastel mengua, la porci\u00f3n dirigida a los vendedores crece. En octubre de 2008, la distancia entre comercial y <strong>producci\u00f3n<\/strong> \u201431,16% frente a 23,07%\u2014 se reduc\u00eda a ocho puntos porcentuales. El mes pasado, con el departamento comercial a punto de rozar el 40% de las ofertas publicadas, la distancia ya superaba los 22. A rebufo de este tir\u00f3n, otros departamentos afines han ganado protagonismo en el \u2018ranking\u2019. \u00c9ste es el caso de <strong>atenci\u00f3n al cliente<\/strong>, que, ya instalado en el cuarto puesto, ha superado a administraci\u00f3n y finanzas y a inform\u00e1tica. Tambi\u00e9n <strong>\u2018marketing\u2019<\/strong> ha mejorado su peso relativo en el \u00faltimo mes.<\/p>\n<p><strong>Servicios generales<\/strong>, como en balances anteriores, rebasa t\u00edmidamente la frontera del 10% de las ofertas publicadas, mientras que la porci\u00f3n correspondiente a <strong>asesor\u00eda jur\u00eddica<\/strong> crece y alcanza valores pr\u00f3ximos al 3%.<\/p>\n<h3>Catalu\u00f1a, n\u00famero uno<\/h3>\n<p>Entre las comunidades aut\u00f3nomas, <strong>Catalu\u00f1a,<\/strong> <strong>Madrid<\/strong> y <strong>Pa\u00eds Vasco<\/strong> ocupan el podio de una clasificaci\u00f3n cada vez m\u00e1s propensa a la dispersi\u00f3n territorial de ofertas. Octubre ha favorecido a <strong>Andaluc\u00eda<\/strong>, que asciende de la s\u00e9ptima a la cuarta posici\u00f3n, mientras que <strong>Galicia<\/strong> retrocede cuatro puestos y se coloca en el s\u00e9ptimo lugar. Tampoco <strong>Castilla y Le\u00f3n<\/strong>, cuyo peso relativo baja del 9,90 al 7,88%, ha salido bien parada en el \u00faltimo mes.<\/p>\n<p>De acuerdo a los datos de la EPA correspondientes al tercer trimestre del a\u00f1o, las tasas m\u00e1s bajas de paro se localizan en el <strong>Norte de Espa\u00f1a<\/strong>, concretamente en Navarra (10,39%), Cantabria (11,20%) y Pa\u00eds Vasco (11,55%). Peor es la suerte del archipi\u00e9lago canario, el Sur y el Levante, que duplican, como m\u00ednimo, esos porcentajes.<\/p>\n<p>Ni siquiera la temporada tur\u00edstica logr\u00f3 contener la hemorragia de desempleados en <strong>Canarias<\/strong>, donde una de cada cuatro personas mayores de 16 a\u00f1os est\u00e1 parada. Con una tasa muy similar, le sigue Andaluc\u00eda (25,64%). La <strong>Comunidad Valenciana<\/strong>, a punto de rozar el 22%, y <strong>Murcia<\/strong>, un punto por debajo, tambi\u00e9n lucen porcentajes muy superiores a la media nacional.<\/p>\n<p>Dada la naturaleza del mercado laboral espa\u00f1ol, donde, tradicionalmente, el paro crece a un ritmo vertiginoso y la velocidad de recuperaci\u00f3n es muy lenta, todav\u00eda no se ve la luz al final del t\u00fanel. El <strong><a class=\"wp-caption-dd\" title=\"Previsiones de FMI\" href=\"https:\/\/www.abc.es\/20091002\/economia-economia\/fondo-monetario-anuncia-crisis-20091002.html\" target=\"_blank\" rel=\"noopener\">Fondo Monetario Internacional<\/a><\/strong> vaticina que, en 2010, persistir\u00e1 la recesi\u00f3n.<\/p>\n","protected":false},"excerpt":{"rendered":"<p>Si el primer plano del mercado laboral en octubre ofrece datos preocupantes, la fotograf\u00eda panor\u00e1mica de los \u00faltimos doce meses que recoge el balance de Infoempleo.com resulta nefasta.<\/p>\n","protected":false},"author":34,"featured_media":29665,"comment_status":"closed","ping_status":"open","sticky":false,"template":"","format":"standard","meta":{"footnotes":""},"categories":[3],"tags":[472,48,33,162,474,169,475,207,187],"class_list":["post-4536","post","type-post","status-publish","format-standard","has-post-thumbnail","hentry","category-actualidad","tag-cataluna","tag-crisis","tag-desempleo","tag-empleo","tag-epa","tag-mercado-laboral","tag-ofertas","tag-profesionales","tag-sectores"],"yoast_head":"<!-- This site is optimized with the Yoast SEO plugin v26.1.1 - https:\/\/yoast.com\/wordpress\/plugins\/seo\/ -->\n<title>La ca\u00edda acumulada de las ofertas para profesionales supera el 66% en un a\u00f1o | HRTRENDS<\/title>\n<meta name=\"robots\" content=\"index, follow, max-snippet:-1, max-image-preview:large, max-video-preview:-1\" \/>\n<link rel=\"canonical\" href=\"https:\/\/empresas.infoempleo.com\/hrtrends\/la-caida-acumulada-de-las-ofertas-para-profesionales-supera-el-66-en-un-ano\/\" \/>\n<meta property=\"og:locale\" content=\"es_ES\" \/>\n<meta property=\"og:type\" content=\"article\" \/>\n<meta property=\"og:title\" content=\"La ca\u00edda acumulada de las ofertas para profesionales supera el 66% en un a\u00f1o | HRTRENDS\" \/>\n<meta property=\"og:description\" content=\"Si el primer plano del mercado laboral en octubre ofrece datos preocupantes, la fotograf\u00eda panor\u00e1mica de los \u00faltimos doce meses que recoge el balance de Infoempleo.com resulta nefasta.\" \/>\n<meta property=\"og:url\" content=\"https:\/\/empresas.infoempleo.com\/hrtrends\/la-caida-acumulada-de-las-ofertas-para-profesionales-supera-el-66-en-un-ano\/\" \/>\n<meta property=\"og:site_name\" content=\"HRTRENDS\" \/>\n<meta property=\"article:publisher\" content=\"https:\/\/www.facebook.com\/Infoempleo\" \/>\n<meta property=\"article:published_time\" content=\"2009-11-02T08:34:22+00:00\" \/>\n<meta property=\"article:modified_time\" content=\"2023-03-13T17:30:53+00:00\" \/>\n<meta property=\"og:image\" content=\"https:\/\/empresas.infoempleo.com\/hrtrends\/media\/2017\/05\/pexels-photo-205508.jpg\" \/>\n\t<meta property=\"og:image:width\" content=\"1280\" \/>\n\t<meta property=\"og:image:height\" content=\"960\" \/>\n\t<meta property=\"og:image:type\" content=\"image\/jpeg\" \/>\n<meta name=\"author\" content=\"Rosario Sep\u00falveda\" \/>\n<meta name=\"twitter:card\" content=\"summary_large_image\" \/>\n<meta name=\"twitter:creator\" content=\"@infoempleo\" \/>\n<meta name=\"twitter:site\" content=\"@infoempleo\" \/>\n<meta name=\"twitter:label1\" content=\"Escrito por\" \/>\n\t<meta name=\"twitter:data1\" content=\"Rosario Sep\u00falveda\" \/>\n\t<meta name=\"twitter:label2\" content=\"Tiempo de lectura\" \/>\n\t<meta name=\"twitter:data2\" content=\"5 minutos\" \/>\n<script type=\"application\/ld+json\" class=\"yoast-schema-graph\">{\"@context\":\"https:\/\/schema.org\",\"@graph\":[{\"@type\":\"NewsArticle\",\"@id\":\"https:\/\/empresas.infoempleo.com\/hrtrends\/la-caida-acumulada-de-las-ofertas-para-profesionales-supera-el-66-en-un-ano\/#article\",\"isPartOf\":{\"@id\":\"https:\/\/empresas.infoempleo.com\/hrtrends\/la-caida-acumulada-de-las-ofertas-para-profesionales-supera-el-66-en-un-ano\/\"},\"author\":{\"name\":\"Rosario Sep\u00falveda\",\"@id\":\"https:\/\/empresas.infoempleo.com\/hrtrends\/#\/schema\/person\/2a45835f1492cbc7fbce11ad398707a8\"},\"headline\":\"La ca\u00edda acumulada de las ofertas para profesionales supera el 66% en un a\u00f1o\",\"datePublished\":\"2009-11-02T08:34:22+00:00\",\"dateModified\":\"2023-03-13T17:30:53+00:00\",\"mainEntityOfPage\":{\"@id\":\"https:\/\/empresas.infoempleo.com\/hrtrends\/la-caida-acumulada-de-las-ofertas-para-profesionales-supera-el-66-en-un-ano\/\"},\"wordCount\":1057,\"publisher\":{\"@id\":\"https:\/\/empresas.infoempleo.com\/hrtrends\/#organization\"},\"image\":{\"@id\":\"https:\/\/empresas.infoempleo.com\/hrtrends\/la-caida-acumulada-de-las-ofertas-para-profesionales-supera-el-66-en-un-ano\/#primaryimage\"},\"thumbnailUrl\":\"https:\/\/empresas.infoempleo.com\/hrtrends\/media\/2017\/05\/pexels-photo-205508.jpg\",\"keywords\":[\"Catalu\u00f1a\",\"Crisis\",\"desempleo\",\"Empleo\",\"EPA\",\"mercado laboral\",\"ofertas\",\"profesionales\",\"Sectores\"],\"articleSection\":[\"Actualidad\"],\"inLanguage\":\"es\",\"copyrightYear\":\"2009\",\"copyrightHolder\":{\"@id\":\"https:\/\/empresas.infoempleo.com\/hrtrends\/#organization\"}},{\"@type\":\"WebPage\",\"@id\":\"https:\/\/empresas.infoempleo.com\/hrtrends\/la-caida-acumulada-de-las-ofertas-para-profesionales-supera-el-66-en-un-ano\/\",\"url\":\"https:\/\/empresas.infoempleo.com\/hrtrends\/la-caida-acumulada-de-las-ofertas-para-profesionales-supera-el-66-en-un-ano\/\",\"name\":\"La ca\u00edda acumulada de las ofertas para profesionales supera el 66% en un a\u00f1o | HRTRENDS\",\"isPartOf\":{\"@id\":\"https:\/\/empresas.infoempleo.com\/hrtrends\/#website\"},\"primaryImageOfPage\":{\"@id\":\"https:\/\/empresas.infoempleo.com\/hrtrends\/la-caida-acumulada-de-las-ofertas-para-profesionales-supera-el-66-en-un-ano\/#primaryimage\"},\"image\":{\"@id\":\"https:\/\/empresas.infoempleo.com\/hrtrends\/la-caida-acumulada-de-las-ofertas-para-profesionales-supera-el-66-en-un-ano\/#primaryimage\"},\"thumbnailUrl\":\"https:\/\/empresas.infoempleo.com\/hrtrends\/media\/2017\/05\/pexels-photo-205508.jpg\",\"datePublished\":\"2009-11-02T08:34:22+00:00\",\"dateModified\":\"2023-03-13T17:30:53+00:00\",\"breadcrumb\":{\"@id\":\"https:\/\/empresas.infoempleo.com\/hrtrends\/la-caida-acumulada-de-las-ofertas-para-profesionales-supera-el-66-en-un-ano\/#breadcrumb\"},\"inLanguage\":\"es\",\"potentialAction\":[{\"@type\":\"ReadAction\",\"target\":[\"https:\/\/empresas.infoempleo.com\/hrtrends\/la-caida-acumulada-de-las-ofertas-para-profesionales-supera-el-66-en-un-ano\/\"]}]},{\"@type\":\"ImageObject\",\"inLanguage\":\"es\",\"@id\":\"https:\/\/empresas.infoempleo.com\/hrtrends\/la-caida-acumulada-de-las-ofertas-para-profesionales-supera-el-66-en-un-ano\/#primaryimage\",\"url\":\"https:\/\/empresas.infoempleo.com\/hrtrends\/media\/2017\/05\/pexels-photo-205508-150x150.jpg\",\"contentUrl\":\"https:\/\/empresas.infoempleo.com\/hrtrends\/media\/2017\/05\/pexels-photo-205508-150x150.jpg\",\"width\":150,\"height\":150},{\"@type\":\"BreadcrumbList\",\"@id\":\"https:\/\/empresas.infoempleo.com\/hrtrends\/la-caida-acumulada-de-las-ofertas-para-profesionales-supera-el-66-en-un-ano\/#breadcrumb\",\"itemListElement\":[{\"@type\":\"ListItem\",\"position\":1,\"name\":\"Portada\",\"item\":\"https:\/\/empresas.infoempleo.com\/hrtrends\/\"},{\"@type\":\"ListItem\",\"position\":2,\"name\":\"La ca\u00edda acumulada de las ofertas para profesionales supera el 66% en un a\u00f1o\"}]},{\"@type\":\"WebSite\",\"@id\":\"https:\/\/empresas.infoempleo.com\/hrtrends\/#website\",\"url\":\"https:\/\/empresas.infoempleo.com\/hrtrends\",\"name\":\"HRTrends by Infoempleo\",\"description\":\"\",\"publisher\":{\"@id\":\"https:\/\/empresas.infoempleo.com\/hrtrends\/#organization\"},\"potentialAction\":{\"@type\":\"SearchAction\",\"target\":\"https:\/\/empresas.infoempleo.com\/hrtrends\/?s={search_term_string}\",\"query-input\":\"required name=search_term_string\"},\"inLanguage\":\"es\"},{\"@type\":\"Organization\",\"@id\":\"https:\/\/empresas.infoempleo.com\/hrtrends\/#organization\",\"name\":\"Infoempleo\",\"url\":\"https:\/\/www.infoempleo.com\/\",\"logo\":{\"@type\":\"ImageObject\",\"@id\":\"https:\/\/empresas.infoempleo.com\/hrtrends\/#logo\",\"inLanguage\":\"es\",\"url\":\"https:\/\/cdnazure.infoempleo.com\/infoempleo\/assets\/style\/gfx\/logo.svg\",\"contentUrl\":\"https:\/\/cdnazure.infoempleo.com\/infoempleo\/assets\/style\/gfx\/logo.svg\",\"width\":150,\"height\":40,\"caption\":\"Infoempleo\"},\"image\":{\"@id\":\"https:\/\/empresas.infoempleo.com\/hrtrends\/#logo\"},\"sameAs\":[\"https:\/\/www.facebook.com\/Infoempleo\",\"https:\/\/x.com\/infoempleo\",\"http:\/\/instagram.com\/infoempleo\/\",\"http:\/\/www.linkedin.com\/groups\/Empleo-Espa\u00f1a-Infoempleocom-111276\",\"http:\/\/pinterest.com\/infoempleo\/\"],\"address\":{\"@type\":\"PostalAddress\",\"addressLocality\":\"Madrid\",\"postalCode\":\"28050\",\"streetAddress\":\"Avenida de Burgos 114\"},\"brand\":[\"Infoempleo\"]},{\"@type\":\"Person\",\"@id\":\"https:\/\/empresas.infoempleo.com\/hrtrends\/#\/schema\/person\/2a45835f1492cbc7fbce11ad398707a8\",\"name\":\"Rosario Sep\u00falveda\",\"image\":{\"@type\":\"ImageObject\",\"inLanguage\":\"es\",\"@id\":\"https:\/\/empresas.infoempleo.com\/hrtrends\/#\/schema\/person\/image\/\",\"url\":\"https:\/\/secure.gravatar.com\/avatar\/01b4f37da8fd0cca9ded94ad0ab4a694814c54945a7c84e54495a93ea3a90e3b?s=96&d=mm&r=g\",\"contentUrl\":\"https:\/\/secure.gravatar.com\/avatar\/01b4f37da8fd0cca9ded94ad0ab4a694814c54945a7c84e54495a93ea3a90e3b?s=96&d=mm&r=g\",\"caption\":\"Rosario Sep\u00falveda\"},\"url\":\"https:\/\/empresas.infoempleo.com\/hrtrends\/author\/rosario-sepulveda\/\"}]}<\/script>\n<!-- \/ Yoast SEO plugin. -->","yoast_head_json":{"title":"La ca\u00edda acumulada de las ofertas para profesionales supera el 66% en un a\u00f1o | HRTRENDS","robots":{"index":"index","follow":"follow","max-snippet":"max-snippet:-1","max-image-preview":"max-image-preview:large","max-video-preview":"max-video-preview:-1"},"canonical":"https:\/\/empresas.infoempleo.com\/hrtrends\/la-caida-acumulada-de-las-ofertas-para-profesionales-supera-el-66-en-un-ano\/","og_locale":"es_ES","og_type":"article","og_title":"La ca\u00edda acumulada de las ofertas para profesionales supera el 66% en un a\u00f1o | HRTRENDS","og_description":"Si el primer plano del mercado laboral en octubre ofrece datos preocupantes, la fotograf\u00eda panor\u00e1mica de los \u00faltimos doce meses que recoge el balance de Infoempleo.com resulta nefasta.","og_url":"https:\/\/empresas.infoempleo.com\/hrtrends\/la-caida-acumulada-de-las-ofertas-para-profesionales-supera-el-66-en-un-ano\/","og_site_name":"HRTRENDS","article_publisher":"https:\/\/www.facebook.com\/Infoempleo","article_published_time":"2009-11-02T08:34:22+00:00","article_modified_time":"2023-03-13T17:30:53+00:00","og_image":[{"width":1280,"height":960,"url":"https:\/\/empresas.infoempleo.com\/hrtrends\/media\/2017\/05\/pexels-photo-205508.jpg","type":"image\/jpeg"}],"author":"Rosario Sep\u00falveda","twitter_card":"summary_large_image","twitter_creator":"@infoempleo","twitter_site":"@infoempleo","twitter_misc":{"Escrito por":"Rosario Sep\u00falveda","Tiempo de lectura":"5 minutos"},"schema":{"@context":"https:\/\/schema.org","@graph":[{"@type":"NewsArticle","@id":"https:\/\/empresas.infoempleo.com\/hrtrends\/la-caida-acumulada-de-las-ofertas-para-profesionales-supera-el-66-en-un-ano\/#article","isPartOf":{"@id":"https:\/\/empresas.infoempleo.com\/hrtrends\/la-caida-acumulada-de-las-ofertas-para-profesionales-supera-el-66-en-un-ano\/"},"author":{"name":"Rosario Sep\u00falveda","@id":"https:\/\/empresas.infoempleo.com\/hrtrends\/#\/schema\/person\/2a45835f1492cbc7fbce11ad398707a8"},"headline":"La ca\u00edda acumulada de las ofertas para profesionales supera el 66% en un a\u00f1o","datePublished":"2009-11-02T08:34:22+00:00","dateModified":"2023-03-13T17:30:53+00:00","mainEntityOfPage":{"@id":"https:\/\/empresas.infoempleo.com\/hrtrends\/la-caida-acumulada-de-las-ofertas-para-profesionales-supera-el-66-en-un-ano\/"},"wordCount":1057,"publisher":{"@id":"https:\/\/empresas.infoempleo.com\/hrtrends\/#organization"},"image":{"@id":"https:\/\/empresas.infoempleo.com\/hrtrends\/la-caida-acumulada-de-las-ofertas-para-profesionales-supera-el-66-en-un-ano\/#primaryimage"},"thumbnailUrl":"https:\/\/empresas.infoempleo.com\/hrtrends\/media\/2017\/05\/pexels-photo-205508.jpg","keywords":["Catalu\u00f1a","Crisis","desempleo","Empleo","EPA","mercado laboral","ofertas","profesionales","Sectores"],"articleSection":["Actualidad"],"inLanguage":"es","copyrightYear":"2009","copyrightHolder":{"@id":"https:\/\/empresas.infoempleo.com\/hrtrends\/#organization"}},{"@type":"WebPage","@id":"https:\/\/empresas.infoempleo.com\/hrtrends\/la-caida-acumulada-de-las-ofertas-para-profesionales-supera-el-66-en-un-ano\/","url":"https:\/\/empresas.infoempleo.com\/hrtrends\/la-caida-acumulada-de-las-ofertas-para-profesionales-supera-el-66-en-un-ano\/","name":"La ca\u00edda acumulada de las ofertas para profesionales supera el 66% en un a\u00f1o | HRTRENDS","isPartOf":{"@id":"https:\/\/empresas.infoempleo.com\/hrtrends\/#website"},"primaryImageOfPage":{"@id":"https:\/\/empresas.infoempleo.com\/hrtrends\/la-caida-acumulada-de-las-ofertas-para-profesionales-supera-el-66-en-un-ano\/#primaryimage"},"image":{"@id":"https:\/\/empresas.infoempleo.com\/hrtrends\/la-caida-acumulada-de-las-ofertas-para-profesionales-supera-el-66-en-un-ano\/#primaryimage"},"thumbnailUrl":"https:\/\/empresas.infoempleo.com\/hrtrends\/media\/2017\/05\/pexels-photo-205508.jpg","datePublished":"2009-11-02T08:34:22+00:00","dateModified":"2023-03-13T17:30:53+00:00","breadcrumb":{"@id":"https:\/\/empresas.infoempleo.com\/hrtrends\/la-caida-acumulada-de-las-ofertas-para-profesionales-supera-el-66-en-un-ano\/#breadcrumb"},"inLanguage":"es","potentialAction":[{"@type":"ReadAction","target":["https:\/\/empresas.infoempleo.com\/hrtrends\/la-caida-acumulada-de-las-ofertas-para-profesionales-supera-el-66-en-un-ano\/"]}]},{"@type":"ImageObject","inLanguage":"es","@id":"https:\/\/empresas.infoempleo.com\/hrtrends\/la-caida-acumulada-de-las-ofertas-para-profesionales-supera-el-66-en-un-ano\/#primaryimage","url":"https:\/\/empresas.infoempleo.com\/hrtrends\/media\/2017\/05\/pexels-photo-205508-150x150.jpg","contentUrl":"https:\/\/empresas.infoempleo.com\/hrtrends\/media\/2017\/05\/pexels-photo-205508-150x150.jpg","width":150,"height":150},{"@type":"BreadcrumbList","@id":"https:\/\/empresas.infoempleo.com\/hrtrends\/la-caida-acumulada-de-las-ofertas-para-profesionales-supera-el-66-en-un-ano\/#breadcrumb","itemListElement":[{"@type":"ListItem","position":1,"name":"Portada","item":"https:\/\/empresas.infoempleo.com\/hrtrends\/"},{"@type":"ListItem","position":2,"name":"La ca\u00edda acumulada de las ofertas para profesionales supera el 66% en un a\u00f1o"}]},{"@type":"WebSite","@id":"https:\/\/empresas.infoempleo.com\/hrtrends\/#website","url":"https:\/\/empresas.infoempleo.com\/hrtrends","name":"HRTrends by Infoempleo","description":"","publisher":{"@id":"https:\/\/empresas.infoempleo.com\/hrtrends\/#organization"},"potentialAction":{"@type":"SearchAction","target":"https:\/\/empresas.infoempleo.com\/hrtrends\/?s={search_term_string}","query-input":"required name=search_term_string"},"inLanguage":"es"},{"@type":"Organization","@id":"https:\/\/empresas.infoempleo.com\/hrtrends\/#organization","name":"Infoempleo","url":"https:\/\/www.infoempleo.com\/","logo":{"@type":"ImageObject","@id":"https:\/\/empresas.infoempleo.com\/hrtrends\/#logo","inLanguage":"es","url":"https:\/\/cdnazure.infoempleo.com\/infoempleo\/assets\/style\/gfx\/logo.svg","contentUrl":"https:\/\/cdnazure.infoempleo.com\/infoempleo\/assets\/style\/gfx\/logo.svg","width":150,"height":40,"caption":"Infoempleo"},"image":{"@id":"https:\/\/empresas.infoempleo.com\/hrtrends\/#logo"},"sameAs":["https:\/\/www.facebook.com\/Infoempleo","https:\/\/x.com\/infoempleo","http:\/\/instagram.com\/infoempleo\/","http:\/\/www.linkedin.com\/groups\/Empleo-Espa\u00f1a-Infoempleocom-111276","http:\/\/pinterest.com\/infoempleo\/"],"address":{"@type":"PostalAddress","addressLocality":"Madrid","postalCode":"28050","streetAddress":"Avenida de Burgos 114"},"brand":["Infoempleo"]},{"@type":"Person","@id":"https:\/\/empresas.infoempleo.com\/hrtrends\/#\/schema\/person\/2a45835f1492cbc7fbce11ad398707a8","name":"Rosario Sep\u00falveda","image":{"@type":"ImageObject","inLanguage":"es","@id":"https:\/\/empresas.infoempleo.com\/hrtrends\/#\/schema\/person\/image\/","url":"https:\/\/secure.gravatar.com\/avatar\/01b4f37da8fd0cca9ded94ad0ab4a694814c54945a7c84e54495a93ea3a90e3b?s=96&d=mm&r=g","contentUrl":"https:\/\/secure.gravatar.com\/avatar\/01b4f37da8fd0cca9ded94ad0ab4a694814c54945a7c84e54495a93ea3a90e3b?s=96&d=mm&r=g","caption":"Rosario Sep\u00falveda"},"url":"https:\/\/empresas.infoempleo.com\/hrtrends\/author\/rosario-sepulveda\/"}]}},"amp_enabled":true,"_links":{"self":[{"href":"https:\/\/empresas.infoempleo.com\/hrtrends\/wp-json\/wp\/v2\/posts\/4536","targetHints":{"allow":["GET"]}}],"collection":[{"href":"https:\/\/empresas.infoempleo.com\/hrtrends\/wp-json\/wp\/v2\/posts"}],"about":[{"href":"https:\/\/empresas.infoempleo.com\/hrtrends\/wp-json\/wp\/v2\/types\/post"}],"author":[{"embeddable":true,"href":"https:\/\/empresas.infoempleo.com\/hrtrends\/wp-json\/wp\/v2\/users\/34"}],"replies":[{"embeddable":true,"href":"https:\/\/empresas.infoempleo.com\/hrtrends\/wp-json\/wp\/v2\/comments?post=4536"}],"version-history":[{"count":2,"href":"https:\/\/empresas.infoempleo.com\/hrtrends\/wp-json\/wp\/v2\/posts\/4536\/revisions"}],"predecessor-version":[{"id":43269,"href":"https:\/\/empresas.infoempleo.com\/hrtrends\/wp-json\/wp\/v2\/posts\/4536\/revisions\/43269"}],"wp:featuredmedia":[{"embeddable":true,"href":"https:\/\/empresas.infoempleo.com\/hrtrends\/wp-json\/wp\/v2\/media\/29665"}],"wp:attachment":[{"href":"https:\/\/empresas.infoempleo.com\/hrtrends\/wp-json\/wp\/v2\/media?parent=4536"}],"wp:term":[{"taxonomy":"category","embeddable":true,"href":"https:\/\/empresas.infoempleo.com\/hrtrends\/wp-json\/wp\/v2\/categories?post=4536"},{"taxonomy":"post_tag","embeddable":true,"href":"https:\/\/empresas.infoempleo.com\/hrtrends\/wp-json\/wp\/v2\/tags?post=4536"}],"curies":[{"name":"wp","href":"https:\/\/api.w.org\/{rel}","templated":true}]}}