{"id":4493,"date":"2009-10-27T09:17:58","date_gmt":"2009-10-27T08:17:58","guid":{"rendered":"http:\/\/blog.infoempleo.com\/?p=4493"},"modified":"2023-03-13T19:30:53","modified_gmt":"2023-03-13T17:30:53","slug":"ahora-se-cumple-lo-que-pedia-hace-anos","status":"publish","type":"post","link":"https:\/\/empresas.infoempleo.com\/hrtrends\/ahora-se-cumple-lo-que-pedia-hace-anos\/","title":{"rendered":"\u00abAhora se cumple lo que ped\u00eda hace a\u00f1os\u00bb"},"content":{"rendered":"<p align=\"justify\"><span style=\"font-family: Charter ITC Pro;font-size: x-small\"><span style=\"font-family: Charter ITC Pro;font-size: x-small\">\u00a0<\/span><\/span><\/p>\n<p><strong>Carlos Chamorro, actor<\/strong>\u00a0<\/p>\n<p>Carlos Chamorro parece especialista en desdoblarse. Desde septiembre, el actor catal\u00e1n compagina su trabajo en la obra de teatro \u00abSer o no ser\u00bb, basada en la pel\u00edcula de Ernst Lubitsch, con la grabaci\u00f3n de los episodios de la serie \u00abFibrilando\u00bb, donde su popular personaje Juli\u00e1n Palacios ha colgado la corbata que sol\u00eda llevar en \u00abCamera Caf\u00e9\u00bb para ponerse la bata de anestesista.<\/p>\n<p>Otro ejemplo de su duplicidad lo demuestra al definirse a s\u00ed mismo como un payaso. \u00abSiempre digo que soy un \u2018clown\u2019 que hace de actor, es algo extra\u00f1o, como preparar una interpretaci\u00f3n doble\u00bb. Incluso, hace unos a\u00f1os, cuando salt\u00f3 a la fama televisiva gracias a Jacobo Torres [protagonista de una serie de m\u00e1s de diez anuncios para Viajes Iberia], una amiga de su madre se refer\u00eda a \u00e9l como \u00abel mejor actor de anuncios que conozco\u00bb. \u00abEvidentemente, ser actor comporta tocar muchos palos y, en ocasiones, todos a la vez\u00bb, reflexiona.<\/p>\n<p><strong>\u00bfCu\u00e1l fue su primer empleo?<br \/>\n<\/strong>Es bastante indescriptible. Ten\u00eda unos 14 a\u00f1os y fue en una empresa que hac\u00eda planchas de aluminio para coches (creo que era un Seat&#8230;). Un amigo y yo nos encarg\u00e1bamos de amontonarlas en unos paneles y nos pagaban unos 600 euros la tonelada. Recuerdo que lo hac\u00eda al salir del instituto, ten\u00eda que coger un autob\u00fas para llegar a un pol\u00edgono que estaba a las afueras de Barcelona, as\u00ed que dos meses despu\u00e9s les dije a mis padres que no pod\u00eda m\u00e1s [risas].<\/p>\n<p><strong>\u00c9ste no fue, ni mucho menos, su \u00fanico empleo fuera del \u00e1mbito art\u00edstico. No parece que se le hayan ca\u00eddo los anillos&#8230;<br \/>\n<\/strong>No, claro que no. He trabajado en una florister\u00eda, como secretario del ya fallecido Josep Bardag\u00ed, que era guitarrista de Serrat, he sido montador de muebles y tambi\u00e9n estuve una temporada haciendo cajones para la empresa de mi padre. Evidentemente, tambi\u00e9n he trabajado como camarero y hasta de canguro durante todo un a\u00f1o.<\/p>\n<p><strong>\u00bfC\u00f3mo se introdujo en el mundo del espect\u00e1culo?<br \/>\n<\/strong>Cuando acab\u00e9 COU y Selectividad me puse a estudiar pintura y escultura en una escuela de arte, de forma paralela hac\u00eda Mimo y Pantomima en la escuela de Joan Font y, posteriormente, en el Instituto del Teatro. La verdad es que poco a poco comenc\u00e9 con algunos \u00abcastings\u00bb de publicidad, particip\u00e9 en la clausura de las Olimpiadas con Tricicle, m\u00e1s tarde conoc\u00ed a Els Comediants con los que estuve m\u00e1s o menos seis a\u00f1os&#8230;<\/p>\n<p><strong>\u00bfQu\u00e9 recuerda de su primera vez ante el p\u00fablico?<br \/>\n<\/strong>Sent\u00ed de todo un poco, fue extra\u00f1o. Lo m\u00edo no era muy vocacional, yo soy hijo de padre ebanista y madre \u00absus labores\u00bb, y me ven\u00eda todo muy nuevo. Eso tambi\u00e9n me hac\u00eda estar muy atento, siempre en alerta y siempre aprendiendo.<\/p>\n<p><strong>Entonces, \u00bfcu\u00e1ndo se dijo que esto era lo suyo?<br \/>\n<\/strong>La verdad es que no lo he dicho a\u00fan y eso me ayuda a mantenerme. Soy actor, pero tambi\u00e9n he sido camarero, y dentro de unos a\u00f1os podr\u00eda estar haciendo otra cosa. Hay que tener claro que en esta vida nada es eterno. Si te pones a hacer algo pensando que va a durar siempre, te est\u00e1s mintiendo a ti mismo.<\/p>\n<p><strong>\u00bfTampoco se plantea si se han cumplido sus aspiraciones?<br \/>\n<\/strong>No me las planteo, no. Pero, llevo muchos a\u00f1os en esto y he de reconocer que s\u00ed, ahora se cumplen cosas que ped\u00eda hace diez a\u00f1os. Y sigo teniendo m\u00e1s aspiraciones. Me encantar\u00eda hacer muchos secundarios, te permiten cambiar m\u00e1s y variar de registros.<\/p>\n","protected":false},"excerpt":{"rendered":"<p>\u00a0 Carlos Chamorro, actor\u00a0 Carlos Chamorro parece especialista en desdoblarse. Desde septiembre, el actor catal\u00e1n compagina su trabajo<a class=\"moretag\" href=\"https:\/\/empresas.infoempleo.com\/hrtrends\/ahora-se-cumple-lo-que-pedia-hace-anos\/\"> Leer m\u00e1s<\/a><\/p>\n","protected":false},"author":33,"featured_media":29665,"comment_status":"closed","ping_status":"open","sticky":false,"template":"","format":"standard","meta":{"footnotes":""},"categories":[3],"tags":[491],"class_list":["post-4493","post","type-post","status-publish","format-standard","has-post-thumbnail","hentry","category-actualidad","tag-primer-empleo"],"yoast_head":"<!-- This site is optimized with the Yoast SEO plugin v26.1.1 - https:\/\/yoast.com\/wordpress\/plugins\/seo\/ -->\n<title>&quot;Ahora se cumple lo que ped\u00eda hace a\u00f1os&quot; | HRTRENDS<\/title>\n<meta name=\"robots\" content=\"index, follow, max-snippet:-1, max-image-preview:large, max-video-preview:-1\" \/>\n<link rel=\"canonical\" href=\"https:\/\/empresas.infoempleo.com\/hrtrends\/ahora-se-cumple-lo-que-pedia-hace-anos\/\" \/>\n<meta property=\"og:locale\" content=\"es_ES\" \/>\n<meta property=\"og:type\" content=\"article\" \/>\n<meta property=\"og:title\" content=\"&quot;Ahora se cumple lo que ped\u00eda hace a\u00f1os&quot; | HRTRENDS\" \/>\n<meta property=\"og:description\" content=\"\u00a0 Carlos Chamorro, actor\u00a0 Carlos Chamorro parece especialista en desdoblarse. Desde septiembre, el actor catal\u00e1n compagina su trabajo Leer m\u00e1s\" \/>\n<meta property=\"og:url\" content=\"https:\/\/empresas.infoempleo.com\/hrtrends\/ahora-se-cumple-lo-que-pedia-hace-anos\/\" \/>\n<meta property=\"og:site_name\" content=\"HRTRENDS\" \/>\n<meta property=\"article:publisher\" content=\"https:\/\/www.facebook.com\/Infoempleo\" \/>\n<meta property=\"article:published_time\" content=\"2009-10-27T08:17:58+00:00\" \/>\n<meta property=\"article:modified_time\" content=\"2023-03-13T17:30:53+00:00\" \/>\n<meta property=\"og:image\" content=\"https:\/\/empresas.infoempleo.com\/hrtrends\/media\/2017\/05\/pexels-photo-205508.jpg\" \/>\n\t<meta property=\"og:image:width\" content=\"1280\" \/>\n\t<meta property=\"og:image:height\" content=\"960\" \/>\n\t<meta property=\"og:image:type\" content=\"image\/jpeg\" \/>\n<meta name=\"author\" content=\"Cristina Mart\u00edn\" \/>\n<meta name=\"twitter:card\" content=\"summary_large_image\" \/>\n<meta name=\"twitter:creator\" content=\"@infoempleo\" \/>\n<meta name=\"twitter:site\" content=\"@infoempleo\" \/>\n<meta name=\"twitter:label1\" content=\"Escrito por\" \/>\n\t<meta name=\"twitter:data1\" content=\"Cristina Mart\u00edn\" \/>\n\t<meta name=\"twitter:label2\" content=\"Tiempo de lectura\" \/>\n\t<meta name=\"twitter:data2\" content=\"3 minutos\" \/>\n<script type=\"application\/ld+json\" class=\"yoast-schema-graph\">{\"@context\":\"https:\/\/schema.org\",\"@graph\":[{\"@type\":\"NewsArticle\",\"@id\":\"https:\/\/empresas.infoempleo.com\/hrtrends\/ahora-se-cumple-lo-que-pedia-hace-anos\/#article\",\"isPartOf\":{\"@id\":\"https:\/\/empresas.infoempleo.com\/hrtrends\/ahora-se-cumple-lo-que-pedia-hace-anos\/\"},\"author\":{\"name\":\"Cristina Mart\u00edn\",\"@id\":\"https:\/\/empresas.infoempleo.com\/hrtrends\/#\/schema\/person\/f211bd3f083559daff103f670fe968b8\"},\"headline\":\"\u00abAhora se cumple lo que ped\u00eda hace a\u00f1os\u00bb\",\"datePublished\":\"2009-10-27T08:17:58+00:00\",\"dateModified\":\"2023-03-13T17:30:53+00:00\",\"mainEntityOfPage\":{\"@id\":\"https:\/\/empresas.infoempleo.com\/hrtrends\/ahora-se-cumple-lo-que-pedia-hace-anos\/\"},\"wordCount\":635,\"publisher\":{\"@id\":\"https:\/\/empresas.infoempleo.com\/hrtrends\/#organization\"},\"image\":{\"@id\":\"https:\/\/empresas.infoempleo.com\/hrtrends\/ahora-se-cumple-lo-que-pedia-hace-anos\/#primaryimage\"},\"thumbnailUrl\":\"https:\/\/empresas.infoempleo.com\/hrtrends\/media\/2017\/05\/pexels-photo-205508.jpg\",\"keywords\":[\"primer empleo\"],\"articleSection\":[\"Actualidad\"],\"inLanguage\":\"es\",\"copyrightYear\":\"2009\",\"copyrightHolder\":{\"@id\":\"https:\/\/empresas.infoempleo.com\/hrtrends\/#organization\"}},{\"@type\":\"WebPage\",\"@id\":\"https:\/\/empresas.infoempleo.com\/hrtrends\/ahora-se-cumple-lo-que-pedia-hace-anos\/\",\"url\":\"https:\/\/empresas.infoempleo.com\/hrtrends\/ahora-se-cumple-lo-que-pedia-hace-anos\/\",\"name\":\"\\\"Ahora se cumple lo que ped\u00eda hace a\u00f1os\\\" | HRTRENDS\",\"isPartOf\":{\"@id\":\"https:\/\/empresas.infoempleo.com\/hrtrends\/#website\"},\"primaryImageOfPage\":{\"@id\":\"https:\/\/empresas.infoempleo.com\/hrtrends\/ahora-se-cumple-lo-que-pedia-hace-anos\/#primaryimage\"},\"image\":{\"@id\":\"https:\/\/empresas.infoempleo.com\/hrtrends\/ahora-se-cumple-lo-que-pedia-hace-anos\/#primaryimage\"},\"thumbnailUrl\":\"https:\/\/empresas.infoempleo.com\/hrtrends\/media\/2017\/05\/pexels-photo-205508.jpg\",\"datePublished\":\"2009-10-27T08:17:58+00:00\",\"dateModified\":\"2023-03-13T17:30:53+00:00\",\"breadcrumb\":{\"@id\":\"https:\/\/empresas.infoempleo.com\/hrtrends\/ahora-se-cumple-lo-que-pedia-hace-anos\/#breadcrumb\"},\"inLanguage\":\"es\",\"potentialAction\":[{\"@type\":\"ReadAction\",\"target\":[\"https:\/\/empresas.infoempleo.com\/hrtrends\/ahora-se-cumple-lo-que-pedia-hace-anos\/\"]}]},{\"@type\":\"ImageObject\",\"inLanguage\":\"es\",\"@id\":\"https:\/\/empresas.infoempleo.com\/hrtrends\/ahora-se-cumple-lo-que-pedia-hace-anos\/#primaryimage\",\"url\":\"https:\/\/empresas.infoempleo.com\/hrtrends\/media\/2017\/05\/pexels-photo-205508-150x150.jpg\",\"contentUrl\":\"https:\/\/empresas.infoempleo.com\/hrtrends\/media\/2017\/05\/pexels-photo-205508-150x150.jpg\",\"width\":150,\"height\":150},{\"@type\":\"BreadcrumbList\",\"@id\":\"https:\/\/empresas.infoempleo.com\/hrtrends\/ahora-se-cumple-lo-que-pedia-hace-anos\/#breadcrumb\",\"itemListElement\":[{\"@type\":\"ListItem\",\"position\":1,\"name\":\"Portada\",\"item\":\"https:\/\/empresas.infoempleo.com\/hrtrends\/\"},{\"@type\":\"ListItem\",\"position\":2,\"name\":\"\u00abAhora se cumple lo que ped\u00eda hace a\u00f1os\u00bb\"}]},{\"@type\":\"WebSite\",\"@id\":\"https:\/\/empresas.infoempleo.com\/hrtrends\/#website\",\"url\":\"https:\/\/empresas.infoempleo.com\/hrtrends\",\"name\":\"HRTrends by Infoempleo\",\"description\":\"\",\"publisher\":{\"@id\":\"https:\/\/empresas.infoempleo.com\/hrtrends\/#organization\"},\"potentialAction\":{\"@type\":\"SearchAction\",\"target\":\"https:\/\/empresas.infoempleo.com\/hrtrends\/?s={search_term_string}\",\"query-input\":\"required name=search_term_string\"},\"inLanguage\":\"es\"},{\"@type\":\"Organization\",\"@id\":\"https:\/\/empresas.infoempleo.com\/hrtrends\/#organization\",\"name\":\"Infoempleo\",\"url\":\"https:\/\/www.infoempleo.com\/\",\"logo\":{\"@type\":\"ImageObject\",\"@id\":\"https:\/\/empresas.infoempleo.com\/hrtrends\/#logo\",\"inLanguage\":\"es\",\"url\":\"https:\/\/cdnazure.infoempleo.com\/infoempleo\/assets\/style\/gfx\/logo.svg\",\"contentUrl\":\"https:\/\/cdnazure.infoempleo.com\/infoempleo\/assets\/style\/gfx\/logo.svg\",\"width\":150,\"height\":40,\"caption\":\"Infoempleo\"},\"image\":{\"@id\":\"https:\/\/empresas.infoempleo.com\/hrtrends\/#logo\"},\"sameAs\":[\"https:\/\/www.facebook.com\/Infoempleo\",\"https:\/\/x.com\/infoempleo\",\"http:\/\/instagram.com\/infoempleo\/\",\"http:\/\/www.linkedin.com\/groups\/Empleo-Espa\u00f1a-Infoempleocom-111276\",\"http:\/\/pinterest.com\/infoempleo\/\"],\"address\":{\"@type\":\"PostalAddress\",\"addressLocality\":\"Madrid\",\"postalCode\":\"28050\",\"streetAddress\":\"Avenida de Burgos 114\"},\"brand\":[\"Infoempleo\"]},{\"@type\":\"Person\",\"@id\":\"https:\/\/empresas.infoempleo.com\/hrtrends\/#\/schema\/person\/f211bd3f083559daff103f670fe968b8\",\"name\":\"Cristina Mart\u00edn\",\"image\":{\"@type\":\"ImageObject\",\"inLanguage\":\"es\",\"@id\":\"https:\/\/empresas.infoempleo.com\/hrtrends\/#\/schema\/person\/image\/\",\"url\":\"https:\/\/secure.gravatar.com\/avatar\/7a85ff01010a0d921dc9d1da42a82a70f74e2cd0329b7fc20ee2c1c08a97daed?s=96&d=mm&r=g\",\"contentUrl\":\"https:\/\/secure.gravatar.com\/avatar\/7a85ff01010a0d921dc9d1da42a82a70f74e2cd0329b7fc20ee2c1c08a97daed?s=96&d=mm&r=g\",\"caption\":\"Cristina Mart\u00edn\"},\"url\":\"https:\/\/empresas.infoempleo.com\/hrtrends\/author\/cristina-martin\/\"}]}<\/script>\n<!-- \/ Yoast SEO plugin. -->","yoast_head_json":{"title":"\"Ahora se cumple lo que ped\u00eda hace a\u00f1os\" | HRTRENDS","robots":{"index":"index","follow":"follow","max-snippet":"max-snippet:-1","max-image-preview":"max-image-preview:large","max-video-preview":"max-video-preview:-1"},"canonical":"https:\/\/empresas.infoempleo.com\/hrtrends\/ahora-se-cumple-lo-que-pedia-hace-anos\/","og_locale":"es_ES","og_type":"article","og_title":"\"Ahora se cumple lo que ped\u00eda hace a\u00f1os\" | HRTRENDS","og_description":"\u00a0 Carlos Chamorro, actor\u00a0 Carlos Chamorro parece especialista en desdoblarse. Desde septiembre, el actor catal\u00e1n compagina su trabajo Leer m\u00e1s","og_url":"https:\/\/empresas.infoempleo.com\/hrtrends\/ahora-se-cumple-lo-que-pedia-hace-anos\/","og_site_name":"HRTRENDS","article_publisher":"https:\/\/www.facebook.com\/Infoempleo","article_published_time":"2009-10-27T08:17:58+00:00","article_modified_time":"2023-03-13T17:30:53+00:00","og_image":[{"width":1280,"height":960,"url":"https:\/\/empresas.infoempleo.com\/hrtrends\/media\/2017\/05\/pexels-photo-205508.jpg","type":"image\/jpeg"}],"author":"Cristina Mart\u00edn","twitter_card":"summary_large_image","twitter_creator":"@infoempleo","twitter_site":"@infoempleo","twitter_misc":{"Escrito por":"Cristina Mart\u00edn","Tiempo de lectura":"3 minutos"},"schema":{"@context":"https:\/\/schema.org","@graph":[{"@type":"NewsArticle","@id":"https:\/\/empresas.infoempleo.com\/hrtrends\/ahora-se-cumple-lo-que-pedia-hace-anos\/#article","isPartOf":{"@id":"https:\/\/empresas.infoempleo.com\/hrtrends\/ahora-se-cumple-lo-que-pedia-hace-anos\/"},"author":{"name":"Cristina Mart\u00edn","@id":"https:\/\/empresas.infoempleo.com\/hrtrends\/#\/schema\/person\/f211bd3f083559daff103f670fe968b8"},"headline":"\u00abAhora se cumple lo que ped\u00eda hace a\u00f1os\u00bb","datePublished":"2009-10-27T08:17:58+00:00","dateModified":"2023-03-13T17:30:53+00:00","mainEntityOfPage":{"@id":"https:\/\/empresas.infoempleo.com\/hrtrends\/ahora-se-cumple-lo-que-pedia-hace-anos\/"},"wordCount":635,"publisher":{"@id":"https:\/\/empresas.infoempleo.com\/hrtrends\/#organization"},"image":{"@id":"https:\/\/empresas.infoempleo.com\/hrtrends\/ahora-se-cumple-lo-que-pedia-hace-anos\/#primaryimage"},"thumbnailUrl":"https:\/\/empresas.infoempleo.com\/hrtrends\/media\/2017\/05\/pexels-photo-205508.jpg","keywords":["primer empleo"],"articleSection":["Actualidad"],"inLanguage":"es","copyrightYear":"2009","copyrightHolder":{"@id":"https:\/\/empresas.infoempleo.com\/hrtrends\/#organization"}},{"@type":"WebPage","@id":"https:\/\/empresas.infoempleo.com\/hrtrends\/ahora-se-cumple-lo-que-pedia-hace-anos\/","url":"https:\/\/empresas.infoempleo.com\/hrtrends\/ahora-se-cumple-lo-que-pedia-hace-anos\/","name":"\"Ahora se cumple lo que ped\u00eda hace a\u00f1os\" | HRTRENDS","isPartOf":{"@id":"https:\/\/empresas.infoempleo.com\/hrtrends\/#website"},"primaryImageOfPage":{"@id":"https:\/\/empresas.infoempleo.com\/hrtrends\/ahora-se-cumple-lo-que-pedia-hace-anos\/#primaryimage"},"image":{"@id":"https:\/\/empresas.infoempleo.com\/hrtrends\/ahora-se-cumple-lo-que-pedia-hace-anos\/#primaryimage"},"thumbnailUrl":"https:\/\/empresas.infoempleo.com\/hrtrends\/media\/2017\/05\/pexels-photo-205508.jpg","datePublished":"2009-10-27T08:17:58+00:00","dateModified":"2023-03-13T17:30:53+00:00","breadcrumb":{"@id":"https:\/\/empresas.infoempleo.com\/hrtrends\/ahora-se-cumple-lo-que-pedia-hace-anos\/#breadcrumb"},"inLanguage":"es","potentialAction":[{"@type":"ReadAction","target":["https:\/\/empresas.infoempleo.com\/hrtrends\/ahora-se-cumple-lo-que-pedia-hace-anos\/"]}]},{"@type":"ImageObject","inLanguage":"es","@id":"https:\/\/empresas.infoempleo.com\/hrtrends\/ahora-se-cumple-lo-que-pedia-hace-anos\/#primaryimage","url":"https:\/\/empresas.infoempleo.com\/hrtrends\/media\/2017\/05\/pexels-photo-205508-150x150.jpg","contentUrl":"https:\/\/empresas.infoempleo.com\/hrtrends\/media\/2017\/05\/pexels-photo-205508-150x150.jpg","width":150,"height":150},{"@type":"BreadcrumbList","@id":"https:\/\/empresas.infoempleo.com\/hrtrends\/ahora-se-cumple-lo-que-pedia-hace-anos\/#breadcrumb","itemListElement":[{"@type":"ListItem","position":1,"name":"Portada","item":"https:\/\/empresas.infoempleo.com\/hrtrends\/"},{"@type":"ListItem","position":2,"name":"\u00abAhora se cumple lo que ped\u00eda hace a\u00f1os\u00bb"}]},{"@type":"WebSite","@id":"https:\/\/empresas.infoempleo.com\/hrtrends\/#website","url":"https:\/\/empresas.infoempleo.com\/hrtrends","name":"HRTrends by Infoempleo","description":"","publisher":{"@id":"https:\/\/empresas.infoempleo.com\/hrtrends\/#organization"},"potentialAction":{"@type":"SearchAction","target":"https:\/\/empresas.infoempleo.com\/hrtrends\/?s={search_term_string}","query-input":"required name=search_term_string"},"inLanguage":"es"},{"@type":"Organization","@id":"https:\/\/empresas.infoempleo.com\/hrtrends\/#organization","name":"Infoempleo","url":"https:\/\/www.infoempleo.com\/","logo":{"@type":"ImageObject","@id":"https:\/\/empresas.infoempleo.com\/hrtrends\/#logo","inLanguage":"es","url":"https:\/\/cdnazure.infoempleo.com\/infoempleo\/assets\/style\/gfx\/logo.svg","contentUrl":"https:\/\/cdnazure.infoempleo.com\/infoempleo\/assets\/style\/gfx\/logo.svg","width":150,"height":40,"caption":"Infoempleo"},"image":{"@id":"https:\/\/empresas.infoempleo.com\/hrtrends\/#logo"},"sameAs":["https:\/\/www.facebook.com\/Infoempleo","https:\/\/x.com\/infoempleo","http:\/\/instagram.com\/infoempleo\/","http:\/\/www.linkedin.com\/groups\/Empleo-Espa\u00f1a-Infoempleocom-111276","http:\/\/pinterest.com\/infoempleo\/"],"address":{"@type":"PostalAddress","addressLocality":"Madrid","postalCode":"28050","streetAddress":"Avenida de Burgos 114"},"brand":["Infoempleo"]},{"@type":"Person","@id":"https:\/\/empresas.infoempleo.com\/hrtrends\/#\/schema\/person\/f211bd3f083559daff103f670fe968b8","name":"Cristina Mart\u00edn","image":{"@type":"ImageObject","inLanguage":"es","@id":"https:\/\/empresas.infoempleo.com\/hrtrends\/#\/schema\/person\/image\/","url":"https:\/\/secure.gravatar.com\/avatar\/7a85ff01010a0d921dc9d1da42a82a70f74e2cd0329b7fc20ee2c1c08a97daed?s=96&d=mm&r=g","contentUrl":"https:\/\/secure.gravatar.com\/avatar\/7a85ff01010a0d921dc9d1da42a82a70f74e2cd0329b7fc20ee2c1c08a97daed?s=96&d=mm&r=g","caption":"Cristina Mart\u00edn"},"url":"https:\/\/empresas.infoempleo.com\/hrtrends\/author\/cristina-martin\/"}]}},"amp_enabled":true,"_links":{"self":[{"href":"https:\/\/empresas.infoempleo.com\/hrtrends\/wp-json\/wp\/v2\/posts\/4493","targetHints":{"allow":["GET"]}}],"collection":[{"href":"https:\/\/empresas.infoempleo.com\/hrtrends\/wp-json\/wp\/v2\/posts"}],"about":[{"href":"https:\/\/empresas.infoempleo.com\/hrtrends\/wp-json\/wp\/v2\/types\/post"}],"author":[{"embeddable":true,"href":"https:\/\/empresas.infoempleo.com\/hrtrends\/wp-json\/wp\/v2\/users\/33"}],"replies":[{"embeddable":true,"href":"https:\/\/empresas.infoempleo.com\/hrtrends\/wp-json\/wp\/v2\/comments?post=4493"}],"version-history":[{"count":1,"href":"https:\/\/empresas.infoempleo.com\/hrtrends\/wp-json\/wp\/v2\/posts\/4493\/revisions"}],"predecessor-version":[{"id":43268,"href":"https:\/\/empresas.infoempleo.com\/hrtrends\/wp-json\/wp\/v2\/posts\/4493\/revisions\/43268"}],"wp:featuredmedia":[{"embeddable":true,"href":"https:\/\/empresas.infoempleo.com\/hrtrends\/wp-json\/wp\/v2\/media\/29665"}],"wp:attachment":[{"href":"https:\/\/empresas.infoempleo.com\/hrtrends\/wp-json\/wp\/v2\/media?parent=4493"}],"wp:term":[{"taxonomy":"category","embeddable":true,"href":"https:\/\/empresas.infoempleo.com\/hrtrends\/wp-json\/wp\/v2\/categories?post=4493"},{"taxonomy":"post_tag","embeddable":true,"href":"https:\/\/empresas.infoempleo.com\/hrtrends\/wp-json\/wp\/v2\/tags?post=4493"}],"curies":[{"name":"wp","href":"https:\/\/api.w.org\/{rel}","templated":true}]}}