{"id":44649,"date":"2024-08-27T07:00:04","date_gmt":"2024-08-27T05:00:04","guid":{"rendered":"https:\/\/empresas.infoempleo.com\/hrtrends\/?p=44649"},"modified":"2024-08-27T17:14:15","modified_gmt":"2024-08-27T15:14:15","slug":"como-gestionar-los-vehiculos-de-empresa-desde-rrhh","status":"publish","type":"post","link":"https:\/\/empresas.infoempleo.com\/hrtrends\/como-gestionar-los-vehiculos-de-empresa-desde-rrhh\/","title":{"rendered":"\u00bfC\u00f3mo gestionar los veh\u00edculos de empresa desde RRHH?"},"content":{"rendered":"<p>Ofrecer un <strong>coche de empresa<\/strong> a nuestros empleados no es una cuesti\u00f3n que pueda resolverse de forma sencilla. La empresa debe analizar algunos aspectos relacionados con la carga impositiva, las cotizaciones a la Seguridad Social, la optimizaci\u00f3n de rutas o el establecimiento de pol\u00edticas de uso claras y coherentes, entre otros. En este art\u00edculo, <strong>analizamos sus implicaciones y c\u00f3mo gestionar los veh\u00edculos de empresa desde el departamento de RRHH<\/strong> de forma eficiente.<\/p>\n<h2>El coche de empresa como salario en especie y otras implicaciones<\/h2>\n<p>Cuando una empresa ofrece un veh\u00edculo a sus trabajadores, tiene diferentes opciones. Una cesi\u00f3n temporal, utilizar la flota vehicular en poder de la empresa, o bien entregar un coche como uso exclusivo. En todos los casos,<strong> la empresa debe analizar las implicaciones y realizar un correcto control de costes<\/strong> de este tipo de propuestas.<\/p>\n<p>Generalmente, el coche de empresa se considera una <a href=\"https:\/\/empresas.infoempleo.com\/hrtrends\/se-puede-incluir-un-alquiler-como-retribucion-en-especie\/\" target=\"_blank\" rel=\"noopener\">retribuci\u00f3n en especie<\/a> para el empleado. Sobre todo cuando este lo utiliza de forma exclusiva tanto para un uso laboral como para su vida personal. Esto tiene repercusiones en la fiscalidad, que afectan tanto a la empresa como al trabajador.<\/p>\n<p>Cuando un veh\u00edculo de empresa se utiliza de esta forma, <strong>este coche forma parte del salario del trabajador, tributa en el IRPF y cotiza a la Seguridad Social<\/strong>. Por su parte, la empresa podr\u00eda obtener algunas deducciones si su utilizaci\u00f3n es mixta, principalmente en el IVA, pero tambi\u00e9n tendr\u00eda que asumir los costes laborales que se derivan de este tipo de salarios. Tambi\u00e9n la empresa deber\u00e1 valorar si las opciones de adquisici\u00f3n en r\u00e9gimen de renting o leasing son interesantes a nivel fiscal.<\/p>\n<p>Por lo tanto, <strong>la empresa debe valorar la forma de entrega de dicho veh\u00edculo <\/strong>y atender a los criterios de la Agencia Tributaria en este sentido:<\/p>\n<ul>\n<li><strong>Veh\u00edculo en propiedad <\/strong>como parte del salario: No podr\u00e1 superar el<strong> 30% de la retribuci\u00f3n total anual<\/strong> que recibe el trabajador.<\/li>\n<li><strong>La empresa como propietaria <\/strong>del veh\u00edculo entregado: el salario en especie ser\u00e1 del<strong> 20% del coste de adquisici\u00f3n<\/strong> del veh\u00edculo.<\/li>\n<li><strong>Utilizaci\u00f3n de flota de empresa<\/strong>: la empresa deber\u00e1 <strong>analizar la forma de adquisici\u00f3n para rentabilizar su coste <\/strong>y reducir al m\u00e1ximo la carga impositiva de los mismos.<\/li>\n<\/ul>\n<p><img loading=\"lazy\" decoding=\"async\" class=\"aligncenter wp-image-44640 size-full\" title=\"Responsable de RRHH aprendiendo c\u00f3mo gestionar los veh\u00edculos de empresa\" src=\"https:\/\/empresas.infoempleo.com\/hrtrends\/media\/2024\/08\/Responsable-de-RRHH-aprendiendo-como-gestionar-los-vehiculos-de-empresa.jpg\" alt=\"Responsable de RRHH aprendiendo c\u00f3mo gestionar los veh\u00edculos de empresa\" width=\"800\" height=\"533\" srcset=\"https:\/\/empresas.infoempleo.com\/hrtrends\/media\/2024\/08\/Responsable-de-RRHH-aprendiendo-como-gestionar-los-vehiculos-de-empresa.jpg 800w, https:\/\/empresas.infoempleo.com\/hrtrends\/media\/2024\/08\/Responsable-de-RRHH-aprendiendo-como-gestionar-los-vehiculos-de-empresa-300x200.jpg 300w, https:\/\/empresas.infoempleo.com\/hrtrends\/media\/2024\/08\/Responsable-de-RRHH-aprendiendo-como-gestionar-los-vehiculos-de-empresa-768x512.jpg 768w\" sizes=\"auto, (max-width: 800px) 100vw, 800px\" \/><\/p>\n<h2>Aspectos a tener en cuenta desde RRHH al gestionar los veh\u00edculos de empresa<\/h2>\n<p>Es evidente que estas modalidades contractuales<strong> pueden ayudar a mejorar el <a href=\"https:\/\/empresas.infoempleo.com\/hrtrends\/empresas-mas-atractivas-para-los-candidatos-ranking-randstad\/\" target=\"_blank\" rel=\"noopener\">employer branding<\/a> <\/strong>de la empresa y su imagen corporativa. Pero, independientemente de analizar los aspectos fiscales que implica, la empresa tambi\u00e9n debe <strong>gestionar otras cuestiones<\/strong> <strong>directamente relacionadas.<\/strong><\/p>\n<p>Aspectos como el coste que supone realizar un mantenimiento preventivo y costear los seguros de los veh\u00edculos. Controlar la telemetr\u00eda, llevar el registro de kilometraje o hacer una correcta gesti\u00f3n de combustible a trav\u00e9s de tarjetas de repostaje o de herramientas de control similares, ser\u00e1n tareas imprescindibles para rentabilizar este tipo de beneficio si lo ofrece la empresa.<\/p>\n<p><strong>En compa\u00f1\u00edas con un alto componente comercial o de distribuci\u00f3n<\/strong> <strong>las opciones de veh\u00edculos de empresa ser\u00e1n diversas.<\/strong> En esos casos, el peso econ\u00f3mico de estas cuestiones en el departamento de RRHH aumentar\u00e1 considerablemente, y su gesti\u00f3n requerir\u00e1 procesos y pol\u00edticas exhaustivas cada vez m\u00e1s claras y rigurosas.<\/p>\n","protected":false},"excerpt":{"rendered":"<p>Ofrecer un coche de empresa a nuestros empleados no es una cuesti\u00f3n que pueda resolverse de forma sencilla.<a class=\"moretag\" href=\"https:\/\/empresas.infoempleo.com\/hrtrends\/como-gestionar-los-vehiculos-de-empresa-desde-rrhh\/\"> Leer m\u00e1s<\/a><\/p>\n","protected":false},"author":142,"featured_media":44639,"comment_status":"closed","ping_status":"closed","sticky":false,"template":"","format":"standard","meta":{"footnotes":""},"categories":[3],"tags":[3254,449,3673],"class_list":["post-44649","post","type-post","status-publish","format-standard","has-post-thumbnail","hentry","category-actualidad","tag-gestion-de-equipos","tag-retribuciones","tag-salario-en-especie"],"yoast_head":"<!-- This site is optimized with the Yoast SEO plugin v26.1.1 - https:\/\/yoast.com\/wordpress\/plugins\/seo\/ -->\n<title>\u00bfC\u00f3mo gestionar los veh\u00edculos de empresa desde RRHH?<\/title>\n<meta name=\"description\" content=\"hablamos de c\u00f3mo gestionar los veh\u00edculos de empresa desde RRHH para que sea rentable y a la vez mejore la imagen de la empresa\" \/>\n<meta name=\"robots\" content=\"index, follow, max-snippet:-1, max-image-preview:large, max-video-preview:-1\" \/>\n<link rel=\"canonical\" href=\"https:\/\/empresas.infoempleo.com\/hrtrends\/como-gestionar-los-vehiculos-de-empresa-desde-rrhh\/\" \/>\n<meta property=\"og:locale\" content=\"es_ES\" \/>\n<meta property=\"og:type\" content=\"article\" \/>\n<meta property=\"og:title\" content=\"\u00bfC\u00f3mo gestionar los veh\u00edculos de empresa desde RRHH?\" \/>\n<meta property=\"og:description\" content=\"hablamos de c\u00f3mo gestionar los veh\u00edculos de empresa desde RRHH para que sea rentable y a la vez mejore la imagen de la empresa\" \/>\n<meta property=\"og:url\" content=\"https:\/\/empresas.infoempleo.com\/hrtrends\/como-gestionar-los-vehiculos-de-empresa-desde-rrhh\/\" \/>\n<meta property=\"og:site_name\" content=\"HRTRENDS\" \/>\n<meta property=\"article:publisher\" content=\"https:\/\/www.facebook.com\/Infoempleo\" \/>\n<meta property=\"article:published_time\" content=\"2024-08-27T05:00:04+00:00\" \/>\n<meta property=\"article:modified_time\" content=\"2024-08-27T15:14:15+00:00\" \/>\n<meta property=\"og:image\" content=\"https:\/\/empresas.infoempleo.com\/hrtrends\/media\/2024\/08\/Trabajador-conduciendo-tras-gestionar-los-vehiculos-de-empresa.jpg\" \/>\n\t<meta property=\"og:image:width\" content=\"1200\" \/>\n\t<meta property=\"og:image:height\" content=\"800\" \/>\n\t<meta property=\"og:image:type\" content=\"image\/jpeg\" \/>\n<meta name=\"author\" content=\"Javier F. Parra\" \/>\n<meta name=\"twitter:card\" content=\"summary_large_image\" \/>\n<meta name=\"twitter:creator\" content=\"@infoempleo\" \/>\n<meta name=\"twitter:site\" content=\"@infoempleo\" \/>\n<meta name=\"twitter:label1\" content=\"Escrito por\" \/>\n\t<meta name=\"twitter:data1\" content=\"Javier F. Parra\" \/>\n\t<meta name=\"twitter:label2\" content=\"Tiempo de lectura\" \/>\n\t<meta name=\"twitter:data2\" content=\"3 minutos\" \/>\n<script type=\"application\/ld+json\" class=\"yoast-schema-graph\">{\"@context\":\"https:\/\/schema.org\",\"@graph\":[{\"@type\":\"NewsArticle\",\"@id\":\"https:\/\/empresas.infoempleo.com\/hrtrends\/como-gestionar-los-vehiculos-de-empresa-desde-rrhh\/#article\",\"isPartOf\":{\"@id\":\"https:\/\/empresas.infoempleo.com\/hrtrends\/como-gestionar-los-vehiculos-de-empresa-desde-rrhh\/\"},\"author\":{\"name\":\"Javier F. Parra\",\"@id\":\"https:\/\/empresas.infoempleo.com\/hrtrends\/#\/schema\/person\/bfe2fef977b750c22ac6f7d254c75afe\"},\"headline\":\"\u00bfC\u00f3mo gestionar los veh\u00edculos de empresa desde RRHH?\",\"datePublished\":\"2024-08-27T05:00:04+00:00\",\"dateModified\":\"2024-08-27T15:14:15+00:00\",\"mainEntityOfPage\":{\"@id\":\"https:\/\/empresas.infoempleo.com\/hrtrends\/como-gestionar-los-vehiculos-de-empresa-desde-rrhh\/\"},\"wordCount\":568,\"publisher\":{\"@id\":\"https:\/\/empresas.infoempleo.com\/hrtrends\/#organization\"},\"image\":{\"@id\":\"https:\/\/empresas.infoempleo.com\/hrtrends\/como-gestionar-los-vehiculos-de-empresa-desde-rrhh\/#primaryimage\"},\"thumbnailUrl\":\"https:\/\/empresas.infoempleo.com\/hrtrends\/media\/2024\/08\/Trabajador-conduciendo-tras-gestionar-los-vehiculos-de-empresa.jpg\",\"keywords\":[\"gesti\u00f3n de equipos\",\"retribuciones\",\"salario en especie\"],\"articleSection\":[\"Actualidad\"],\"inLanguage\":\"es\",\"copyrightYear\":\"2024\",\"copyrightHolder\":{\"@id\":\"https:\/\/empresas.infoempleo.com\/hrtrends\/#organization\"}},{\"@type\":\"WebPage\",\"@id\":\"https:\/\/empresas.infoempleo.com\/hrtrends\/como-gestionar-los-vehiculos-de-empresa-desde-rrhh\/\",\"url\":\"https:\/\/empresas.infoempleo.com\/hrtrends\/como-gestionar-los-vehiculos-de-empresa-desde-rrhh\/\",\"name\":\"\u00bfC\u00f3mo gestionar los veh\u00edculos de empresa desde RRHH?\",\"isPartOf\":{\"@id\":\"https:\/\/empresas.infoempleo.com\/hrtrends\/#website\"},\"primaryImageOfPage\":{\"@id\":\"https:\/\/empresas.infoempleo.com\/hrtrends\/como-gestionar-los-vehiculos-de-empresa-desde-rrhh\/#primaryimage\"},\"image\":{\"@id\":\"https:\/\/empresas.infoempleo.com\/hrtrends\/como-gestionar-los-vehiculos-de-empresa-desde-rrhh\/#primaryimage\"},\"thumbnailUrl\":\"https:\/\/empresas.infoempleo.com\/hrtrends\/media\/2024\/08\/Trabajador-conduciendo-tras-gestionar-los-vehiculos-de-empresa.jpg\",\"datePublished\":\"2024-08-27T05:00:04+00:00\",\"dateModified\":\"2024-08-27T15:14:15+00:00\",\"description\":\"hablamos de c\u00f3mo gestionar los veh\u00edculos de empresa desde RRHH para que sea rentable y a la vez mejore la imagen de la empresa\",\"breadcrumb\":{\"@id\":\"https:\/\/empresas.infoempleo.com\/hrtrends\/como-gestionar-los-vehiculos-de-empresa-desde-rrhh\/#breadcrumb\"},\"inLanguage\":\"es\",\"potentialAction\":[{\"@type\":\"ReadAction\",\"target\":[\"https:\/\/empresas.infoempleo.com\/hrtrends\/como-gestionar-los-vehiculos-de-empresa-desde-rrhh\/\"]}]},{\"@type\":\"ImageObject\",\"inLanguage\":\"es\",\"@id\":\"https:\/\/empresas.infoempleo.com\/hrtrends\/como-gestionar-los-vehiculos-de-empresa-desde-rrhh\/#primaryimage\",\"url\":\"https:\/\/empresas.infoempleo.com\/hrtrends\/media\/2024\/08\/Trabajador-conduciendo-tras-gestionar-los-vehiculos-de-empresa-150x150.jpg\",\"contentUrl\":\"https:\/\/empresas.infoempleo.com\/hrtrends\/media\/2024\/08\/Trabajador-conduciendo-tras-gestionar-los-vehiculos-de-empresa-150x150.jpg\",\"width\":150,\"height\":150,\"caption\":\"Trabajador conduciendo tras gestionar los veh\u00edculos de empresa\"},{\"@type\":\"BreadcrumbList\",\"@id\":\"https:\/\/empresas.infoempleo.com\/hrtrends\/como-gestionar-los-vehiculos-de-empresa-desde-rrhh\/#breadcrumb\",\"itemListElement\":[{\"@type\":\"ListItem\",\"position\":1,\"name\":\"Portada\",\"item\":\"https:\/\/empresas.infoempleo.com\/hrtrends\/\"},{\"@type\":\"ListItem\",\"position\":2,\"name\":\"\u00bfC\u00f3mo gestionar los veh\u00edculos de empresa desde RRHH?\"}]},{\"@type\":\"WebSite\",\"@id\":\"https:\/\/empresas.infoempleo.com\/hrtrends\/#website\",\"url\":\"https:\/\/empresas.infoempleo.com\/hrtrends\",\"name\":\"HRTrends by Infoempleo\",\"description\":\"\",\"publisher\":{\"@id\":\"https:\/\/empresas.infoempleo.com\/hrtrends\/#organization\"},\"potentialAction\":{\"@type\":\"SearchAction\",\"target\":\"https:\/\/empresas.infoempleo.com\/hrtrends\/?s={search_term_string}\",\"query-input\":\"required name=search_term_string\"},\"inLanguage\":\"es\"},{\"@type\":\"Organization\",\"@id\":\"https:\/\/empresas.infoempleo.com\/hrtrends\/#organization\",\"name\":\"Infoempleo\",\"url\":\"https:\/\/www.infoempleo.com\/\",\"logo\":{\"@type\":\"ImageObject\",\"@id\":\"https:\/\/empresas.infoempleo.com\/hrtrends\/#logo\",\"inLanguage\":\"es\",\"url\":\"https:\/\/cdnazure.infoempleo.com\/infoempleo\/assets\/style\/gfx\/logo.svg\",\"contentUrl\":\"https:\/\/cdnazure.infoempleo.com\/infoempleo\/assets\/style\/gfx\/logo.svg\",\"width\":150,\"height\":40,\"caption\":\"Infoempleo\"},\"image\":{\"@id\":\"https:\/\/empresas.infoempleo.com\/hrtrends\/#logo\"},\"sameAs\":[\"https:\/\/www.facebook.com\/Infoempleo\",\"https:\/\/x.com\/infoempleo\",\"http:\/\/instagram.com\/infoempleo\/\",\"http:\/\/www.linkedin.com\/groups\/Empleo-Espa\u00f1a-Infoempleocom-111276\",\"http:\/\/pinterest.com\/infoempleo\/\"],\"address\":{\"@type\":\"PostalAddress\",\"addressLocality\":\"Madrid\",\"postalCode\":\"28050\",\"streetAddress\":\"Avenida de Burgos 114\"},\"brand\":[\"Infoempleo\"]},{\"@type\":\"Person\",\"@id\":\"https:\/\/empresas.infoempleo.com\/hrtrends\/#\/schema\/person\/bfe2fef977b750c22ac6f7d254c75afe\",\"name\":\"Javier F. Parra\",\"image\":{\"@type\":\"ImageObject\",\"inLanguage\":\"es\",\"@id\":\"https:\/\/empresas.infoempleo.com\/hrtrends\/#\/schema\/person\/image\/\",\"url\":\"https:\/\/secure.gravatar.com\/avatar\/cc7a816c43a98631bfc25486db802fb539f4c937146762f45a94d9b4d1ea0721?s=96&d=mm&r=g\",\"contentUrl\":\"https:\/\/secure.gravatar.com\/avatar\/cc7a816c43a98631bfc25486db802fb539f4c937146762f45a94d9b4d1ea0721?s=96&d=mm&r=g\",\"caption\":\"Javier F. Parra\"},\"description\":\"Licenciado en Pedagog\u00eda Sociolaboral. M\u00e1ster en Direcci\u00f3n y Gesti\u00f3n de Recursos Humanos y Postgrado en Prevenci\u00f3n de Riesgos Laborales. Desde hace m\u00e1s de 15 a\u00f1os me dedico a la formaci\u00f3n, la asesor\u00eda de empresas y al apoyo directo a personas que quieren emprender un negocio. Me interesan la pol\u00edtica, la literatura, la Historia y las personas, aunque no necesariamente en ese orden.\",\"url\":\"https:\/\/empresas.infoempleo.com\/hrtrends\/author\/javieryerro80gmail-com\/\"}]}<\/script>\n<!-- \/ Yoast SEO plugin. -->","yoast_head_json":{"title":"\u00bfC\u00f3mo gestionar los veh\u00edculos de empresa desde RRHH?","description":"hablamos de c\u00f3mo gestionar los veh\u00edculos de empresa desde RRHH para que sea rentable y a la vez mejore la imagen de la empresa","robots":{"index":"index","follow":"follow","max-snippet":"max-snippet:-1","max-image-preview":"max-image-preview:large","max-video-preview":"max-video-preview:-1"},"canonical":"https:\/\/empresas.infoempleo.com\/hrtrends\/como-gestionar-los-vehiculos-de-empresa-desde-rrhh\/","og_locale":"es_ES","og_type":"article","og_title":"\u00bfC\u00f3mo gestionar los veh\u00edculos de empresa desde RRHH?","og_description":"hablamos de c\u00f3mo gestionar los veh\u00edculos de empresa desde RRHH para que sea rentable y a la vez mejore la imagen de la empresa","og_url":"https:\/\/empresas.infoempleo.com\/hrtrends\/como-gestionar-los-vehiculos-de-empresa-desde-rrhh\/","og_site_name":"HRTRENDS","article_publisher":"https:\/\/www.facebook.com\/Infoempleo","article_published_time":"2024-08-27T05:00:04+00:00","article_modified_time":"2024-08-27T15:14:15+00:00","og_image":[{"width":1200,"height":800,"url":"https:\/\/empresas.infoempleo.com\/hrtrends\/media\/2024\/08\/Trabajador-conduciendo-tras-gestionar-los-vehiculos-de-empresa.jpg","type":"image\/jpeg"}],"author":"Javier F. Parra","twitter_card":"summary_large_image","twitter_creator":"@infoempleo","twitter_site":"@infoempleo","twitter_misc":{"Escrito por":"Javier F. Parra","Tiempo de lectura":"3 minutos"},"schema":{"@context":"https:\/\/schema.org","@graph":[{"@type":"NewsArticle","@id":"https:\/\/empresas.infoempleo.com\/hrtrends\/como-gestionar-los-vehiculos-de-empresa-desde-rrhh\/#article","isPartOf":{"@id":"https:\/\/empresas.infoempleo.com\/hrtrends\/como-gestionar-los-vehiculos-de-empresa-desde-rrhh\/"},"author":{"name":"Javier F. Parra","@id":"https:\/\/empresas.infoempleo.com\/hrtrends\/#\/schema\/person\/bfe2fef977b750c22ac6f7d254c75afe"},"headline":"\u00bfC\u00f3mo gestionar los veh\u00edculos de empresa desde RRHH?","datePublished":"2024-08-27T05:00:04+00:00","dateModified":"2024-08-27T15:14:15+00:00","mainEntityOfPage":{"@id":"https:\/\/empresas.infoempleo.com\/hrtrends\/como-gestionar-los-vehiculos-de-empresa-desde-rrhh\/"},"wordCount":568,"publisher":{"@id":"https:\/\/empresas.infoempleo.com\/hrtrends\/#organization"},"image":{"@id":"https:\/\/empresas.infoempleo.com\/hrtrends\/como-gestionar-los-vehiculos-de-empresa-desde-rrhh\/#primaryimage"},"thumbnailUrl":"https:\/\/empresas.infoempleo.com\/hrtrends\/media\/2024\/08\/Trabajador-conduciendo-tras-gestionar-los-vehiculos-de-empresa.jpg","keywords":["gesti\u00f3n de equipos","retribuciones","salario en especie"],"articleSection":["Actualidad"],"inLanguage":"es","copyrightYear":"2024","copyrightHolder":{"@id":"https:\/\/empresas.infoempleo.com\/hrtrends\/#organization"}},{"@type":"WebPage","@id":"https:\/\/empresas.infoempleo.com\/hrtrends\/como-gestionar-los-vehiculos-de-empresa-desde-rrhh\/","url":"https:\/\/empresas.infoempleo.com\/hrtrends\/como-gestionar-los-vehiculos-de-empresa-desde-rrhh\/","name":"\u00bfC\u00f3mo gestionar los veh\u00edculos de empresa desde RRHH?","isPartOf":{"@id":"https:\/\/empresas.infoempleo.com\/hrtrends\/#website"},"primaryImageOfPage":{"@id":"https:\/\/empresas.infoempleo.com\/hrtrends\/como-gestionar-los-vehiculos-de-empresa-desde-rrhh\/#primaryimage"},"image":{"@id":"https:\/\/empresas.infoempleo.com\/hrtrends\/como-gestionar-los-vehiculos-de-empresa-desde-rrhh\/#primaryimage"},"thumbnailUrl":"https:\/\/empresas.infoempleo.com\/hrtrends\/media\/2024\/08\/Trabajador-conduciendo-tras-gestionar-los-vehiculos-de-empresa.jpg","datePublished":"2024-08-27T05:00:04+00:00","dateModified":"2024-08-27T15:14:15+00:00","description":"hablamos de c\u00f3mo gestionar los veh\u00edculos de empresa desde RRHH para que sea rentable y a la vez mejore la imagen de la empresa","breadcrumb":{"@id":"https:\/\/empresas.infoempleo.com\/hrtrends\/como-gestionar-los-vehiculos-de-empresa-desde-rrhh\/#breadcrumb"},"inLanguage":"es","potentialAction":[{"@type":"ReadAction","target":["https:\/\/empresas.infoempleo.com\/hrtrends\/como-gestionar-los-vehiculos-de-empresa-desde-rrhh\/"]}]},{"@type":"ImageObject","inLanguage":"es","@id":"https:\/\/empresas.infoempleo.com\/hrtrends\/como-gestionar-los-vehiculos-de-empresa-desde-rrhh\/#primaryimage","url":"https:\/\/empresas.infoempleo.com\/hrtrends\/media\/2024\/08\/Trabajador-conduciendo-tras-gestionar-los-vehiculos-de-empresa-150x150.jpg","contentUrl":"https:\/\/empresas.infoempleo.com\/hrtrends\/media\/2024\/08\/Trabajador-conduciendo-tras-gestionar-los-vehiculos-de-empresa-150x150.jpg","width":150,"height":150,"caption":"Trabajador conduciendo tras gestionar los veh\u00edculos de empresa"},{"@type":"BreadcrumbList","@id":"https:\/\/empresas.infoempleo.com\/hrtrends\/como-gestionar-los-vehiculos-de-empresa-desde-rrhh\/#breadcrumb","itemListElement":[{"@type":"ListItem","position":1,"name":"Portada","item":"https:\/\/empresas.infoempleo.com\/hrtrends\/"},{"@type":"ListItem","position":2,"name":"\u00bfC\u00f3mo gestionar los veh\u00edculos de empresa desde RRHH?"}]},{"@type":"WebSite","@id":"https:\/\/empresas.infoempleo.com\/hrtrends\/#website","url":"https:\/\/empresas.infoempleo.com\/hrtrends","name":"HRTrends by Infoempleo","description":"","publisher":{"@id":"https:\/\/empresas.infoempleo.com\/hrtrends\/#organization"},"potentialAction":{"@type":"SearchAction","target":"https:\/\/empresas.infoempleo.com\/hrtrends\/?s={search_term_string}","query-input":"required name=search_term_string"},"inLanguage":"es"},{"@type":"Organization","@id":"https:\/\/empresas.infoempleo.com\/hrtrends\/#organization","name":"Infoempleo","url":"https:\/\/www.infoempleo.com\/","logo":{"@type":"ImageObject","@id":"https:\/\/empresas.infoempleo.com\/hrtrends\/#logo","inLanguage":"es","url":"https:\/\/cdnazure.infoempleo.com\/infoempleo\/assets\/style\/gfx\/logo.svg","contentUrl":"https:\/\/cdnazure.infoempleo.com\/infoempleo\/assets\/style\/gfx\/logo.svg","width":150,"height":40,"caption":"Infoempleo"},"image":{"@id":"https:\/\/empresas.infoempleo.com\/hrtrends\/#logo"},"sameAs":["https:\/\/www.facebook.com\/Infoempleo","https:\/\/x.com\/infoempleo","http:\/\/instagram.com\/infoempleo\/","http:\/\/www.linkedin.com\/groups\/Empleo-Espa\u00f1a-Infoempleocom-111276","http:\/\/pinterest.com\/infoempleo\/"],"address":{"@type":"PostalAddress","addressLocality":"Madrid","postalCode":"28050","streetAddress":"Avenida de Burgos 114"},"brand":["Infoempleo"]},{"@type":"Person","@id":"https:\/\/empresas.infoempleo.com\/hrtrends\/#\/schema\/person\/bfe2fef977b750c22ac6f7d254c75afe","name":"Javier F. Parra","image":{"@type":"ImageObject","inLanguage":"es","@id":"https:\/\/empresas.infoempleo.com\/hrtrends\/#\/schema\/person\/image\/","url":"https:\/\/secure.gravatar.com\/avatar\/cc7a816c43a98631bfc25486db802fb539f4c937146762f45a94d9b4d1ea0721?s=96&d=mm&r=g","contentUrl":"https:\/\/secure.gravatar.com\/avatar\/cc7a816c43a98631bfc25486db802fb539f4c937146762f45a94d9b4d1ea0721?s=96&d=mm&r=g","caption":"Javier F. Parra"},"description":"Licenciado en Pedagog\u00eda Sociolaboral. M\u00e1ster en Direcci\u00f3n y Gesti\u00f3n de Recursos Humanos y Postgrado en Prevenci\u00f3n de Riesgos Laborales. Desde hace m\u00e1s de 15 a\u00f1os me dedico a la formaci\u00f3n, la asesor\u00eda de empresas y al apoyo directo a personas que quieren emprender un negocio. Me interesan la pol\u00edtica, la literatura, la Historia y las personas, aunque no necesariamente en ese orden.","url":"https:\/\/empresas.infoempleo.com\/hrtrends\/author\/javieryerro80gmail-com\/"}]}},"amp_enabled":true,"_links":{"self":[{"href":"https:\/\/empresas.infoempleo.com\/hrtrends\/wp-json\/wp\/v2\/posts\/44649","targetHints":{"allow":["GET"]}}],"collection":[{"href":"https:\/\/empresas.infoempleo.com\/hrtrends\/wp-json\/wp\/v2\/posts"}],"about":[{"href":"https:\/\/empresas.infoempleo.com\/hrtrends\/wp-json\/wp\/v2\/types\/post"}],"author":[{"embeddable":true,"href":"https:\/\/empresas.infoempleo.com\/hrtrends\/wp-json\/wp\/v2\/users\/142"}],"replies":[{"embeddable":true,"href":"https:\/\/empresas.infoempleo.com\/hrtrends\/wp-json\/wp\/v2\/comments?post=44649"}],"version-history":[{"count":5,"href":"https:\/\/empresas.infoempleo.com\/hrtrends\/wp-json\/wp\/v2\/posts\/44649\/revisions"}],"predecessor-version":[{"id":44677,"href":"https:\/\/empresas.infoempleo.com\/hrtrends\/wp-json\/wp\/v2\/posts\/44649\/revisions\/44677"}],"wp:featuredmedia":[{"embeddable":true,"href":"https:\/\/empresas.infoempleo.com\/hrtrends\/wp-json\/wp\/v2\/media\/44639"}],"wp:attachment":[{"href":"https:\/\/empresas.infoempleo.com\/hrtrends\/wp-json\/wp\/v2\/media?parent=44649"}],"wp:term":[{"taxonomy":"category","embeddable":true,"href":"https:\/\/empresas.infoempleo.com\/hrtrends\/wp-json\/wp\/v2\/categories?post=44649"},{"taxonomy":"post_tag","embeddable":true,"href":"https:\/\/empresas.infoempleo.com\/hrtrends\/wp-json\/wp\/v2\/tags?post=44649"}],"curies":[{"name":"wp","href":"https:\/\/api.w.org\/{rel}","templated":true}]}}