{"id":44630,"date":"2024-08-20T07:00:04","date_gmt":"2024-08-20T05:00:04","guid":{"rendered":"https:\/\/empresas.infoempleo.com\/hrtrends\/?p=44630"},"modified":"2024-08-15T13:18:15","modified_gmt":"2024-08-15T11:18:15","slug":"como-combatir-las-dificultades-de-conciliacion-en-hosteleria-y-comercio","status":"publish","type":"post","link":"https:\/\/empresas.infoempleo.com\/hrtrends\/como-combatir-las-dificultades-de-conciliacion-en-hosteleria-y-comercio\/","title":{"rendered":"\u00bfC\u00f3mo combatir las dificultades de conciliaci\u00f3n en hosteler\u00eda y comercio?"},"content":{"rendered":"<p>Conseguir un equilibrio trabajo-vida en profesiones cuya naturaleza requiere combinar turnos rotativos y horarios exigentes es todo un reto para los equipos. Los profesionales del sector hostelero y de comercio en nuestro pa\u00eds cuentan con unas condiciones laborales que, en muchos casos, imposibilitan llevar a cabo una conciliaci\u00f3n real. Las dificultades de conciliaci\u00f3n en hosteler\u00eda, no obstante, pueden combatirse con medidas encaminadas a aportar flexibilidad, jornadas de descanso adecuadas y planificaci\u00f3n meticulosa de horarios. \u00bfQuieres saber c\u00f3mo poner en marcha estas herramientas? Entonces, no pierdas detalle del art\u00edculo de hoy.<\/p>\n<h2>\u00bfCu\u00e1les son las mayores dificultades de conciliaci\u00f3n en hosteler\u00eda?<\/h2>\n<p>La problem\u00e1tica a la que se enfrentan los trabajadores del sector de la hosteler\u00eda y el comercio se fundamenta en distintos puntos que hacen de la conciliaci\u00f3n un aspecto casi imposible. Los <b>horarios laborales<\/b>, el<b> trabajo nocturno<\/b> y las<b> jornadas extensas<\/b> provocan que los empleados de ambos sectores se enfrenten a una condiciones en las que mantener una vida familiar y social normal se trastoque irremediablemente.<\/p>\n<p>Uno de los puntos principales de esta imposibilidad para conciliar se debe a los<b> turnos partidos<\/b>. El h\u00e1ndicap de la disrupci\u00f3n en la jornada, unido al desplazamiento al centro de trabajo, <b>roba a los trabajadores un tiempo de descanso<\/b> que puede llegar a tener un gran impacto personal. Sobre todo para aquellos empleados con hijos o cargas familiares de diversa clase. Asimismo, la disponibilidad limitada de la que disponen a la hora de tomar <b>vacaciones o d\u00edas de descanso<\/b> pueden suponer un<b> aislamiento social no deseado<\/b> que no les permita compartir tiempo con su c\u00edrculo.<\/p>\n<h2>\u00bfQu\u00e9 mecanismos aplicar para contrarrestar las dificultades de conciliaci\u00f3n en hosteler\u00eda?<\/h2>\n<p>Aunque batallar con las dificultades mencionadas ha de estudiarse seg\u00fan el propio caso que se experimente en la empresa, hacer uso de herramientas como las que mencionamos a continuaci\u00f3n puede ayudar a <b>facilitar diversos obst\u00e1culos enfrentados en el sector<\/b>.<\/p>\n<h3>Planificaci\u00f3n de horarios<\/h3>\n<p>Una de las situaciones m\u00e1s comunes para los trabajadores en comercio y hosteler\u00eda es no <b>contar con sus horarios con suficiente antelaci\u00f3n<\/b>. Este problema hace que planificar sus vidas con tiempo sea un aspecto pr\u00e1cticamente inalcanzable.<\/p>\n<p>Los <a href=\"https:\/\/empresas.infoempleo.com\/hrtrends\/guia-para-asignar-horarios-y-turnos-de-trabajo-rotativos\/\" target=\"_blank\" rel=\"noopener\">patrones de turnos rotativos<\/a> planteados seg\u00fan las necesidades de la plantilla pueden ser una soluci\u00f3n que garantice la <b>equidad en la distribuci\u00f3n<\/b>. Por supuesto, a esta herramienta se deber\u00e1 unir las <b>peticiones del personal<\/b> y sus propias circunstancias. Es por eso que contar con una <b>gesti\u00f3n temporal previa<\/b> lo suficientemente adelantada a las jornadas ser\u00e1 vital para que esta t\u00e1ctica funcione.<\/p>\n<p><img loading=\"lazy\" decoding=\"async\" class=\"aligncenter wp-image-44619 size-full\" src=\"https:\/\/empresas.infoempleo.com\/hrtrends\/media\/2024\/08\/Trabajador-hostelero-explicando-las-dificultades-de-conciliacion-en-hosteleria.jpg\" alt=\"Trabajador hostelero explicando las dificultades de conciliaci\u00f3n en hosteler\u00eda\" width=\"800\" height=\"533\" srcset=\"https:\/\/empresas.infoempleo.com\/hrtrends\/media\/2024\/08\/Trabajador-hostelero-explicando-las-dificultades-de-conciliacion-en-hosteleria.jpg 800w, https:\/\/empresas.infoempleo.com\/hrtrends\/media\/2024\/08\/Trabajador-hostelero-explicando-las-dificultades-de-conciliacion-en-hosteleria-300x200.jpg 300w, https:\/\/empresas.infoempleo.com\/hrtrends\/media\/2024\/08\/Trabajador-hostelero-explicando-las-dificultades-de-conciliacion-en-hosteleria-768x512.jpg 768w\" sizes=\"auto, (max-width: 800px) 100vw, 800px\" \/><\/p>\n<h3>Descansos fijos y rotativos<\/h3>\n<p>Otra de las situaciones m\u00e1s dif\u00edciles para conseguir una conciliaci\u00f3n adecuada se refiere a la <b>demanda recogida en hosteler\u00eda y comercio<\/b>. Debido a la naturaleza propia de la actividad, los trabajadores de ambos sectores trabajan a destajo cuando el resto de sectores descansa. Esta situaci\u00f3n no solo se da durante los fines de semana, sino tambi\u00e9n en la <b>\u00e9poca estival y navide\u00f1a<\/b>, en las que la demanda experimenta su m\u00e1ximo apogeo.<\/p>\n<p>Para hacer frente a estas situaciones, se debe atender al tama\u00f1o de la plantilla, a su preferencia de descanso y a la posibilidad de implementar <b>contratos a tiempo parcial durante los fines de semana<\/b>. As\u00ed, dependiendo de las necesidades propias del negocio y de los trabajadores, se puede establecer uno u otro m\u00e9todo.<\/p>\n<p>En este sentido, tambi\u00e9n es conveniente ofrecer a los empleados un <b><i>software<\/i><\/b><b> de gesti\u00f3n de turnos<\/b> que posibilite cambiar jornadas entre compa\u00f1eros. Lo que ayudar\u00e1 a enfrentar situaciones imprevistas para los empleados.<\/p>\n<h3>Establecer planes de bienestar adecuados al sector<\/h3>\n<p>Los <a href=\"https:\/\/empresas.infoempleo.com\/hrtrends\/diseno-del-plan-de-salud-y-bienestar-para-los-empleados\/\" target=\"_blank\" rel=\"noopener\">planes de bienestar<\/a> se fundamentan en distintos beneficios que deben <b>adaptarse en todo momento a las necesidades presentes<\/b> en la plantilla. Esta realidad cobra a\u00fan m\u00e1s fuerza cuando tratamos las dificultades de conciliaci\u00f3n en hosteler\u00eda.<\/p>\n<p>Las<b> encuestas de bienestar laboral<\/b> pueden ser una herramienta adecuada con la que medir qu\u00e9 t\u00e1cticas son m\u00e1s \u00fatiles para los empleados. Ya sea en materia de <b>cheques guarder\u00eda<\/b>, en <b>ayudas al transporte<\/b> o en <b>acceso a servicios m\u00e9dicos<\/b>.<\/p>\n","protected":false},"excerpt":{"rendered":"<p>Conseguir un equilibrio trabajo-vida en profesiones cuya naturaleza requiere combinar turnos rotativos y horarios exigentes es todo un<a class=\"moretag\" href=\"https:\/\/empresas.infoempleo.com\/hrtrends\/como-combatir-las-dificultades-de-conciliacion-en-hosteleria-y-comercio\/\"> Leer m\u00e1s<\/a><\/p>\n","protected":false},"author":146,"featured_media":44618,"comment_status":"closed","ping_status":"closed","sticky":false,"template":"","format":"standard","meta":{"footnotes":""},"categories":[3035],"tags":[2314,540,3254],"class_list":["post-44630","post","type-post","status-publish","format-standard","has-post-thumbnail","hentry","category-consejos","tag-ambiente-laboral","tag-consejos-2","tag-gestion-de-equipos"],"yoast_head":"<!-- This site is optimized with the Yoast SEO plugin v26.1.1 - https:\/\/yoast.com\/wordpress\/plugins\/seo\/ -->\n<title>\u00bfC\u00f3mo combatir las dificultades de conciliaci\u00f3n en hosteler\u00eda y comercio?<\/title>\n<meta name=\"description\" content=\"Las dificultades de conciliaci\u00f3n en hosteler\u00eda pueden combatirse con medidas encaminadas a aportar flexibilidad, descanso y planificaci\u00f3n.\" \/>\n<meta name=\"robots\" content=\"index, follow, max-snippet:-1, max-image-preview:large, max-video-preview:-1\" \/>\n<link rel=\"canonical\" href=\"https:\/\/empresas.infoempleo.com\/hrtrends\/como-combatir-las-dificultades-de-conciliacion-en-hosteleria-y-comercio\/\" \/>\n<meta property=\"og:locale\" content=\"es_ES\" \/>\n<meta property=\"og:type\" content=\"article\" \/>\n<meta property=\"og:title\" content=\"\u00bfC\u00f3mo combatir las dificultades de conciliaci\u00f3n en hosteler\u00eda y comercio?\" \/>\n<meta property=\"og:description\" content=\"Las dificultades de conciliaci\u00f3n en hosteler\u00eda pueden combatirse con medidas encaminadas a aportar flexibilidad, descanso y planificaci\u00f3n.\" \/>\n<meta property=\"og:url\" content=\"https:\/\/empresas.infoempleo.com\/hrtrends\/como-combatir-las-dificultades-de-conciliacion-en-hosteleria-y-comercio\/\" \/>\n<meta property=\"og:site_name\" content=\"HRTRENDS\" \/>\n<meta property=\"article:publisher\" content=\"https:\/\/www.facebook.com\/Infoempleo\" \/>\n<meta property=\"article:published_time\" content=\"2024-08-20T05:00:04+00:00\" \/>\n<meta property=\"og:image\" content=\"https:\/\/empresas.infoempleo.com\/hrtrends\/media\/2024\/08\/Empleado-padeciendo-las-dificultades-de-conciliacion-en-hosteleria.jpg\" \/>\n\t<meta property=\"og:image:width\" content=\"1200\" \/>\n\t<meta property=\"og:image:height\" content=\"800\" \/>\n\t<meta property=\"og:image:type\" content=\"image\/jpeg\" \/>\n<meta name=\"author\" content=\"Sandra R. Martos\" \/>\n<meta name=\"twitter:card\" content=\"summary_large_image\" \/>\n<meta name=\"twitter:creator\" content=\"@infoempleo\" \/>\n<meta name=\"twitter:site\" content=\"@infoempleo\" \/>\n<meta name=\"twitter:label1\" content=\"Escrito por\" \/>\n\t<meta name=\"twitter:data1\" content=\"Sandra R. Martos\" \/>\n\t<meta name=\"twitter:label2\" content=\"Tiempo de lectura\" \/>\n\t<meta name=\"twitter:data2\" content=\"4 minutos\" \/>\n<script type=\"application\/ld+json\" class=\"yoast-schema-graph\">{\"@context\":\"https:\/\/schema.org\",\"@graph\":[{\"@type\":\"NewsArticle\",\"@id\":\"https:\/\/empresas.infoempleo.com\/hrtrends\/como-combatir-las-dificultades-de-conciliacion-en-hosteleria-y-comercio\/#article\",\"isPartOf\":{\"@id\":\"https:\/\/empresas.infoempleo.com\/hrtrends\/como-combatir-las-dificultades-de-conciliacion-en-hosteleria-y-comercio\/\"},\"author\":{\"name\":\"Sandra R. Martos\",\"@id\":\"https:\/\/empresas.infoempleo.com\/hrtrends\/#\/schema\/person\/d24c95f005bb213d5442bfb9916f0cf1\"},\"headline\":\"\u00bfC\u00f3mo combatir las dificultades de conciliaci\u00f3n en hosteler\u00eda y comercio?\",\"datePublished\":\"2024-08-20T05:00:04+00:00\",\"mainEntityOfPage\":{\"@id\":\"https:\/\/empresas.infoempleo.com\/hrtrends\/como-combatir-las-dificultades-de-conciliacion-en-hosteleria-y-comercio\/\"},\"wordCount\":719,\"publisher\":{\"@id\":\"https:\/\/empresas.infoempleo.com\/hrtrends\/#organization\"},\"image\":{\"@id\":\"https:\/\/empresas.infoempleo.com\/hrtrends\/como-combatir-las-dificultades-de-conciliacion-en-hosteleria-y-comercio\/#primaryimage\"},\"thumbnailUrl\":\"https:\/\/empresas.infoempleo.com\/hrtrends\/media\/2024\/08\/Empleado-padeciendo-las-dificultades-de-conciliacion-en-hosteleria.jpg\",\"keywords\":[\"ambiente laboral\",\"consejos\",\"gesti\u00f3n de equipos\"],\"articleSection\":[\"Consejos\"],\"inLanguage\":\"es\",\"copyrightYear\":\"2024\",\"copyrightHolder\":{\"@id\":\"https:\/\/empresas.infoempleo.com\/hrtrends\/#organization\"}},{\"@type\":\"WebPage\",\"@id\":\"https:\/\/empresas.infoempleo.com\/hrtrends\/como-combatir-las-dificultades-de-conciliacion-en-hosteleria-y-comercio\/\",\"url\":\"https:\/\/empresas.infoempleo.com\/hrtrends\/como-combatir-las-dificultades-de-conciliacion-en-hosteleria-y-comercio\/\",\"name\":\"\u00bfC\u00f3mo combatir las dificultades de conciliaci\u00f3n en hosteler\u00eda y comercio?\",\"isPartOf\":{\"@id\":\"https:\/\/empresas.infoempleo.com\/hrtrends\/#website\"},\"primaryImageOfPage\":{\"@id\":\"https:\/\/empresas.infoempleo.com\/hrtrends\/como-combatir-las-dificultades-de-conciliacion-en-hosteleria-y-comercio\/#primaryimage\"},\"image\":{\"@id\":\"https:\/\/empresas.infoempleo.com\/hrtrends\/como-combatir-las-dificultades-de-conciliacion-en-hosteleria-y-comercio\/#primaryimage\"},\"thumbnailUrl\":\"https:\/\/empresas.infoempleo.com\/hrtrends\/media\/2024\/08\/Empleado-padeciendo-las-dificultades-de-conciliacion-en-hosteleria.jpg\",\"datePublished\":\"2024-08-20T05:00:04+00:00\",\"description\":\"Las dificultades de conciliaci\u00f3n en hosteler\u00eda pueden combatirse con medidas encaminadas a aportar flexibilidad, descanso y planificaci\u00f3n.\",\"breadcrumb\":{\"@id\":\"https:\/\/empresas.infoempleo.com\/hrtrends\/como-combatir-las-dificultades-de-conciliacion-en-hosteleria-y-comercio\/#breadcrumb\"},\"inLanguage\":\"es\",\"potentialAction\":[{\"@type\":\"ReadAction\",\"target\":[\"https:\/\/empresas.infoempleo.com\/hrtrends\/como-combatir-las-dificultades-de-conciliacion-en-hosteleria-y-comercio\/\"]}]},{\"@type\":\"ImageObject\",\"inLanguage\":\"es\",\"@id\":\"https:\/\/empresas.infoempleo.com\/hrtrends\/como-combatir-las-dificultades-de-conciliacion-en-hosteleria-y-comercio\/#primaryimage\",\"url\":\"https:\/\/empresas.infoempleo.com\/hrtrends\/media\/2024\/08\/Empleado-padeciendo-las-dificultades-de-conciliacion-en-hosteleria-150x150.jpg\",\"contentUrl\":\"https:\/\/empresas.infoempleo.com\/hrtrends\/media\/2024\/08\/Empleado-padeciendo-las-dificultades-de-conciliacion-en-hosteleria-150x150.jpg\",\"width\":150,\"height\":150,\"caption\":\"Empleado padeciendo las dificultades de conciliaci\u00f3n en hosteler\u00eda\"},{\"@type\":\"BreadcrumbList\",\"@id\":\"https:\/\/empresas.infoempleo.com\/hrtrends\/como-combatir-las-dificultades-de-conciliacion-en-hosteleria-y-comercio\/#breadcrumb\",\"itemListElement\":[{\"@type\":\"ListItem\",\"position\":1,\"name\":\"Portada\",\"item\":\"https:\/\/empresas.infoempleo.com\/hrtrends\/\"},{\"@type\":\"ListItem\",\"position\":2,\"name\":\"\u00bfC\u00f3mo combatir las dificultades de conciliaci\u00f3n en hosteler\u00eda y comercio?\"}]},{\"@type\":\"WebSite\",\"@id\":\"https:\/\/empresas.infoempleo.com\/hrtrends\/#website\",\"url\":\"https:\/\/empresas.infoempleo.com\/hrtrends\",\"name\":\"HRTrends by Infoempleo\",\"description\":\"\",\"publisher\":{\"@id\":\"https:\/\/empresas.infoempleo.com\/hrtrends\/#organization\"},\"potentialAction\":{\"@type\":\"SearchAction\",\"target\":\"https:\/\/empresas.infoempleo.com\/hrtrends\/?s={search_term_string}\",\"query-input\":\"required name=search_term_string\"},\"inLanguage\":\"es\"},{\"@type\":\"Organization\",\"@id\":\"https:\/\/empresas.infoempleo.com\/hrtrends\/#organization\",\"name\":\"Infoempleo\",\"url\":\"https:\/\/www.infoempleo.com\/\",\"logo\":{\"@type\":\"ImageObject\",\"@id\":\"https:\/\/empresas.infoempleo.com\/hrtrends\/#logo\",\"inLanguage\":\"es\",\"url\":\"https:\/\/cdnazure.infoempleo.com\/infoempleo\/assets\/style\/gfx\/logo.svg\",\"contentUrl\":\"https:\/\/cdnazure.infoempleo.com\/infoempleo\/assets\/style\/gfx\/logo.svg\",\"width\":150,\"height\":40,\"caption\":\"Infoempleo\"},\"image\":{\"@id\":\"https:\/\/empresas.infoempleo.com\/hrtrends\/#logo\"},\"sameAs\":[\"https:\/\/www.facebook.com\/Infoempleo\",\"https:\/\/x.com\/infoempleo\",\"http:\/\/instagram.com\/infoempleo\/\",\"http:\/\/www.linkedin.com\/groups\/Empleo-Espa\u00f1a-Infoempleocom-111276\",\"http:\/\/pinterest.com\/infoempleo\/\"],\"address\":{\"@type\":\"PostalAddress\",\"addressLocality\":\"Madrid\",\"postalCode\":\"28050\",\"streetAddress\":\"Avenida de Burgos 114\"},\"brand\":[\"Infoempleo\"]},{\"@type\":\"Person\",\"@id\":\"https:\/\/empresas.infoempleo.com\/hrtrends\/#\/schema\/person\/d24c95f005bb213d5442bfb9916f0cf1\",\"name\":\"Sandra R. Martos\",\"image\":{\"@type\":\"ImageObject\",\"inLanguage\":\"es\",\"@id\":\"https:\/\/empresas.infoempleo.com\/hrtrends\/#\/schema\/person\/image\/\",\"url\":\"https:\/\/secure.gravatar.com\/avatar\/416b738ea045864f60be6f729d868b5b8807d320c6de9f29d2506b477304ed75?s=96&d=mm&r=g\",\"contentUrl\":\"https:\/\/secure.gravatar.com\/avatar\/416b738ea045864f60be6f729d868b5b8807d320c6de9f29d2506b477304ed75?s=96&d=mm&r=g\",\"caption\":\"Sandra R. Martos\"},\"url\":\"https:\/\/empresas.infoempleo.com\/hrtrends\/author\/srmartos\/\"}]}<\/script>\n<!-- \/ Yoast SEO plugin. -->","yoast_head_json":{"title":"\u00bfC\u00f3mo combatir las dificultades de conciliaci\u00f3n en hosteler\u00eda y comercio?","description":"Las dificultades de conciliaci\u00f3n en hosteler\u00eda pueden combatirse con medidas encaminadas a aportar flexibilidad, descanso y planificaci\u00f3n.","robots":{"index":"index","follow":"follow","max-snippet":"max-snippet:-1","max-image-preview":"max-image-preview:large","max-video-preview":"max-video-preview:-1"},"canonical":"https:\/\/empresas.infoempleo.com\/hrtrends\/como-combatir-las-dificultades-de-conciliacion-en-hosteleria-y-comercio\/","og_locale":"es_ES","og_type":"article","og_title":"\u00bfC\u00f3mo combatir las dificultades de conciliaci\u00f3n en hosteler\u00eda y comercio?","og_description":"Las dificultades de conciliaci\u00f3n en hosteler\u00eda pueden combatirse con medidas encaminadas a aportar flexibilidad, descanso y planificaci\u00f3n.","og_url":"https:\/\/empresas.infoempleo.com\/hrtrends\/como-combatir-las-dificultades-de-conciliacion-en-hosteleria-y-comercio\/","og_site_name":"HRTRENDS","article_publisher":"https:\/\/www.facebook.com\/Infoempleo","article_published_time":"2024-08-20T05:00:04+00:00","og_image":[{"width":1200,"height":800,"url":"https:\/\/empresas.infoempleo.com\/hrtrends\/media\/2024\/08\/Empleado-padeciendo-las-dificultades-de-conciliacion-en-hosteleria.jpg","type":"image\/jpeg"}],"author":"Sandra R. Martos","twitter_card":"summary_large_image","twitter_creator":"@infoempleo","twitter_site":"@infoempleo","twitter_misc":{"Escrito por":"Sandra R. Martos","Tiempo de lectura":"4 minutos"},"schema":{"@context":"https:\/\/schema.org","@graph":[{"@type":"NewsArticle","@id":"https:\/\/empresas.infoempleo.com\/hrtrends\/como-combatir-las-dificultades-de-conciliacion-en-hosteleria-y-comercio\/#article","isPartOf":{"@id":"https:\/\/empresas.infoempleo.com\/hrtrends\/como-combatir-las-dificultades-de-conciliacion-en-hosteleria-y-comercio\/"},"author":{"name":"Sandra R. Martos","@id":"https:\/\/empresas.infoempleo.com\/hrtrends\/#\/schema\/person\/d24c95f005bb213d5442bfb9916f0cf1"},"headline":"\u00bfC\u00f3mo combatir las dificultades de conciliaci\u00f3n en hosteler\u00eda y comercio?","datePublished":"2024-08-20T05:00:04+00:00","mainEntityOfPage":{"@id":"https:\/\/empresas.infoempleo.com\/hrtrends\/como-combatir-las-dificultades-de-conciliacion-en-hosteleria-y-comercio\/"},"wordCount":719,"publisher":{"@id":"https:\/\/empresas.infoempleo.com\/hrtrends\/#organization"},"image":{"@id":"https:\/\/empresas.infoempleo.com\/hrtrends\/como-combatir-las-dificultades-de-conciliacion-en-hosteleria-y-comercio\/#primaryimage"},"thumbnailUrl":"https:\/\/empresas.infoempleo.com\/hrtrends\/media\/2024\/08\/Empleado-padeciendo-las-dificultades-de-conciliacion-en-hosteleria.jpg","keywords":["ambiente laboral","consejos","gesti\u00f3n de equipos"],"articleSection":["Consejos"],"inLanguage":"es","copyrightYear":"2024","copyrightHolder":{"@id":"https:\/\/empresas.infoempleo.com\/hrtrends\/#organization"}},{"@type":"WebPage","@id":"https:\/\/empresas.infoempleo.com\/hrtrends\/como-combatir-las-dificultades-de-conciliacion-en-hosteleria-y-comercio\/","url":"https:\/\/empresas.infoempleo.com\/hrtrends\/como-combatir-las-dificultades-de-conciliacion-en-hosteleria-y-comercio\/","name":"\u00bfC\u00f3mo combatir las dificultades de conciliaci\u00f3n en hosteler\u00eda y comercio?","isPartOf":{"@id":"https:\/\/empresas.infoempleo.com\/hrtrends\/#website"},"primaryImageOfPage":{"@id":"https:\/\/empresas.infoempleo.com\/hrtrends\/como-combatir-las-dificultades-de-conciliacion-en-hosteleria-y-comercio\/#primaryimage"},"image":{"@id":"https:\/\/empresas.infoempleo.com\/hrtrends\/como-combatir-las-dificultades-de-conciliacion-en-hosteleria-y-comercio\/#primaryimage"},"thumbnailUrl":"https:\/\/empresas.infoempleo.com\/hrtrends\/media\/2024\/08\/Empleado-padeciendo-las-dificultades-de-conciliacion-en-hosteleria.jpg","datePublished":"2024-08-20T05:00:04+00:00","description":"Las dificultades de conciliaci\u00f3n en hosteler\u00eda pueden combatirse con medidas encaminadas a aportar flexibilidad, descanso y planificaci\u00f3n.","breadcrumb":{"@id":"https:\/\/empresas.infoempleo.com\/hrtrends\/como-combatir-las-dificultades-de-conciliacion-en-hosteleria-y-comercio\/#breadcrumb"},"inLanguage":"es","potentialAction":[{"@type":"ReadAction","target":["https:\/\/empresas.infoempleo.com\/hrtrends\/como-combatir-las-dificultades-de-conciliacion-en-hosteleria-y-comercio\/"]}]},{"@type":"ImageObject","inLanguage":"es","@id":"https:\/\/empresas.infoempleo.com\/hrtrends\/como-combatir-las-dificultades-de-conciliacion-en-hosteleria-y-comercio\/#primaryimage","url":"https:\/\/empresas.infoempleo.com\/hrtrends\/media\/2024\/08\/Empleado-padeciendo-las-dificultades-de-conciliacion-en-hosteleria-150x150.jpg","contentUrl":"https:\/\/empresas.infoempleo.com\/hrtrends\/media\/2024\/08\/Empleado-padeciendo-las-dificultades-de-conciliacion-en-hosteleria-150x150.jpg","width":150,"height":150,"caption":"Empleado padeciendo las dificultades de conciliaci\u00f3n en hosteler\u00eda"},{"@type":"BreadcrumbList","@id":"https:\/\/empresas.infoempleo.com\/hrtrends\/como-combatir-las-dificultades-de-conciliacion-en-hosteleria-y-comercio\/#breadcrumb","itemListElement":[{"@type":"ListItem","position":1,"name":"Portada","item":"https:\/\/empresas.infoempleo.com\/hrtrends\/"},{"@type":"ListItem","position":2,"name":"\u00bfC\u00f3mo combatir las dificultades de conciliaci\u00f3n en hosteler\u00eda y comercio?"}]},{"@type":"WebSite","@id":"https:\/\/empresas.infoempleo.com\/hrtrends\/#website","url":"https:\/\/empresas.infoempleo.com\/hrtrends","name":"HRTrends by Infoempleo","description":"","publisher":{"@id":"https:\/\/empresas.infoempleo.com\/hrtrends\/#organization"},"potentialAction":{"@type":"SearchAction","target":"https:\/\/empresas.infoempleo.com\/hrtrends\/?s={search_term_string}","query-input":"required name=search_term_string"},"inLanguage":"es"},{"@type":"Organization","@id":"https:\/\/empresas.infoempleo.com\/hrtrends\/#organization","name":"Infoempleo","url":"https:\/\/www.infoempleo.com\/","logo":{"@type":"ImageObject","@id":"https:\/\/empresas.infoempleo.com\/hrtrends\/#logo","inLanguage":"es","url":"https:\/\/cdnazure.infoempleo.com\/infoempleo\/assets\/style\/gfx\/logo.svg","contentUrl":"https:\/\/cdnazure.infoempleo.com\/infoempleo\/assets\/style\/gfx\/logo.svg","width":150,"height":40,"caption":"Infoempleo"},"image":{"@id":"https:\/\/empresas.infoempleo.com\/hrtrends\/#logo"},"sameAs":["https:\/\/www.facebook.com\/Infoempleo","https:\/\/x.com\/infoempleo","http:\/\/instagram.com\/infoempleo\/","http:\/\/www.linkedin.com\/groups\/Empleo-Espa\u00f1a-Infoempleocom-111276","http:\/\/pinterest.com\/infoempleo\/"],"address":{"@type":"PostalAddress","addressLocality":"Madrid","postalCode":"28050","streetAddress":"Avenida de Burgos 114"},"brand":["Infoempleo"]},{"@type":"Person","@id":"https:\/\/empresas.infoempleo.com\/hrtrends\/#\/schema\/person\/d24c95f005bb213d5442bfb9916f0cf1","name":"Sandra R. Martos","image":{"@type":"ImageObject","inLanguage":"es","@id":"https:\/\/empresas.infoempleo.com\/hrtrends\/#\/schema\/person\/image\/","url":"https:\/\/secure.gravatar.com\/avatar\/416b738ea045864f60be6f729d868b5b8807d320c6de9f29d2506b477304ed75?s=96&d=mm&r=g","contentUrl":"https:\/\/secure.gravatar.com\/avatar\/416b738ea045864f60be6f729d868b5b8807d320c6de9f29d2506b477304ed75?s=96&d=mm&r=g","caption":"Sandra R. Martos"},"url":"https:\/\/empresas.infoempleo.com\/hrtrends\/author\/srmartos\/"}]}},"amp_enabled":true,"_links":{"self":[{"href":"https:\/\/empresas.infoempleo.com\/hrtrends\/wp-json\/wp\/v2\/posts\/44630","targetHints":{"allow":["GET"]}}],"collection":[{"href":"https:\/\/empresas.infoempleo.com\/hrtrends\/wp-json\/wp\/v2\/posts"}],"about":[{"href":"https:\/\/empresas.infoempleo.com\/hrtrends\/wp-json\/wp\/v2\/types\/post"}],"author":[{"embeddable":true,"href":"https:\/\/empresas.infoempleo.com\/hrtrends\/wp-json\/wp\/v2\/users\/146"}],"replies":[{"embeddable":true,"href":"https:\/\/empresas.infoempleo.com\/hrtrends\/wp-json\/wp\/v2\/comments?post=44630"}],"version-history":[{"count":1,"href":"https:\/\/empresas.infoempleo.com\/hrtrends\/wp-json\/wp\/v2\/posts\/44630\/revisions"}],"predecessor-version":[{"id":44631,"href":"https:\/\/empresas.infoempleo.com\/hrtrends\/wp-json\/wp\/v2\/posts\/44630\/revisions\/44631"}],"wp:featuredmedia":[{"embeddable":true,"href":"https:\/\/empresas.infoempleo.com\/hrtrends\/wp-json\/wp\/v2\/media\/44618"}],"wp:attachment":[{"href":"https:\/\/empresas.infoempleo.com\/hrtrends\/wp-json\/wp\/v2\/media?parent=44630"}],"wp:term":[{"taxonomy":"category","embeddable":true,"href":"https:\/\/empresas.infoempleo.com\/hrtrends\/wp-json\/wp\/v2\/categories?post=44630"},{"taxonomy":"post_tag","embeddable":true,"href":"https:\/\/empresas.infoempleo.com\/hrtrends\/wp-json\/wp\/v2\/tags?post=44630"}],"curies":[{"name":"wp","href":"https:\/\/api.w.org\/{rel}","templated":true}]}}