{"id":44571,"date":"2024-08-10T07:00:47","date_gmt":"2024-08-10T05:00:47","guid":{"rendered":"https:\/\/empresas.infoempleo.com\/hrtrends\/?p=44571"},"modified":"2024-08-05T16:37:28","modified_gmt":"2024-08-05T14:37:28","slug":"5-pasos-para-implementar-el-workation-en-tu-empresa","status":"publish","type":"post","link":"https:\/\/empresas.infoempleo.com\/hrtrends\/5-pasos-para-implementar-el-workation-en-tu-empresa\/","title":{"rendered":"5 pasos para implementar el Workation en tu empresa"},"content":{"rendered":"<p>Si quieres retener el talento m\u00e1s valioso en tu organizaci\u00f3n, <strong>implementar el W<em>orkation<\/em><\/strong> puede ser una forma muy interesante de hacerlo. Te contamos qu\u00e9 es, <strong>en qu\u00e9 consiste<\/strong> y c\u00f3mo ponerlo en marcha de forma efectiva.<\/p>\n<h2>\u00bfQu\u00e9 es el Workation?<\/h2>\n<p><em>Workation<\/em> es un neologismo creado a partir de la fusi\u00f3n de las palabras anglosajonas \u201cwork\u201d (trabajo) y \u201cvacation\u201d (vacaciones). Se trata de un <strong>modelo h\u00edbrido<\/strong> en el que las personas pueden tomarse un <strong>tiempo de vacaciones<\/strong> y viaje durante el cual contin\u00faan desarrollando su<strong> trabajo<\/strong> <strong>en remoto<\/strong>.<\/p>\n<p>Sin duda, no se trata de un fen\u00f3meno nuevo ni de un invento de ayer mismo (\u00bfC\u00f3mo crees que escribi\u00f3 Thomas Mann su novela \u201cLa monta\u00f1a m\u00e1gica\u201d publicada en 1924?). Pero <strong>su nacimiento para el mundo empresarial<\/strong> se atribuye a Vanessa Van Edwards, fundadora de Science of People. En 2013 public\u00f3 un art\u00edculo en el Huffington Post en el que narraba su viaje con su marido de seis a\u00f1os a trav\u00e9s del mundo, durante el cual se llevaron su trabajo de ciudad en ciudad.<\/p>\n<p>Aunque no cabe duda de que ha sido <strong>el entorno perturbador,<\/strong> <strong>pero tambi\u00e9n transformador de la Pandemia<\/strong> el que hizo emerger de nuevo el concepto de W<em>orkation<\/em>. Hasta ese momento, era algo que quiz\u00e1 hac\u00edan la mayor\u00eda de los profesionales<em> freelance<\/em> por necesidad.<\/p>\n<p>Pero la necesidad manda, y el confinamiento puso a personas y organizaciones ante la realidad de que la tecnolog\u00eda moderna permit\u00eda que muchas profesiones <strong>se pudieran desarrollar en remoto<\/strong>, al menos parcialmente.<\/p>\n<p>\u00bfEs posible implementar el W<em>orkation<\/em> en tu empresa? \u00bfEst\u00e1 dotada de una <strong>cultura organizacional adaptable<\/strong>? Sigue estos pasos y ver\u00e1s si es posible y cu\u00e1les son los pasos.<\/p>\n<h2>1. \u00bfEs viable implementar el Workation en mi empresa?<\/h2>\n<p><strong>Ni todos los sectores econ\u00f3micos son viables para el W<em>orkation<\/em><\/strong>, ni todos los departamentos dentro de una organizaci\u00f3n, ni todos los puestos de trabajo.<\/p>\n<p>El primer paso que debe dar el departamento de RRHH es si la cultura organizacional est\u00e1 abierta a <strong>los b<\/strong><strong>eneficios del trabajo remoto combinado<\/strong>. Aun existen m\u00faltiples resistencias culturales y estructurales hacia <strong><a href=\"https:\/\/empresas.infoempleo.com\/hrtrends\/trabajo-hibrido-como-saber-si-funciona-para-tu-empresa\/\" target=\"_blank\" rel=\"noopener\">la no presencialidad en el trabajo<\/a><\/strong>.<\/p>\n<p>Por supuesto, tambi\u00e9n debe evaluarse si las <strong>necesarias sinergias de los equipos<\/strong> pueden verse afectadas, en funci\u00f3n de la metodolog\u00eda y los protocolos de cada departamento.<\/p>\n<p>Tambi\u00e9n es necesario evaluar los <strong>riesgos de seguridad<\/strong> al iniciar sesi\u00f3n en la intranet corporativa y tambi\u00e9n <strong>las tensiones laborales<\/strong> derivadas de los trabajadores acogidos a la W<em>orkation<\/em> y los que se quedan en la sede.<\/p>\n<h2>2. Desarrolla las pol\u00edticas de Workation<\/h2>\n<p>Una vez has terminado que implementar el W<em>orkation<\/em> es viable en tu empresa, es hora de <strong>establecer las directrices que van a regular el W<em>orkation<\/em><\/strong>. Es decir, qu\u00e9 puestos son los que pueden acogerse a esta modalidad, en qu\u00e9 condiciones, en qu\u00e9 \u00e9poca del a\u00f1o y durante cu\u00e1nto tiempo.<\/p>\n<p>Estas normas deben ser claras y p\u00fablicas para toda la organizaci\u00f3n y deben explicitarse cu\u00e1les son los <strong>derechos y obligaciones<\/strong> de las personas que se acojan.<\/p>\n<p>Esto debe incluir de forma clara <strong>los turnos en los que los trabajadores se podr\u00e1n acoger<\/strong> y los criterios que los rigen.<\/p>\n<p><img loading=\"lazy\" decoding=\"async\" class=\"aligncenter wp-image-44440 size-full\" title=\"Profesional buscando c\u00f3mo implementar el workation\" src=\"https:\/\/empresas.infoempleo.com\/hrtrends\/media\/2024\/07\/Profesional-buscando-como-implementar-el-workation.jpg\" alt=\"Profesional buscando c\u00f3mo implementar el workation\" width=\"800\" height=\"533\" srcset=\"https:\/\/empresas.infoempleo.com\/hrtrends\/media\/2024\/07\/Profesional-buscando-como-implementar-el-workation.jpg 800w, https:\/\/empresas.infoempleo.com\/hrtrends\/media\/2024\/07\/Profesional-buscando-como-implementar-el-workation-300x200.jpg 300w, https:\/\/empresas.infoempleo.com\/hrtrends\/media\/2024\/07\/Profesional-buscando-como-implementar-el-workation-768x512.jpg 768w\" sizes=\"auto, (max-width: 800px) 100vw, 800px\" \/><\/p>\n<h2>3. Desarrolla la infraestructura necesaria para implementar el Workation<\/h2>\n<p>Nada de lo anterior significa nada si no hay medios para hacerlo realidad. Necesitas <strong>herramientas digitales para <em>workation<\/em><\/strong>. Es decir, aplicaciones de software especializadas en facilitar el desarrollo de proyectos a distancia. Aseg\u00farate tambi\u00e9n de que tu Departamento de Inform\u00e1tica cuenta con <strong>herramientas que de ciberseguridad efectivas y suficientes<\/strong>.<\/p>\n<h2>4. Implementa y monitoriza el Workation<\/h2>\n<p>No es necesario aclarar que la pol\u00edtica organizacional respecto al W<em>orkation<\/em> <strong>debe ser anunciada oportunamente<\/strong> en la empresa de forma que toda la organizaci\u00f3n tenga acceso a la informaci\u00f3n.<\/p>\n<p><strong>Implementa un formulario<\/strong> en el que todo trabajador o trabajadora perteneciente a la plantilla pueda solicitar acogerse. El <strong>proceso por el que se revisar\u00e1n y aprobar\u00e1n las solicitudes<\/strong> debe ser p\u00fablico y estar totalmente claro.<\/p>\n<h2>5. Monitoriza el trabajo de los profesionales acogidos al Workation<\/h2>\n<p>Cuando uno de los profesionales que desarrolla su labor de forma remota para la organizaci\u00f3n, debe existir un <strong>seguimiento de su rendimiento<\/strong>. Y este rendimiento debe estar basado en una planificaci\u00f3n rigurosa de las tareas y proyectos asignados.<\/p>\n<p>Asimismo, es importante que implementes una plataforma donde los trabajadores acogidos al W<em>orkation<\/em> puedan <strong>ofrecer retroalimentaci\u00f3n a la organizaci\u00f3n<\/strong>. Ser\u00e1 positivo tanto para su rendimiento futuro como para realizar ajustes en la pol\u00edtica organizacional sobre el W<em>orkation<\/em>.<\/p>\n","protected":false},"excerpt":{"rendered":"<p>Si quieres retener el talento m\u00e1s valioso en tu organizaci\u00f3n, implementar el Workation puede ser una forma muy<a class=\"moretag\" href=\"https:\/\/empresas.infoempleo.com\/hrtrends\/5-pasos-para-implementar-el-workation-en-tu-empresa\/\"> Leer m\u00e1s<\/a><\/p>\n","protected":false},"author":140,"featured_media":44439,"comment_status":"closed","ping_status":"closed","sticky":false,"template":"","format":"standard","meta":{"footnotes":""},"categories":[3030],"tags":[282,3669,3668],"class_list":["post-44571","post","type-post","status-publish","format-standard","has-post-thumbnail","hentry","category-reclutamiento","tag-productividad","tag-trabajar-en-vacaciones","tag-workation"],"yoast_head":"<!-- This site is optimized with the Yoast SEO plugin v26.1.1 - https:\/\/yoast.com\/wordpress\/plugins\/seo\/ -->\n<title>5 pasos para implementar el Workation en tu empresa<\/title>\n<meta name=\"description\" content=\"Si quieres retener el talento m\u00e1s valioso en tu organizaci\u00f3n, implementar el workation puede ser una forma muy interesante de hacerlo\" \/>\n<meta name=\"robots\" content=\"index, follow, max-snippet:-1, max-image-preview:large, max-video-preview:-1\" \/>\n<link rel=\"canonical\" href=\"https:\/\/empresas.infoempleo.com\/hrtrends\/5-pasos-para-implementar-el-workation-en-tu-empresa\/\" \/>\n<meta property=\"og:locale\" content=\"es_ES\" \/>\n<meta property=\"og:type\" content=\"article\" \/>\n<meta property=\"og:title\" content=\"5 pasos para implementar el Workation en tu empresa\" \/>\n<meta property=\"og:description\" content=\"Si quieres retener el talento m\u00e1s valioso en tu organizaci\u00f3n, implementar el workation puede ser una forma muy interesante de hacerlo\" \/>\n<meta property=\"og:url\" content=\"https:\/\/empresas.infoempleo.com\/hrtrends\/5-pasos-para-implementar-el-workation-en-tu-empresa\/\" \/>\n<meta property=\"og:site_name\" content=\"HRTRENDS\" \/>\n<meta property=\"article:publisher\" content=\"https:\/\/www.facebook.com\/Infoempleo\" \/>\n<meta property=\"article:published_time\" content=\"2024-08-10T05:00:47+00:00\" \/>\n<meta property=\"og:image\" content=\"https:\/\/empresas.infoempleo.com\/hrtrends\/media\/2024\/07\/Trabajadora-hablando-con-su-equipo-acerca-de-como-implementar-el-workation.jpg\" \/>\n\t<meta property=\"og:image:width\" content=\"1200\" \/>\n\t<meta property=\"og:image:height\" content=\"800\" \/>\n\t<meta property=\"og:image:type\" content=\"image\/jpeg\" \/>\n<meta name=\"author\" content=\"Mario Moreno\" \/>\n<meta name=\"twitter:card\" content=\"summary_large_image\" \/>\n<meta name=\"twitter:creator\" content=\"@infoempleo\" \/>\n<meta name=\"twitter:site\" content=\"@infoempleo\" \/>\n<meta name=\"twitter:label1\" content=\"Escrito por\" \/>\n\t<meta name=\"twitter:data1\" content=\"Mario Moreno\" \/>\n\t<meta name=\"twitter:label2\" content=\"Tiempo de lectura\" \/>\n\t<meta name=\"twitter:data2\" content=\"4 minutos\" \/>\n<script type=\"application\/ld+json\" class=\"yoast-schema-graph\">{\"@context\":\"https:\/\/schema.org\",\"@graph\":[{\"@type\":\"NewsArticle\",\"@id\":\"https:\/\/empresas.infoempleo.com\/hrtrends\/5-pasos-para-implementar-el-workation-en-tu-empresa\/#article\",\"isPartOf\":{\"@id\":\"https:\/\/empresas.infoempleo.com\/hrtrends\/5-pasos-para-implementar-el-workation-en-tu-empresa\/\"},\"author\":{\"name\":\"Mario Moreno\",\"@id\":\"https:\/\/empresas.infoempleo.com\/hrtrends\/#\/schema\/person\/88b42392bdc432205cbf92369d8a60cd\"},\"headline\":\"5 pasos para implementar el Workation en tu empresa\",\"datePublished\":\"2024-08-10T05:00:47+00:00\",\"mainEntityOfPage\":{\"@id\":\"https:\/\/empresas.infoempleo.com\/hrtrends\/5-pasos-para-implementar-el-workation-en-tu-empresa\/\"},\"wordCount\":775,\"publisher\":{\"@id\":\"https:\/\/empresas.infoempleo.com\/hrtrends\/#organization\"},\"image\":{\"@id\":\"https:\/\/empresas.infoempleo.com\/hrtrends\/5-pasos-para-implementar-el-workation-en-tu-empresa\/#primaryimage\"},\"thumbnailUrl\":\"https:\/\/empresas.infoempleo.com\/hrtrends\/media\/2024\/07\/Trabajadora-hablando-con-su-equipo-acerca-de-como-implementar-el-workation.jpg\",\"keywords\":[\"productividad\",\"trabajar en vacaciones\",\"Workation\"],\"articleSection\":[\"Reclutamiento\"],\"inLanguage\":\"es\",\"copyrightYear\":\"2024\",\"copyrightHolder\":{\"@id\":\"https:\/\/empresas.infoempleo.com\/hrtrends\/#organization\"}},{\"@type\":\"WebPage\",\"@id\":\"https:\/\/empresas.infoempleo.com\/hrtrends\/5-pasos-para-implementar-el-workation-en-tu-empresa\/\",\"url\":\"https:\/\/empresas.infoempleo.com\/hrtrends\/5-pasos-para-implementar-el-workation-en-tu-empresa\/\",\"name\":\"5 pasos para implementar el Workation en tu empresa\",\"isPartOf\":{\"@id\":\"https:\/\/empresas.infoempleo.com\/hrtrends\/#website\"},\"primaryImageOfPage\":{\"@id\":\"https:\/\/empresas.infoempleo.com\/hrtrends\/5-pasos-para-implementar-el-workation-en-tu-empresa\/#primaryimage\"},\"image\":{\"@id\":\"https:\/\/empresas.infoempleo.com\/hrtrends\/5-pasos-para-implementar-el-workation-en-tu-empresa\/#primaryimage\"},\"thumbnailUrl\":\"https:\/\/empresas.infoempleo.com\/hrtrends\/media\/2024\/07\/Trabajadora-hablando-con-su-equipo-acerca-de-como-implementar-el-workation.jpg\",\"datePublished\":\"2024-08-10T05:00:47+00:00\",\"description\":\"Si quieres retener el talento m\u00e1s valioso en tu organizaci\u00f3n, implementar el workation puede ser una forma muy interesante de hacerlo\",\"breadcrumb\":{\"@id\":\"https:\/\/empresas.infoempleo.com\/hrtrends\/5-pasos-para-implementar-el-workation-en-tu-empresa\/#breadcrumb\"},\"inLanguage\":\"es\",\"potentialAction\":[{\"@type\":\"ReadAction\",\"target\":[\"https:\/\/empresas.infoempleo.com\/hrtrends\/5-pasos-para-implementar-el-workation-en-tu-empresa\/\"]}]},{\"@type\":\"ImageObject\",\"inLanguage\":\"es\",\"@id\":\"https:\/\/empresas.infoempleo.com\/hrtrends\/5-pasos-para-implementar-el-workation-en-tu-empresa\/#primaryimage\",\"url\":\"https:\/\/empresas.infoempleo.com\/hrtrends\/media\/2024\/07\/Trabajadora-hablando-con-su-equipo-acerca-de-como-implementar-el-workation-150x150.jpg\",\"contentUrl\":\"https:\/\/empresas.infoempleo.com\/hrtrends\/media\/2024\/07\/Trabajadora-hablando-con-su-equipo-acerca-de-como-implementar-el-workation-150x150.jpg\",\"width\":150,\"height\":150,\"caption\":\"Trabajadora hablando con su equipo acerca de c\u00f3mo implementar el workation\"},{\"@type\":\"BreadcrumbList\",\"@id\":\"https:\/\/empresas.infoempleo.com\/hrtrends\/5-pasos-para-implementar-el-workation-en-tu-empresa\/#breadcrumb\",\"itemListElement\":[{\"@type\":\"ListItem\",\"position\":1,\"name\":\"Portada\",\"item\":\"https:\/\/empresas.infoempleo.com\/hrtrends\/\"},{\"@type\":\"ListItem\",\"position\":2,\"name\":\"5 pasos para implementar el Workation en tu empresa\"}]},{\"@type\":\"WebSite\",\"@id\":\"https:\/\/empresas.infoempleo.com\/hrtrends\/#website\",\"url\":\"https:\/\/empresas.infoempleo.com\/hrtrends\",\"name\":\"HRTrends by Infoempleo\",\"description\":\"\",\"publisher\":{\"@id\":\"https:\/\/empresas.infoempleo.com\/hrtrends\/#organization\"},\"potentialAction\":{\"@type\":\"SearchAction\",\"target\":\"https:\/\/empresas.infoempleo.com\/hrtrends\/?s={search_term_string}\",\"query-input\":\"required name=search_term_string\"},\"inLanguage\":\"es\"},{\"@type\":\"Organization\",\"@id\":\"https:\/\/empresas.infoempleo.com\/hrtrends\/#organization\",\"name\":\"Infoempleo\",\"url\":\"https:\/\/www.infoempleo.com\/\",\"logo\":{\"@type\":\"ImageObject\",\"@id\":\"https:\/\/empresas.infoempleo.com\/hrtrends\/#logo\",\"inLanguage\":\"es\",\"url\":\"https:\/\/cdnazure.infoempleo.com\/infoempleo\/assets\/style\/gfx\/logo.svg\",\"contentUrl\":\"https:\/\/cdnazure.infoempleo.com\/infoempleo\/assets\/style\/gfx\/logo.svg\",\"width\":150,\"height\":40,\"caption\":\"Infoempleo\"},\"image\":{\"@id\":\"https:\/\/empresas.infoempleo.com\/hrtrends\/#logo\"},\"sameAs\":[\"https:\/\/www.facebook.com\/Infoempleo\",\"https:\/\/x.com\/infoempleo\",\"http:\/\/instagram.com\/infoempleo\/\",\"http:\/\/www.linkedin.com\/groups\/Empleo-Espa\u00f1a-Infoempleocom-111276\",\"http:\/\/pinterest.com\/infoempleo\/\"],\"address\":{\"@type\":\"PostalAddress\",\"addressLocality\":\"Madrid\",\"postalCode\":\"28050\",\"streetAddress\":\"Avenida de Burgos 114\"},\"brand\":[\"Infoempleo\"]},{\"@type\":\"Person\",\"@id\":\"https:\/\/empresas.infoempleo.com\/hrtrends\/#\/schema\/person\/88b42392bdc432205cbf92369d8a60cd\",\"name\":\"Mario Moreno\",\"image\":{\"@type\":\"ImageObject\",\"inLanguage\":\"es\",\"@id\":\"https:\/\/empresas.infoempleo.com\/hrtrends\/#\/schema\/person\/image\/\",\"url\":\"https:\/\/secure.gravatar.com\/avatar\/8dae6578727951cbcab39cfbe7a83beef8ade9481dd83b8d55406be02b0ec42a?s=96&d=mm&r=g\",\"contentUrl\":\"https:\/\/secure.gravatar.com\/avatar\/8dae6578727951cbcab39cfbe7a83beef8ade9481dd83b8d55406be02b0ec42a?s=96&d=mm&r=g\",\"caption\":\"Mario Moreno\"},\"url\":\"https:\/\/empresas.infoempleo.com\/hrtrends\/author\/mariomoreno\/\"}]}<\/script>\n<!-- \/ Yoast SEO plugin. -->","yoast_head_json":{"title":"5 pasos para implementar el Workation en tu empresa","description":"Si quieres retener el talento m\u00e1s valioso en tu organizaci\u00f3n, implementar el workation puede ser una forma muy interesante de hacerlo","robots":{"index":"index","follow":"follow","max-snippet":"max-snippet:-1","max-image-preview":"max-image-preview:large","max-video-preview":"max-video-preview:-1"},"canonical":"https:\/\/empresas.infoempleo.com\/hrtrends\/5-pasos-para-implementar-el-workation-en-tu-empresa\/","og_locale":"es_ES","og_type":"article","og_title":"5 pasos para implementar el Workation en tu empresa","og_description":"Si quieres retener el talento m\u00e1s valioso en tu organizaci\u00f3n, implementar el workation puede ser una forma muy interesante de hacerlo","og_url":"https:\/\/empresas.infoempleo.com\/hrtrends\/5-pasos-para-implementar-el-workation-en-tu-empresa\/","og_site_name":"HRTRENDS","article_publisher":"https:\/\/www.facebook.com\/Infoempleo","article_published_time":"2024-08-10T05:00:47+00:00","og_image":[{"width":1200,"height":800,"url":"https:\/\/empresas.infoempleo.com\/hrtrends\/media\/2024\/07\/Trabajadora-hablando-con-su-equipo-acerca-de-como-implementar-el-workation.jpg","type":"image\/jpeg"}],"author":"Mario Moreno","twitter_card":"summary_large_image","twitter_creator":"@infoempleo","twitter_site":"@infoempleo","twitter_misc":{"Escrito por":"Mario Moreno","Tiempo de lectura":"4 minutos"},"schema":{"@context":"https:\/\/schema.org","@graph":[{"@type":"NewsArticle","@id":"https:\/\/empresas.infoempleo.com\/hrtrends\/5-pasos-para-implementar-el-workation-en-tu-empresa\/#article","isPartOf":{"@id":"https:\/\/empresas.infoempleo.com\/hrtrends\/5-pasos-para-implementar-el-workation-en-tu-empresa\/"},"author":{"name":"Mario Moreno","@id":"https:\/\/empresas.infoempleo.com\/hrtrends\/#\/schema\/person\/88b42392bdc432205cbf92369d8a60cd"},"headline":"5 pasos para implementar el Workation en tu empresa","datePublished":"2024-08-10T05:00:47+00:00","mainEntityOfPage":{"@id":"https:\/\/empresas.infoempleo.com\/hrtrends\/5-pasos-para-implementar-el-workation-en-tu-empresa\/"},"wordCount":775,"publisher":{"@id":"https:\/\/empresas.infoempleo.com\/hrtrends\/#organization"},"image":{"@id":"https:\/\/empresas.infoempleo.com\/hrtrends\/5-pasos-para-implementar-el-workation-en-tu-empresa\/#primaryimage"},"thumbnailUrl":"https:\/\/empresas.infoempleo.com\/hrtrends\/media\/2024\/07\/Trabajadora-hablando-con-su-equipo-acerca-de-como-implementar-el-workation.jpg","keywords":["productividad","trabajar en vacaciones","Workation"],"articleSection":["Reclutamiento"],"inLanguage":"es","copyrightYear":"2024","copyrightHolder":{"@id":"https:\/\/empresas.infoempleo.com\/hrtrends\/#organization"}},{"@type":"WebPage","@id":"https:\/\/empresas.infoempleo.com\/hrtrends\/5-pasos-para-implementar-el-workation-en-tu-empresa\/","url":"https:\/\/empresas.infoempleo.com\/hrtrends\/5-pasos-para-implementar-el-workation-en-tu-empresa\/","name":"5 pasos para implementar el Workation en tu empresa","isPartOf":{"@id":"https:\/\/empresas.infoempleo.com\/hrtrends\/#website"},"primaryImageOfPage":{"@id":"https:\/\/empresas.infoempleo.com\/hrtrends\/5-pasos-para-implementar-el-workation-en-tu-empresa\/#primaryimage"},"image":{"@id":"https:\/\/empresas.infoempleo.com\/hrtrends\/5-pasos-para-implementar-el-workation-en-tu-empresa\/#primaryimage"},"thumbnailUrl":"https:\/\/empresas.infoempleo.com\/hrtrends\/media\/2024\/07\/Trabajadora-hablando-con-su-equipo-acerca-de-como-implementar-el-workation.jpg","datePublished":"2024-08-10T05:00:47+00:00","description":"Si quieres retener el talento m\u00e1s valioso en tu organizaci\u00f3n, implementar el workation puede ser una forma muy interesante de hacerlo","breadcrumb":{"@id":"https:\/\/empresas.infoempleo.com\/hrtrends\/5-pasos-para-implementar-el-workation-en-tu-empresa\/#breadcrumb"},"inLanguage":"es","potentialAction":[{"@type":"ReadAction","target":["https:\/\/empresas.infoempleo.com\/hrtrends\/5-pasos-para-implementar-el-workation-en-tu-empresa\/"]}]},{"@type":"ImageObject","inLanguage":"es","@id":"https:\/\/empresas.infoempleo.com\/hrtrends\/5-pasos-para-implementar-el-workation-en-tu-empresa\/#primaryimage","url":"https:\/\/empresas.infoempleo.com\/hrtrends\/media\/2024\/07\/Trabajadora-hablando-con-su-equipo-acerca-de-como-implementar-el-workation-150x150.jpg","contentUrl":"https:\/\/empresas.infoempleo.com\/hrtrends\/media\/2024\/07\/Trabajadora-hablando-con-su-equipo-acerca-de-como-implementar-el-workation-150x150.jpg","width":150,"height":150,"caption":"Trabajadora hablando con su equipo acerca de c\u00f3mo implementar el workation"},{"@type":"BreadcrumbList","@id":"https:\/\/empresas.infoempleo.com\/hrtrends\/5-pasos-para-implementar-el-workation-en-tu-empresa\/#breadcrumb","itemListElement":[{"@type":"ListItem","position":1,"name":"Portada","item":"https:\/\/empresas.infoempleo.com\/hrtrends\/"},{"@type":"ListItem","position":2,"name":"5 pasos para implementar el Workation en tu empresa"}]},{"@type":"WebSite","@id":"https:\/\/empresas.infoempleo.com\/hrtrends\/#website","url":"https:\/\/empresas.infoempleo.com\/hrtrends","name":"HRTrends by Infoempleo","description":"","publisher":{"@id":"https:\/\/empresas.infoempleo.com\/hrtrends\/#organization"},"potentialAction":{"@type":"SearchAction","target":"https:\/\/empresas.infoempleo.com\/hrtrends\/?s={search_term_string}","query-input":"required name=search_term_string"},"inLanguage":"es"},{"@type":"Organization","@id":"https:\/\/empresas.infoempleo.com\/hrtrends\/#organization","name":"Infoempleo","url":"https:\/\/www.infoempleo.com\/","logo":{"@type":"ImageObject","@id":"https:\/\/empresas.infoempleo.com\/hrtrends\/#logo","inLanguage":"es","url":"https:\/\/cdnazure.infoempleo.com\/infoempleo\/assets\/style\/gfx\/logo.svg","contentUrl":"https:\/\/cdnazure.infoempleo.com\/infoempleo\/assets\/style\/gfx\/logo.svg","width":150,"height":40,"caption":"Infoempleo"},"image":{"@id":"https:\/\/empresas.infoempleo.com\/hrtrends\/#logo"},"sameAs":["https:\/\/www.facebook.com\/Infoempleo","https:\/\/x.com\/infoempleo","http:\/\/instagram.com\/infoempleo\/","http:\/\/www.linkedin.com\/groups\/Empleo-Espa\u00f1a-Infoempleocom-111276","http:\/\/pinterest.com\/infoempleo\/"],"address":{"@type":"PostalAddress","addressLocality":"Madrid","postalCode":"28050","streetAddress":"Avenida de Burgos 114"},"brand":["Infoempleo"]},{"@type":"Person","@id":"https:\/\/empresas.infoempleo.com\/hrtrends\/#\/schema\/person\/88b42392bdc432205cbf92369d8a60cd","name":"Mario Moreno","image":{"@type":"ImageObject","inLanguage":"es","@id":"https:\/\/empresas.infoempleo.com\/hrtrends\/#\/schema\/person\/image\/","url":"https:\/\/secure.gravatar.com\/avatar\/8dae6578727951cbcab39cfbe7a83beef8ade9481dd83b8d55406be02b0ec42a?s=96&d=mm&r=g","contentUrl":"https:\/\/secure.gravatar.com\/avatar\/8dae6578727951cbcab39cfbe7a83beef8ade9481dd83b8d55406be02b0ec42a?s=96&d=mm&r=g","caption":"Mario Moreno"},"url":"https:\/\/empresas.infoempleo.com\/hrtrends\/author\/mariomoreno\/"}]}},"amp_enabled":true,"_links":{"self":[{"href":"https:\/\/empresas.infoempleo.com\/hrtrends\/wp-json\/wp\/v2\/posts\/44571","targetHints":{"allow":["GET"]}}],"collection":[{"href":"https:\/\/empresas.infoempleo.com\/hrtrends\/wp-json\/wp\/v2\/posts"}],"about":[{"href":"https:\/\/empresas.infoempleo.com\/hrtrends\/wp-json\/wp\/v2\/types\/post"}],"author":[{"embeddable":true,"href":"https:\/\/empresas.infoempleo.com\/hrtrends\/wp-json\/wp\/v2\/users\/140"}],"replies":[{"embeddable":true,"href":"https:\/\/empresas.infoempleo.com\/hrtrends\/wp-json\/wp\/v2\/comments?post=44571"}],"version-history":[{"count":4,"href":"https:\/\/empresas.infoempleo.com\/hrtrends\/wp-json\/wp\/v2\/posts\/44571\/revisions"}],"predecessor-version":[{"id":44581,"href":"https:\/\/empresas.infoempleo.com\/hrtrends\/wp-json\/wp\/v2\/posts\/44571\/revisions\/44581"}],"wp:featuredmedia":[{"embeddable":true,"href":"https:\/\/empresas.infoempleo.com\/hrtrends\/wp-json\/wp\/v2\/media\/44439"}],"wp:attachment":[{"href":"https:\/\/empresas.infoempleo.com\/hrtrends\/wp-json\/wp\/v2\/media?parent=44571"}],"wp:term":[{"taxonomy":"category","embeddable":true,"href":"https:\/\/empresas.infoempleo.com\/hrtrends\/wp-json\/wp\/v2\/categories?post=44571"},{"taxonomy":"post_tag","embeddable":true,"href":"https:\/\/empresas.infoempleo.com\/hrtrends\/wp-json\/wp\/v2\/tags?post=44571"}],"curies":[{"name":"wp","href":"https:\/\/api.w.org\/{rel}","templated":true}]}}