{"id":44443,"date":"2024-08-06T07:00:16","date_gmt":"2024-08-06T05:00:16","guid":{"rendered":"https:\/\/empresas.infoempleo.com\/hrtrends\/?p=44443"},"modified":"2024-08-07T15:06:56","modified_gmt":"2024-08-07T13:06:56","slug":"que-es-un-antilider-y-como-puede-afectar-a-los-equipos","status":"publish","type":"post","link":"https:\/\/empresas.infoempleo.com\/hrtrends\/que-es-un-antilider-y-como-puede-afectar-a-los-equipos\/","title":{"rendered":"\u00bfQu\u00e9 es un antil\u00edder y c\u00f3mo puede afectar a los equipos?"},"content":{"rendered":"<p>Existen muchos<strong> tipos de l\u00edderes,<\/strong> y cada uno es el \u00f3ptimo para determinadas circunstancias y la consecuci\u00f3n de diferentes objetivos, sin que ninguno sea estrictamente mejor que los dem\u00e1s. Hoy vamos a tratar de la figura del <strong>antil\u00edder<\/strong>, que est\u00e1 en el polo opuesto a todos los dem\u00e1s, y veremos c\u00f3mo puede comprometer la eficiencia de la organizaci\u00f3n.<\/p>\n<h2>La importancia del liderazgo<\/h2>\n<p>El liderazgo en las empresas ha ido transform\u00e1ndose con el tiempo y la evoluci\u00f3n de la sociedad, de la misma forma en que lo hacen el resto de los aspectos de nuestra cultura. Poco a poco se ha ido formando el <strong>concepto moderno de liderazgo<\/strong>, que idealmente cuenta con una serie de caracter\u00edsticas: empat\u00eda, capacidad de escucha activa, credibilidad, capacidad negociadora\u2026<\/p>\n<p>Sin embargo, podr\u00edamos afirmar que <strong>la principal cualidad de un l\u00edder es la<\/strong> <strong>integridad personal<\/strong>. Se trata de una cualidad que no va a inculcarte ning\u00fan tipo de formaci\u00f3n por exclusiva y efectiva que sea. Y precisamente la <strong>falta de integridad<\/strong> es lo que define, en negativo, al antil\u00edder.<\/p>\n<p>Saber reconocer a un antil\u00edder, y ser consciente del <strong>i<\/strong><strong>mpacto del mal liderazgo<\/strong> sobre los equipos que dirige, es crucial para una empresa que desee continuar creciendo. Pero a\u00fan m\u00e1s ser conscientes de que, con frecuencia, un antil\u00edder puede haber crecido al amparo de una <strong>cultura organizacional equivocada<\/strong>.<\/p>\n<h2>C\u00f3mo reconocer a un antil\u00edder<\/h2>\n<p>Cualquier trabajador senior que haya pasado por varias empresas a lo largo de su carrera podr\u00eda dar una clase magistral sobre el antil\u00edder. La raz\u00f3n es que se trata de ese tipo de directivo que <strong>todo empleado teme tener por encima<\/strong>. Posee varias caracter\u00edsticas muy reconocibles, pero todas derivan de una concepci\u00f3n t\u00f3xica de su puesto y su papel.<\/p>\n<p>El <strong>antil\u00edder<\/strong> est\u00e1 motivado ante todo por un <strong>concepto egoc\u00e9ntrico de s\u00ed mismo<\/strong> y una concepci\u00f3n <strong>dominante<\/strong> y <strong>aut\u00f3crata<\/strong> del liderazgo. Se trata de una persona apegada a un relato adulador de s\u00ed misma en el que los dem\u00e1s se limitan a cumplir el papel de subordinados sin voz ni voto.<\/p>\n<p>Los principales puntos diagn\u00f3sticos a los que debe prestar atenci\u00f3n el departamento de Recursos Humanos para<strong> detectar un l<\/strong><strong>iderazgo negativo<\/strong> en el seno de la organizaci\u00f3n son:<\/p>\n<ul>\n<li><strong>Falta de comunicaci\u00f3n efectiva<\/strong>. El antil\u00edder no solo es incapaz de escuchar el feedback que las personas de su equipo le transmiten. Adem\u00e1s, su forma de comunicarse es siempre confusa y contradictoria.<\/li>\n<li><strong>Falta de empat\u00eda<\/strong>. No nuestra ninguna comprensi\u00f3n ni preocupaci\u00f3n por los empleados, ni sus problemas personales.<\/li>\n<li><strong>Obsesi\u00f3n por el control (micromanagment)<\/strong>. Es incapaz de delegar, porque su ego no se lo permite. Por lo tanto, necesita controlar cada peque\u00f1o aspecto de los proyectos, puenteando las responsabilidades de sus subordinados y generando por tanto malestar.<\/li>\n<li><strong>Toma de decisiones ineficaz<\/strong>. Al no ser capaz de comunicarse efectivamente con su equipo ni estar orientado a los objetivos y la productividad, sus decisiones son siempre precipitadas y, con frecuencia, equivocadas.<\/li>\n<li><strong>No fomenta la colaboraci\u00f3n<\/strong>. El antil\u00edder es ajeno a los beneficios de un trabajo colaborativo, de forma que nunca lo promover\u00e1 en su equipo.<\/li>\n<\/ul>\n<p><img loading=\"lazy\" decoding=\"async\" class=\"aligncenter wp-image-44435 size-full\" title=\"Equipo investigando la figura del antil\u00edder\" src=\"https:\/\/empresas.infoempleo.com\/hrtrends\/media\/2024\/07\/Equipo-investigando-la-figura-del-antilider.jpg\" alt=\"Equipo investigando la figura del antil\u00edder\" width=\"800\" height=\"533\" srcset=\"https:\/\/empresas.infoempleo.com\/hrtrends\/media\/2024\/07\/Equipo-investigando-la-figura-del-antilider.jpg 800w, https:\/\/empresas.infoempleo.com\/hrtrends\/media\/2024\/07\/Equipo-investigando-la-figura-del-antilider-300x200.jpg 300w, https:\/\/empresas.infoempleo.com\/hrtrends\/media\/2024\/07\/Equipo-investigando-la-figura-del-antilider-768x512.jpg 768w\" sizes=\"auto, (max-width: 800px) 100vw, 800px\" \/><\/p>\n<h2>\u00bfCu\u00e1les son los efectos del antil\u00edder en el equipo?<\/h2>\n<p>Los <strong>equipos de trabajo que est\u00e1n dirigidos por un antil\u00edder<\/strong> son perfectamente reconocibles desde RRHH.<\/p>\n<ul>\n<li><strong>El liderazgo negativo produce un<\/strong> <strong>alto nivel de desmotivaci\u00f3n<\/strong> entre los empleados, ya que el esfuerzo no recibe ninguna recompensa.<\/li>\n<li><strong>Crece la<\/strong> <strong>rotaci\u00f3n de personal<\/strong> de forma notoria ya que, literalmente, nadie quiere trabajar con un antil\u00edder.<\/li>\n<li><strong>La productividad cae<\/strong> de forma visible.<\/li>\n<li><strong>Aumentan los casos de <a href=\"https:\/\/empresas.infoempleo.com\/hrtrends\/como-reducir-sintomas-de-desgaste-laboral-para-aumentar-la-productividad\/\" target=\"_blank\" rel=\"noopener\">burnout<\/a><\/strong>.<\/li>\n<\/ul>\n<p>Estos <strong>efectos nocivos sobre los empleados<\/strong> repercuten antes o despu\u00e9s en la totalidad de la organizaci\u00f3n. Para empezar, la <strong>imagen y la reputaci\u00f3n de la empresa<\/strong> se pueden ver muy mermadas si la situaci\u00f3n se sostiene en el tiempo y no se act\u00faa a tiempo.<\/p>\n<p>La rotaci\u00f3n antes mencionada conduce a una <strong>p\u00e9rdida irreparable de talento<\/strong>, que reduce la capacidad de crecimiento. Y desde luego, puede haber una <strong>p\u00e9rdida de capacidad para la innovaci\u00f3n<\/strong>, ya que los empleados no se sienten escuchados y por lo tanto son reacios a aportar ideas nuevas.<\/p>\n<h2>C\u00f3mo actuar desde el departamento de RRHH<\/h2>\n<p>El departamento debe siempre llevar a cabo una intensa monitorizaci\u00f3n de la labor de los l\u00edderes de departamento para detectar a un antil\u00edder. Esto debe complementarse con <strong>acciones de formaci\u00f3n en liderazgo y comunicaci\u00f3n efectiva<\/strong>.<\/p>\n<p>Es tambi\u00e9n fundamental que los empleados tengan <strong>canales an\u00f3nimos<\/strong> en los que puedan expresar sus opiniones sobre sus l\u00edderes.<\/p>\n<p>Y, por supuesto, debe contemplarse siempre la <strong>posibilidad de reasignar<\/strong> a los l\u00edderes o a los empleados.<\/p>\n","protected":false},"excerpt":{"rendered":"<p>Existen muchos tipos de l\u00edderes, y cada uno es el \u00f3ptimo para determinadas circunstancias y la consecuci\u00f3n de<a class=\"moretag\" href=\"https:\/\/empresas.infoempleo.com\/hrtrends\/que-es-un-antilider-y-como-puede-afectar-a-los-equipos\/\"> Leer m\u00e1s<\/a><\/p>\n","protected":false},"author":140,"featured_media":44434,"comment_status":"closed","ping_status":"closed","sticky":false,"template":"","format":"standard","meta":{"footnotes":""},"categories":[3],"tags":[2314,21,274],"class_list":["post-44443","post","type-post","status-publish","format-standard","has-post-thumbnail","hentry","category-actualidad","tag-ambiente-laboral","tag-liderazgo","tag-motivacion"],"yoast_head":"<!-- This site is optimized with the Yoast SEO plugin v26.1.1 - https:\/\/yoast.com\/wordpress\/plugins\/seo\/ -->\n<title>\u00bfQu\u00e9 es un antil\u00edder y c\u00f3mo puede afectar a los equipos?<\/title>\n<meta name=\"description\" content=\"Hoy vamos a tratar de la figura del antil\u00edder y veremos c\u00f3mo puede comprometer la eficiencia de la organizaci\u00f3n\" \/>\n<meta name=\"robots\" content=\"index, follow, max-snippet:-1, max-image-preview:large, max-video-preview:-1\" \/>\n<link rel=\"canonical\" href=\"https:\/\/empresas.infoempleo.com\/hrtrends\/que-es-un-antilider-y-como-puede-afectar-a-los-equipos\/\" \/>\n<meta property=\"og:locale\" content=\"es_ES\" \/>\n<meta property=\"og:type\" content=\"article\" \/>\n<meta property=\"og:title\" content=\"\u00bfQu\u00e9 es un antil\u00edder y c\u00f3mo puede afectar a los equipos?\" \/>\n<meta property=\"og:description\" content=\"Hoy vamos a tratar de la figura del antil\u00edder y veremos c\u00f3mo puede comprometer la eficiencia de la organizaci\u00f3n\" \/>\n<meta property=\"og:url\" content=\"https:\/\/empresas.infoempleo.com\/hrtrends\/que-es-un-antilider-y-como-puede-afectar-a-los-equipos\/\" \/>\n<meta property=\"og:site_name\" content=\"HRTRENDS\" \/>\n<meta property=\"article:publisher\" content=\"https:\/\/www.facebook.com\/Infoempleo\" \/>\n<meta property=\"article:published_time\" content=\"2024-08-06T05:00:16+00:00\" \/>\n<meta property=\"article:modified_time\" content=\"2024-08-07T13:06:56+00:00\" \/>\n<meta property=\"og:image\" content=\"https:\/\/empresas.infoempleo.com\/hrtrends\/media\/2024\/07\/Grupo-de-trabajo-descubriendo-en-que-consiste-la-figura-del-antilider.jpg\" \/>\n\t<meta property=\"og:image:width\" content=\"1200\" \/>\n\t<meta property=\"og:image:height\" content=\"800\" \/>\n\t<meta property=\"og:image:type\" content=\"image\/jpeg\" \/>\n<meta name=\"author\" content=\"Mario Moreno\" \/>\n<meta name=\"twitter:card\" content=\"summary_large_image\" \/>\n<meta name=\"twitter:creator\" content=\"@infoempleo\" \/>\n<meta name=\"twitter:site\" content=\"@infoempleo\" \/>\n<meta name=\"twitter:label1\" content=\"Escrito por\" \/>\n\t<meta name=\"twitter:data1\" content=\"Mario Moreno\" \/>\n\t<meta name=\"twitter:label2\" content=\"Tiempo de lectura\" \/>\n\t<meta name=\"twitter:data2\" content=\"4 minutos\" \/>\n<script type=\"application\/ld+json\" class=\"yoast-schema-graph\">{\"@context\":\"https:\/\/schema.org\",\"@graph\":[{\"@type\":\"NewsArticle\",\"@id\":\"https:\/\/empresas.infoempleo.com\/hrtrends\/que-es-un-antilider-y-como-puede-afectar-a-los-equipos\/#article\",\"isPartOf\":{\"@id\":\"https:\/\/empresas.infoempleo.com\/hrtrends\/que-es-un-antilider-y-como-puede-afectar-a-los-equipos\/\"},\"author\":{\"name\":\"Mario Moreno\",\"@id\":\"https:\/\/empresas.infoempleo.com\/hrtrends\/#\/schema\/person\/88b42392bdc432205cbf92369d8a60cd\"},\"headline\":\"\u00bfQu\u00e9 es un antil\u00edder y c\u00f3mo puede afectar a los equipos?\",\"datePublished\":\"2024-08-06T05:00:16+00:00\",\"dateModified\":\"2024-08-07T13:06:56+00:00\",\"mainEntityOfPage\":{\"@id\":\"https:\/\/empresas.infoempleo.com\/hrtrends\/que-es-un-antilider-y-como-puede-afectar-a-los-equipos\/\"},\"wordCount\":833,\"publisher\":{\"@id\":\"https:\/\/empresas.infoempleo.com\/hrtrends\/#organization\"},\"image\":{\"@id\":\"https:\/\/empresas.infoempleo.com\/hrtrends\/que-es-un-antilider-y-como-puede-afectar-a-los-equipos\/#primaryimage\"},\"thumbnailUrl\":\"https:\/\/empresas.infoempleo.com\/hrtrends\/media\/2024\/07\/Grupo-de-trabajo-descubriendo-en-que-consiste-la-figura-del-antilider.jpg\",\"keywords\":[\"ambiente laboral\",\"liderazgo\",\"motivaci\u00f3n\"],\"articleSection\":[\"Actualidad\"],\"inLanguage\":\"es\",\"copyrightYear\":\"2024\",\"copyrightHolder\":{\"@id\":\"https:\/\/empresas.infoempleo.com\/hrtrends\/#organization\"}},{\"@type\":\"WebPage\",\"@id\":\"https:\/\/empresas.infoempleo.com\/hrtrends\/que-es-un-antilider-y-como-puede-afectar-a-los-equipos\/\",\"url\":\"https:\/\/empresas.infoempleo.com\/hrtrends\/que-es-un-antilider-y-como-puede-afectar-a-los-equipos\/\",\"name\":\"\u00bfQu\u00e9 es un antil\u00edder y c\u00f3mo puede afectar a los equipos?\",\"isPartOf\":{\"@id\":\"https:\/\/empresas.infoempleo.com\/hrtrends\/#website\"},\"primaryImageOfPage\":{\"@id\":\"https:\/\/empresas.infoempleo.com\/hrtrends\/que-es-un-antilider-y-como-puede-afectar-a-los-equipos\/#primaryimage\"},\"image\":{\"@id\":\"https:\/\/empresas.infoempleo.com\/hrtrends\/que-es-un-antilider-y-como-puede-afectar-a-los-equipos\/#primaryimage\"},\"thumbnailUrl\":\"https:\/\/empresas.infoempleo.com\/hrtrends\/media\/2024\/07\/Grupo-de-trabajo-descubriendo-en-que-consiste-la-figura-del-antilider.jpg\",\"datePublished\":\"2024-08-06T05:00:16+00:00\",\"dateModified\":\"2024-08-07T13:06:56+00:00\",\"description\":\"Hoy vamos a tratar de la figura del antil\u00edder y veremos c\u00f3mo puede comprometer la eficiencia de la organizaci\u00f3n\",\"breadcrumb\":{\"@id\":\"https:\/\/empresas.infoempleo.com\/hrtrends\/que-es-un-antilider-y-como-puede-afectar-a-los-equipos\/#breadcrumb\"},\"inLanguage\":\"es\",\"potentialAction\":[{\"@type\":\"ReadAction\",\"target\":[\"https:\/\/empresas.infoempleo.com\/hrtrends\/que-es-un-antilider-y-como-puede-afectar-a-los-equipos\/\"]}]},{\"@type\":\"ImageObject\",\"inLanguage\":\"es\",\"@id\":\"https:\/\/empresas.infoempleo.com\/hrtrends\/que-es-un-antilider-y-como-puede-afectar-a-los-equipos\/#primaryimage\",\"url\":\"https:\/\/empresas.infoempleo.com\/hrtrends\/media\/2024\/07\/Grupo-de-trabajo-descubriendo-en-que-consiste-la-figura-del-antilider-150x150.jpg\",\"contentUrl\":\"https:\/\/empresas.infoempleo.com\/hrtrends\/media\/2024\/07\/Grupo-de-trabajo-descubriendo-en-que-consiste-la-figura-del-antilider-150x150.jpg\",\"width\":150,\"height\":150,\"caption\":\"Grupo de trabajo descubriendo en qu\u00e9 consiste la figura del antil\u00edder\"},{\"@type\":\"BreadcrumbList\",\"@id\":\"https:\/\/empresas.infoempleo.com\/hrtrends\/que-es-un-antilider-y-como-puede-afectar-a-los-equipos\/#breadcrumb\",\"itemListElement\":[{\"@type\":\"ListItem\",\"position\":1,\"name\":\"Portada\",\"item\":\"https:\/\/empresas.infoempleo.com\/hrtrends\/\"},{\"@type\":\"ListItem\",\"position\":2,\"name\":\"\u00bfQu\u00e9 es un antil\u00edder y c\u00f3mo puede afectar a los equipos?\"}]},{\"@type\":\"WebSite\",\"@id\":\"https:\/\/empresas.infoempleo.com\/hrtrends\/#website\",\"url\":\"https:\/\/empresas.infoempleo.com\/hrtrends\",\"name\":\"HRTrends by Infoempleo\",\"description\":\"\",\"publisher\":{\"@id\":\"https:\/\/empresas.infoempleo.com\/hrtrends\/#organization\"},\"potentialAction\":{\"@type\":\"SearchAction\",\"target\":\"https:\/\/empresas.infoempleo.com\/hrtrends\/?s={search_term_string}\",\"query-input\":\"required name=search_term_string\"},\"inLanguage\":\"es\"},{\"@type\":\"Organization\",\"@id\":\"https:\/\/empresas.infoempleo.com\/hrtrends\/#organization\",\"name\":\"Infoempleo\",\"url\":\"https:\/\/www.infoempleo.com\/\",\"logo\":{\"@type\":\"ImageObject\",\"@id\":\"https:\/\/empresas.infoempleo.com\/hrtrends\/#logo\",\"inLanguage\":\"es\",\"url\":\"https:\/\/cdnazure.infoempleo.com\/infoempleo\/assets\/style\/gfx\/logo.svg\",\"contentUrl\":\"https:\/\/cdnazure.infoempleo.com\/infoempleo\/assets\/style\/gfx\/logo.svg\",\"width\":150,\"height\":40,\"caption\":\"Infoempleo\"},\"image\":{\"@id\":\"https:\/\/empresas.infoempleo.com\/hrtrends\/#logo\"},\"sameAs\":[\"https:\/\/www.facebook.com\/Infoempleo\",\"https:\/\/x.com\/infoempleo\",\"http:\/\/instagram.com\/infoempleo\/\",\"http:\/\/www.linkedin.com\/groups\/Empleo-Espa\u00f1a-Infoempleocom-111276\",\"http:\/\/pinterest.com\/infoempleo\/\"],\"address\":{\"@type\":\"PostalAddress\",\"addressLocality\":\"Madrid\",\"postalCode\":\"28050\",\"streetAddress\":\"Avenida de Burgos 114\"},\"brand\":[\"Infoempleo\"]},{\"@type\":\"Person\",\"@id\":\"https:\/\/empresas.infoempleo.com\/hrtrends\/#\/schema\/person\/88b42392bdc432205cbf92369d8a60cd\",\"name\":\"Mario Moreno\",\"image\":{\"@type\":\"ImageObject\",\"inLanguage\":\"es\",\"@id\":\"https:\/\/empresas.infoempleo.com\/hrtrends\/#\/schema\/person\/image\/\",\"url\":\"https:\/\/secure.gravatar.com\/avatar\/8dae6578727951cbcab39cfbe7a83beef8ade9481dd83b8d55406be02b0ec42a?s=96&d=mm&r=g\",\"contentUrl\":\"https:\/\/secure.gravatar.com\/avatar\/8dae6578727951cbcab39cfbe7a83beef8ade9481dd83b8d55406be02b0ec42a?s=96&d=mm&r=g\",\"caption\":\"Mario Moreno\"},\"url\":\"https:\/\/empresas.infoempleo.com\/hrtrends\/author\/mariomoreno\/\"}]}<\/script>\n<!-- \/ Yoast SEO plugin. -->","yoast_head_json":{"title":"\u00bfQu\u00e9 es un antil\u00edder y c\u00f3mo puede afectar a los equipos?","description":"Hoy vamos a tratar de la figura del antil\u00edder y veremos c\u00f3mo puede comprometer la eficiencia de la organizaci\u00f3n","robots":{"index":"index","follow":"follow","max-snippet":"max-snippet:-1","max-image-preview":"max-image-preview:large","max-video-preview":"max-video-preview:-1"},"canonical":"https:\/\/empresas.infoempleo.com\/hrtrends\/que-es-un-antilider-y-como-puede-afectar-a-los-equipos\/","og_locale":"es_ES","og_type":"article","og_title":"\u00bfQu\u00e9 es un antil\u00edder y c\u00f3mo puede afectar a los equipos?","og_description":"Hoy vamos a tratar de la figura del antil\u00edder y veremos c\u00f3mo puede comprometer la eficiencia de la organizaci\u00f3n","og_url":"https:\/\/empresas.infoempleo.com\/hrtrends\/que-es-un-antilider-y-como-puede-afectar-a-los-equipos\/","og_site_name":"HRTRENDS","article_publisher":"https:\/\/www.facebook.com\/Infoempleo","article_published_time":"2024-08-06T05:00:16+00:00","article_modified_time":"2024-08-07T13:06:56+00:00","og_image":[{"width":1200,"height":800,"url":"https:\/\/empresas.infoempleo.com\/hrtrends\/media\/2024\/07\/Grupo-de-trabajo-descubriendo-en-que-consiste-la-figura-del-antilider.jpg","type":"image\/jpeg"}],"author":"Mario Moreno","twitter_card":"summary_large_image","twitter_creator":"@infoempleo","twitter_site":"@infoempleo","twitter_misc":{"Escrito por":"Mario Moreno","Tiempo de lectura":"4 minutos"},"schema":{"@context":"https:\/\/schema.org","@graph":[{"@type":"NewsArticle","@id":"https:\/\/empresas.infoempleo.com\/hrtrends\/que-es-un-antilider-y-como-puede-afectar-a-los-equipos\/#article","isPartOf":{"@id":"https:\/\/empresas.infoempleo.com\/hrtrends\/que-es-un-antilider-y-como-puede-afectar-a-los-equipos\/"},"author":{"name":"Mario Moreno","@id":"https:\/\/empresas.infoempleo.com\/hrtrends\/#\/schema\/person\/88b42392bdc432205cbf92369d8a60cd"},"headline":"\u00bfQu\u00e9 es un antil\u00edder y c\u00f3mo puede afectar a los equipos?","datePublished":"2024-08-06T05:00:16+00:00","dateModified":"2024-08-07T13:06:56+00:00","mainEntityOfPage":{"@id":"https:\/\/empresas.infoempleo.com\/hrtrends\/que-es-un-antilider-y-como-puede-afectar-a-los-equipos\/"},"wordCount":833,"publisher":{"@id":"https:\/\/empresas.infoempleo.com\/hrtrends\/#organization"},"image":{"@id":"https:\/\/empresas.infoempleo.com\/hrtrends\/que-es-un-antilider-y-como-puede-afectar-a-los-equipos\/#primaryimage"},"thumbnailUrl":"https:\/\/empresas.infoempleo.com\/hrtrends\/media\/2024\/07\/Grupo-de-trabajo-descubriendo-en-que-consiste-la-figura-del-antilider.jpg","keywords":["ambiente laboral","liderazgo","motivaci\u00f3n"],"articleSection":["Actualidad"],"inLanguage":"es","copyrightYear":"2024","copyrightHolder":{"@id":"https:\/\/empresas.infoempleo.com\/hrtrends\/#organization"}},{"@type":"WebPage","@id":"https:\/\/empresas.infoempleo.com\/hrtrends\/que-es-un-antilider-y-como-puede-afectar-a-los-equipos\/","url":"https:\/\/empresas.infoempleo.com\/hrtrends\/que-es-un-antilider-y-como-puede-afectar-a-los-equipos\/","name":"\u00bfQu\u00e9 es un antil\u00edder y c\u00f3mo puede afectar a los equipos?","isPartOf":{"@id":"https:\/\/empresas.infoempleo.com\/hrtrends\/#website"},"primaryImageOfPage":{"@id":"https:\/\/empresas.infoempleo.com\/hrtrends\/que-es-un-antilider-y-como-puede-afectar-a-los-equipos\/#primaryimage"},"image":{"@id":"https:\/\/empresas.infoempleo.com\/hrtrends\/que-es-un-antilider-y-como-puede-afectar-a-los-equipos\/#primaryimage"},"thumbnailUrl":"https:\/\/empresas.infoempleo.com\/hrtrends\/media\/2024\/07\/Grupo-de-trabajo-descubriendo-en-que-consiste-la-figura-del-antilider.jpg","datePublished":"2024-08-06T05:00:16+00:00","dateModified":"2024-08-07T13:06:56+00:00","description":"Hoy vamos a tratar de la figura del antil\u00edder y veremos c\u00f3mo puede comprometer la eficiencia de la organizaci\u00f3n","breadcrumb":{"@id":"https:\/\/empresas.infoempleo.com\/hrtrends\/que-es-un-antilider-y-como-puede-afectar-a-los-equipos\/#breadcrumb"},"inLanguage":"es","potentialAction":[{"@type":"ReadAction","target":["https:\/\/empresas.infoempleo.com\/hrtrends\/que-es-un-antilider-y-como-puede-afectar-a-los-equipos\/"]}]},{"@type":"ImageObject","inLanguage":"es","@id":"https:\/\/empresas.infoempleo.com\/hrtrends\/que-es-un-antilider-y-como-puede-afectar-a-los-equipos\/#primaryimage","url":"https:\/\/empresas.infoempleo.com\/hrtrends\/media\/2024\/07\/Grupo-de-trabajo-descubriendo-en-que-consiste-la-figura-del-antilider-150x150.jpg","contentUrl":"https:\/\/empresas.infoempleo.com\/hrtrends\/media\/2024\/07\/Grupo-de-trabajo-descubriendo-en-que-consiste-la-figura-del-antilider-150x150.jpg","width":150,"height":150,"caption":"Grupo de trabajo descubriendo en qu\u00e9 consiste la figura del antil\u00edder"},{"@type":"BreadcrumbList","@id":"https:\/\/empresas.infoempleo.com\/hrtrends\/que-es-un-antilider-y-como-puede-afectar-a-los-equipos\/#breadcrumb","itemListElement":[{"@type":"ListItem","position":1,"name":"Portada","item":"https:\/\/empresas.infoempleo.com\/hrtrends\/"},{"@type":"ListItem","position":2,"name":"\u00bfQu\u00e9 es un antil\u00edder y c\u00f3mo puede afectar a los equipos?"}]},{"@type":"WebSite","@id":"https:\/\/empresas.infoempleo.com\/hrtrends\/#website","url":"https:\/\/empresas.infoempleo.com\/hrtrends","name":"HRTrends by Infoempleo","description":"","publisher":{"@id":"https:\/\/empresas.infoempleo.com\/hrtrends\/#organization"},"potentialAction":{"@type":"SearchAction","target":"https:\/\/empresas.infoempleo.com\/hrtrends\/?s={search_term_string}","query-input":"required name=search_term_string"},"inLanguage":"es"},{"@type":"Organization","@id":"https:\/\/empresas.infoempleo.com\/hrtrends\/#organization","name":"Infoempleo","url":"https:\/\/www.infoempleo.com\/","logo":{"@type":"ImageObject","@id":"https:\/\/empresas.infoempleo.com\/hrtrends\/#logo","inLanguage":"es","url":"https:\/\/cdnazure.infoempleo.com\/infoempleo\/assets\/style\/gfx\/logo.svg","contentUrl":"https:\/\/cdnazure.infoempleo.com\/infoempleo\/assets\/style\/gfx\/logo.svg","width":150,"height":40,"caption":"Infoempleo"},"image":{"@id":"https:\/\/empresas.infoempleo.com\/hrtrends\/#logo"},"sameAs":["https:\/\/www.facebook.com\/Infoempleo","https:\/\/x.com\/infoempleo","http:\/\/instagram.com\/infoempleo\/","http:\/\/www.linkedin.com\/groups\/Empleo-Espa\u00f1a-Infoempleocom-111276","http:\/\/pinterest.com\/infoempleo\/"],"address":{"@type":"PostalAddress","addressLocality":"Madrid","postalCode":"28050","streetAddress":"Avenida de Burgos 114"},"brand":["Infoempleo"]},{"@type":"Person","@id":"https:\/\/empresas.infoempleo.com\/hrtrends\/#\/schema\/person\/88b42392bdc432205cbf92369d8a60cd","name":"Mario Moreno","image":{"@type":"ImageObject","inLanguage":"es","@id":"https:\/\/empresas.infoempleo.com\/hrtrends\/#\/schema\/person\/image\/","url":"https:\/\/secure.gravatar.com\/avatar\/8dae6578727951cbcab39cfbe7a83beef8ade9481dd83b8d55406be02b0ec42a?s=96&d=mm&r=g","contentUrl":"https:\/\/secure.gravatar.com\/avatar\/8dae6578727951cbcab39cfbe7a83beef8ade9481dd83b8d55406be02b0ec42a?s=96&d=mm&r=g","caption":"Mario Moreno"},"url":"https:\/\/empresas.infoempleo.com\/hrtrends\/author\/mariomoreno\/"}]}},"amp_enabled":true,"_links":{"self":[{"href":"https:\/\/empresas.infoempleo.com\/hrtrends\/wp-json\/wp\/v2\/posts\/44443","targetHints":{"allow":["GET"]}}],"collection":[{"href":"https:\/\/empresas.infoempleo.com\/hrtrends\/wp-json\/wp\/v2\/posts"}],"about":[{"href":"https:\/\/empresas.infoempleo.com\/hrtrends\/wp-json\/wp\/v2\/types\/post"}],"author":[{"embeddable":true,"href":"https:\/\/empresas.infoempleo.com\/hrtrends\/wp-json\/wp\/v2\/users\/140"}],"replies":[{"embeddable":true,"href":"https:\/\/empresas.infoempleo.com\/hrtrends\/wp-json\/wp\/v2\/comments?post=44443"}],"version-history":[{"count":5,"href":"https:\/\/empresas.infoempleo.com\/hrtrends\/wp-json\/wp\/v2\/posts\/44443\/revisions"}],"predecessor-version":[{"id":44577,"href":"https:\/\/empresas.infoempleo.com\/hrtrends\/wp-json\/wp\/v2\/posts\/44443\/revisions\/44577"}],"wp:featuredmedia":[{"embeddable":true,"href":"https:\/\/empresas.infoempleo.com\/hrtrends\/wp-json\/wp\/v2\/media\/44434"}],"wp:attachment":[{"href":"https:\/\/empresas.infoempleo.com\/hrtrends\/wp-json\/wp\/v2\/media?parent=44443"}],"wp:term":[{"taxonomy":"category","embeddable":true,"href":"https:\/\/empresas.infoempleo.com\/hrtrends\/wp-json\/wp\/v2\/categories?post=44443"},{"taxonomy":"post_tag","embeddable":true,"href":"https:\/\/empresas.infoempleo.com\/hrtrends\/wp-json\/wp\/v2\/tags?post=44443"}],"curies":[{"name":"wp","href":"https:\/\/api.w.org\/{rel}","templated":true}]}}