{"id":44355,"date":"2024-06-18T07:24:38","date_gmt":"2024-06-18T05:24:38","guid":{"rendered":"https:\/\/empresas.infoempleo.com\/hrtrends\/?p=44355"},"modified":"2024-07-11T13:30:06","modified_gmt":"2024-07-11T11:30:06","slug":"modelo-190-para-que-sirve-y-quien-debe-presentarlo-a-hacienda","status":"publish","type":"post","link":"https:\/\/empresas.infoempleo.com\/hrtrends\/modelo-190-para-que-sirve-y-quien-debe-presentarlo-a-hacienda\/","title":{"rendered":"Modelo 190: para qu\u00e9 sirve y qui\u00e9n debe presentarlo a Hacienda"},"content":{"rendered":"<p>Las diferentes <strong>obligaciones fiscales<\/strong> que se generan del curso natural de una compa\u00f1\u00eda siempre est\u00e1n sujetas a dudas. Sobre todo, en casos en los que ciertas gestiones no se han realizado con anterioridad. Uno de los documentos que m\u00e1s inquietudes genera en estos escenarios es el <strong>Modelo 190<\/strong>. Una declaraci\u00f3n informativa que se deber\u00e1 <strong>presentar a la Agencia Tributaria<\/strong> para corroborar que las cantidades en materia de retenci\u00f3n presentadas en el modelo 111 concuerdan con la realidad de la empresa. \u00bfQuieres saber qui\u00e9nes est\u00e1n obligados a presentar este modelo y qu\u00e9 informaci\u00f3n debe incluir? Entonces, no pierdas detalle.<\/p>\n<h2>\u00bfPara qu\u00e9 sirve el modelo 190?<\/h2>\n<p>Dentro de los diferentes documentos usados para presentar la informaci\u00f3n acerca de la <strong>situaci\u00f3n de una empresa<\/strong> ante la Agencia Tributaria, el <strong>modelo 190<\/strong> tiene una utilidad muy definida.<\/p>\n<p>Este documento recoge el<strong> resumen anual respecto a las retenciones<\/strong> realizadas a los trabajadores de la empresa. Es decir, que su utilidad se concreta en corroborar que las <strong>cantidades presentadas en el <\/strong><a href=\"https:\/\/empresas.infoempleo.com\/hrtrends\/modelo-111-como-hacer-la-declaracion-trimestral-de-retenciones-de-trabajadores\/\"><strong>modelo 111<\/strong><\/a> son correctas y concuerdan con el total anual. Un elemento de especial importancia para <strong>evitar posibles sanciones<\/strong> a causa de incumplimientos.<\/p>\n<p>Todos los datos recogidos en el modelo 190 act\u00faan como una <a href=\"https:\/\/empresas.infoempleo.com\/hrtrends\/que-retenciones-de-irpf-en-nomina-hay-que-aplicar-durante-el-primer-ano\/\"><strong>declaraci\u00f3n de retenciones<\/strong><\/a> con respecto al Impuesto sobre la Renta de las Personas F\u00edsicas (IRPF), tanto de los <strong>trabajadores de la empresa<\/strong>, como de aquellos <strong>colaboradores<\/strong> que hayan prestado servicio a la misma. En este sentido, al actuar como documento <strong>complementario del modelo 111<\/strong> de retenciones e ingresos a cuenta, de observar alguna diferencia o error, se podr\u00e1 <strong>modificar<\/strong> el modelo 111. Lo que ayuda a corregir posibles desviaciones y que evitar\u00e1, en gran medida, equivocaciones en el c\u00e1lculo de las retenciones anuales.<\/p>\n<h2>\u00bfQui\u00e9n debe presentarlo?<\/h2>\n<p>Como te hemos comentado,<strong> el modelo 190 depende del modelo 111<\/strong>, pues ambos <strong>deben ir parejos <\/strong>en cuanto a sumas totales de la declaraci\u00f3n anual del IRPF. Este hecho facilita mucho la comprensi\u00f3n acerca de la obligatoriedad de su presentaci\u00f3n. Puesto que la <strong>regla esencial<\/strong> para la realizaci\u00f3n del modelo 190 pasa por saber si se debe presentar el 111.<\/p>\n<p>Para que quede claro,<strong> si se debe presentar el modelo 111, tambi\u00e9n se deber\u00e1 cumplimentar el 190<\/strong>.<\/p>\n<p>No obstante, el modelo 190 tambi\u00e9n debe presentarse <strong>si se cumple cualquiera de las siguientes situaciones<\/strong> en la empresa:<\/p>\n<ul>\n<li>Si cuenta con<strong> empleados en plantilla<\/strong>. En este caso, las retenciones de IRPF practicadas en la n\u00f3mina ser\u00e1n el hecho que desencadena la obligaci\u00f3n.<\/li>\n<li>Si se ha hecho uso de <strong>profesionales externos o colaboradores<\/strong>, aplicando la correspondiente retenci\u00f3n de IRPF en las facturas.<\/li>\n<li>Si se ha recibido alg\u00fan tipo de <strong>retribuci\u00f3n econ\u00f3mica en concepto de premio<\/strong> por concursos, sorteos, rifas, juegos, etc.<\/li>\n<li>Si se han obtenido<strong> ganancias patrimoniales <\/strong>a consecuencia del <strong>aprovechamiento forestal<\/strong> en montes p\u00fablicos.<\/li>\n<li>Si los rendimientos obtenidos proceden de la <strong>propiedad intelectual<\/strong> o industrial, de la prestaci\u00f3n de asistencia t\u00e9cnica, del<strong> arrendamiento<\/strong> de bienes muebles, negocios o minas, del <strong>subarrendamiento<\/strong> sobre los bienes anteriores y los procedentes de la cesi\u00f3n del derecho a la <strong>explotaci\u00f3n del derecho de imagen<\/strong>.<\/li>\n<\/ul>\n<p>Para facilitar este tr\u00e1mite, los <strong><em>software <\/em>de gesti\u00f3n fiscal <\/strong>son especialmente \u00fatiles, ya que podr\u00e1n recopilar de forma sencilla las retenciones practicadas a lo largo del a\u00f1o.<\/p>\n<p>Por otro lado, si bien hacerlo manualmente podr\u00e1 tomarte algo m\u00e1s de tiempo, basta con que recopiles las <strong>retenciones practicadas mensualmente<\/strong>, de forma que la cumplimentaci\u00f3n del modelo 190 puede hacerse de forma mucho m\u00e1s llevadera.<\/p>\n","protected":false},"excerpt":{"rendered":"<p>Las diferentes obligaciones fiscales que se generan del curso natural de una compa\u00f1\u00eda siempre est\u00e1n sujetas a dudas.<a class=\"moretag\" href=\"https:\/\/empresas.infoempleo.com\/hrtrends\/modelo-190-para-que-sirve-y-quien-debe-presentarlo-a-hacienda\/\"> Leer m\u00e1s<\/a><\/p>\n","protected":false},"author":146,"featured_media":44356,"comment_status":"closed","ping_status":"closed","sticky":false,"template":"","format":"standard","meta":{"footnotes":""},"categories":[3032],"tags":[3652,3340],"class_list":["post-44355","post","type-post","status-publish","format-standard","has-post-thumbnail","hentry","category-formacion","tag-modelo-190","tag-pago-de-tributos"],"yoast_head":"<!-- This site is optimized with the Yoast SEO plugin v26.1.1 - https:\/\/yoast.com\/wordpress\/plugins\/seo\/ -->\n<title>Modelo 190: para qu\u00e9 sirve y qui\u00e9n debe presentarlo a Hacienda | HRTRENDS<\/title>\n<meta name=\"description\" content=\"El Modelo 190 debe presentarse a la Agencia Tributaria para corroborar que las cantidades retenidas concuerdan con la realidad de la empresa\" \/>\n<meta name=\"robots\" content=\"index, follow, max-snippet:-1, max-image-preview:large, max-video-preview:-1\" \/>\n<link rel=\"canonical\" href=\"https:\/\/empresas.infoempleo.com\/hrtrends\/modelo-190-para-que-sirve-y-quien-debe-presentarlo-a-hacienda\/\" \/>\n<meta property=\"og:locale\" content=\"es_ES\" \/>\n<meta property=\"og:type\" content=\"article\" \/>\n<meta property=\"og:title\" content=\"Modelo 190: para qu\u00e9 sirve y qui\u00e9n debe presentarlo a Hacienda | HRTRENDS\" \/>\n<meta property=\"og:description\" content=\"El Modelo 190 debe presentarse a la Agencia Tributaria para corroborar que las cantidades retenidas concuerdan con la realidad de la empresa\" \/>\n<meta property=\"og:url\" content=\"https:\/\/empresas.infoempleo.com\/hrtrends\/modelo-190-para-que-sirve-y-quien-debe-presentarlo-a-hacienda\/\" \/>\n<meta property=\"og:site_name\" content=\"HRTRENDS\" \/>\n<meta property=\"article:publisher\" content=\"https:\/\/www.facebook.com\/Infoempleo\" \/>\n<meta property=\"article:published_time\" content=\"2024-06-18T05:24:38+00:00\" \/>\n<meta property=\"article:modified_time\" content=\"2024-07-11T11:30:06+00:00\" \/>\n<meta property=\"og:image\" content=\"https:\/\/empresas.infoempleo.com\/hrtrends\/media\/2024\/07\/Responsable-de-RRHH-revisando-como-presentar-el-modelo-190.jpg\" \/>\n\t<meta property=\"og:image:width\" content=\"1200\" \/>\n\t<meta property=\"og:image:height\" content=\"800\" \/>\n\t<meta property=\"og:image:type\" content=\"image\/jpeg\" \/>\n<meta name=\"author\" content=\"Sandra R. Martos\" \/>\n<meta name=\"twitter:card\" content=\"summary_large_image\" \/>\n<meta name=\"twitter:creator\" content=\"@infoempleo\" \/>\n<meta name=\"twitter:site\" content=\"@infoempleo\" \/>\n<meta name=\"twitter:label1\" content=\"Escrito por\" \/>\n\t<meta name=\"twitter:data1\" content=\"Sandra R. Martos\" \/>\n\t<meta name=\"twitter:label2\" content=\"Tiempo de lectura\" \/>\n\t<meta name=\"twitter:data2\" content=\"3 minutos\" \/>\n<script type=\"application\/ld+json\" class=\"yoast-schema-graph\">{\"@context\":\"https:\/\/schema.org\",\"@graph\":[{\"@type\":\"NewsArticle\",\"@id\":\"https:\/\/empresas.infoempleo.com\/hrtrends\/modelo-190-para-que-sirve-y-quien-debe-presentarlo-a-hacienda\/#article\",\"isPartOf\":{\"@id\":\"https:\/\/empresas.infoempleo.com\/hrtrends\/modelo-190-para-que-sirve-y-quien-debe-presentarlo-a-hacienda\/\"},\"author\":{\"name\":\"Sandra R. Martos\",\"@id\":\"https:\/\/empresas.infoempleo.com\/hrtrends\/#\/schema\/person\/d24c95f005bb213d5442bfb9916f0cf1\"},\"headline\":\"Modelo 190: para qu\u00e9 sirve y qui\u00e9n debe presentarlo a Hacienda\",\"datePublished\":\"2024-06-18T05:24:38+00:00\",\"dateModified\":\"2024-07-11T11:30:06+00:00\",\"mainEntityOfPage\":{\"@id\":\"https:\/\/empresas.infoempleo.com\/hrtrends\/modelo-190-para-que-sirve-y-quien-debe-presentarlo-a-hacienda\/\"},\"wordCount\":601,\"publisher\":{\"@id\":\"https:\/\/empresas.infoempleo.com\/hrtrends\/#organization\"},\"image\":{\"@id\":\"https:\/\/empresas.infoempleo.com\/hrtrends\/modelo-190-para-que-sirve-y-quien-debe-presentarlo-a-hacienda\/#primaryimage\"},\"thumbnailUrl\":\"https:\/\/empresas.infoempleo.com\/hrtrends\/media\/2024\/07\/Responsable-de-RRHH-revisando-como-presentar-el-modelo-190.jpg\",\"keywords\":[\"Modelo 190\",\"pago de tributos\"],\"articleSection\":[\"Formaci\u00f3n\"],\"inLanguage\":\"es\",\"copyrightYear\":\"2024\",\"copyrightHolder\":{\"@id\":\"https:\/\/empresas.infoempleo.com\/hrtrends\/#organization\"}},{\"@type\":\"WebPage\",\"@id\":\"https:\/\/empresas.infoempleo.com\/hrtrends\/modelo-190-para-que-sirve-y-quien-debe-presentarlo-a-hacienda\/\",\"url\":\"https:\/\/empresas.infoempleo.com\/hrtrends\/modelo-190-para-que-sirve-y-quien-debe-presentarlo-a-hacienda\/\",\"name\":\"Modelo 190: para qu\u00e9 sirve y qui\u00e9n debe presentarlo a Hacienda | HRTRENDS\",\"isPartOf\":{\"@id\":\"https:\/\/empresas.infoempleo.com\/hrtrends\/#website\"},\"primaryImageOfPage\":{\"@id\":\"https:\/\/empresas.infoempleo.com\/hrtrends\/modelo-190-para-que-sirve-y-quien-debe-presentarlo-a-hacienda\/#primaryimage\"},\"image\":{\"@id\":\"https:\/\/empresas.infoempleo.com\/hrtrends\/modelo-190-para-que-sirve-y-quien-debe-presentarlo-a-hacienda\/#primaryimage\"},\"thumbnailUrl\":\"https:\/\/empresas.infoempleo.com\/hrtrends\/media\/2024\/07\/Responsable-de-RRHH-revisando-como-presentar-el-modelo-190.jpg\",\"datePublished\":\"2024-06-18T05:24:38+00:00\",\"dateModified\":\"2024-07-11T11:30:06+00:00\",\"description\":\"El Modelo 190 debe presentarse a la Agencia Tributaria para corroborar que las cantidades retenidas concuerdan con la realidad de la empresa\",\"breadcrumb\":{\"@id\":\"https:\/\/empresas.infoempleo.com\/hrtrends\/modelo-190-para-que-sirve-y-quien-debe-presentarlo-a-hacienda\/#breadcrumb\"},\"inLanguage\":\"es\",\"potentialAction\":[{\"@type\":\"ReadAction\",\"target\":[\"https:\/\/empresas.infoempleo.com\/hrtrends\/modelo-190-para-que-sirve-y-quien-debe-presentarlo-a-hacienda\/\"]}]},{\"@type\":\"ImageObject\",\"inLanguage\":\"es\",\"@id\":\"https:\/\/empresas.infoempleo.com\/hrtrends\/modelo-190-para-que-sirve-y-quien-debe-presentarlo-a-hacienda\/#primaryimage\",\"url\":\"https:\/\/empresas.infoempleo.com\/hrtrends\/media\/2024\/07\/Responsable-de-RRHH-revisando-como-presentar-el-modelo-190-150x150.jpg\",\"contentUrl\":\"https:\/\/empresas.infoempleo.com\/hrtrends\/media\/2024\/07\/Responsable-de-RRHH-revisando-como-presentar-el-modelo-190-150x150.jpg\",\"width\":150,\"height\":150,\"caption\":\"Responsable de RRHH revisando como presentar el modelo 190\"},{\"@type\":\"BreadcrumbList\",\"@id\":\"https:\/\/empresas.infoempleo.com\/hrtrends\/modelo-190-para-que-sirve-y-quien-debe-presentarlo-a-hacienda\/#breadcrumb\",\"itemListElement\":[{\"@type\":\"ListItem\",\"position\":1,\"name\":\"Portada\",\"item\":\"https:\/\/empresas.infoempleo.com\/hrtrends\/\"},{\"@type\":\"ListItem\",\"position\":2,\"name\":\"Modelo 190: para qu\u00e9 sirve y qui\u00e9n debe presentarlo a Hacienda\"}]},{\"@type\":\"WebSite\",\"@id\":\"https:\/\/empresas.infoempleo.com\/hrtrends\/#website\",\"url\":\"https:\/\/empresas.infoempleo.com\/hrtrends\",\"name\":\"HRTrends by Infoempleo\",\"description\":\"\",\"publisher\":{\"@id\":\"https:\/\/empresas.infoempleo.com\/hrtrends\/#organization\"},\"potentialAction\":{\"@type\":\"SearchAction\",\"target\":\"https:\/\/empresas.infoempleo.com\/hrtrends\/?s={search_term_string}\",\"query-input\":\"required name=search_term_string\"},\"inLanguage\":\"es\"},{\"@type\":\"Organization\",\"@id\":\"https:\/\/empresas.infoempleo.com\/hrtrends\/#organization\",\"name\":\"Infoempleo\",\"url\":\"https:\/\/www.infoempleo.com\/\",\"logo\":{\"@type\":\"ImageObject\",\"@id\":\"https:\/\/empresas.infoempleo.com\/hrtrends\/#logo\",\"inLanguage\":\"es\",\"url\":\"https:\/\/cdnazure.infoempleo.com\/infoempleo\/assets\/style\/gfx\/logo.svg\",\"contentUrl\":\"https:\/\/cdnazure.infoempleo.com\/infoempleo\/assets\/style\/gfx\/logo.svg\",\"width\":150,\"height\":40,\"caption\":\"Infoempleo\"},\"image\":{\"@id\":\"https:\/\/empresas.infoempleo.com\/hrtrends\/#logo\"},\"sameAs\":[\"https:\/\/www.facebook.com\/Infoempleo\",\"https:\/\/x.com\/infoempleo\",\"http:\/\/instagram.com\/infoempleo\/\",\"http:\/\/www.linkedin.com\/groups\/Empleo-Espa\u00f1a-Infoempleocom-111276\",\"http:\/\/pinterest.com\/infoempleo\/\"],\"address\":{\"@type\":\"PostalAddress\",\"addressLocality\":\"Madrid\",\"postalCode\":\"28050\",\"streetAddress\":\"Avenida de Burgos 114\"},\"brand\":[\"Infoempleo\"]},{\"@type\":\"Person\",\"@id\":\"https:\/\/empresas.infoempleo.com\/hrtrends\/#\/schema\/person\/d24c95f005bb213d5442bfb9916f0cf1\",\"name\":\"Sandra R. Martos\",\"image\":{\"@type\":\"ImageObject\",\"inLanguage\":\"es\",\"@id\":\"https:\/\/empresas.infoempleo.com\/hrtrends\/#\/schema\/person\/image\/\",\"url\":\"https:\/\/secure.gravatar.com\/avatar\/416b738ea045864f60be6f729d868b5b8807d320c6de9f29d2506b477304ed75?s=96&d=mm&r=g\",\"contentUrl\":\"https:\/\/secure.gravatar.com\/avatar\/416b738ea045864f60be6f729d868b5b8807d320c6de9f29d2506b477304ed75?s=96&d=mm&r=g\",\"caption\":\"Sandra R. Martos\"},\"url\":\"https:\/\/empresas.infoempleo.com\/hrtrends\/author\/srmartos\/\"}]}<\/script>\n<!-- \/ Yoast SEO plugin. -->","yoast_head_json":{"title":"Modelo 190: para qu\u00e9 sirve y qui\u00e9n debe presentarlo a Hacienda | HRTRENDS","description":"El Modelo 190 debe presentarse a la Agencia Tributaria para corroborar que las cantidades retenidas concuerdan con la realidad de la empresa","robots":{"index":"index","follow":"follow","max-snippet":"max-snippet:-1","max-image-preview":"max-image-preview:large","max-video-preview":"max-video-preview:-1"},"canonical":"https:\/\/empresas.infoempleo.com\/hrtrends\/modelo-190-para-que-sirve-y-quien-debe-presentarlo-a-hacienda\/","og_locale":"es_ES","og_type":"article","og_title":"Modelo 190: para qu\u00e9 sirve y qui\u00e9n debe presentarlo a Hacienda | HRTRENDS","og_description":"El Modelo 190 debe presentarse a la Agencia Tributaria para corroborar que las cantidades retenidas concuerdan con la realidad de la empresa","og_url":"https:\/\/empresas.infoempleo.com\/hrtrends\/modelo-190-para-que-sirve-y-quien-debe-presentarlo-a-hacienda\/","og_site_name":"HRTRENDS","article_publisher":"https:\/\/www.facebook.com\/Infoempleo","article_published_time":"2024-06-18T05:24:38+00:00","article_modified_time":"2024-07-11T11:30:06+00:00","og_image":[{"width":1200,"height":800,"url":"https:\/\/empresas.infoempleo.com\/hrtrends\/media\/2024\/07\/Responsable-de-RRHH-revisando-como-presentar-el-modelo-190.jpg","type":"image\/jpeg"}],"author":"Sandra R. Martos","twitter_card":"summary_large_image","twitter_creator":"@infoempleo","twitter_site":"@infoempleo","twitter_misc":{"Escrito por":"Sandra R. Martos","Tiempo de lectura":"3 minutos"},"schema":{"@context":"https:\/\/schema.org","@graph":[{"@type":"NewsArticle","@id":"https:\/\/empresas.infoempleo.com\/hrtrends\/modelo-190-para-que-sirve-y-quien-debe-presentarlo-a-hacienda\/#article","isPartOf":{"@id":"https:\/\/empresas.infoempleo.com\/hrtrends\/modelo-190-para-que-sirve-y-quien-debe-presentarlo-a-hacienda\/"},"author":{"name":"Sandra R. Martos","@id":"https:\/\/empresas.infoempleo.com\/hrtrends\/#\/schema\/person\/d24c95f005bb213d5442bfb9916f0cf1"},"headline":"Modelo 190: para qu\u00e9 sirve y qui\u00e9n debe presentarlo a Hacienda","datePublished":"2024-06-18T05:24:38+00:00","dateModified":"2024-07-11T11:30:06+00:00","mainEntityOfPage":{"@id":"https:\/\/empresas.infoempleo.com\/hrtrends\/modelo-190-para-que-sirve-y-quien-debe-presentarlo-a-hacienda\/"},"wordCount":601,"publisher":{"@id":"https:\/\/empresas.infoempleo.com\/hrtrends\/#organization"},"image":{"@id":"https:\/\/empresas.infoempleo.com\/hrtrends\/modelo-190-para-que-sirve-y-quien-debe-presentarlo-a-hacienda\/#primaryimage"},"thumbnailUrl":"https:\/\/empresas.infoempleo.com\/hrtrends\/media\/2024\/07\/Responsable-de-RRHH-revisando-como-presentar-el-modelo-190.jpg","keywords":["Modelo 190","pago de tributos"],"articleSection":["Formaci\u00f3n"],"inLanguage":"es","copyrightYear":"2024","copyrightHolder":{"@id":"https:\/\/empresas.infoempleo.com\/hrtrends\/#organization"}},{"@type":"WebPage","@id":"https:\/\/empresas.infoempleo.com\/hrtrends\/modelo-190-para-que-sirve-y-quien-debe-presentarlo-a-hacienda\/","url":"https:\/\/empresas.infoempleo.com\/hrtrends\/modelo-190-para-que-sirve-y-quien-debe-presentarlo-a-hacienda\/","name":"Modelo 190: para qu\u00e9 sirve y qui\u00e9n debe presentarlo a Hacienda | HRTRENDS","isPartOf":{"@id":"https:\/\/empresas.infoempleo.com\/hrtrends\/#website"},"primaryImageOfPage":{"@id":"https:\/\/empresas.infoempleo.com\/hrtrends\/modelo-190-para-que-sirve-y-quien-debe-presentarlo-a-hacienda\/#primaryimage"},"image":{"@id":"https:\/\/empresas.infoempleo.com\/hrtrends\/modelo-190-para-que-sirve-y-quien-debe-presentarlo-a-hacienda\/#primaryimage"},"thumbnailUrl":"https:\/\/empresas.infoempleo.com\/hrtrends\/media\/2024\/07\/Responsable-de-RRHH-revisando-como-presentar-el-modelo-190.jpg","datePublished":"2024-06-18T05:24:38+00:00","dateModified":"2024-07-11T11:30:06+00:00","description":"El Modelo 190 debe presentarse a la Agencia Tributaria para corroborar que las cantidades retenidas concuerdan con la realidad de la empresa","breadcrumb":{"@id":"https:\/\/empresas.infoempleo.com\/hrtrends\/modelo-190-para-que-sirve-y-quien-debe-presentarlo-a-hacienda\/#breadcrumb"},"inLanguage":"es","potentialAction":[{"@type":"ReadAction","target":["https:\/\/empresas.infoempleo.com\/hrtrends\/modelo-190-para-que-sirve-y-quien-debe-presentarlo-a-hacienda\/"]}]},{"@type":"ImageObject","inLanguage":"es","@id":"https:\/\/empresas.infoempleo.com\/hrtrends\/modelo-190-para-que-sirve-y-quien-debe-presentarlo-a-hacienda\/#primaryimage","url":"https:\/\/empresas.infoempleo.com\/hrtrends\/media\/2024\/07\/Responsable-de-RRHH-revisando-como-presentar-el-modelo-190-150x150.jpg","contentUrl":"https:\/\/empresas.infoempleo.com\/hrtrends\/media\/2024\/07\/Responsable-de-RRHH-revisando-como-presentar-el-modelo-190-150x150.jpg","width":150,"height":150,"caption":"Responsable de RRHH revisando como presentar el modelo 190"},{"@type":"BreadcrumbList","@id":"https:\/\/empresas.infoempleo.com\/hrtrends\/modelo-190-para-que-sirve-y-quien-debe-presentarlo-a-hacienda\/#breadcrumb","itemListElement":[{"@type":"ListItem","position":1,"name":"Portada","item":"https:\/\/empresas.infoempleo.com\/hrtrends\/"},{"@type":"ListItem","position":2,"name":"Modelo 190: para qu\u00e9 sirve y qui\u00e9n debe presentarlo a Hacienda"}]},{"@type":"WebSite","@id":"https:\/\/empresas.infoempleo.com\/hrtrends\/#website","url":"https:\/\/empresas.infoempleo.com\/hrtrends","name":"HRTrends by Infoempleo","description":"","publisher":{"@id":"https:\/\/empresas.infoempleo.com\/hrtrends\/#organization"},"potentialAction":{"@type":"SearchAction","target":"https:\/\/empresas.infoempleo.com\/hrtrends\/?s={search_term_string}","query-input":"required name=search_term_string"},"inLanguage":"es"},{"@type":"Organization","@id":"https:\/\/empresas.infoempleo.com\/hrtrends\/#organization","name":"Infoempleo","url":"https:\/\/www.infoempleo.com\/","logo":{"@type":"ImageObject","@id":"https:\/\/empresas.infoempleo.com\/hrtrends\/#logo","inLanguage":"es","url":"https:\/\/cdnazure.infoempleo.com\/infoempleo\/assets\/style\/gfx\/logo.svg","contentUrl":"https:\/\/cdnazure.infoempleo.com\/infoempleo\/assets\/style\/gfx\/logo.svg","width":150,"height":40,"caption":"Infoempleo"},"image":{"@id":"https:\/\/empresas.infoempleo.com\/hrtrends\/#logo"},"sameAs":["https:\/\/www.facebook.com\/Infoempleo","https:\/\/x.com\/infoempleo","http:\/\/instagram.com\/infoempleo\/","http:\/\/www.linkedin.com\/groups\/Empleo-Espa\u00f1a-Infoempleocom-111276","http:\/\/pinterest.com\/infoempleo\/"],"address":{"@type":"PostalAddress","addressLocality":"Madrid","postalCode":"28050","streetAddress":"Avenida de Burgos 114"},"brand":["Infoempleo"]},{"@type":"Person","@id":"https:\/\/empresas.infoempleo.com\/hrtrends\/#\/schema\/person\/d24c95f005bb213d5442bfb9916f0cf1","name":"Sandra R. Martos","image":{"@type":"ImageObject","inLanguage":"es","@id":"https:\/\/empresas.infoempleo.com\/hrtrends\/#\/schema\/person\/image\/","url":"https:\/\/secure.gravatar.com\/avatar\/416b738ea045864f60be6f729d868b5b8807d320c6de9f29d2506b477304ed75?s=96&d=mm&r=g","contentUrl":"https:\/\/secure.gravatar.com\/avatar\/416b738ea045864f60be6f729d868b5b8807d320c6de9f29d2506b477304ed75?s=96&d=mm&r=g","caption":"Sandra R. Martos"},"url":"https:\/\/empresas.infoempleo.com\/hrtrends\/author\/srmartos\/"}]}},"amp_enabled":true,"_links":{"self":[{"href":"https:\/\/empresas.infoempleo.com\/hrtrends\/wp-json\/wp\/v2\/posts\/44355","targetHints":{"allow":["GET"]}}],"collection":[{"href":"https:\/\/empresas.infoempleo.com\/hrtrends\/wp-json\/wp\/v2\/posts"}],"about":[{"href":"https:\/\/empresas.infoempleo.com\/hrtrends\/wp-json\/wp\/v2\/types\/post"}],"author":[{"embeddable":true,"href":"https:\/\/empresas.infoempleo.com\/hrtrends\/wp-json\/wp\/v2\/users\/146"}],"replies":[{"embeddable":true,"href":"https:\/\/empresas.infoempleo.com\/hrtrends\/wp-json\/wp\/v2\/comments?post=44355"}],"version-history":[{"count":1,"href":"https:\/\/empresas.infoempleo.com\/hrtrends\/wp-json\/wp\/v2\/posts\/44355\/revisions"}],"predecessor-version":[{"id":44357,"href":"https:\/\/empresas.infoempleo.com\/hrtrends\/wp-json\/wp\/v2\/posts\/44355\/revisions\/44357"}],"wp:featuredmedia":[{"embeddable":true,"href":"https:\/\/empresas.infoempleo.com\/hrtrends\/wp-json\/wp\/v2\/media\/44356"}],"wp:attachment":[{"href":"https:\/\/empresas.infoempleo.com\/hrtrends\/wp-json\/wp\/v2\/media?parent=44355"}],"wp:term":[{"taxonomy":"category","embeddable":true,"href":"https:\/\/empresas.infoempleo.com\/hrtrends\/wp-json\/wp\/v2\/categories?post=44355"},{"taxonomy":"post_tag","embeddable":true,"href":"https:\/\/empresas.infoempleo.com\/hrtrends\/wp-json\/wp\/v2\/tags?post=44355"}],"curies":[{"name":"wp","href":"https:\/\/api.w.org\/{rel}","templated":true}]}}