{"id":4391,"date":"2009-10-23T08:21:28","date_gmt":"2009-10-23T07:21:28","guid":{"rendered":"http:\/\/blog.infoempleo.com\/?p=4391"},"modified":"2023-02-03T14:41:02","modified_gmt":"2023-02-03T12:41:02","slug":"el-sector-turistico-cerrara-2009-con-una-caida-del-56-del-pib","status":"publish","type":"post","link":"https:\/\/empresas.infoempleo.com\/hrtrends\/el-sector-turistico-cerrara-2009-con-una-caida-del-56-del-pib\/","title":{"rendered":"El sector tur\u00edstico cerrar\u00e1 2009 con una ca\u00edda del 5,6% del PIB"},"content":{"rendered":"<p>El sector tur\u00edstico cerrar\u00e1 2009 con una ca\u00edda del 5,6% del PIB, a pesar de que durante el tercer trimestre ha moderado su descenso tras un verano \u00abno muy halag\u00fce\u00f1o\u00bb, seg\u00fan la Alianza para la Excelencia Tur\u00edstica (Exceltur), que advirti\u00f3 de que las expectativas son \u00abmuy inciertas\u00bb y que \u00aba\u00fan hay sombras en el horizonte\u00bb para constatar una recuperaci\u00f3n.<\/p>\n<p>De esta forma, el &#8216;lobby&#8217; tur\u00edstico mantiene sus previsiones anunciadas en julio, gracias al repunte de la demanda interna, a costa de \u00abfuertes\u00bb reducciones de precios y ofertas de \u00faltima hora, frente al descenso en los principales mercados emisores, Reino Unido y Alemania, en torno al 10% y en niveles de hace cinco a\u00f1os.<\/p>\n<p><strong>\u00c9ste ser\u00e1 el segundo a\u00f1o consecutivo que se contraiga el PIB tur\u00edstico, que ya cerr\u00f3 el 2008 con una reducci\u00f3n del 1,6%, el peor dato de la d\u00e9cada,<\/strong> y el noveno a\u00f1o consecutivo con una aportaci\u00f3n de la actividad tur\u00edstica al conjunto de la econom\u00eda por debajo de la media (-3,4%).<\/p>\n<p>En rueda de prensa para hacer balance de la temporada veraniega y presentar las perspectivas para el cierre del a\u00f1o, el vicepresidente ejecutivo de Exceltur, Jos\u00e9 Luis Zoreda, explic\u00f3 que <strong>los meses de verano no han revertido la \u00abintensa y generalizada\u00bb ca\u00edda de las ventas y resultados del sector<\/strong>, lo que ha llevado a un n\u00famero \u00abrelevante\u00bb de\u00a0empresas \u00abbordear o entrar\u00bb en &#8216;n\u00fameros rojos&#8217; en los tres \u00faltimos meses y en temporada alta.<\/p>\n<p>\u00abLa guerra de precios ha hecho bajar la rentabilidad de manera sustancial al borde del l\u00edmite del techo de gasto\u00bb, asegur\u00f3 Zoreda, qui\u00e9n no quiso aventurar una recuperaci\u00f3n del sector de cara a 2010, ante unas expectativas \u00abmuy inciertas\u00bb con indicadores \u00abmuy d\u00e9biles\u00bb en los principales mercados emisores.<\/p>\n<p>Con respecto al mercado nacional, <strong>Baleares y Canarias<\/strong>, por su dependencia del turismo extranjero, y<strong> la Comunidad de Madrid, fueron las comunidades m\u00e1s afectadas durante la temporada estival<\/strong>, frente a La Rioja, Navarra, Cantabria y Catalu\u00f1a favorecidas por un mejor comportamiento de la demanda interna. De hecho, el 90% de los empresarios tur\u00edsticos de las tres primeras ha visto caer sus ventas este verano.<\/p>\n<h3>P\u00e9rdida clara de competitividad<\/h3>\n<p>Zoreda apunt\u00f3 que Espa\u00f1a <strong>pierde competividad de forma \u00abclara\u00bb en el segmento de &#8216;sol y playa&#8217;, si se comparan estos datos con nuestros principales competidores con Turqu\u00eda (0,9%), Egipto (-7,7%), Marruecos (2,5%) o T\u00fanez (0,9%), con mayor afluencia de turistas extranjeros.<\/strong><\/p>\n<p>En l\u00ednea con esta evoluci\u00f3n, el \u00edndice de confianza entre los empresarios se situ\u00f3 en el tercer trimestre en el 64,5%, frente al 62,6% registrado hasta junio, seg\u00fan revela la Encuesta de Clima Empresarial elaborada por Exceltur. El 80,3% de las empresas tur\u00edsticas redujo sus tarifas en verano &#8211;un 5,8% los hoteles, un 2% las agencias y un 1,3% las aerol\u00edneas&#8211; y un 88,3% vio caer sus beneficios.<\/p>\n<p>Por subsectores, <strong>compa\u00f1\u00edas a\u00e9reas, hoteles y touroperadores, especialmente vinculados a los viajes de negocios, son los m\u00e1s afectados, frente a las empresas de ocio, parques tem\u00e1ticos y empresas de alquiler.<\/strong><\/p>\n<p>El balance para los hoteleros es \u00abmuy negativo\u00bb, con una ocupaci\u00f3n media del 61,6%, en m\u00ednimos hist\u00f3ricos, si bien los establecimientos urbanos han sufrido m\u00e1s la crisis frente a los hoteles vacacionales de la costa. As\u00ed, el 84,5% de los hoteleros vio mermar sus resultados el tercer trimestre y m\u00e1s de la mitad admite una ca\u00edda fuerte en sus beneficios. Para el cierre del a\u00f1o, se prev\u00e9 un descenso de las pernoctaciones m\u00e1s moderado del 3,5%, con una ca\u00edda de los ingresos del 8,5%.<\/p>\n<p>Ante este escenario,<strong> la evoluci\u00f3n de la destrucci\u00f3n del empleo en el sector continuar\u00e1 al mismo ritmo que el de los \u00faltimos meses.<\/strong> Hasta septiembre, el n\u00famero de afiliados a la Seguridad Social vinculados a la hosteler\u00eda y a las agencias de viajes se contrajo un 8% y un 5,9%, respectivamente. Casi el 70% de los empresarios reconocen que se seguir\u00e1 manteniendo esta tendencia.<\/p>\n<h3>Demandas urgentes<\/h3>\n<p>Por otro lado, Exceltur inst\u00f3 este jueves al Ejecutivo a que acometa \u00abcon urgencia\u00bb las medidas transversales que afectan a los distintos ministerios, adoptadas en julio por el Consejo de Ministros, y que convoque al Consejo Espa\u00f1ol de Turismo, en el que est\u00e1n representadas las comunidades aut\u00f3nomas, para una mayor cooperaci\u00f3n p\u00fablico-privada que permita al sector ser m\u00e1s competitivo.<\/p>\n<p>\u00abEl sector est\u00e1 muy atomizado, con un crecimiento desbordado, marcado por una clara sobreoferta patente en el sector a\u00e9reo\u00bb, se\u00f1al\u00f3 Zoreda. Por ello, abog\u00f3 por una nueva pol\u00edtica que conjugue una visi\u00f3n \u00abm\u00e1s equitativa e integral\u00bb y que no prime a operadores \u00aba granel\u00bb ni provoque agravios comparativos, en referencia a las &#8216;low cost&#8217;, sin tener claro el valor a\u00f1adido que aportar\u00e1n a finalmente a los destinos, frente a las compa\u00f1\u00edas tradicionales o touroperadores.<\/p>\n<p>Asimismo, exigi\u00f3 la incorporaci\u00f3n del turismo como sector piloto al nuevo modelo que pretende impulsar el Ejecutivo con la futura Ley de Econom\u00eda Sostenible; la asignaci\u00f3n de recursos suficientes para los municipios tur\u00edsticos en el Plan de Inversi\u00f3n Local para 2010; un impulso de los planes de reconversi\u00f3n integral de destinos maduros y del programa Turismo Social Europeo y que se acelere la puesta en marcha del &#8216;cielo \u00fanico europeo&#8217; durante la pr\u00f3xima presidencia de Espa\u00f1a en la UE en el primer semestre de 2010.<\/p>\n<p>Fuente: <a href=\"https:\/\/www.europapress.es\/economia\/noticia-sector-turistico-cerrara-2009-caida-56-pib-20091022131113.html\" target=\"_blank\" rel=\"noopener\">Europa Press<\/a><\/p>\n","protected":false},"excerpt":{"rendered":"<p>El sector tur\u00edstico cerrar\u00e1 2009 con una ca\u00edda del 5,6% del PIB, a pesar de que durante el<a class=\"moretag\" href=\"https:\/\/empresas.infoempleo.com\/hrtrends\/el-sector-turistico-cerrara-2009-con-una-caida-del-56-del-pib\/\"> Leer m\u00e1s<\/a><\/p>\n","protected":false},"author":72,"featured_media":29665,"comment_status":"closed","ping_status":"open","sticky":false,"template":"","format":"standard","meta":{"footnotes":""},"categories":[3],"tags":[162,524,525,526],"class_list":["post-4391","post","type-post","status-publish","format-standard","has-post-thumbnail","hentry","category-actualidad","tag-empleo","tag-hosteleria","tag-pib","tag-turismo"],"yoast_head":"<!-- This site is optimized with the Yoast SEO plugin v26.1.1 - https:\/\/yoast.com\/wordpress\/plugins\/seo\/ -->\n<title>El sector tur\u00edstico cerrar\u00e1 2009 con una ca\u00edda del 5,6% del PIB | HRTRENDS<\/title>\n<meta name=\"robots\" content=\"index, follow, max-snippet:-1, max-image-preview:large, max-video-preview:-1\" \/>\n<link rel=\"canonical\" href=\"https:\/\/empresas.infoempleo.com\/hrtrends\/el-sector-turistico-cerrara-2009-con-una-caida-del-56-del-pib\/\" \/>\n<meta property=\"og:locale\" content=\"es_ES\" \/>\n<meta property=\"og:type\" content=\"article\" \/>\n<meta property=\"og:title\" content=\"El sector tur\u00edstico cerrar\u00e1 2009 con una ca\u00edda del 5,6% del PIB | HRTRENDS\" \/>\n<meta property=\"og:description\" content=\"El sector tur\u00edstico cerrar\u00e1 2009 con una ca\u00edda del 5,6% del PIB, a pesar de que durante el Leer m\u00e1s\" \/>\n<meta property=\"og:url\" content=\"https:\/\/empresas.infoempleo.com\/hrtrends\/el-sector-turistico-cerrara-2009-con-una-caida-del-56-del-pib\/\" \/>\n<meta property=\"og:site_name\" content=\"HRTRENDS\" \/>\n<meta property=\"article:publisher\" content=\"https:\/\/www.facebook.com\/Infoempleo\" \/>\n<meta property=\"article:published_time\" content=\"2009-10-23T07:21:28+00:00\" \/>\n<meta property=\"article:modified_time\" content=\"2023-02-03T12:41:02+00:00\" \/>\n<meta property=\"og:image\" content=\"https:\/\/empresas.infoempleo.com\/hrtrends\/media\/2017\/05\/pexels-photo-205508.jpg\" \/>\n\t<meta property=\"og:image:width\" content=\"1280\" \/>\n\t<meta property=\"og:image:height\" content=\"960\" \/>\n\t<meta property=\"og:image:type\" content=\"image\/jpeg\" \/>\n<meta name=\"author\" content=\"infoempleo\" \/>\n<meta name=\"twitter:card\" content=\"summary_large_image\" \/>\n<meta name=\"twitter:creator\" content=\"@infoempleo\" \/>\n<meta name=\"twitter:site\" content=\"@infoempleo\" \/>\n<meta name=\"twitter:label1\" content=\"Escrito por\" \/>\n\t<meta name=\"twitter:data1\" content=\"infoempleo\" \/>\n\t<meta name=\"twitter:label2\" content=\"Tiempo de lectura\" \/>\n\t<meta name=\"twitter:data2\" content=\"5 minutos\" \/>\n<script type=\"application\/ld+json\" class=\"yoast-schema-graph\">{\"@context\":\"https:\/\/schema.org\",\"@graph\":[{\"@type\":\"NewsArticle\",\"@id\":\"https:\/\/empresas.infoempleo.com\/hrtrends\/el-sector-turistico-cerrara-2009-con-una-caida-del-56-del-pib\/#article\",\"isPartOf\":{\"@id\":\"https:\/\/empresas.infoempleo.com\/hrtrends\/el-sector-turistico-cerrara-2009-con-una-caida-del-56-del-pib\/\"},\"author\":{\"name\":\"infoempleo\",\"@id\":\"https:\/\/empresas.infoempleo.com\/hrtrends\/#\/schema\/person\/67d3e276ffcc8b3ae0ebec816daf775a\"},\"headline\":\"El sector tur\u00edstico cerrar\u00e1 2009 con una ca\u00edda del 5,6% del PIB\",\"datePublished\":\"2009-10-23T07:21:28+00:00\",\"dateModified\":\"2023-02-03T12:41:02+00:00\",\"mainEntityOfPage\":{\"@id\":\"https:\/\/empresas.infoempleo.com\/hrtrends\/el-sector-turistico-cerrara-2009-con-una-caida-del-56-del-pib\/\"},\"wordCount\":927,\"publisher\":{\"@id\":\"https:\/\/empresas.infoempleo.com\/hrtrends\/#organization\"},\"image\":{\"@id\":\"https:\/\/empresas.infoempleo.com\/hrtrends\/el-sector-turistico-cerrara-2009-con-una-caida-del-56-del-pib\/#primaryimage\"},\"thumbnailUrl\":\"https:\/\/empresas.infoempleo.com\/hrtrends\/media\/2017\/05\/pexels-photo-205508.jpg\",\"keywords\":[\"Empleo\",\"hosteler\u00eda\",\"PIB\",\"Turismo\"],\"articleSection\":[\"Actualidad\"],\"inLanguage\":\"es\",\"copyrightYear\":\"2009\",\"copyrightHolder\":{\"@id\":\"https:\/\/empresas.infoempleo.com\/hrtrends\/#organization\"}},{\"@type\":\"WebPage\",\"@id\":\"https:\/\/empresas.infoempleo.com\/hrtrends\/el-sector-turistico-cerrara-2009-con-una-caida-del-56-del-pib\/\",\"url\":\"https:\/\/empresas.infoempleo.com\/hrtrends\/el-sector-turistico-cerrara-2009-con-una-caida-del-56-del-pib\/\",\"name\":\"El sector tur\u00edstico cerrar\u00e1 2009 con una ca\u00edda del 5,6% del PIB | HRTRENDS\",\"isPartOf\":{\"@id\":\"https:\/\/empresas.infoempleo.com\/hrtrends\/#website\"},\"primaryImageOfPage\":{\"@id\":\"https:\/\/empresas.infoempleo.com\/hrtrends\/el-sector-turistico-cerrara-2009-con-una-caida-del-56-del-pib\/#primaryimage\"},\"image\":{\"@id\":\"https:\/\/empresas.infoempleo.com\/hrtrends\/el-sector-turistico-cerrara-2009-con-una-caida-del-56-del-pib\/#primaryimage\"},\"thumbnailUrl\":\"https:\/\/empresas.infoempleo.com\/hrtrends\/media\/2017\/05\/pexels-photo-205508.jpg\",\"datePublished\":\"2009-10-23T07:21:28+00:00\",\"dateModified\":\"2023-02-03T12:41:02+00:00\",\"breadcrumb\":{\"@id\":\"https:\/\/empresas.infoempleo.com\/hrtrends\/el-sector-turistico-cerrara-2009-con-una-caida-del-56-del-pib\/#breadcrumb\"},\"inLanguage\":\"es\",\"potentialAction\":[{\"@type\":\"ReadAction\",\"target\":[\"https:\/\/empresas.infoempleo.com\/hrtrends\/el-sector-turistico-cerrara-2009-con-una-caida-del-56-del-pib\/\"]}]},{\"@type\":\"ImageObject\",\"inLanguage\":\"es\",\"@id\":\"https:\/\/empresas.infoempleo.com\/hrtrends\/el-sector-turistico-cerrara-2009-con-una-caida-del-56-del-pib\/#primaryimage\",\"url\":\"https:\/\/empresas.infoempleo.com\/hrtrends\/media\/2017\/05\/pexels-photo-205508-150x150.jpg\",\"contentUrl\":\"https:\/\/empresas.infoempleo.com\/hrtrends\/media\/2017\/05\/pexels-photo-205508-150x150.jpg\",\"width\":150,\"height\":150},{\"@type\":\"BreadcrumbList\",\"@id\":\"https:\/\/empresas.infoempleo.com\/hrtrends\/el-sector-turistico-cerrara-2009-con-una-caida-del-56-del-pib\/#breadcrumb\",\"itemListElement\":[{\"@type\":\"ListItem\",\"position\":1,\"name\":\"Portada\",\"item\":\"https:\/\/empresas.infoempleo.com\/hrtrends\/\"},{\"@type\":\"ListItem\",\"position\":2,\"name\":\"El sector tur\u00edstico cerrar\u00e1 2009 con una ca\u00edda del 5,6% del PIB\"}]},{\"@type\":\"WebSite\",\"@id\":\"https:\/\/empresas.infoempleo.com\/hrtrends\/#website\",\"url\":\"https:\/\/empresas.infoempleo.com\/hrtrends\",\"name\":\"HRTrends by Infoempleo\",\"description\":\"\",\"publisher\":{\"@id\":\"https:\/\/empresas.infoempleo.com\/hrtrends\/#organization\"},\"potentialAction\":{\"@type\":\"SearchAction\",\"target\":\"https:\/\/empresas.infoempleo.com\/hrtrends\/?s={search_term_string}\",\"query-input\":\"required name=search_term_string\"},\"inLanguage\":\"es\"},{\"@type\":\"Organization\",\"@id\":\"https:\/\/empresas.infoempleo.com\/hrtrends\/#organization\",\"name\":\"Infoempleo\",\"url\":\"https:\/\/www.infoempleo.com\/\",\"logo\":{\"@type\":\"ImageObject\",\"@id\":\"https:\/\/empresas.infoempleo.com\/hrtrends\/#logo\",\"inLanguage\":\"es\",\"url\":\"https:\/\/cdnazure.infoempleo.com\/infoempleo\/assets\/style\/gfx\/logo.svg\",\"contentUrl\":\"https:\/\/cdnazure.infoempleo.com\/infoempleo\/assets\/style\/gfx\/logo.svg\",\"width\":150,\"height\":40,\"caption\":\"Infoempleo\"},\"image\":{\"@id\":\"https:\/\/empresas.infoempleo.com\/hrtrends\/#logo\"},\"sameAs\":[\"https:\/\/www.facebook.com\/Infoempleo\",\"https:\/\/x.com\/infoempleo\",\"http:\/\/instagram.com\/infoempleo\/\",\"http:\/\/www.linkedin.com\/groups\/Empleo-Espa\u00f1a-Infoempleocom-111276\",\"http:\/\/pinterest.com\/infoempleo\/\"],\"address\":{\"@type\":\"PostalAddress\",\"addressLocality\":\"Madrid\",\"postalCode\":\"28050\",\"streetAddress\":\"Avenida de Burgos 114\"},\"brand\":[\"Infoempleo\"]},{\"@type\":\"Person\",\"@id\":\"https:\/\/empresas.infoempleo.com\/hrtrends\/#\/schema\/person\/67d3e276ffcc8b3ae0ebec816daf775a\",\"name\":\"infoempleo\",\"image\":{\"@type\":\"ImageObject\",\"inLanguage\":\"es\",\"@id\":\"https:\/\/empresas.infoempleo.com\/hrtrends\/#\/schema\/person\/image\/\",\"url\":\"https:\/\/secure.gravatar.com\/avatar\/7b437777242fe67d2473c2a818da2344692d1ee91e91080ccffbd97bcd4a0975?s=96&d=mm&r=g\",\"contentUrl\":\"https:\/\/secure.gravatar.com\/avatar\/7b437777242fe67d2473c2a818da2344692d1ee91e91080ccffbd97bcd4a0975?s=96&d=mm&r=g\",\"caption\":\"infoempleo\"},\"url\":\"https:\/\/empresas.infoempleo.com\/hrtrends\/author\/infoempleo\/\"}]}<\/script>\n<!-- \/ Yoast SEO plugin. -->","yoast_head_json":{"title":"El sector tur\u00edstico cerrar\u00e1 2009 con una ca\u00edda del 5,6% del PIB | HRTRENDS","robots":{"index":"index","follow":"follow","max-snippet":"max-snippet:-1","max-image-preview":"max-image-preview:large","max-video-preview":"max-video-preview:-1"},"canonical":"https:\/\/empresas.infoempleo.com\/hrtrends\/el-sector-turistico-cerrara-2009-con-una-caida-del-56-del-pib\/","og_locale":"es_ES","og_type":"article","og_title":"El sector tur\u00edstico cerrar\u00e1 2009 con una ca\u00edda del 5,6% del PIB | HRTRENDS","og_description":"El sector tur\u00edstico cerrar\u00e1 2009 con una ca\u00edda del 5,6% del PIB, a pesar de que durante el Leer m\u00e1s","og_url":"https:\/\/empresas.infoempleo.com\/hrtrends\/el-sector-turistico-cerrara-2009-con-una-caida-del-56-del-pib\/","og_site_name":"HRTRENDS","article_publisher":"https:\/\/www.facebook.com\/Infoempleo","article_published_time":"2009-10-23T07:21:28+00:00","article_modified_time":"2023-02-03T12:41:02+00:00","og_image":[{"width":1280,"height":960,"url":"https:\/\/empresas.infoempleo.com\/hrtrends\/media\/2017\/05\/pexels-photo-205508.jpg","type":"image\/jpeg"}],"author":"infoempleo","twitter_card":"summary_large_image","twitter_creator":"@infoempleo","twitter_site":"@infoempleo","twitter_misc":{"Escrito por":"infoempleo","Tiempo de lectura":"5 minutos"},"schema":{"@context":"https:\/\/schema.org","@graph":[{"@type":"NewsArticle","@id":"https:\/\/empresas.infoempleo.com\/hrtrends\/el-sector-turistico-cerrara-2009-con-una-caida-del-56-del-pib\/#article","isPartOf":{"@id":"https:\/\/empresas.infoempleo.com\/hrtrends\/el-sector-turistico-cerrara-2009-con-una-caida-del-56-del-pib\/"},"author":{"name":"infoempleo","@id":"https:\/\/empresas.infoempleo.com\/hrtrends\/#\/schema\/person\/67d3e276ffcc8b3ae0ebec816daf775a"},"headline":"El sector tur\u00edstico cerrar\u00e1 2009 con una ca\u00edda del 5,6% del PIB","datePublished":"2009-10-23T07:21:28+00:00","dateModified":"2023-02-03T12:41:02+00:00","mainEntityOfPage":{"@id":"https:\/\/empresas.infoempleo.com\/hrtrends\/el-sector-turistico-cerrara-2009-con-una-caida-del-56-del-pib\/"},"wordCount":927,"publisher":{"@id":"https:\/\/empresas.infoempleo.com\/hrtrends\/#organization"},"image":{"@id":"https:\/\/empresas.infoempleo.com\/hrtrends\/el-sector-turistico-cerrara-2009-con-una-caida-del-56-del-pib\/#primaryimage"},"thumbnailUrl":"https:\/\/empresas.infoempleo.com\/hrtrends\/media\/2017\/05\/pexels-photo-205508.jpg","keywords":["Empleo","hosteler\u00eda","PIB","Turismo"],"articleSection":["Actualidad"],"inLanguage":"es","copyrightYear":"2009","copyrightHolder":{"@id":"https:\/\/empresas.infoempleo.com\/hrtrends\/#organization"}},{"@type":"WebPage","@id":"https:\/\/empresas.infoempleo.com\/hrtrends\/el-sector-turistico-cerrara-2009-con-una-caida-del-56-del-pib\/","url":"https:\/\/empresas.infoempleo.com\/hrtrends\/el-sector-turistico-cerrara-2009-con-una-caida-del-56-del-pib\/","name":"El sector tur\u00edstico cerrar\u00e1 2009 con una ca\u00edda del 5,6% del PIB | HRTRENDS","isPartOf":{"@id":"https:\/\/empresas.infoempleo.com\/hrtrends\/#website"},"primaryImageOfPage":{"@id":"https:\/\/empresas.infoempleo.com\/hrtrends\/el-sector-turistico-cerrara-2009-con-una-caida-del-56-del-pib\/#primaryimage"},"image":{"@id":"https:\/\/empresas.infoempleo.com\/hrtrends\/el-sector-turistico-cerrara-2009-con-una-caida-del-56-del-pib\/#primaryimage"},"thumbnailUrl":"https:\/\/empresas.infoempleo.com\/hrtrends\/media\/2017\/05\/pexels-photo-205508.jpg","datePublished":"2009-10-23T07:21:28+00:00","dateModified":"2023-02-03T12:41:02+00:00","breadcrumb":{"@id":"https:\/\/empresas.infoempleo.com\/hrtrends\/el-sector-turistico-cerrara-2009-con-una-caida-del-56-del-pib\/#breadcrumb"},"inLanguage":"es","potentialAction":[{"@type":"ReadAction","target":["https:\/\/empresas.infoempleo.com\/hrtrends\/el-sector-turistico-cerrara-2009-con-una-caida-del-56-del-pib\/"]}]},{"@type":"ImageObject","inLanguage":"es","@id":"https:\/\/empresas.infoempleo.com\/hrtrends\/el-sector-turistico-cerrara-2009-con-una-caida-del-56-del-pib\/#primaryimage","url":"https:\/\/empresas.infoempleo.com\/hrtrends\/media\/2017\/05\/pexels-photo-205508-150x150.jpg","contentUrl":"https:\/\/empresas.infoempleo.com\/hrtrends\/media\/2017\/05\/pexels-photo-205508-150x150.jpg","width":150,"height":150},{"@type":"BreadcrumbList","@id":"https:\/\/empresas.infoempleo.com\/hrtrends\/el-sector-turistico-cerrara-2009-con-una-caida-del-56-del-pib\/#breadcrumb","itemListElement":[{"@type":"ListItem","position":1,"name":"Portada","item":"https:\/\/empresas.infoempleo.com\/hrtrends\/"},{"@type":"ListItem","position":2,"name":"El sector tur\u00edstico cerrar\u00e1 2009 con una ca\u00edda del 5,6% del PIB"}]},{"@type":"WebSite","@id":"https:\/\/empresas.infoempleo.com\/hrtrends\/#website","url":"https:\/\/empresas.infoempleo.com\/hrtrends","name":"HRTrends by Infoempleo","description":"","publisher":{"@id":"https:\/\/empresas.infoempleo.com\/hrtrends\/#organization"},"potentialAction":{"@type":"SearchAction","target":"https:\/\/empresas.infoempleo.com\/hrtrends\/?s={search_term_string}","query-input":"required name=search_term_string"},"inLanguage":"es"},{"@type":"Organization","@id":"https:\/\/empresas.infoempleo.com\/hrtrends\/#organization","name":"Infoempleo","url":"https:\/\/www.infoempleo.com\/","logo":{"@type":"ImageObject","@id":"https:\/\/empresas.infoempleo.com\/hrtrends\/#logo","inLanguage":"es","url":"https:\/\/cdnazure.infoempleo.com\/infoempleo\/assets\/style\/gfx\/logo.svg","contentUrl":"https:\/\/cdnazure.infoempleo.com\/infoempleo\/assets\/style\/gfx\/logo.svg","width":150,"height":40,"caption":"Infoempleo"},"image":{"@id":"https:\/\/empresas.infoempleo.com\/hrtrends\/#logo"},"sameAs":["https:\/\/www.facebook.com\/Infoempleo","https:\/\/x.com\/infoempleo","http:\/\/instagram.com\/infoempleo\/","http:\/\/www.linkedin.com\/groups\/Empleo-Espa\u00f1a-Infoempleocom-111276","http:\/\/pinterest.com\/infoempleo\/"],"address":{"@type":"PostalAddress","addressLocality":"Madrid","postalCode":"28050","streetAddress":"Avenida de Burgos 114"},"brand":["Infoempleo"]},{"@type":"Person","@id":"https:\/\/empresas.infoempleo.com\/hrtrends\/#\/schema\/person\/67d3e276ffcc8b3ae0ebec816daf775a","name":"infoempleo","image":{"@type":"ImageObject","inLanguage":"es","@id":"https:\/\/empresas.infoempleo.com\/hrtrends\/#\/schema\/person\/image\/","url":"https:\/\/secure.gravatar.com\/avatar\/7b437777242fe67d2473c2a818da2344692d1ee91e91080ccffbd97bcd4a0975?s=96&d=mm&r=g","contentUrl":"https:\/\/secure.gravatar.com\/avatar\/7b437777242fe67d2473c2a818da2344692d1ee91e91080ccffbd97bcd4a0975?s=96&d=mm&r=g","caption":"infoempleo"},"url":"https:\/\/empresas.infoempleo.com\/hrtrends\/author\/infoempleo\/"}]}},"amp_enabled":true,"_links":{"self":[{"href":"https:\/\/empresas.infoempleo.com\/hrtrends\/wp-json\/wp\/v2\/posts\/4391","targetHints":{"allow":["GET"]}}],"collection":[{"href":"https:\/\/empresas.infoempleo.com\/hrtrends\/wp-json\/wp\/v2\/posts"}],"about":[{"href":"https:\/\/empresas.infoempleo.com\/hrtrends\/wp-json\/wp\/v2\/types\/post"}],"author":[{"embeddable":true,"href":"https:\/\/empresas.infoempleo.com\/hrtrends\/wp-json\/wp\/v2\/users\/72"}],"replies":[{"embeddable":true,"href":"https:\/\/empresas.infoempleo.com\/hrtrends\/wp-json\/wp\/v2\/comments?post=4391"}],"version-history":[{"count":1,"href":"https:\/\/empresas.infoempleo.com\/hrtrends\/wp-json\/wp\/v2\/posts\/4391\/revisions"}],"predecessor-version":[{"id":42191,"href":"https:\/\/empresas.infoempleo.com\/hrtrends\/wp-json\/wp\/v2\/posts\/4391\/revisions\/42191"}],"wp:featuredmedia":[{"embeddable":true,"href":"https:\/\/empresas.infoempleo.com\/hrtrends\/wp-json\/wp\/v2\/media\/29665"}],"wp:attachment":[{"href":"https:\/\/empresas.infoempleo.com\/hrtrends\/wp-json\/wp\/v2\/media?parent=4391"}],"wp:term":[{"taxonomy":"category","embeddable":true,"href":"https:\/\/empresas.infoempleo.com\/hrtrends\/wp-json\/wp\/v2\/categories?post=4391"},{"taxonomy":"post_tag","embeddable":true,"href":"https:\/\/empresas.infoempleo.com\/hrtrends\/wp-json\/wp\/v2\/tags?post=4391"}],"curies":[{"name":"wp","href":"https:\/\/api.w.org\/{rel}","templated":true}]}}