{"id":43904,"date":"2023-11-18T00:00:00","date_gmt":"2023-11-17T23:00:00","guid":{"rendered":"https:\/\/empresas.infoempleo.com\/hrtrends\/?p=43904"},"modified":"2024-07-02T14:51:31","modified_gmt":"2024-07-02T12:51:31","slug":"todo-lo-que-debes-saber-sobre-el-certificado-de-retenciones-derechos-deberes-y-pasos-para-su-presentacion","status":"publish","type":"post","link":"https:\/\/empresas.infoempleo.com\/hrtrends\/todo-lo-que-debes-saber-sobre-el-certificado-de-retenciones-derechos-deberes-y-pasos-para-su-presentacion\/","title":{"rendered":"Todo lo que debes saber sobre el Certificado de Retenciones: derechos, deberes y pasos para su presentaci\u00f3n"},"content":{"rendered":"<p>El <strong>certificado de retenciones<\/strong> es uno de los documentos que tienes la obligaci\u00f3n de emitir para que los trabajadores puedan <strong>cumplir con sus compromisos tributarios<\/strong>. Lo necesitan para presentar la declaraci\u00f3n de la <strong>RENTA<\/strong> y, aunque podr\u00edan pedirlo en la web de <strong>Hacienda<\/strong>, en situaciones an\u00f3malas, lo habitual es que la compa\u00f1\u00eda lo facilite. Este documento recoge todas las <strong>retribuciones<\/strong> que ha percibido el trabajador, as\u00ed como las <strong>deducciones<\/strong> <strong>y retenciones<\/strong> que se han aplicado en la n\u00f3mina.<\/p>\n<h2>Certificado de Retenciones<\/h2>\n<p>Ya sabes que todas las empresas que hayan practicado alg\u00fan tipo de <strong>retenci\u00f3n en la n\u00f3mina<\/strong> de sus trabajadores tienen la <strong>obligaci\u00f3n fiscal de emitir el certificado de retenciones<\/strong>. Este es un documento muy importante, sobre todo en la campa\u00f1a de la RENTA. Entre los habituales certificados tributarios el de <strong>retenciones del IRPF <\/strong>(Impuesto sobre la Renta de las Personas F\u00edsicas) es el m\u00e1s com\u00fan. El certificado de retenciones plasma la cantidad de dinero que ya se ha pagado a la Agencia Tributaria.<\/p>\n<p>Las <strong>empresas deben entregar<\/strong> <strong>este documento obligatoriamente a todos los trabajadores<\/strong> que han efectuado alg\u00fan servicio, ya sea por cuenta propia o ajena. El certificado debe reflejar las retribuciones o pagos entregados durante el a\u00f1o anterior, as\u00ed como las deducciones y retenciones aplicadas en <a href=\"https:\/\/empresas.infoempleo.com\/hrtrends\/nominas-y-compliance-laboral-como-puede-ayudar-al-cumplimiento-normativo-en-el-ambito-salarial\/\" target=\"_blank\" rel=\"noopener\"><strong>n\u00f3minas<\/strong><\/a> o facturas. La obligatoriedad, forma de emisi\u00f3n y entrega de los <strong>certificados de retenciones<\/strong>, est\u00e1n recogidas y reguladas por el <strong>Reglamento del IRPF<\/strong>. Espec\u00edficamente, queda reflejadas en el art\u00edculo 108.3 del <a href=\"https:\/\/www.boe.es\/buscar\/act.php?id=BOE-A-2007-6820\" target=\"_blank\" rel=\"noopener\">Real Decreto 439\/2007<\/a>.<\/p>\n<p>Si la empresa no ha enviado todos los certificados el d\u00eda marcado por el calendario de la declaraci\u00f3n de la renta, ser\u00e1 sometida a una<strong> leve infracci\u00f3n administrativa<\/strong> de 150 euros por cada certificado que no haya sido enviado, as\u00ed lo refleja el Real Decreto 2063\/2004.<\/p>\n<h2>Pasos para su presentaci\u00f3n<\/h2>\n<p>La <strong>presentaci\u00f3n de retenciones<\/strong> es fundamental para los trabajadores, puesto que sin ella no pueden realizar la <strong>declaraci\u00f3n de la Renta<\/strong>. Este certificado es la <strong>documentaci\u00f3n fiscal<\/strong> que sirve de <strong>justificante de que la empresa ha ingresado esta cantidad<\/strong> de retenci\u00f3n por los trabajadores. Es obligatorio que se facilite a cada trabajador y que sea original y est\u00e9 firmado y sellado.<\/p>\n<p>Durante el mes de enero de cada a\u00f1o, dentro del <strong>procedimiento tributario<\/strong> y los <strong>tr\u00e1mites fiscales<\/strong>, como empresa retenedora env\u00edas a Hacienda los <strong>res\u00famenes anuales de las retenciones <\/strong>que has practicado durante todo el a\u00f1o anterior. Lo haces a trav\u00e9s de diversos modelos, entre los que destaca el <a href=\"https:\/\/www.agenciatributaria.gob.es\/AEAT.sede\/tramitacion\/GI10.shtml\" target=\"_blank\" rel=\"noopener\">modelo 190<\/a>, que incluye las retenciones de las empresas a sus trabajadores. Estas retenciones la empresa las ha ido ingresando trimestralmente mediante el <a href=\"https:\/\/empresas.infoempleo.com\/hrtrends\/modelo-111-como-hacer-la-declaracion-trimestral-de-retenciones-de-trabajadores\/\" target=\"_blank\" rel=\"noopener\"><strong>modelo 111<\/strong><\/a>.<\/p>\n<p>Ahora bien, el trabajador puede cumplir con su <strong>responsabilidad de contribuyente<\/strong> solicitando \u00e9l mismo el certificado. Puede hacerlo mediante estas 2 v\u00edas:<\/p>\n<ul>\n<li><strong>Acudiendo a la empresa<\/strong> para volver a solicitar que emitan un nuevo certificado pues ha sido quien practic\u00f3 las retenciones<\/li>\n<li><strong>Si se dan situaciones an\u00f3malas<\/strong>, tales como que ya no se trabaja para la empresa y las relaciones no son buenas con ella, <strong>se puede acudir a Hacienda <\/strong>para conseguir el certificado. El tr\u00e1mite para conseguir el documento acreditativo se puede realizar de forma telem\u00e1tica a trav\u00e9s de la <a href=\"https:\/\/www.agenciatributaria.gob.es\/AEAT.sede\/tramitacion\/G306.shtml\" target=\"_blank\" rel=\"noopener\">web de la Agencia Tributaria<\/a>.<\/li>\n<\/ul>\n","protected":false},"excerpt":{"rendered":"<p>El certificado de retenciones es uno de los documentos que tienes la obligaci\u00f3n de emitir para que los<a class=\"moretag\" href=\"https:\/\/empresas.infoempleo.com\/hrtrends\/todo-lo-que-debes-saber-sobre-el-certificado-de-retenciones-derechos-deberes-y-pasos-para-su-presentacion\/\"> Leer m\u00e1s<\/a><\/p>\n","protected":false},"author":136,"featured_media":29665,"comment_status":"closed","ping_status":"closed","sticky":false,"template":"","format":"standard","meta":{"footnotes":""},"categories":[3032],"tags":[],"class_list":["post-43904","post","type-post","status-publish","format-standard","has-post-thumbnail","hentry","category-formacion"],"yoast_head":"<!-- This site is optimized with the Yoast SEO plugin v26.1.1 - https:\/\/yoast.com\/wordpress\/plugins\/seo\/ -->\n<title>Todo lo que debes saber sobre el Certificado de Retenciones: derechos, deberes y pasos para su presentaci\u00f3n | HRTRENDS<\/title>\n<meta name=\"robots\" content=\"index, follow, max-snippet:-1, max-image-preview:large, max-video-preview:-1\" \/>\n<link rel=\"canonical\" href=\"https:\/\/empresas.infoempleo.com\/hrtrends\/todo-lo-que-debes-saber-sobre-el-certificado-de-retenciones-derechos-deberes-y-pasos-para-su-presentacion\/\" \/>\n<meta property=\"og:locale\" content=\"es_ES\" \/>\n<meta property=\"og:type\" content=\"article\" \/>\n<meta property=\"og:title\" content=\"Todo lo que debes saber sobre el Certificado de Retenciones: derechos, deberes y pasos para su presentaci\u00f3n | HRTRENDS\" \/>\n<meta property=\"og:description\" content=\"El certificado de retenciones es uno de los documentos que tienes la obligaci\u00f3n de emitir para que los Leer m\u00e1s\" \/>\n<meta property=\"og:url\" content=\"https:\/\/empresas.infoempleo.com\/hrtrends\/todo-lo-que-debes-saber-sobre-el-certificado-de-retenciones-derechos-deberes-y-pasos-para-su-presentacion\/\" \/>\n<meta property=\"og:site_name\" content=\"HRTRENDS\" \/>\n<meta property=\"article:publisher\" content=\"https:\/\/www.facebook.com\/Infoempleo\" \/>\n<meta property=\"article:published_time\" content=\"2023-11-17T23:00:00+00:00\" \/>\n<meta property=\"article:modified_time\" content=\"2024-07-02T12:51:31+00:00\" \/>\n<meta name=\"author\" content=\"Raquel Hern\u00e1ndez\" \/>\n<meta name=\"twitter:card\" content=\"summary_large_image\" \/>\n<meta name=\"twitter:creator\" content=\"@infoempleo\" \/>\n<meta name=\"twitter:site\" content=\"@infoempleo\" \/>\n<meta name=\"twitter:label1\" content=\"Escrito por\" \/>\n\t<meta name=\"twitter:data1\" content=\"Raquel Hern\u00e1ndez\" \/>\n\t<meta name=\"twitter:label2\" content=\"Tiempo de lectura\" \/>\n\t<meta name=\"twitter:data2\" content=\"3 minutos\" \/>\n<script type=\"application\/ld+json\" class=\"yoast-schema-graph\">{\"@context\":\"https:\/\/schema.org\",\"@graph\":[{\"@type\":\"NewsArticle\",\"@id\":\"https:\/\/empresas.infoempleo.com\/hrtrends\/todo-lo-que-debes-saber-sobre-el-certificado-de-retenciones-derechos-deberes-y-pasos-para-su-presentacion\/#article\",\"isPartOf\":{\"@id\":\"https:\/\/empresas.infoempleo.com\/hrtrends\/todo-lo-que-debes-saber-sobre-el-certificado-de-retenciones-derechos-deberes-y-pasos-para-su-presentacion\/\"},\"author\":{\"name\":\"Raquel Hern\u00e1ndez\",\"@id\":\"https:\/\/empresas.infoempleo.com\/hrtrends\/#\/schema\/person\/fb2f949a1461ff0e9e15996d82d3a787\"},\"headline\":\"Todo lo que debes saber sobre el Certificado de Retenciones: derechos, deberes y pasos para su presentaci\u00f3n\",\"datePublished\":\"2023-11-17T23:00:00+00:00\",\"dateModified\":\"2024-07-02T12:51:31+00:00\",\"mainEntityOfPage\":{\"@id\":\"https:\/\/empresas.infoempleo.com\/hrtrends\/todo-lo-que-debes-saber-sobre-el-certificado-de-retenciones-derechos-deberes-y-pasos-para-su-presentacion\/\"},\"wordCount\":574,\"publisher\":{\"@id\":\"https:\/\/empresas.infoempleo.com\/hrtrends\/#organization\"},\"image\":{\"@id\":\"https:\/\/empresas.infoempleo.com\/hrtrends\/todo-lo-que-debes-saber-sobre-el-certificado-de-retenciones-derechos-deberes-y-pasos-para-su-presentacion\/#primaryimage\"},\"thumbnailUrl\":\"https:\/\/empresas.infoempleo.com\/hrtrends\/media\/2017\/05\/pexels-photo-205508.jpg\",\"articleSection\":[\"Formaci\u00f3n\"],\"inLanguage\":\"es\",\"copyrightYear\":\"2023\",\"copyrightHolder\":{\"@id\":\"https:\/\/empresas.infoempleo.com\/hrtrends\/#organization\"}},{\"@type\":\"WebPage\",\"@id\":\"https:\/\/empresas.infoempleo.com\/hrtrends\/todo-lo-que-debes-saber-sobre-el-certificado-de-retenciones-derechos-deberes-y-pasos-para-su-presentacion\/\",\"url\":\"https:\/\/empresas.infoempleo.com\/hrtrends\/todo-lo-que-debes-saber-sobre-el-certificado-de-retenciones-derechos-deberes-y-pasos-para-su-presentacion\/\",\"name\":\"Todo lo que debes saber sobre el Certificado de Retenciones: derechos, deberes y pasos para su presentaci\u00f3n | HRTRENDS\",\"isPartOf\":{\"@id\":\"https:\/\/empresas.infoempleo.com\/hrtrends\/#website\"},\"primaryImageOfPage\":{\"@id\":\"https:\/\/empresas.infoempleo.com\/hrtrends\/todo-lo-que-debes-saber-sobre-el-certificado-de-retenciones-derechos-deberes-y-pasos-para-su-presentacion\/#primaryimage\"},\"image\":{\"@id\":\"https:\/\/empresas.infoempleo.com\/hrtrends\/todo-lo-que-debes-saber-sobre-el-certificado-de-retenciones-derechos-deberes-y-pasos-para-su-presentacion\/#primaryimage\"},\"thumbnailUrl\":\"https:\/\/empresas.infoempleo.com\/hrtrends\/media\/2017\/05\/pexels-photo-205508.jpg\",\"datePublished\":\"2023-11-17T23:00:00+00:00\",\"dateModified\":\"2024-07-02T12:51:31+00:00\",\"breadcrumb\":{\"@id\":\"https:\/\/empresas.infoempleo.com\/hrtrends\/todo-lo-que-debes-saber-sobre-el-certificado-de-retenciones-derechos-deberes-y-pasos-para-su-presentacion\/#breadcrumb\"},\"inLanguage\":\"es\",\"potentialAction\":[{\"@type\":\"ReadAction\",\"target\":[\"https:\/\/empresas.infoempleo.com\/hrtrends\/todo-lo-que-debes-saber-sobre-el-certificado-de-retenciones-derechos-deberes-y-pasos-para-su-presentacion\/\"]}]},{\"@type\":\"ImageObject\",\"inLanguage\":\"es\",\"@id\":\"https:\/\/empresas.infoempleo.com\/hrtrends\/todo-lo-que-debes-saber-sobre-el-certificado-de-retenciones-derechos-deberes-y-pasos-para-su-presentacion\/#primaryimage\",\"url\":\"https:\/\/empresas.infoempleo.com\/hrtrends\/media\/2017\/05\/pexels-photo-205508-150x150.jpg\",\"contentUrl\":\"https:\/\/empresas.infoempleo.com\/hrtrends\/media\/2017\/05\/pexels-photo-205508-150x150.jpg\",\"width\":150,\"height\":150},{\"@type\":\"BreadcrumbList\",\"@id\":\"https:\/\/empresas.infoempleo.com\/hrtrends\/todo-lo-que-debes-saber-sobre-el-certificado-de-retenciones-derechos-deberes-y-pasos-para-su-presentacion\/#breadcrumb\",\"itemListElement\":[{\"@type\":\"ListItem\",\"position\":1,\"name\":\"Portada\",\"item\":\"https:\/\/empresas.infoempleo.com\/hrtrends\/\"},{\"@type\":\"ListItem\",\"position\":2,\"name\":\"Todo lo que debes saber sobre el Certificado de Retenciones: derechos, deberes y pasos para su presentaci\u00f3n\"}]},{\"@type\":\"WebSite\",\"@id\":\"https:\/\/empresas.infoempleo.com\/hrtrends\/#website\",\"url\":\"https:\/\/empresas.infoempleo.com\/hrtrends\",\"name\":\"HRTrends by Infoempleo\",\"description\":\"\",\"publisher\":{\"@id\":\"https:\/\/empresas.infoempleo.com\/hrtrends\/#organization\"},\"potentialAction\":{\"@type\":\"SearchAction\",\"target\":\"https:\/\/empresas.infoempleo.com\/hrtrends\/?s={search_term_string}\",\"query-input\":\"required name=search_term_string\"},\"inLanguage\":\"es\"},{\"@type\":\"Organization\",\"@id\":\"https:\/\/empresas.infoempleo.com\/hrtrends\/#organization\",\"name\":\"Infoempleo\",\"url\":\"https:\/\/www.infoempleo.com\/\",\"logo\":{\"@type\":\"ImageObject\",\"@id\":\"https:\/\/empresas.infoempleo.com\/hrtrends\/#logo\",\"inLanguage\":\"es\",\"url\":\"https:\/\/cdnazure.infoempleo.com\/infoempleo\/assets\/style\/gfx\/logo.svg\",\"contentUrl\":\"https:\/\/cdnazure.infoempleo.com\/infoempleo\/assets\/style\/gfx\/logo.svg\",\"width\":150,\"height\":40,\"caption\":\"Infoempleo\"},\"image\":{\"@id\":\"https:\/\/empresas.infoempleo.com\/hrtrends\/#logo\"},\"sameAs\":[\"https:\/\/www.facebook.com\/Infoempleo\",\"https:\/\/x.com\/infoempleo\",\"http:\/\/instagram.com\/infoempleo\/\",\"http:\/\/www.linkedin.com\/groups\/Empleo-Espa\u00f1a-Infoempleocom-111276\",\"http:\/\/pinterest.com\/infoempleo\/\"],\"address\":{\"@type\":\"PostalAddress\",\"addressLocality\":\"Madrid\",\"postalCode\":\"28050\",\"streetAddress\":\"Avenida de Burgos 114\"},\"brand\":[\"Infoempleo\"]},{\"@type\":\"Person\",\"@id\":\"https:\/\/empresas.infoempleo.com\/hrtrends\/#\/schema\/person\/fb2f949a1461ff0e9e15996d82d3a787\",\"name\":\"Raquel Hern\u00e1ndez\",\"image\":{\"@type\":\"ImageObject\",\"inLanguage\":\"es\",\"@id\":\"https:\/\/empresas.infoempleo.com\/hrtrends\/#\/schema\/person\/image\/\",\"url\":\"https:\/\/secure.gravatar.com\/avatar\/4ccd374b24ab5eefd1b7681d8be968df221a577fa3ffa9dc4bb4b537645dc6a2?s=96&d=mm&r=g\",\"contentUrl\":\"https:\/\/secure.gravatar.com\/avatar\/4ccd374b24ab5eefd1b7681d8be968df221a577fa3ffa9dc4bb4b537645dc6a2?s=96&d=mm&r=g\",\"caption\":\"Raquel Hern\u00e1ndez\"},\"description\":\"M\u00e1ster en Filosof\u00eda Contempor\u00e1nea y Diploma Experto en Salud y G\u00e9nero. Extensa experiencia profesional como directora y productora de eventos culturales, especializada en el sector editorial. Lectora profesional y redactora de contenidos relacionados con el empleo, la innovaci\u00f3n y la educaci\u00f3n.\",\"url\":\"https:\/\/empresas.infoempleo.com\/hrtrends\/author\/raquel-hernandez\/\"}]}<\/script>\n<!-- \/ Yoast SEO plugin. -->","yoast_head_json":{"title":"Todo lo que debes saber sobre el Certificado de Retenciones: derechos, deberes y pasos para su presentaci\u00f3n | HRTRENDS","robots":{"index":"index","follow":"follow","max-snippet":"max-snippet:-1","max-image-preview":"max-image-preview:large","max-video-preview":"max-video-preview:-1"},"canonical":"https:\/\/empresas.infoempleo.com\/hrtrends\/todo-lo-que-debes-saber-sobre-el-certificado-de-retenciones-derechos-deberes-y-pasos-para-su-presentacion\/","og_locale":"es_ES","og_type":"article","og_title":"Todo lo que debes saber sobre el Certificado de Retenciones: derechos, deberes y pasos para su presentaci\u00f3n | HRTRENDS","og_description":"El certificado de retenciones es uno de los documentos que tienes la obligaci\u00f3n de emitir para que los Leer m\u00e1s","og_url":"https:\/\/empresas.infoempleo.com\/hrtrends\/todo-lo-que-debes-saber-sobre-el-certificado-de-retenciones-derechos-deberes-y-pasos-para-su-presentacion\/","og_site_name":"HRTRENDS","article_publisher":"https:\/\/www.facebook.com\/Infoempleo","article_published_time":"2023-11-17T23:00:00+00:00","article_modified_time":"2024-07-02T12:51:31+00:00","author":"Raquel Hern\u00e1ndez","twitter_card":"summary_large_image","twitter_creator":"@infoempleo","twitter_site":"@infoempleo","twitter_misc":{"Escrito por":"Raquel Hern\u00e1ndez","Tiempo de lectura":"3 minutos"},"schema":{"@context":"https:\/\/schema.org","@graph":[{"@type":"NewsArticle","@id":"https:\/\/empresas.infoempleo.com\/hrtrends\/todo-lo-que-debes-saber-sobre-el-certificado-de-retenciones-derechos-deberes-y-pasos-para-su-presentacion\/#article","isPartOf":{"@id":"https:\/\/empresas.infoempleo.com\/hrtrends\/todo-lo-que-debes-saber-sobre-el-certificado-de-retenciones-derechos-deberes-y-pasos-para-su-presentacion\/"},"author":{"name":"Raquel Hern\u00e1ndez","@id":"https:\/\/empresas.infoempleo.com\/hrtrends\/#\/schema\/person\/fb2f949a1461ff0e9e15996d82d3a787"},"headline":"Todo lo que debes saber sobre el Certificado de Retenciones: derechos, deberes y pasos para su presentaci\u00f3n","datePublished":"2023-11-17T23:00:00+00:00","dateModified":"2024-07-02T12:51:31+00:00","mainEntityOfPage":{"@id":"https:\/\/empresas.infoempleo.com\/hrtrends\/todo-lo-que-debes-saber-sobre-el-certificado-de-retenciones-derechos-deberes-y-pasos-para-su-presentacion\/"},"wordCount":574,"publisher":{"@id":"https:\/\/empresas.infoempleo.com\/hrtrends\/#organization"},"image":{"@id":"https:\/\/empresas.infoempleo.com\/hrtrends\/todo-lo-que-debes-saber-sobre-el-certificado-de-retenciones-derechos-deberes-y-pasos-para-su-presentacion\/#primaryimage"},"thumbnailUrl":"https:\/\/empresas.infoempleo.com\/hrtrends\/media\/2017\/05\/pexels-photo-205508.jpg","articleSection":["Formaci\u00f3n"],"inLanguage":"es","copyrightYear":"2023","copyrightHolder":{"@id":"https:\/\/empresas.infoempleo.com\/hrtrends\/#organization"}},{"@type":"WebPage","@id":"https:\/\/empresas.infoempleo.com\/hrtrends\/todo-lo-que-debes-saber-sobre-el-certificado-de-retenciones-derechos-deberes-y-pasos-para-su-presentacion\/","url":"https:\/\/empresas.infoempleo.com\/hrtrends\/todo-lo-que-debes-saber-sobre-el-certificado-de-retenciones-derechos-deberes-y-pasos-para-su-presentacion\/","name":"Todo lo que debes saber sobre el Certificado de Retenciones: derechos, deberes y pasos para su presentaci\u00f3n | HRTRENDS","isPartOf":{"@id":"https:\/\/empresas.infoempleo.com\/hrtrends\/#website"},"primaryImageOfPage":{"@id":"https:\/\/empresas.infoempleo.com\/hrtrends\/todo-lo-que-debes-saber-sobre-el-certificado-de-retenciones-derechos-deberes-y-pasos-para-su-presentacion\/#primaryimage"},"image":{"@id":"https:\/\/empresas.infoempleo.com\/hrtrends\/todo-lo-que-debes-saber-sobre-el-certificado-de-retenciones-derechos-deberes-y-pasos-para-su-presentacion\/#primaryimage"},"thumbnailUrl":"https:\/\/empresas.infoempleo.com\/hrtrends\/media\/2017\/05\/pexels-photo-205508.jpg","datePublished":"2023-11-17T23:00:00+00:00","dateModified":"2024-07-02T12:51:31+00:00","breadcrumb":{"@id":"https:\/\/empresas.infoempleo.com\/hrtrends\/todo-lo-que-debes-saber-sobre-el-certificado-de-retenciones-derechos-deberes-y-pasos-para-su-presentacion\/#breadcrumb"},"inLanguage":"es","potentialAction":[{"@type":"ReadAction","target":["https:\/\/empresas.infoempleo.com\/hrtrends\/todo-lo-que-debes-saber-sobre-el-certificado-de-retenciones-derechos-deberes-y-pasos-para-su-presentacion\/"]}]},{"@type":"ImageObject","inLanguage":"es","@id":"https:\/\/empresas.infoempleo.com\/hrtrends\/todo-lo-que-debes-saber-sobre-el-certificado-de-retenciones-derechos-deberes-y-pasos-para-su-presentacion\/#primaryimage","url":"https:\/\/empresas.infoempleo.com\/hrtrends\/media\/2017\/05\/pexels-photo-205508-150x150.jpg","contentUrl":"https:\/\/empresas.infoempleo.com\/hrtrends\/media\/2017\/05\/pexels-photo-205508-150x150.jpg","width":150,"height":150},{"@type":"BreadcrumbList","@id":"https:\/\/empresas.infoempleo.com\/hrtrends\/todo-lo-que-debes-saber-sobre-el-certificado-de-retenciones-derechos-deberes-y-pasos-para-su-presentacion\/#breadcrumb","itemListElement":[{"@type":"ListItem","position":1,"name":"Portada","item":"https:\/\/empresas.infoempleo.com\/hrtrends\/"},{"@type":"ListItem","position":2,"name":"Todo lo que debes saber sobre el Certificado de Retenciones: derechos, deberes y pasos para su presentaci\u00f3n"}]},{"@type":"WebSite","@id":"https:\/\/empresas.infoempleo.com\/hrtrends\/#website","url":"https:\/\/empresas.infoempleo.com\/hrtrends","name":"HRTrends by Infoempleo","description":"","publisher":{"@id":"https:\/\/empresas.infoempleo.com\/hrtrends\/#organization"},"potentialAction":{"@type":"SearchAction","target":"https:\/\/empresas.infoempleo.com\/hrtrends\/?s={search_term_string}","query-input":"required name=search_term_string"},"inLanguage":"es"},{"@type":"Organization","@id":"https:\/\/empresas.infoempleo.com\/hrtrends\/#organization","name":"Infoempleo","url":"https:\/\/www.infoempleo.com\/","logo":{"@type":"ImageObject","@id":"https:\/\/empresas.infoempleo.com\/hrtrends\/#logo","inLanguage":"es","url":"https:\/\/cdnazure.infoempleo.com\/infoempleo\/assets\/style\/gfx\/logo.svg","contentUrl":"https:\/\/cdnazure.infoempleo.com\/infoempleo\/assets\/style\/gfx\/logo.svg","width":150,"height":40,"caption":"Infoempleo"},"image":{"@id":"https:\/\/empresas.infoempleo.com\/hrtrends\/#logo"},"sameAs":["https:\/\/www.facebook.com\/Infoempleo","https:\/\/x.com\/infoempleo","http:\/\/instagram.com\/infoempleo\/","http:\/\/www.linkedin.com\/groups\/Empleo-Espa\u00f1a-Infoempleocom-111276","http:\/\/pinterest.com\/infoempleo\/"],"address":{"@type":"PostalAddress","addressLocality":"Madrid","postalCode":"28050","streetAddress":"Avenida de Burgos 114"},"brand":["Infoempleo"]},{"@type":"Person","@id":"https:\/\/empresas.infoempleo.com\/hrtrends\/#\/schema\/person\/fb2f949a1461ff0e9e15996d82d3a787","name":"Raquel Hern\u00e1ndez","image":{"@type":"ImageObject","inLanguage":"es","@id":"https:\/\/empresas.infoempleo.com\/hrtrends\/#\/schema\/person\/image\/","url":"https:\/\/secure.gravatar.com\/avatar\/4ccd374b24ab5eefd1b7681d8be968df221a577fa3ffa9dc4bb4b537645dc6a2?s=96&d=mm&r=g","contentUrl":"https:\/\/secure.gravatar.com\/avatar\/4ccd374b24ab5eefd1b7681d8be968df221a577fa3ffa9dc4bb4b537645dc6a2?s=96&d=mm&r=g","caption":"Raquel Hern\u00e1ndez"},"description":"M\u00e1ster en Filosof\u00eda Contempor\u00e1nea y Diploma Experto en Salud y G\u00e9nero. Extensa experiencia profesional como directora y productora de eventos culturales, especializada en el sector editorial. Lectora profesional y redactora de contenidos relacionados con el empleo, la innovaci\u00f3n y la educaci\u00f3n.","url":"https:\/\/empresas.infoempleo.com\/hrtrends\/author\/raquel-hernandez\/"}]}},"amp_enabled":true,"_links":{"self":[{"href":"https:\/\/empresas.infoempleo.com\/hrtrends\/wp-json\/wp\/v2\/posts\/43904","targetHints":{"allow":["GET"]}}],"collection":[{"href":"https:\/\/empresas.infoempleo.com\/hrtrends\/wp-json\/wp\/v2\/posts"}],"about":[{"href":"https:\/\/empresas.infoempleo.com\/hrtrends\/wp-json\/wp\/v2\/types\/post"}],"author":[{"embeddable":true,"href":"https:\/\/empresas.infoempleo.com\/hrtrends\/wp-json\/wp\/v2\/users\/136"}],"replies":[{"embeddable":true,"href":"https:\/\/empresas.infoempleo.com\/hrtrends\/wp-json\/wp\/v2\/comments?post=43904"}],"version-history":[{"count":3,"href":"https:\/\/empresas.infoempleo.com\/hrtrends\/wp-json\/wp\/v2\/posts\/43904\/revisions"}],"predecessor-version":[{"id":44087,"href":"https:\/\/empresas.infoempleo.com\/hrtrends\/wp-json\/wp\/v2\/posts\/43904\/revisions\/44087"}],"wp:featuredmedia":[{"embeddable":true,"href":"https:\/\/empresas.infoempleo.com\/hrtrends\/wp-json\/wp\/v2\/media\/29665"}],"wp:attachment":[{"href":"https:\/\/empresas.infoempleo.com\/hrtrends\/wp-json\/wp\/v2\/media?parent=43904"}],"wp:term":[{"taxonomy":"category","embeddable":true,"href":"https:\/\/empresas.infoempleo.com\/hrtrends\/wp-json\/wp\/v2\/categories?post=43904"},{"taxonomy":"post_tag","embeddable":true,"href":"https:\/\/empresas.infoempleo.com\/hrtrends\/wp-json\/wp\/v2\/tags?post=43904"}],"curies":[{"name":"wp","href":"https:\/\/api.w.org\/{rel}","templated":true}]}}