{"id":43896,"date":"2023-12-20T00:00:00","date_gmt":"2023-12-19T23:00:00","guid":{"rendered":"https:\/\/empresas.infoempleo.com\/hrtrends\/?p=43896"},"modified":"2024-07-02T14:29:15","modified_gmt":"2024-07-02T12:29:15","slug":"que-hacer-desde-rrhh-con-las-vacaciones-no-disfrutadas-por-un-trabajador","status":"publish","type":"post","link":"https:\/\/empresas.infoempleo.com\/hrtrends\/que-hacer-desde-rrhh-con-las-vacaciones-no-disfrutadas-por-un-trabajador\/","title":{"rendered":"\u00bfQu\u00e9 hacer desde RRHH con las vacaciones no disfrutadas por un trabajador?"},"content":{"rendered":"<p>La llegada de las <strong>vacaciones de Navidad<\/strong> conforma distintos retos para el departamento de Recursos Humanos. Uno de ellos es la gesti\u00f3n de las vacaciones de la plantilla. Las solicitudes de vacaciones pendientes y los diferentes requerimientos pueden llegar a acumularse, dificultando el trabajo y las gestiones.<\/p>\n<p>Bajo los distintos supuestos que pueden ocurrir, hoy queremos explicarte<strong> c\u00f3mo puedes administrar las vacaciones no disfrutadas por tu equipo<\/strong>, de manera que no tengas m\u00e1s preocupaciones que a\u00f1adir a tu lista de Reyes Magos. \u00bfEmpezamos?<\/p>\n<h2>\u00bfDe qu\u00e9 manera se reparten las vacaciones no disfrutadas?<\/h2>\n<p>Los d\u00edas de <strong>vacaciones<\/strong> y la manera de repartirlos, bien sea en verano o en \u00e9pocas de menos actividad en base al sector, <b>depende del acuerdo entre la empresa y el empleado<\/b>.<\/p>\n<p>Como dicta el Estatuto de los Trabajadores en su art\u00edculo 38, cada trabajador tiene derecho a <b>30 d\u00edas naturales de vacaciones<\/b> (con domingos y festivos incluidos), o bien 22 d\u00edas laborables por a\u00f1o trabajado. Este c\u00f3mputo es inalienable, es decir, que no est\u00e1 abierto a renuncia o transmisi\u00f3n.<\/p>\n<p>Aunque siempre hay que tener en cuenta el <a href=\"https:\/\/empresas.infoempleo.com\/hrtrends\/que-convenio-colectivo-se-aplica-en-tu-empresa\/\" target=\"_blank\" rel=\"noopener\"><b>convenio colectivo<\/b> <b>de aplicaci\u00f3n<\/b><\/a> en el sector, puesto que es el que dicta, en \u00faltima instancia, las <b>condiciones aplicables<\/b> al caso concreto (en el caso de ampliarla). Las condiciones recogidas en el convenio tambi\u00e9n ser\u00e1n las encargadas de imponer cierta normativa en <b>materia de preaviso<\/b> en cuanto a las vacaciones del trabajador.<\/p>\n<p>Estas vacaciones <b>deben disfrutarse durante el a\u00f1o natural<\/b> en el que se ha generado el derecho. Adem\u00e1s, podr\u00e1n repartirse seg\u00fan el acuerdo al que lleguen trabajador y empresa, respetando siempre las dos semanas ininterrumpidas de descanso. Por lo tanto, ha de tenerse en cuenta que las vacaciones, por lo general, <b>no suelen acumularse para el siguiente a\u00f1o<\/b> (exceptuando situaciones especiales). El disfrute de las mismas ha de liquidarse con el a\u00f1o natural.<\/p>\n<p>Tambi\u00e9n en el art\u00edculo 38 del ET se especifica que las vacaciones <b>no son sustituibles por retribuci\u00f3n econ\u00f3mica<\/b>. Solo podr\u00e1n ser retribuidas en caso de <a href=\"https:\/\/empresas.infoempleo.com\/hrtrends\/calcular-finiquito-trabajador\/\" target=\"_blank\" rel=\"noopener\"><b>extinci\u00f3n de contrato<\/b><\/a>. Por lo que, lo m\u00e1s com\u00fan si a\u00fan existen d\u00edas acumulados de vacaciones, es <b>ofrecer al trabajador la posibilidad de tomarlos en fiestas navide\u00f1as<\/b>.<\/p>\n<p><img decoding=\"async\" class=\"alignnone wp-image-45792 size-full lazy\" title=\"Equipo de trabajadores viajando tras recibir la retribuci\u00f3n de las vacaciones no disfrutadas\" src=\"data:;base64,<svg xmlns='http:\/\/www.w3.org\/2000\/svg' viewBox='0 0 800 533'><\/svg>\u00bb alt=\u00bbEquipo de trabajadores viajando tras recibir la retribuci\u00f3n de las vacaciones no disfrutadas\u00bb width=\u00bb800&#8243; height=\u00bb533&#8243; data-src=\u00bbhttps:\/\/empresas.infoempleo.com\/hrtrends\/media\/2023\/12\/Equipo-de-trabajadores-viajando-tras-recibir-la-retribucion-de-las-vacaciones-no-disfrutadas.jpg\u00bb data-srcset=\u00bbhttps:\/\/empresas.infoempleo.com\/hrtrends\/media\/2023\/12\/Equipo-de-trabajadores-viajando-tras-recibir-la-retribucion-de-las-vacaciones-no-disfrutadas.jpg 800w, https:\/\/empresas.infoempleo.com\/hrtrends\/media\/2023\/12\/Equipo-de-trabajadores-viajando-tras-recibir-la-retribucion-de-las-vacaciones-no-disfrutadas-300&#215;200.jpg 300w, https:\/\/empresas.infoempleo.com\/hrtrends\/media\/2023\/12\/Equipo-de-trabajadores-viajando-tras-recibir-la-retribucion-de-las-vacaciones-no-disfrutadas-768&#215;512.jpg 768w\u00bb data-sizes=\u00bb(max-width: 800px) 100vw, 800px\u00bb \/><\/p>\n<h2>\u00bfEn qu\u00e9 casos se pueden acumular las vacaciones?<\/h2>\n<p>Los casos que hayan generado la<strong> imposibilidad de disfrutar de las vacaciones<\/strong> pueden ser variados. En estos, el trabajador <b>no pierde su derecho a vacaciones<\/b> retribuidas. Esas vacaciones pendientes se acumulan, pudiendo disfrutarlas a\u00fan pasado el a\u00f1o natural. Hay que tener en cuenta, sin embargo, que <b>no pueden transcurrir m\u00e1s de 18 meses<\/b> desde el momento en el que se origin\u00f3 el derecho. Este se genera tras el primer mes trabajado, <b>acumulando 2,5 d\u00edas por mes,<\/b> hasta el c\u00f3mputo total de 30 por a\u00f1o.<\/p>\n<p>Estos<b> casos especiales<\/b> se resumen en los siguientes supuestos:<\/p>\n<ul>\n<li><strong>El trabajador ha sufrido una<\/strong><b> incapacidad temporal<\/b>. De ser este el caso, podr\u00e1 disfrutar de sus vacaciones acumuladas una vez se reincorpore.<\/li>\n<li><strong>El trabajador est\u00e1 de<\/strong> <b>baja por maternidad, paternidad o permiso de lactancia<\/b>. Los d\u00edas acumulados de vacaciones podr\u00e1n disfrutarse una vez se produzca el alta.<\/li>\n<li><strong>El trabajador no ha podido disfrutar de sus vacaciones a causa de las<\/strong> <b>circunstancias de la empresa<\/b>. En este caso, quiz\u00e1 el m\u00e1s complejo, la empresa y el trabajador deben llegar a un acuerdo para que estos d\u00edas de descanso no tomados sean cedidos como dicta la ley.<\/li>\n<\/ul>\n","protected":false},"excerpt":{"rendered":"<p>La llegada de las vacaciones de Navidad conforma distintos retos para el departamento de Recursos Humanos. Uno de<a class=\"moretag\" href=\"https:\/\/empresas.infoempleo.com\/hrtrends\/que-hacer-desde-rrhh-con-las-vacaciones-no-disfrutadas-por-un-trabajador\/\"> Leer m\u00e1s<\/a><\/p>\n","protected":false},"author":146,"featured_media":29665,"comment_status":"closed","ping_status":"closed","sticky":false,"template":"","format":"standard","meta":{"footnotes":""},"categories":[3035],"tags":[],"class_list":["post-43896","post","type-post","status-publish","format-standard","has-post-thumbnail","hentry","category-consejos"],"yoast_head":"<!-- This site is optimized with the Yoast SEO plugin v26.1.1 - https:\/\/yoast.com\/wordpress\/plugins\/seo\/ -->\n<title>\u00bfQu\u00e9 hacer desde RRHH con las vacaciones no disfrutadas por un trabajador? | HRTRENDS<\/title>\n<meta name=\"robots\" content=\"index, follow, max-snippet:-1, max-image-preview:large, max-video-preview:-1\" \/>\n<link rel=\"canonical\" href=\"https:\/\/empresas.infoempleo.com\/hrtrends\/que-hacer-desde-rrhh-con-las-vacaciones-no-disfrutadas-por-un-trabajador\/\" \/>\n<meta property=\"og:locale\" content=\"es_ES\" \/>\n<meta property=\"og:type\" content=\"article\" \/>\n<meta property=\"og:title\" content=\"\u00bfQu\u00e9 hacer desde RRHH con las vacaciones no disfrutadas por un trabajador? | HRTRENDS\" \/>\n<meta property=\"og:description\" content=\"La llegada de las vacaciones de Navidad conforma distintos retos para el departamento de Recursos Humanos. Uno de Leer m\u00e1s\" \/>\n<meta property=\"og:url\" content=\"https:\/\/empresas.infoempleo.com\/hrtrends\/que-hacer-desde-rrhh-con-las-vacaciones-no-disfrutadas-por-un-trabajador\/\" \/>\n<meta property=\"og:site_name\" content=\"HRTRENDS\" \/>\n<meta property=\"article:publisher\" content=\"https:\/\/www.facebook.com\/Infoempleo\" \/>\n<meta property=\"article:published_time\" content=\"2023-12-19T23:00:00+00:00\" \/>\n<meta property=\"article:modified_time\" content=\"2024-07-02T12:29:15+00:00\" \/>\n<meta name=\"author\" content=\"Sandra R. Martos\" \/>\n<meta name=\"twitter:card\" content=\"summary_large_image\" \/>\n<meta name=\"twitter:creator\" content=\"@infoempleo\" \/>\n<meta name=\"twitter:site\" content=\"@infoempleo\" \/>\n<meta name=\"twitter:label1\" content=\"Escrito por\" \/>\n\t<meta name=\"twitter:data1\" content=\"Sandra R. Martos\" \/>\n\t<meta name=\"twitter:label2\" content=\"Tiempo de lectura\" \/>\n\t<meta name=\"twitter:data2\" content=\"3 minutos\" \/>\n<script type=\"application\/ld+json\" class=\"yoast-schema-graph\">{\"@context\":\"https:\/\/schema.org\",\"@graph\":[{\"@type\":\"NewsArticle\",\"@id\":\"https:\/\/empresas.infoempleo.com\/hrtrends\/que-hacer-desde-rrhh-con-las-vacaciones-no-disfrutadas-por-un-trabajador\/#article\",\"isPartOf\":{\"@id\":\"https:\/\/empresas.infoempleo.com\/hrtrends\/que-hacer-desde-rrhh-con-las-vacaciones-no-disfrutadas-por-un-trabajador\/\"},\"author\":{\"name\":\"Sandra R. Martos\",\"@id\":\"https:\/\/empresas.infoempleo.com\/hrtrends\/#\/schema\/person\/d24c95f005bb213d5442bfb9916f0cf1\"},\"headline\":\"\u00bfQu\u00e9 hacer desde RRHH con las vacaciones no disfrutadas por un trabajador?\",\"datePublished\":\"2023-12-19T23:00:00+00:00\",\"dateModified\":\"2024-07-02T12:29:15+00:00\",\"mainEntityOfPage\":{\"@id\":\"https:\/\/empresas.infoempleo.com\/hrtrends\/que-hacer-desde-rrhh-con-las-vacaciones-no-disfrutadas-por-un-trabajador\/\"},\"wordCount\":598,\"publisher\":{\"@id\":\"https:\/\/empresas.infoempleo.com\/hrtrends\/#organization\"},\"image\":{\"@id\":\"https:\/\/empresas.infoempleo.com\/hrtrends\/que-hacer-desde-rrhh-con-las-vacaciones-no-disfrutadas-por-un-trabajador\/#primaryimage\"},\"thumbnailUrl\":\"https:\/\/empresas.infoempleo.com\/hrtrends\/media\/2017\/05\/pexels-photo-205508.jpg\",\"articleSection\":[\"Consejos\"],\"inLanguage\":\"es\",\"copyrightYear\":\"2023\",\"copyrightHolder\":{\"@id\":\"https:\/\/empresas.infoempleo.com\/hrtrends\/#organization\"}},{\"@type\":\"WebPage\",\"@id\":\"https:\/\/empresas.infoempleo.com\/hrtrends\/que-hacer-desde-rrhh-con-las-vacaciones-no-disfrutadas-por-un-trabajador\/\",\"url\":\"https:\/\/empresas.infoempleo.com\/hrtrends\/que-hacer-desde-rrhh-con-las-vacaciones-no-disfrutadas-por-un-trabajador\/\",\"name\":\"\u00bfQu\u00e9 hacer desde RRHH con las vacaciones no disfrutadas por un trabajador? | HRTRENDS\",\"isPartOf\":{\"@id\":\"https:\/\/empresas.infoempleo.com\/hrtrends\/#website\"},\"primaryImageOfPage\":{\"@id\":\"https:\/\/empresas.infoempleo.com\/hrtrends\/que-hacer-desde-rrhh-con-las-vacaciones-no-disfrutadas-por-un-trabajador\/#primaryimage\"},\"image\":{\"@id\":\"https:\/\/empresas.infoempleo.com\/hrtrends\/que-hacer-desde-rrhh-con-las-vacaciones-no-disfrutadas-por-un-trabajador\/#primaryimage\"},\"thumbnailUrl\":\"https:\/\/empresas.infoempleo.com\/hrtrends\/media\/2017\/05\/pexels-photo-205508.jpg\",\"datePublished\":\"2023-12-19T23:00:00+00:00\",\"dateModified\":\"2024-07-02T12:29:15+00:00\",\"breadcrumb\":{\"@id\":\"https:\/\/empresas.infoempleo.com\/hrtrends\/que-hacer-desde-rrhh-con-las-vacaciones-no-disfrutadas-por-un-trabajador\/#breadcrumb\"},\"inLanguage\":\"es\",\"potentialAction\":[{\"@type\":\"ReadAction\",\"target\":[\"https:\/\/empresas.infoempleo.com\/hrtrends\/que-hacer-desde-rrhh-con-las-vacaciones-no-disfrutadas-por-un-trabajador\/\"]}]},{\"@type\":\"ImageObject\",\"inLanguage\":\"es\",\"@id\":\"https:\/\/empresas.infoempleo.com\/hrtrends\/que-hacer-desde-rrhh-con-las-vacaciones-no-disfrutadas-por-un-trabajador\/#primaryimage\",\"url\":\"https:\/\/empresas.infoempleo.com\/hrtrends\/media\/2017\/05\/pexels-photo-205508-150x150.jpg\",\"contentUrl\":\"https:\/\/empresas.infoempleo.com\/hrtrends\/media\/2017\/05\/pexels-photo-205508-150x150.jpg\",\"width\":150,\"height\":150},{\"@type\":\"BreadcrumbList\",\"@id\":\"https:\/\/empresas.infoempleo.com\/hrtrends\/que-hacer-desde-rrhh-con-las-vacaciones-no-disfrutadas-por-un-trabajador\/#breadcrumb\",\"itemListElement\":[{\"@type\":\"ListItem\",\"position\":1,\"name\":\"Portada\",\"item\":\"https:\/\/empresas.infoempleo.com\/hrtrends\/\"},{\"@type\":\"ListItem\",\"position\":2,\"name\":\"\u00bfQu\u00e9 hacer desde RRHH con las vacaciones no disfrutadas por un trabajador?\"}]},{\"@type\":\"WebSite\",\"@id\":\"https:\/\/empresas.infoempleo.com\/hrtrends\/#website\",\"url\":\"https:\/\/empresas.infoempleo.com\/hrtrends\",\"name\":\"HRTrends by Infoempleo\",\"description\":\"\",\"publisher\":{\"@id\":\"https:\/\/empresas.infoempleo.com\/hrtrends\/#organization\"},\"potentialAction\":{\"@type\":\"SearchAction\",\"target\":\"https:\/\/empresas.infoempleo.com\/hrtrends\/?s={search_term_string}\",\"query-input\":\"required name=search_term_string\"},\"inLanguage\":\"es\"},{\"@type\":\"Organization\",\"@id\":\"https:\/\/empresas.infoempleo.com\/hrtrends\/#organization\",\"name\":\"Infoempleo\",\"url\":\"https:\/\/www.infoempleo.com\/\",\"logo\":{\"@type\":\"ImageObject\",\"@id\":\"https:\/\/empresas.infoempleo.com\/hrtrends\/#logo\",\"inLanguage\":\"es\",\"url\":\"https:\/\/cdnazure.infoempleo.com\/infoempleo\/assets\/style\/gfx\/logo.svg\",\"contentUrl\":\"https:\/\/cdnazure.infoempleo.com\/infoempleo\/assets\/style\/gfx\/logo.svg\",\"width\":150,\"height\":40,\"caption\":\"Infoempleo\"},\"image\":{\"@id\":\"https:\/\/empresas.infoempleo.com\/hrtrends\/#logo\"},\"sameAs\":[\"https:\/\/www.facebook.com\/Infoempleo\",\"https:\/\/x.com\/infoempleo\",\"http:\/\/instagram.com\/infoempleo\/\",\"http:\/\/www.linkedin.com\/groups\/Empleo-Espa\u00f1a-Infoempleocom-111276\",\"http:\/\/pinterest.com\/infoempleo\/\"],\"address\":{\"@type\":\"PostalAddress\",\"addressLocality\":\"Madrid\",\"postalCode\":\"28050\",\"streetAddress\":\"Avenida de Burgos 114\"},\"brand\":[\"Infoempleo\"]},{\"@type\":\"Person\",\"@id\":\"https:\/\/empresas.infoempleo.com\/hrtrends\/#\/schema\/person\/d24c95f005bb213d5442bfb9916f0cf1\",\"name\":\"Sandra R. Martos\",\"image\":{\"@type\":\"ImageObject\",\"inLanguage\":\"es\",\"@id\":\"https:\/\/empresas.infoempleo.com\/hrtrends\/#\/schema\/person\/image\/\",\"url\":\"https:\/\/secure.gravatar.com\/avatar\/416b738ea045864f60be6f729d868b5b8807d320c6de9f29d2506b477304ed75?s=96&d=mm&r=g\",\"contentUrl\":\"https:\/\/secure.gravatar.com\/avatar\/416b738ea045864f60be6f729d868b5b8807d320c6de9f29d2506b477304ed75?s=96&d=mm&r=g\",\"caption\":\"Sandra R. Martos\"},\"url\":\"https:\/\/empresas.infoempleo.com\/hrtrends\/author\/srmartos\/\"}]}<\/script>\n<!-- \/ Yoast SEO plugin. -->","yoast_head_json":{"title":"\u00bfQu\u00e9 hacer desde RRHH con las vacaciones no disfrutadas por un trabajador? | HRTRENDS","robots":{"index":"index","follow":"follow","max-snippet":"max-snippet:-1","max-image-preview":"max-image-preview:large","max-video-preview":"max-video-preview:-1"},"canonical":"https:\/\/empresas.infoempleo.com\/hrtrends\/que-hacer-desde-rrhh-con-las-vacaciones-no-disfrutadas-por-un-trabajador\/","og_locale":"es_ES","og_type":"article","og_title":"\u00bfQu\u00e9 hacer desde RRHH con las vacaciones no disfrutadas por un trabajador? | HRTRENDS","og_description":"La llegada de las vacaciones de Navidad conforma distintos retos para el departamento de Recursos Humanos. Uno de Leer m\u00e1s","og_url":"https:\/\/empresas.infoempleo.com\/hrtrends\/que-hacer-desde-rrhh-con-las-vacaciones-no-disfrutadas-por-un-trabajador\/","og_site_name":"HRTRENDS","article_publisher":"https:\/\/www.facebook.com\/Infoempleo","article_published_time":"2023-12-19T23:00:00+00:00","article_modified_time":"2024-07-02T12:29:15+00:00","author":"Sandra R. Martos","twitter_card":"summary_large_image","twitter_creator":"@infoempleo","twitter_site":"@infoempleo","twitter_misc":{"Escrito por":"Sandra R. Martos","Tiempo de lectura":"3 minutos"},"schema":{"@context":"https:\/\/schema.org","@graph":[{"@type":"NewsArticle","@id":"https:\/\/empresas.infoempleo.com\/hrtrends\/que-hacer-desde-rrhh-con-las-vacaciones-no-disfrutadas-por-un-trabajador\/#article","isPartOf":{"@id":"https:\/\/empresas.infoempleo.com\/hrtrends\/que-hacer-desde-rrhh-con-las-vacaciones-no-disfrutadas-por-un-trabajador\/"},"author":{"name":"Sandra R. Martos","@id":"https:\/\/empresas.infoempleo.com\/hrtrends\/#\/schema\/person\/d24c95f005bb213d5442bfb9916f0cf1"},"headline":"\u00bfQu\u00e9 hacer desde RRHH con las vacaciones no disfrutadas por un trabajador?","datePublished":"2023-12-19T23:00:00+00:00","dateModified":"2024-07-02T12:29:15+00:00","mainEntityOfPage":{"@id":"https:\/\/empresas.infoempleo.com\/hrtrends\/que-hacer-desde-rrhh-con-las-vacaciones-no-disfrutadas-por-un-trabajador\/"},"wordCount":598,"publisher":{"@id":"https:\/\/empresas.infoempleo.com\/hrtrends\/#organization"},"image":{"@id":"https:\/\/empresas.infoempleo.com\/hrtrends\/que-hacer-desde-rrhh-con-las-vacaciones-no-disfrutadas-por-un-trabajador\/#primaryimage"},"thumbnailUrl":"https:\/\/empresas.infoempleo.com\/hrtrends\/media\/2017\/05\/pexels-photo-205508.jpg","articleSection":["Consejos"],"inLanguage":"es","copyrightYear":"2023","copyrightHolder":{"@id":"https:\/\/empresas.infoempleo.com\/hrtrends\/#organization"}},{"@type":"WebPage","@id":"https:\/\/empresas.infoempleo.com\/hrtrends\/que-hacer-desde-rrhh-con-las-vacaciones-no-disfrutadas-por-un-trabajador\/","url":"https:\/\/empresas.infoempleo.com\/hrtrends\/que-hacer-desde-rrhh-con-las-vacaciones-no-disfrutadas-por-un-trabajador\/","name":"\u00bfQu\u00e9 hacer desde RRHH con las vacaciones no disfrutadas por un trabajador? | HRTRENDS","isPartOf":{"@id":"https:\/\/empresas.infoempleo.com\/hrtrends\/#website"},"primaryImageOfPage":{"@id":"https:\/\/empresas.infoempleo.com\/hrtrends\/que-hacer-desde-rrhh-con-las-vacaciones-no-disfrutadas-por-un-trabajador\/#primaryimage"},"image":{"@id":"https:\/\/empresas.infoempleo.com\/hrtrends\/que-hacer-desde-rrhh-con-las-vacaciones-no-disfrutadas-por-un-trabajador\/#primaryimage"},"thumbnailUrl":"https:\/\/empresas.infoempleo.com\/hrtrends\/media\/2017\/05\/pexels-photo-205508.jpg","datePublished":"2023-12-19T23:00:00+00:00","dateModified":"2024-07-02T12:29:15+00:00","breadcrumb":{"@id":"https:\/\/empresas.infoempleo.com\/hrtrends\/que-hacer-desde-rrhh-con-las-vacaciones-no-disfrutadas-por-un-trabajador\/#breadcrumb"},"inLanguage":"es","potentialAction":[{"@type":"ReadAction","target":["https:\/\/empresas.infoempleo.com\/hrtrends\/que-hacer-desde-rrhh-con-las-vacaciones-no-disfrutadas-por-un-trabajador\/"]}]},{"@type":"ImageObject","inLanguage":"es","@id":"https:\/\/empresas.infoempleo.com\/hrtrends\/que-hacer-desde-rrhh-con-las-vacaciones-no-disfrutadas-por-un-trabajador\/#primaryimage","url":"https:\/\/empresas.infoempleo.com\/hrtrends\/media\/2017\/05\/pexels-photo-205508-150x150.jpg","contentUrl":"https:\/\/empresas.infoempleo.com\/hrtrends\/media\/2017\/05\/pexels-photo-205508-150x150.jpg","width":150,"height":150},{"@type":"BreadcrumbList","@id":"https:\/\/empresas.infoempleo.com\/hrtrends\/que-hacer-desde-rrhh-con-las-vacaciones-no-disfrutadas-por-un-trabajador\/#breadcrumb","itemListElement":[{"@type":"ListItem","position":1,"name":"Portada","item":"https:\/\/empresas.infoempleo.com\/hrtrends\/"},{"@type":"ListItem","position":2,"name":"\u00bfQu\u00e9 hacer desde RRHH con las vacaciones no disfrutadas por un trabajador?"}]},{"@type":"WebSite","@id":"https:\/\/empresas.infoempleo.com\/hrtrends\/#website","url":"https:\/\/empresas.infoempleo.com\/hrtrends","name":"HRTrends by Infoempleo","description":"","publisher":{"@id":"https:\/\/empresas.infoempleo.com\/hrtrends\/#organization"},"potentialAction":{"@type":"SearchAction","target":"https:\/\/empresas.infoempleo.com\/hrtrends\/?s={search_term_string}","query-input":"required name=search_term_string"},"inLanguage":"es"},{"@type":"Organization","@id":"https:\/\/empresas.infoempleo.com\/hrtrends\/#organization","name":"Infoempleo","url":"https:\/\/www.infoempleo.com\/","logo":{"@type":"ImageObject","@id":"https:\/\/empresas.infoempleo.com\/hrtrends\/#logo","inLanguage":"es","url":"https:\/\/cdnazure.infoempleo.com\/infoempleo\/assets\/style\/gfx\/logo.svg","contentUrl":"https:\/\/cdnazure.infoempleo.com\/infoempleo\/assets\/style\/gfx\/logo.svg","width":150,"height":40,"caption":"Infoempleo"},"image":{"@id":"https:\/\/empresas.infoempleo.com\/hrtrends\/#logo"},"sameAs":["https:\/\/www.facebook.com\/Infoempleo","https:\/\/x.com\/infoempleo","http:\/\/instagram.com\/infoempleo\/","http:\/\/www.linkedin.com\/groups\/Empleo-Espa\u00f1a-Infoempleocom-111276","http:\/\/pinterest.com\/infoempleo\/"],"address":{"@type":"PostalAddress","addressLocality":"Madrid","postalCode":"28050","streetAddress":"Avenida de Burgos 114"},"brand":["Infoempleo"]},{"@type":"Person","@id":"https:\/\/empresas.infoempleo.com\/hrtrends\/#\/schema\/person\/d24c95f005bb213d5442bfb9916f0cf1","name":"Sandra R. Martos","image":{"@type":"ImageObject","inLanguage":"es","@id":"https:\/\/empresas.infoempleo.com\/hrtrends\/#\/schema\/person\/image\/","url":"https:\/\/secure.gravatar.com\/avatar\/416b738ea045864f60be6f729d868b5b8807d320c6de9f29d2506b477304ed75?s=96&d=mm&r=g","contentUrl":"https:\/\/secure.gravatar.com\/avatar\/416b738ea045864f60be6f729d868b5b8807d320c6de9f29d2506b477304ed75?s=96&d=mm&r=g","caption":"Sandra R. Martos"},"url":"https:\/\/empresas.infoempleo.com\/hrtrends\/author\/srmartos\/"}]}},"amp_enabled":true,"_links":{"self":[{"href":"https:\/\/empresas.infoempleo.com\/hrtrends\/wp-json\/wp\/v2\/posts\/43896","targetHints":{"allow":["GET"]}}],"collection":[{"href":"https:\/\/empresas.infoempleo.com\/hrtrends\/wp-json\/wp\/v2\/posts"}],"about":[{"href":"https:\/\/empresas.infoempleo.com\/hrtrends\/wp-json\/wp\/v2\/types\/post"}],"author":[{"embeddable":true,"href":"https:\/\/empresas.infoempleo.com\/hrtrends\/wp-json\/wp\/v2\/users\/146"}],"replies":[{"embeddable":true,"href":"https:\/\/empresas.infoempleo.com\/hrtrends\/wp-json\/wp\/v2\/comments?post=43896"}],"version-history":[{"count":1,"href":"https:\/\/empresas.infoempleo.com\/hrtrends\/wp-json\/wp\/v2\/posts\/43896\/revisions"}],"predecessor-version":[{"id":44050,"href":"https:\/\/empresas.infoempleo.com\/hrtrends\/wp-json\/wp\/v2\/posts\/43896\/revisions\/44050"}],"wp:featuredmedia":[{"embeddable":true,"href":"https:\/\/empresas.infoempleo.com\/hrtrends\/wp-json\/wp\/v2\/media\/29665"}],"wp:attachment":[{"href":"https:\/\/empresas.infoempleo.com\/hrtrends\/wp-json\/wp\/v2\/media?parent=43896"}],"wp:term":[{"taxonomy":"category","embeddable":true,"href":"https:\/\/empresas.infoempleo.com\/hrtrends\/wp-json\/wp\/v2\/categories?post=43896"},{"taxonomy":"post_tag","embeddable":true,"href":"https:\/\/empresas.infoempleo.com\/hrtrends\/wp-json\/wp\/v2\/tags?post=43896"}],"curies":[{"name":"wp","href":"https:\/\/api.w.org\/{rel}","templated":true}]}}