{"id":43890,"date":"2023-08-12T00:00:00","date_gmt":"2023-08-11T23:00:00","guid":{"rendered":"https:\/\/empresas.infoempleo.com\/hrtrends\/?p=43890"},"modified":"2024-07-02T18:05:01","modified_gmt":"2024-07-02T16:05:01","slug":"optimizando-la-gestion-documental-en-recursos-humanos-guia-practica-para-pymes","status":"publish","type":"post","link":"https:\/\/empresas.infoempleo.com\/hrtrends\/optimizando-la-gestion-documental-en-recursos-humanos-guia-practica-para-pymes\/","title":{"rendered":"Optimizando la gesti\u00f3n documental en Recursos Humanos: gu\u00eda pr\u00e1ctica para pymes"},"content":{"rendered":"<p>\u00bfTe preocupa el <strong>volumen de documentos generados en tu empresa<\/strong> y c\u00f3mo optimizar tu gesti\u00f3n documental? En Recursos Humanos ganar en eficiencia en la <strong>recuperaci\u00f3n de la informaci\u00f3n<\/strong> del talento humano <strong>ahorra costes y agiliza los procesos<\/strong>. Trabajar en la nube, con firma electr\u00f3nica y programas escalables son algunos de los consejos para <strong>mejorar el tratamiento de tu<\/strong> <strong>archivo digital<\/strong>. Simplifica los procesos trabajando en tiempo real de manera sincronizada con software que permita la accesibilidad a todos los trabajadores involucrados.<\/p>\n<h2>Optimiza tu gesti\u00f3n documental<\/h2>\n<p>La clave para que la <strong>gesti\u00f3n documental en RRHH<\/strong> es que todos los trabajadores del departamento tengan <strong>acceso en tiempo real<\/strong> a estos datos. Incluso en las empresas m\u00e1s peque\u00f1as, la eficacia en los <strong>procesos de documentaci\u00f3n<\/strong> es una de las prioridades. La transformaci\u00f3n digital acelerada por la pandemia ha dejado en desuso el tratamiento por mail. Adem\u00e1s, ha puesto de relieve su vulnerabilidad y los riesgos en ciberseguridad en cuanto a la protecci\u00f3n de datos que presentaba.<\/p>\n<p>El <strong>archivo documental<\/strong>, es decir, los documentos generados en un proceso pueden estar en diferentes \u00e1reas o departamentos. Por ejemplo, una solicitud de material junto a un contrato y una factura. Para trabajar de manera <strong>sincronizada y eficiente<\/strong>, debes elegir una herramienta que optimice la tarea.<\/p>\n<p>Adem\u00e1s, al tratar con <strong>talento humano<\/strong> toda la informaci\u00f3n articulada es fuente de beneficios. Una de las <strong>ventajas<\/strong> de mejorar la <strong>gesti\u00f3n documental<\/strong> es que hace que sea f\u00e1cil para las empresas combinar archivos en papel y digitales en un \u00fanico repositorio. En la era del big data y el <a href=\"https:\/\/empresas.infoempleo.com\/hrtrends\/como-se-aplica-el-delta-model-en-hr-analytics-para-crecer-enfocados-en-clientes\/\" target=\"_blank\" rel=\"noopener\"><strong>people analytic<\/strong><\/a>, no te puedes permitir perder el tiempo buscando en carpetas y archivos. La carrera la gana quien es m\u00e1s \u00e1gil en la recuperaci\u00f3n de la informaci\u00f3n, no en quien produce m\u00e1s.<\/p>\n<p>&nbsp;<\/p>\n<h2>Consejos pr\u00e1cticos para pymes<\/h2>\n<p>La <strong>gesti\u00f3n documental<\/strong> es el conjunto de <strong>normas<\/strong> que se aplican para gestionar los documentos de todo tipo que se crean y reciben en una organizaci\u00f3n. Esa gesti\u00f3n de documentos debe facilitar su <strong>recuperaci\u00f3n<\/strong>, permitir la extracci\u00f3n de informaci\u00f3n, el expurgo de los que no sean necesarios, la <strong>conservaci\u00f3n<\/strong> de los que son importantes durante el tiempo que sean \u00fatiles, as\u00ed como la destrucci\u00f3n cuando ya no se necesitan. De esta manera, para optimizar tu gesti\u00f3n documental es importante que utilices <strong>documentos electr\u00f3nicos<\/strong> y <strong>firma digital<\/strong>. Sigue estos consejos pr\u00e1cticos en el tratamiento de la informaci\u00f3n:<\/p>\n<ul>\n<li><strong>Check-in \/ check-out y bloqueo<\/strong>: para coordinar la <a href=\"https:\/\/empresas.infoempleo.com\/hrtrends\/que-es-el-inicio-de-sesion-unico-sso-ciberseguridad\/\" target=\"_blank\" rel=\"noopener\"><strong>edici\u00f3n simult\u00e1nea<\/strong><\/a> de un documento. As\u00ed, los cambios de una persona no se sobreescribir\u00e1n a los de otra persona.<\/li>\n<li><strong>Control de versiones:<\/strong> el objetivo es mantener el hist\u00f3rico del documento. Recoge los datos sobre c\u00f3mo se cre\u00f3 el documento actual y c\u00f3mo difiere de las versiones anteriores.<\/li>\n<li><strong>Roll-back<\/strong>: \u00fatil para \u201cactivar\u201d una versi\u00f3n anterior en caso de error. Si tu empresa es peque\u00f1a y decides empezar poco a poco, aseg\u00farate de que tu primera versi\u00f3n sea escalable y pueda integrarse en las futuras mejoras.<\/li>\n<li><strong>Registros de auditor\u00eda<\/strong>: si varias personas est\u00e1is trabajando sobre el mismo expediente, es necesario poder reconstruir qui\u00e9n hizo qu\u00e9 a un documento durante el curso de su vida en el sistema.<\/li>\n<li><strong>Comentarios y marcas<\/strong>. Agiliza el procesamiento del documento sin aplicaciones o herramientas extendidas, es decir, sobre el mismo archivo.<\/li>\n<\/ul>\n","protected":false},"excerpt":{"rendered":"<p>\u00bfTe preocupa el volumen de documentos generados en tu empresa y c\u00f3mo optimizar tu gesti\u00f3n documental? En Recursos<a class=\"moretag\" href=\"https:\/\/empresas.infoempleo.com\/hrtrends\/optimizando-la-gestion-documental-en-recursos-humanos-guia-practica-para-pymes\/\"> Leer m\u00e1s<\/a><\/p>\n","protected":false},"author":136,"featured_media":29665,"comment_status":"closed","ping_status":"closed","sticky":false,"template":"","format":"standard","meta":{"footnotes":""},"categories":[3035],"tags":[],"class_list":["post-43890","post","type-post","status-publish","format-standard","has-post-thumbnail","hentry","category-consejos"],"yoast_head":"<!-- This site is optimized with the Yoast SEO plugin v26.1.1 - https:\/\/yoast.com\/wordpress\/plugins\/seo\/ -->\n<title>Optimizando la gesti\u00f3n documental en Recursos Humanos: gu\u00eda pr\u00e1ctica para pymes | HRTRENDS<\/title>\n<meta name=\"robots\" content=\"index, follow, max-snippet:-1, max-image-preview:large, max-video-preview:-1\" \/>\n<link rel=\"canonical\" href=\"https:\/\/empresas.infoempleo.com\/hrtrends\/optimizando-la-gestion-documental-en-recursos-humanos-guia-practica-para-pymes\/\" \/>\n<meta property=\"og:locale\" content=\"es_ES\" \/>\n<meta property=\"og:type\" content=\"article\" \/>\n<meta property=\"og:title\" content=\"Optimizando la gesti\u00f3n documental en Recursos Humanos: gu\u00eda pr\u00e1ctica para pymes | HRTRENDS\" \/>\n<meta property=\"og:description\" content=\"\u00bfTe preocupa el volumen de documentos generados en tu empresa y c\u00f3mo optimizar tu gesti\u00f3n documental? En Recursos Leer m\u00e1s\" \/>\n<meta property=\"og:url\" content=\"https:\/\/empresas.infoempleo.com\/hrtrends\/optimizando-la-gestion-documental-en-recursos-humanos-guia-practica-para-pymes\/\" \/>\n<meta property=\"og:site_name\" content=\"HRTRENDS\" \/>\n<meta property=\"article:publisher\" content=\"https:\/\/www.facebook.com\/Infoempleo\" \/>\n<meta property=\"article:published_time\" content=\"2023-08-11T23:00:00+00:00\" \/>\n<meta property=\"article:modified_time\" content=\"2024-07-02T16:05:01+00:00\" \/>\n<meta name=\"author\" content=\"Raquel Hern\u00e1ndez\" \/>\n<meta name=\"twitter:card\" content=\"summary_large_image\" \/>\n<meta name=\"twitter:creator\" content=\"@infoempleo\" \/>\n<meta name=\"twitter:site\" content=\"@infoempleo\" \/>\n<meta name=\"twitter:label1\" content=\"Escrito por\" \/>\n\t<meta name=\"twitter:data1\" content=\"Raquel Hern\u00e1ndez\" \/>\n\t<meta name=\"twitter:label2\" content=\"Tiempo de lectura\" \/>\n\t<meta name=\"twitter:data2\" content=\"3 minutos\" \/>\n<script type=\"application\/ld+json\" class=\"yoast-schema-graph\">{\"@context\":\"https:\/\/schema.org\",\"@graph\":[{\"@type\":\"NewsArticle\",\"@id\":\"https:\/\/empresas.infoempleo.com\/hrtrends\/optimizando-la-gestion-documental-en-recursos-humanos-guia-practica-para-pymes\/#article\",\"isPartOf\":{\"@id\":\"https:\/\/empresas.infoempleo.com\/hrtrends\/optimizando-la-gestion-documental-en-recursos-humanos-guia-practica-para-pymes\/\"},\"author\":{\"name\":\"Raquel Hern\u00e1ndez\",\"@id\":\"https:\/\/empresas.infoempleo.com\/hrtrends\/#\/schema\/person\/fb2f949a1461ff0e9e15996d82d3a787\"},\"headline\":\"Optimizando la gesti\u00f3n documental en Recursos Humanos: gu\u00eda pr\u00e1ctica para pymes\",\"datePublished\":\"2023-08-11T23:00:00+00:00\",\"dateModified\":\"2024-07-02T16:05:01+00:00\",\"mainEntityOfPage\":{\"@id\":\"https:\/\/empresas.infoempleo.com\/hrtrends\/optimizando-la-gestion-documental-en-recursos-humanos-guia-practica-para-pymes\/\"},\"wordCount\":595,\"publisher\":{\"@id\":\"https:\/\/empresas.infoempleo.com\/hrtrends\/#organization\"},\"image\":{\"@id\":\"https:\/\/empresas.infoempleo.com\/hrtrends\/optimizando-la-gestion-documental-en-recursos-humanos-guia-practica-para-pymes\/#primaryimage\"},\"thumbnailUrl\":\"https:\/\/empresas.infoempleo.com\/hrtrends\/media\/2017\/05\/pexels-photo-205508.jpg\",\"articleSection\":[\"Consejos\"],\"inLanguage\":\"es\",\"copyrightYear\":\"2023\",\"copyrightHolder\":{\"@id\":\"https:\/\/empresas.infoempleo.com\/hrtrends\/#organization\"}},{\"@type\":\"WebPage\",\"@id\":\"https:\/\/empresas.infoempleo.com\/hrtrends\/optimizando-la-gestion-documental-en-recursos-humanos-guia-practica-para-pymes\/\",\"url\":\"https:\/\/empresas.infoempleo.com\/hrtrends\/optimizando-la-gestion-documental-en-recursos-humanos-guia-practica-para-pymes\/\",\"name\":\"Optimizando la gesti\u00f3n documental en Recursos Humanos: gu\u00eda pr\u00e1ctica para pymes | HRTRENDS\",\"isPartOf\":{\"@id\":\"https:\/\/empresas.infoempleo.com\/hrtrends\/#website\"},\"primaryImageOfPage\":{\"@id\":\"https:\/\/empresas.infoempleo.com\/hrtrends\/optimizando-la-gestion-documental-en-recursos-humanos-guia-practica-para-pymes\/#primaryimage\"},\"image\":{\"@id\":\"https:\/\/empresas.infoempleo.com\/hrtrends\/optimizando-la-gestion-documental-en-recursos-humanos-guia-practica-para-pymes\/#primaryimage\"},\"thumbnailUrl\":\"https:\/\/empresas.infoempleo.com\/hrtrends\/media\/2017\/05\/pexels-photo-205508.jpg\",\"datePublished\":\"2023-08-11T23:00:00+00:00\",\"dateModified\":\"2024-07-02T16:05:01+00:00\",\"breadcrumb\":{\"@id\":\"https:\/\/empresas.infoempleo.com\/hrtrends\/optimizando-la-gestion-documental-en-recursos-humanos-guia-practica-para-pymes\/#breadcrumb\"},\"inLanguage\":\"es\",\"potentialAction\":[{\"@type\":\"ReadAction\",\"target\":[\"https:\/\/empresas.infoempleo.com\/hrtrends\/optimizando-la-gestion-documental-en-recursos-humanos-guia-practica-para-pymes\/\"]}]},{\"@type\":\"ImageObject\",\"inLanguage\":\"es\",\"@id\":\"https:\/\/empresas.infoempleo.com\/hrtrends\/optimizando-la-gestion-documental-en-recursos-humanos-guia-practica-para-pymes\/#primaryimage\",\"url\":\"https:\/\/empresas.infoempleo.com\/hrtrends\/media\/2017\/05\/pexels-photo-205508-150x150.jpg\",\"contentUrl\":\"https:\/\/empresas.infoempleo.com\/hrtrends\/media\/2017\/05\/pexels-photo-205508-150x150.jpg\",\"width\":150,\"height\":150},{\"@type\":\"BreadcrumbList\",\"@id\":\"https:\/\/empresas.infoempleo.com\/hrtrends\/optimizando-la-gestion-documental-en-recursos-humanos-guia-practica-para-pymes\/#breadcrumb\",\"itemListElement\":[{\"@type\":\"ListItem\",\"position\":1,\"name\":\"Portada\",\"item\":\"https:\/\/empresas.infoempleo.com\/hrtrends\/\"},{\"@type\":\"ListItem\",\"position\":2,\"name\":\"Optimizando la gesti\u00f3n documental en Recursos Humanos: gu\u00eda pr\u00e1ctica para pymes\"}]},{\"@type\":\"WebSite\",\"@id\":\"https:\/\/empresas.infoempleo.com\/hrtrends\/#website\",\"url\":\"https:\/\/empresas.infoempleo.com\/hrtrends\",\"name\":\"HRTrends by Infoempleo\",\"description\":\"\",\"publisher\":{\"@id\":\"https:\/\/empresas.infoempleo.com\/hrtrends\/#organization\"},\"potentialAction\":{\"@type\":\"SearchAction\",\"target\":\"https:\/\/empresas.infoempleo.com\/hrtrends\/?s={search_term_string}\",\"query-input\":\"required name=search_term_string\"},\"inLanguage\":\"es\"},{\"@type\":\"Organization\",\"@id\":\"https:\/\/empresas.infoempleo.com\/hrtrends\/#organization\",\"name\":\"Infoempleo\",\"url\":\"https:\/\/www.infoempleo.com\/\",\"logo\":{\"@type\":\"ImageObject\",\"@id\":\"https:\/\/empresas.infoempleo.com\/hrtrends\/#logo\",\"inLanguage\":\"es\",\"url\":\"https:\/\/cdnazure.infoempleo.com\/infoempleo\/assets\/style\/gfx\/logo.svg\",\"contentUrl\":\"https:\/\/cdnazure.infoempleo.com\/infoempleo\/assets\/style\/gfx\/logo.svg\",\"width\":150,\"height\":40,\"caption\":\"Infoempleo\"},\"image\":{\"@id\":\"https:\/\/empresas.infoempleo.com\/hrtrends\/#logo\"},\"sameAs\":[\"https:\/\/www.facebook.com\/Infoempleo\",\"https:\/\/x.com\/infoempleo\",\"http:\/\/instagram.com\/infoempleo\/\",\"http:\/\/www.linkedin.com\/groups\/Empleo-Espa\u00f1a-Infoempleocom-111276\",\"http:\/\/pinterest.com\/infoempleo\/\"],\"address\":{\"@type\":\"PostalAddress\",\"addressLocality\":\"Madrid\",\"postalCode\":\"28050\",\"streetAddress\":\"Avenida de Burgos 114\"},\"brand\":[\"Infoempleo\"]},{\"@type\":\"Person\",\"@id\":\"https:\/\/empresas.infoempleo.com\/hrtrends\/#\/schema\/person\/fb2f949a1461ff0e9e15996d82d3a787\",\"name\":\"Raquel Hern\u00e1ndez\",\"image\":{\"@type\":\"ImageObject\",\"inLanguage\":\"es\",\"@id\":\"https:\/\/empresas.infoempleo.com\/hrtrends\/#\/schema\/person\/image\/\",\"url\":\"https:\/\/secure.gravatar.com\/avatar\/4ccd374b24ab5eefd1b7681d8be968df221a577fa3ffa9dc4bb4b537645dc6a2?s=96&d=mm&r=g\",\"contentUrl\":\"https:\/\/secure.gravatar.com\/avatar\/4ccd374b24ab5eefd1b7681d8be968df221a577fa3ffa9dc4bb4b537645dc6a2?s=96&d=mm&r=g\",\"caption\":\"Raquel Hern\u00e1ndez\"},\"description\":\"M\u00e1ster en Filosof\u00eda Contempor\u00e1nea y Diploma Experto en Salud y G\u00e9nero. Extensa experiencia profesional como directora y productora de eventos culturales, especializada en el sector editorial. Lectora profesional y redactora de contenidos relacionados con el empleo, la innovaci\u00f3n y la educaci\u00f3n.\",\"url\":\"https:\/\/empresas.infoempleo.com\/hrtrends\/author\/raquel-hernandez\/\"}]}<\/script>\n<!-- \/ Yoast SEO plugin. -->","yoast_head_json":{"title":"Optimizando la gesti\u00f3n documental en Recursos Humanos: gu\u00eda pr\u00e1ctica para pymes | HRTRENDS","robots":{"index":"index","follow":"follow","max-snippet":"max-snippet:-1","max-image-preview":"max-image-preview:large","max-video-preview":"max-video-preview:-1"},"canonical":"https:\/\/empresas.infoempleo.com\/hrtrends\/optimizando-la-gestion-documental-en-recursos-humanos-guia-practica-para-pymes\/","og_locale":"es_ES","og_type":"article","og_title":"Optimizando la gesti\u00f3n documental en Recursos Humanos: gu\u00eda pr\u00e1ctica para pymes | HRTRENDS","og_description":"\u00bfTe preocupa el volumen de documentos generados en tu empresa y c\u00f3mo optimizar tu gesti\u00f3n documental? En Recursos Leer m\u00e1s","og_url":"https:\/\/empresas.infoempleo.com\/hrtrends\/optimizando-la-gestion-documental-en-recursos-humanos-guia-practica-para-pymes\/","og_site_name":"HRTRENDS","article_publisher":"https:\/\/www.facebook.com\/Infoempleo","article_published_time":"2023-08-11T23:00:00+00:00","article_modified_time":"2024-07-02T16:05:01+00:00","author":"Raquel Hern\u00e1ndez","twitter_card":"summary_large_image","twitter_creator":"@infoempleo","twitter_site":"@infoempleo","twitter_misc":{"Escrito por":"Raquel Hern\u00e1ndez","Tiempo de lectura":"3 minutos"},"schema":{"@context":"https:\/\/schema.org","@graph":[{"@type":"NewsArticle","@id":"https:\/\/empresas.infoempleo.com\/hrtrends\/optimizando-la-gestion-documental-en-recursos-humanos-guia-practica-para-pymes\/#article","isPartOf":{"@id":"https:\/\/empresas.infoempleo.com\/hrtrends\/optimizando-la-gestion-documental-en-recursos-humanos-guia-practica-para-pymes\/"},"author":{"name":"Raquel Hern\u00e1ndez","@id":"https:\/\/empresas.infoempleo.com\/hrtrends\/#\/schema\/person\/fb2f949a1461ff0e9e15996d82d3a787"},"headline":"Optimizando la gesti\u00f3n documental en Recursos Humanos: gu\u00eda pr\u00e1ctica para pymes","datePublished":"2023-08-11T23:00:00+00:00","dateModified":"2024-07-02T16:05:01+00:00","mainEntityOfPage":{"@id":"https:\/\/empresas.infoempleo.com\/hrtrends\/optimizando-la-gestion-documental-en-recursos-humanos-guia-practica-para-pymes\/"},"wordCount":595,"publisher":{"@id":"https:\/\/empresas.infoempleo.com\/hrtrends\/#organization"},"image":{"@id":"https:\/\/empresas.infoempleo.com\/hrtrends\/optimizando-la-gestion-documental-en-recursos-humanos-guia-practica-para-pymes\/#primaryimage"},"thumbnailUrl":"https:\/\/empresas.infoempleo.com\/hrtrends\/media\/2017\/05\/pexels-photo-205508.jpg","articleSection":["Consejos"],"inLanguage":"es","copyrightYear":"2023","copyrightHolder":{"@id":"https:\/\/empresas.infoempleo.com\/hrtrends\/#organization"}},{"@type":"WebPage","@id":"https:\/\/empresas.infoempleo.com\/hrtrends\/optimizando-la-gestion-documental-en-recursos-humanos-guia-practica-para-pymes\/","url":"https:\/\/empresas.infoempleo.com\/hrtrends\/optimizando-la-gestion-documental-en-recursos-humanos-guia-practica-para-pymes\/","name":"Optimizando la gesti\u00f3n documental en Recursos Humanos: gu\u00eda pr\u00e1ctica para pymes | HRTRENDS","isPartOf":{"@id":"https:\/\/empresas.infoempleo.com\/hrtrends\/#website"},"primaryImageOfPage":{"@id":"https:\/\/empresas.infoempleo.com\/hrtrends\/optimizando-la-gestion-documental-en-recursos-humanos-guia-practica-para-pymes\/#primaryimage"},"image":{"@id":"https:\/\/empresas.infoempleo.com\/hrtrends\/optimizando-la-gestion-documental-en-recursos-humanos-guia-practica-para-pymes\/#primaryimage"},"thumbnailUrl":"https:\/\/empresas.infoempleo.com\/hrtrends\/media\/2017\/05\/pexels-photo-205508.jpg","datePublished":"2023-08-11T23:00:00+00:00","dateModified":"2024-07-02T16:05:01+00:00","breadcrumb":{"@id":"https:\/\/empresas.infoempleo.com\/hrtrends\/optimizando-la-gestion-documental-en-recursos-humanos-guia-practica-para-pymes\/#breadcrumb"},"inLanguage":"es","potentialAction":[{"@type":"ReadAction","target":["https:\/\/empresas.infoempleo.com\/hrtrends\/optimizando-la-gestion-documental-en-recursos-humanos-guia-practica-para-pymes\/"]}]},{"@type":"ImageObject","inLanguage":"es","@id":"https:\/\/empresas.infoempleo.com\/hrtrends\/optimizando-la-gestion-documental-en-recursos-humanos-guia-practica-para-pymes\/#primaryimage","url":"https:\/\/empresas.infoempleo.com\/hrtrends\/media\/2017\/05\/pexels-photo-205508-150x150.jpg","contentUrl":"https:\/\/empresas.infoempleo.com\/hrtrends\/media\/2017\/05\/pexels-photo-205508-150x150.jpg","width":150,"height":150},{"@type":"BreadcrumbList","@id":"https:\/\/empresas.infoempleo.com\/hrtrends\/optimizando-la-gestion-documental-en-recursos-humanos-guia-practica-para-pymes\/#breadcrumb","itemListElement":[{"@type":"ListItem","position":1,"name":"Portada","item":"https:\/\/empresas.infoempleo.com\/hrtrends\/"},{"@type":"ListItem","position":2,"name":"Optimizando la gesti\u00f3n documental en Recursos Humanos: gu\u00eda pr\u00e1ctica para pymes"}]},{"@type":"WebSite","@id":"https:\/\/empresas.infoempleo.com\/hrtrends\/#website","url":"https:\/\/empresas.infoempleo.com\/hrtrends","name":"HRTrends by Infoempleo","description":"","publisher":{"@id":"https:\/\/empresas.infoempleo.com\/hrtrends\/#organization"},"potentialAction":{"@type":"SearchAction","target":"https:\/\/empresas.infoempleo.com\/hrtrends\/?s={search_term_string}","query-input":"required name=search_term_string"},"inLanguage":"es"},{"@type":"Organization","@id":"https:\/\/empresas.infoempleo.com\/hrtrends\/#organization","name":"Infoempleo","url":"https:\/\/www.infoempleo.com\/","logo":{"@type":"ImageObject","@id":"https:\/\/empresas.infoempleo.com\/hrtrends\/#logo","inLanguage":"es","url":"https:\/\/cdnazure.infoempleo.com\/infoempleo\/assets\/style\/gfx\/logo.svg","contentUrl":"https:\/\/cdnazure.infoempleo.com\/infoempleo\/assets\/style\/gfx\/logo.svg","width":150,"height":40,"caption":"Infoempleo"},"image":{"@id":"https:\/\/empresas.infoempleo.com\/hrtrends\/#logo"},"sameAs":["https:\/\/www.facebook.com\/Infoempleo","https:\/\/x.com\/infoempleo","http:\/\/instagram.com\/infoempleo\/","http:\/\/www.linkedin.com\/groups\/Empleo-Espa\u00f1a-Infoempleocom-111276","http:\/\/pinterest.com\/infoempleo\/"],"address":{"@type":"PostalAddress","addressLocality":"Madrid","postalCode":"28050","streetAddress":"Avenida de Burgos 114"},"brand":["Infoempleo"]},{"@type":"Person","@id":"https:\/\/empresas.infoempleo.com\/hrtrends\/#\/schema\/person\/fb2f949a1461ff0e9e15996d82d3a787","name":"Raquel Hern\u00e1ndez","image":{"@type":"ImageObject","inLanguage":"es","@id":"https:\/\/empresas.infoempleo.com\/hrtrends\/#\/schema\/person\/image\/","url":"https:\/\/secure.gravatar.com\/avatar\/4ccd374b24ab5eefd1b7681d8be968df221a577fa3ffa9dc4bb4b537645dc6a2?s=96&d=mm&r=g","contentUrl":"https:\/\/secure.gravatar.com\/avatar\/4ccd374b24ab5eefd1b7681d8be968df221a577fa3ffa9dc4bb4b537645dc6a2?s=96&d=mm&r=g","caption":"Raquel Hern\u00e1ndez"},"description":"M\u00e1ster en Filosof\u00eda Contempor\u00e1nea y Diploma Experto en Salud y G\u00e9nero. Extensa experiencia profesional como directora y productora de eventos culturales, especializada en el sector editorial. Lectora profesional y redactora de contenidos relacionados con el empleo, la innovaci\u00f3n y la educaci\u00f3n.","url":"https:\/\/empresas.infoempleo.com\/hrtrends\/author\/raquel-hernandez\/"}]}},"amp_enabled":true,"_links":{"self":[{"href":"https:\/\/empresas.infoempleo.com\/hrtrends\/wp-json\/wp\/v2\/posts\/43890","targetHints":{"allow":["GET"]}}],"collection":[{"href":"https:\/\/empresas.infoempleo.com\/hrtrends\/wp-json\/wp\/v2\/posts"}],"about":[{"href":"https:\/\/empresas.infoempleo.com\/hrtrends\/wp-json\/wp\/v2\/types\/post"}],"author":[{"embeddable":true,"href":"https:\/\/empresas.infoempleo.com\/hrtrends\/wp-json\/wp\/v2\/users\/136"}],"replies":[{"embeddable":true,"href":"https:\/\/empresas.infoempleo.com\/hrtrends\/wp-json\/wp\/v2\/comments?post=43890"}],"version-history":[{"count":2,"href":"https:\/\/empresas.infoempleo.com\/hrtrends\/wp-json\/wp\/v2\/posts\/43890\/revisions"}],"predecessor-version":[{"id":44169,"href":"https:\/\/empresas.infoempleo.com\/hrtrends\/wp-json\/wp\/v2\/posts\/43890\/revisions\/44169"}],"wp:featuredmedia":[{"embeddable":true,"href":"https:\/\/empresas.infoempleo.com\/hrtrends\/wp-json\/wp\/v2\/media\/29665"}],"wp:attachment":[{"href":"https:\/\/empresas.infoempleo.com\/hrtrends\/wp-json\/wp\/v2\/media?parent=43890"}],"wp:term":[{"taxonomy":"category","embeddable":true,"href":"https:\/\/empresas.infoempleo.com\/hrtrends\/wp-json\/wp\/v2\/categories?post=43890"},{"taxonomy":"post_tag","embeddable":true,"href":"https:\/\/empresas.infoempleo.com\/hrtrends\/wp-json\/wp\/v2\/tags?post=43890"}],"curies":[{"name":"wp","href":"https:\/\/api.w.org\/{rel}","templated":true}]}}