{"id":43880,"date":"2023-12-27T00:00:00","date_gmt":"2023-12-26T23:00:00","guid":{"rendered":"https:\/\/empresas.infoempleo.com\/hrtrends\/?p=43880"},"modified":"2024-07-02T14:25:04","modified_gmt":"2024-07-02T12:25:04","slug":"filosofia-lean-para-mejorar-procesos-sabes-en-que-consiste","status":"publish","type":"post","link":"https:\/\/empresas.infoempleo.com\/hrtrends\/filosofia-lean-para-mejorar-procesos-sabes-en-que-consiste\/","title":{"rendered":"Filosof\u00eda Lean para mejorar procesos: \u00bfSabes en qu\u00e9 consiste?"},"content":{"rendered":"<p>La gesti\u00f3n de procesos y la <strong>mejora de la productividad<\/strong> son dos campos que se estudian para encontrar un punto de convergencia com\u00fan. Las diversas t\u00e9cnicas y filosof\u00edas profesionales buscan precisamente eso: seguir innovando en metodolog\u00edas que consigan un flujo de trabajo eficiente. Una de las vertientes que persigue este objetivo es la <strong>filosof\u00eda Lean<\/strong>. Enfocada a aportar una perspectiva \u00fanica a los objetivos y proyectos, esta filosof\u00eda garantiza mejora la productividad a largo plazo.<\/p>\n<p>\u00bfQuieres saber c\u00f3mo aplicarla a tu departamento? Te lo contamos en el art\u00edculo de hoy.<\/p>\n<h2>\u00bfQu\u00e9 es la filosof\u00eda Lean?<\/h2>\n<p>Nacida de la necesidad de automatizar y <strong>mejorar la<\/strong> <b>eficiencia operativa<\/b>, la filosof\u00eda Lean es un t\u00e9rmino del que se lleva hablando desde hace unos a\u00f1os y que ha ganado popularidad en el \u00e1mbito empresarial a pasos agigantados.<\/p>\n<p>Este, al igual que otros procesos como el conocido <a href=\"https:\/\/empresas.infoempleo.com\/hrtrends\/metodo-kaizen-mejora-de-procesos\/\" target=\"_blank\" rel=\"noopener\">m\u00e9todo kaizen<\/a>, abogan por la mejora continua de procesos. En realidad, las acciones que recoge esta metodolog\u00eda son bien conocidas en sectores como los Recursos Humanos y la gesti\u00f3n empresarial. Estas, se enfocan en la <b>gesti\u00f3n de procesos<\/b> que, dirigidas al enfoque integral de la gesti\u00f3n, ponen a disposici\u00f3n de los equipos una serie de herramientas basadas en la <strong>innovaci\u00f3n y optimizaci\u00f3n de procesos<\/strong> para mejorar el valor de una empresa.<\/p>\n<p>Para decirlo en una sola frase, la <strong>filosof\u00eda Lean se basa en<\/strong> <b>maximizar el beneficio con el menor uso posible de recursos<\/b>. Bajo esta premisa, es de esperar que no exista empresa en el mundo que no quisiera trabajarla. Sin embargo, la adecuaci\u00f3n del m\u00e9todo para asegurar la calidad requiere de un proceso de an\u00e1lisis e implementaci\u00f3n de sus principios.<\/p>\n<p><img decoding=\"async\" class=\"wp-image-45838 size-full lazy\" src=\"data:;base64,<svg xmlns='http:\/\/www.w3.org\/2000\/svg' viewBox='0 0 800 533'><\/svg>\u00bb alt=\u00bbEquipo de recursos humanos analizando los procesos de la filosof\u00eda lean\u00bb width=\u00bb800&#8243; height=\u00bb533&#8243; data-src=\u00bbhttps:\/\/empresas.infoempleo.com\/hrtrends\/media\/2023\/12\/Equipo-de-recursos-humanos-analizando-los-procesos-de-la-filosofia-lean.jpg\u00bb data-srcset=\u00bbhttps:\/\/empresas.infoempleo.com\/hrtrends\/media\/2023\/12\/Equipo-de-recursos-humanos-analizando-los-procesos-de-la-filosofia-lean.jpg 800w, https:\/\/empresas.infoempleo.com\/hrtrends\/media\/2023\/12\/Equipo-de-recursos-humanos-analizando-los-procesos-de-la-filosofia-lean-300&#215;200.jpg 300w, https:\/\/empresas.infoempleo.com\/hrtrends\/media\/2023\/12\/Equipo-de-recursos-humanos-analizando-los-procesos-de-la-filosofia-lean-768&#215;512.jpg 768w\u00bb data-sizes=\u00bb(max-width: 800px) 100vw, 800px\u00bb \/><\/p>\n<h2>\u00bfC\u00f3mo implementar la filosof\u00eda Lean en Recursos Humanos?<\/h2>\n<p>Para comenzar el camino de implementaci\u00f3n, se deben respetar los<strong> principios<\/strong> <strong>por los que se rige la filosof\u00eda Lean<\/strong>. Adem\u00e1s, seg\u00fan una clasificaci\u00f3n concienzuda de las actividades, deber\u00e1s tener en cuenta una serie de aspectos para asegurar la adecuaci\u00f3n de esta metodolog\u00eda seg\u00fan la <strong>clasificaci\u00f3n del tipo de actividad<\/strong> que se realice, que son:<\/p>\n<ul>\n<li>Actividades de valor agregado.<\/li>\n<li>Actividades de valor no agregado. Necesarias; que, aunque no crean valor, son imposibles de eliminar mediante los recursos de los que se disponen.<\/li>\n<li>Actividades de valor no agregado. Desechables; que no generan valor y son susceptibles de eliminar por completo.<\/li>\n<\/ul>\n<p>Adem\u00e1s de la clasificaci\u00f3n de las actividades, <strong>debes prestar especial atenci\u00f3n a los procesos<\/strong>:<\/p>\n<p><b>Mejora continuada<\/b>. La filosof\u00eda Lean persigue, por encima de todo, la perfecci\u00f3n de los procesos. Por eso, se debe tener en cuenta que el pensamiento de \u201csi funciona, no lo toques\u201d debe ser desechado de forma fulminante del imaginario colectivo.<\/p>\n<p><b>An\u00e1lisis y detecci\u00f3n<\/b>. Mediante una actitud de vigilancia constante, los equipos se aseguran de que los errores o posibles problemas futuros sean detectados a tiempo. De esta manera, no solo se ayuda a la productividad, sino tambi\u00e9n al flujo de trabajo y a la calidad general de los servicios.<\/p>\n<p><b>Diferenciar entre valores no agregados<\/b>. Se debe analizar detenidamente todo aquello que no aporta valor al proceso. De esta manera, podr\u00e1s discriminar entre aquello que se puede eliminar para optimizar los procesos y lo que, a\u00fan no aportando valor, debe permanecer en la cadena de funcionamiento.<\/p>\n<p><b>Procesos optimizados<\/b>. Mediante la planificaci\u00f3n por etapas y responsabilidades, el proceso completo se vuelve m\u00e1s eficaz. Tan importante es estar al tanto de los posibles retrasos en la gesti\u00f3n como de la planificaci\u00f3n excesiva o los defectos del m\u00e9todo ampliado. Cada tarea cuenta y es decisiva en la mejora de procesos.<\/p>\n","protected":false},"excerpt":{"rendered":"<p>La gesti\u00f3n de procesos y la mejora de la productividad son dos campos que se estudian para encontrar<a class=\"moretag\" href=\"https:\/\/empresas.infoempleo.com\/hrtrends\/filosofia-lean-para-mejorar-procesos-sabes-en-que-consiste\/\"> Leer m\u00e1s<\/a><\/p>\n","protected":false},"author":146,"featured_media":29665,"comment_status":"closed","ping_status":"closed","sticky":false,"template":"","format":"standard","meta":{"footnotes":""},"categories":[3],"tags":[],"class_list":["post-43880","post","type-post","status-publish","format-standard","has-post-thumbnail","hentry","category-actualidad"],"yoast_head":"<!-- This site is optimized with the Yoast SEO plugin v26.1.1 - https:\/\/yoast.com\/wordpress\/plugins\/seo\/ -->\n<title>Filosof\u00eda Lean para mejorar procesos: \u00bfSabes en qu\u00e9 consiste? | HRTRENDS<\/title>\n<meta name=\"robots\" content=\"index, follow, max-snippet:-1, max-image-preview:large, max-video-preview:-1\" \/>\n<link rel=\"canonical\" href=\"https:\/\/empresas.infoempleo.com\/hrtrends\/filosofia-lean-para-mejorar-procesos-sabes-en-que-consiste\/\" \/>\n<meta property=\"og:locale\" content=\"es_ES\" \/>\n<meta property=\"og:type\" content=\"article\" \/>\n<meta property=\"og:title\" content=\"Filosof\u00eda Lean para mejorar procesos: \u00bfSabes en qu\u00e9 consiste? | HRTRENDS\" \/>\n<meta property=\"og:description\" content=\"La gesti\u00f3n de procesos y la mejora de la productividad son dos campos que se estudian para encontrar Leer m\u00e1s\" \/>\n<meta property=\"og:url\" content=\"https:\/\/empresas.infoempleo.com\/hrtrends\/filosofia-lean-para-mejorar-procesos-sabes-en-que-consiste\/\" \/>\n<meta property=\"og:site_name\" content=\"HRTRENDS\" \/>\n<meta property=\"article:publisher\" content=\"https:\/\/www.facebook.com\/Infoempleo\" \/>\n<meta property=\"article:published_time\" content=\"2023-12-26T23:00:00+00:00\" \/>\n<meta property=\"article:modified_time\" content=\"2024-07-02T12:25:04+00:00\" \/>\n<meta name=\"author\" content=\"Sandra R. Martos\" \/>\n<meta name=\"twitter:card\" content=\"summary_large_image\" \/>\n<meta name=\"twitter:creator\" content=\"@infoempleo\" \/>\n<meta name=\"twitter:site\" content=\"@infoempleo\" \/>\n<meta name=\"twitter:label1\" content=\"Escrito por\" \/>\n\t<meta name=\"twitter:data1\" content=\"Sandra R. Martos\" \/>\n\t<meta name=\"twitter:label2\" content=\"Tiempo de lectura\" \/>\n\t<meta name=\"twitter:data2\" content=\"3 minutos\" \/>\n<script type=\"application\/ld+json\" class=\"yoast-schema-graph\">{\"@context\":\"https:\/\/schema.org\",\"@graph\":[{\"@type\":\"NewsArticle\",\"@id\":\"https:\/\/empresas.infoempleo.com\/hrtrends\/filosofia-lean-para-mejorar-procesos-sabes-en-que-consiste\/#article\",\"isPartOf\":{\"@id\":\"https:\/\/empresas.infoempleo.com\/hrtrends\/filosofia-lean-para-mejorar-procesos-sabes-en-que-consiste\/\"},\"author\":{\"name\":\"Sandra R. Martos\",\"@id\":\"https:\/\/empresas.infoempleo.com\/hrtrends\/#\/schema\/person\/d24c95f005bb213d5442bfb9916f0cf1\"},\"headline\":\"Filosof\u00eda Lean para mejorar procesos: \u00bfSabes en qu\u00e9 consiste?\",\"datePublished\":\"2023-12-26T23:00:00+00:00\",\"dateModified\":\"2024-07-02T12:25:04+00:00\",\"mainEntityOfPage\":{\"@id\":\"https:\/\/empresas.infoempleo.com\/hrtrends\/filosofia-lean-para-mejorar-procesos-sabes-en-que-consiste\/\"},\"wordCount\":642,\"publisher\":{\"@id\":\"https:\/\/empresas.infoempleo.com\/hrtrends\/#organization\"},\"image\":{\"@id\":\"https:\/\/empresas.infoempleo.com\/hrtrends\/filosofia-lean-para-mejorar-procesos-sabes-en-que-consiste\/#primaryimage\"},\"thumbnailUrl\":\"https:\/\/empresas.infoempleo.com\/hrtrends\/media\/2017\/05\/pexels-photo-205508.jpg\",\"articleSection\":[\"Actualidad\"],\"inLanguage\":\"es\",\"copyrightYear\":\"2023\",\"copyrightHolder\":{\"@id\":\"https:\/\/empresas.infoempleo.com\/hrtrends\/#organization\"}},{\"@type\":\"WebPage\",\"@id\":\"https:\/\/empresas.infoempleo.com\/hrtrends\/filosofia-lean-para-mejorar-procesos-sabes-en-que-consiste\/\",\"url\":\"https:\/\/empresas.infoempleo.com\/hrtrends\/filosofia-lean-para-mejorar-procesos-sabes-en-que-consiste\/\",\"name\":\"Filosof\u00eda Lean para mejorar procesos: \u00bfSabes en qu\u00e9 consiste? | HRTRENDS\",\"isPartOf\":{\"@id\":\"https:\/\/empresas.infoempleo.com\/hrtrends\/#website\"},\"primaryImageOfPage\":{\"@id\":\"https:\/\/empresas.infoempleo.com\/hrtrends\/filosofia-lean-para-mejorar-procesos-sabes-en-que-consiste\/#primaryimage\"},\"image\":{\"@id\":\"https:\/\/empresas.infoempleo.com\/hrtrends\/filosofia-lean-para-mejorar-procesos-sabes-en-que-consiste\/#primaryimage\"},\"thumbnailUrl\":\"https:\/\/empresas.infoempleo.com\/hrtrends\/media\/2017\/05\/pexels-photo-205508.jpg\",\"datePublished\":\"2023-12-26T23:00:00+00:00\",\"dateModified\":\"2024-07-02T12:25:04+00:00\",\"breadcrumb\":{\"@id\":\"https:\/\/empresas.infoempleo.com\/hrtrends\/filosofia-lean-para-mejorar-procesos-sabes-en-que-consiste\/#breadcrumb\"},\"inLanguage\":\"es\",\"potentialAction\":[{\"@type\":\"ReadAction\",\"target\":[\"https:\/\/empresas.infoempleo.com\/hrtrends\/filosofia-lean-para-mejorar-procesos-sabes-en-que-consiste\/\"]}]},{\"@type\":\"ImageObject\",\"inLanguage\":\"es\",\"@id\":\"https:\/\/empresas.infoempleo.com\/hrtrends\/filosofia-lean-para-mejorar-procesos-sabes-en-que-consiste\/#primaryimage\",\"url\":\"https:\/\/empresas.infoempleo.com\/hrtrends\/media\/2017\/05\/pexels-photo-205508-150x150.jpg\",\"contentUrl\":\"https:\/\/empresas.infoempleo.com\/hrtrends\/media\/2017\/05\/pexels-photo-205508-150x150.jpg\",\"width\":150,\"height\":150},{\"@type\":\"BreadcrumbList\",\"@id\":\"https:\/\/empresas.infoempleo.com\/hrtrends\/filosofia-lean-para-mejorar-procesos-sabes-en-que-consiste\/#breadcrumb\",\"itemListElement\":[{\"@type\":\"ListItem\",\"position\":1,\"name\":\"Portada\",\"item\":\"https:\/\/empresas.infoempleo.com\/hrtrends\/\"},{\"@type\":\"ListItem\",\"position\":2,\"name\":\"Filosof\u00eda Lean para mejorar procesos: \u00bfSabes en qu\u00e9 consiste?\"}]},{\"@type\":\"WebSite\",\"@id\":\"https:\/\/empresas.infoempleo.com\/hrtrends\/#website\",\"url\":\"https:\/\/empresas.infoempleo.com\/hrtrends\",\"name\":\"HRTrends by Infoempleo\",\"description\":\"\",\"publisher\":{\"@id\":\"https:\/\/empresas.infoempleo.com\/hrtrends\/#organization\"},\"potentialAction\":{\"@type\":\"SearchAction\",\"target\":\"https:\/\/empresas.infoempleo.com\/hrtrends\/?s={search_term_string}\",\"query-input\":\"required name=search_term_string\"},\"inLanguage\":\"es\"},{\"@type\":\"Organization\",\"@id\":\"https:\/\/empresas.infoempleo.com\/hrtrends\/#organization\",\"name\":\"Infoempleo\",\"url\":\"https:\/\/www.infoempleo.com\/\",\"logo\":{\"@type\":\"ImageObject\",\"@id\":\"https:\/\/empresas.infoempleo.com\/hrtrends\/#logo\",\"inLanguage\":\"es\",\"url\":\"https:\/\/cdnazure.infoempleo.com\/infoempleo\/assets\/style\/gfx\/logo.svg\",\"contentUrl\":\"https:\/\/cdnazure.infoempleo.com\/infoempleo\/assets\/style\/gfx\/logo.svg\",\"width\":150,\"height\":40,\"caption\":\"Infoempleo\"},\"image\":{\"@id\":\"https:\/\/empresas.infoempleo.com\/hrtrends\/#logo\"},\"sameAs\":[\"https:\/\/www.facebook.com\/Infoempleo\",\"https:\/\/x.com\/infoempleo\",\"http:\/\/instagram.com\/infoempleo\/\",\"http:\/\/www.linkedin.com\/groups\/Empleo-Espa\u00f1a-Infoempleocom-111276\",\"http:\/\/pinterest.com\/infoempleo\/\"],\"address\":{\"@type\":\"PostalAddress\",\"addressLocality\":\"Madrid\",\"postalCode\":\"28050\",\"streetAddress\":\"Avenida de Burgos 114\"},\"brand\":[\"Infoempleo\"]},{\"@type\":\"Person\",\"@id\":\"https:\/\/empresas.infoempleo.com\/hrtrends\/#\/schema\/person\/d24c95f005bb213d5442bfb9916f0cf1\",\"name\":\"Sandra R. Martos\",\"image\":{\"@type\":\"ImageObject\",\"inLanguage\":\"es\",\"@id\":\"https:\/\/empresas.infoempleo.com\/hrtrends\/#\/schema\/person\/image\/\",\"url\":\"https:\/\/secure.gravatar.com\/avatar\/416b738ea045864f60be6f729d868b5b8807d320c6de9f29d2506b477304ed75?s=96&d=mm&r=g\",\"contentUrl\":\"https:\/\/secure.gravatar.com\/avatar\/416b738ea045864f60be6f729d868b5b8807d320c6de9f29d2506b477304ed75?s=96&d=mm&r=g\",\"caption\":\"Sandra R. Martos\"},\"url\":\"https:\/\/empresas.infoempleo.com\/hrtrends\/author\/srmartos\/\"}]}<\/script>\n<!-- \/ Yoast SEO plugin. -->","yoast_head_json":{"title":"Filosof\u00eda Lean para mejorar procesos: \u00bfSabes en qu\u00e9 consiste? | HRTRENDS","robots":{"index":"index","follow":"follow","max-snippet":"max-snippet:-1","max-image-preview":"max-image-preview:large","max-video-preview":"max-video-preview:-1"},"canonical":"https:\/\/empresas.infoempleo.com\/hrtrends\/filosofia-lean-para-mejorar-procesos-sabes-en-que-consiste\/","og_locale":"es_ES","og_type":"article","og_title":"Filosof\u00eda Lean para mejorar procesos: \u00bfSabes en qu\u00e9 consiste? | HRTRENDS","og_description":"La gesti\u00f3n de procesos y la mejora de la productividad son dos campos que se estudian para encontrar Leer m\u00e1s","og_url":"https:\/\/empresas.infoempleo.com\/hrtrends\/filosofia-lean-para-mejorar-procesos-sabes-en-que-consiste\/","og_site_name":"HRTRENDS","article_publisher":"https:\/\/www.facebook.com\/Infoempleo","article_published_time":"2023-12-26T23:00:00+00:00","article_modified_time":"2024-07-02T12:25:04+00:00","author":"Sandra R. Martos","twitter_card":"summary_large_image","twitter_creator":"@infoempleo","twitter_site":"@infoempleo","twitter_misc":{"Escrito por":"Sandra R. Martos","Tiempo de lectura":"3 minutos"},"schema":{"@context":"https:\/\/schema.org","@graph":[{"@type":"NewsArticle","@id":"https:\/\/empresas.infoempleo.com\/hrtrends\/filosofia-lean-para-mejorar-procesos-sabes-en-que-consiste\/#article","isPartOf":{"@id":"https:\/\/empresas.infoempleo.com\/hrtrends\/filosofia-lean-para-mejorar-procesos-sabes-en-que-consiste\/"},"author":{"name":"Sandra R. Martos","@id":"https:\/\/empresas.infoempleo.com\/hrtrends\/#\/schema\/person\/d24c95f005bb213d5442bfb9916f0cf1"},"headline":"Filosof\u00eda Lean para mejorar procesos: \u00bfSabes en qu\u00e9 consiste?","datePublished":"2023-12-26T23:00:00+00:00","dateModified":"2024-07-02T12:25:04+00:00","mainEntityOfPage":{"@id":"https:\/\/empresas.infoempleo.com\/hrtrends\/filosofia-lean-para-mejorar-procesos-sabes-en-que-consiste\/"},"wordCount":642,"publisher":{"@id":"https:\/\/empresas.infoempleo.com\/hrtrends\/#organization"},"image":{"@id":"https:\/\/empresas.infoempleo.com\/hrtrends\/filosofia-lean-para-mejorar-procesos-sabes-en-que-consiste\/#primaryimage"},"thumbnailUrl":"https:\/\/empresas.infoempleo.com\/hrtrends\/media\/2017\/05\/pexels-photo-205508.jpg","articleSection":["Actualidad"],"inLanguage":"es","copyrightYear":"2023","copyrightHolder":{"@id":"https:\/\/empresas.infoempleo.com\/hrtrends\/#organization"}},{"@type":"WebPage","@id":"https:\/\/empresas.infoempleo.com\/hrtrends\/filosofia-lean-para-mejorar-procesos-sabes-en-que-consiste\/","url":"https:\/\/empresas.infoempleo.com\/hrtrends\/filosofia-lean-para-mejorar-procesos-sabes-en-que-consiste\/","name":"Filosof\u00eda Lean para mejorar procesos: \u00bfSabes en qu\u00e9 consiste? | HRTRENDS","isPartOf":{"@id":"https:\/\/empresas.infoempleo.com\/hrtrends\/#website"},"primaryImageOfPage":{"@id":"https:\/\/empresas.infoempleo.com\/hrtrends\/filosofia-lean-para-mejorar-procesos-sabes-en-que-consiste\/#primaryimage"},"image":{"@id":"https:\/\/empresas.infoempleo.com\/hrtrends\/filosofia-lean-para-mejorar-procesos-sabes-en-que-consiste\/#primaryimage"},"thumbnailUrl":"https:\/\/empresas.infoempleo.com\/hrtrends\/media\/2017\/05\/pexels-photo-205508.jpg","datePublished":"2023-12-26T23:00:00+00:00","dateModified":"2024-07-02T12:25:04+00:00","breadcrumb":{"@id":"https:\/\/empresas.infoempleo.com\/hrtrends\/filosofia-lean-para-mejorar-procesos-sabes-en-que-consiste\/#breadcrumb"},"inLanguage":"es","potentialAction":[{"@type":"ReadAction","target":["https:\/\/empresas.infoempleo.com\/hrtrends\/filosofia-lean-para-mejorar-procesos-sabes-en-que-consiste\/"]}]},{"@type":"ImageObject","inLanguage":"es","@id":"https:\/\/empresas.infoempleo.com\/hrtrends\/filosofia-lean-para-mejorar-procesos-sabes-en-que-consiste\/#primaryimage","url":"https:\/\/empresas.infoempleo.com\/hrtrends\/media\/2017\/05\/pexels-photo-205508-150x150.jpg","contentUrl":"https:\/\/empresas.infoempleo.com\/hrtrends\/media\/2017\/05\/pexels-photo-205508-150x150.jpg","width":150,"height":150},{"@type":"BreadcrumbList","@id":"https:\/\/empresas.infoempleo.com\/hrtrends\/filosofia-lean-para-mejorar-procesos-sabes-en-que-consiste\/#breadcrumb","itemListElement":[{"@type":"ListItem","position":1,"name":"Portada","item":"https:\/\/empresas.infoempleo.com\/hrtrends\/"},{"@type":"ListItem","position":2,"name":"Filosof\u00eda Lean para mejorar procesos: \u00bfSabes en qu\u00e9 consiste?"}]},{"@type":"WebSite","@id":"https:\/\/empresas.infoempleo.com\/hrtrends\/#website","url":"https:\/\/empresas.infoempleo.com\/hrtrends","name":"HRTrends by Infoempleo","description":"","publisher":{"@id":"https:\/\/empresas.infoempleo.com\/hrtrends\/#organization"},"potentialAction":{"@type":"SearchAction","target":"https:\/\/empresas.infoempleo.com\/hrtrends\/?s={search_term_string}","query-input":"required name=search_term_string"},"inLanguage":"es"},{"@type":"Organization","@id":"https:\/\/empresas.infoempleo.com\/hrtrends\/#organization","name":"Infoempleo","url":"https:\/\/www.infoempleo.com\/","logo":{"@type":"ImageObject","@id":"https:\/\/empresas.infoempleo.com\/hrtrends\/#logo","inLanguage":"es","url":"https:\/\/cdnazure.infoempleo.com\/infoempleo\/assets\/style\/gfx\/logo.svg","contentUrl":"https:\/\/cdnazure.infoempleo.com\/infoempleo\/assets\/style\/gfx\/logo.svg","width":150,"height":40,"caption":"Infoempleo"},"image":{"@id":"https:\/\/empresas.infoempleo.com\/hrtrends\/#logo"},"sameAs":["https:\/\/www.facebook.com\/Infoempleo","https:\/\/x.com\/infoempleo","http:\/\/instagram.com\/infoempleo\/","http:\/\/www.linkedin.com\/groups\/Empleo-Espa\u00f1a-Infoempleocom-111276","http:\/\/pinterest.com\/infoempleo\/"],"address":{"@type":"PostalAddress","addressLocality":"Madrid","postalCode":"28050","streetAddress":"Avenida de Burgos 114"},"brand":["Infoempleo"]},{"@type":"Person","@id":"https:\/\/empresas.infoempleo.com\/hrtrends\/#\/schema\/person\/d24c95f005bb213d5442bfb9916f0cf1","name":"Sandra R. Martos","image":{"@type":"ImageObject","inLanguage":"es","@id":"https:\/\/empresas.infoempleo.com\/hrtrends\/#\/schema\/person\/image\/","url":"https:\/\/secure.gravatar.com\/avatar\/416b738ea045864f60be6f729d868b5b8807d320c6de9f29d2506b477304ed75?s=96&d=mm&r=g","contentUrl":"https:\/\/secure.gravatar.com\/avatar\/416b738ea045864f60be6f729d868b5b8807d320c6de9f29d2506b477304ed75?s=96&d=mm&r=g","caption":"Sandra R. Martos"},"url":"https:\/\/empresas.infoempleo.com\/hrtrends\/author\/srmartos\/"}]}},"amp_enabled":true,"_links":{"self":[{"href":"https:\/\/empresas.infoempleo.com\/hrtrends\/wp-json\/wp\/v2\/posts\/43880","targetHints":{"allow":["GET"]}}],"collection":[{"href":"https:\/\/empresas.infoempleo.com\/hrtrends\/wp-json\/wp\/v2\/posts"}],"about":[{"href":"https:\/\/empresas.infoempleo.com\/hrtrends\/wp-json\/wp\/v2\/types\/post"}],"author":[{"embeddable":true,"href":"https:\/\/empresas.infoempleo.com\/hrtrends\/wp-json\/wp\/v2\/users\/146"}],"replies":[{"embeddable":true,"href":"https:\/\/empresas.infoempleo.com\/hrtrends\/wp-json\/wp\/v2\/comments?post=43880"}],"version-history":[{"count":1,"href":"https:\/\/empresas.infoempleo.com\/hrtrends\/wp-json\/wp\/v2\/posts\/43880\/revisions"}],"predecessor-version":[{"id":44044,"href":"https:\/\/empresas.infoempleo.com\/hrtrends\/wp-json\/wp\/v2\/posts\/43880\/revisions\/44044"}],"wp:featuredmedia":[{"embeddable":true,"href":"https:\/\/empresas.infoempleo.com\/hrtrends\/wp-json\/wp\/v2\/media\/29665"}],"wp:attachment":[{"href":"https:\/\/empresas.infoempleo.com\/hrtrends\/wp-json\/wp\/v2\/media?parent=43880"}],"wp:term":[{"taxonomy":"category","embeddable":true,"href":"https:\/\/empresas.infoempleo.com\/hrtrends\/wp-json\/wp\/v2\/categories?post=43880"},{"taxonomy":"post_tag","embeddable":true,"href":"https:\/\/empresas.infoempleo.com\/hrtrends\/wp-json\/wp\/v2\/tags?post=43880"}],"curies":[{"name":"wp","href":"https:\/\/api.w.org\/{rel}","templated":true}]}}