{"id":43875,"date":"2023-04-22T00:00:00","date_gmt":"2023-04-21T23:00:00","guid":{"rendered":"https:\/\/empresas.infoempleo.com\/hrtrends\/?p=43875"},"modified":"2024-08-29T17:51:35","modified_gmt":"2024-08-29T15:51:35","slug":"dormir-mejor-te-hara-dirigir-mejor-lo-dice-un-estudio-sobre-liderazgo-circadiano","status":"publish","type":"post","link":"https:\/\/empresas.infoempleo.com\/hrtrends\/dormir-mejor-te-hara-dirigir-mejor-lo-dice-un-estudio-sobre-liderazgo-circadiano\/","title":{"rendered":"Dormir mejor te har\u00e1 dirigir mejor, lo dice un estudio sobre Liderazgo Circadiano"},"content":{"rendered":"<p>El<strong> Liderazgo Circadiano<\/strong> ha sido recientemente analizado por Kevin B. Lowe y Christopher M. Barnes en su <strong>estudio <em>Liderazgo circadiano<\/em><\/strong><em>: una revisi\u00f3n e integraci\u00f3n de la cronobiolog\u00eda y el liderazgo.<\/em> En \u00e9l se analiza el ritmo circadiano de personas que lideran una empresa o proyecto, corroborando la <strong>importancia del sue\u00f1o<\/strong> y de respetar el <strong>reloj biol\u00f3gico<\/strong>. Si la empresa lo <strong>integra<\/strong> desde el equipo directivo, la mejora del <strong>rendimiento<\/strong> ser\u00e1 transversal a toda la compa\u00f1\u00eda.<\/p>\n<h2>\u00bfEn qu\u00e9 consiste el Liderazgo Circadiano?<\/h2>\n<p>El<strong> liderazgo circadiano\u00a0<\/strong>no es un concepto dentro del campo de la <strong>cronobiolog\u00eda<\/strong>. Este destaca una amplia gama de efectos importantes que los<strong> ritmos circadianos<\/strong> y los cronotipos tienen en el <strong>desempe\u00f1o individual<\/strong>. Estos ritmos siguen el <strong>reloj biol\u00f3gico<\/strong> que a su vez marca el paso de los periodos de actividad y descanso en relaci\u00f3n con las horas de luz a las que est\u00e1s expuesto.<\/p>\n<div class=\"gjhbuh gjhbuh-4\">\n<div class=\"gjhbuh-single ajhbuh-9\">Una perspectiva circadiana puede ayudar a los investigadores a comprender c\u00f3mo la hora del d\u00eda interact\u00faa con los <strong>ciclos circadianos <\/strong>para influir en la eficacia de las actividades de liderazgo orientadas a las tareas, las relaciones y el cambio. De esta manera, se puede utilizar para <a href=\"https:\/\/empresas.infoempleo.com\/hrtrends\/estrategias-de-produccion-para-mejorar-la-productividad-de-la-compania\" target=\"_blank\" rel=\"noopener\">mejorar el rendimiento laboral<\/a>.<\/div>\n<\/div>\n<h2>\u00bfC\u00f3mo afecta el sue\u00f1o al rendimiento laboral?<\/h2>\n<p>El <strong>agotamiento<\/strong>, junto con el <strong>estr\u00e9s<\/strong> y la <strong>ansiedad<\/strong>, son factores <strong>determinantes para el desempe\u00f1o<\/strong> y la productividad. Cada d\u00eda hay m\u00e1s estudios que apoyan las reducciones de jornada, en tiempo del d\u00eda, o en la exitosa propuesta de 4 d\u00edas laborales a la semana.<\/p>\n<p>En todas ellas, el com\u00fan denominador es que los<strong> trabajadores descansados producen m\u00e1s<\/strong> y de mayor calidad. El liderazgo circadiano responde a esta teor\u00eda, aplic\u00e1ndola tambi\u00e9n a la coordinaci\u00f3n y al equipo directivo.<\/p>\n<h2>Consejos pr\u00e1cticos para implementar este tipo de liderazgo en la empresa<\/h2>\n<p><strong>No dormir <\/strong>el tiempo adecuado est\u00e1 asociado a multitud de <strong>dolencias<\/strong>: obesidad, diabetes tipo 2, mayor riesgo cardiovascular, alteraciones inmunol\u00f3gicas con mayor predisposici\u00f3n a infecciones (sobre todo respiratorias) y tambi\u00e9n a tumores. Si necesitas mejorar la <strong>calidad del sue\u00f1o<\/strong> propio o de la plantilla, y volver a <strong>sincronizar<\/strong> con tus <strong>ritmos biol\u00f3gicos<\/strong>, sigue estos consejos:<\/p>\n<ul>\n<li><strong>Solventar los problemas de insomnio de tu plantilla<\/strong> empieza por cambiar los <strong>h\u00e1bitos<\/strong> a la hora de conciliar el sue\u00f1o. Prueba a ofrecer a todos los empleados un cat\u00e1logo de meditaciones que ayuden a ajustar el ciclo de sue\u00f1o a las horas nocturnas, establecer horarios de trabajo adecuados, permitir a los empleados tomar descansos regulares o fomentar una cultura de sue\u00f1o saludable, entre otros.<\/li>\n<li><strong>Plan de formaci\u00f3n<\/strong>: las rutinas poco saludables, en muchas ocasiones tienen que ver con baja calidad de la informaci\u00f3n. Dise\u00f1a dentro del Plan de Prevenci\u00f3n de Riesgos Laborales (PRL) un apartado para promover la desconexi\u00f3n de los dispositivos al menos dos horas antes de la hora necesaria para irse a dormir, contando con que el trabajador pueda descansar ocho horas m\u00ednimo.<\/li>\n<li>Sigue el <strong>ejemplo<\/strong> de la filial espa\u00f1ola de la farmac\u00e9utica japonesa <strong>Otsuka Pharmaceutical<\/strong>, que present\u00f3 recientemente los resultados de su proyecto <em>Dreamland<\/em>. Este se desarroll\u00f3 de mayo a diciembre de 2022, e involucr\u00f3 al 80% de su plantilla espa\u00f1ola. La compa\u00f1\u00eda regal\u00f3 a sus empleados una de las pulseras de registro de actividad f\u00edsica m\u00e1s novedosas del mercado, con el objetivo de <strong>medir su sue\u00f1o <\/strong>tanto en tiempo como en par\u00e1metros de calidad. Tambi\u00e9n pudieron comprobar si segu\u00edan el reloj circadiano. La mejora fue premiada adem\u00e1s con d\u00edas extras de vacaciones.<\/li>\n<\/ul>\n","protected":false},"excerpt":{"rendered":"<p>El Liderazgo Circadiano ha sido recientemente analizado por Kevin B. Lowe y Christopher M. Barnes en su estudio<a class=\"moretag\" href=\"https:\/\/empresas.infoempleo.com\/hrtrends\/dormir-mejor-te-hara-dirigir-mejor-lo-dice-un-estudio-sobre-liderazgo-circadiano\/\"> Leer m\u00e1s<\/a><\/p>\n","protected":false},"author":136,"featured_media":29665,"comment_status":"closed","ping_status":"closed","sticky":false,"template":"","format":"standard","meta":{"footnotes":""},"categories":[3035],"tags":[],"class_list":["post-43875","post","type-post","status-publish","format-standard","has-post-thumbnail","hentry","category-consejos"],"yoast_head":"<!-- This site is optimized with the Yoast SEO plugin v26.1.1 - https:\/\/yoast.com\/wordpress\/plugins\/seo\/ -->\n<title>Dormir mejor te har\u00e1 dirigir mejor, lo dice un estudio sobre Liderazgo Circadiano | HRTRENDS<\/title>\n<meta name=\"robots\" content=\"index, follow, max-snippet:-1, max-image-preview:large, max-video-preview:-1\" \/>\n<link rel=\"canonical\" href=\"https:\/\/empresas.infoempleo.com\/hrtrends\/dormir-mejor-te-hara-dirigir-mejor-lo-dice-un-estudio-sobre-liderazgo-circadiano\/\" \/>\n<meta property=\"og:locale\" content=\"es_ES\" \/>\n<meta property=\"og:type\" content=\"article\" \/>\n<meta property=\"og:title\" content=\"Dormir mejor te har\u00e1 dirigir mejor, lo dice un estudio sobre Liderazgo Circadiano | HRTRENDS\" \/>\n<meta property=\"og:description\" content=\"El Liderazgo Circadiano ha sido recientemente analizado por Kevin B. Lowe y Christopher M. Barnes en su estudio Leer m\u00e1s\" \/>\n<meta property=\"og:url\" content=\"https:\/\/empresas.infoempleo.com\/hrtrends\/dormir-mejor-te-hara-dirigir-mejor-lo-dice-un-estudio-sobre-liderazgo-circadiano\/\" \/>\n<meta property=\"og:site_name\" content=\"HRTRENDS\" \/>\n<meta property=\"article:publisher\" content=\"https:\/\/www.facebook.com\/Infoempleo\" \/>\n<meta property=\"article:published_time\" content=\"2023-04-21T23:00:00+00:00\" \/>\n<meta property=\"article:modified_time\" content=\"2024-08-29T15:51:35+00:00\" \/>\n<meta name=\"author\" content=\"Raquel Hern\u00e1ndez\" \/>\n<meta name=\"twitter:card\" content=\"summary_large_image\" \/>\n<meta name=\"twitter:creator\" content=\"@infoempleo\" \/>\n<meta name=\"twitter:site\" content=\"@infoempleo\" \/>\n<meta name=\"twitter:label1\" content=\"Escrito por\" \/>\n\t<meta name=\"twitter:data1\" content=\"Raquel Hern\u00e1ndez\" \/>\n\t<meta name=\"twitter:label2\" content=\"Tiempo de lectura\" \/>\n\t<meta name=\"twitter:data2\" content=\"3 minutos\" \/>\n<script type=\"application\/ld+json\" class=\"yoast-schema-graph\">{\"@context\":\"https:\/\/schema.org\",\"@graph\":[{\"@type\":\"NewsArticle\",\"@id\":\"https:\/\/empresas.infoempleo.com\/hrtrends\/dormir-mejor-te-hara-dirigir-mejor-lo-dice-un-estudio-sobre-liderazgo-circadiano\/#article\",\"isPartOf\":{\"@id\":\"https:\/\/empresas.infoempleo.com\/hrtrends\/dormir-mejor-te-hara-dirigir-mejor-lo-dice-un-estudio-sobre-liderazgo-circadiano\/\"},\"author\":{\"name\":\"Raquel Hern\u00e1ndez\",\"@id\":\"https:\/\/empresas.infoempleo.com\/hrtrends\/#\/schema\/person\/fb2f949a1461ff0e9e15996d82d3a787\"},\"headline\":\"Dormir mejor te har\u00e1 dirigir mejor, lo dice un estudio sobre Liderazgo Circadiano\",\"datePublished\":\"2023-04-21T23:00:00+00:00\",\"dateModified\":\"2024-08-29T15:51:35+00:00\",\"mainEntityOfPage\":{\"@id\":\"https:\/\/empresas.infoempleo.com\/hrtrends\/dormir-mejor-te-hara-dirigir-mejor-lo-dice-un-estudio-sobre-liderazgo-circadiano\/\"},\"wordCount\":629,\"publisher\":{\"@id\":\"https:\/\/empresas.infoempleo.com\/hrtrends\/#organization\"},\"image\":{\"@id\":\"https:\/\/empresas.infoempleo.com\/hrtrends\/dormir-mejor-te-hara-dirigir-mejor-lo-dice-un-estudio-sobre-liderazgo-circadiano\/#primaryimage\"},\"thumbnailUrl\":\"https:\/\/empresas.infoempleo.com\/hrtrends\/media\/2017\/05\/pexels-photo-205508.jpg\",\"articleSection\":[\"Consejos\"],\"inLanguage\":\"es\",\"copyrightYear\":\"2023\",\"copyrightHolder\":{\"@id\":\"https:\/\/empresas.infoempleo.com\/hrtrends\/#organization\"}},{\"@type\":\"WebPage\",\"@id\":\"https:\/\/empresas.infoempleo.com\/hrtrends\/dormir-mejor-te-hara-dirigir-mejor-lo-dice-un-estudio-sobre-liderazgo-circadiano\/\",\"url\":\"https:\/\/empresas.infoempleo.com\/hrtrends\/dormir-mejor-te-hara-dirigir-mejor-lo-dice-un-estudio-sobre-liderazgo-circadiano\/\",\"name\":\"Dormir mejor te har\u00e1 dirigir mejor, lo dice un estudio sobre Liderazgo Circadiano | HRTRENDS\",\"isPartOf\":{\"@id\":\"https:\/\/empresas.infoempleo.com\/hrtrends\/#website\"},\"primaryImageOfPage\":{\"@id\":\"https:\/\/empresas.infoempleo.com\/hrtrends\/dormir-mejor-te-hara-dirigir-mejor-lo-dice-un-estudio-sobre-liderazgo-circadiano\/#primaryimage\"},\"image\":{\"@id\":\"https:\/\/empresas.infoempleo.com\/hrtrends\/dormir-mejor-te-hara-dirigir-mejor-lo-dice-un-estudio-sobre-liderazgo-circadiano\/#primaryimage\"},\"thumbnailUrl\":\"https:\/\/empresas.infoempleo.com\/hrtrends\/media\/2017\/05\/pexels-photo-205508.jpg\",\"datePublished\":\"2023-04-21T23:00:00+00:00\",\"dateModified\":\"2024-08-29T15:51:35+00:00\",\"breadcrumb\":{\"@id\":\"https:\/\/empresas.infoempleo.com\/hrtrends\/dormir-mejor-te-hara-dirigir-mejor-lo-dice-un-estudio-sobre-liderazgo-circadiano\/#breadcrumb\"},\"inLanguage\":\"es\",\"potentialAction\":[{\"@type\":\"ReadAction\",\"target\":[\"https:\/\/empresas.infoempleo.com\/hrtrends\/dormir-mejor-te-hara-dirigir-mejor-lo-dice-un-estudio-sobre-liderazgo-circadiano\/\"]}]},{\"@type\":\"ImageObject\",\"inLanguage\":\"es\",\"@id\":\"https:\/\/empresas.infoempleo.com\/hrtrends\/dormir-mejor-te-hara-dirigir-mejor-lo-dice-un-estudio-sobre-liderazgo-circadiano\/#primaryimage\",\"url\":\"https:\/\/empresas.infoempleo.com\/hrtrends\/media\/2017\/05\/pexels-photo-205508-150x150.jpg\",\"contentUrl\":\"https:\/\/empresas.infoempleo.com\/hrtrends\/media\/2017\/05\/pexels-photo-205508-150x150.jpg\",\"width\":150,\"height\":150},{\"@type\":\"BreadcrumbList\",\"@id\":\"https:\/\/empresas.infoempleo.com\/hrtrends\/dormir-mejor-te-hara-dirigir-mejor-lo-dice-un-estudio-sobre-liderazgo-circadiano\/#breadcrumb\",\"itemListElement\":[{\"@type\":\"ListItem\",\"position\":1,\"name\":\"Portada\",\"item\":\"https:\/\/empresas.infoempleo.com\/hrtrends\/\"},{\"@type\":\"ListItem\",\"position\":2,\"name\":\"Dormir mejor te har\u00e1 dirigir mejor, lo dice un estudio sobre Liderazgo Circadiano\"}]},{\"@type\":\"WebSite\",\"@id\":\"https:\/\/empresas.infoempleo.com\/hrtrends\/#website\",\"url\":\"https:\/\/empresas.infoempleo.com\/hrtrends\",\"name\":\"HRTrends by Infoempleo\",\"description\":\"\",\"publisher\":{\"@id\":\"https:\/\/empresas.infoempleo.com\/hrtrends\/#organization\"},\"potentialAction\":{\"@type\":\"SearchAction\",\"target\":\"https:\/\/empresas.infoempleo.com\/hrtrends\/?s={search_term_string}\",\"query-input\":\"required name=search_term_string\"},\"inLanguage\":\"es\"},{\"@type\":\"Organization\",\"@id\":\"https:\/\/empresas.infoempleo.com\/hrtrends\/#organization\",\"name\":\"Infoempleo\",\"url\":\"https:\/\/www.infoempleo.com\/\",\"logo\":{\"@type\":\"ImageObject\",\"@id\":\"https:\/\/empresas.infoempleo.com\/hrtrends\/#logo\",\"inLanguage\":\"es\",\"url\":\"https:\/\/cdnazure.infoempleo.com\/infoempleo\/assets\/style\/gfx\/logo.svg\",\"contentUrl\":\"https:\/\/cdnazure.infoempleo.com\/infoempleo\/assets\/style\/gfx\/logo.svg\",\"width\":150,\"height\":40,\"caption\":\"Infoempleo\"},\"image\":{\"@id\":\"https:\/\/empresas.infoempleo.com\/hrtrends\/#logo\"},\"sameAs\":[\"https:\/\/www.facebook.com\/Infoempleo\",\"https:\/\/x.com\/infoempleo\",\"http:\/\/instagram.com\/infoempleo\/\",\"http:\/\/www.linkedin.com\/groups\/Empleo-Espa\u00f1a-Infoempleocom-111276\",\"http:\/\/pinterest.com\/infoempleo\/\"],\"address\":{\"@type\":\"PostalAddress\",\"addressLocality\":\"Madrid\",\"postalCode\":\"28050\",\"streetAddress\":\"Avenida de Burgos 114\"},\"brand\":[\"Infoempleo\"]},{\"@type\":\"Person\",\"@id\":\"https:\/\/empresas.infoempleo.com\/hrtrends\/#\/schema\/person\/fb2f949a1461ff0e9e15996d82d3a787\",\"name\":\"Raquel Hern\u00e1ndez\",\"image\":{\"@type\":\"ImageObject\",\"inLanguage\":\"es\",\"@id\":\"https:\/\/empresas.infoempleo.com\/hrtrends\/#\/schema\/person\/image\/\",\"url\":\"https:\/\/secure.gravatar.com\/avatar\/4ccd374b24ab5eefd1b7681d8be968df221a577fa3ffa9dc4bb4b537645dc6a2?s=96&d=mm&r=g\",\"contentUrl\":\"https:\/\/secure.gravatar.com\/avatar\/4ccd374b24ab5eefd1b7681d8be968df221a577fa3ffa9dc4bb4b537645dc6a2?s=96&d=mm&r=g\",\"caption\":\"Raquel Hern\u00e1ndez\"},\"description\":\"M\u00e1ster en Filosof\u00eda Contempor\u00e1nea y Diploma Experto en Salud y G\u00e9nero. Extensa experiencia profesional como directora y productora de eventos culturales, especializada en el sector editorial. Lectora profesional y redactora de contenidos relacionados con el empleo, la innovaci\u00f3n y la educaci\u00f3n.\",\"url\":\"https:\/\/empresas.infoempleo.com\/hrtrends\/author\/raquel-hernandez\/\"}]}<\/script>\n<!-- \/ Yoast SEO plugin. -->","yoast_head_json":{"title":"Dormir mejor te har\u00e1 dirigir mejor, lo dice un estudio sobre Liderazgo Circadiano | HRTRENDS","robots":{"index":"index","follow":"follow","max-snippet":"max-snippet:-1","max-image-preview":"max-image-preview:large","max-video-preview":"max-video-preview:-1"},"canonical":"https:\/\/empresas.infoempleo.com\/hrtrends\/dormir-mejor-te-hara-dirigir-mejor-lo-dice-un-estudio-sobre-liderazgo-circadiano\/","og_locale":"es_ES","og_type":"article","og_title":"Dormir mejor te har\u00e1 dirigir mejor, lo dice un estudio sobre Liderazgo Circadiano | HRTRENDS","og_description":"El Liderazgo Circadiano ha sido recientemente analizado por Kevin B. Lowe y Christopher M. Barnes en su estudio Leer m\u00e1s","og_url":"https:\/\/empresas.infoempleo.com\/hrtrends\/dormir-mejor-te-hara-dirigir-mejor-lo-dice-un-estudio-sobre-liderazgo-circadiano\/","og_site_name":"HRTRENDS","article_publisher":"https:\/\/www.facebook.com\/Infoempleo","article_published_time":"2023-04-21T23:00:00+00:00","article_modified_time":"2024-08-29T15:51:35+00:00","author":"Raquel Hern\u00e1ndez","twitter_card":"summary_large_image","twitter_creator":"@infoempleo","twitter_site":"@infoempleo","twitter_misc":{"Escrito por":"Raquel Hern\u00e1ndez","Tiempo de lectura":"3 minutos"},"schema":{"@context":"https:\/\/schema.org","@graph":[{"@type":"NewsArticle","@id":"https:\/\/empresas.infoempleo.com\/hrtrends\/dormir-mejor-te-hara-dirigir-mejor-lo-dice-un-estudio-sobre-liderazgo-circadiano\/#article","isPartOf":{"@id":"https:\/\/empresas.infoempleo.com\/hrtrends\/dormir-mejor-te-hara-dirigir-mejor-lo-dice-un-estudio-sobre-liderazgo-circadiano\/"},"author":{"name":"Raquel Hern\u00e1ndez","@id":"https:\/\/empresas.infoempleo.com\/hrtrends\/#\/schema\/person\/fb2f949a1461ff0e9e15996d82d3a787"},"headline":"Dormir mejor te har\u00e1 dirigir mejor, lo dice un estudio sobre Liderazgo Circadiano","datePublished":"2023-04-21T23:00:00+00:00","dateModified":"2024-08-29T15:51:35+00:00","mainEntityOfPage":{"@id":"https:\/\/empresas.infoempleo.com\/hrtrends\/dormir-mejor-te-hara-dirigir-mejor-lo-dice-un-estudio-sobre-liderazgo-circadiano\/"},"wordCount":629,"publisher":{"@id":"https:\/\/empresas.infoempleo.com\/hrtrends\/#organization"},"image":{"@id":"https:\/\/empresas.infoempleo.com\/hrtrends\/dormir-mejor-te-hara-dirigir-mejor-lo-dice-un-estudio-sobre-liderazgo-circadiano\/#primaryimage"},"thumbnailUrl":"https:\/\/empresas.infoempleo.com\/hrtrends\/media\/2017\/05\/pexels-photo-205508.jpg","articleSection":["Consejos"],"inLanguage":"es","copyrightYear":"2023","copyrightHolder":{"@id":"https:\/\/empresas.infoempleo.com\/hrtrends\/#organization"}},{"@type":"WebPage","@id":"https:\/\/empresas.infoempleo.com\/hrtrends\/dormir-mejor-te-hara-dirigir-mejor-lo-dice-un-estudio-sobre-liderazgo-circadiano\/","url":"https:\/\/empresas.infoempleo.com\/hrtrends\/dormir-mejor-te-hara-dirigir-mejor-lo-dice-un-estudio-sobre-liderazgo-circadiano\/","name":"Dormir mejor te har\u00e1 dirigir mejor, lo dice un estudio sobre Liderazgo Circadiano | HRTRENDS","isPartOf":{"@id":"https:\/\/empresas.infoempleo.com\/hrtrends\/#website"},"primaryImageOfPage":{"@id":"https:\/\/empresas.infoempleo.com\/hrtrends\/dormir-mejor-te-hara-dirigir-mejor-lo-dice-un-estudio-sobre-liderazgo-circadiano\/#primaryimage"},"image":{"@id":"https:\/\/empresas.infoempleo.com\/hrtrends\/dormir-mejor-te-hara-dirigir-mejor-lo-dice-un-estudio-sobre-liderazgo-circadiano\/#primaryimage"},"thumbnailUrl":"https:\/\/empresas.infoempleo.com\/hrtrends\/media\/2017\/05\/pexels-photo-205508.jpg","datePublished":"2023-04-21T23:00:00+00:00","dateModified":"2024-08-29T15:51:35+00:00","breadcrumb":{"@id":"https:\/\/empresas.infoempleo.com\/hrtrends\/dormir-mejor-te-hara-dirigir-mejor-lo-dice-un-estudio-sobre-liderazgo-circadiano\/#breadcrumb"},"inLanguage":"es","potentialAction":[{"@type":"ReadAction","target":["https:\/\/empresas.infoempleo.com\/hrtrends\/dormir-mejor-te-hara-dirigir-mejor-lo-dice-un-estudio-sobre-liderazgo-circadiano\/"]}]},{"@type":"ImageObject","inLanguage":"es","@id":"https:\/\/empresas.infoempleo.com\/hrtrends\/dormir-mejor-te-hara-dirigir-mejor-lo-dice-un-estudio-sobre-liderazgo-circadiano\/#primaryimage","url":"https:\/\/empresas.infoempleo.com\/hrtrends\/media\/2017\/05\/pexels-photo-205508-150x150.jpg","contentUrl":"https:\/\/empresas.infoempleo.com\/hrtrends\/media\/2017\/05\/pexels-photo-205508-150x150.jpg","width":150,"height":150},{"@type":"BreadcrumbList","@id":"https:\/\/empresas.infoempleo.com\/hrtrends\/dormir-mejor-te-hara-dirigir-mejor-lo-dice-un-estudio-sobre-liderazgo-circadiano\/#breadcrumb","itemListElement":[{"@type":"ListItem","position":1,"name":"Portada","item":"https:\/\/empresas.infoempleo.com\/hrtrends\/"},{"@type":"ListItem","position":2,"name":"Dormir mejor te har\u00e1 dirigir mejor, lo dice un estudio sobre Liderazgo Circadiano"}]},{"@type":"WebSite","@id":"https:\/\/empresas.infoempleo.com\/hrtrends\/#website","url":"https:\/\/empresas.infoempleo.com\/hrtrends","name":"HRTrends by Infoempleo","description":"","publisher":{"@id":"https:\/\/empresas.infoempleo.com\/hrtrends\/#organization"},"potentialAction":{"@type":"SearchAction","target":"https:\/\/empresas.infoempleo.com\/hrtrends\/?s={search_term_string}","query-input":"required name=search_term_string"},"inLanguage":"es"},{"@type":"Organization","@id":"https:\/\/empresas.infoempleo.com\/hrtrends\/#organization","name":"Infoempleo","url":"https:\/\/www.infoempleo.com\/","logo":{"@type":"ImageObject","@id":"https:\/\/empresas.infoempleo.com\/hrtrends\/#logo","inLanguage":"es","url":"https:\/\/cdnazure.infoempleo.com\/infoempleo\/assets\/style\/gfx\/logo.svg","contentUrl":"https:\/\/cdnazure.infoempleo.com\/infoempleo\/assets\/style\/gfx\/logo.svg","width":150,"height":40,"caption":"Infoempleo"},"image":{"@id":"https:\/\/empresas.infoempleo.com\/hrtrends\/#logo"},"sameAs":["https:\/\/www.facebook.com\/Infoempleo","https:\/\/x.com\/infoempleo","http:\/\/instagram.com\/infoempleo\/","http:\/\/www.linkedin.com\/groups\/Empleo-Espa\u00f1a-Infoempleocom-111276","http:\/\/pinterest.com\/infoempleo\/"],"address":{"@type":"PostalAddress","addressLocality":"Madrid","postalCode":"28050","streetAddress":"Avenida de Burgos 114"},"brand":["Infoempleo"]},{"@type":"Person","@id":"https:\/\/empresas.infoempleo.com\/hrtrends\/#\/schema\/person\/fb2f949a1461ff0e9e15996d82d3a787","name":"Raquel Hern\u00e1ndez","image":{"@type":"ImageObject","inLanguage":"es","@id":"https:\/\/empresas.infoempleo.com\/hrtrends\/#\/schema\/person\/image\/","url":"https:\/\/secure.gravatar.com\/avatar\/4ccd374b24ab5eefd1b7681d8be968df221a577fa3ffa9dc4bb4b537645dc6a2?s=96&d=mm&r=g","contentUrl":"https:\/\/secure.gravatar.com\/avatar\/4ccd374b24ab5eefd1b7681d8be968df221a577fa3ffa9dc4bb4b537645dc6a2?s=96&d=mm&r=g","caption":"Raquel Hern\u00e1ndez"},"description":"M\u00e1ster en Filosof\u00eda Contempor\u00e1nea y Diploma Experto en Salud y G\u00e9nero. Extensa experiencia profesional como directora y productora de eventos culturales, especializada en el sector editorial. Lectora profesional y redactora de contenidos relacionados con el empleo, la innovaci\u00f3n y la educaci\u00f3n.","url":"https:\/\/empresas.infoempleo.com\/hrtrends\/author\/raquel-hernandez\/"}]}},"amp_enabled":true,"_links":{"self":[{"href":"https:\/\/empresas.infoempleo.com\/hrtrends\/wp-json\/wp\/v2\/posts\/43875","targetHints":{"allow":["GET"]}}],"collection":[{"href":"https:\/\/empresas.infoempleo.com\/hrtrends\/wp-json\/wp\/v2\/posts"}],"about":[{"href":"https:\/\/empresas.infoempleo.com\/hrtrends\/wp-json\/wp\/v2\/types\/post"}],"author":[{"embeddable":true,"href":"https:\/\/empresas.infoempleo.com\/hrtrends\/wp-json\/wp\/v2\/users\/136"}],"replies":[{"embeddable":true,"href":"https:\/\/empresas.infoempleo.com\/hrtrends\/wp-json\/wp\/v2\/comments?post=43875"}],"version-history":[{"count":2,"href":"https:\/\/empresas.infoempleo.com\/hrtrends\/wp-json\/wp\/v2\/posts\/43875\/revisions"}],"predecessor-version":[{"id":45561,"href":"https:\/\/empresas.infoempleo.com\/hrtrends\/wp-json\/wp\/v2\/posts\/43875\/revisions\/45561"}],"wp:featuredmedia":[{"embeddable":true,"href":"https:\/\/empresas.infoempleo.com\/hrtrends\/wp-json\/wp\/v2\/media\/29665"}],"wp:attachment":[{"href":"https:\/\/empresas.infoempleo.com\/hrtrends\/wp-json\/wp\/v2\/media?parent=43875"}],"wp:term":[{"taxonomy":"category","embeddable":true,"href":"https:\/\/empresas.infoempleo.com\/hrtrends\/wp-json\/wp\/v2\/categories?post=43875"},{"taxonomy":"post_tag","embeddable":true,"href":"https:\/\/empresas.infoempleo.com\/hrtrends\/wp-json\/wp\/v2\/tags?post=43875"}],"curies":[{"name":"wp","href":"https:\/\/api.w.org\/{rel}","templated":true}]}}