{"id":43856,"date":"2023-05-29T00:00:00","date_gmt":"2023-05-28T23:00:00","guid":{"rendered":"https:\/\/empresas.infoempleo.com\/hrtrends\/?p=43856"},"modified":"2024-07-03T16:25:20","modified_gmt":"2024-07-03T14:25:20","slug":"candidatos-pasivos-como-reclutarlos","status":"publish","type":"post","link":"https:\/\/empresas.infoempleo.com\/hrtrends\/candidatos-pasivos-como-reclutarlos\/","title":{"rendered":"Por qu\u00e9 son importantes los candidatos pasivos y c\u00f3mo reclutarlos"},"content":{"rendered":"<p>Si tu objetivo es <strong>llamar la atenci\u00f3n de trabajadores que no est\u00e1n en b\u00fasqueda activa de empleo<\/strong>, tienes que aplicar <strong>estrategias para reclutar a candidatos pasivos<\/strong>. Cuida la redacci\u00f3n de la oferta, transmite confianza y especifica la retribuci\u00f3n en especie personalizada al perfil que quieres. Adem\u00e1s, participa en sus comunidades, y logra que se vean reconocidos y que deseen las oportunidades de crecimiento profesional que ofrece tu marca empleadora.<\/p>\n<h2>Identificar a candidatos pasivos es importante<\/h2>\n<p>Los <strong>profesionales pasivos<\/strong> son una <em>rara avis <\/em>que se da en el mercado laboral. <strong>Ya tienen un puesto de trabajo<\/strong> <strong>y no buscan cambiar de empresa<\/strong>. Muchos de ellos ni siquiera tienen su CV actualizado ni disponible online. No se encuentran en b\u00fasqueda activa de empleo ni solicitan vacantes. Sin embargo, como todo el mundo, s\u00ed que escuchan ofertas y puede que alguna de ellas llame su atenci\u00f3n.<\/p>\n<p>Si sabes <strong>c\u00f3mo hacerles llegar tu oferta<\/strong>, estar\u00e1s un paso m\u00e1s cerca de <strong>contratar al mejor talento<\/strong>. Esto representa una gran oportunidad, m\u00e1xime en un mercado donde la <strong>falta de perfiles cualificados<\/strong> es una de las demandas constantes de muchos sectores.<\/p>\n<p>Los <strong>candidatos pasivos<\/strong> <strong>son m\u00e1s selectivos<\/strong> en cuanto a las empresas con las que se relacionan. Por tanto, eval\u00faan de distinta manera las <a href=\"https:\/\/empresas.infoempleo.com\/\" target=\"_blank\" rel=\"noopener\"><strong>oportunidades laborales<\/strong> que reciben<\/a>. Necesitan mucha informaci\u00f3n y persuasi\u00f3n para dar ese paso en su carrera. Y probablemente busquen una<strong> alta remuneraci\u00f3n<\/strong>, beneficios laborales y un plan de desarrollo profesional.<\/p>\n<h2>Estrategias para reclutar a este tipo de talento<\/h2>\n<p>En el llamado reclutamiento pasivo, los profesionales no suelen responder a la captaci\u00f3n tradicional. Para reclutarlos vas a tener que superar la mera publicaci\u00f3n de ofertas o el env\u00edo de algunos mails.<\/p>\n<p><strong>Estas son<\/strong> <strong>5 estrategias eficaces para atraer el talento pasivo:<\/strong><\/p>\n<p><strong>1#. Retribuci\u00f3n en especie personalizada<\/strong><\/p>\n<p>Aunque estos perfiles valoren el salario, muchos de ellos quieren mejorar las condiciones laborales para la conciliaci\u00f3n. Buscan un equilibrio entre trabajo y vida privada que les permita alcanzar sus objetivos personales y profesionales. Cuando los hayas localizado, prepara un paquete espec\u00edfico para el trabajador en concreto. Si prestas atenci\u00f3n a los detalles, ver\u00e1s que uno prestar\u00e1 mayor atenci\u00f3n a la flexibilidad horaria y otro al seguro m\u00e9dico.<\/p>\n<p><strong>2#. Plantearlo como un reto<\/strong><\/p>\n<p>Adem\u00e1s de ofrecer crecimiento profesional desaf\u00eda su inteligencia y sus capacidades. Estos perfiles quieren demostrarse y compartir en p\u00fablico su potencialidad. Premia y reconoce abiertamente sus logros. Comun\u00edcale que su talento es justo lo que necesita el equipo inclusivo y diverso para alcanzar el \u00e9xito trabajando de manera colaborativa. Que puedas nutrir el ego sin caer en individualismos contraproducentes.<\/p>\n<p><strong>3#. Captaci\u00f3n en las comunidades<\/strong><\/p>\n<p>Para localizar a los profesionales pasivos debes entrar en sus colectivos. Busca las palabras clave de las competencias requeridas para el puesto y \u00fanete a los grupos relacionados. Empieza a seguir a las posibles candidaturas, valora positivamente sus publicaciones, comenta y comparte. Y no te olvides de cuidar la redacci\u00f3n de las ofertas. Esas <em>keyword<\/em> pueden ser el punto de inflexi\u00f3n.<\/p>\n<p><strong>4#. <\/strong><a href=\"https:\/\/empresas.infoempleo.com\/hrtrends\/ejemplos-de-inbound-recruiting-y-practicos-tips\/\" target=\"_blank\" rel=\"noopener\"><strong><em>Inbound recruiting<\/em><\/strong><\/a><\/p>\n<p>Ante estos perfiles la mejor estrategia es llamar su atenci\u00f3n para que sean ellos los que acudan a tu empresa. Para dar a conocer y visibilizar tu cultura corporativa, participa en ferias, genera eventos, acude a talleres o a hackatones. Lo necesario para mejorar tu marca empleadora. Para que llegue por todos los canales, implica tambi\u00e9n al personal. Que corra la voz.<\/p>\n<p><strong>5#. Generar confianza<\/strong><\/p>\n<p>Puede ser transmitiendo los valores y la misi\u00f3n de la empresa. Pero tambi\u00e9n puede ser pregunt\u00e1ndoles, es decir, haciendo valer su perspectiva y participaci\u00f3n. Los puedes tratar como a consultores. Que reciban esa confianza mutua para que aumente su motivaci\u00f3n y esto los lleve a querer ser parte del proyecto.<\/p>\n","protected":false},"excerpt":{"rendered":"<p>Si tu objetivo es llamar la atenci\u00f3n de trabajadores que no est\u00e1n en b\u00fasqueda activa de empleo, tienes<a class=\"moretag\" href=\"https:\/\/empresas.infoempleo.com\/hrtrends\/candidatos-pasivos-como-reclutarlos\/\"> Leer m\u00e1s<\/a><\/p>\n","protected":false},"author":136,"featured_media":29665,"comment_status":"closed","ping_status":"closed","sticky":false,"template":"","format":"standard","meta":{"footnotes":""},"categories":[3015],"tags":[],"class_list":["post-43856","post","type-post","status-publish","format-standard","has-post-thumbnail","hentry","category-recruiter-branding"],"yoast_head":"<!-- This site is optimized with the Yoast SEO plugin v26.1.1 - https:\/\/yoast.com\/wordpress\/plugins\/seo\/ -->\n<title>Por qu\u00e9 son importantes los candidatos pasivos y c\u00f3mo reclutarlos | HRTRENDS<\/title>\n<meta name=\"robots\" content=\"index, follow, max-snippet:-1, max-image-preview:large, max-video-preview:-1\" \/>\n<link rel=\"canonical\" href=\"https:\/\/empresas.infoempleo.com\/hrtrends\/candidatos-pasivos-como-reclutarlos\/\" \/>\n<meta property=\"og:locale\" content=\"es_ES\" \/>\n<meta property=\"og:type\" content=\"article\" \/>\n<meta property=\"og:title\" content=\"Por qu\u00e9 son importantes los candidatos pasivos y c\u00f3mo reclutarlos | HRTRENDS\" \/>\n<meta property=\"og:description\" content=\"Si tu objetivo es llamar la atenci\u00f3n de trabajadores que no est\u00e1n en b\u00fasqueda activa de empleo, tienes Leer m\u00e1s\" \/>\n<meta property=\"og:url\" content=\"https:\/\/empresas.infoempleo.com\/hrtrends\/candidatos-pasivos-como-reclutarlos\/\" \/>\n<meta property=\"og:site_name\" content=\"HRTRENDS\" \/>\n<meta property=\"article:publisher\" content=\"https:\/\/www.facebook.com\/Infoempleo\" \/>\n<meta property=\"article:published_time\" content=\"2023-05-28T23:00:00+00:00\" \/>\n<meta property=\"article:modified_time\" content=\"2024-07-03T14:25:20+00:00\" \/>\n<meta name=\"author\" content=\"Raquel Hern\u00e1ndez\" \/>\n<meta name=\"twitter:card\" content=\"summary_large_image\" \/>\n<meta name=\"twitter:creator\" content=\"@infoempleo\" \/>\n<meta name=\"twitter:site\" content=\"@infoempleo\" \/>\n<meta name=\"twitter:label1\" content=\"Escrito por\" \/>\n\t<meta name=\"twitter:data1\" content=\"Raquel Hern\u00e1ndez\" \/>\n\t<meta name=\"twitter:label2\" content=\"Tiempo de lectura\" \/>\n\t<meta name=\"twitter:data2\" content=\"3 minutos\" \/>\n<script type=\"application\/ld+json\" class=\"yoast-schema-graph\">{\"@context\":\"https:\/\/schema.org\",\"@graph\":[{\"@type\":\"NewsArticle\",\"@id\":\"https:\/\/empresas.infoempleo.com\/hrtrends\/candidatos-pasivos-como-reclutarlos\/#article\",\"isPartOf\":{\"@id\":\"https:\/\/empresas.infoempleo.com\/hrtrends\/candidatos-pasivos-como-reclutarlos\/\"},\"author\":{\"name\":\"Raquel Hern\u00e1ndez\",\"@id\":\"https:\/\/empresas.infoempleo.com\/hrtrends\/#\/schema\/person\/fb2f949a1461ff0e9e15996d82d3a787\"},\"headline\":\"Por qu\u00e9 son importantes los candidatos pasivos y c\u00f3mo reclutarlos\",\"datePublished\":\"2023-05-28T23:00:00+00:00\",\"dateModified\":\"2024-07-03T14:25:20+00:00\",\"mainEntityOfPage\":{\"@id\":\"https:\/\/empresas.infoempleo.com\/hrtrends\/candidatos-pasivos-como-reclutarlos\/\"},\"wordCount\":654,\"publisher\":{\"@id\":\"https:\/\/empresas.infoempleo.com\/hrtrends\/#organization\"},\"image\":{\"@id\":\"https:\/\/empresas.infoempleo.com\/hrtrends\/candidatos-pasivos-como-reclutarlos\/#primaryimage\"},\"thumbnailUrl\":\"https:\/\/empresas.infoempleo.com\/hrtrends\/media\/2017\/05\/pexels-photo-205508.jpg\",\"articleSection\":[\"Recruiter branding\"],\"inLanguage\":\"es\",\"copyrightYear\":\"2023\",\"copyrightHolder\":{\"@id\":\"https:\/\/empresas.infoempleo.com\/hrtrends\/#organization\"}},{\"@type\":\"WebPage\",\"@id\":\"https:\/\/empresas.infoempleo.com\/hrtrends\/candidatos-pasivos-como-reclutarlos\/\",\"url\":\"https:\/\/empresas.infoempleo.com\/hrtrends\/candidatos-pasivos-como-reclutarlos\/\",\"name\":\"Por qu\u00e9 son importantes los candidatos pasivos y c\u00f3mo reclutarlos | HRTRENDS\",\"isPartOf\":{\"@id\":\"https:\/\/empresas.infoempleo.com\/hrtrends\/#website\"},\"primaryImageOfPage\":{\"@id\":\"https:\/\/empresas.infoempleo.com\/hrtrends\/candidatos-pasivos-como-reclutarlos\/#primaryimage\"},\"image\":{\"@id\":\"https:\/\/empresas.infoempleo.com\/hrtrends\/candidatos-pasivos-como-reclutarlos\/#primaryimage\"},\"thumbnailUrl\":\"https:\/\/empresas.infoempleo.com\/hrtrends\/media\/2017\/05\/pexels-photo-205508.jpg\",\"datePublished\":\"2023-05-28T23:00:00+00:00\",\"dateModified\":\"2024-07-03T14:25:20+00:00\",\"breadcrumb\":{\"@id\":\"https:\/\/empresas.infoempleo.com\/hrtrends\/candidatos-pasivos-como-reclutarlos\/#breadcrumb\"},\"inLanguage\":\"es\",\"potentialAction\":[{\"@type\":\"ReadAction\",\"target\":[\"https:\/\/empresas.infoempleo.com\/hrtrends\/candidatos-pasivos-como-reclutarlos\/\"]}]},{\"@type\":\"ImageObject\",\"inLanguage\":\"es\",\"@id\":\"https:\/\/empresas.infoempleo.com\/hrtrends\/candidatos-pasivos-como-reclutarlos\/#primaryimage\",\"url\":\"https:\/\/empresas.infoempleo.com\/hrtrends\/media\/2017\/05\/pexels-photo-205508-150x150.jpg\",\"contentUrl\":\"https:\/\/empresas.infoempleo.com\/hrtrends\/media\/2017\/05\/pexels-photo-205508-150x150.jpg\",\"width\":150,\"height\":150},{\"@type\":\"BreadcrumbList\",\"@id\":\"https:\/\/empresas.infoempleo.com\/hrtrends\/candidatos-pasivos-como-reclutarlos\/#breadcrumb\",\"itemListElement\":[{\"@type\":\"ListItem\",\"position\":1,\"name\":\"Portada\",\"item\":\"https:\/\/empresas.infoempleo.com\/hrtrends\/\"},{\"@type\":\"ListItem\",\"position\":2,\"name\":\"Por qu\u00e9 son importantes los candidatos pasivos y c\u00f3mo reclutarlos\"}]},{\"@type\":\"WebSite\",\"@id\":\"https:\/\/empresas.infoempleo.com\/hrtrends\/#website\",\"url\":\"https:\/\/empresas.infoempleo.com\/hrtrends\",\"name\":\"HRTrends by Infoempleo\",\"description\":\"\",\"publisher\":{\"@id\":\"https:\/\/empresas.infoempleo.com\/hrtrends\/#organization\"},\"potentialAction\":{\"@type\":\"SearchAction\",\"target\":\"https:\/\/empresas.infoempleo.com\/hrtrends\/?s={search_term_string}\",\"query-input\":\"required name=search_term_string\"},\"inLanguage\":\"es\"},{\"@type\":\"Organization\",\"@id\":\"https:\/\/empresas.infoempleo.com\/hrtrends\/#organization\",\"name\":\"Infoempleo\",\"url\":\"https:\/\/www.infoempleo.com\/\",\"logo\":{\"@type\":\"ImageObject\",\"@id\":\"https:\/\/empresas.infoempleo.com\/hrtrends\/#logo\",\"inLanguage\":\"es\",\"url\":\"https:\/\/cdnazure.infoempleo.com\/infoempleo\/assets\/style\/gfx\/logo.svg\",\"contentUrl\":\"https:\/\/cdnazure.infoempleo.com\/infoempleo\/assets\/style\/gfx\/logo.svg\",\"width\":150,\"height\":40,\"caption\":\"Infoempleo\"},\"image\":{\"@id\":\"https:\/\/empresas.infoempleo.com\/hrtrends\/#logo\"},\"sameAs\":[\"https:\/\/www.facebook.com\/Infoempleo\",\"https:\/\/x.com\/infoempleo\",\"http:\/\/instagram.com\/infoempleo\/\",\"http:\/\/www.linkedin.com\/groups\/Empleo-Espa\u00f1a-Infoempleocom-111276\",\"http:\/\/pinterest.com\/infoempleo\/\"],\"address\":{\"@type\":\"PostalAddress\",\"addressLocality\":\"Madrid\",\"postalCode\":\"28050\",\"streetAddress\":\"Avenida de Burgos 114\"},\"brand\":[\"Infoempleo\"]},{\"@type\":\"Person\",\"@id\":\"https:\/\/empresas.infoempleo.com\/hrtrends\/#\/schema\/person\/fb2f949a1461ff0e9e15996d82d3a787\",\"name\":\"Raquel Hern\u00e1ndez\",\"image\":{\"@type\":\"ImageObject\",\"inLanguage\":\"es\",\"@id\":\"https:\/\/empresas.infoempleo.com\/hrtrends\/#\/schema\/person\/image\/\",\"url\":\"https:\/\/secure.gravatar.com\/avatar\/4ccd374b24ab5eefd1b7681d8be968df221a577fa3ffa9dc4bb4b537645dc6a2?s=96&d=mm&r=g\",\"contentUrl\":\"https:\/\/secure.gravatar.com\/avatar\/4ccd374b24ab5eefd1b7681d8be968df221a577fa3ffa9dc4bb4b537645dc6a2?s=96&d=mm&r=g\",\"caption\":\"Raquel Hern\u00e1ndez\"},\"description\":\"M\u00e1ster en Filosof\u00eda Contempor\u00e1nea y Diploma Experto en Salud y G\u00e9nero. Extensa experiencia profesional como directora y productora de eventos culturales, especializada en el sector editorial. Lectora profesional y redactora de contenidos relacionados con el empleo, la innovaci\u00f3n y la educaci\u00f3n.\",\"url\":\"https:\/\/empresas.infoempleo.com\/hrtrends\/author\/raquel-hernandez\/\"}]}<\/script>\n<!-- \/ Yoast SEO plugin. -->","yoast_head_json":{"title":"Por qu\u00e9 son importantes los candidatos pasivos y c\u00f3mo reclutarlos | HRTRENDS","robots":{"index":"index","follow":"follow","max-snippet":"max-snippet:-1","max-image-preview":"max-image-preview:large","max-video-preview":"max-video-preview:-1"},"canonical":"https:\/\/empresas.infoempleo.com\/hrtrends\/candidatos-pasivos-como-reclutarlos\/","og_locale":"es_ES","og_type":"article","og_title":"Por qu\u00e9 son importantes los candidatos pasivos y c\u00f3mo reclutarlos | HRTRENDS","og_description":"Si tu objetivo es llamar la atenci\u00f3n de trabajadores que no est\u00e1n en b\u00fasqueda activa de empleo, tienes Leer m\u00e1s","og_url":"https:\/\/empresas.infoempleo.com\/hrtrends\/candidatos-pasivos-como-reclutarlos\/","og_site_name":"HRTRENDS","article_publisher":"https:\/\/www.facebook.com\/Infoempleo","article_published_time":"2023-05-28T23:00:00+00:00","article_modified_time":"2024-07-03T14:25:20+00:00","author":"Raquel Hern\u00e1ndez","twitter_card":"summary_large_image","twitter_creator":"@infoempleo","twitter_site":"@infoempleo","twitter_misc":{"Escrito por":"Raquel Hern\u00e1ndez","Tiempo de lectura":"3 minutos"},"schema":{"@context":"https:\/\/schema.org","@graph":[{"@type":"NewsArticle","@id":"https:\/\/empresas.infoempleo.com\/hrtrends\/candidatos-pasivos-como-reclutarlos\/#article","isPartOf":{"@id":"https:\/\/empresas.infoempleo.com\/hrtrends\/candidatos-pasivos-como-reclutarlos\/"},"author":{"name":"Raquel Hern\u00e1ndez","@id":"https:\/\/empresas.infoempleo.com\/hrtrends\/#\/schema\/person\/fb2f949a1461ff0e9e15996d82d3a787"},"headline":"Por qu\u00e9 son importantes los candidatos pasivos y c\u00f3mo reclutarlos","datePublished":"2023-05-28T23:00:00+00:00","dateModified":"2024-07-03T14:25:20+00:00","mainEntityOfPage":{"@id":"https:\/\/empresas.infoempleo.com\/hrtrends\/candidatos-pasivos-como-reclutarlos\/"},"wordCount":654,"publisher":{"@id":"https:\/\/empresas.infoempleo.com\/hrtrends\/#organization"},"image":{"@id":"https:\/\/empresas.infoempleo.com\/hrtrends\/candidatos-pasivos-como-reclutarlos\/#primaryimage"},"thumbnailUrl":"https:\/\/empresas.infoempleo.com\/hrtrends\/media\/2017\/05\/pexels-photo-205508.jpg","articleSection":["Recruiter branding"],"inLanguage":"es","copyrightYear":"2023","copyrightHolder":{"@id":"https:\/\/empresas.infoempleo.com\/hrtrends\/#organization"}},{"@type":"WebPage","@id":"https:\/\/empresas.infoempleo.com\/hrtrends\/candidatos-pasivos-como-reclutarlos\/","url":"https:\/\/empresas.infoempleo.com\/hrtrends\/candidatos-pasivos-como-reclutarlos\/","name":"Por qu\u00e9 son importantes los candidatos pasivos y c\u00f3mo reclutarlos | HRTRENDS","isPartOf":{"@id":"https:\/\/empresas.infoempleo.com\/hrtrends\/#website"},"primaryImageOfPage":{"@id":"https:\/\/empresas.infoempleo.com\/hrtrends\/candidatos-pasivos-como-reclutarlos\/#primaryimage"},"image":{"@id":"https:\/\/empresas.infoempleo.com\/hrtrends\/candidatos-pasivos-como-reclutarlos\/#primaryimage"},"thumbnailUrl":"https:\/\/empresas.infoempleo.com\/hrtrends\/media\/2017\/05\/pexels-photo-205508.jpg","datePublished":"2023-05-28T23:00:00+00:00","dateModified":"2024-07-03T14:25:20+00:00","breadcrumb":{"@id":"https:\/\/empresas.infoempleo.com\/hrtrends\/candidatos-pasivos-como-reclutarlos\/#breadcrumb"},"inLanguage":"es","potentialAction":[{"@type":"ReadAction","target":["https:\/\/empresas.infoempleo.com\/hrtrends\/candidatos-pasivos-como-reclutarlos\/"]}]},{"@type":"ImageObject","inLanguage":"es","@id":"https:\/\/empresas.infoempleo.com\/hrtrends\/candidatos-pasivos-como-reclutarlos\/#primaryimage","url":"https:\/\/empresas.infoempleo.com\/hrtrends\/media\/2017\/05\/pexels-photo-205508-150x150.jpg","contentUrl":"https:\/\/empresas.infoempleo.com\/hrtrends\/media\/2017\/05\/pexels-photo-205508-150x150.jpg","width":150,"height":150},{"@type":"BreadcrumbList","@id":"https:\/\/empresas.infoempleo.com\/hrtrends\/candidatos-pasivos-como-reclutarlos\/#breadcrumb","itemListElement":[{"@type":"ListItem","position":1,"name":"Portada","item":"https:\/\/empresas.infoempleo.com\/hrtrends\/"},{"@type":"ListItem","position":2,"name":"Por qu\u00e9 son importantes los candidatos pasivos y c\u00f3mo reclutarlos"}]},{"@type":"WebSite","@id":"https:\/\/empresas.infoempleo.com\/hrtrends\/#website","url":"https:\/\/empresas.infoempleo.com\/hrtrends","name":"HRTrends by Infoempleo","description":"","publisher":{"@id":"https:\/\/empresas.infoempleo.com\/hrtrends\/#organization"},"potentialAction":{"@type":"SearchAction","target":"https:\/\/empresas.infoempleo.com\/hrtrends\/?s={search_term_string}","query-input":"required name=search_term_string"},"inLanguage":"es"},{"@type":"Organization","@id":"https:\/\/empresas.infoempleo.com\/hrtrends\/#organization","name":"Infoempleo","url":"https:\/\/www.infoempleo.com\/","logo":{"@type":"ImageObject","@id":"https:\/\/empresas.infoempleo.com\/hrtrends\/#logo","inLanguage":"es","url":"https:\/\/cdnazure.infoempleo.com\/infoempleo\/assets\/style\/gfx\/logo.svg","contentUrl":"https:\/\/cdnazure.infoempleo.com\/infoempleo\/assets\/style\/gfx\/logo.svg","width":150,"height":40,"caption":"Infoempleo"},"image":{"@id":"https:\/\/empresas.infoempleo.com\/hrtrends\/#logo"},"sameAs":["https:\/\/www.facebook.com\/Infoempleo","https:\/\/x.com\/infoempleo","http:\/\/instagram.com\/infoempleo\/","http:\/\/www.linkedin.com\/groups\/Empleo-Espa\u00f1a-Infoempleocom-111276","http:\/\/pinterest.com\/infoempleo\/"],"address":{"@type":"PostalAddress","addressLocality":"Madrid","postalCode":"28050","streetAddress":"Avenida de Burgos 114"},"brand":["Infoempleo"]},{"@type":"Person","@id":"https:\/\/empresas.infoempleo.com\/hrtrends\/#\/schema\/person\/fb2f949a1461ff0e9e15996d82d3a787","name":"Raquel Hern\u00e1ndez","image":{"@type":"ImageObject","inLanguage":"es","@id":"https:\/\/empresas.infoempleo.com\/hrtrends\/#\/schema\/person\/image\/","url":"https:\/\/secure.gravatar.com\/avatar\/4ccd374b24ab5eefd1b7681d8be968df221a577fa3ffa9dc4bb4b537645dc6a2?s=96&d=mm&r=g","contentUrl":"https:\/\/secure.gravatar.com\/avatar\/4ccd374b24ab5eefd1b7681d8be968df221a577fa3ffa9dc4bb4b537645dc6a2?s=96&d=mm&r=g","caption":"Raquel Hern\u00e1ndez"},"description":"M\u00e1ster en Filosof\u00eda Contempor\u00e1nea y Diploma Experto en Salud y G\u00e9nero. Extensa experiencia profesional como directora y productora de eventos culturales, especializada en el sector editorial. Lectora profesional y redactora de contenidos relacionados con el empleo, la innovaci\u00f3n y la educaci\u00f3n.","url":"https:\/\/empresas.infoempleo.com\/hrtrends\/author\/raquel-hernandez\/"}]}},"amp_enabled":true,"_links":{"self":[{"href":"https:\/\/empresas.infoempleo.com\/hrtrends\/wp-json\/wp\/v2\/posts\/43856","targetHints":{"allow":["GET"]}}],"collection":[{"href":"https:\/\/empresas.infoempleo.com\/hrtrends\/wp-json\/wp\/v2\/posts"}],"about":[{"href":"https:\/\/empresas.infoempleo.com\/hrtrends\/wp-json\/wp\/v2\/types\/post"}],"author":[{"embeddable":true,"href":"https:\/\/empresas.infoempleo.com\/hrtrends\/wp-json\/wp\/v2\/users\/136"}],"replies":[{"embeddable":true,"href":"https:\/\/empresas.infoempleo.com\/hrtrends\/wp-json\/wp\/v2\/comments?post=43856"}],"version-history":[{"count":1,"href":"https:\/\/empresas.infoempleo.com\/hrtrends\/wp-json\/wp\/v2\/posts\/43856\/revisions"}],"predecessor-version":[{"id":44223,"href":"https:\/\/empresas.infoempleo.com\/hrtrends\/wp-json\/wp\/v2\/posts\/43856\/revisions\/44223"}],"wp:featuredmedia":[{"embeddable":true,"href":"https:\/\/empresas.infoempleo.com\/hrtrends\/wp-json\/wp\/v2\/media\/29665"}],"wp:attachment":[{"href":"https:\/\/empresas.infoempleo.com\/hrtrends\/wp-json\/wp\/v2\/media?parent=43856"}],"wp:term":[{"taxonomy":"category","embeddable":true,"href":"https:\/\/empresas.infoempleo.com\/hrtrends\/wp-json\/wp\/v2\/categories?post=43856"},{"taxonomy":"post_tag","embeddable":true,"href":"https:\/\/empresas.infoempleo.com\/hrtrends\/wp-json\/wp\/v2\/tags?post=43856"}],"curies":[{"name":"wp","href":"https:\/\/api.w.org\/{rel}","templated":true}]}}