{"id":43849,"date":"2023-12-16T00:00:00","date_gmt":"2023-12-15T23:00:00","guid":{"rendered":"https:\/\/empresas.infoempleo.com\/hrtrends\/?p=43849"},"modified":"2024-07-02T14:32:39","modified_gmt":"2024-07-02T12:32:39","slug":"4-claves-para-combatir-el-sedentarismo-laboral-desde-rrhh","status":"publish","type":"post","link":"https:\/\/empresas.infoempleo.com\/hrtrends\/4-claves-para-combatir-el-sedentarismo-laboral-desde-rrhh\/","title":{"rendered":"4 claves para combatir el sedentarismo laboral desde RRHH"},"content":{"rendered":"<p>No es necesario ser un experto en nada para constatar que las personas nos movemos cada vez menos y el <strong>sedentarismo laboral<\/strong> es solo una de sus consecuencias.<\/p>\n<p>Gracias a la tecnolog\u00eda, en la mayor\u00eda de los sectores econ\u00f3micos son cada vez menos los puestos de trabajo que requieren un esfuerzo f\u00edsico. Pero, a cambio de una serie de <strong>consecuencias nocivas para la salud<\/strong> que repercuten en la productividad de la plantilla.<\/p>\n<h2>La prevenci\u00f3n del sedentarismo en el trabajo, un objetivo<\/h2>\n<p>Los expertos recomiendan al menos 30 minutos diarios de actividad f\u00edsica moderada para <strong>prevenir la obesidad, las enfermedades cardiovasculares o la diabetes<\/strong>, entre otros riesgos para la salud.<\/p>\n<p>Aunque siempre es aconsejable el ejercicio f\u00edsico, los estudios sugieren que acciones sencillas como andar en lugar de coger el coche o subir por las escaleras, ya suponen un <strong>aumento importante en la esperanza de vida<\/strong>. Incluso aunque se trate de personas a las que su trabajo mantiene muchas horas en un escritorio.<\/p>\n<p>Pero, cuando hablamos del \u00e1mbito de la salud y el bienestar de los empleados de una organizaci\u00f3n, los efectos del <strong>sedentarismo en la oficina<\/strong> no se circunscriben \u00fanicamente al \u00e1mbito de la salud de las personas que trabajan en la empresa. Los efectos nocivos de la falta de actividad f\u00edsica <strong>repercuten en la salud mental y comprometen el rendimiento<\/strong> de los equipos humanos.<\/p>\n<p>Desde el departamento de Recursos Humanos es posible implementar medidas que permitan mejorar sensiblemente la salud en la organizaci\u00f3n. De esta forma se cumplir\u00e1 un doble prop\u00f3sito individual y organizacional: fomentar un estilo de vida sano y mantener la operatividad de la plantilla.<\/p>\n<p>\u00bfPero qu\u00e9 se puede hacer desde RRHH para cumplir con estos objetivos?<\/p>\n<h2>Confiar en los servicios externos de ergonom\u00eda<\/h2>\n<p>Es una tendencia universal en las econom\u00edas desarrolladas el que el sector terciario o de servicios vaya ganando importancia en detrimento del primario y el secundario. Hablando en t\u00e9rminos coloquiales, esto significa que <strong>cada vez m\u00e1s gente trabaja sentada en una mesa<\/strong> delante de un ordenador.<\/p>\n<p>Se trata de una tendencia estructural que no va a ir sino en aumento. De modo que la m\u00e1s sencilla l\u00f3gica dicta que el lugar donde las personas pasan al menos 8 horas de sus vidas, debe estar pensada ya desde el principio para cuidar de forma pasiva su salud.<\/p>\n<p>Existen empresas que ofrecen <strong>servicios de ergonom\u00eda<\/strong> que pueden hacer mucho para adaptar los puestos de trabajo a las necesidades de las personas que los ocupan.<\/p>\n<p>En concreto, las <strong>acciones que pueden llevar a cabo en la organizaci\u00f3n<\/strong> son:<\/p>\n<ul>\n<li><strong>Servicios de consultor\u00eda y asesoramiento<\/strong>. Pondr\u00e1n a disposici\u00f3n del departamento de RRHH profesionales que evaluar\u00e1n e identificar\u00e1n los riesgos ergon\u00f3micos de los centros de trabajo de la organizaci\u00f3n.<\/li>\n<li><strong>Formaci\u00f3n concreta tanto a trabajadores como a responsables de prevenci\u00f3n<\/strong> sobre la ergonom\u00eda y las medidas que deben adoptarse, tanto a nivel individual como grupal.<\/li>\n<\/ul>\n<p>En la l\u00ednea de lo comentando antes, una empresa de servicios de ergonom\u00eda puede ayudar al departamento a dise\u00f1ar oficinas m\u00e1s saludables, desde el <strong>mobiliario ergon\u00f3mico<\/strong> hasta ayudar a identificar posibles riesgos de cara a su prevenci\u00f3n.<\/p>\n<h2>Incluir la prevenci\u00f3n del sedentarismo laboral en los programas de bienestar<\/h2>\n<p>Un <strong>programa de bienestar laboral<\/strong> es un conjunto de acciones promovidas por una empresa con el objetivo de que comprometer a las personas, y la organizaci\u00f3n en la creaci\u00f3n de un ambiente de trabajo saludable.<\/p>\n<p>Su creaci\u00f3n cumple con el objetivo de la <a href=\"https:\/\/www.boe.es\/buscar\/act.php?id=BOE-A-1995-24292\" target=\"_blank\" rel=\"noopener\"><strong>Ley de Prevenci\u00f3n de Riesgos Laborales<\/strong><\/a> cuando dice en su art\u00edculo 5: \u201cLa pol\u00edtica en materia de prevenci\u00f3n de riesgos laborales deber\u00e1 promover la integraci\u00f3n eficaz de la prevenci\u00f3n de riesgos laborales en el sistema de gesti\u00f3n de la empresa\u201d.<\/p>\n<p>Entre los objetivos generales de estos programas (como la salud mental o la nutrici\u00f3n) es necesario incluir la prevenci\u00f3n del sedentarismo laboral. Para ello se deber\u00e1 partir necesariamente de la <strong>cultura organizacional y el conocimiento profundo<\/strong> de las personas que forman la plantilla, sus condiciones y necesidades.<\/p>\n<h2>Fomentar la productividad sobre el presentismo<\/h2>\n<p>Adem\u00e1s del entorno f\u00edsico en el que las personas desarrollan su trabajo, influye tambi\u00e9n la filosof\u00eda laboral de la empresa.<\/p>\n<p>En ese sentido, la <strong>cultura del presentismo<\/strong> habitual en nuestro pa\u00eds, tan ligada a la baja productividad laboral de nuestra econom\u00eda, fomenta jornadas laborales interminables. Gastar m\u00e1s tiempo sentado en el escritorio <strong>no garantiza un mayor rendimiento<\/strong>, pero seguro que provoca mayor insatisfacci\u00f3n, dolores de espalda y estr\u00e9s.<\/p>\n<p>Con el mismo objetivo, se deben permitir y fomentar las <strong><a href=\"https:\/\/empresas.infoempleo.com\/hrtrends\/beneficios-de-la-pausa-activa-en-el-trabajo\/\" target=\"_blank\" rel=\"noopener\">pausas activas en el trabajo<\/a><\/strong>, en las que personas puedan realizar ejercicios y estiramientos.<\/p>\n<h2>Vigilar el impacto del teletrabajo en el sedentarismo laboral<\/h2>\n<p>La llegada de <strong>nuevas formas de entender la cultura empresarial,<\/strong> y la cruda realidad de la Pandemia, ha puesto sobre la mesa el debate sobre el <strong>teletrabajo<\/strong>. Sin duda, aumenta la productividad en determinados puestos de trabajo, reduce el tiempo <em>in itinere<\/em> y fomenta la posibilidad de la conciliaci\u00f3n familiar.<\/p>\n<p>Sin embargo, tambi\u00e9n es cierto que el teletrabajo trae como consecuencia una vida mucho m\u00e1s sedentaria. Desde el departamento de Recursos Humanos se deben realizar acciones de formaci\u00f3n y prevenci\u00f3n con las personas que realizan su trabajo en remoto.<\/p>\n","protected":false},"excerpt":{"rendered":"<p>No es necesario ser un experto en nada para constatar que las personas nos movemos cada vez menos<a class=\"moretag\" href=\"https:\/\/empresas.infoempleo.com\/hrtrends\/4-claves-para-combatir-el-sedentarismo-laboral-desde-rrhh\/\"> Leer m\u00e1s<\/a><\/p>\n","protected":false},"author":140,"featured_media":29665,"comment_status":"closed","ping_status":"closed","sticky":false,"template":"","format":"standard","meta":{"footnotes":""},"categories":[3035],"tags":[],"class_list":["post-43849","post","type-post","status-publish","format-standard","has-post-thumbnail","hentry","category-consejos"],"yoast_head":"<!-- This site is optimized with the Yoast SEO plugin v26.1.1 - https:\/\/yoast.com\/wordpress\/plugins\/seo\/ -->\n<title>4 claves para combatir el sedentarismo laboral desde RRHH | HRTRENDS<\/title>\n<meta name=\"robots\" content=\"index, follow, max-snippet:-1, max-image-preview:large, max-video-preview:-1\" \/>\n<link rel=\"canonical\" href=\"https:\/\/empresas.infoempleo.com\/hrtrends\/4-claves-para-combatir-el-sedentarismo-laboral-desde-rrhh\/\" \/>\n<meta property=\"og:locale\" content=\"es_ES\" \/>\n<meta property=\"og:type\" content=\"article\" \/>\n<meta property=\"og:title\" content=\"4 claves para combatir el sedentarismo laboral desde RRHH | HRTRENDS\" \/>\n<meta property=\"og:description\" content=\"No es necesario ser un experto en nada para constatar que las personas nos movemos cada vez menos Leer m\u00e1s\" \/>\n<meta property=\"og:url\" content=\"https:\/\/empresas.infoempleo.com\/hrtrends\/4-claves-para-combatir-el-sedentarismo-laboral-desde-rrhh\/\" \/>\n<meta property=\"og:site_name\" content=\"HRTRENDS\" \/>\n<meta property=\"article:publisher\" content=\"https:\/\/www.facebook.com\/Infoempleo\" \/>\n<meta property=\"article:published_time\" content=\"2023-12-15T23:00:00+00:00\" \/>\n<meta property=\"article:modified_time\" content=\"2024-07-02T12:32:39+00:00\" \/>\n<meta name=\"author\" content=\"Mario Moreno\" \/>\n<meta name=\"twitter:card\" content=\"summary_large_image\" \/>\n<meta name=\"twitter:creator\" content=\"@infoempleo\" \/>\n<meta name=\"twitter:site\" content=\"@infoempleo\" \/>\n<meta name=\"twitter:label1\" content=\"Escrito por\" \/>\n\t<meta name=\"twitter:data1\" content=\"Mario Moreno\" \/>\n\t<meta name=\"twitter:label2\" content=\"Tiempo de lectura\" \/>\n\t<meta name=\"twitter:data2\" content=\"4 minutos\" \/>\n<script type=\"application\/ld+json\" class=\"yoast-schema-graph\">{\"@context\":\"https:\/\/schema.org\",\"@graph\":[{\"@type\":\"NewsArticle\",\"@id\":\"https:\/\/empresas.infoempleo.com\/hrtrends\/4-claves-para-combatir-el-sedentarismo-laboral-desde-rrhh\/#article\",\"isPartOf\":{\"@id\":\"https:\/\/empresas.infoempleo.com\/hrtrends\/4-claves-para-combatir-el-sedentarismo-laboral-desde-rrhh\/\"},\"author\":{\"name\":\"Mario Moreno\",\"@id\":\"https:\/\/empresas.infoempleo.com\/hrtrends\/#\/schema\/person\/88b42392bdc432205cbf92369d8a60cd\"},\"headline\":\"4 claves para combatir el sedentarismo laboral desde RRHH\",\"datePublished\":\"2023-12-15T23:00:00+00:00\",\"dateModified\":\"2024-07-02T12:32:39+00:00\",\"mainEntityOfPage\":{\"@id\":\"https:\/\/empresas.infoempleo.com\/hrtrends\/4-claves-para-combatir-el-sedentarismo-laboral-desde-rrhh\/\"},\"wordCount\":916,\"publisher\":{\"@id\":\"https:\/\/empresas.infoempleo.com\/hrtrends\/#organization\"},\"image\":{\"@id\":\"https:\/\/empresas.infoempleo.com\/hrtrends\/4-claves-para-combatir-el-sedentarismo-laboral-desde-rrhh\/#primaryimage\"},\"thumbnailUrl\":\"https:\/\/empresas.infoempleo.com\/hrtrends\/media\/2017\/05\/pexels-photo-205508.jpg\",\"articleSection\":[\"Consejos\"],\"inLanguage\":\"es\",\"copyrightYear\":\"2023\",\"copyrightHolder\":{\"@id\":\"https:\/\/empresas.infoempleo.com\/hrtrends\/#organization\"}},{\"@type\":\"WebPage\",\"@id\":\"https:\/\/empresas.infoempleo.com\/hrtrends\/4-claves-para-combatir-el-sedentarismo-laboral-desde-rrhh\/\",\"url\":\"https:\/\/empresas.infoempleo.com\/hrtrends\/4-claves-para-combatir-el-sedentarismo-laboral-desde-rrhh\/\",\"name\":\"4 claves para combatir el sedentarismo laboral desde RRHH | HRTRENDS\",\"isPartOf\":{\"@id\":\"https:\/\/empresas.infoempleo.com\/hrtrends\/#website\"},\"primaryImageOfPage\":{\"@id\":\"https:\/\/empresas.infoempleo.com\/hrtrends\/4-claves-para-combatir-el-sedentarismo-laboral-desde-rrhh\/#primaryimage\"},\"image\":{\"@id\":\"https:\/\/empresas.infoempleo.com\/hrtrends\/4-claves-para-combatir-el-sedentarismo-laboral-desde-rrhh\/#primaryimage\"},\"thumbnailUrl\":\"https:\/\/empresas.infoempleo.com\/hrtrends\/media\/2017\/05\/pexels-photo-205508.jpg\",\"datePublished\":\"2023-12-15T23:00:00+00:00\",\"dateModified\":\"2024-07-02T12:32:39+00:00\",\"breadcrumb\":{\"@id\":\"https:\/\/empresas.infoempleo.com\/hrtrends\/4-claves-para-combatir-el-sedentarismo-laboral-desde-rrhh\/#breadcrumb\"},\"inLanguage\":\"es\",\"potentialAction\":[{\"@type\":\"ReadAction\",\"target\":[\"https:\/\/empresas.infoempleo.com\/hrtrends\/4-claves-para-combatir-el-sedentarismo-laboral-desde-rrhh\/\"]}]},{\"@type\":\"ImageObject\",\"inLanguage\":\"es\",\"@id\":\"https:\/\/empresas.infoempleo.com\/hrtrends\/4-claves-para-combatir-el-sedentarismo-laboral-desde-rrhh\/#primaryimage\",\"url\":\"https:\/\/empresas.infoempleo.com\/hrtrends\/media\/2017\/05\/pexels-photo-205508-150x150.jpg\",\"contentUrl\":\"https:\/\/empresas.infoempleo.com\/hrtrends\/media\/2017\/05\/pexels-photo-205508-150x150.jpg\",\"width\":150,\"height\":150},{\"@type\":\"BreadcrumbList\",\"@id\":\"https:\/\/empresas.infoempleo.com\/hrtrends\/4-claves-para-combatir-el-sedentarismo-laboral-desde-rrhh\/#breadcrumb\",\"itemListElement\":[{\"@type\":\"ListItem\",\"position\":1,\"name\":\"Portada\",\"item\":\"https:\/\/empresas.infoempleo.com\/hrtrends\/\"},{\"@type\":\"ListItem\",\"position\":2,\"name\":\"4 claves para combatir el sedentarismo laboral desde RRHH\"}]},{\"@type\":\"WebSite\",\"@id\":\"https:\/\/empresas.infoempleo.com\/hrtrends\/#website\",\"url\":\"https:\/\/empresas.infoempleo.com\/hrtrends\",\"name\":\"HRTrends by Infoempleo\",\"description\":\"\",\"publisher\":{\"@id\":\"https:\/\/empresas.infoempleo.com\/hrtrends\/#organization\"},\"potentialAction\":{\"@type\":\"SearchAction\",\"target\":\"https:\/\/empresas.infoempleo.com\/hrtrends\/?s={search_term_string}\",\"query-input\":\"required name=search_term_string\"},\"inLanguage\":\"es\"},{\"@type\":\"Organization\",\"@id\":\"https:\/\/empresas.infoempleo.com\/hrtrends\/#organization\",\"name\":\"Infoempleo\",\"url\":\"https:\/\/www.infoempleo.com\/\",\"logo\":{\"@type\":\"ImageObject\",\"@id\":\"https:\/\/empresas.infoempleo.com\/hrtrends\/#logo\",\"inLanguage\":\"es\",\"url\":\"https:\/\/cdnazure.infoempleo.com\/infoempleo\/assets\/style\/gfx\/logo.svg\",\"contentUrl\":\"https:\/\/cdnazure.infoempleo.com\/infoempleo\/assets\/style\/gfx\/logo.svg\",\"width\":150,\"height\":40,\"caption\":\"Infoempleo\"},\"image\":{\"@id\":\"https:\/\/empresas.infoempleo.com\/hrtrends\/#logo\"},\"sameAs\":[\"https:\/\/www.facebook.com\/Infoempleo\",\"https:\/\/x.com\/infoempleo\",\"http:\/\/instagram.com\/infoempleo\/\",\"http:\/\/www.linkedin.com\/groups\/Empleo-Espa\u00f1a-Infoempleocom-111276\",\"http:\/\/pinterest.com\/infoempleo\/\"],\"address\":{\"@type\":\"PostalAddress\",\"addressLocality\":\"Madrid\",\"postalCode\":\"28050\",\"streetAddress\":\"Avenida de Burgos 114\"},\"brand\":[\"Infoempleo\"]},{\"@type\":\"Person\",\"@id\":\"https:\/\/empresas.infoempleo.com\/hrtrends\/#\/schema\/person\/88b42392bdc432205cbf92369d8a60cd\",\"name\":\"Mario Moreno\",\"image\":{\"@type\":\"ImageObject\",\"inLanguage\":\"es\",\"@id\":\"https:\/\/empresas.infoempleo.com\/hrtrends\/#\/schema\/person\/image\/\",\"url\":\"https:\/\/secure.gravatar.com\/avatar\/8dae6578727951cbcab39cfbe7a83beef8ade9481dd83b8d55406be02b0ec42a?s=96&d=mm&r=g\",\"contentUrl\":\"https:\/\/secure.gravatar.com\/avatar\/8dae6578727951cbcab39cfbe7a83beef8ade9481dd83b8d55406be02b0ec42a?s=96&d=mm&r=g\",\"caption\":\"Mario Moreno\"},\"url\":\"https:\/\/empresas.infoempleo.com\/hrtrends\/author\/mariomoreno\/\"}]}<\/script>\n<!-- \/ Yoast SEO plugin. -->","yoast_head_json":{"title":"4 claves para combatir el sedentarismo laboral desde RRHH | HRTRENDS","robots":{"index":"index","follow":"follow","max-snippet":"max-snippet:-1","max-image-preview":"max-image-preview:large","max-video-preview":"max-video-preview:-1"},"canonical":"https:\/\/empresas.infoempleo.com\/hrtrends\/4-claves-para-combatir-el-sedentarismo-laboral-desde-rrhh\/","og_locale":"es_ES","og_type":"article","og_title":"4 claves para combatir el sedentarismo laboral desde RRHH | HRTRENDS","og_description":"No es necesario ser un experto en nada para constatar que las personas nos movemos cada vez menos Leer m\u00e1s","og_url":"https:\/\/empresas.infoempleo.com\/hrtrends\/4-claves-para-combatir-el-sedentarismo-laboral-desde-rrhh\/","og_site_name":"HRTRENDS","article_publisher":"https:\/\/www.facebook.com\/Infoempleo","article_published_time":"2023-12-15T23:00:00+00:00","article_modified_time":"2024-07-02T12:32:39+00:00","author":"Mario Moreno","twitter_card":"summary_large_image","twitter_creator":"@infoempleo","twitter_site":"@infoempleo","twitter_misc":{"Escrito por":"Mario Moreno","Tiempo de lectura":"4 minutos"},"schema":{"@context":"https:\/\/schema.org","@graph":[{"@type":"NewsArticle","@id":"https:\/\/empresas.infoempleo.com\/hrtrends\/4-claves-para-combatir-el-sedentarismo-laboral-desde-rrhh\/#article","isPartOf":{"@id":"https:\/\/empresas.infoempleo.com\/hrtrends\/4-claves-para-combatir-el-sedentarismo-laboral-desde-rrhh\/"},"author":{"name":"Mario Moreno","@id":"https:\/\/empresas.infoempleo.com\/hrtrends\/#\/schema\/person\/88b42392bdc432205cbf92369d8a60cd"},"headline":"4 claves para combatir el sedentarismo laboral desde RRHH","datePublished":"2023-12-15T23:00:00+00:00","dateModified":"2024-07-02T12:32:39+00:00","mainEntityOfPage":{"@id":"https:\/\/empresas.infoempleo.com\/hrtrends\/4-claves-para-combatir-el-sedentarismo-laboral-desde-rrhh\/"},"wordCount":916,"publisher":{"@id":"https:\/\/empresas.infoempleo.com\/hrtrends\/#organization"},"image":{"@id":"https:\/\/empresas.infoempleo.com\/hrtrends\/4-claves-para-combatir-el-sedentarismo-laboral-desde-rrhh\/#primaryimage"},"thumbnailUrl":"https:\/\/empresas.infoempleo.com\/hrtrends\/media\/2017\/05\/pexels-photo-205508.jpg","articleSection":["Consejos"],"inLanguage":"es","copyrightYear":"2023","copyrightHolder":{"@id":"https:\/\/empresas.infoempleo.com\/hrtrends\/#organization"}},{"@type":"WebPage","@id":"https:\/\/empresas.infoempleo.com\/hrtrends\/4-claves-para-combatir-el-sedentarismo-laboral-desde-rrhh\/","url":"https:\/\/empresas.infoempleo.com\/hrtrends\/4-claves-para-combatir-el-sedentarismo-laboral-desde-rrhh\/","name":"4 claves para combatir el sedentarismo laboral desde RRHH | HRTRENDS","isPartOf":{"@id":"https:\/\/empresas.infoempleo.com\/hrtrends\/#website"},"primaryImageOfPage":{"@id":"https:\/\/empresas.infoempleo.com\/hrtrends\/4-claves-para-combatir-el-sedentarismo-laboral-desde-rrhh\/#primaryimage"},"image":{"@id":"https:\/\/empresas.infoempleo.com\/hrtrends\/4-claves-para-combatir-el-sedentarismo-laboral-desde-rrhh\/#primaryimage"},"thumbnailUrl":"https:\/\/empresas.infoempleo.com\/hrtrends\/media\/2017\/05\/pexels-photo-205508.jpg","datePublished":"2023-12-15T23:00:00+00:00","dateModified":"2024-07-02T12:32:39+00:00","breadcrumb":{"@id":"https:\/\/empresas.infoempleo.com\/hrtrends\/4-claves-para-combatir-el-sedentarismo-laboral-desde-rrhh\/#breadcrumb"},"inLanguage":"es","potentialAction":[{"@type":"ReadAction","target":["https:\/\/empresas.infoempleo.com\/hrtrends\/4-claves-para-combatir-el-sedentarismo-laboral-desde-rrhh\/"]}]},{"@type":"ImageObject","inLanguage":"es","@id":"https:\/\/empresas.infoempleo.com\/hrtrends\/4-claves-para-combatir-el-sedentarismo-laboral-desde-rrhh\/#primaryimage","url":"https:\/\/empresas.infoempleo.com\/hrtrends\/media\/2017\/05\/pexels-photo-205508-150x150.jpg","contentUrl":"https:\/\/empresas.infoempleo.com\/hrtrends\/media\/2017\/05\/pexels-photo-205508-150x150.jpg","width":150,"height":150},{"@type":"BreadcrumbList","@id":"https:\/\/empresas.infoempleo.com\/hrtrends\/4-claves-para-combatir-el-sedentarismo-laboral-desde-rrhh\/#breadcrumb","itemListElement":[{"@type":"ListItem","position":1,"name":"Portada","item":"https:\/\/empresas.infoempleo.com\/hrtrends\/"},{"@type":"ListItem","position":2,"name":"4 claves para combatir el sedentarismo laboral desde RRHH"}]},{"@type":"WebSite","@id":"https:\/\/empresas.infoempleo.com\/hrtrends\/#website","url":"https:\/\/empresas.infoempleo.com\/hrtrends","name":"HRTrends by Infoempleo","description":"","publisher":{"@id":"https:\/\/empresas.infoempleo.com\/hrtrends\/#organization"},"potentialAction":{"@type":"SearchAction","target":"https:\/\/empresas.infoempleo.com\/hrtrends\/?s={search_term_string}","query-input":"required name=search_term_string"},"inLanguage":"es"},{"@type":"Organization","@id":"https:\/\/empresas.infoempleo.com\/hrtrends\/#organization","name":"Infoempleo","url":"https:\/\/www.infoempleo.com\/","logo":{"@type":"ImageObject","@id":"https:\/\/empresas.infoempleo.com\/hrtrends\/#logo","inLanguage":"es","url":"https:\/\/cdnazure.infoempleo.com\/infoempleo\/assets\/style\/gfx\/logo.svg","contentUrl":"https:\/\/cdnazure.infoempleo.com\/infoempleo\/assets\/style\/gfx\/logo.svg","width":150,"height":40,"caption":"Infoempleo"},"image":{"@id":"https:\/\/empresas.infoempleo.com\/hrtrends\/#logo"},"sameAs":["https:\/\/www.facebook.com\/Infoempleo","https:\/\/x.com\/infoempleo","http:\/\/instagram.com\/infoempleo\/","http:\/\/www.linkedin.com\/groups\/Empleo-Espa\u00f1a-Infoempleocom-111276","http:\/\/pinterest.com\/infoempleo\/"],"address":{"@type":"PostalAddress","addressLocality":"Madrid","postalCode":"28050","streetAddress":"Avenida de Burgos 114"},"brand":["Infoempleo"]},{"@type":"Person","@id":"https:\/\/empresas.infoempleo.com\/hrtrends\/#\/schema\/person\/88b42392bdc432205cbf92369d8a60cd","name":"Mario Moreno","image":{"@type":"ImageObject","inLanguage":"es","@id":"https:\/\/empresas.infoempleo.com\/hrtrends\/#\/schema\/person\/image\/","url":"https:\/\/secure.gravatar.com\/avatar\/8dae6578727951cbcab39cfbe7a83beef8ade9481dd83b8d55406be02b0ec42a?s=96&d=mm&r=g","contentUrl":"https:\/\/secure.gravatar.com\/avatar\/8dae6578727951cbcab39cfbe7a83beef8ade9481dd83b8d55406be02b0ec42a?s=96&d=mm&r=g","caption":"Mario Moreno"},"url":"https:\/\/empresas.infoempleo.com\/hrtrends\/author\/mariomoreno\/"}]}},"amp_enabled":true,"_links":{"self":[{"href":"https:\/\/empresas.infoempleo.com\/hrtrends\/wp-json\/wp\/v2\/posts\/43849","targetHints":{"allow":["GET"]}}],"collection":[{"href":"https:\/\/empresas.infoempleo.com\/hrtrends\/wp-json\/wp\/v2\/posts"}],"about":[{"href":"https:\/\/empresas.infoempleo.com\/hrtrends\/wp-json\/wp\/v2\/types\/post"}],"author":[{"embeddable":true,"href":"https:\/\/empresas.infoempleo.com\/hrtrends\/wp-json\/wp\/v2\/users\/140"}],"replies":[{"embeddable":true,"href":"https:\/\/empresas.infoempleo.com\/hrtrends\/wp-json\/wp\/v2\/comments?post=43849"}],"version-history":[{"count":3,"href":"https:\/\/empresas.infoempleo.com\/hrtrends\/wp-json\/wp\/v2\/posts\/43849\/revisions"}],"predecessor-version":[{"id":44057,"href":"https:\/\/empresas.infoempleo.com\/hrtrends\/wp-json\/wp\/v2\/posts\/43849\/revisions\/44057"}],"wp:featuredmedia":[{"embeddable":true,"href":"https:\/\/empresas.infoempleo.com\/hrtrends\/wp-json\/wp\/v2\/media\/29665"}],"wp:attachment":[{"href":"https:\/\/empresas.infoempleo.com\/hrtrends\/wp-json\/wp\/v2\/media?parent=43849"}],"wp:term":[{"taxonomy":"category","embeddable":true,"href":"https:\/\/empresas.infoempleo.com\/hrtrends\/wp-json\/wp\/v2\/categories?post=43849"},{"taxonomy":"post_tag","embeddable":true,"href":"https:\/\/empresas.infoempleo.com\/hrtrends\/wp-json\/wp\/v2\/tags?post=43849"}],"curies":[{"name":"wp","href":"https:\/\/api.w.org\/{rel}","templated":true}]}}