{"id":43841,"date":"2024-06-29T07:30:03","date_gmt":"2024-06-29T05:30:03","guid":{"rendered":"https:\/\/empresas.infoempleo.com\/hrtrends\/?p=43841"},"modified":"2024-07-24T17:29:40","modified_gmt":"2024-07-24T15:29:40","slug":"como-calcular-la-paga-extra-de-verano-guia-practica-y-consejos-utiles","status":"publish","type":"post","link":"https:\/\/empresas.infoempleo.com\/hrtrends\/como-calcular-la-paga-extra-de-verano-guia-practica-y-consejos-utiles\/","title":{"rendered":"C\u00f3mo calcular la paga extra de verano: gu\u00eda pr\u00e1ctica y consejos \u00fatiles"},"content":{"rendered":"<p>En <strong>Espa\u00f1a<\/strong>, como norma general, se abonan <strong>14 pagas o salarios<\/strong>. Es decir, <strong>doce mensualidades<\/strong> <strong>m\u00e1s<\/strong> la <strong>paga extraordinaria de navidad<\/strong>, y <strong>otra en verano<\/strong> que suele definirse por convenio o por acuerdo entre empresa y trabajadores. En este art\u00edculo veremos <strong>c\u00f3mo calcular la paga extra de verano<\/strong>, y de c\u00f3mo esta n\u00f3mina de verano, este tipo de beneficios laborales, contribuyen a mejorar la paz social y la armon\u00eda en las empresas.<\/p>\n<h2>Calcular la paga extra de verano desde el \u00e1rea de Recursos Humanos<\/h2>\n<p>Las pagas extras son un <strong>derecho <\/strong>estipulado en el <a href=\"https:\/\/www.boe.es\/buscar\/act.php?id=BOE-A-2015-11430\"><strong>Estatuto de los Trabajadores<\/strong><\/a>. Y una de las <strong>primeras reglas<\/strong> que debemos tener en cuenta <strong>para realizar el c\u00e1lculo<\/strong> de salario de paga extra, es que esta <strong>nunca<\/strong> puede ser <strong>inferior <\/strong>al equivalente de <strong>30 d\u00edas del salario base<\/strong> fijado<strong>, o <\/strong>bien <strong>del<\/strong> <strong>salario m\u00ednimo interprofesional<\/strong>, que en la actualidad est\u00e1 establecido en <strong>1.134\u20ac\/mes <\/strong>para salarios de 14 pagas.<\/p>\n<p>Por lo tanto, <strong>para calcular<\/strong> la remuneraci\u00f3n adicional que supone la paga extra de verano o de navidad, simplemente tenemos que <strong>dividir <\/strong>el <strong>salario bruto anual<\/strong> que tenemos asignado, por el <strong>n\u00famero de pagas establecidas por convenio<\/strong>. Es decir, llegado el momento de recibir el sueldo de verano en el que est\u00e1 estipulada dicha paga, recibiremos <strong>nuestro <\/strong><strong>salario mensual<\/strong> de <strong>forma duplicada<\/strong>. No hay que olvidar tampoco que la <strong>paga extra<\/strong> est\u00e1 <strong>sujeta<\/strong> a las retenciones correspondientes <strong>al pago del IRPF<\/strong>, como cualquier otro salario mensual que percibamos.<\/p>\n<p>Por \u00faltimo, en muchas ocasiones esta <strong>paga extra<\/strong> est\u00e1 <strong>prorrateada<\/strong> a lo largo de los 12 meses del a\u00f1o. \u00bf<strong>C\u00f3mo se calcula<\/strong> dicho prorrateo? La operaci\u00f3n no es nada complicada. En primer lugar, debemos <strong>dividir <\/strong>el importe de la <strong>paga extra entre los 12 meses<\/strong> del a\u00f1o. Y por \u00faltimo, dicha cantidad <strong>se sumar\u00e1 directamente al salario<\/strong> mensual a recibir.<\/p>\n<p><img loading=\"lazy\" decoding=\"async\" class=\"aligncenter size-full wp-image-43842\" src=\"https:\/\/empresas.infoempleo.com\/hrtrends\/media\/2024\/06\/Trabajadores-revisando-la-mejor-manera-de-calcular-la-paga-extra-de-verano.jpg\" alt=\"Trabajadores revisando la mejor manera de calcular la paga extra de verano\" width=\"800\" height=\"534\" srcset=\"https:\/\/empresas.infoempleo.com\/hrtrends\/media\/2024\/06\/Trabajadores-revisando-la-mejor-manera-de-calcular-la-paga-extra-de-verano.jpg 800w, https:\/\/empresas.infoempleo.com\/hrtrends\/media\/2024\/06\/Trabajadores-revisando-la-mejor-manera-de-calcular-la-paga-extra-de-verano-300x200.jpg 300w, https:\/\/empresas.infoempleo.com\/hrtrends\/media\/2024\/06\/Trabajadores-revisando-la-mejor-manera-de-calcular-la-paga-extra-de-verano-768x513.jpg 768w\" sizes=\"auto, (max-width: 800px) 100vw, 800px\" \/><\/p>\n<h2>Particularidades en torno a esta remuneraci\u00f3n extra<\/h2>\n<p>Cualquier profesional del \u00e1rea de Recursos Humanos, debe tener en cuenta una serie de <strong>caracter\u00edsticas particulares<\/strong> relacionadas con este derecho laboral de recibir pagas extraordinarias.<\/p>\n<p>En primer lugar, habr\u00e1 que tener en cuenta la fecha de incorporaci\u00f3n del trabajador, de cara al c\u00e1lculo de la bonificaci\u00f3n estacional. Como norma general, y a menos que el convenio estipule otro m\u00e9todo de devengo, el trabajador <strong>comienza a generar el derecho<\/strong> a percibir este salario desde el <strong>momento en el que entra<\/strong> a formar parte de la empresa.<\/p>\n<p>En estos casos, llegado el momento del cobro de la paga extra, <strong>la cantidad a percibir<\/strong> ser\u00e1 <strong>proporcional al tiempo que lleve<\/strong> en la empresa, siempre y cuando no haya cumplido ya un a\u00f1o en la compa\u00f1\u00eda. <strong>A partir del primer a\u00f1o<\/strong>, se generar\u00eda el derecho de cobrarla <strong>\u00edntegramente.<\/strong><\/p>\n<p>Por otro lado, hay que recordar que esta compensaci\u00f3n salarial <strong>queda suspendida<\/strong> cuando el trabajador <strong>se encuentra de baja m\u00e9dica<\/strong>, aunque todo quedar\u00e1 supeditado a lo que indique en este sentido el convenio de referencia. Adem\u00e1s, <strong>hay convenios colectivos<\/strong> que <strong>regulan m\u00e1s de dos pagas extras<\/strong> al a\u00f1o. Algunos, incluso, efect\u00faan 2 pagas m\u00e1s. Otros, una paga m\u00e1s que se abona en per\u00edodos semestrales.<\/p>\n<p>Por \u00faltimo, debemos<strong> reflexionar <\/strong>sobre si el cobro de las <strong>pagas extraordinarias<\/strong> <strong>favorece<\/strong> el <strong>sentido de pertenencia<\/strong> a la empresa, la <strong>motivaci\u00f3n intr\u00ednseca<\/strong> y la <strong>retenci\u00f3n de talento<\/strong>. Dado que est\u00e1n estipuladas por ley, es muy probable que no sea as\u00ed. En esos casos, y si buscamos generar una motivaci\u00f3n puramente econ\u00f3mica en la plantilla, <strong>no<\/strong> debemos <strong>poner demasiado en valor este tipo de salarios<\/strong>. Por el contrario, <strong>aplicar <\/strong>pol\u00edticas sobre <strong>beneficios sociales<\/strong> (seguros, cursos de formaci\u00f3n, etc), <strong>primas sobre objetivos<\/strong> cuantitativos, puede ser una soluci\u00f3n que retenga mucho mejor el talento con el que contamos en la empresa.<\/p>\n","protected":false},"excerpt":{"rendered":"<p>En Espa\u00f1a, como norma general, se abonan 14 pagas o salarios. Es decir, doce mensualidades m\u00e1s la paga<a class=\"moretag\" href=\"https:\/\/empresas.infoempleo.com\/hrtrends\/como-calcular-la-paga-extra-de-verano-guia-practica-y-consejos-utiles\/\"> Leer m\u00e1s<\/a><\/p>\n","protected":false},"author":142,"featured_media":43843,"comment_status":"closed","ping_status":"closed","sticky":false,"template":"","format":"standard","meta":{"footnotes":""},"categories":[3035],"tags":[783,1049,169],"class_list":["post-43841","post","type-post","status-publish","format-standard","has-post-thumbnail","hentry","category-consejos","tag-contratos","tag-empleados","tag-mercado-laboral"],"yoast_head":"<!-- This site is optimized with the Yoast SEO plugin v26.1.1 - https:\/\/yoast.com\/wordpress\/plugins\/seo\/ -->\n<title>C\u00f3mo calcular la paga extra de verano: gu\u00eda pr\u00e1ctica<\/title>\n<meta name=\"description\" content=\"En este art\u00edculo veremos c\u00f3mo calcular la paga extra de verano, y de c\u00f3mo esta n\u00f3mina de verano, este tipo de beneficios laborales.\" \/>\n<meta name=\"robots\" content=\"index, follow, max-snippet:-1, max-image-preview:large, max-video-preview:-1\" \/>\n<link rel=\"canonical\" href=\"https:\/\/empresas.infoempleo.com\/hrtrends\/como-calcular-la-paga-extra-de-verano-guia-practica-y-consejos-utiles\/\" \/>\n<meta property=\"og:locale\" content=\"es_ES\" \/>\n<meta property=\"og:type\" content=\"article\" \/>\n<meta property=\"og:title\" content=\"C\u00f3mo calcular la paga extra de verano: gu\u00eda pr\u00e1ctica\" \/>\n<meta property=\"og:description\" content=\"En este art\u00edculo veremos c\u00f3mo calcular la paga extra de verano, y de c\u00f3mo esta n\u00f3mina de verano, este tipo de beneficios laborales.\" \/>\n<meta property=\"og:url\" content=\"https:\/\/empresas.infoempleo.com\/hrtrends\/como-calcular-la-paga-extra-de-verano-guia-practica-y-consejos-utiles\/\" \/>\n<meta property=\"og:site_name\" content=\"HRTRENDS\" \/>\n<meta property=\"article:publisher\" content=\"https:\/\/www.facebook.com\/Infoempleo\" \/>\n<meta property=\"article:published_time\" content=\"2024-06-29T05:30:03+00:00\" \/>\n<meta property=\"article:modified_time\" content=\"2024-07-24T15:29:40+00:00\" \/>\n<meta property=\"og:image\" content=\"https:\/\/empresas.infoempleo.com\/hrtrends\/media\/2024\/06\/Equipo-repasando-como-calcular-la-paga-extra-de-verano.jpg\" \/>\n\t<meta property=\"og:image:width\" content=\"1200\" \/>\n\t<meta property=\"og:image:height\" content=\"800\" \/>\n\t<meta property=\"og:image:type\" content=\"image\/jpeg\" \/>\n<meta name=\"author\" content=\"Javier F. Parra\" \/>\n<meta name=\"twitter:card\" content=\"summary_large_image\" \/>\n<meta name=\"twitter:creator\" content=\"@infoempleo\" \/>\n<meta name=\"twitter:site\" content=\"@infoempleo\" \/>\n<meta name=\"twitter:label1\" content=\"Escrito por\" \/>\n\t<meta name=\"twitter:data1\" content=\"Javier F. Parra\" \/>\n\t<meta name=\"twitter:label2\" content=\"Tiempo de lectura\" \/>\n\t<meta name=\"twitter:data2\" content=\"3 minutos\" \/>\n<script type=\"application\/ld+json\" class=\"yoast-schema-graph\">{\"@context\":\"https:\/\/schema.org\",\"@graph\":[{\"@type\":\"NewsArticle\",\"@id\":\"https:\/\/empresas.infoempleo.com\/hrtrends\/como-calcular-la-paga-extra-de-verano-guia-practica-y-consejos-utiles\/#article\",\"isPartOf\":{\"@id\":\"https:\/\/empresas.infoempleo.com\/hrtrends\/como-calcular-la-paga-extra-de-verano-guia-practica-y-consejos-utiles\/\"},\"author\":{\"name\":\"Javier F. Parra\",\"@id\":\"https:\/\/empresas.infoempleo.com\/hrtrends\/#\/schema\/person\/bfe2fef977b750c22ac6f7d254c75afe\"},\"headline\":\"C\u00f3mo calcular la paga extra de verano: gu\u00eda pr\u00e1ctica y consejos \u00fatiles\",\"datePublished\":\"2024-06-29T05:30:03+00:00\",\"dateModified\":\"2024-07-24T15:29:40+00:00\",\"mainEntityOfPage\":{\"@id\":\"https:\/\/empresas.infoempleo.com\/hrtrends\/como-calcular-la-paga-extra-de-verano-guia-practica-y-consejos-utiles\/\"},\"wordCount\":657,\"publisher\":{\"@id\":\"https:\/\/empresas.infoempleo.com\/hrtrends\/#organization\"},\"image\":{\"@id\":\"https:\/\/empresas.infoempleo.com\/hrtrends\/como-calcular-la-paga-extra-de-verano-guia-practica-y-consejos-utiles\/#primaryimage\"},\"thumbnailUrl\":\"https:\/\/empresas.infoempleo.com\/hrtrends\/media\/2024\/06\/Equipo-repasando-como-calcular-la-paga-extra-de-verano.jpg\",\"keywords\":[\"contratos\",\"empleados\",\"mercado laboral\"],\"articleSection\":[\"Consejos\"],\"inLanguage\":\"es\",\"copyrightYear\":\"2024\",\"copyrightHolder\":{\"@id\":\"https:\/\/empresas.infoempleo.com\/hrtrends\/#organization\"}},{\"@type\":\"WebPage\",\"@id\":\"https:\/\/empresas.infoempleo.com\/hrtrends\/como-calcular-la-paga-extra-de-verano-guia-practica-y-consejos-utiles\/\",\"url\":\"https:\/\/empresas.infoempleo.com\/hrtrends\/como-calcular-la-paga-extra-de-verano-guia-practica-y-consejos-utiles\/\",\"name\":\"C\u00f3mo calcular la paga extra de verano: gu\u00eda pr\u00e1ctica\",\"isPartOf\":{\"@id\":\"https:\/\/empresas.infoempleo.com\/hrtrends\/#website\"},\"primaryImageOfPage\":{\"@id\":\"https:\/\/empresas.infoempleo.com\/hrtrends\/como-calcular-la-paga-extra-de-verano-guia-practica-y-consejos-utiles\/#primaryimage\"},\"image\":{\"@id\":\"https:\/\/empresas.infoempleo.com\/hrtrends\/como-calcular-la-paga-extra-de-verano-guia-practica-y-consejos-utiles\/#primaryimage\"},\"thumbnailUrl\":\"https:\/\/empresas.infoempleo.com\/hrtrends\/media\/2024\/06\/Equipo-repasando-como-calcular-la-paga-extra-de-verano.jpg\",\"datePublished\":\"2024-06-29T05:30:03+00:00\",\"dateModified\":\"2024-07-24T15:29:40+00:00\",\"description\":\"En este art\u00edculo veremos c\u00f3mo calcular la paga extra de verano, y de c\u00f3mo esta n\u00f3mina de verano, este tipo de beneficios laborales.\",\"breadcrumb\":{\"@id\":\"https:\/\/empresas.infoempleo.com\/hrtrends\/como-calcular-la-paga-extra-de-verano-guia-practica-y-consejos-utiles\/#breadcrumb\"},\"inLanguage\":\"es\",\"potentialAction\":[{\"@type\":\"ReadAction\",\"target\":[\"https:\/\/empresas.infoempleo.com\/hrtrends\/como-calcular-la-paga-extra-de-verano-guia-practica-y-consejos-utiles\/\"]}]},{\"@type\":\"ImageObject\",\"inLanguage\":\"es\",\"@id\":\"https:\/\/empresas.infoempleo.com\/hrtrends\/como-calcular-la-paga-extra-de-verano-guia-practica-y-consejos-utiles\/#primaryimage\",\"url\":\"https:\/\/empresas.infoempleo.com\/hrtrends\/media\/2024\/06\/Equipo-repasando-como-calcular-la-paga-extra-de-verano-150x150.jpg\",\"contentUrl\":\"https:\/\/empresas.infoempleo.com\/hrtrends\/media\/2024\/06\/Equipo-repasando-como-calcular-la-paga-extra-de-verano-150x150.jpg\",\"width\":150,\"height\":150,\"caption\":\"Equipo repasando c\u00f3mo calcular la paga extra de verano\"},{\"@type\":\"BreadcrumbList\",\"@id\":\"https:\/\/empresas.infoempleo.com\/hrtrends\/como-calcular-la-paga-extra-de-verano-guia-practica-y-consejos-utiles\/#breadcrumb\",\"itemListElement\":[{\"@type\":\"ListItem\",\"position\":1,\"name\":\"Portada\",\"item\":\"https:\/\/empresas.infoempleo.com\/hrtrends\/\"},{\"@type\":\"ListItem\",\"position\":2,\"name\":\"C\u00f3mo calcular la paga extra de verano: gu\u00eda pr\u00e1ctica y consejos \u00fatiles\"}]},{\"@type\":\"WebSite\",\"@id\":\"https:\/\/empresas.infoempleo.com\/hrtrends\/#website\",\"url\":\"https:\/\/empresas.infoempleo.com\/hrtrends\",\"name\":\"HRTrends by Infoempleo\",\"description\":\"\",\"publisher\":{\"@id\":\"https:\/\/empresas.infoempleo.com\/hrtrends\/#organization\"},\"potentialAction\":{\"@type\":\"SearchAction\",\"target\":\"https:\/\/empresas.infoempleo.com\/hrtrends\/?s={search_term_string}\",\"query-input\":\"required name=search_term_string\"},\"inLanguage\":\"es\"},{\"@type\":\"Organization\",\"@id\":\"https:\/\/empresas.infoempleo.com\/hrtrends\/#organization\",\"name\":\"Infoempleo\",\"url\":\"https:\/\/www.infoempleo.com\/\",\"logo\":{\"@type\":\"ImageObject\",\"@id\":\"https:\/\/empresas.infoempleo.com\/hrtrends\/#logo\",\"inLanguage\":\"es\",\"url\":\"https:\/\/cdnazure.infoempleo.com\/infoempleo\/assets\/style\/gfx\/logo.svg\",\"contentUrl\":\"https:\/\/cdnazure.infoempleo.com\/infoempleo\/assets\/style\/gfx\/logo.svg\",\"width\":150,\"height\":40,\"caption\":\"Infoempleo\"},\"image\":{\"@id\":\"https:\/\/empresas.infoempleo.com\/hrtrends\/#logo\"},\"sameAs\":[\"https:\/\/www.facebook.com\/Infoempleo\",\"https:\/\/x.com\/infoempleo\",\"http:\/\/instagram.com\/infoempleo\/\",\"http:\/\/www.linkedin.com\/groups\/Empleo-Espa\u00f1a-Infoempleocom-111276\",\"http:\/\/pinterest.com\/infoempleo\/\"],\"address\":{\"@type\":\"PostalAddress\",\"addressLocality\":\"Madrid\",\"postalCode\":\"28050\",\"streetAddress\":\"Avenida de Burgos 114\"},\"brand\":[\"Infoempleo\"]},{\"@type\":\"Person\",\"@id\":\"https:\/\/empresas.infoempleo.com\/hrtrends\/#\/schema\/person\/bfe2fef977b750c22ac6f7d254c75afe\",\"name\":\"Javier F. Parra\",\"image\":{\"@type\":\"ImageObject\",\"inLanguage\":\"es\",\"@id\":\"https:\/\/empresas.infoempleo.com\/hrtrends\/#\/schema\/person\/image\/\",\"url\":\"https:\/\/secure.gravatar.com\/avatar\/cc7a816c43a98631bfc25486db802fb539f4c937146762f45a94d9b4d1ea0721?s=96&d=mm&r=g\",\"contentUrl\":\"https:\/\/secure.gravatar.com\/avatar\/cc7a816c43a98631bfc25486db802fb539f4c937146762f45a94d9b4d1ea0721?s=96&d=mm&r=g\",\"caption\":\"Javier F. Parra\"},\"description\":\"Licenciado en Pedagog\u00eda Sociolaboral. M\u00e1ster en Direcci\u00f3n y Gesti\u00f3n de Recursos Humanos y Postgrado en Prevenci\u00f3n de Riesgos Laborales. Desde hace m\u00e1s de 15 a\u00f1os me dedico a la formaci\u00f3n, la asesor\u00eda de empresas y al apoyo directo a personas que quieren emprender un negocio. Me interesan la pol\u00edtica, la literatura, la Historia y las personas, aunque no necesariamente en ese orden.\",\"url\":\"https:\/\/empresas.infoempleo.com\/hrtrends\/author\/javieryerro80gmail-com\/\"}]}<\/script>\n<!-- \/ Yoast SEO plugin. -->","yoast_head_json":{"title":"C\u00f3mo calcular la paga extra de verano: gu\u00eda pr\u00e1ctica","description":"En este art\u00edculo veremos c\u00f3mo calcular la paga extra de verano, y de c\u00f3mo esta n\u00f3mina de verano, este tipo de beneficios laborales.","robots":{"index":"index","follow":"follow","max-snippet":"max-snippet:-1","max-image-preview":"max-image-preview:large","max-video-preview":"max-video-preview:-1"},"canonical":"https:\/\/empresas.infoempleo.com\/hrtrends\/como-calcular-la-paga-extra-de-verano-guia-practica-y-consejos-utiles\/","og_locale":"es_ES","og_type":"article","og_title":"C\u00f3mo calcular la paga extra de verano: gu\u00eda pr\u00e1ctica","og_description":"En este art\u00edculo veremos c\u00f3mo calcular la paga extra de verano, y de c\u00f3mo esta n\u00f3mina de verano, este tipo de beneficios laborales.","og_url":"https:\/\/empresas.infoempleo.com\/hrtrends\/como-calcular-la-paga-extra-de-verano-guia-practica-y-consejos-utiles\/","og_site_name":"HRTRENDS","article_publisher":"https:\/\/www.facebook.com\/Infoempleo","article_published_time":"2024-06-29T05:30:03+00:00","article_modified_time":"2024-07-24T15:29:40+00:00","og_image":[{"width":1200,"height":800,"url":"https:\/\/empresas.infoempleo.com\/hrtrends\/media\/2024\/06\/Equipo-repasando-como-calcular-la-paga-extra-de-verano.jpg","type":"image\/jpeg"}],"author":"Javier F. Parra","twitter_card":"summary_large_image","twitter_creator":"@infoempleo","twitter_site":"@infoempleo","twitter_misc":{"Escrito por":"Javier F. Parra","Tiempo de lectura":"3 minutos"},"schema":{"@context":"https:\/\/schema.org","@graph":[{"@type":"NewsArticle","@id":"https:\/\/empresas.infoempleo.com\/hrtrends\/como-calcular-la-paga-extra-de-verano-guia-practica-y-consejos-utiles\/#article","isPartOf":{"@id":"https:\/\/empresas.infoempleo.com\/hrtrends\/como-calcular-la-paga-extra-de-verano-guia-practica-y-consejos-utiles\/"},"author":{"name":"Javier F. Parra","@id":"https:\/\/empresas.infoempleo.com\/hrtrends\/#\/schema\/person\/bfe2fef977b750c22ac6f7d254c75afe"},"headline":"C\u00f3mo calcular la paga extra de verano: gu\u00eda pr\u00e1ctica y consejos \u00fatiles","datePublished":"2024-06-29T05:30:03+00:00","dateModified":"2024-07-24T15:29:40+00:00","mainEntityOfPage":{"@id":"https:\/\/empresas.infoempleo.com\/hrtrends\/como-calcular-la-paga-extra-de-verano-guia-practica-y-consejos-utiles\/"},"wordCount":657,"publisher":{"@id":"https:\/\/empresas.infoempleo.com\/hrtrends\/#organization"},"image":{"@id":"https:\/\/empresas.infoempleo.com\/hrtrends\/como-calcular-la-paga-extra-de-verano-guia-practica-y-consejos-utiles\/#primaryimage"},"thumbnailUrl":"https:\/\/empresas.infoempleo.com\/hrtrends\/media\/2024\/06\/Equipo-repasando-como-calcular-la-paga-extra-de-verano.jpg","keywords":["contratos","empleados","mercado laboral"],"articleSection":["Consejos"],"inLanguage":"es","copyrightYear":"2024","copyrightHolder":{"@id":"https:\/\/empresas.infoempleo.com\/hrtrends\/#organization"}},{"@type":"WebPage","@id":"https:\/\/empresas.infoempleo.com\/hrtrends\/como-calcular-la-paga-extra-de-verano-guia-practica-y-consejos-utiles\/","url":"https:\/\/empresas.infoempleo.com\/hrtrends\/como-calcular-la-paga-extra-de-verano-guia-practica-y-consejos-utiles\/","name":"C\u00f3mo calcular la paga extra de verano: gu\u00eda pr\u00e1ctica","isPartOf":{"@id":"https:\/\/empresas.infoempleo.com\/hrtrends\/#website"},"primaryImageOfPage":{"@id":"https:\/\/empresas.infoempleo.com\/hrtrends\/como-calcular-la-paga-extra-de-verano-guia-practica-y-consejos-utiles\/#primaryimage"},"image":{"@id":"https:\/\/empresas.infoempleo.com\/hrtrends\/como-calcular-la-paga-extra-de-verano-guia-practica-y-consejos-utiles\/#primaryimage"},"thumbnailUrl":"https:\/\/empresas.infoempleo.com\/hrtrends\/media\/2024\/06\/Equipo-repasando-como-calcular-la-paga-extra-de-verano.jpg","datePublished":"2024-06-29T05:30:03+00:00","dateModified":"2024-07-24T15:29:40+00:00","description":"En este art\u00edculo veremos c\u00f3mo calcular la paga extra de verano, y de c\u00f3mo esta n\u00f3mina de verano, este tipo de beneficios laborales.","breadcrumb":{"@id":"https:\/\/empresas.infoempleo.com\/hrtrends\/como-calcular-la-paga-extra-de-verano-guia-practica-y-consejos-utiles\/#breadcrumb"},"inLanguage":"es","potentialAction":[{"@type":"ReadAction","target":["https:\/\/empresas.infoempleo.com\/hrtrends\/como-calcular-la-paga-extra-de-verano-guia-practica-y-consejos-utiles\/"]}]},{"@type":"ImageObject","inLanguage":"es","@id":"https:\/\/empresas.infoempleo.com\/hrtrends\/como-calcular-la-paga-extra-de-verano-guia-practica-y-consejos-utiles\/#primaryimage","url":"https:\/\/empresas.infoempleo.com\/hrtrends\/media\/2024\/06\/Equipo-repasando-como-calcular-la-paga-extra-de-verano-150x150.jpg","contentUrl":"https:\/\/empresas.infoempleo.com\/hrtrends\/media\/2024\/06\/Equipo-repasando-como-calcular-la-paga-extra-de-verano-150x150.jpg","width":150,"height":150,"caption":"Equipo repasando c\u00f3mo calcular la paga extra de verano"},{"@type":"BreadcrumbList","@id":"https:\/\/empresas.infoempleo.com\/hrtrends\/como-calcular-la-paga-extra-de-verano-guia-practica-y-consejos-utiles\/#breadcrumb","itemListElement":[{"@type":"ListItem","position":1,"name":"Portada","item":"https:\/\/empresas.infoempleo.com\/hrtrends\/"},{"@type":"ListItem","position":2,"name":"C\u00f3mo calcular la paga extra de verano: gu\u00eda pr\u00e1ctica y consejos \u00fatiles"}]},{"@type":"WebSite","@id":"https:\/\/empresas.infoempleo.com\/hrtrends\/#website","url":"https:\/\/empresas.infoempleo.com\/hrtrends","name":"HRTrends by Infoempleo","description":"","publisher":{"@id":"https:\/\/empresas.infoempleo.com\/hrtrends\/#organization"},"potentialAction":{"@type":"SearchAction","target":"https:\/\/empresas.infoempleo.com\/hrtrends\/?s={search_term_string}","query-input":"required name=search_term_string"},"inLanguage":"es"},{"@type":"Organization","@id":"https:\/\/empresas.infoempleo.com\/hrtrends\/#organization","name":"Infoempleo","url":"https:\/\/www.infoempleo.com\/","logo":{"@type":"ImageObject","@id":"https:\/\/empresas.infoempleo.com\/hrtrends\/#logo","inLanguage":"es","url":"https:\/\/cdnazure.infoempleo.com\/infoempleo\/assets\/style\/gfx\/logo.svg","contentUrl":"https:\/\/cdnazure.infoempleo.com\/infoempleo\/assets\/style\/gfx\/logo.svg","width":150,"height":40,"caption":"Infoempleo"},"image":{"@id":"https:\/\/empresas.infoempleo.com\/hrtrends\/#logo"},"sameAs":["https:\/\/www.facebook.com\/Infoempleo","https:\/\/x.com\/infoempleo","http:\/\/instagram.com\/infoempleo\/","http:\/\/www.linkedin.com\/groups\/Empleo-Espa\u00f1a-Infoempleocom-111276","http:\/\/pinterest.com\/infoempleo\/"],"address":{"@type":"PostalAddress","addressLocality":"Madrid","postalCode":"28050","streetAddress":"Avenida de Burgos 114"},"brand":["Infoempleo"]},{"@type":"Person","@id":"https:\/\/empresas.infoempleo.com\/hrtrends\/#\/schema\/person\/bfe2fef977b750c22ac6f7d254c75afe","name":"Javier F. Parra","image":{"@type":"ImageObject","inLanguage":"es","@id":"https:\/\/empresas.infoempleo.com\/hrtrends\/#\/schema\/person\/image\/","url":"https:\/\/secure.gravatar.com\/avatar\/cc7a816c43a98631bfc25486db802fb539f4c937146762f45a94d9b4d1ea0721?s=96&d=mm&r=g","contentUrl":"https:\/\/secure.gravatar.com\/avatar\/cc7a816c43a98631bfc25486db802fb539f4c937146762f45a94d9b4d1ea0721?s=96&d=mm&r=g","caption":"Javier F. Parra"},"description":"Licenciado en Pedagog\u00eda Sociolaboral. M\u00e1ster en Direcci\u00f3n y Gesti\u00f3n de Recursos Humanos y Postgrado en Prevenci\u00f3n de Riesgos Laborales. Desde hace m\u00e1s de 15 a\u00f1os me dedico a la formaci\u00f3n, la asesor\u00eda de empresas y al apoyo directo a personas que quieren emprender un negocio. Me interesan la pol\u00edtica, la literatura, la Historia y las personas, aunque no necesariamente en ese orden.","url":"https:\/\/empresas.infoempleo.com\/hrtrends\/author\/javieryerro80gmail-com\/"}]}},"amp_enabled":true,"_links":{"self":[{"href":"https:\/\/empresas.infoempleo.com\/hrtrends\/wp-json\/wp\/v2\/posts\/43841","targetHints":{"allow":["GET"]}}],"collection":[{"href":"https:\/\/empresas.infoempleo.com\/hrtrends\/wp-json\/wp\/v2\/posts"}],"about":[{"href":"https:\/\/empresas.infoempleo.com\/hrtrends\/wp-json\/wp\/v2\/types\/post"}],"author":[{"embeddable":true,"href":"https:\/\/empresas.infoempleo.com\/hrtrends\/wp-json\/wp\/v2\/users\/142"}],"replies":[{"embeddable":true,"href":"https:\/\/empresas.infoempleo.com\/hrtrends\/wp-json\/wp\/v2\/comments?post=43841"}],"version-history":[{"count":1,"href":"https:\/\/empresas.infoempleo.com\/hrtrends\/wp-json\/wp\/v2\/posts\/43841\/revisions"}],"predecessor-version":[{"id":43844,"href":"https:\/\/empresas.infoempleo.com\/hrtrends\/wp-json\/wp\/v2\/posts\/43841\/revisions\/43844"}],"wp:featuredmedia":[{"embeddable":true,"href":"https:\/\/empresas.infoempleo.com\/hrtrends\/wp-json\/wp\/v2\/media\/43843"}],"wp:attachment":[{"href":"https:\/\/empresas.infoempleo.com\/hrtrends\/wp-json\/wp\/v2\/media?parent=43841"}],"wp:term":[{"taxonomy":"category","embeddable":true,"href":"https:\/\/empresas.infoempleo.com\/hrtrends\/wp-json\/wp\/v2\/categories?post=43841"},{"taxonomy":"post_tag","embeddable":true,"href":"https:\/\/empresas.infoempleo.com\/hrtrends\/wp-json\/wp\/v2\/tags?post=43841"}],"curies":[{"name":"wp","href":"https:\/\/api.w.org\/{rel}","templated":true}]}}