{"id":43731,"date":"2023-09-23T00:00:00","date_gmt":"2023-09-22T23:00:00","guid":{"rendered":"https:\/\/empresas.infoempleo.com\/hrtrends\/?p=43731"},"modified":"2024-07-02T17:34:02","modified_gmt":"2024-07-02T15:34:02","slug":"jornada-laboral-de-4-dias-como-implementarla-con-exito","status":"publish","type":"post","link":"https:\/\/empresas.infoempleo.com\/hrtrends\/jornada-laboral-de-4-dias-como-implementarla-con-exito\/","title":{"rendered":"Jornada Laboral de 4 d\u00edas: c\u00f3mo implementarla con \u00e9xito"},"content":{"rendered":"<p>Ya casi nadie discute que una de las <strong>grandes revoluciones<\/strong> que se producir\u00e1n a medio plazo en el \u00e1mbito laboral es la implementaci\u00f3n definitiva de la <strong>jornada laboral de 4 d\u00edas<\/strong>.<\/p>\n<p>Empresas y pa\u00edses de todas las latitudes, como Espa\u00f1a, ya han puesto en marcha <strong>diferentes <a href=\"https:\/\/empresas.infoempleo.com\/hrtrends\/primera-prueba-piloto-jornada-semanal-cuatro-dias-en-uk-las-empresas-quieren-mantenerla\/\" target=\"_blank\" rel=\"noopener\">proyectos pilotos<\/a><\/strong>. En este art\u00edculo hablamos de las <strong>ventajas<\/strong> que se le presuponen a este radical modelo y del <strong>procedimiento para ponerlo en marcha<\/strong> en las empresas.<\/p>\n<h2>Beneficios de una jornada laboral de 4 d\u00edas<\/h2>\n<p>A pesar de que todav\u00eda siguen abiertos muchos interrogantes, cada vez son m\u00e1s las empresas que confirman las <strong>bondades econ\u00f3micas y sociales<\/strong> <strong>de una semana de 4 d\u00edas laborables<\/strong>. Podr\u00edamos destacar tres por encima de todas ellas:<\/p>\n<ul>\n<li><strong>Mejoras considerables en los <a href=\"https:\/\/empresas.infoempleo.com\/hrtrends\/primera-prueba-piloto-jornada-semanal-cuatro-dias-en-uk-las-empresas-quieren-mantenerla\/\" target=\"_blank\" rel=\"noopener\">proyectos pilotos<\/a><\/strong>: Ya que, por supuesto, contar con un d\u00eda libre m\u00e1s a la semana facilita la vida de los trabajadores, que pueden resolver situaciones relacionadas, principalmente, con los cuidados de ni\u00f1os o de personas mayores.<\/li>\n<li><strong>Aumento de la productividad laboral<\/strong>: El hecho de contar con un menor n\u00famero de horas semanales, implica un reajuste de las tareas. Por tanto, la rentabilidad y eficiencia de la labor en el d\u00eda a d\u00eda suele aumentar. A su vez, al tener m\u00e1s jornadas de descanso, el trabajador acude con mayor nivel de energ\u00eda a su puesto de trabajo. Por \u00faltimo, y seg\u00fan los proyectos pilotos llevados a cabo, tambi\u00e9n se observa un porcentaje menor de horas de trabajo infrautilizadas.<\/li>\n<li><strong>Reducci\u00f3n del absentismo y la fuga de talento<\/strong>: Una medida de este tipo, tan atractiva, potencia sin duda la motivaci\u00f3n y el sentido de pertenencia a la organizaci\u00f3n. Esto redunda, por supuesto, en la mejora del clima laboral y en la retenci\u00f3n del talento existente en la empresa.<\/li>\n<\/ul>\n<p>&nbsp;<\/p>\n<h2>C\u00f3mo implantar correctamente la semana de 32 horas<\/h2>\n<p>No obstante, las empresas deben <strong>analizar con mucho sosiego y rigor<\/strong> la viabilidad de dicha implantaci\u00f3n. El nuevo horario laboral <strong>debe aportar beneficios <\/strong>tambi\u00e9n a las propias compa\u00f1\u00edas, pues <strong>no funcionar\u00e1<\/strong> <strong>si la balanza no est\u00e1 bien equilibrada<\/strong>.<\/p>\n<p>Sabemos que <strong>existen diferencias<\/strong> entre las posibilidades de implantaci\u00f3n entre unos sectores y otros. Por ejemplo, en el sector servicios, la <strong>hosteler\u00eda<\/strong>, tan estrat\u00e9gica en Espa\u00f1a, puede encontrarse con <strong>serias dificultades<\/strong> <strong>para<\/strong> <strong>cubrir turnos<\/strong> de trabajo sin tener que recurrir a un aumento de sus costes.<\/p>\n<p>La reducci\u00f3n de jornada, as\u00ed como la <strong>reorganizaci\u00f3n de procesos y tareas<\/strong> son aspectos sobre los que reflexionar con detenimiento. Por tanto, <strong>algunas cuestiones a tener en cuenta<\/strong> por las empresas podr\u00edan ser las siguientes:<\/p>\n<ul>\n<li><strong>La opini\u00f3n de la plantilla<\/strong>: conocer el estado de aceptaci\u00f3n de esta medida es el punto de partida. Que los trabajadores opinen puede ayudar a implantarla con acierto.<\/li>\n<li><strong>La comunicaci\u00f3n<\/strong>: durante el proceso debe fluir la informaci\u00f3n a los grupos de inter\u00e9s de la empresa para anticipar dificultades y preparar los cambios.<\/li>\n<li><strong>El servicio y la atenci\u00f3n al cliente<\/strong>: se deben establecer las medidas oportunas para que esta nueva realidad no afecte ni un \u00e1pice a la calidad del producto o servicio que se presta.<\/li>\n<li><strong>La reorganizaci\u00f3n de tareas<\/strong>: el departamento de RRHH ser\u00e1 esencial para coordinar con el resto de \u00e1reas las posibles modificaciones en tareas, puestos y procesos de trabajo, para adaptar la producci\u00f3n a la nueva jornada.<\/li>\n<li><strong>Una evaluaci\u00f3n continua<\/strong>: que servir\u00e1 para solventar errores y lograr la mejor implantaci\u00f3n posible de una medida que, de entrada, ya es bastante compleja.<\/li>\n<\/ul>\n<p>En el futuro m\u00e1s pr\u00f3ximo, las <strong>administraciones p\u00fablicas<\/strong>, por su parte, deber\u00e1n tratar de <strong>establecer<\/strong> diferentes <strong>medidas<\/strong> <strong>que faciliten<\/strong> una reforma laboral de este calado, si se busca su implantaci\u00f3n real en todo el tejido productivo del pa\u00eds.<\/p>\n","protected":false},"excerpt":{"rendered":"<p>Ya casi nadie discute que una de las grandes revoluciones que se producir\u00e1n a medio plazo en el<a class=\"moretag\" href=\"https:\/\/empresas.infoempleo.com\/hrtrends\/jornada-laboral-de-4-dias-como-implementarla-con-exito\/\"> Leer m\u00e1s<\/a><\/p>\n","protected":false},"author":142,"featured_media":29665,"comment_status":"closed","ping_status":"closed","sticky":false,"template":"","format":"standard","meta":{"footnotes":""},"categories":[3035],"tags":[],"class_list":["post-43731","post","type-post","status-publish","format-standard","has-post-thumbnail","hentry","category-consejos"],"yoast_head":"<!-- This site is optimized with the Yoast SEO plugin v26.1.1 - https:\/\/yoast.com\/wordpress\/plugins\/seo\/ -->\n<title>Jornada Laboral de 4 d\u00edas: c\u00f3mo implementarla con \u00e9xito | HRTRENDS<\/title>\n<meta name=\"robots\" content=\"index, follow, max-snippet:-1, max-image-preview:large, max-video-preview:-1\" \/>\n<link rel=\"canonical\" href=\"https:\/\/empresas.infoempleo.com\/hrtrends\/jornada-laboral-de-4-dias-como-implementarla-con-exito\/\" \/>\n<meta property=\"og:locale\" content=\"es_ES\" \/>\n<meta property=\"og:type\" content=\"article\" \/>\n<meta property=\"og:title\" content=\"Jornada Laboral de 4 d\u00edas: c\u00f3mo implementarla con \u00e9xito | HRTRENDS\" \/>\n<meta property=\"og:description\" content=\"Ya casi nadie discute que una de las grandes revoluciones que se producir\u00e1n a medio plazo en el Leer m\u00e1s\" \/>\n<meta property=\"og:url\" content=\"https:\/\/empresas.infoempleo.com\/hrtrends\/jornada-laboral-de-4-dias-como-implementarla-con-exito\/\" \/>\n<meta property=\"og:site_name\" content=\"HRTRENDS\" \/>\n<meta property=\"article:publisher\" content=\"https:\/\/www.facebook.com\/Infoempleo\" \/>\n<meta property=\"article:published_time\" content=\"2023-09-22T23:00:00+00:00\" \/>\n<meta property=\"article:modified_time\" content=\"2024-07-02T15:34:02+00:00\" \/>\n<meta name=\"author\" content=\"Javier F. Parra\" \/>\n<meta name=\"twitter:card\" content=\"summary_large_image\" \/>\n<meta name=\"twitter:creator\" content=\"@infoempleo\" \/>\n<meta name=\"twitter:site\" content=\"@infoempleo\" \/>\n<meta name=\"twitter:label1\" content=\"Escrito por\" \/>\n\t<meta name=\"twitter:data1\" content=\"Javier F. Parra\" \/>\n\t<meta name=\"twitter:label2\" content=\"Tiempo de lectura\" \/>\n\t<meta name=\"twitter:data2\" content=\"3 minutos\" \/>\n<script type=\"application\/ld+json\" class=\"yoast-schema-graph\">{\"@context\":\"https:\/\/schema.org\",\"@graph\":[{\"@type\":\"NewsArticle\",\"@id\":\"https:\/\/empresas.infoempleo.com\/hrtrends\/jornada-laboral-de-4-dias-como-implementarla-con-exito\/#article\",\"isPartOf\":{\"@id\":\"https:\/\/empresas.infoempleo.com\/hrtrends\/jornada-laboral-de-4-dias-como-implementarla-con-exito\/\"},\"author\":{\"name\":\"Javier F. Parra\",\"@id\":\"https:\/\/empresas.infoempleo.com\/hrtrends\/#\/schema\/person\/bfe2fef977b750c22ac6f7d254c75afe\"},\"headline\":\"Jornada Laboral de 4 d\u00edas: c\u00f3mo implementarla con \u00e9xito\",\"datePublished\":\"2023-09-22T23:00:00+00:00\",\"dateModified\":\"2024-07-02T15:34:02+00:00\",\"mainEntityOfPage\":{\"@id\":\"https:\/\/empresas.infoempleo.com\/hrtrends\/jornada-laboral-de-4-dias-como-implementarla-con-exito\/\"},\"wordCount\":656,\"publisher\":{\"@id\":\"https:\/\/empresas.infoempleo.com\/hrtrends\/#organization\"},\"image\":{\"@id\":\"https:\/\/empresas.infoempleo.com\/hrtrends\/jornada-laboral-de-4-dias-como-implementarla-con-exito\/#primaryimage\"},\"thumbnailUrl\":\"https:\/\/empresas.infoempleo.com\/hrtrends\/media\/2017\/05\/pexels-photo-205508.jpg\",\"articleSection\":[\"Consejos\"],\"inLanguage\":\"es\",\"copyrightYear\":\"2023\",\"copyrightHolder\":{\"@id\":\"https:\/\/empresas.infoempleo.com\/hrtrends\/#organization\"}},{\"@type\":\"WebPage\",\"@id\":\"https:\/\/empresas.infoempleo.com\/hrtrends\/jornada-laboral-de-4-dias-como-implementarla-con-exito\/\",\"url\":\"https:\/\/empresas.infoempleo.com\/hrtrends\/jornada-laboral-de-4-dias-como-implementarla-con-exito\/\",\"name\":\"Jornada Laboral de 4 d\u00edas: c\u00f3mo implementarla con \u00e9xito | HRTRENDS\",\"isPartOf\":{\"@id\":\"https:\/\/empresas.infoempleo.com\/hrtrends\/#website\"},\"primaryImageOfPage\":{\"@id\":\"https:\/\/empresas.infoempleo.com\/hrtrends\/jornada-laboral-de-4-dias-como-implementarla-con-exito\/#primaryimage\"},\"image\":{\"@id\":\"https:\/\/empresas.infoempleo.com\/hrtrends\/jornada-laboral-de-4-dias-como-implementarla-con-exito\/#primaryimage\"},\"thumbnailUrl\":\"https:\/\/empresas.infoempleo.com\/hrtrends\/media\/2017\/05\/pexels-photo-205508.jpg\",\"datePublished\":\"2023-09-22T23:00:00+00:00\",\"dateModified\":\"2024-07-02T15:34:02+00:00\",\"breadcrumb\":{\"@id\":\"https:\/\/empresas.infoempleo.com\/hrtrends\/jornada-laboral-de-4-dias-como-implementarla-con-exito\/#breadcrumb\"},\"inLanguage\":\"es\",\"potentialAction\":[{\"@type\":\"ReadAction\",\"target\":[\"https:\/\/empresas.infoempleo.com\/hrtrends\/jornada-laboral-de-4-dias-como-implementarla-con-exito\/\"]}]},{\"@type\":\"ImageObject\",\"inLanguage\":\"es\",\"@id\":\"https:\/\/empresas.infoempleo.com\/hrtrends\/jornada-laboral-de-4-dias-como-implementarla-con-exito\/#primaryimage\",\"url\":\"https:\/\/empresas.infoempleo.com\/hrtrends\/media\/2017\/05\/pexels-photo-205508-150x150.jpg\",\"contentUrl\":\"https:\/\/empresas.infoempleo.com\/hrtrends\/media\/2017\/05\/pexels-photo-205508-150x150.jpg\",\"width\":150,\"height\":150},{\"@type\":\"BreadcrumbList\",\"@id\":\"https:\/\/empresas.infoempleo.com\/hrtrends\/jornada-laboral-de-4-dias-como-implementarla-con-exito\/#breadcrumb\",\"itemListElement\":[{\"@type\":\"ListItem\",\"position\":1,\"name\":\"Portada\",\"item\":\"https:\/\/empresas.infoempleo.com\/hrtrends\/\"},{\"@type\":\"ListItem\",\"position\":2,\"name\":\"Jornada Laboral de 4 d\u00edas: c\u00f3mo implementarla con \u00e9xito\"}]},{\"@type\":\"WebSite\",\"@id\":\"https:\/\/empresas.infoempleo.com\/hrtrends\/#website\",\"url\":\"https:\/\/empresas.infoempleo.com\/hrtrends\",\"name\":\"HRTrends by Infoempleo\",\"description\":\"\",\"publisher\":{\"@id\":\"https:\/\/empresas.infoempleo.com\/hrtrends\/#organization\"},\"potentialAction\":{\"@type\":\"SearchAction\",\"target\":\"https:\/\/empresas.infoempleo.com\/hrtrends\/?s={search_term_string}\",\"query-input\":\"required name=search_term_string\"},\"inLanguage\":\"es\"},{\"@type\":\"Organization\",\"@id\":\"https:\/\/empresas.infoempleo.com\/hrtrends\/#organization\",\"name\":\"Infoempleo\",\"url\":\"https:\/\/www.infoempleo.com\/\",\"logo\":{\"@type\":\"ImageObject\",\"@id\":\"https:\/\/empresas.infoempleo.com\/hrtrends\/#logo\",\"inLanguage\":\"es\",\"url\":\"https:\/\/cdnazure.infoempleo.com\/infoempleo\/assets\/style\/gfx\/logo.svg\",\"contentUrl\":\"https:\/\/cdnazure.infoempleo.com\/infoempleo\/assets\/style\/gfx\/logo.svg\",\"width\":150,\"height\":40,\"caption\":\"Infoempleo\"},\"image\":{\"@id\":\"https:\/\/empresas.infoempleo.com\/hrtrends\/#logo\"},\"sameAs\":[\"https:\/\/www.facebook.com\/Infoempleo\",\"https:\/\/x.com\/infoempleo\",\"http:\/\/instagram.com\/infoempleo\/\",\"http:\/\/www.linkedin.com\/groups\/Empleo-Espa\u00f1a-Infoempleocom-111276\",\"http:\/\/pinterest.com\/infoempleo\/\"],\"address\":{\"@type\":\"PostalAddress\",\"addressLocality\":\"Madrid\",\"postalCode\":\"28050\",\"streetAddress\":\"Avenida de Burgos 114\"},\"brand\":[\"Infoempleo\"]},{\"@type\":\"Person\",\"@id\":\"https:\/\/empresas.infoempleo.com\/hrtrends\/#\/schema\/person\/bfe2fef977b750c22ac6f7d254c75afe\",\"name\":\"Javier F. Parra\",\"image\":{\"@type\":\"ImageObject\",\"inLanguage\":\"es\",\"@id\":\"https:\/\/empresas.infoempleo.com\/hrtrends\/#\/schema\/person\/image\/\",\"url\":\"https:\/\/secure.gravatar.com\/avatar\/cc7a816c43a98631bfc25486db802fb539f4c937146762f45a94d9b4d1ea0721?s=96&d=mm&r=g\",\"contentUrl\":\"https:\/\/secure.gravatar.com\/avatar\/cc7a816c43a98631bfc25486db802fb539f4c937146762f45a94d9b4d1ea0721?s=96&d=mm&r=g\",\"caption\":\"Javier F. Parra\"},\"description\":\"Licenciado en Pedagog\u00eda Sociolaboral. M\u00e1ster en Direcci\u00f3n y Gesti\u00f3n de Recursos Humanos y Postgrado en Prevenci\u00f3n de Riesgos Laborales. Desde hace m\u00e1s de 15 a\u00f1os me dedico a la formaci\u00f3n, la asesor\u00eda de empresas y al apoyo directo a personas que quieren emprender un negocio. Me interesan la pol\u00edtica, la literatura, la Historia y las personas, aunque no necesariamente en ese orden.\",\"url\":\"https:\/\/empresas.infoempleo.com\/hrtrends\/author\/javieryerro80gmail-com\/\"}]}<\/script>\n<!-- \/ Yoast SEO plugin. -->","yoast_head_json":{"title":"Jornada Laboral de 4 d\u00edas: c\u00f3mo implementarla con \u00e9xito | HRTRENDS","robots":{"index":"index","follow":"follow","max-snippet":"max-snippet:-1","max-image-preview":"max-image-preview:large","max-video-preview":"max-video-preview:-1"},"canonical":"https:\/\/empresas.infoempleo.com\/hrtrends\/jornada-laboral-de-4-dias-como-implementarla-con-exito\/","og_locale":"es_ES","og_type":"article","og_title":"Jornada Laboral de 4 d\u00edas: c\u00f3mo implementarla con \u00e9xito | HRTRENDS","og_description":"Ya casi nadie discute que una de las grandes revoluciones que se producir\u00e1n a medio plazo en el Leer m\u00e1s","og_url":"https:\/\/empresas.infoempleo.com\/hrtrends\/jornada-laboral-de-4-dias-como-implementarla-con-exito\/","og_site_name":"HRTRENDS","article_publisher":"https:\/\/www.facebook.com\/Infoempleo","article_published_time":"2023-09-22T23:00:00+00:00","article_modified_time":"2024-07-02T15:34:02+00:00","author":"Javier F. Parra","twitter_card":"summary_large_image","twitter_creator":"@infoempleo","twitter_site":"@infoempleo","twitter_misc":{"Escrito por":"Javier F. Parra","Tiempo de lectura":"3 minutos"},"schema":{"@context":"https:\/\/schema.org","@graph":[{"@type":"NewsArticle","@id":"https:\/\/empresas.infoempleo.com\/hrtrends\/jornada-laboral-de-4-dias-como-implementarla-con-exito\/#article","isPartOf":{"@id":"https:\/\/empresas.infoempleo.com\/hrtrends\/jornada-laboral-de-4-dias-como-implementarla-con-exito\/"},"author":{"name":"Javier F. Parra","@id":"https:\/\/empresas.infoempleo.com\/hrtrends\/#\/schema\/person\/bfe2fef977b750c22ac6f7d254c75afe"},"headline":"Jornada Laboral de 4 d\u00edas: c\u00f3mo implementarla con \u00e9xito","datePublished":"2023-09-22T23:00:00+00:00","dateModified":"2024-07-02T15:34:02+00:00","mainEntityOfPage":{"@id":"https:\/\/empresas.infoempleo.com\/hrtrends\/jornada-laboral-de-4-dias-como-implementarla-con-exito\/"},"wordCount":656,"publisher":{"@id":"https:\/\/empresas.infoempleo.com\/hrtrends\/#organization"},"image":{"@id":"https:\/\/empresas.infoempleo.com\/hrtrends\/jornada-laboral-de-4-dias-como-implementarla-con-exito\/#primaryimage"},"thumbnailUrl":"https:\/\/empresas.infoempleo.com\/hrtrends\/media\/2017\/05\/pexels-photo-205508.jpg","articleSection":["Consejos"],"inLanguage":"es","copyrightYear":"2023","copyrightHolder":{"@id":"https:\/\/empresas.infoempleo.com\/hrtrends\/#organization"}},{"@type":"WebPage","@id":"https:\/\/empresas.infoempleo.com\/hrtrends\/jornada-laboral-de-4-dias-como-implementarla-con-exito\/","url":"https:\/\/empresas.infoempleo.com\/hrtrends\/jornada-laboral-de-4-dias-como-implementarla-con-exito\/","name":"Jornada Laboral de 4 d\u00edas: c\u00f3mo implementarla con \u00e9xito | HRTRENDS","isPartOf":{"@id":"https:\/\/empresas.infoempleo.com\/hrtrends\/#website"},"primaryImageOfPage":{"@id":"https:\/\/empresas.infoempleo.com\/hrtrends\/jornada-laboral-de-4-dias-como-implementarla-con-exito\/#primaryimage"},"image":{"@id":"https:\/\/empresas.infoempleo.com\/hrtrends\/jornada-laboral-de-4-dias-como-implementarla-con-exito\/#primaryimage"},"thumbnailUrl":"https:\/\/empresas.infoempleo.com\/hrtrends\/media\/2017\/05\/pexels-photo-205508.jpg","datePublished":"2023-09-22T23:00:00+00:00","dateModified":"2024-07-02T15:34:02+00:00","breadcrumb":{"@id":"https:\/\/empresas.infoempleo.com\/hrtrends\/jornada-laboral-de-4-dias-como-implementarla-con-exito\/#breadcrumb"},"inLanguage":"es","potentialAction":[{"@type":"ReadAction","target":["https:\/\/empresas.infoempleo.com\/hrtrends\/jornada-laboral-de-4-dias-como-implementarla-con-exito\/"]}]},{"@type":"ImageObject","inLanguage":"es","@id":"https:\/\/empresas.infoempleo.com\/hrtrends\/jornada-laboral-de-4-dias-como-implementarla-con-exito\/#primaryimage","url":"https:\/\/empresas.infoempleo.com\/hrtrends\/media\/2017\/05\/pexels-photo-205508-150x150.jpg","contentUrl":"https:\/\/empresas.infoempleo.com\/hrtrends\/media\/2017\/05\/pexels-photo-205508-150x150.jpg","width":150,"height":150},{"@type":"BreadcrumbList","@id":"https:\/\/empresas.infoempleo.com\/hrtrends\/jornada-laboral-de-4-dias-como-implementarla-con-exito\/#breadcrumb","itemListElement":[{"@type":"ListItem","position":1,"name":"Portada","item":"https:\/\/empresas.infoempleo.com\/hrtrends\/"},{"@type":"ListItem","position":2,"name":"Jornada Laboral de 4 d\u00edas: c\u00f3mo implementarla con \u00e9xito"}]},{"@type":"WebSite","@id":"https:\/\/empresas.infoempleo.com\/hrtrends\/#website","url":"https:\/\/empresas.infoempleo.com\/hrtrends","name":"HRTrends by Infoempleo","description":"","publisher":{"@id":"https:\/\/empresas.infoempleo.com\/hrtrends\/#organization"},"potentialAction":{"@type":"SearchAction","target":"https:\/\/empresas.infoempleo.com\/hrtrends\/?s={search_term_string}","query-input":"required name=search_term_string"},"inLanguage":"es"},{"@type":"Organization","@id":"https:\/\/empresas.infoempleo.com\/hrtrends\/#organization","name":"Infoempleo","url":"https:\/\/www.infoempleo.com\/","logo":{"@type":"ImageObject","@id":"https:\/\/empresas.infoempleo.com\/hrtrends\/#logo","inLanguage":"es","url":"https:\/\/cdnazure.infoempleo.com\/infoempleo\/assets\/style\/gfx\/logo.svg","contentUrl":"https:\/\/cdnazure.infoempleo.com\/infoempleo\/assets\/style\/gfx\/logo.svg","width":150,"height":40,"caption":"Infoempleo"},"image":{"@id":"https:\/\/empresas.infoempleo.com\/hrtrends\/#logo"},"sameAs":["https:\/\/www.facebook.com\/Infoempleo","https:\/\/x.com\/infoempleo","http:\/\/instagram.com\/infoempleo\/","http:\/\/www.linkedin.com\/groups\/Empleo-Espa\u00f1a-Infoempleocom-111276","http:\/\/pinterest.com\/infoempleo\/"],"address":{"@type":"PostalAddress","addressLocality":"Madrid","postalCode":"28050","streetAddress":"Avenida de Burgos 114"},"brand":["Infoempleo"]},{"@type":"Person","@id":"https:\/\/empresas.infoempleo.com\/hrtrends\/#\/schema\/person\/bfe2fef977b750c22ac6f7d254c75afe","name":"Javier F. Parra","image":{"@type":"ImageObject","inLanguage":"es","@id":"https:\/\/empresas.infoempleo.com\/hrtrends\/#\/schema\/person\/image\/","url":"https:\/\/secure.gravatar.com\/avatar\/cc7a816c43a98631bfc25486db802fb539f4c937146762f45a94d9b4d1ea0721?s=96&d=mm&r=g","contentUrl":"https:\/\/secure.gravatar.com\/avatar\/cc7a816c43a98631bfc25486db802fb539f4c937146762f45a94d9b4d1ea0721?s=96&d=mm&r=g","caption":"Javier F. Parra"},"description":"Licenciado en Pedagog\u00eda Sociolaboral. M\u00e1ster en Direcci\u00f3n y Gesti\u00f3n de Recursos Humanos y Postgrado en Prevenci\u00f3n de Riesgos Laborales. Desde hace m\u00e1s de 15 a\u00f1os me dedico a la formaci\u00f3n, la asesor\u00eda de empresas y al apoyo directo a personas que quieren emprender un negocio. Me interesan la pol\u00edtica, la literatura, la Historia y las personas, aunque no necesariamente en ese orden.","url":"https:\/\/empresas.infoempleo.com\/hrtrends\/author\/javieryerro80gmail-com\/"}]}},"amp_enabled":true,"_links":{"self":[{"href":"https:\/\/empresas.infoempleo.com\/hrtrends\/wp-json\/wp\/v2\/posts\/43731","targetHints":{"allow":["GET"]}}],"collection":[{"href":"https:\/\/empresas.infoempleo.com\/hrtrends\/wp-json\/wp\/v2\/posts"}],"about":[{"href":"https:\/\/empresas.infoempleo.com\/hrtrends\/wp-json\/wp\/v2\/types\/post"}],"author":[{"embeddable":true,"href":"https:\/\/empresas.infoempleo.com\/hrtrends\/wp-json\/wp\/v2\/users\/142"}],"replies":[{"embeddable":true,"href":"https:\/\/empresas.infoempleo.com\/hrtrends\/wp-json\/wp\/v2\/comments?post=43731"}],"version-history":[{"count":1,"href":"https:\/\/empresas.infoempleo.com\/hrtrends\/wp-json\/wp\/v2\/posts\/43731\/revisions"}],"predecessor-version":[{"id":44135,"href":"https:\/\/empresas.infoempleo.com\/hrtrends\/wp-json\/wp\/v2\/posts\/43731\/revisions\/44135"}],"wp:featuredmedia":[{"embeddable":true,"href":"https:\/\/empresas.infoempleo.com\/hrtrends\/wp-json\/wp\/v2\/media\/29665"}],"wp:attachment":[{"href":"https:\/\/empresas.infoempleo.com\/hrtrends\/wp-json\/wp\/v2\/media?parent=43731"}],"wp:term":[{"taxonomy":"category","embeddable":true,"href":"https:\/\/empresas.infoempleo.com\/hrtrends\/wp-json\/wp\/v2\/categories?post=43731"},{"taxonomy":"post_tag","embeddable":true,"href":"https:\/\/empresas.infoempleo.com\/hrtrends\/wp-json\/wp\/v2\/tags?post=43731"}],"curies":[{"name":"wp","href":"https:\/\/api.w.org\/{rel}","templated":true}]}}