{"id":43728,"date":"2024-01-08T00:00:00","date_gmt":"2024-01-07T23:00:00","guid":{"rendered":"https:\/\/empresas.infoempleo.com\/hrtrends\/?p=43728"},"modified":"2024-07-02T13:07:15","modified_gmt":"2024-07-02T11:07:15","slug":"despido-por-bajo-rendimiento-laboral-como-justificarlo","status":"publish","type":"post","link":"https:\/\/empresas.infoempleo.com\/hrtrends\/despido-por-bajo-rendimiento-laboral-como-justificarlo\/","title":{"rendered":"Despido por bajo rendimiento laboral: \u00bfC\u00f3mo justificarlo?"},"content":{"rendered":"<p>Las causas que provocan un <strong>despido por bajo rendimiento laboral<\/strong> pueden ser variadas. Sin embargo, esta suspensi\u00f3n de empleo suele ser una de las m\u00e1s reclamadas, a causa de la dificultad que presenta demostrar la veracidad del hecho que origina el despido. Por eso, dentro de esta tipolog\u00eda de suspensi\u00f3n laboral existen una serie de <strong>motivos que se deben recoger y especificar<\/strong>. De esta manera, se podr\u00e1 probar que el incumplimiento del trabajador ha sido la \u00fanica causa de despido.<\/p>\n<p>Si quieres saber c\u00f3mo cumplir con los <strong>requisitos para evitar posibles problemas derivados de un despido por bajo rendimiento laboral<\/strong>, te lo contamos todo a continuaci\u00f3n.<\/p>\n<h2>\u00bfC\u00f3mo gestionar un despido por bajo rendimiento laboral?<\/h2>\n<p>Como ya sabr\u00e1s, hay diversos motivos que pueden afectar al <b>desempe\u00f1o de los trabajadores<\/b>. Un ambiente laboral insatisfactorio, falta de motivaci\u00f3n, disconformidad con los m\u00e9todos o incluso con las condiciones que se ofrecen, entre otras. Para poder realizar una correcta <b>gesti\u00f3n del rendimiento<\/b> y del cumplimiento de los objetivos, la <a href=\"https:\/\/empresas.infoempleo.com\/hrtrends\/evaluacion-del-desempeno\/\" target=\"_blank\" rel=\"noopener\">evaluaci\u00f3n de desempe\u00f1o<\/a> es una herramienta que puede serte de mucha utilidad e incluso ayudarte a mejorar la productividad.<\/p>\n<p>Si observas que el <b>cumplimiento de objetivos <\/b><strong>y metas<\/strong> ha deca\u00eddo durante un periodo prolongado, puede que te plantees si el <b>despido por bajo rendimiento laboral<\/b> es la mejor opci\u00f3n para tu empresa. En este sentido, debes valorar si el bajo rendimiento se debe a <strong>causas<\/strong> <b>personales o laborales<\/b>. Si consideras que no existen motivos justificables dentro de la empresa que excusen el descenso de la actividad, es posible que debas enfrentarte al cese del trabajador. En este sentido, la legislaci\u00f3n laboral recoge esta forma de <a href=\"https:\/\/empresas.infoempleo.com\/hrtrends\/despido-disciplinario\/\" target=\"_blank\" rel=\"noopener\"><b>despido disciplinario<\/b><\/a> entre los supuestos de <b>incumplimiento contractual<\/b>.<\/p>\n<p>En el art\u00edculo 54.2 apartado \u201ce\u201d del Estatuto de los Trabajadores se considera como causa de despido disciplinario justificado la \u201cdisminuci\u00f3n continuada y voluntaria en el rendimiento de trabajo normal o pactado\u201d. Si este es el caso, <strong>deber\u00e1s notificar el despido por escrito<\/strong>, haciendo constar las causas que lo originan y la fecha en que tendr\u00e1 efecto.<\/p>\n<h2>Justificaci\u00f3n y requisitos del despido<\/h2>\n<p>Antes de valorar esta opci\u00f3n de despido, debes plantearte si el descenso de la actividad del trabajador es un <b>problema puntual o reiterado<\/b>. Como ya hemos comentado brevemente, existen diversas causas que pueden afectar al rendimiento del trabajador y que debes estudiar con detenimiento. Si ya has tratado de <b>atajar esta circunstancia<\/b> sin respuesta favorable en la productividad del trabajador, debes tener en cuenta los requisitos para que el despido por bajo rendimiento laboral sea v\u00e1lido.<\/p>\n<p>En caso de despido, tu empresa debe <b>demostrar que estas tres razones se cumplen<\/b> de manera concurrente:<\/p>\n<ol>\n<li><strong>El trabajador ha presentado una<\/strong> <b>disminuci\u00f3n grave y voluntaria de la productividad<\/b>. En este sentido, se debe valorar si no existen motivos relacionados con el precio, el mercado, los objetivos, la competencia, etc., que se hayan visto modificados y que afecten al trabajador.<\/li>\n<li><strong>Esta disminuci\u00f3n de la productividad es<\/strong> <b>perjudicial para la empresa<\/b> y afecta de forma directa a la consecuci\u00f3n de los objetivos planteados.<\/li>\n<li><strong>El comportamiento del trabajador es<\/strong><b> prolongado<\/b>. Lo que quiere decir que se ha mantenido durante un tiempo continuado y prolongado. La reducci\u00f3n puntual de la productividad no se recoge en este supuesto. Se debe valorar en un periodo de 4 a 6 meses, como norma general.<\/li>\n<\/ol>\n","protected":false},"excerpt":{"rendered":"<p>Las causas que provocan un despido por bajo rendimiento laboral pueden ser variadas. Sin embargo, esta suspensi\u00f3n de<a class=\"moretag\" href=\"https:\/\/empresas.infoempleo.com\/hrtrends\/despido-por-bajo-rendimiento-laboral-como-justificarlo\/\"> Leer m\u00e1s<\/a><\/p>\n","protected":false},"author":146,"featured_media":29665,"comment_status":"closed","ping_status":"closed","sticky":false,"template":"","format":"standard","meta":{"footnotes":""},"categories":[3],"tags":[],"class_list":["post-43728","post","type-post","status-publish","format-standard","has-post-thumbnail","hentry","category-actualidad"],"yoast_head":"<!-- This site is optimized with the Yoast SEO plugin v26.1.1 - https:\/\/yoast.com\/wordpress\/plugins\/seo\/ -->\n<title>Despido por bajo rendimiento laboral: \u00bfC\u00f3mo justificarlo? | HRTRENDS<\/title>\n<meta name=\"robots\" content=\"index, follow, max-snippet:-1, max-image-preview:large, max-video-preview:-1\" \/>\n<link rel=\"canonical\" href=\"https:\/\/empresas.infoempleo.com\/hrtrends\/despido-por-bajo-rendimiento-laboral-como-justificarlo\/\" \/>\n<meta property=\"og:locale\" content=\"es_ES\" \/>\n<meta property=\"og:type\" content=\"article\" \/>\n<meta property=\"og:title\" content=\"Despido por bajo rendimiento laboral: \u00bfC\u00f3mo justificarlo? | HRTRENDS\" \/>\n<meta property=\"og:description\" content=\"Las causas que provocan un despido por bajo rendimiento laboral pueden ser variadas. Sin embargo, esta suspensi\u00f3n de Leer m\u00e1s\" \/>\n<meta property=\"og:url\" content=\"https:\/\/empresas.infoempleo.com\/hrtrends\/despido-por-bajo-rendimiento-laboral-como-justificarlo\/\" \/>\n<meta property=\"og:site_name\" content=\"HRTRENDS\" \/>\n<meta property=\"article:publisher\" content=\"https:\/\/www.facebook.com\/Infoempleo\" \/>\n<meta property=\"article:published_time\" content=\"2024-01-07T23:00:00+00:00\" \/>\n<meta property=\"article:modified_time\" content=\"2024-07-02T11:07:15+00:00\" \/>\n<meta name=\"author\" content=\"Sandra R. Martos\" \/>\n<meta name=\"twitter:card\" content=\"summary_large_image\" \/>\n<meta name=\"twitter:creator\" content=\"@infoempleo\" \/>\n<meta name=\"twitter:site\" content=\"@infoempleo\" \/>\n<meta name=\"twitter:label1\" content=\"Escrito por\" \/>\n\t<meta name=\"twitter:data1\" content=\"Sandra R. Martos\" \/>\n\t<meta name=\"twitter:label2\" content=\"Tiempo de lectura\" \/>\n\t<meta name=\"twitter:data2\" content=\"3 minutos\" \/>\n<script type=\"application\/ld+json\" class=\"yoast-schema-graph\">{\"@context\":\"https:\/\/schema.org\",\"@graph\":[{\"@type\":\"NewsArticle\",\"@id\":\"https:\/\/empresas.infoempleo.com\/hrtrends\/despido-por-bajo-rendimiento-laboral-como-justificarlo\/#article\",\"isPartOf\":{\"@id\":\"https:\/\/empresas.infoempleo.com\/hrtrends\/despido-por-bajo-rendimiento-laboral-como-justificarlo\/\"},\"author\":{\"name\":\"Sandra R. Martos\",\"@id\":\"https:\/\/empresas.infoempleo.com\/hrtrends\/#\/schema\/person\/d24c95f005bb213d5442bfb9916f0cf1\"},\"headline\":\"Despido por bajo rendimiento laboral: \u00bfC\u00f3mo justificarlo?\",\"datePublished\":\"2024-01-07T23:00:00+00:00\",\"dateModified\":\"2024-07-02T11:07:15+00:00\",\"mainEntityOfPage\":{\"@id\":\"https:\/\/empresas.infoempleo.com\/hrtrends\/despido-por-bajo-rendimiento-laboral-como-justificarlo\/\"},\"wordCount\":575,\"publisher\":{\"@id\":\"https:\/\/empresas.infoempleo.com\/hrtrends\/#organization\"},\"image\":{\"@id\":\"https:\/\/empresas.infoempleo.com\/hrtrends\/despido-por-bajo-rendimiento-laboral-como-justificarlo\/#primaryimage\"},\"thumbnailUrl\":\"https:\/\/empresas.infoempleo.com\/hrtrends\/media\/2017\/05\/pexels-photo-205508.jpg\",\"articleSection\":[\"Actualidad\"],\"inLanguage\":\"es\",\"copyrightYear\":\"2024\",\"copyrightHolder\":{\"@id\":\"https:\/\/empresas.infoempleo.com\/hrtrends\/#organization\"}},{\"@type\":\"WebPage\",\"@id\":\"https:\/\/empresas.infoempleo.com\/hrtrends\/despido-por-bajo-rendimiento-laboral-como-justificarlo\/\",\"url\":\"https:\/\/empresas.infoempleo.com\/hrtrends\/despido-por-bajo-rendimiento-laboral-como-justificarlo\/\",\"name\":\"Despido por bajo rendimiento laboral: \u00bfC\u00f3mo justificarlo? | HRTRENDS\",\"isPartOf\":{\"@id\":\"https:\/\/empresas.infoempleo.com\/hrtrends\/#website\"},\"primaryImageOfPage\":{\"@id\":\"https:\/\/empresas.infoempleo.com\/hrtrends\/despido-por-bajo-rendimiento-laboral-como-justificarlo\/#primaryimage\"},\"image\":{\"@id\":\"https:\/\/empresas.infoempleo.com\/hrtrends\/despido-por-bajo-rendimiento-laboral-como-justificarlo\/#primaryimage\"},\"thumbnailUrl\":\"https:\/\/empresas.infoempleo.com\/hrtrends\/media\/2017\/05\/pexels-photo-205508.jpg\",\"datePublished\":\"2024-01-07T23:00:00+00:00\",\"dateModified\":\"2024-07-02T11:07:15+00:00\",\"breadcrumb\":{\"@id\":\"https:\/\/empresas.infoempleo.com\/hrtrends\/despido-por-bajo-rendimiento-laboral-como-justificarlo\/#breadcrumb\"},\"inLanguage\":\"es\",\"potentialAction\":[{\"@type\":\"ReadAction\",\"target\":[\"https:\/\/empresas.infoempleo.com\/hrtrends\/despido-por-bajo-rendimiento-laboral-como-justificarlo\/\"]}]},{\"@type\":\"ImageObject\",\"inLanguage\":\"es\",\"@id\":\"https:\/\/empresas.infoempleo.com\/hrtrends\/despido-por-bajo-rendimiento-laboral-como-justificarlo\/#primaryimage\",\"url\":\"https:\/\/empresas.infoempleo.com\/hrtrends\/media\/2017\/05\/pexels-photo-205508-150x150.jpg\",\"contentUrl\":\"https:\/\/empresas.infoempleo.com\/hrtrends\/media\/2017\/05\/pexels-photo-205508-150x150.jpg\",\"width\":150,\"height\":150},{\"@type\":\"BreadcrumbList\",\"@id\":\"https:\/\/empresas.infoempleo.com\/hrtrends\/despido-por-bajo-rendimiento-laboral-como-justificarlo\/#breadcrumb\",\"itemListElement\":[{\"@type\":\"ListItem\",\"position\":1,\"name\":\"Portada\",\"item\":\"https:\/\/empresas.infoempleo.com\/hrtrends\/\"},{\"@type\":\"ListItem\",\"position\":2,\"name\":\"Despido por bajo rendimiento laboral: \u00bfC\u00f3mo justificarlo?\"}]},{\"@type\":\"WebSite\",\"@id\":\"https:\/\/empresas.infoempleo.com\/hrtrends\/#website\",\"url\":\"https:\/\/empresas.infoempleo.com\/hrtrends\",\"name\":\"HRTrends by Infoempleo\",\"description\":\"\",\"publisher\":{\"@id\":\"https:\/\/empresas.infoempleo.com\/hrtrends\/#organization\"},\"potentialAction\":{\"@type\":\"SearchAction\",\"target\":\"https:\/\/empresas.infoempleo.com\/hrtrends\/?s={search_term_string}\",\"query-input\":\"required name=search_term_string\"},\"inLanguage\":\"es\"},{\"@type\":\"Organization\",\"@id\":\"https:\/\/empresas.infoempleo.com\/hrtrends\/#organization\",\"name\":\"Infoempleo\",\"url\":\"https:\/\/www.infoempleo.com\/\",\"logo\":{\"@type\":\"ImageObject\",\"@id\":\"https:\/\/empresas.infoempleo.com\/hrtrends\/#logo\",\"inLanguage\":\"es\",\"url\":\"https:\/\/cdnazure.infoempleo.com\/infoempleo\/assets\/style\/gfx\/logo.svg\",\"contentUrl\":\"https:\/\/cdnazure.infoempleo.com\/infoempleo\/assets\/style\/gfx\/logo.svg\",\"width\":150,\"height\":40,\"caption\":\"Infoempleo\"},\"image\":{\"@id\":\"https:\/\/empresas.infoempleo.com\/hrtrends\/#logo\"},\"sameAs\":[\"https:\/\/www.facebook.com\/Infoempleo\",\"https:\/\/x.com\/infoempleo\",\"http:\/\/instagram.com\/infoempleo\/\",\"http:\/\/www.linkedin.com\/groups\/Empleo-Espa\u00f1a-Infoempleocom-111276\",\"http:\/\/pinterest.com\/infoempleo\/\"],\"address\":{\"@type\":\"PostalAddress\",\"addressLocality\":\"Madrid\",\"postalCode\":\"28050\",\"streetAddress\":\"Avenida de Burgos 114\"},\"brand\":[\"Infoempleo\"]},{\"@type\":\"Person\",\"@id\":\"https:\/\/empresas.infoempleo.com\/hrtrends\/#\/schema\/person\/d24c95f005bb213d5442bfb9916f0cf1\",\"name\":\"Sandra R. Martos\",\"image\":{\"@type\":\"ImageObject\",\"inLanguage\":\"es\",\"@id\":\"https:\/\/empresas.infoempleo.com\/hrtrends\/#\/schema\/person\/image\/\",\"url\":\"https:\/\/secure.gravatar.com\/avatar\/416b738ea045864f60be6f729d868b5b8807d320c6de9f29d2506b477304ed75?s=96&d=mm&r=g\",\"contentUrl\":\"https:\/\/secure.gravatar.com\/avatar\/416b738ea045864f60be6f729d868b5b8807d320c6de9f29d2506b477304ed75?s=96&d=mm&r=g\",\"caption\":\"Sandra R. Martos\"},\"url\":\"https:\/\/empresas.infoempleo.com\/hrtrends\/author\/srmartos\/\"}]}<\/script>\n<!-- \/ Yoast SEO plugin. -->","yoast_head_json":{"title":"Despido por bajo rendimiento laboral: \u00bfC\u00f3mo justificarlo? | HRTRENDS","robots":{"index":"index","follow":"follow","max-snippet":"max-snippet:-1","max-image-preview":"max-image-preview:large","max-video-preview":"max-video-preview:-1"},"canonical":"https:\/\/empresas.infoempleo.com\/hrtrends\/despido-por-bajo-rendimiento-laboral-como-justificarlo\/","og_locale":"es_ES","og_type":"article","og_title":"Despido por bajo rendimiento laboral: \u00bfC\u00f3mo justificarlo? | HRTRENDS","og_description":"Las causas que provocan un despido por bajo rendimiento laboral pueden ser variadas. Sin embargo, esta suspensi\u00f3n de Leer m\u00e1s","og_url":"https:\/\/empresas.infoempleo.com\/hrtrends\/despido-por-bajo-rendimiento-laboral-como-justificarlo\/","og_site_name":"HRTRENDS","article_publisher":"https:\/\/www.facebook.com\/Infoempleo","article_published_time":"2024-01-07T23:00:00+00:00","article_modified_time":"2024-07-02T11:07:15+00:00","author":"Sandra R. Martos","twitter_card":"summary_large_image","twitter_creator":"@infoempleo","twitter_site":"@infoempleo","twitter_misc":{"Escrito por":"Sandra R. Martos","Tiempo de lectura":"3 minutos"},"schema":{"@context":"https:\/\/schema.org","@graph":[{"@type":"NewsArticle","@id":"https:\/\/empresas.infoempleo.com\/hrtrends\/despido-por-bajo-rendimiento-laboral-como-justificarlo\/#article","isPartOf":{"@id":"https:\/\/empresas.infoempleo.com\/hrtrends\/despido-por-bajo-rendimiento-laboral-como-justificarlo\/"},"author":{"name":"Sandra R. Martos","@id":"https:\/\/empresas.infoempleo.com\/hrtrends\/#\/schema\/person\/d24c95f005bb213d5442bfb9916f0cf1"},"headline":"Despido por bajo rendimiento laboral: \u00bfC\u00f3mo justificarlo?","datePublished":"2024-01-07T23:00:00+00:00","dateModified":"2024-07-02T11:07:15+00:00","mainEntityOfPage":{"@id":"https:\/\/empresas.infoempleo.com\/hrtrends\/despido-por-bajo-rendimiento-laboral-como-justificarlo\/"},"wordCount":575,"publisher":{"@id":"https:\/\/empresas.infoempleo.com\/hrtrends\/#organization"},"image":{"@id":"https:\/\/empresas.infoempleo.com\/hrtrends\/despido-por-bajo-rendimiento-laboral-como-justificarlo\/#primaryimage"},"thumbnailUrl":"https:\/\/empresas.infoempleo.com\/hrtrends\/media\/2017\/05\/pexels-photo-205508.jpg","articleSection":["Actualidad"],"inLanguage":"es","copyrightYear":"2024","copyrightHolder":{"@id":"https:\/\/empresas.infoempleo.com\/hrtrends\/#organization"}},{"@type":"WebPage","@id":"https:\/\/empresas.infoempleo.com\/hrtrends\/despido-por-bajo-rendimiento-laboral-como-justificarlo\/","url":"https:\/\/empresas.infoempleo.com\/hrtrends\/despido-por-bajo-rendimiento-laboral-como-justificarlo\/","name":"Despido por bajo rendimiento laboral: \u00bfC\u00f3mo justificarlo? | HRTRENDS","isPartOf":{"@id":"https:\/\/empresas.infoempleo.com\/hrtrends\/#website"},"primaryImageOfPage":{"@id":"https:\/\/empresas.infoempleo.com\/hrtrends\/despido-por-bajo-rendimiento-laboral-como-justificarlo\/#primaryimage"},"image":{"@id":"https:\/\/empresas.infoempleo.com\/hrtrends\/despido-por-bajo-rendimiento-laboral-como-justificarlo\/#primaryimage"},"thumbnailUrl":"https:\/\/empresas.infoempleo.com\/hrtrends\/media\/2017\/05\/pexels-photo-205508.jpg","datePublished":"2024-01-07T23:00:00+00:00","dateModified":"2024-07-02T11:07:15+00:00","breadcrumb":{"@id":"https:\/\/empresas.infoempleo.com\/hrtrends\/despido-por-bajo-rendimiento-laboral-como-justificarlo\/#breadcrumb"},"inLanguage":"es","potentialAction":[{"@type":"ReadAction","target":["https:\/\/empresas.infoempleo.com\/hrtrends\/despido-por-bajo-rendimiento-laboral-como-justificarlo\/"]}]},{"@type":"ImageObject","inLanguage":"es","@id":"https:\/\/empresas.infoempleo.com\/hrtrends\/despido-por-bajo-rendimiento-laboral-como-justificarlo\/#primaryimage","url":"https:\/\/empresas.infoempleo.com\/hrtrends\/media\/2017\/05\/pexels-photo-205508-150x150.jpg","contentUrl":"https:\/\/empresas.infoempleo.com\/hrtrends\/media\/2017\/05\/pexels-photo-205508-150x150.jpg","width":150,"height":150},{"@type":"BreadcrumbList","@id":"https:\/\/empresas.infoempleo.com\/hrtrends\/despido-por-bajo-rendimiento-laboral-como-justificarlo\/#breadcrumb","itemListElement":[{"@type":"ListItem","position":1,"name":"Portada","item":"https:\/\/empresas.infoempleo.com\/hrtrends\/"},{"@type":"ListItem","position":2,"name":"Despido por bajo rendimiento laboral: \u00bfC\u00f3mo justificarlo?"}]},{"@type":"WebSite","@id":"https:\/\/empresas.infoempleo.com\/hrtrends\/#website","url":"https:\/\/empresas.infoempleo.com\/hrtrends","name":"HRTrends by Infoempleo","description":"","publisher":{"@id":"https:\/\/empresas.infoempleo.com\/hrtrends\/#organization"},"potentialAction":{"@type":"SearchAction","target":"https:\/\/empresas.infoempleo.com\/hrtrends\/?s={search_term_string}","query-input":"required name=search_term_string"},"inLanguage":"es"},{"@type":"Organization","@id":"https:\/\/empresas.infoempleo.com\/hrtrends\/#organization","name":"Infoempleo","url":"https:\/\/www.infoempleo.com\/","logo":{"@type":"ImageObject","@id":"https:\/\/empresas.infoempleo.com\/hrtrends\/#logo","inLanguage":"es","url":"https:\/\/cdnazure.infoempleo.com\/infoempleo\/assets\/style\/gfx\/logo.svg","contentUrl":"https:\/\/cdnazure.infoempleo.com\/infoempleo\/assets\/style\/gfx\/logo.svg","width":150,"height":40,"caption":"Infoempleo"},"image":{"@id":"https:\/\/empresas.infoempleo.com\/hrtrends\/#logo"},"sameAs":["https:\/\/www.facebook.com\/Infoempleo","https:\/\/x.com\/infoempleo","http:\/\/instagram.com\/infoempleo\/","http:\/\/www.linkedin.com\/groups\/Empleo-Espa\u00f1a-Infoempleocom-111276","http:\/\/pinterest.com\/infoempleo\/"],"address":{"@type":"PostalAddress","addressLocality":"Madrid","postalCode":"28050","streetAddress":"Avenida de Burgos 114"},"brand":["Infoempleo"]},{"@type":"Person","@id":"https:\/\/empresas.infoempleo.com\/hrtrends\/#\/schema\/person\/d24c95f005bb213d5442bfb9916f0cf1","name":"Sandra R. Martos","image":{"@type":"ImageObject","inLanguage":"es","@id":"https:\/\/empresas.infoempleo.com\/hrtrends\/#\/schema\/person\/image\/","url":"https:\/\/secure.gravatar.com\/avatar\/416b738ea045864f60be6f729d868b5b8807d320c6de9f29d2506b477304ed75?s=96&d=mm&r=g","contentUrl":"https:\/\/secure.gravatar.com\/avatar\/416b738ea045864f60be6f729d868b5b8807d320c6de9f29d2506b477304ed75?s=96&d=mm&r=g","caption":"Sandra R. Martos"},"url":"https:\/\/empresas.infoempleo.com\/hrtrends\/author\/srmartos\/"}]}},"amp_enabled":true,"_links":{"self":[{"href":"https:\/\/empresas.infoempleo.com\/hrtrends\/wp-json\/wp\/v2\/posts\/43728","targetHints":{"allow":["GET"]}}],"collection":[{"href":"https:\/\/empresas.infoempleo.com\/hrtrends\/wp-json\/wp\/v2\/posts"}],"about":[{"href":"https:\/\/empresas.infoempleo.com\/hrtrends\/wp-json\/wp\/v2\/types\/post"}],"author":[{"embeddable":true,"href":"https:\/\/empresas.infoempleo.com\/hrtrends\/wp-json\/wp\/v2\/users\/146"}],"replies":[{"embeddable":true,"href":"https:\/\/empresas.infoempleo.com\/hrtrends\/wp-json\/wp\/v2\/comments?post=43728"}],"version-history":[{"count":4,"href":"https:\/\/empresas.infoempleo.com\/hrtrends\/wp-json\/wp\/v2\/posts\/43728\/revisions"}],"predecessor-version":[{"id":43998,"href":"https:\/\/empresas.infoempleo.com\/hrtrends\/wp-json\/wp\/v2\/posts\/43728\/revisions\/43998"}],"wp:featuredmedia":[{"embeddable":true,"href":"https:\/\/empresas.infoempleo.com\/hrtrends\/wp-json\/wp\/v2\/media\/29665"}],"wp:attachment":[{"href":"https:\/\/empresas.infoempleo.com\/hrtrends\/wp-json\/wp\/v2\/media?parent=43728"}],"wp:term":[{"taxonomy":"category","embeddable":true,"href":"https:\/\/empresas.infoempleo.com\/hrtrends\/wp-json\/wp\/v2\/categories?post=43728"},{"taxonomy":"post_tag","embeddable":true,"href":"https:\/\/empresas.infoempleo.com\/hrtrends\/wp-json\/wp\/v2\/tags?post=43728"}],"curies":[{"name":"wp","href":"https:\/\/api.w.org\/{rel}","templated":true}]}}