{"id":43717,"date":"2023-07-01T00:00:00","date_gmt":"2023-06-30T23:00:00","guid":{"rendered":"https:\/\/empresas.infoempleo.com\/hrtrends\/?p=43717"},"modified":"2024-07-03T14:45:11","modified_gmt":"2024-07-03T12:45:11","slug":"4-libros-de-recursos-humanos-que-debes-leer-este-verano","status":"publish","type":"post","link":"https:\/\/empresas.infoempleo.com\/hrtrends\/4-libros-de-recursos-humanos-que-debes-leer-este-verano\/","title":{"rendered":"4 libros de Recursos Humanos que debes leer este verano"},"content":{"rendered":"<p>Para estar al tanto de las tendencias, las novedades o los avances que se producen en cualquier sector, es imprescindible leer con cierta asiduidad. Por eso, ahora que llega el verano, es un buen momento para llevarte a la playa o a la monta\u00f1a algunos libros de Recursos Humanos. En este art\u00edculo queremos recomendarte <strong>cuatro libros de actualidad en RRHH<\/strong>,\u00a0 interesantes <strong>para mantenerse al d\u00eda en el ejercicio de la gesti\u00f3n de personas<\/strong> en las empresas.<\/p>\n<h2>Haz hueco en tu estanter\u00eda a estos libros de Recursos Humanos<\/h2>\n<p>Hacer listas es un ejercicio totalmente subjetivo. Por tanto, no encontrar\u00e1s aqu\u00ed otra lista m\u00e1s con los diez mejores libros de Recursos Humanos. Pero s\u00ed algunos que sabemos que <strong>pueden ayudarte en tu d\u00eda a d\u00eda<\/strong>, bien sea por su visi\u00f3n de futuro, por ser rigurosos estudios de campo o porque sus postulados siguen estando vigentes a d\u00eda de hoy. A partir de ah\u00ed, y en funci\u00f3n de tus intereses y necesidades formativas, existe un inabarcable espacio de lectura.<\/p>\n<p>Los <strong>libros de cabecera<\/strong> <strong>en RRHH que te recomendamos<\/strong> para leer en verano son los siguientes:<\/p>\n<ul>\n<li><em>Aprendiendo de los mejores: Tu desarrollo personal es tu destino,<\/em> de Francisco Alcaide: un libro donde personalidades como Richard Branson, Steve Jobs, Robert Kiyosaki y muchas m\u00e1s nos hablan de sus experiencias en la gesti\u00f3n y el desarrollo de personas en la empresa. Tambi\u00e9n aparecen otras interesantes reflexiones sobre la vida cotidiana que servir\u00e1n de gu\u00eda y de inspiraci\u00f3n para nuestra propia experiencia laboral.<\/li>\n<li><em>Las 21 leyes irrefutables del liderazgo,<\/em> de John C. Maxwell: un aut\u00e9ntico best seller, un cl\u00e1sico cuyas directrices para la gesti\u00f3n de equipos y la pr\u00e1ctica del liderazgo todav\u00eda siguen vigentes, aplic\u00e1ndose en cientos de empresas de todo el mundo.<\/li>\n<li><em><a href=\"https:\/\/empresas.infoempleo.com\/hrtrends\/knowmads-pueden-nuevo-perfil-laboral-del-futuro\/\" target=\"_blank\" rel=\"noopener\">Knowmad. Los trabajadores del futuro<\/a>,<\/em> de Raquel Roca: una gu\u00eda b\u00e1sica e imprescindible para conocer hacia donde se dirige el mercado y el mundo de la empresa en los pr\u00f3ximos a\u00f1os y qu\u00e9 cambios de mentalidad se deben producir en empresas y trabajadores para tener \u00e9xito en este nuevo escenario.<\/li>\n<li><em>La nueva f\u00f3rmula del trabajo,<\/em> de Laszlo Bock: una de las novedades de este a\u00f1o. Un libro escrito por uno de los hombres fuertes de Google, experto en gesti\u00f3n de personas y que arroja un nuevo paradigma sobre la forma en la que debemos pensar el trabajo y la direcci\u00f3n de equipos en la empresa.<\/li>\n<\/ul>\n<p>&nbsp;<\/p>\n<h2>Los nuevos espacios de divulgaci\u00f3n y aprendizaje<\/h2>\n<p>Como todo profesional de los recursos sabe, <strong>si un h\u00e1bito no est\u00e1 desarrollado suficientemente, se puede trabajar<\/strong>. Incluyendo el h\u00e1bito de la lectura. Basta con <strong>encontrar un libro<\/strong> que realmente <strong>nos interese y nos aporte<\/strong> en lo personal y lo profesional, y espacio de tranquilidad para disfrutarlo. Hoy en d\u00eda, adem\u00e1s, <strong>el formato e-book<\/strong> nos permite acceder a la literatura <strong>de forma r\u00e1pida y sencilla<\/strong>, utilizando los dispositivos m\u00f3viles con los que interactuamos constantemente. Por tanto, ya no hay excusas. Debemos actualizarnos.<\/p>\n<p>No obstante, las nuevas tecnolog\u00edas tambi\u00e9n han revolucionado el acceso a cualquier tipo de contenido. En el \u00e1mbito de los Recursos Humanos, concretamente, <strong>existen otros formatos<\/strong> y herramientas que tambi\u00e9n nos <strong>ayudan<\/strong> a <strong>mantenernos actualizados.<\/strong><\/p>\n<p>Uno de ellos es el <strong><a href=\"https:\/\/empresas.infoempleo.com\/hrtrends\/5-podcasts-sobre-recursos-humanos-que-no-te-puedes-perder-en-2023\/\" target=\"_blank\" rel=\"noopener\">podcast especializado en recursos humanos<\/a><\/strong> o liderazgo. Estos contenidos se encuentran en plataformas como iVoox, Podium Podcast o Spotify, entre otras. En un podcast de este tipo, <strong>decenas de especialistas<\/strong> de todo el mundo llevan a cabo <strong>entrevistas<\/strong>, plantean <strong>reflexiones <\/strong>o lanzan un sinf\u00edn de <strong><em>masterclass <\/em>con contenidos interesantes y actualizados<\/strong> sobre la pr\u00e1ctica diaria de la gesti\u00f3n de personas.<\/p>\n<p>Y nos olvidemos del<strong> videoblog <\/strong>que en plataformas como <strong>Youtube<\/strong> o <strong>TikTok<\/strong> tambi\u00e9n constituyen ya una de las principales v\u00edas de acceso a estos contenidos profesionales y especializados en Recursos Humanos.<\/p>\n","protected":false},"excerpt":{"rendered":"<p>Para estar al tanto de las tendencias, las novedades o los avances que se producen en cualquier sector,<a class=\"moretag\" href=\"https:\/\/empresas.infoempleo.com\/hrtrends\/4-libros-de-recursos-humanos-que-debes-leer-este-verano\/\"> Leer m\u00e1s<\/a><\/p>\n","protected":false},"author":142,"featured_media":29665,"comment_status":"closed","ping_status":"closed","sticky":false,"template":"","format":"standard","meta":{"footnotes":""},"categories":[3032],"tags":[],"class_list":["post-43717","post","type-post","status-publish","format-standard","has-post-thumbnail","hentry","category-formacion"],"yoast_head":"<!-- This site is optimized with the Yoast SEO plugin v26.1.1 - https:\/\/yoast.com\/wordpress\/plugins\/seo\/ -->\n<title>4 libros de Recursos Humanos que debes leer este verano | HRTRENDS<\/title>\n<meta name=\"robots\" content=\"index, follow, max-snippet:-1, max-image-preview:large, max-video-preview:-1\" \/>\n<link rel=\"canonical\" href=\"https:\/\/empresas.infoempleo.com\/hrtrends\/4-libros-de-recursos-humanos-que-debes-leer-este-verano\/\" \/>\n<meta property=\"og:locale\" content=\"es_ES\" \/>\n<meta property=\"og:type\" content=\"article\" \/>\n<meta property=\"og:title\" content=\"4 libros de Recursos Humanos que debes leer este verano | HRTRENDS\" \/>\n<meta property=\"og:description\" content=\"Para estar al tanto de las tendencias, las novedades o los avances que se producen en cualquier sector, Leer m\u00e1s\" \/>\n<meta property=\"og:url\" content=\"https:\/\/empresas.infoempleo.com\/hrtrends\/4-libros-de-recursos-humanos-que-debes-leer-este-verano\/\" \/>\n<meta property=\"og:site_name\" content=\"HRTRENDS\" \/>\n<meta property=\"article:publisher\" content=\"https:\/\/www.facebook.com\/Infoempleo\" \/>\n<meta property=\"article:published_time\" content=\"2023-06-30T23:00:00+00:00\" \/>\n<meta property=\"article:modified_time\" content=\"2024-07-03T12:45:11+00:00\" \/>\n<meta name=\"author\" content=\"Javier F. Parra\" \/>\n<meta name=\"twitter:card\" content=\"summary_large_image\" \/>\n<meta name=\"twitter:creator\" content=\"@infoempleo\" \/>\n<meta name=\"twitter:site\" content=\"@infoempleo\" \/>\n<meta name=\"twitter:label1\" content=\"Escrito por\" \/>\n\t<meta name=\"twitter:data1\" content=\"Javier F. Parra\" \/>\n\t<meta name=\"twitter:label2\" content=\"Tiempo de lectura\" \/>\n\t<meta name=\"twitter:data2\" content=\"3 minutos\" \/>\n<script type=\"application\/ld+json\" class=\"yoast-schema-graph\">{\"@context\":\"https:\/\/schema.org\",\"@graph\":[{\"@type\":\"NewsArticle\",\"@id\":\"https:\/\/empresas.infoempleo.com\/hrtrends\/4-libros-de-recursos-humanos-que-debes-leer-este-verano\/#article\",\"isPartOf\":{\"@id\":\"https:\/\/empresas.infoempleo.com\/hrtrends\/4-libros-de-recursos-humanos-que-debes-leer-este-verano\/\"},\"author\":{\"name\":\"Javier F. Parra\",\"@id\":\"https:\/\/empresas.infoempleo.com\/hrtrends\/#\/schema\/person\/bfe2fef977b750c22ac6f7d254c75afe\"},\"headline\":\"4 libros de Recursos Humanos que debes leer este verano\",\"datePublished\":\"2023-06-30T23:00:00+00:00\",\"dateModified\":\"2024-07-03T12:45:11+00:00\",\"mainEntityOfPage\":{\"@id\":\"https:\/\/empresas.infoempleo.com\/hrtrends\/4-libros-de-recursos-humanos-que-debes-leer-este-verano\/\"},\"wordCount\":667,\"publisher\":{\"@id\":\"https:\/\/empresas.infoempleo.com\/hrtrends\/#organization\"},\"image\":{\"@id\":\"https:\/\/empresas.infoempleo.com\/hrtrends\/4-libros-de-recursos-humanos-que-debes-leer-este-verano\/#primaryimage\"},\"thumbnailUrl\":\"https:\/\/empresas.infoempleo.com\/hrtrends\/media\/2017\/05\/pexels-photo-205508.jpg\",\"articleSection\":[\"Formaci\u00f3n\"],\"inLanguage\":\"es\",\"copyrightYear\":\"2023\",\"copyrightHolder\":{\"@id\":\"https:\/\/empresas.infoempleo.com\/hrtrends\/#organization\"}},{\"@type\":\"WebPage\",\"@id\":\"https:\/\/empresas.infoempleo.com\/hrtrends\/4-libros-de-recursos-humanos-que-debes-leer-este-verano\/\",\"url\":\"https:\/\/empresas.infoempleo.com\/hrtrends\/4-libros-de-recursos-humanos-que-debes-leer-este-verano\/\",\"name\":\"4 libros de Recursos Humanos que debes leer este verano | HRTRENDS\",\"isPartOf\":{\"@id\":\"https:\/\/empresas.infoempleo.com\/hrtrends\/#website\"},\"primaryImageOfPage\":{\"@id\":\"https:\/\/empresas.infoempleo.com\/hrtrends\/4-libros-de-recursos-humanos-que-debes-leer-este-verano\/#primaryimage\"},\"image\":{\"@id\":\"https:\/\/empresas.infoempleo.com\/hrtrends\/4-libros-de-recursos-humanos-que-debes-leer-este-verano\/#primaryimage\"},\"thumbnailUrl\":\"https:\/\/empresas.infoempleo.com\/hrtrends\/media\/2017\/05\/pexels-photo-205508.jpg\",\"datePublished\":\"2023-06-30T23:00:00+00:00\",\"dateModified\":\"2024-07-03T12:45:11+00:00\",\"breadcrumb\":{\"@id\":\"https:\/\/empresas.infoempleo.com\/hrtrends\/4-libros-de-recursos-humanos-que-debes-leer-este-verano\/#breadcrumb\"},\"inLanguage\":\"es\",\"potentialAction\":[{\"@type\":\"ReadAction\",\"target\":[\"https:\/\/empresas.infoempleo.com\/hrtrends\/4-libros-de-recursos-humanos-que-debes-leer-este-verano\/\"]}]},{\"@type\":\"ImageObject\",\"inLanguage\":\"es\",\"@id\":\"https:\/\/empresas.infoempleo.com\/hrtrends\/4-libros-de-recursos-humanos-que-debes-leer-este-verano\/#primaryimage\",\"url\":\"https:\/\/empresas.infoempleo.com\/hrtrends\/media\/2017\/05\/pexels-photo-205508-150x150.jpg\",\"contentUrl\":\"https:\/\/empresas.infoempleo.com\/hrtrends\/media\/2017\/05\/pexels-photo-205508-150x150.jpg\",\"width\":150,\"height\":150},{\"@type\":\"BreadcrumbList\",\"@id\":\"https:\/\/empresas.infoempleo.com\/hrtrends\/4-libros-de-recursos-humanos-que-debes-leer-este-verano\/#breadcrumb\",\"itemListElement\":[{\"@type\":\"ListItem\",\"position\":1,\"name\":\"Portada\",\"item\":\"https:\/\/empresas.infoempleo.com\/hrtrends\/\"},{\"@type\":\"ListItem\",\"position\":2,\"name\":\"4 libros de Recursos Humanos que debes leer este verano\"}]},{\"@type\":\"WebSite\",\"@id\":\"https:\/\/empresas.infoempleo.com\/hrtrends\/#website\",\"url\":\"https:\/\/empresas.infoempleo.com\/hrtrends\",\"name\":\"HRTrends by Infoempleo\",\"description\":\"\",\"publisher\":{\"@id\":\"https:\/\/empresas.infoempleo.com\/hrtrends\/#organization\"},\"potentialAction\":{\"@type\":\"SearchAction\",\"target\":\"https:\/\/empresas.infoempleo.com\/hrtrends\/?s={search_term_string}\",\"query-input\":\"required name=search_term_string\"},\"inLanguage\":\"es\"},{\"@type\":\"Organization\",\"@id\":\"https:\/\/empresas.infoempleo.com\/hrtrends\/#organization\",\"name\":\"Infoempleo\",\"url\":\"https:\/\/www.infoempleo.com\/\",\"logo\":{\"@type\":\"ImageObject\",\"@id\":\"https:\/\/empresas.infoempleo.com\/hrtrends\/#logo\",\"inLanguage\":\"es\",\"url\":\"https:\/\/cdnazure.infoempleo.com\/infoempleo\/assets\/style\/gfx\/logo.svg\",\"contentUrl\":\"https:\/\/cdnazure.infoempleo.com\/infoempleo\/assets\/style\/gfx\/logo.svg\",\"width\":150,\"height\":40,\"caption\":\"Infoempleo\"},\"image\":{\"@id\":\"https:\/\/empresas.infoempleo.com\/hrtrends\/#logo\"},\"sameAs\":[\"https:\/\/www.facebook.com\/Infoempleo\",\"https:\/\/x.com\/infoempleo\",\"http:\/\/instagram.com\/infoempleo\/\",\"http:\/\/www.linkedin.com\/groups\/Empleo-Espa\u00f1a-Infoempleocom-111276\",\"http:\/\/pinterest.com\/infoempleo\/\"],\"address\":{\"@type\":\"PostalAddress\",\"addressLocality\":\"Madrid\",\"postalCode\":\"28050\",\"streetAddress\":\"Avenida de Burgos 114\"},\"brand\":[\"Infoempleo\"]},{\"@type\":\"Person\",\"@id\":\"https:\/\/empresas.infoempleo.com\/hrtrends\/#\/schema\/person\/bfe2fef977b750c22ac6f7d254c75afe\",\"name\":\"Javier F. Parra\",\"image\":{\"@type\":\"ImageObject\",\"inLanguage\":\"es\",\"@id\":\"https:\/\/empresas.infoempleo.com\/hrtrends\/#\/schema\/person\/image\/\",\"url\":\"https:\/\/secure.gravatar.com\/avatar\/cc7a816c43a98631bfc25486db802fb539f4c937146762f45a94d9b4d1ea0721?s=96&d=mm&r=g\",\"contentUrl\":\"https:\/\/secure.gravatar.com\/avatar\/cc7a816c43a98631bfc25486db802fb539f4c937146762f45a94d9b4d1ea0721?s=96&d=mm&r=g\",\"caption\":\"Javier F. Parra\"},\"description\":\"Licenciado en Pedagog\u00eda Sociolaboral. M\u00e1ster en Direcci\u00f3n y Gesti\u00f3n de Recursos Humanos y Postgrado en Prevenci\u00f3n de Riesgos Laborales. Desde hace m\u00e1s de 15 a\u00f1os me dedico a la formaci\u00f3n, la asesor\u00eda de empresas y al apoyo directo a personas que quieren emprender un negocio. Me interesan la pol\u00edtica, la literatura, la Historia y las personas, aunque no necesariamente en ese orden.\",\"url\":\"https:\/\/empresas.infoempleo.com\/hrtrends\/author\/javieryerro80gmail-com\/\"}]}<\/script>\n<!-- \/ Yoast SEO plugin. -->","yoast_head_json":{"title":"4 libros de Recursos Humanos que debes leer este verano | HRTRENDS","robots":{"index":"index","follow":"follow","max-snippet":"max-snippet:-1","max-image-preview":"max-image-preview:large","max-video-preview":"max-video-preview:-1"},"canonical":"https:\/\/empresas.infoempleo.com\/hrtrends\/4-libros-de-recursos-humanos-que-debes-leer-este-verano\/","og_locale":"es_ES","og_type":"article","og_title":"4 libros de Recursos Humanos que debes leer este verano | HRTRENDS","og_description":"Para estar al tanto de las tendencias, las novedades o los avances que se producen en cualquier sector, Leer m\u00e1s","og_url":"https:\/\/empresas.infoempleo.com\/hrtrends\/4-libros-de-recursos-humanos-que-debes-leer-este-verano\/","og_site_name":"HRTRENDS","article_publisher":"https:\/\/www.facebook.com\/Infoempleo","article_published_time":"2023-06-30T23:00:00+00:00","article_modified_time":"2024-07-03T12:45:11+00:00","author":"Javier F. Parra","twitter_card":"summary_large_image","twitter_creator":"@infoempleo","twitter_site":"@infoempleo","twitter_misc":{"Escrito por":"Javier F. Parra","Tiempo de lectura":"3 minutos"},"schema":{"@context":"https:\/\/schema.org","@graph":[{"@type":"NewsArticle","@id":"https:\/\/empresas.infoempleo.com\/hrtrends\/4-libros-de-recursos-humanos-que-debes-leer-este-verano\/#article","isPartOf":{"@id":"https:\/\/empresas.infoempleo.com\/hrtrends\/4-libros-de-recursos-humanos-que-debes-leer-este-verano\/"},"author":{"name":"Javier F. Parra","@id":"https:\/\/empresas.infoempleo.com\/hrtrends\/#\/schema\/person\/bfe2fef977b750c22ac6f7d254c75afe"},"headline":"4 libros de Recursos Humanos que debes leer este verano","datePublished":"2023-06-30T23:00:00+00:00","dateModified":"2024-07-03T12:45:11+00:00","mainEntityOfPage":{"@id":"https:\/\/empresas.infoempleo.com\/hrtrends\/4-libros-de-recursos-humanos-que-debes-leer-este-verano\/"},"wordCount":667,"publisher":{"@id":"https:\/\/empresas.infoempleo.com\/hrtrends\/#organization"},"image":{"@id":"https:\/\/empresas.infoempleo.com\/hrtrends\/4-libros-de-recursos-humanos-que-debes-leer-este-verano\/#primaryimage"},"thumbnailUrl":"https:\/\/empresas.infoempleo.com\/hrtrends\/media\/2017\/05\/pexels-photo-205508.jpg","articleSection":["Formaci\u00f3n"],"inLanguage":"es","copyrightYear":"2023","copyrightHolder":{"@id":"https:\/\/empresas.infoempleo.com\/hrtrends\/#organization"}},{"@type":"WebPage","@id":"https:\/\/empresas.infoempleo.com\/hrtrends\/4-libros-de-recursos-humanos-que-debes-leer-este-verano\/","url":"https:\/\/empresas.infoempleo.com\/hrtrends\/4-libros-de-recursos-humanos-que-debes-leer-este-verano\/","name":"4 libros de Recursos Humanos que debes leer este verano | HRTRENDS","isPartOf":{"@id":"https:\/\/empresas.infoempleo.com\/hrtrends\/#website"},"primaryImageOfPage":{"@id":"https:\/\/empresas.infoempleo.com\/hrtrends\/4-libros-de-recursos-humanos-que-debes-leer-este-verano\/#primaryimage"},"image":{"@id":"https:\/\/empresas.infoempleo.com\/hrtrends\/4-libros-de-recursos-humanos-que-debes-leer-este-verano\/#primaryimage"},"thumbnailUrl":"https:\/\/empresas.infoempleo.com\/hrtrends\/media\/2017\/05\/pexels-photo-205508.jpg","datePublished":"2023-06-30T23:00:00+00:00","dateModified":"2024-07-03T12:45:11+00:00","breadcrumb":{"@id":"https:\/\/empresas.infoempleo.com\/hrtrends\/4-libros-de-recursos-humanos-que-debes-leer-este-verano\/#breadcrumb"},"inLanguage":"es","potentialAction":[{"@type":"ReadAction","target":["https:\/\/empresas.infoempleo.com\/hrtrends\/4-libros-de-recursos-humanos-que-debes-leer-este-verano\/"]}]},{"@type":"ImageObject","inLanguage":"es","@id":"https:\/\/empresas.infoempleo.com\/hrtrends\/4-libros-de-recursos-humanos-que-debes-leer-este-verano\/#primaryimage","url":"https:\/\/empresas.infoempleo.com\/hrtrends\/media\/2017\/05\/pexels-photo-205508-150x150.jpg","contentUrl":"https:\/\/empresas.infoempleo.com\/hrtrends\/media\/2017\/05\/pexels-photo-205508-150x150.jpg","width":150,"height":150},{"@type":"BreadcrumbList","@id":"https:\/\/empresas.infoempleo.com\/hrtrends\/4-libros-de-recursos-humanos-que-debes-leer-este-verano\/#breadcrumb","itemListElement":[{"@type":"ListItem","position":1,"name":"Portada","item":"https:\/\/empresas.infoempleo.com\/hrtrends\/"},{"@type":"ListItem","position":2,"name":"4 libros de Recursos Humanos que debes leer este verano"}]},{"@type":"WebSite","@id":"https:\/\/empresas.infoempleo.com\/hrtrends\/#website","url":"https:\/\/empresas.infoempleo.com\/hrtrends","name":"HRTrends by Infoempleo","description":"","publisher":{"@id":"https:\/\/empresas.infoempleo.com\/hrtrends\/#organization"},"potentialAction":{"@type":"SearchAction","target":"https:\/\/empresas.infoempleo.com\/hrtrends\/?s={search_term_string}","query-input":"required name=search_term_string"},"inLanguage":"es"},{"@type":"Organization","@id":"https:\/\/empresas.infoempleo.com\/hrtrends\/#organization","name":"Infoempleo","url":"https:\/\/www.infoempleo.com\/","logo":{"@type":"ImageObject","@id":"https:\/\/empresas.infoempleo.com\/hrtrends\/#logo","inLanguage":"es","url":"https:\/\/cdnazure.infoempleo.com\/infoempleo\/assets\/style\/gfx\/logo.svg","contentUrl":"https:\/\/cdnazure.infoempleo.com\/infoempleo\/assets\/style\/gfx\/logo.svg","width":150,"height":40,"caption":"Infoempleo"},"image":{"@id":"https:\/\/empresas.infoempleo.com\/hrtrends\/#logo"},"sameAs":["https:\/\/www.facebook.com\/Infoempleo","https:\/\/x.com\/infoempleo","http:\/\/instagram.com\/infoempleo\/","http:\/\/www.linkedin.com\/groups\/Empleo-Espa\u00f1a-Infoempleocom-111276","http:\/\/pinterest.com\/infoempleo\/"],"address":{"@type":"PostalAddress","addressLocality":"Madrid","postalCode":"28050","streetAddress":"Avenida de Burgos 114"},"brand":["Infoempleo"]},{"@type":"Person","@id":"https:\/\/empresas.infoempleo.com\/hrtrends\/#\/schema\/person\/bfe2fef977b750c22ac6f7d254c75afe","name":"Javier F. Parra","image":{"@type":"ImageObject","inLanguage":"es","@id":"https:\/\/empresas.infoempleo.com\/hrtrends\/#\/schema\/person\/image\/","url":"https:\/\/secure.gravatar.com\/avatar\/cc7a816c43a98631bfc25486db802fb539f4c937146762f45a94d9b4d1ea0721?s=96&d=mm&r=g","contentUrl":"https:\/\/secure.gravatar.com\/avatar\/cc7a816c43a98631bfc25486db802fb539f4c937146762f45a94d9b4d1ea0721?s=96&d=mm&r=g","caption":"Javier F. Parra"},"description":"Licenciado en Pedagog\u00eda Sociolaboral. M\u00e1ster en Direcci\u00f3n y Gesti\u00f3n de Recursos Humanos y Postgrado en Prevenci\u00f3n de Riesgos Laborales. Desde hace m\u00e1s de 15 a\u00f1os me dedico a la formaci\u00f3n, la asesor\u00eda de empresas y al apoyo directo a personas que quieren emprender un negocio. Me interesan la pol\u00edtica, la literatura, la Historia y las personas, aunque no necesariamente en ese orden.","url":"https:\/\/empresas.infoempleo.com\/hrtrends\/author\/javieryerro80gmail-com\/"}]}},"amp_enabled":true,"_links":{"self":[{"href":"https:\/\/empresas.infoempleo.com\/hrtrends\/wp-json\/wp\/v2\/posts\/43717","targetHints":{"allow":["GET"]}}],"collection":[{"href":"https:\/\/empresas.infoempleo.com\/hrtrends\/wp-json\/wp\/v2\/posts"}],"about":[{"href":"https:\/\/empresas.infoempleo.com\/hrtrends\/wp-json\/wp\/v2\/types\/post"}],"author":[{"embeddable":true,"href":"https:\/\/empresas.infoempleo.com\/hrtrends\/wp-json\/wp\/v2\/users\/142"}],"replies":[{"embeddable":true,"href":"https:\/\/empresas.infoempleo.com\/hrtrends\/wp-json\/wp\/v2\/comments?post=43717"}],"version-history":[{"count":2,"href":"https:\/\/empresas.infoempleo.com\/hrtrends\/wp-json\/wp\/v2\/posts\/43717\/revisions"}],"predecessor-version":[{"id":44202,"href":"https:\/\/empresas.infoempleo.com\/hrtrends\/wp-json\/wp\/v2\/posts\/43717\/revisions\/44202"}],"wp:featuredmedia":[{"embeddable":true,"href":"https:\/\/empresas.infoempleo.com\/hrtrends\/wp-json\/wp\/v2\/media\/29665"}],"wp:attachment":[{"href":"https:\/\/empresas.infoempleo.com\/hrtrends\/wp-json\/wp\/v2\/media?parent=43717"}],"wp:term":[{"taxonomy":"category","embeddable":true,"href":"https:\/\/empresas.infoempleo.com\/hrtrends\/wp-json\/wp\/v2\/categories?post=43717"},{"taxonomy":"post_tag","embeddable":true,"href":"https:\/\/empresas.infoempleo.com\/hrtrends\/wp-json\/wp\/v2\/tags?post=43717"}],"curies":[{"name":"wp","href":"https:\/\/api.w.org\/{rel}","templated":true}]}}