{"id":43715,"date":"2023-10-17T00:00:00","date_gmt":"2023-10-16T23:00:00","guid":{"rendered":"https:\/\/empresas.infoempleo.com\/hrtrends\/?p=43715"},"modified":"2024-07-02T17:20:38","modified_gmt":"2024-07-02T15:20:38","slug":"los-7-problemas-mas-comunes-en-el-dia-a-dia-de-los-directivos-de-recursos-humanos","status":"publish","type":"post","link":"https:\/\/empresas.infoempleo.com\/hrtrends\/los-7-problemas-mas-comunes-en-el-dia-a-dia-de-los-directivos-de-recursos-humanos\/","title":{"rendered":"Los 7 problemas m\u00e1s comunes en el d\u00eda a d\u00eda de los directivos de Recursos Humanos"},"content":{"rendered":"<p>El d\u00eda a d\u00eda de los <strong>directivos de Recursos Humanos<\/strong> puede llegar a ser agotador si no cuentas con una plan que apueste por la<strong> cultura organizacional<\/strong> y la <strong>retenci\u00f3n del talento<\/strong>. Mantenerse informado sobre la <strong>legalidad<\/strong> <strong>vigente<\/strong>, programar la <strong>formaci\u00f3n<\/strong> y el desarrollo profesional para <strong>mantener motivado al personal<\/strong> o repartir el esfuerzo del equipo m\u00e1s all\u00e1 de la selecci\u00f3n son algunos de los desaf\u00edos actuales. Para <strong>no llegar al<\/strong> <strong>burnout<\/strong>, planifica, delega y conf\u00eda en tu equipo.<\/p>\n<h2>Responsabilidades de los directivos de Recursos Humanos<\/h2>\n<p>En el liderazgo que deben ejercer los <strong>directivos de Recursos Humanos<\/strong> se cruzan y solapan las <strong>responsabilidades<\/strong> de un manager con la tarea de liderar a personas que trabajan con capital humano, es decir, con otras personas. La <strong>gesti\u00f3n del talento<\/strong> se ha convertido en la actualidad en uno de los ejes principales del desarrollo organizacional.<\/p>\n<p>Desde el liderazgo, uno de los <strong>errores marco m\u00e1s comunes<\/strong> es no apostar por el valor que diferencia la cultura corporativa. Para evitarlo, en primer lugar es importante enfocarte en realizar un diagn\u00f3stico. Sin un buen People Analytics, puedes proyectar tus prejuicios aplicando sesgos tanto en la elaboraci\u00f3n de informes como en el dise\u00f1o de la hoja de ruta.<\/p>\n<p>El agotamiento y el <a href=\"https:\/\/empresas.infoempleo.com\/hrtrends\/como-combatir-el-agotamiento-mental-en-puestos-directivos\/\" target=\"_blank\" rel=\"noopener\"><strong><em>burnout<\/em><\/strong><\/a> tambi\u00e9n est\u00e1n pasando factura a los liderazgos de recursos humanos. Han sido unos a\u00f1os muy exigentes tras la pandemia y las empresas necesitan refrescar las responsabilidades y reorientar las tareas. En este sentido, deben desarrollar una <strong>propuesta de valor s\u00f3lida<\/strong> y comunicarla de manera efectiva por todos los canales internos. Aprovecha la oportunidad para <strong>reforzar tu marca empleadora<\/strong>. Personaliza tu propuesta y refuerza el aspecto de observaci\u00f3n del grupo. Cada equipo va a tener unas necesidades concretas y espec\u00edficas en cada momento, tanto de su viaje del empleado como de la situaci\u00f3n empresarial.<\/p>\n<p>&nbsp;<\/p>\n<h2>Conoce los 7 problemas comunes en el d\u00eda a d\u00eda<\/h2>\n<p><strong>Dirigir el departamento de recursos humanos<\/strong> es una tarea emocionante y cargada de responsabilidad. La <strong>estrategia de Recursos Humanos<\/strong> de las empresas cada d\u00eda cobra m\u00e1s valor porque se asumen mayores \u00e1reas de participaci\u00f3n y actividad dentro de la compa\u00f1\u00eda. Ya no solo se trata de elaborar las n\u00f3minas y seleccionar al personal. Y es por que los <strong>problemas del<\/strong> <strong>liderazgo en RRHH <\/strong>crecen en paralelo a esta expansi\u00f3n. Los resumimos en un listado de <strong>siete pr\u00e1cticas que hay que revisar<\/strong>:<\/p>\n<ul>\n<li><strong>Centrar todos los esfuerzos en<\/strong> <a href=\"https:\/\/empresas.infoempleo.com\/hrtrends\/5-preguntas-clave-para-reclutar-al-candidato-ideal\/\" target=\"_blank\" rel=\"noopener\"><strong>reclutamiento y selecci\u00f3n<\/strong><\/a> de candidaturas.<\/li>\n<li><strong>Descuidar la formaci\u00f3n y el desarrollo profesional<\/strong> del departamento.<\/li>\n<li><strong>Cultura organizacional fr\u00e1gil<\/strong>: es demasiado habitual no contar con el apoyo del equipo directivo de la empresa cuando quieres poner en marcha los planes que sabes que necesita el departamento y la plantilla.<\/li>\n<li><strong>Ausencia de<\/strong> <strong>compensaci\u00f3n y beneficios<\/strong> para motivar y reconocer el trabajo de los empleados.<\/li>\n<li><strong>No mantenerse al d\u00eda de la<\/strong> <strong>legislaci\u00f3n laboral <\/strong>cambiante en un mundo regido por la incertidumbre y los giros de guion.<\/li>\n<li><strong>No apostar por la<\/strong> <strong>retenci\u00f3n de empleados<\/strong> asumiendo el impacto negativo de un alto \u00edndice de rotaci\u00f3n.<\/li>\n<\/ul>\n<p>Establecer un s\u00f3lido proceso de<strong> gesti\u00f3n del talento<\/strong>, que incluya una <strong>estrategia de reclutamiento efectiva<\/strong> y programas de <strong>reconocimiento del desempe\u00f1o<\/strong>, puede ser una medida que ayude a<strong> mejorar la calidad de los servicios <\/strong>prestados. <strong>Involucrar<\/strong> a los empleados en el crecimiento de la empresa y fomentar un ambiente de trabajo <strong>motivador<\/strong>, tambi\u00e9n ayudar\u00e1 de forma importante a que estos resultados puedan ocurrir de forma sostenible.<\/p>\n","protected":false},"excerpt":{"rendered":"<p>El d\u00eda a d\u00eda de los directivos de Recursos Humanos puede llegar a ser agotador si no cuentas<a class=\"moretag\" href=\"https:\/\/empresas.infoempleo.com\/hrtrends\/los-7-problemas-mas-comunes-en-el-dia-a-dia-de-los-directivos-de-recursos-humanos\/\"> Leer m\u00e1s<\/a><\/p>\n","protected":false},"author":136,"featured_media":29665,"comment_status":"closed","ping_status":"closed","sticky":false,"template":"","format":"standard","meta":{"footnotes":""},"categories":[3035],"tags":[],"class_list":["post-43715","post","type-post","status-publish","format-standard","has-post-thumbnail","hentry","category-consejos"],"yoast_head":"<!-- This site is optimized with the Yoast SEO plugin v26.1.1 - https:\/\/yoast.com\/wordpress\/plugins\/seo\/ -->\n<title>Los 7 problemas m\u00e1s comunes en el d\u00eda a d\u00eda de los directivos de Recursos Humanos | HRTRENDS<\/title>\n<meta name=\"robots\" content=\"index, follow, max-snippet:-1, max-image-preview:large, max-video-preview:-1\" \/>\n<link rel=\"canonical\" href=\"https:\/\/empresas.infoempleo.com\/hrtrends\/los-7-problemas-mas-comunes-en-el-dia-a-dia-de-los-directivos-de-recursos-humanos\/\" \/>\n<meta property=\"og:locale\" content=\"es_ES\" \/>\n<meta property=\"og:type\" content=\"article\" \/>\n<meta property=\"og:title\" content=\"Los 7 problemas m\u00e1s comunes en el d\u00eda a d\u00eda de los directivos de Recursos Humanos | HRTRENDS\" \/>\n<meta property=\"og:description\" content=\"El d\u00eda a d\u00eda de los directivos de Recursos Humanos puede llegar a ser agotador si no cuentas Leer m\u00e1s\" \/>\n<meta property=\"og:url\" content=\"https:\/\/empresas.infoempleo.com\/hrtrends\/los-7-problemas-mas-comunes-en-el-dia-a-dia-de-los-directivos-de-recursos-humanos\/\" \/>\n<meta property=\"og:site_name\" content=\"HRTRENDS\" \/>\n<meta property=\"article:publisher\" content=\"https:\/\/www.facebook.com\/Infoempleo\" \/>\n<meta property=\"article:published_time\" content=\"2023-10-16T23:00:00+00:00\" \/>\n<meta property=\"article:modified_time\" content=\"2024-07-02T15:20:38+00:00\" \/>\n<meta name=\"author\" content=\"Raquel Hern\u00e1ndez\" \/>\n<meta name=\"twitter:card\" content=\"summary_large_image\" \/>\n<meta name=\"twitter:creator\" content=\"@infoempleo\" \/>\n<meta name=\"twitter:site\" content=\"@infoempleo\" \/>\n<meta name=\"twitter:label1\" content=\"Escrito por\" \/>\n\t<meta name=\"twitter:data1\" content=\"Raquel Hern\u00e1ndez\" \/>\n\t<meta name=\"twitter:label2\" content=\"Tiempo de lectura\" \/>\n\t<meta name=\"twitter:data2\" content=\"3 minutos\" \/>\n<script type=\"application\/ld+json\" class=\"yoast-schema-graph\">{\"@context\":\"https:\/\/schema.org\",\"@graph\":[{\"@type\":\"NewsArticle\",\"@id\":\"https:\/\/empresas.infoempleo.com\/hrtrends\/los-7-problemas-mas-comunes-en-el-dia-a-dia-de-los-directivos-de-recursos-humanos\/#article\",\"isPartOf\":{\"@id\":\"https:\/\/empresas.infoempleo.com\/hrtrends\/los-7-problemas-mas-comunes-en-el-dia-a-dia-de-los-directivos-de-recursos-humanos\/\"},\"author\":{\"name\":\"Raquel Hern\u00e1ndez\",\"@id\":\"https:\/\/empresas.infoempleo.com\/hrtrends\/#\/schema\/person\/fb2f949a1461ff0e9e15996d82d3a787\"},\"headline\":\"Los 7 problemas m\u00e1s comunes en el d\u00eda a d\u00eda de los directivos de Recursos Humanos\",\"datePublished\":\"2023-10-16T23:00:00+00:00\",\"dateModified\":\"2024-07-02T15:20:38+00:00\",\"mainEntityOfPage\":{\"@id\":\"https:\/\/empresas.infoempleo.com\/hrtrends\/los-7-problemas-mas-comunes-en-el-dia-a-dia-de-los-directivos-de-recursos-humanos\/\"},\"wordCount\":619,\"publisher\":{\"@id\":\"https:\/\/empresas.infoempleo.com\/hrtrends\/#organization\"},\"image\":{\"@id\":\"https:\/\/empresas.infoempleo.com\/hrtrends\/los-7-problemas-mas-comunes-en-el-dia-a-dia-de-los-directivos-de-recursos-humanos\/#primaryimage\"},\"thumbnailUrl\":\"https:\/\/empresas.infoempleo.com\/hrtrends\/media\/2017\/05\/pexels-photo-205508.jpg\",\"articleSection\":[\"Consejos\"],\"inLanguage\":\"es\",\"copyrightYear\":\"2023\",\"copyrightHolder\":{\"@id\":\"https:\/\/empresas.infoempleo.com\/hrtrends\/#organization\"}},{\"@type\":\"WebPage\",\"@id\":\"https:\/\/empresas.infoempleo.com\/hrtrends\/los-7-problemas-mas-comunes-en-el-dia-a-dia-de-los-directivos-de-recursos-humanos\/\",\"url\":\"https:\/\/empresas.infoempleo.com\/hrtrends\/los-7-problemas-mas-comunes-en-el-dia-a-dia-de-los-directivos-de-recursos-humanos\/\",\"name\":\"Los 7 problemas m\u00e1s comunes en el d\u00eda a d\u00eda de los directivos de Recursos Humanos | HRTRENDS\",\"isPartOf\":{\"@id\":\"https:\/\/empresas.infoempleo.com\/hrtrends\/#website\"},\"primaryImageOfPage\":{\"@id\":\"https:\/\/empresas.infoempleo.com\/hrtrends\/los-7-problemas-mas-comunes-en-el-dia-a-dia-de-los-directivos-de-recursos-humanos\/#primaryimage\"},\"image\":{\"@id\":\"https:\/\/empresas.infoempleo.com\/hrtrends\/los-7-problemas-mas-comunes-en-el-dia-a-dia-de-los-directivos-de-recursos-humanos\/#primaryimage\"},\"thumbnailUrl\":\"https:\/\/empresas.infoempleo.com\/hrtrends\/media\/2017\/05\/pexels-photo-205508.jpg\",\"datePublished\":\"2023-10-16T23:00:00+00:00\",\"dateModified\":\"2024-07-02T15:20:38+00:00\",\"breadcrumb\":{\"@id\":\"https:\/\/empresas.infoempleo.com\/hrtrends\/los-7-problemas-mas-comunes-en-el-dia-a-dia-de-los-directivos-de-recursos-humanos\/#breadcrumb\"},\"inLanguage\":\"es\",\"potentialAction\":[{\"@type\":\"ReadAction\",\"target\":[\"https:\/\/empresas.infoempleo.com\/hrtrends\/los-7-problemas-mas-comunes-en-el-dia-a-dia-de-los-directivos-de-recursos-humanos\/\"]}]},{\"@type\":\"ImageObject\",\"inLanguage\":\"es\",\"@id\":\"https:\/\/empresas.infoempleo.com\/hrtrends\/los-7-problemas-mas-comunes-en-el-dia-a-dia-de-los-directivos-de-recursos-humanos\/#primaryimage\",\"url\":\"https:\/\/empresas.infoempleo.com\/hrtrends\/media\/2017\/05\/pexels-photo-205508-150x150.jpg\",\"contentUrl\":\"https:\/\/empresas.infoempleo.com\/hrtrends\/media\/2017\/05\/pexels-photo-205508-150x150.jpg\",\"width\":150,\"height\":150},{\"@type\":\"BreadcrumbList\",\"@id\":\"https:\/\/empresas.infoempleo.com\/hrtrends\/los-7-problemas-mas-comunes-en-el-dia-a-dia-de-los-directivos-de-recursos-humanos\/#breadcrumb\",\"itemListElement\":[{\"@type\":\"ListItem\",\"position\":1,\"name\":\"Portada\",\"item\":\"https:\/\/empresas.infoempleo.com\/hrtrends\/\"},{\"@type\":\"ListItem\",\"position\":2,\"name\":\"Los 7 problemas m\u00e1s comunes en el d\u00eda a d\u00eda de los directivos de Recursos Humanos\"}]},{\"@type\":\"WebSite\",\"@id\":\"https:\/\/empresas.infoempleo.com\/hrtrends\/#website\",\"url\":\"https:\/\/empresas.infoempleo.com\/hrtrends\",\"name\":\"HRTrends by Infoempleo\",\"description\":\"\",\"publisher\":{\"@id\":\"https:\/\/empresas.infoempleo.com\/hrtrends\/#organization\"},\"potentialAction\":{\"@type\":\"SearchAction\",\"target\":\"https:\/\/empresas.infoempleo.com\/hrtrends\/?s={search_term_string}\",\"query-input\":\"required name=search_term_string\"},\"inLanguage\":\"es\"},{\"@type\":\"Organization\",\"@id\":\"https:\/\/empresas.infoempleo.com\/hrtrends\/#organization\",\"name\":\"Infoempleo\",\"url\":\"https:\/\/www.infoempleo.com\/\",\"logo\":{\"@type\":\"ImageObject\",\"@id\":\"https:\/\/empresas.infoempleo.com\/hrtrends\/#logo\",\"inLanguage\":\"es\",\"url\":\"https:\/\/cdnazure.infoempleo.com\/infoempleo\/assets\/style\/gfx\/logo.svg\",\"contentUrl\":\"https:\/\/cdnazure.infoempleo.com\/infoempleo\/assets\/style\/gfx\/logo.svg\",\"width\":150,\"height\":40,\"caption\":\"Infoempleo\"},\"image\":{\"@id\":\"https:\/\/empresas.infoempleo.com\/hrtrends\/#logo\"},\"sameAs\":[\"https:\/\/www.facebook.com\/Infoempleo\",\"https:\/\/x.com\/infoempleo\",\"http:\/\/instagram.com\/infoempleo\/\",\"http:\/\/www.linkedin.com\/groups\/Empleo-Espa\u00f1a-Infoempleocom-111276\",\"http:\/\/pinterest.com\/infoempleo\/\"],\"address\":{\"@type\":\"PostalAddress\",\"addressLocality\":\"Madrid\",\"postalCode\":\"28050\",\"streetAddress\":\"Avenida de Burgos 114\"},\"brand\":[\"Infoempleo\"]},{\"@type\":\"Person\",\"@id\":\"https:\/\/empresas.infoempleo.com\/hrtrends\/#\/schema\/person\/fb2f949a1461ff0e9e15996d82d3a787\",\"name\":\"Raquel Hern\u00e1ndez\",\"image\":{\"@type\":\"ImageObject\",\"inLanguage\":\"es\",\"@id\":\"https:\/\/empresas.infoempleo.com\/hrtrends\/#\/schema\/person\/image\/\",\"url\":\"https:\/\/secure.gravatar.com\/avatar\/4ccd374b24ab5eefd1b7681d8be968df221a577fa3ffa9dc4bb4b537645dc6a2?s=96&d=mm&r=g\",\"contentUrl\":\"https:\/\/secure.gravatar.com\/avatar\/4ccd374b24ab5eefd1b7681d8be968df221a577fa3ffa9dc4bb4b537645dc6a2?s=96&d=mm&r=g\",\"caption\":\"Raquel Hern\u00e1ndez\"},\"description\":\"M\u00e1ster en Filosof\u00eda Contempor\u00e1nea y Diploma Experto en Salud y G\u00e9nero. Extensa experiencia profesional como directora y productora de eventos culturales, especializada en el sector editorial. Lectora profesional y redactora de contenidos relacionados con el empleo, la innovaci\u00f3n y la educaci\u00f3n.\",\"url\":\"https:\/\/empresas.infoempleo.com\/hrtrends\/author\/raquel-hernandez\/\"}]}<\/script>\n<!-- \/ Yoast SEO plugin. -->","yoast_head_json":{"title":"Los 7 problemas m\u00e1s comunes en el d\u00eda a d\u00eda de los directivos de Recursos Humanos | HRTRENDS","robots":{"index":"index","follow":"follow","max-snippet":"max-snippet:-1","max-image-preview":"max-image-preview:large","max-video-preview":"max-video-preview:-1"},"canonical":"https:\/\/empresas.infoempleo.com\/hrtrends\/los-7-problemas-mas-comunes-en-el-dia-a-dia-de-los-directivos-de-recursos-humanos\/","og_locale":"es_ES","og_type":"article","og_title":"Los 7 problemas m\u00e1s comunes en el d\u00eda a d\u00eda de los directivos de Recursos Humanos | HRTRENDS","og_description":"El d\u00eda a d\u00eda de los directivos de Recursos Humanos puede llegar a ser agotador si no cuentas Leer m\u00e1s","og_url":"https:\/\/empresas.infoempleo.com\/hrtrends\/los-7-problemas-mas-comunes-en-el-dia-a-dia-de-los-directivos-de-recursos-humanos\/","og_site_name":"HRTRENDS","article_publisher":"https:\/\/www.facebook.com\/Infoempleo","article_published_time":"2023-10-16T23:00:00+00:00","article_modified_time":"2024-07-02T15:20:38+00:00","author":"Raquel Hern\u00e1ndez","twitter_card":"summary_large_image","twitter_creator":"@infoempleo","twitter_site":"@infoempleo","twitter_misc":{"Escrito por":"Raquel Hern\u00e1ndez","Tiempo de lectura":"3 minutos"},"schema":{"@context":"https:\/\/schema.org","@graph":[{"@type":"NewsArticle","@id":"https:\/\/empresas.infoempleo.com\/hrtrends\/los-7-problemas-mas-comunes-en-el-dia-a-dia-de-los-directivos-de-recursos-humanos\/#article","isPartOf":{"@id":"https:\/\/empresas.infoempleo.com\/hrtrends\/los-7-problemas-mas-comunes-en-el-dia-a-dia-de-los-directivos-de-recursos-humanos\/"},"author":{"name":"Raquel Hern\u00e1ndez","@id":"https:\/\/empresas.infoempleo.com\/hrtrends\/#\/schema\/person\/fb2f949a1461ff0e9e15996d82d3a787"},"headline":"Los 7 problemas m\u00e1s comunes en el d\u00eda a d\u00eda de los directivos de Recursos Humanos","datePublished":"2023-10-16T23:00:00+00:00","dateModified":"2024-07-02T15:20:38+00:00","mainEntityOfPage":{"@id":"https:\/\/empresas.infoempleo.com\/hrtrends\/los-7-problemas-mas-comunes-en-el-dia-a-dia-de-los-directivos-de-recursos-humanos\/"},"wordCount":619,"publisher":{"@id":"https:\/\/empresas.infoempleo.com\/hrtrends\/#organization"},"image":{"@id":"https:\/\/empresas.infoempleo.com\/hrtrends\/los-7-problemas-mas-comunes-en-el-dia-a-dia-de-los-directivos-de-recursos-humanos\/#primaryimage"},"thumbnailUrl":"https:\/\/empresas.infoempleo.com\/hrtrends\/media\/2017\/05\/pexels-photo-205508.jpg","articleSection":["Consejos"],"inLanguage":"es","copyrightYear":"2023","copyrightHolder":{"@id":"https:\/\/empresas.infoempleo.com\/hrtrends\/#organization"}},{"@type":"WebPage","@id":"https:\/\/empresas.infoempleo.com\/hrtrends\/los-7-problemas-mas-comunes-en-el-dia-a-dia-de-los-directivos-de-recursos-humanos\/","url":"https:\/\/empresas.infoempleo.com\/hrtrends\/los-7-problemas-mas-comunes-en-el-dia-a-dia-de-los-directivos-de-recursos-humanos\/","name":"Los 7 problemas m\u00e1s comunes en el d\u00eda a d\u00eda de los directivos de Recursos Humanos | HRTRENDS","isPartOf":{"@id":"https:\/\/empresas.infoempleo.com\/hrtrends\/#website"},"primaryImageOfPage":{"@id":"https:\/\/empresas.infoempleo.com\/hrtrends\/los-7-problemas-mas-comunes-en-el-dia-a-dia-de-los-directivos-de-recursos-humanos\/#primaryimage"},"image":{"@id":"https:\/\/empresas.infoempleo.com\/hrtrends\/los-7-problemas-mas-comunes-en-el-dia-a-dia-de-los-directivos-de-recursos-humanos\/#primaryimage"},"thumbnailUrl":"https:\/\/empresas.infoempleo.com\/hrtrends\/media\/2017\/05\/pexels-photo-205508.jpg","datePublished":"2023-10-16T23:00:00+00:00","dateModified":"2024-07-02T15:20:38+00:00","breadcrumb":{"@id":"https:\/\/empresas.infoempleo.com\/hrtrends\/los-7-problemas-mas-comunes-en-el-dia-a-dia-de-los-directivos-de-recursos-humanos\/#breadcrumb"},"inLanguage":"es","potentialAction":[{"@type":"ReadAction","target":["https:\/\/empresas.infoempleo.com\/hrtrends\/los-7-problemas-mas-comunes-en-el-dia-a-dia-de-los-directivos-de-recursos-humanos\/"]}]},{"@type":"ImageObject","inLanguage":"es","@id":"https:\/\/empresas.infoempleo.com\/hrtrends\/los-7-problemas-mas-comunes-en-el-dia-a-dia-de-los-directivos-de-recursos-humanos\/#primaryimage","url":"https:\/\/empresas.infoempleo.com\/hrtrends\/media\/2017\/05\/pexels-photo-205508-150x150.jpg","contentUrl":"https:\/\/empresas.infoempleo.com\/hrtrends\/media\/2017\/05\/pexels-photo-205508-150x150.jpg","width":150,"height":150},{"@type":"BreadcrumbList","@id":"https:\/\/empresas.infoempleo.com\/hrtrends\/los-7-problemas-mas-comunes-en-el-dia-a-dia-de-los-directivos-de-recursos-humanos\/#breadcrumb","itemListElement":[{"@type":"ListItem","position":1,"name":"Portada","item":"https:\/\/empresas.infoempleo.com\/hrtrends\/"},{"@type":"ListItem","position":2,"name":"Los 7 problemas m\u00e1s comunes en el d\u00eda a d\u00eda de los directivos de Recursos Humanos"}]},{"@type":"WebSite","@id":"https:\/\/empresas.infoempleo.com\/hrtrends\/#website","url":"https:\/\/empresas.infoempleo.com\/hrtrends","name":"HRTrends by Infoempleo","description":"","publisher":{"@id":"https:\/\/empresas.infoempleo.com\/hrtrends\/#organization"},"potentialAction":{"@type":"SearchAction","target":"https:\/\/empresas.infoempleo.com\/hrtrends\/?s={search_term_string}","query-input":"required name=search_term_string"},"inLanguage":"es"},{"@type":"Organization","@id":"https:\/\/empresas.infoempleo.com\/hrtrends\/#organization","name":"Infoempleo","url":"https:\/\/www.infoempleo.com\/","logo":{"@type":"ImageObject","@id":"https:\/\/empresas.infoempleo.com\/hrtrends\/#logo","inLanguage":"es","url":"https:\/\/cdnazure.infoempleo.com\/infoempleo\/assets\/style\/gfx\/logo.svg","contentUrl":"https:\/\/cdnazure.infoempleo.com\/infoempleo\/assets\/style\/gfx\/logo.svg","width":150,"height":40,"caption":"Infoempleo"},"image":{"@id":"https:\/\/empresas.infoempleo.com\/hrtrends\/#logo"},"sameAs":["https:\/\/www.facebook.com\/Infoempleo","https:\/\/x.com\/infoempleo","http:\/\/instagram.com\/infoempleo\/","http:\/\/www.linkedin.com\/groups\/Empleo-Espa\u00f1a-Infoempleocom-111276","http:\/\/pinterest.com\/infoempleo\/"],"address":{"@type":"PostalAddress","addressLocality":"Madrid","postalCode":"28050","streetAddress":"Avenida de Burgos 114"},"brand":["Infoempleo"]},{"@type":"Person","@id":"https:\/\/empresas.infoempleo.com\/hrtrends\/#\/schema\/person\/fb2f949a1461ff0e9e15996d82d3a787","name":"Raquel Hern\u00e1ndez","image":{"@type":"ImageObject","inLanguage":"es","@id":"https:\/\/empresas.infoempleo.com\/hrtrends\/#\/schema\/person\/image\/","url":"https:\/\/secure.gravatar.com\/avatar\/4ccd374b24ab5eefd1b7681d8be968df221a577fa3ffa9dc4bb4b537645dc6a2?s=96&d=mm&r=g","contentUrl":"https:\/\/secure.gravatar.com\/avatar\/4ccd374b24ab5eefd1b7681d8be968df221a577fa3ffa9dc4bb4b537645dc6a2?s=96&d=mm&r=g","caption":"Raquel Hern\u00e1ndez"},"description":"M\u00e1ster en Filosof\u00eda Contempor\u00e1nea y Diploma Experto en Salud y G\u00e9nero. Extensa experiencia profesional como directora y productora de eventos culturales, especializada en el sector editorial. Lectora profesional y redactora de contenidos relacionados con el empleo, la innovaci\u00f3n y la educaci\u00f3n.","url":"https:\/\/empresas.infoempleo.com\/hrtrends\/author\/raquel-hernandez\/"}]}},"amp_enabled":true,"_links":{"self":[{"href":"https:\/\/empresas.infoempleo.com\/hrtrends\/wp-json\/wp\/v2\/posts\/43715","targetHints":{"allow":["GET"]}}],"collection":[{"href":"https:\/\/empresas.infoempleo.com\/hrtrends\/wp-json\/wp\/v2\/posts"}],"about":[{"href":"https:\/\/empresas.infoempleo.com\/hrtrends\/wp-json\/wp\/v2\/types\/post"}],"author":[{"embeddable":true,"href":"https:\/\/empresas.infoempleo.com\/hrtrends\/wp-json\/wp\/v2\/users\/136"}],"replies":[{"embeddable":true,"href":"https:\/\/empresas.infoempleo.com\/hrtrends\/wp-json\/wp\/v2\/comments?post=43715"}],"version-history":[{"count":1,"href":"https:\/\/empresas.infoempleo.com\/hrtrends\/wp-json\/wp\/v2\/posts\/43715\/revisions"}],"predecessor-version":[{"id":44113,"href":"https:\/\/empresas.infoempleo.com\/hrtrends\/wp-json\/wp\/v2\/posts\/43715\/revisions\/44113"}],"wp:featuredmedia":[{"embeddable":true,"href":"https:\/\/empresas.infoempleo.com\/hrtrends\/wp-json\/wp\/v2\/media\/29665"}],"wp:attachment":[{"href":"https:\/\/empresas.infoempleo.com\/hrtrends\/wp-json\/wp\/v2\/media?parent=43715"}],"wp:term":[{"taxonomy":"category","embeddable":true,"href":"https:\/\/empresas.infoempleo.com\/hrtrends\/wp-json\/wp\/v2\/categories?post=43715"},{"taxonomy":"post_tag","embeddable":true,"href":"https:\/\/empresas.infoempleo.com\/hrtrends\/wp-json\/wp\/v2\/tags?post=43715"}],"curies":[{"name":"wp","href":"https:\/\/api.w.org\/{rel}","templated":true}]}}