{"id":43705,"date":"2023-04-18T00:00:00","date_gmt":"2023-04-17T23:00:00","guid":{"rendered":"https:\/\/empresas.infoempleo.com\/hrtrends\/?p=43705"},"modified":"2024-07-03T16:59:34","modified_gmt":"2024-07-03T14:59:34","slug":"prevision-de-contratacion-pasos-para-anticipar-necesidades-de-personal-en-la-empresa","status":"publish","type":"post","link":"https:\/\/empresas.infoempleo.com\/hrtrends\/prevision-de-contratacion-pasos-para-anticipar-necesidades-de-personal-en-la-empresa\/","title":{"rendered":"Previsi\u00f3n de contrataci\u00f3n: Pasos para que puedas anticipar tus necesidades de personal en la empresa"},"content":{"rendered":"<p>La <strong>previsi\u00f3n de contrataci\u00f3n<\/strong> es la herramienta que necesitas para <strong>gestionar el talento<\/strong> en tu empresa en tiempos de incertidumbre especialmente. Para ello, debes <strong>analizar la situaci\u00f3n<\/strong>\u00a0particular de tu organizaci\u00f3n. Elabora el profesiograma, especifica las caracter\u00edsticas de cada <strong>puesto <\/strong>y eval\u00faa el \u00edndice de <strong>rotaci\u00f3n<\/strong>. Dise\u00f1a un plan de acci\u00f3n con <strong>objetivos y metas concretos<\/strong>. Y enfoca en el proceso que te interesa en cada momento como una <strong>contrataci\u00f3n temporal<\/strong>.<\/p>\n<h2>C\u00f3mo elaborar un plan de previsi\u00f3n de contrataci\u00f3n<\/h2>\n<p>La <strong>previsi\u00f3n de la contrataci\u00f3n<\/strong> a medio y largo plazo es uno de los <strong>aprendizajes<\/strong> que las organizaciones han tenido que hacer tras la crisis sanitaria. La <strong>selecci\u00f3n<\/strong> y <strong>contrataci\u00f3n de personal<\/strong> siempre ha sido y ser\u00e1 una de las funciones principales de recursos humanos, pero observando el <strong>an\u00e1lisis de la situaci\u00f3n actual de la empresa<\/strong>, se ha convertido en un <em>must<\/em>.<\/p>\n<div class=\"gjhbuh gjhbuh-4\">\n<div class=\"gjhbuh-single ajhbuh-9\">Dentro del marco econ\u00f3mico y de <strong>mercado laboral<\/strong> <strong>dominado por la incertidumbre<\/strong>, tambi\u00e9n tendr\u00e1s que realizar un an\u00e1lisis espec\u00edfico de tu capital humano. Algunos de los indicadores m\u00e1s importantes son el <strong>\u00edndice de rotaci\u00f3n<\/strong>, la <strong>marca empleadora<\/strong>, la <strong>satisfacci\u00f3n<\/strong> de la plantilla o el <strong>rendimiento<\/strong>.<\/div>\n<\/div>\n<p>Para la <strong>identificaci\u00f3n de las necesidades futuras<\/strong> vas a elaborar este plan de previsi\u00f3n de contrataci\u00f3n. Es un instrumento de gesti\u00f3n del talento humano que permite determinar de manera <strong>anticipada<\/strong> las necesidades de personal en te\u0301rminos <strong>cuantitativos y cualitativos<\/strong> para atender eficientemente los servicios y productos a cargo de la entidad.<\/p>\n<p>En cualquier caso, la <strong>previsi\u00f3n de las necesidades de la empresa<\/strong> debe ajustarse a su capacidad. Alcanzar todos los objetivos en recursos humanos no puede comprometer la <strong>sostenibilidad<\/strong> de la compa\u00f1\u00eda. Siempre debes proteger el cumplimiento del <strong>tri\u00e1ngulo de hierro<\/strong> y no renunciar ni a la calidad ni al alcance ni aumentar los costos. Busca compensar las limitaciones econ\u00f3micas para <a href=\"https:\/\/empresas.infoempleo.com\/hrtrends\/cultural-fit-ventajas-y-errores-en-las-seleccion-por-ajuste-cultural\" target=\"_blank\" rel=\"noopener\"><strong>atraer y retener el talento<\/strong><\/a> con otras retribuciones en especie. Mejorar tu <strong><em>employer branding<\/em><\/strong> y contar con trabajadores satisfechos es garant\u00eda de excelente reputaci\u00f3n.<\/p>\n<p>&nbsp;<\/p>\n<h2>El plan de acci\u00f3n paso a paso<\/h2>\n<p>En el <strong>desarrollo de un plan de acci\u00f3n<\/strong> tendr\u00e1s que coordinar con otros departamentos. De vital importancia es cuadrar la previsi\u00f3n de contrataci\u00f3n con la <strong>previsi\u00f3n financiera<\/strong>. Ya sabes que una parte importante del<strong> presupuesto<\/strong> de la empresa se dedica al <strong>reclutamiento<\/strong> de la plantilla. Estos son los pasos que debes seguir:<\/p>\n<ul>\n<li><strong>Recoger la estructura organizativa <\/strong>donde constan los puestos de trabajo. El documento resultante es el profesiograma. En el podr\u00e1s puntuar las competencias y habilidades requeridas para cada vacante. As\u00ed agilizas los procesos de reclutamiento y puedes contar con una bolsa para cubrir imprevistos.<\/li>\n<li><strong>Definir los puestos que necesitas cubrir y la <a href=\"https:\/\/empresas.infoempleo.com\/hrtrends\/sobrecarga-colaborativa-como-distribuir-mejor-el-trabajo-para-evitar-el-sindrome-de-burnout-en-los-empleados\" target=\"_blank\" rel=\"noopener\">carga de trabajo<\/a>\u00a0para cada perfil.<\/strong> Para ello deber\u00e1s desagregar los datos por sexo, edad y posici\u00f3n en la jerarqu\u00eda del organigrama.<\/li>\n<li><strong>Medir el \u00edndice de rotaci\u00f3n o las posibles vacantes:<\/strong> analiza los posibles factores que afectan en la gesti\u00f3n del talento humano. Pueden ser cambios tecnolo\u0301gicos, econo\u0301micos, organizacionales como el manejo de colectividades o sindicatos. Tambi\u00e9n pueden ser individuales como el desarrollo de competencias, la productividad, el empoderamiento o la adecuacio\u0301n permanente.<\/li>\n<li><strong>Establecer objetivos y metas del plan:<\/strong> por ejemplo, puede tratarse de optimizar una estrategia de contrataci\u00f3n temporal. Tambi\u00e9n puede ser que te interese dotar de perfiles una bolsa de contrataci\u00f3n a medio o largo plazo.<\/li>\n<\/ul>\n","protected":false},"excerpt":{"rendered":"<p>La previsi\u00f3n de contrataci\u00f3n es la herramienta que necesitas para gestionar el talento en tu empresa en tiempos<a class=\"moretag\" href=\"https:\/\/empresas.infoempleo.com\/hrtrends\/prevision-de-contratacion-pasos-para-anticipar-necesidades-de-personal-en-la-empresa\/\"> Leer m\u00e1s<\/a><\/p>\n","protected":false},"author":136,"featured_media":29665,"comment_status":"closed","ping_status":"closed","sticky":false,"template":"","format":"standard","meta":{"footnotes":""},"categories":[3030],"tags":[],"class_list":["post-43705","post","type-post","status-publish","format-standard","has-post-thumbnail","hentry","category-reclutamiento"],"yoast_head":"<!-- This site is optimized with the Yoast SEO plugin v26.1.1 - https:\/\/yoast.com\/wordpress\/plugins\/seo\/ -->\n<title>Previsi\u00f3n de contrataci\u00f3n: Pasos para que puedas anticipar tus necesidades de personal en la empresa | HRTRENDS<\/title>\n<meta name=\"robots\" content=\"index, follow, max-snippet:-1, max-image-preview:large, max-video-preview:-1\" \/>\n<link rel=\"canonical\" href=\"https:\/\/empresas.infoempleo.com\/hrtrends\/prevision-de-contratacion-pasos-para-anticipar-necesidades-de-personal-en-la-empresa\/\" \/>\n<meta property=\"og:locale\" content=\"es_ES\" \/>\n<meta property=\"og:type\" content=\"article\" \/>\n<meta property=\"og:title\" content=\"Previsi\u00f3n de contrataci\u00f3n: Pasos para que puedas anticipar tus necesidades de personal en la empresa | HRTRENDS\" \/>\n<meta property=\"og:description\" content=\"La previsi\u00f3n de contrataci\u00f3n es la herramienta que necesitas para gestionar el talento en tu empresa en tiempos Leer m\u00e1s\" \/>\n<meta property=\"og:url\" content=\"https:\/\/empresas.infoempleo.com\/hrtrends\/prevision-de-contratacion-pasos-para-anticipar-necesidades-de-personal-en-la-empresa\/\" \/>\n<meta property=\"og:site_name\" content=\"HRTRENDS\" \/>\n<meta property=\"article:publisher\" content=\"https:\/\/www.facebook.com\/Infoempleo\" \/>\n<meta property=\"article:published_time\" content=\"2023-04-17T23:00:00+00:00\" \/>\n<meta property=\"article:modified_time\" content=\"2024-07-03T14:59:34+00:00\" \/>\n<meta name=\"author\" content=\"Raquel Hern\u00e1ndez\" \/>\n<meta name=\"twitter:card\" content=\"summary_large_image\" \/>\n<meta name=\"twitter:creator\" content=\"@infoempleo\" \/>\n<meta name=\"twitter:site\" content=\"@infoempleo\" \/>\n<meta name=\"twitter:label1\" content=\"Escrito por\" \/>\n\t<meta name=\"twitter:data1\" content=\"Raquel Hern\u00e1ndez\" \/>\n\t<meta name=\"twitter:label2\" content=\"Tiempo de lectura\" \/>\n\t<meta name=\"twitter:data2\" content=\"3 minutos\" \/>\n<script type=\"application\/ld+json\" class=\"yoast-schema-graph\">{\"@context\":\"https:\/\/schema.org\",\"@graph\":[{\"@type\":\"NewsArticle\",\"@id\":\"https:\/\/empresas.infoempleo.com\/hrtrends\/prevision-de-contratacion-pasos-para-anticipar-necesidades-de-personal-en-la-empresa\/#article\",\"isPartOf\":{\"@id\":\"https:\/\/empresas.infoempleo.com\/hrtrends\/prevision-de-contratacion-pasos-para-anticipar-necesidades-de-personal-en-la-empresa\/\"},\"author\":{\"name\":\"Raquel Hern\u00e1ndez\",\"@id\":\"https:\/\/empresas.infoempleo.com\/hrtrends\/#\/schema\/person\/fb2f949a1461ff0e9e15996d82d3a787\"},\"headline\":\"Previsi\u00f3n de contrataci\u00f3n: Pasos para que puedas anticipar tus necesidades de personal en la empresa\",\"datePublished\":\"2023-04-17T23:00:00+00:00\",\"dateModified\":\"2024-07-03T14:59:34+00:00\",\"mainEntityOfPage\":{\"@id\":\"https:\/\/empresas.infoempleo.com\/hrtrends\/prevision-de-contratacion-pasos-para-anticipar-necesidades-de-personal-en-la-empresa\/\"},\"wordCount\":614,\"publisher\":{\"@id\":\"https:\/\/empresas.infoempleo.com\/hrtrends\/#organization\"},\"image\":{\"@id\":\"https:\/\/empresas.infoempleo.com\/hrtrends\/prevision-de-contratacion-pasos-para-anticipar-necesidades-de-personal-en-la-empresa\/#primaryimage\"},\"thumbnailUrl\":\"https:\/\/empresas.infoempleo.com\/hrtrends\/media\/2017\/05\/pexels-photo-205508.jpg\",\"articleSection\":[\"Reclutamiento\"],\"inLanguage\":\"es\",\"copyrightYear\":\"2023\",\"copyrightHolder\":{\"@id\":\"https:\/\/empresas.infoempleo.com\/hrtrends\/#organization\"}},{\"@type\":\"WebPage\",\"@id\":\"https:\/\/empresas.infoempleo.com\/hrtrends\/prevision-de-contratacion-pasos-para-anticipar-necesidades-de-personal-en-la-empresa\/\",\"url\":\"https:\/\/empresas.infoempleo.com\/hrtrends\/prevision-de-contratacion-pasos-para-anticipar-necesidades-de-personal-en-la-empresa\/\",\"name\":\"Previsi\u00f3n de contrataci\u00f3n: Pasos para que puedas anticipar tus necesidades de personal en la empresa | HRTRENDS\",\"isPartOf\":{\"@id\":\"https:\/\/empresas.infoempleo.com\/hrtrends\/#website\"},\"primaryImageOfPage\":{\"@id\":\"https:\/\/empresas.infoempleo.com\/hrtrends\/prevision-de-contratacion-pasos-para-anticipar-necesidades-de-personal-en-la-empresa\/#primaryimage\"},\"image\":{\"@id\":\"https:\/\/empresas.infoempleo.com\/hrtrends\/prevision-de-contratacion-pasos-para-anticipar-necesidades-de-personal-en-la-empresa\/#primaryimage\"},\"thumbnailUrl\":\"https:\/\/empresas.infoempleo.com\/hrtrends\/media\/2017\/05\/pexels-photo-205508.jpg\",\"datePublished\":\"2023-04-17T23:00:00+00:00\",\"dateModified\":\"2024-07-03T14:59:34+00:00\",\"breadcrumb\":{\"@id\":\"https:\/\/empresas.infoempleo.com\/hrtrends\/prevision-de-contratacion-pasos-para-anticipar-necesidades-de-personal-en-la-empresa\/#breadcrumb\"},\"inLanguage\":\"es\",\"potentialAction\":[{\"@type\":\"ReadAction\",\"target\":[\"https:\/\/empresas.infoempleo.com\/hrtrends\/prevision-de-contratacion-pasos-para-anticipar-necesidades-de-personal-en-la-empresa\/\"]}]},{\"@type\":\"ImageObject\",\"inLanguage\":\"es\",\"@id\":\"https:\/\/empresas.infoempleo.com\/hrtrends\/prevision-de-contratacion-pasos-para-anticipar-necesidades-de-personal-en-la-empresa\/#primaryimage\",\"url\":\"https:\/\/empresas.infoempleo.com\/hrtrends\/media\/2017\/05\/pexels-photo-205508-150x150.jpg\",\"contentUrl\":\"https:\/\/empresas.infoempleo.com\/hrtrends\/media\/2017\/05\/pexels-photo-205508-150x150.jpg\",\"width\":150,\"height\":150},{\"@type\":\"BreadcrumbList\",\"@id\":\"https:\/\/empresas.infoempleo.com\/hrtrends\/prevision-de-contratacion-pasos-para-anticipar-necesidades-de-personal-en-la-empresa\/#breadcrumb\",\"itemListElement\":[{\"@type\":\"ListItem\",\"position\":1,\"name\":\"Portada\",\"item\":\"https:\/\/empresas.infoempleo.com\/hrtrends\/\"},{\"@type\":\"ListItem\",\"position\":2,\"name\":\"Previsi\u00f3n de contrataci\u00f3n: Pasos para que puedas anticipar tus necesidades de personal en la empresa\"}]},{\"@type\":\"WebSite\",\"@id\":\"https:\/\/empresas.infoempleo.com\/hrtrends\/#website\",\"url\":\"https:\/\/empresas.infoempleo.com\/hrtrends\",\"name\":\"HRTrends by Infoempleo\",\"description\":\"\",\"publisher\":{\"@id\":\"https:\/\/empresas.infoempleo.com\/hrtrends\/#organization\"},\"potentialAction\":{\"@type\":\"SearchAction\",\"target\":\"https:\/\/empresas.infoempleo.com\/hrtrends\/?s={search_term_string}\",\"query-input\":\"required name=search_term_string\"},\"inLanguage\":\"es\"},{\"@type\":\"Organization\",\"@id\":\"https:\/\/empresas.infoempleo.com\/hrtrends\/#organization\",\"name\":\"Infoempleo\",\"url\":\"https:\/\/www.infoempleo.com\/\",\"logo\":{\"@type\":\"ImageObject\",\"@id\":\"https:\/\/empresas.infoempleo.com\/hrtrends\/#logo\",\"inLanguage\":\"es\",\"url\":\"https:\/\/cdnazure.infoempleo.com\/infoempleo\/assets\/style\/gfx\/logo.svg\",\"contentUrl\":\"https:\/\/cdnazure.infoempleo.com\/infoempleo\/assets\/style\/gfx\/logo.svg\",\"width\":150,\"height\":40,\"caption\":\"Infoempleo\"},\"image\":{\"@id\":\"https:\/\/empresas.infoempleo.com\/hrtrends\/#logo\"},\"sameAs\":[\"https:\/\/www.facebook.com\/Infoempleo\",\"https:\/\/x.com\/infoempleo\",\"http:\/\/instagram.com\/infoempleo\/\",\"http:\/\/www.linkedin.com\/groups\/Empleo-Espa\u00f1a-Infoempleocom-111276\",\"http:\/\/pinterest.com\/infoempleo\/\"],\"address\":{\"@type\":\"PostalAddress\",\"addressLocality\":\"Madrid\",\"postalCode\":\"28050\",\"streetAddress\":\"Avenida de Burgos 114\"},\"brand\":[\"Infoempleo\"]},{\"@type\":\"Person\",\"@id\":\"https:\/\/empresas.infoempleo.com\/hrtrends\/#\/schema\/person\/fb2f949a1461ff0e9e15996d82d3a787\",\"name\":\"Raquel Hern\u00e1ndez\",\"image\":{\"@type\":\"ImageObject\",\"inLanguage\":\"es\",\"@id\":\"https:\/\/empresas.infoempleo.com\/hrtrends\/#\/schema\/person\/image\/\",\"url\":\"https:\/\/secure.gravatar.com\/avatar\/4ccd374b24ab5eefd1b7681d8be968df221a577fa3ffa9dc4bb4b537645dc6a2?s=96&d=mm&r=g\",\"contentUrl\":\"https:\/\/secure.gravatar.com\/avatar\/4ccd374b24ab5eefd1b7681d8be968df221a577fa3ffa9dc4bb4b537645dc6a2?s=96&d=mm&r=g\",\"caption\":\"Raquel Hern\u00e1ndez\"},\"description\":\"M\u00e1ster en Filosof\u00eda Contempor\u00e1nea y Diploma Experto en Salud y G\u00e9nero. Extensa experiencia profesional como directora y productora de eventos culturales, especializada en el sector editorial. Lectora profesional y redactora de contenidos relacionados con el empleo, la innovaci\u00f3n y la educaci\u00f3n.\",\"url\":\"https:\/\/empresas.infoempleo.com\/hrtrends\/author\/raquel-hernandez\/\"}]}<\/script>\n<!-- \/ Yoast SEO plugin. -->","yoast_head_json":{"title":"Previsi\u00f3n de contrataci\u00f3n: Pasos para que puedas anticipar tus necesidades de personal en la empresa | HRTRENDS","robots":{"index":"index","follow":"follow","max-snippet":"max-snippet:-1","max-image-preview":"max-image-preview:large","max-video-preview":"max-video-preview:-1"},"canonical":"https:\/\/empresas.infoempleo.com\/hrtrends\/prevision-de-contratacion-pasos-para-anticipar-necesidades-de-personal-en-la-empresa\/","og_locale":"es_ES","og_type":"article","og_title":"Previsi\u00f3n de contrataci\u00f3n: Pasos para que puedas anticipar tus necesidades de personal en la empresa | HRTRENDS","og_description":"La previsi\u00f3n de contrataci\u00f3n es la herramienta que necesitas para gestionar el talento en tu empresa en tiempos Leer m\u00e1s","og_url":"https:\/\/empresas.infoempleo.com\/hrtrends\/prevision-de-contratacion-pasos-para-anticipar-necesidades-de-personal-en-la-empresa\/","og_site_name":"HRTRENDS","article_publisher":"https:\/\/www.facebook.com\/Infoempleo","article_published_time":"2023-04-17T23:00:00+00:00","article_modified_time":"2024-07-03T14:59:34+00:00","author":"Raquel Hern\u00e1ndez","twitter_card":"summary_large_image","twitter_creator":"@infoempleo","twitter_site":"@infoempleo","twitter_misc":{"Escrito por":"Raquel Hern\u00e1ndez","Tiempo de lectura":"3 minutos"},"schema":{"@context":"https:\/\/schema.org","@graph":[{"@type":"NewsArticle","@id":"https:\/\/empresas.infoempleo.com\/hrtrends\/prevision-de-contratacion-pasos-para-anticipar-necesidades-de-personal-en-la-empresa\/#article","isPartOf":{"@id":"https:\/\/empresas.infoempleo.com\/hrtrends\/prevision-de-contratacion-pasos-para-anticipar-necesidades-de-personal-en-la-empresa\/"},"author":{"name":"Raquel Hern\u00e1ndez","@id":"https:\/\/empresas.infoempleo.com\/hrtrends\/#\/schema\/person\/fb2f949a1461ff0e9e15996d82d3a787"},"headline":"Previsi\u00f3n de contrataci\u00f3n: Pasos para que puedas anticipar tus necesidades de personal en la empresa","datePublished":"2023-04-17T23:00:00+00:00","dateModified":"2024-07-03T14:59:34+00:00","mainEntityOfPage":{"@id":"https:\/\/empresas.infoempleo.com\/hrtrends\/prevision-de-contratacion-pasos-para-anticipar-necesidades-de-personal-en-la-empresa\/"},"wordCount":614,"publisher":{"@id":"https:\/\/empresas.infoempleo.com\/hrtrends\/#organization"},"image":{"@id":"https:\/\/empresas.infoempleo.com\/hrtrends\/prevision-de-contratacion-pasos-para-anticipar-necesidades-de-personal-en-la-empresa\/#primaryimage"},"thumbnailUrl":"https:\/\/empresas.infoempleo.com\/hrtrends\/media\/2017\/05\/pexels-photo-205508.jpg","articleSection":["Reclutamiento"],"inLanguage":"es","copyrightYear":"2023","copyrightHolder":{"@id":"https:\/\/empresas.infoempleo.com\/hrtrends\/#organization"}},{"@type":"WebPage","@id":"https:\/\/empresas.infoempleo.com\/hrtrends\/prevision-de-contratacion-pasos-para-anticipar-necesidades-de-personal-en-la-empresa\/","url":"https:\/\/empresas.infoempleo.com\/hrtrends\/prevision-de-contratacion-pasos-para-anticipar-necesidades-de-personal-en-la-empresa\/","name":"Previsi\u00f3n de contrataci\u00f3n: Pasos para que puedas anticipar tus necesidades de personal en la empresa | HRTRENDS","isPartOf":{"@id":"https:\/\/empresas.infoempleo.com\/hrtrends\/#website"},"primaryImageOfPage":{"@id":"https:\/\/empresas.infoempleo.com\/hrtrends\/prevision-de-contratacion-pasos-para-anticipar-necesidades-de-personal-en-la-empresa\/#primaryimage"},"image":{"@id":"https:\/\/empresas.infoempleo.com\/hrtrends\/prevision-de-contratacion-pasos-para-anticipar-necesidades-de-personal-en-la-empresa\/#primaryimage"},"thumbnailUrl":"https:\/\/empresas.infoempleo.com\/hrtrends\/media\/2017\/05\/pexels-photo-205508.jpg","datePublished":"2023-04-17T23:00:00+00:00","dateModified":"2024-07-03T14:59:34+00:00","breadcrumb":{"@id":"https:\/\/empresas.infoempleo.com\/hrtrends\/prevision-de-contratacion-pasos-para-anticipar-necesidades-de-personal-en-la-empresa\/#breadcrumb"},"inLanguage":"es","potentialAction":[{"@type":"ReadAction","target":["https:\/\/empresas.infoempleo.com\/hrtrends\/prevision-de-contratacion-pasos-para-anticipar-necesidades-de-personal-en-la-empresa\/"]}]},{"@type":"ImageObject","inLanguage":"es","@id":"https:\/\/empresas.infoempleo.com\/hrtrends\/prevision-de-contratacion-pasos-para-anticipar-necesidades-de-personal-en-la-empresa\/#primaryimage","url":"https:\/\/empresas.infoempleo.com\/hrtrends\/media\/2017\/05\/pexels-photo-205508-150x150.jpg","contentUrl":"https:\/\/empresas.infoempleo.com\/hrtrends\/media\/2017\/05\/pexels-photo-205508-150x150.jpg","width":150,"height":150},{"@type":"BreadcrumbList","@id":"https:\/\/empresas.infoempleo.com\/hrtrends\/prevision-de-contratacion-pasos-para-anticipar-necesidades-de-personal-en-la-empresa\/#breadcrumb","itemListElement":[{"@type":"ListItem","position":1,"name":"Portada","item":"https:\/\/empresas.infoempleo.com\/hrtrends\/"},{"@type":"ListItem","position":2,"name":"Previsi\u00f3n de contrataci\u00f3n: Pasos para que puedas anticipar tus necesidades de personal en la empresa"}]},{"@type":"WebSite","@id":"https:\/\/empresas.infoempleo.com\/hrtrends\/#website","url":"https:\/\/empresas.infoempleo.com\/hrtrends","name":"HRTrends by Infoempleo","description":"","publisher":{"@id":"https:\/\/empresas.infoempleo.com\/hrtrends\/#organization"},"potentialAction":{"@type":"SearchAction","target":"https:\/\/empresas.infoempleo.com\/hrtrends\/?s={search_term_string}","query-input":"required name=search_term_string"},"inLanguage":"es"},{"@type":"Organization","@id":"https:\/\/empresas.infoempleo.com\/hrtrends\/#organization","name":"Infoempleo","url":"https:\/\/www.infoempleo.com\/","logo":{"@type":"ImageObject","@id":"https:\/\/empresas.infoempleo.com\/hrtrends\/#logo","inLanguage":"es","url":"https:\/\/cdnazure.infoempleo.com\/infoempleo\/assets\/style\/gfx\/logo.svg","contentUrl":"https:\/\/cdnazure.infoempleo.com\/infoempleo\/assets\/style\/gfx\/logo.svg","width":150,"height":40,"caption":"Infoempleo"},"image":{"@id":"https:\/\/empresas.infoempleo.com\/hrtrends\/#logo"},"sameAs":["https:\/\/www.facebook.com\/Infoempleo","https:\/\/x.com\/infoempleo","http:\/\/instagram.com\/infoempleo\/","http:\/\/www.linkedin.com\/groups\/Empleo-Espa\u00f1a-Infoempleocom-111276","http:\/\/pinterest.com\/infoempleo\/"],"address":{"@type":"PostalAddress","addressLocality":"Madrid","postalCode":"28050","streetAddress":"Avenida de Burgos 114"},"brand":["Infoempleo"]},{"@type":"Person","@id":"https:\/\/empresas.infoempleo.com\/hrtrends\/#\/schema\/person\/fb2f949a1461ff0e9e15996d82d3a787","name":"Raquel Hern\u00e1ndez","image":{"@type":"ImageObject","inLanguage":"es","@id":"https:\/\/empresas.infoempleo.com\/hrtrends\/#\/schema\/person\/image\/","url":"https:\/\/secure.gravatar.com\/avatar\/4ccd374b24ab5eefd1b7681d8be968df221a577fa3ffa9dc4bb4b537645dc6a2?s=96&d=mm&r=g","contentUrl":"https:\/\/secure.gravatar.com\/avatar\/4ccd374b24ab5eefd1b7681d8be968df221a577fa3ffa9dc4bb4b537645dc6a2?s=96&d=mm&r=g","caption":"Raquel Hern\u00e1ndez"},"description":"M\u00e1ster en Filosof\u00eda Contempor\u00e1nea y Diploma Experto en Salud y G\u00e9nero. Extensa experiencia profesional como directora y productora de eventos culturales, especializada en el sector editorial. Lectora profesional y redactora de contenidos relacionados con el empleo, la innovaci\u00f3n y la educaci\u00f3n.","url":"https:\/\/empresas.infoempleo.com\/hrtrends\/author\/raquel-hernandez\/"}]}},"amp_enabled":true,"_links":{"self":[{"href":"https:\/\/empresas.infoempleo.com\/hrtrends\/wp-json\/wp\/v2\/posts\/43705","targetHints":{"allow":["GET"]}}],"collection":[{"href":"https:\/\/empresas.infoempleo.com\/hrtrends\/wp-json\/wp\/v2\/posts"}],"about":[{"href":"https:\/\/empresas.infoempleo.com\/hrtrends\/wp-json\/wp\/v2\/types\/post"}],"author":[{"embeddable":true,"href":"https:\/\/empresas.infoempleo.com\/hrtrends\/wp-json\/wp\/v2\/users\/136"}],"replies":[{"embeddable":true,"href":"https:\/\/empresas.infoempleo.com\/hrtrends\/wp-json\/wp\/v2\/comments?post=43705"}],"version-history":[{"count":1,"href":"https:\/\/empresas.infoempleo.com\/hrtrends\/wp-json\/wp\/v2\/posts\/43705\/revisions"}],"predecessor-version":[{"id":44252,"href":"https:\/\/empresas.infoempleo.com\/hrtrends\/wp-json\/wp\/v2\/posts\/43705\/revisions\/44252"}],"wp:featuredmedia":[{"embeddable":true,"href":"https:\/\/empresas.infoempleo.com\/hrtrends\/wp-json\/wp\/v2\/media\/29665"}],"wp:attachment":[{"href":"https:\/\/empresas.infoempleo.com\/hrtrends\/wp-json\/wp\/v2\/media?parent=43705"}],"wp:term":[{"taxonomy":"category","embeddable":true,"href":"https:\/\/empresas.infoempleo.com\/hrtrends\/wp-json\/wp\/v2\/categories?post=43705"},{"taxonomy":"post_tag","embeddable":true,"href":"https:\/\/empresas.infoempleo.com\/hrtrends\/wp-json\/wp\/v2\/tags?post=43705"}],"curies":[{"name":"wp","href":"https:\/\/api.w.org\/{rel}","templated":true}]}}