{"id":43688,"date":"2023-08-26T00:00:00","date_gmt":"2023-08-25T23:00:00","guid":{"rendered":"https:\/\/empresas.infoempleo.com\/hrtrends\/?p=43688"},"modified":"2024-07-02T17:54:12","modified_gmt":"2024-07-02T15:54:12","slug":"mtbi-y-liderazgo-identificando-los-perfiles-con-habilidades-de-liderazgo-sobresaliente","status":"publish","type":"post","link":"https:\/\/empresas.infoempleo.com\/hrtrends\/mtbi-y-liderazgo-identificando-los-perfiles-con-habilidades-de-liderazgo-sobresaliente\/","title":{"rendered":"MTBI y liderazgo: identificando los perfiles con habilidades de liderazgo"},"content":{"rendered":"<p>Hablamos de <strong>liderazgo MBTI<\/strong> para referirnos a las personalidades con madera de l\u00edder que encontramos en nuestra empresa <strong>tras realizar el conocido test MBTI<\/strong>, o indicador de personalidad de Myers-Briggs. Esta prueba establece <strong>16 tipos de personalidad<\/strong> a partir de 88 preguntas sobre nuestra forma de ser y de comportarnos en situaciones cotidianas o de trabajo. En este art\u00edculo, definimos cu\u00e1les de esos 16 tipos tienen<strong> capacidad de liderazgo<\/strong> en la empresa.<\/p>\n<h2>La versatilidad del test de Myers-Briggs<\/h2>\n<p>El <strong><a href=\"https:\/\/empresas.infoempleo.com\/hrtrends\/estilos-de-liderazgo-el-modelo-gerencial-de-rejilla-de-blake-y-mouton\/\" target=\"_blank\" rel=\"noopener\">test de personalidad de Myer-Briggs o MBTI<\/a><\/strong> es un <strong>test muy utilizado en los<\/strong> <strong>procesos de selecci\u00f3n<\/strong> de las empresas. A partir de una serie de preguntas concretas sobre nuestro comportamiento, nuestros sentimientos o formas de pensar ante determinadas situaciones cotidianas, la empresa puede <strong>determinar el tipo de candidato<\/strong> que tiene delante. Y, en definitiva, si se ajusta o no a los <strong>requerimientos del<\/strong> <strong>puesto ofertado<\/strong>. No es una informaci\u00f3n concluyente, por supuesto. Pero es una informaci\u00f3n m\u00e1s.<\/p>\n<p>A su vez, el test es <strong>muy utilizado tambi\u00e9n<\/strong> <strong>en<\/strong> <strong>procesos de mejora personal y profesional<\/strong> para ejecutivos. El objetivo es siempre <strong>alcanzar un mayor autoconocimiento<\/strong> para enfocar procesos de crecimiento con <strong>acciones de formaci\u00f3n<\/strong>, procesos de<strong> coaching<\/strong> o con otro tipo de herramientas.<\/p>\n<p>De la misma forma, esta <strong>importante versatilidad del test<\/strong> tambi\u00e9n permite a la direcci\u00f3n de la empresa o a su departamento de RRHH <strong>encontrar perfiles de liderazgo<\/strong> o direcci\u00f3n para poner al frente de nuevos proyectos futuros.<\/p>\n<p>&nbsp;<\/p>\n<h2>Liderazgo MBTI: encontrando a los l\u00edderes del ma\u00f1ana<\/h2>\n<p>El test se apoya sobre la base de que <strong>existen 4 grandes categor\u00edas para clasificar a todas las personas<\/strong>, con dos cualidades contrapuestas en cada una: Extrovertidos (E) vs Introvertidos (I); Sensitivos (S) vs Intuitivos (N); Pensadores (T) vs Sensibles (F); Juiciosos (J) vs Perceptivos (P). La prueba establece una combinaci\u00f3n entre estas 8 cualidades puestas en juego, dando como resultado las <strong>16 tipolog\u00edas de personalidad<\/strong>.<\/p>\n<p>De ellas, las siguientes tienen<strong> caracter\u00edsticas<\/strong> <strong>propias de un<\/strong> <strong>l\u00edder<\/strong>:<\/p>\n<ul>\n<li><strong>ENTP:<\/strong> necesitan retos y son muy <strong>emprendedores y creativos<\/strong>. Son capaces de inspirar a otros. Muy habituales en puestos de marketing, en pol\u00edtica o en las relaciones p\u00fablicas<\/li>\n<li><strong>ESTJ<\/strong>: son realistas, <strong>planifican y se organizan<\/strong> con inteligencia y rigurosidad. Muy habituales en puestos relacionados con el mundo de las leyes o los proyectos a largo plazo.<\/li>\n<li><strong>ISTJ<\/strong>: trabajadores \u00edntegros, <strong>honestos<\/strong> y <strong>respetuosos<\/strong> con las jerarqu\u00edas y las reglas. Siempre se puede confiar en ellos. Muy habituales en puestos de administraci\u00f3n.<\/li>\n<li><strong>INFP:<\/strong> son idealistas, <strong>espont\u00e1neos y creativos<\/strong>. Tolerantes y capaces de sacar el mejor partido de los dem\u00e1s y orientar el trabajo hacia logros bellos y compartidos.<\/li>\n<\/ul>\n<p>No obstante, y como se\u00f1al\u00e1bamos anteriormente, el <strong>indicador MBTI<\/strong> es una estupenda <strong>herramienta para obtener informaci\u00f3n sobre nuestros equipos<\/strong> o candidatos, pero no es suficiente con ella. Tampoco podemos concluir que sea infalible. Tendremos siempre que atender a otros condicionantes tanto externos como internos para tomar decisiones importantes como la de decidir <a href=\"https:\/\/empresas.infoempleo.com\/hrtrends\/estilos-de-liderazgo-el-modelo-gerencial-de-rejilla-de-blake-y-mouton\" target=\"_blank\" rel=\"noopener\">qui\u00e9n lidera nuestra empresa<\/a> o nuestros proyectos m\u00e1s pr\u00f3ximos.<\/p>\n<p>La situaci\u00f3n personal, la motivaci\u00f3n, el tipo de puesto, la evoluci\u00f3n del mercado o de la empresa, los condicionantes econ\u00f3micos\u2026 Todos son aspectos que no registra ning\u00fan test, pero que son determinantes y deben formar parte de la toma de decisiones.<\/p>\n","protected":false},"excerpt":{"rendered":"<p>Hablamos de liderazgo MBTI para referirnos a las personalidades con madera de l\u00edder que encontramos en nuestra empresa<a class=\"moretag\" href=\"https:\/\/empresas.infoempleo.com\/hrtrends\/mtbi-y-liderazgo-identificando-los-perfiles-con-habilidades-de-liderazgo-sobresaliente\/\"> Leer m\u00e1s<\/a><\/p>\n","protected":false},"author":142,"featured_media":29665,"comment_status":"closed","ping_status":"closed","sticky":false,"template":"","format":"standard","meta":{"footnotes":""},"categories":[3030],"tags":[],"class_list":["post-43688","post","type-post","status-publish","format-standard","has-post-thumbnail","hentry","category-reclutamiento"],"yoast_head":"<!-- This site is optimized with the Yoast SEO plugin v26.1.1 - https:\/\/yoast.com\/wordpress\/plugins\/seo\/ -->\n<title>MTBI y liderazgo: identificando los perfiles con habilidades de liderazgo | HRTRENDS<\/title>\n<meta name=\"robots\" content=\"index, follow, max-snippet:-1, max-image-preview:large, max-video-preview:-1\" \/>\n<link rel=\"canonical\" href=\"https:\/\/empresas.infoempleo.com\/hrtrends\/mtbi-y-liderazgo-identificando-los-perfiles-con-habilidades-de-liderazgo-sobresaliente\/\" \/>\n<meta property=\"og:locale\" content=\"es_ES\" \/>\n<meta property=\"og:type\" content=\"article\" \/>\n<meta property=\"og:title\" content=\"MTBI y liderazgo: identificando los perfiles con habilidades de liderazgo | HRTRENDS\" \/>\n<meta property=\"og:description\" content=\"Hablamos de liderazgo MBTI para referirnos a las personalidades con madera de l\u00edder que encontramos en nuestra empresa Leer m\u00e1s\" \/>\n<meta property=\"og:url\" content=\"https:\/\/empresas.infoempleo.com\/hrtrends\/mtbi-y-liderazgo-identificando-los-perfiles-con-habilidades-de-liderazgo-sobresaliente\/\" \/>\n<meta property=\"og:site_name\" content=\"HRTRENDS\" \/>\n<meta property=\"article:publisher\" content=\"https:\/\/www.facebook.com\/Infoempleo\" \/>\n<meta property=\"article:published_time\" content=\"2023-08-25T23:00:00+00:00\" \/>\n<meta property=\"article:modified_time\" content=\"2024-07-02T15:54:12+00:00\" \/>\n<meta name=\"author\" content=\"Javier F. Parra\" \/>\n<meta name=\"twitter:card\" content=\"summary_large_image\" \/>\n<meta name=\"twitter:creator\" content=\"@infoempleo\" \/>\n<meta name=\"twitter:site\" content=\"@infoempleo\" \/>\n<meta name=\"twitter:label1\" content=\"Escrito por\" \/>\n\t<meta name=\"twitter:data1\" content=\"Javier F. Parra\" \/>\n\t<meta name=\"twitter:label2\" content=\"Tiempo de lectura\" \/>\n\t<meta name=\"twitter:data2\" content=\"3 minutos\" \/>\n<script type=\"application\/ld+json\" class=\"yoast-schema-graph\">{\"@context\":\"https:\/\/schema.org\",\"@graph\":[{\"@type\":\"NewsArticle\",\"@id\":\"https:\/\/empresas.infoempleo.com\/hrtrends\/mtbi-y-liderazgo-identificando-los-perfiles-con-habilidades-de-liderazgo-sobresaliente\/#article\",\"isPartOf\":{\"@id\":\"https:\/\/empresas.infoempleo.com\/hrtrends\/mtbi-y-liderazgo-identificando-los-perfiles-con-habilidades-de-liderazgo-sobresaliente\/\"},\"author\":{\"name\":\"Javier F. Parra\",\"@id\":\"https:\/\/empresas.infoempleo.com\/hrtrends\/#\/schema\/person\/bfe2fef977b750c22ac6f7d254c75afe\"},\"headline\":\"MTBI y liderazgo: identificando los perfiles con habilidades de liderazgo\",\"datePublished\":\"2023-08-25T23:00:00+00:00\",\"dateModified\":\"2024-07-02T15:54:12+00:00\",\"mainEntityOfPage\":{\"@id\":\"https:\/\/empresas.infoempleo.com\/hrtrends\/mtbi-y-liderazgo-identificando-los-perfiles-con-habilidades-de-liderazgo-sobresaliente\/\"},\"wordCount\":571,\"publisher\":{\"@id\":\"https:\/\/empresas.infoempleo.com\/hrtrends\/#organization\"},\"image\":{\"@id\":\"https:\/\/empresas.infoempleo.com\/hrtrends\/mtbi-y-liderazgo-identificando-los-perfiles-con-habilidades-de-liderazgo-sobresaliente\/#primaryimage\"},\"thumbnailUrl\":\"https:\/\/empresas.infoempleo.com\/hrtrends\/media\/2017\/05\/pexels-photo-205508.jpg\",\"articleSection\":[\"Reclutamiento\"],\"inLanguage\":\"es\",\"copyrightYear\":\"2023\",\"copyrightHolder\":{\"@id\":\"https:\/\/empresas.infoempleo.com\/hrtrends\/#organization\"}},{\"@type\":\"WebPage\",\"@id\":\"https:\/\/empresas.infoempleo.com\/hrtrends\/mtbi-y-liderazgo-identificando-los-perfiles-con-habilidades-de-liderazgo-sobresaliente\/\",\"url\":\"https:\/\/empresas.infoempleo.com\/hrtrends\/mtbi-y-liderazgo-identificando-los-perfiles-con-habilidades-de-liderazgo-sobresaliente\/\",\"name\":\"MTBI y liderazgo: identificando los perfiles con habilidades de liderazgo | HRTRENDS\",\"isPartOf\":{\"@id\":\"https:\/\/empresas.infoempleo.com\/hrtrends\/#website\"},\"primaryImageOfPage\":{\"@id\":\"https:\/\/empresas.infoempleo.com\/hrtrends\/mtbi-y-liderazgo-identificando-los-perfiles-con-habilidades-de-liderazgo-sobresaliente\/#primaryimage\"},\"image\":{\"@id\":\"https:\/\/empresas.infoempleo.com\/hrtrends\/mtbi-y-liderazgo-identificando-los-perfiles-con-habilidades-de-liderazgo-sobresaliente\/#primaryimage\"},\"thumbnailUrl\":\"https:\/\/empresas.infoempleo.com\/hrtrends\/media\/2017\/05\/pexels-photo-205508.jpg\",\"datePublished\":\"2023-08-25T23:00:00+00:00\",\"dateModified\":\"2024-07-02T15:54:12+00:00\",\"breadcrumb\":{\"@id\":\"https:\/\/empresas.infoempleo.com\/hrtrends\/mtbi-y-liderazgo-identificando-los-perfiles-con-habilidades-de-liderazgo-sobresaliente\/#breadcrumb\"},\"inLanguage\":\"es\",\"potentialAction\":[{\"@type\":\"ReadAction\",\"target\":[\"https:\/\/empresas.infoempleo.com\/hrtrends\/mtbi-y-liderazgo-identificando-los-perfiles-con-habilidades-de-liderazgo-sobresaliente\/\"]}]},{\"@type\":\"ImageObject\",\"inLanguage\":\"es\",\"@id\":\"https:\/\/empresas.infoempleo.com\/hrtrends\/mtbi-y-liderazgo-identificando-los-perfiles-con-habilidades-de-liderazgo-sobresaliente\/#primaryimage\",\"url\":\"https:\/\/empresas.infoempleo.com\/hrtrends\/media\/2017\/05\/pexels-photo-205508-150x150.jpg\",\"contentUrl\":\"https:\/\/empresas.infoempleo.com\/hrtrends\/media\/2017\/05\/pexels-photo-205508-150x150.jpg\",\"width\":150,\"height\":150},{\"@type\":\"BreadcrumbList\",\"@id\":\"https:\/\/empresas.infoempleo.com\/hrtrends\/mtbi-y-liderazgo-identificando-los-perfiles-con-habilidades-de-liderazgo-sobresaliente\/#breadcrumb\",\"itemListElement\":[{\"@type\":\"ListItem\",\"position\":1,\"name\":\"Portada\",\"item\":\"https:\/\/empresas.infoempleo.com\/hrtrends\/\"},{\"@type\":\"ListItem\",\"position\":2,\"name\":\"MTBI y liderazgo: identificando los perfiles con habilidades de liderazgo\"}]},{\"@type\":\"WebSite\",\"@id\":\"https:\/\/empresas.infoempleo.com\/hrtrends\/#website\",\"url\":\"https:\/\/empresas.infoempleo.com\/hrtrends\",\"name\":\"HRTrends by Infoempleo\",\"description\":\"\",\"publisher\":{\"@id\":\"https:\/\/empresas.infoempleo.com\/hrtrends\/#organization\"},\"potentialAction\":{\"@type\":\"SearchAction\",\"target\":\"https:\/\/empresas.infoempleo.com\/hrtrends\/?s={search_term_string}\",\"query-input\":\"required name=search_term_string\"},\"inLanguage\":\"es\"},{\"@type\":\"Organization\",\"@id\":\"https:\/\/empresas.infoempleo.com\/hrtrends\/#organization\",\"name\":\"Infoempleo\",\"url\":\"https:\/\/www.infoempleo.com\/\",\"logo\":{\"@type\":\"ImageObject\",\"@id\":\"https:\/\/empresas.infoempleo.com\/hrtrends\/#logo\",\"inLanguage\":\"es\",\"url\":\"https:\/\/cdnazure.infoempleo.com\/infoempleo\/assets\/style\/gfx\/logo.svg\",\"contentUrl\":\"https:\/\/cdnazure.infoempleo.com\/infoempleo\/assets\/style\/gfx\/logo.svg\",\"width\":150,\"height\":40,\"caption\":\"Infoempleo\"},\"image\":{\"@id\":\"https:\/\/empresas.infoempleo.com\/hrtrends\/#logo\"},\"sameAs\":[\"https:\/\/www.facebook.com\/Infoempleo\",\"https:\/\/x.com\/infoempleo\",\"http:\/\/instagram.com\/infoempleo\/\",\"http:\/\/www.linkedin.com\/groups\/Empleo-Espa\u00f1a-Infoempleocom-111276\",\"http:\/\/pinterest.com\/infoempleo\/\"],\"address\":{\"@type\":\"PostalAddress\",\"addressLocality\":\"Madrid\",\"postalCode\":\"28050\",\"streetAddress\":\"Avenida de Burgos 114\"},\"brand\":[\"Infoempleo\"]},{\"@type\":\"Person\",\"@id\":\"https:\/\/empresas.infoempleo.com\/hrtrends\/#\/schema\/person\/bfe2fef977b750c22ac6f7d254c75afe\",\"name\":\"Javier F. Parra\",\"image\":{\"@type\":\"ImageObject\",\"inLanguage\":\"es\",\"@id\":\"https:\/\/empresas.infoempleo.com\/hrtrends\/#\/schema\/person\/image\/\",\"url\":\"https:\/\/secure.gravatar.com\/avatar\/cc7a816c43a98631bfc25486db802fb539f4c937146762f45a94d9b4d1ea0721?s=96&d=mm&r=g\",\"contentUrl\":\"https:\/\/secure.gravatar.com\/avatar\/cc7a816c43a98631bfc25486db802fb539f4c937146762f45a94d9b4d1ea0721?s=96&d=mm&r=g\",\"caption\":\"Javier F. Parra\"},\"description\":\"Licenciado en Pedagog\u00eda Sociolaboral. M\u00e1ster en Direcci\u00f3n y Gesti\u00f3n de Recursos Humanos y Postgrado en Prevenci\u00f3n de Riesgos Laborales. Desde hace m\u00e1s de 15 a\u00f1os me dedico a la formaci\u00f3n, la asesor\u00eda de empresas y al apoyo directo a personas que quieren emprender un negocio. Me interesan la pol\u00edtica, la literatura, la Historia y las personas, aunque no necesariamente en ese orden.\",\"url\":\"https:\/\/empresas.infoempleo.com\/hrtrends\/author\/javieryerro80gmail-com\/\"}]}<\/script>\n<!-- \/ Yoast SEO plugin. -->","yoast_head_json":{"title":"MTBI y liderazgo: identificando los perfiles con habilidades de liderazgo | HRTRENDS","robots":{"index":"index","follow":"follow","max-snippet":"max-snippet:-1","max-image-preview":"max-image-preview:large","max-video-preview":"max-video-preview:-1"},"canonical":"https:\/\/empresas.infoempleo.com\/hrtrends\/mtbi-y-liderazgo-identificando-los-perfiles-con-habilidades-de-liderazgo-sobresaliente\/","og_locale":"es_ES","og_type":"article","og_title":"MTBI y liderazgo: identificando los perfiles con habilidades de liderazgo | HRTRENDS","og_description":"Hablamos de liderazgo MBTI para referirnos a las personalidades con madera de l\u00edder que encontramos en nuestra empresa Leer m\u00e1s","og_url":"https:\/\/empresas.infoempleo.com\/hrtrends\/mtbi-y-liderazgo-identificando-los-perfiles-con-habilidades-de-liderazgo-sobresaliente\/","og_site_name":"HRTRENDS","article_publisher":"https:\/\/www.facebook.com\/Infoempleo","article_published_time":"2023-08-25T23:00:00+00:00","article_modified_time":"2024-07-02T15:54:12+00:00","author":"Javier F. Parra","twitter_card":"summary_large_image","twitter_creator":"@infoempleo","twitter_site":"@infoempleo","twitter_misc":{"Escrito por":"Javier F. Parra","Tiempo de lectura":"3 minutos"},"schema":{"@context":"https:\/\/schema.org","@graph":[{"@type":"NewsArticle","@id":"https:\/\/empresas.infoempleo.com\/hrtrends\/mtbi-y-liderazgo-identificando-los-perfiles-con-habilidades-de-liderazgo-sobresaliente\/#article","isPartOf":{"@id":"https:\/\/empresas.infoempleo.com\/hrtrends\/mtbi-y-liderazgo-identificando-los-perfiles-con-habilidades-de-liderazgo-sobresaliente\/"},"author":{"name":"Javier F. Parra","@id":"https:\/\/empresas.infoempleo.com\/hrtrends\/#\/schema\/person\/bfe2fef977b750c22ac6f7d254c75afe"},"headline":"MTBI y liderazgo: identificando los perfiles con habilidades de liderazgo","datePublished":"2023-08-25T23:00:00+00:00","dateModified":"2024-07-02T15:54:12+00:00","mainEntityOfPage":{"@id":"https:\/\/empresas.infoempleo.com\/hrtrends\/mtbi-y-liderazgo-identificando-los-perfiles-con-habilidades-de-liderazgo-sobresaliente\/"},"wordCount":571,"publisher":{"@id":"https:\/\/empresas.infoempleo.com\/hrtrends\/#organization"},"image":{"@id":"https:\/\/empresas.infoempleo.com\/hrtrends\/mtbi-y-liderazgo-identificando-los-perfiles-con-habilidades-de-liderazgo-sobresaliente\/#primaryimage"},"thumbnailUrl":"https:\/\/empresas.infoempleo.com\/hrtrends\/media\/2017\/05\/pexels-photo-205508.jpg","articleSection":["Reclutamiento"],"inLanguage":"es","copyrightYear":"2023","copyrightHolder":{"@id":"https:\/\/empresas.infoempleo.com\/hrtrends\/#organization"}},{"@type":"WebPage","@id":"https:\/\/empresas.infoempleo.com\/hrtrends\/mtbi-y-liderazgo-identificando-los-perfiles-con-habilidades-de-liderazgo-sobresaliente\/","url":"https:\/\/empresas.infoempleo.com\/hrtrends\/mtbi-y-liderazgo-identificando-los-perfiles-con-habilidades-de-liderazgo-sobresaliente\/","name":"MTBI y liderazgo: identificando los perfiles con habilidades de liderazgo | HRTRENDS","isPartOf":{"@id":"https:\/\/empresas.infoempleo.com\/hrtrends\/#website"},"primaryImageOfPage":{"@id":"https:\/\/empresas.infoempleo.com\/hrtrends\/mtbi-y-liderazgo-identificando-los-perfiles-con-habilidades-de-liderazgo-sobresaliente\/#primaryimage"},"image":{"@id":"https:\/\/empresas.infoempleo.com\/hrtrends\/mtbi-y-liderazgo-identificando-los-perfiles-con-habilidades-de-liderazgo-sobresaliente\/#primaryimage"},"thumbnailUrl":"https:\/\/empresas.infoempleo.com\/hrtrends\/media\/2017\/05\/pexels-photo-205508.jpg","datePublished":"2023-08-25T23:00:00+00:00","dateModified":"2024-07-02T15:54:12+00:00","breadcrumb":{"@id":"https:\/\/empresas.infoempleo.com\/hrtrends\/mtbi-y-liderazgo-identificando-los-perfiles-con-habilidades-de-liderazgo-sobresaliente\/#breadcrumb"},"inLanguage":"es","potentialAction":[{"@type":"ReadAction","target":["https:\/\/empresas.infoempleo.com\/hrtrends\/mtbi-y-liderazgo-identificando-los-perfiles-con-habilidades-de-liderazgo-sobresaliente\/"]}]},{"@type":"ImageObject","inLanguage":"es","@id":"https:\/\/empresas.infoempleo.com\/hrtrends\/mtbi-y-liderazgo-identificando-los-perfiles-con-habilidades-de-liderazgo-sobresaliente\/#primaryimage","url":"https:\/\/empresas.infoempleo.com\/hrtrends\/media\/2017\/05\/pexels-photo-205508-150x150.jpg","contentUrl":"https:\/\/empresas.infoempleo.com\/hrtrends\/media\/2017\/05\/pexels-photo-205508-150x150.jpg","width":150,"height":150},{"@type":"BreadcrumbList","@id":"https:\/\/empresas.infoempleo.com\/hrtrends\/mtbi-y-liderazgo-identificando-los-perfiles-con-habilidades-de-liderazgo-sobresaliente\/#breadcrumb","itemListElement":[{"@type":"ListItem","position":1,"name":"Portada","item":"https:\/\/empresas.infoempleo.com\/hrtrends\/"},{"@type":"ListItem","position":2,"name":"MTBI y liderazgo: identificando los perfiles con habilidades de liderazgo"}]},{"@type":"WebSite","@id":"https:\/\/empresas.infoempleo.com\/hrtrends\/#website","url":"https:\/\/empresas.infoempleo.com\/hrtrends","name":"HRTrends by Infoempleo","description":"","publisher":{"@id":"https:\/\/empresas.infoempleo.com\/hrtrends\/#organization"},"potentialAction":{"@type":"SearchAction","target":"https:\/\/empresas.infoempleo.com\/hrtrends\/?s={search_term_string}","query-input":"required name=search_term_string"},"inLanguage":"es"},{"@type":"Organization","@id":"https:\/\/empresas.infoempleo.com\/hrtrends\/#organization","name":"Infoempleo","url":"https:\/\/www.infoempleo.com\/","logo":{"@type":"ImageObject","@id":"https:\/\/empresas.infoempleo.com\/hrtrends\/#logo","inLanguage":"es","url":"https:\/\/cdnazure.infoempleo.com\/infoempleo\/assets\/style\/gfx\/logo.svg","contentUrl":"https:\/\/cdnazure.infoempleo.com\/infoempleo\/assets\/style\/gfx\/logo.svg","width":150,"height":40,"caption":"Infoempleo"},"image":{"@id":"https:\/\/empresas.infoempleo.com\/hrtrends\/#logo"},"sameAs":["https:\/\/www.facebook.com\/Infoempleo","https:\/\/x.com\/infoempleo","http:\/\/instagram.com\/infoempleo\/","http:\/\/www.linkedin.com\/groups\/Empleo-Espa\u00f1a-Infoempleocom-111276","http:\/\/pinterest.com\/infoempleo\/"],"address":{"@type":"PostalAddress","addressLocality":"Madrid","postalCode":"28050","streetAddress":"Avenida de Burgos 114"},"brand":["Infoempleo"]},{"@type":"Person","@id":"https:\/\/empresas.infoempleo.com\/hrtrends\/#\/schema\/person\/bfe2fef977b750c22ac6f7d254c75afe","name":"Javier F. Parra","image":{"@type":"ImageObject","inLanguage":"es","@id":"https:\/\/empresas.infoempleo.com\/hrtrends\/#\/schema\/person\/image\/","url":"https:\/\/secure.gravatar.com\/avatar\/cc7a816c43a98631bfc25486db802fb539f4c937146762f45a94d9b4d1ea0721?s=96&d=mm&r=g","contentUrl":"https:\/\/secure.gravatar.com\/avatar\/cc7a816c43a98631bfc25486db802fb539f4c937146762f45a94d9b4d1ea0721?s=96&d=mm&r=g","caption":"Javier F. Parra"},"description":"Licenciado en Pedagog\u00eda Sociolaboral. M\u00e1ster en Direcci\u00f3n y Gesti\u00f3n de Recursos Humanos y Postgrado en Prevenci\u00f3n de Riesgos Laborales. Desde hace m\u00e1s de 15 a\u00f1os me dedico a la formaci\u00f3n, la asesor\u00eda de empresas y al apoyo directo a personas que quieren emprender un negocio. Me interesan la pol\u00edtica, la literatura, la Historia y las personas, aunque no necesariamente en ese orden.","url":"https:\/\/empresas.infoempleo.com\/hrtrends\/author\/javieryerro80gmail-com\/"}]}},"amp_enabled":true,"_links":{"self":[{"href":"https:\/\/empresas.infoempleo.com\/hrtrends\/wp-json\/wp\/v2\/posts\/43688","targetHints":{"allow":["GET"]}}],"collection":[{"href":"https:\/\/empresas.infoempleo.com\/hrtrends\/wp-json\/wp\/v2\/posts"}],"about":[{"href":"https:\/\/empresas.infoempleo.com\/hrtrends\/wp-json\/wp\/v2\/types\/post"}],"author":[{"embeddable":true,"href":"https:\/\/empresas.infoempleo.com\/hrtrends\/wp-json\/wp\/v2\/users\/142"}],"replies":[{"embeddable":true,"href":"https:\/\/empresas.infoempleo.com\/hrtrends\/wp-json\/wp\/v2\/comments?post=43688"}],"version-history":[{"count":2,"href":"https:\/\/empresas.infoempleo.com\/hrtrends\/wp-json\/wp\/v2\/posts\/43688\/revisions"}],"predecessor-version":[{"id":44157,"href":"https:\/\/empresas.infoempleo.com\/hrtrends\/wp-json\/wp\/v2\/posts\/43688\/revisions\/44157"}],"wp:featuredmedia":[{"embeddable":true,"href":"https:\/\/empresas.infoempleo.com\/hrtrends\/wp-json\/wp\/v2\/media\/29665"}],"wp:attachment":[{"href":"https:\/\/empresas.infoempleo.com\/hrtrends\/wp-json\/wp\/v2\/media?parent=43688"}],"wp:term":[{"taxonomy":"category","embeddable":true,"href":"https:\/\/empresas.infoempleo.com\/hrtrends\/wp-json\/wp\/v2\/categories?post=43688"},{"taxonomy":"post_tag","embeddable":true,"href":"https:\/\/empresas.infoempleo.com\/hrtrends\/wp-json\/wp\/v2\/tags?post=43688"}],"curies":[{"name":"wp","href":"https:\/\/api.w.org\/{rel}","templated":true}]}}