{"id":43677,"date":"2023-09-05T00:00:00","date_gmt":"2023-09-04T23:00:00","guid":{"rendered":"https:\/\/empresas.infoempleo.com\/hrtrends\/?p=43677"},"modified":"2024-07-02T17:44:47","modified_gmt":"2024-07-02T15:44:47","slug":"organizacion-matricial-en-la-empresa-que-es-y-que-ventajas-ofrece","status":"publish","type":"post","link":"https:\/\/empresas.infoempleo.com\/hrtrends\/organizacion-matricial-en-la-empresa-que-es-y-que-ventajas-ofrece\/","title":{"rendered":"Organizaci\u00f3n Matricial en la empresa: \u00bfQu\u00e9 es y qu\u00e9 ventajas ofrece?"},"content":{"rendered":"<p>En un mercado tan global y vertiginoso, <strong>las empresas deben convertirse en facilitadoras<\/strong> de muchos y <strong>novedosos productos o servicios<\/strong> para mantener as\u00ed su nivel competitivo. <strong>Sobre esta realidad se asienta la Organizaci\u00f3n Matricial<\/strong> de una empresa. Un modelo de organigrama que viene a <strong>superar las divisiones verticales y jerarquizadas<\/strong> que tradicionalmente configuraron la arquitectura de las compa\u00f1\u00edas. Te contamos en qu\u00e9 consiste y qu\u00e9 ventajas tiene en la empresa del S.XXI.<\/p>\n<h2>La Organizaci\u00f3n Matricial para superar las jerarqu\u00edas tradicionales<\/h2>\n<p>En la actualidad, las empresas pugnan constantemente por consolidar o mejorar su posici\u00f3n en el mercado. Las tecnolog\u00edas lo han cambiado todo y <strong>la innovaci\u00f3n de productos y servicios<\/strong> <strong>obliga <\/strong>a las compa\u00f1\u00edas a la <strong>mejora continua<\/strong> en su <em>core business<\/em>.<\/p>\n<p>De ah\u00ed que las <strong><a href=\"https:\/\/empresas.infoempleo.com\/hrtrends\/grafico-o-matriz-raci-como-ayuda-en-la-gestion-de-equipos-y-proyectos\/\" target=\"_blank\" rel=\"noopener\">estrategias basadas en proyectos<\/a><\/strong>, la <strong>multidisciplinariedad<\/strong> en la configuraci\u00f3n de los equipos, un <strong>liderazgo m\u00e1s democr\u00e1tico<\/strong> o una <strong>comunicaci\u00f3n bidireccional<\/strong> se hayan convertido en <strong>elementos claves<\/strong> de su funcionamiento.<\/p>\n<p>Y para poder adaptar la empresa a los retos actuales <strong>su dise\u00f1o organizacional tambi\u00e9n debe ser distinto<\/strong>. De ah\u00ed surge la llamada <strong>estructura matricial<\/strong>, un organigrama que se caracteriza por la necesaria existencia de <strong>dos o m\u00e1s l\u00edderes para un mismo equipo de trabajo<\/strong>. Por un lado, el <strong>director del departamento<\/strong> en cuesti\u00f3n. Por el otro, el <strong>gerente del proyecto<\/strong> en el que se est\u00e1 trabajando.<\/p>\n<p>Esta organizaci\u00f3n, que tiene <strong>forma de matriz<\/strong> y de ah\u00ed viene su nombre, <strong>permite<\/strong> mucha m\u00e1s <strong>interacci\u00f3n, flexibilidad y comunicaci\u00f3n<\/strong> en el d\u00eda a d\u00eda entre los diferentes equipos y departamentos de la empresa. La <strong>coordinaci\u00f3n <\/strong>entre <strong>jefes de proyecto y directores de departamento<\/strong> es <strong>esencial<\/strong> y <strong>aporta soluciones y mucho dinamismo<\/strong> a los obst\u00e1culos que se planteen y a los cambios que sea necesario asumir.<\/p>\n<p>&nbsp;<\/p>\n<h2>Ventajas de este tipo de organigrama<\/h2>\n<p>El <strong>diagrama matricial<\/strong> une el proyecto con los departamentos apoy\u00e1ndose en la comunicaci\u00f3n bidireccional y en el trabajo conjunto de especialistas de diferentes \u00e1reas.<\/p>\n<p>Entre las <strong>ventajas que ofrece este modelo<\/strong> podemos destacar las siguientes:<\/p>\n<ul>\n<li><strong>Mayor comunicaci\u00f3n interna y externa<\/strong>: es, posiblemente, la piedra angular de este modelo. El contacto equipos-l\u00edderes-departamentos es constante, lo que facilita la creatividad y la autonom\u00eda, y genera una mayor cohesi\u00f3n y sentido de pertenencia.<\/li>\n<li><strong>Rentabilidad de recursos<\/strong>: su flexibilidad permite crear equipos a medida, o reorganizarlos constantemente y en funci\u00f3n de las necesidades o de las caracter\u00edsticas del proyecto en el que se est\u00e9 trabajando.<\/li>\n<li><strong>Formaci\u00f3n interna del personal<\/strong>: el flujo de informaci\u00f3n, tareas y responsabilidades que permite este modelo, facilita y potencia la recualificaci\u00f3n de los miembros de los equipos en otras \u00e1reas distintas.<\/li>\n<\/ul>\n<h2>Desventajas del organigrama matricial en el d\u00eda a d\u00eda<\/h2>\n<p>Sin embargo, <strong>el organigrama matricial es complejo<\/strong> y, por tanto, tambi\u00e9n puede provocar dificultades en la operativa del d\u00eda a d\u00eda.<\/p>\n<p>Algunas de las <strong>desventajas que se han observado<\/strong> son las siguientes:<\/p>\n<ul>\n<li><strong>Embudos de informaci\u00f3n<\/strong>: <strong>l<\/strong>a necesidad de generar m\u00e1s informes o de mantener m\u00e1s reuniones de lo habitual, puede provocar un retraso en el flujo de informaci\u00f3n relevante que ralentice o entorpezca el avance en el proyecto.<\/li>\n<li><strong>Liderazgos inmaduros<\/strong>: este modelo requiere l\u00edderes de proyecto y directores de departamento con unas caracter\u00edsticas muy concretas. Democr\u00e1ticos, comunicativos, flexibles\u2026En algunas ocasiones<strong>, <a href=\"https:\/\/empresas.infoempleo.com\/hrtrends\/por-que-algunos-estilos-de-liderazgo-pueden-convertirse-en-un-riesgo-para-las-empresas\/\" target=\"_blank\" rel=\"noopener\">es el propio l\u00edder quien dificulta la resoluci\u00f3n de los problemas<\/a><\/strong> que puntualmente surgen.<\/li>\n<li><strong>Conflictos de intereses<\/strong>: <strong>al existir dos l\u00edneas de liderazgo<\/strong>, el proyecto y el departamento, pueden surgir \u00f3rdenes u objetivos contradictorios, as\u00ed como conflictos entre las necesidades del proyecto y las responsabilidades de un departamento en cuesti\u00f3n.<\/li>\n<\/ul>\n<p>Como vemos, l<strong>as empresas demandan l\u00edderes cada vez m\u00e1s modernos<\/strong>, que sepan conjugar multitud de necesidades distintas para hacer avanzar la empresa hacia un objetivo compartido por todos.<\/p>\n","protected":false},"excerpt":{"rendered":"<p>En un mercado tan global y vertiginoso, las empresas deben convertirse en facilitadoras de muchos y novedosos productos<a class=\"moretag\" href=\"https:\/\/empresas.infoempleo.com\/hrtrends\/organizacion-matricial-en-la-empresa-que-es-y-que-ventajas-ofrece\/\"> Leer m\u00e1s<\/a><\/p>\n","protected":false},"author":142,"featured_media":29665,"comment_status":"closed","ping_status":"closed","sticky":false,"template":"","format":"standard","meta":{"footnotes":""},"categories":[3035],"tags":[],"class_list":["post-43677","post","type-post","status-publish","format-standard","has-post-thumbnail","hentry","category-consejos"],"yoast_head":"<!-- This site is optimized with the Yoast SEO plugin v26.1.1 - https:\/\/yoast.com\/wordpress\/plugins\/seo\/ -->\n<title>Organizaci\u00f3n Matricial en la empresa: \u00bfQu\u00e9 es y qu\u00e9 ventajas ofrece? | HRTRENDS<\/title>\n<meta name=\"robots\" content=\"index, follow, max-snippet:-1, max-image-preview:large, max-video-preview:-1\" \/>\n<link rel=\"canonical\" href=\"https:\/\/empresas.infoempleo.com\/hrtrends\/organizacion-matricial-en-la-empresa-que-es-y-que-ventajas-ofrece\/\" \/>\n<meta property=\"og:locale\" content=\"es_ES\" \/>\n<meta property=\"og:type\" content=\"article\" \/>\n<meta property=\"og:title\" content=\"Organizaci\u00f3n Matricial en la empresa: \u00bfQu\u00e9 es y qu\u00e9 ventajas ofrece? | HRTRENDS\" \/>\n<meta property=\"og:description\" content=\"En un mercado tan global y vertiginoso, las empresas deben convertirse en facilitadoras de muchos y novedosos productos Leer m\u00e1s\" \/>\n<meta property=\"og:url\" content=\"https:\/\/empresas.infoempleo.com\/hrtrends\/organizacion-matricial-en-la-empresa-que-es-y-que-ventajas-ofrece\/\" \/>\n<meta property=\"og:site_name\" content=\"HRTRENDS\" \/>\n<meta property=\"article:publisher\" content=\"https:\/\/www.facebook.com\/Infoempleo\" \/>\n<meta property=\"article:published_time\" content=\"2023-09-04T23:00:00+00:00\" \/>\n<meta property=\"article:modified_time\" content=\"2024-07-02T15:44:47+00:00\" \/>\n<meta name=\"author\" content=\"Javier F. Parra\" \/>\n<meta name=\"twitter:card\" content=\"summary_large_image\" \/>\n<meta name=\"twitter:creator\" content=\"@infoempleo\" \/>\n<meta name=\"twitter:site\" content=\"@infoempleo\" \/>\n<meta name=\"twitter:label1\" content=\"Escrito por\" \/>\n\t<meta name=\"twitter:data1\" content=\"Javier F. Parra\" \/>\n\t<meta name=\"twitter:label2\" content=\"Tiempo de lectura\" \/>\n\t<meta name=\"twitter:data2\" content=\"3 minutos\" \/>\n<script type=\"application\/ld+json\" class=\"yoast-schema-graph\">{\"@context\":\"https:\/\/schema.org\",\"@graph\":[{\"@type\":\"NewsArticle\",\"@id\":\"https:\/\/empresas.infoempleo.com\/hrtrends\/organizacion-matricial-en-la-empresa-que-es-y-que-ventajas-ofrece\/#article\",\"isPartOf\":{\"@id\":\"https:\/\/empresas.infoempleo.com\/hrtrends\/organizacion-matricial-en-la-empresa-que-es-y-que-ventajas-ofrece\/\"},\"author\":{\"name\":\"Javier F. Parra\",\"@id\":\"https:\/\/empresas.infoempleo.com\/hrtrends\/#\/schema\/person\/bfe2fef977b750c22ac6f7d254c75afe\"},\"headline\":\"Organizaci\u00f3n Matricial en la empresa: \u00bfQu\u00e9 es y qu\u00e9 ventajas ofrece?\",\"datePublished\":\"2023-09-04T23:00:00+00:00\",\"dateModified\":\"2024-07-02T15:44:47+00:00\",\"mainEntityOfPage\":{\"@id\":\"https:\/\/empresas.infoempleo.com\/hrtrends\/organizacion-matricial-en-la-empresa-que-es-y-que-ventajas-ofrece\/\"},\"wordCount\":669,\"publisher\":{\"@id\":\"https:\/\/empresas.infoempleo.com\/hrtrends\/#organization\"},\"image\":{\"@id\":\"https:\/\/empresas.infoempleo.com\/hrtrends\/organizacion-matricial-en-la-empresa-que-es-y-que-ventajas-ofrece\/#primaryimage\"},\"thumbnailUrl\":\"https:\/\/empresas.infoempleo.com\/hrtrends\/media\/2017\/05\/pexels-photo-205508.jpg\",\"articleSection\":[\"Consejos\"],\"inLanguage\":\"es\",\"copyrightYear\":\"2023\",\"copyrightHolder\":{\"@id\":\"https:\/\/empresas.infoempleo.com\/hrtrends\/#organization\"}},{\"@type\":\"WebPage\",\"@id\":\"https:\/\/empresas.infoempleo.com\/hrtrends\/organizacion-matricial-en-la-empresa-que-es-y-que-ventajas-ofrece\/\",\"url\":\"https:\/\/empresas.infoempleo.com\/hrtrends\/organizacion-matricial-en-la-empresa-que-es-y-que-ventajas-ofrece\/\",\"name\":\"Organizaci\u00f3n Matricial en la empresa: \u00bfQu\u00e9 es y qu\u00e9 ventajas ofrece? | HRTRENDS\",\"isPartOf\":{\"@id\":\"https:\/\/empresas.infoempleo.com\/hrtrends\/#website\"},\"primaryImageOfPage\":{\"@id\":\"https:\/\/empresas.infoempleo.com\/hrtrends\/organizacion-matricial-en-la-empresa-que-es-y-que-ventajas-ofrece\/#primaryimage\"},\"image\":{\"@id\":\"https:\/\/empresas.infoempleo.com\/hrtrends\/organizacion-matricial-en-la-empresa-que-es-y-que-ventajas-ofrece\/#primaryimage\"},\"thumbnailUrl\":\"https:\/\/empresas.infoempleo.com\/hrtrends\/media\/2017\/05\/pexels-photo-205508.jpg\",\"datePublished\":\"2023-09-04T23:00:00+00:00\",\"dateModified\":\"2024-07-02T15:44:47+00:00\",\"breadcrumb\":{\"@id\":\"https:\/\/empresas.infoempleo.com\/hrtrends\/organizacion-matricial-en-la-empresa-que-es-y-que-ventajas-ofrece\/#breadcrumb\"},\"inLanguage\":\"es\",\"potentialAction\":[{\"@type\":\"ReadAction\",\"target\":[\"https:\/\/empresas.infoempleo.com\/hrtrends\/organizacion-matricial-en-la-empresa-que-es-y-que-ventajas-ofrece\/\"]}]},{\"@type\":\"ImageObject\",\"inLanguage\":\"es\",\"@id\":\"https:\/\/empresas.infoempleo.com\/hrtrends\/organizacion-matricial-en-la-empresa-que-es-y-que-ventajas-ofrece\/#primaryimage\",\"url\":\"https:\/\/empresas.infoempleo.com\/hrtrends\/media\/2017\/05\/pexels-photo-205508-150x150.jpg\",\"contentUrl\":\"https:\/\/empresas.infoempleo.com\/hrtrends\/media\/2017\/05\/pexels-photo-205508-150x150.jpg\",\"width\":150,\"height\":150},{\"@type\":\"BreadcrumbList\",\"@id\":\"https:\/\/empresas.infoempleo.com\/hrtrends\/organizacion-matricial-en-la-empresa-que-es-y-que-ventajas-ofrece\/#breadcrumb\",\"itemListElement\":[{\"@type\":\"ListItem\",\"position\":1,\"name\":\"Portada\",\"item\":\"https:\/\/empresas.infoempleo.com\/hrtrends\/\"},{\"@type\":\"ListItem\",\"position\":2,\"name\":\"Organizaci\u00f3n Matricial en la empresa: \u00bfQu\u00e9 es y qu\u00e9 ventajas ofrece?\"}]},{\"@type\":\"WebSite\",\"@id\":\"https:\/\/empresas.infoempleo.com\/hrtrends\/#website\",\"url\":\"https:\/\/empresas.infoempleo.com\/hrtrends\",\"name\":\"HRTrends by Infoempleo\",\"description\":\"\",\"publisher\":{\"@id\":\"https:\/\/empresas.infoempleo.com\/hrtrends\/#organization\"},\"potentialAction\":{\"@type\":\"SearchAction\",\"target\":\"https:\/\/empresas.infoempleo.com\/hrtrends\/?s={search_term_string}\",\"query-input\":\"required name=search_term_string\"},\"inLanguage\":\"es\"},{\"@type\":\"Organization\",\"@id\":\"https:\/\/empresas.infoempleo.com\/hrtrends\/#organization\",\"name\":\"Infoempleo\",\"url\":\"https:\/\/www.infoempleo.com\/\",\"logo\":{\"@type\":\"ImageObject\",\"@id\":\"https:\/\/empresas.infoempleo.com\/hrtrends\/#logo\",\"inLanguage\":\"es\",\"url\":\"https:\/\/cdnazure.infoempleo.com\/infoempleo\/assets\/style\/gfx\/logo.svg\",\"contentUrl\":\"https:\/\/cdnazure.infoempleo.com\/infoempleo\/assets\/style\/gfx\/logo.svg\",\"width\":150,\"height\":40,\"caption\":\"Infoempleo\"},\"image\":{\"@id\":\"https:\/\/empresas.infoempleo.com\/hrtrends\/#logo\"},\"sameAs\":[\"https:\/\/www.facebook.com\/Infoempleo\",\"https:\/\/x.com\/infoempleo\",\"http:\/\/instagram.com\/infoempleo\/\",\"http:\/\/www.linkedin.com\/groups\/Empleo-Espa\u00f1a-Infoempleocom-111276\",\"http:\/\/pinterest.com\/infoempleo\/\"],\"address\":{\"@type\":\"PostalAddress\",\"addressLocality\":\"Madrid\",\"postalCode\":\"28050\",\"streetAddress\":\"Avenida de Burgos 114\"},\"brand\":[\"Infoempleo\"]},{\"@type\":\"Person\",\"@id\":\"https:\/\/empresas.infoempleo.com\/hrtrends\/#\/schema\/person\/bfe2fef977b750c22ac6f7d254c75afe\",\"name\":\"Javier F. Parra\",\"image\":{\"@type\":\"ImageObject\",\"inLanguage\":\"es\",\"@id\":\"https:\/\/empresas.infoempleo.com\/hrtrends\/#\/schema\/person\/image\/\",\"url\":\"https:\/\/secure.gravatar.com\/avatar\/cc7a816c43a98631bfc25486db802fb539f4c937146762f45a94d9b4d1ea0721?s=96&d=mm&r=g\",\"contentUrl\":\"https:\/\/secure.gravatar.com\/avatar\/cc7a816c43a98631bfc25486db802fb539f4c937146762f45a94d9b4d1ea0721?s=96&d=mm&r=g\",\"caption\":\"Javier F. Parra\"},\"description\":\"Licenciado en Pedagog\u00eda Sociolaboral. M\u00e1ster en Direcci\u00f3n y Gesti\u00f3n de Recursos Humanos y Postgrado en Prevenci\u00f3n de Riesgos Laborales. Desde hace m\u00e1s de 15 a\u00f1os me dedico a la formaci\u00f3n, la asesor\u00eda de empresas y al apoyo directo a personas que quieren emprender un negocio. Me interesan la pol\u00edtica, la literatura, la Historia y las personas, aunque no necesariamente en ese orden.\",\"url\":\"https:\/\/empresas.infoempleo.com\/hrtrends\/author\/javieryerro80gmail-com\/\"}]}<\/script>\n<!-- \/ Yoast SEO plugin. -->","yoast_head_json":{"title":"Organizaci\u00f3n Matricial en la empresa: \u00bfQu\u00e9 es y qu\u00e9 ventajas ofrece? | HRTRENDS","robots":{"index":"index","follow":"follow","max-snippet":"max-snippet:-1","max-image-preview":"max-image-preview:large","max-video-preview":"max-video-preview:-1"},"canonical":"https:\/\/empresas.infoempleo.com\/hrtrends\/organizacion-matricial-en-la-empresa-que-es-y-que-ventajas-ofrece\/","og_locale":"es_ES","og_type":"article","og_title":"Organizaci\u00f3n Matricial en la empresa: \u00bfQu\u00e9 es y qu\u00e9 ventajas ofrece? | HRTRENDS","og_description":"En un mercado tan global y vertiginoso, las empresas deben convertirse en facilitadoras de muchos y novedosos productos Leer m\u00e1s","og_url":"https:\/\/empresas.infoempleo.com\/hrtrends\/organizacion-matricial-en-la-empresa-que-es-y-que-ventajas-ofrece\/","og_site_name":"HRTRENDS","article_publisher":"https:\/\/www.facebook.com\/Infoempleo","article_published_time":"2023-09-04T23:00:00+00:00","article_modified_time":"2024-07-02T15:44:47+00:00","author":"Javier F. Parra","twitter_card":"summary_large_image","twitter_creator":"@infoempleo","twitter_site":"@infoempleo","twitter_misc":{"Escrito por":"Javier F. Parra","Tiempo de lectura":"3 minutos"},"schema":{"@context":"https:\/\/schema.org","@graph":[{"@type":"NewsArticle","@id":"https:\/\/empresas.infoempleo.com\/hrtrends\/organizacion-matricial-en-la-empresa-que-es-y-que-ventajas-ofrece\/#article","isPartOf":{"@id":"https:\/\/empresas.infoempleo.com\/hrtrends\/organizacion-matricial-en-la-empresa-que-es-y-que-ventajas-ofrece\/"},"author":{"name":"Javier F. Parra","@id":"https:\/\/empresas.infoempleo.com\/hrtrends\/#\/schema\/person\/bfe2fef977b750c22ac6f7d254c75afe"},"headline":"Organizaci\u00f3n Matricial en la empresa: \u00bfQu\u00e9 es y qu\u00e9 ventajas ofrece?","datePublished":"2023-09-04T23:00:00+00:00","dateModified":"2024-07-02T15:44:47+00:00","mainEntityOfPage":{"@id":"https:\/\/empresas.infoempleo.com\/hrtrends\/organizacion-matricial-en-la-empresa-que-es-y-que-ventajas-ofrece\/"},"wordCount":669,"publisher":{"@id":"https:\/\/empresas.infoempleo.com\/hrtrends\/#organization"},"image":{"@id":"https:\/\/empresas.infoempleo.com\/hrtrends\/organizacion-matricial-en-la-empresa-que-es-y-que-ventajas-ofrece\/#primaryimage"},"thumbnailUrl":"https:\/\/empresas.infoempleo.com\/hrtrends\/media\/2017\/05\/pexels-photo-205508.jpg","articleSection":["Consejos"],"inLanguage":"es","copyrightYear":"2023","copyrightHolder":{"@id":"https:\/\/empresas.infoempleo.com\/hrtrends\/#organization"}},{"@type":"WebPage","@id":"https:\/\/empresas.infoempleo.com\/hrtrends\/organizacion-matricial-en-la-empresa-que-es-y-que-ventajas-ofrece\/","url":"https:\/\/empresas.infoempleo.com\/hrtrends\/organizacion-matricial-en-la-empresa-que-es-y-que-ventajas-ofrece\/","name":"Organizaci\u00f3n Matricial en la empresa: \u00bfQu\u00e9 es y qu\u00e9 ventajas ofrece? | HRTRENDS","isPartOf":{"@id":"https:\/\/empresas.infoempleo.com\/hrtrends\/#website"},"primaryImageOfPage":{"@id":"https:\/\/empresas.infoempleo.com\/hrtrends\/organizacion-matricial-en-la-empresa-que-es-y-que-ventajas-ofrece\/#primaryimage"},"image":{"@id":"https:\/\/empresas.infoempleo.com\/hrtrends\/organizacion-matricial-en-la-empresa-que-es-y-que-ventajas-ofrece\/#primaryimage"},"thumbnailUrl":"https:\/\/empresas.infoempleo.com\/hrtrends\/media\/2017\/05\/pexels-photo-205508.jpg","datePublished":"2023-09-04T23:00:00+00:00","dateModified":"2024-07-02T15:44:47+00:00","breadcrumb":{"@id":"https:\/\/empresas.infoempleo.com\/hrtrends\/organizacion-matricial-en-la-empresa-que-es-y-que-ventajas-ofrece\/#breadcrumb"},"inLanguage":"es","potentialAction":[{"@type":"ReadAction","target":["https:\/\/empresas.infoempleo.com\/hrtrends\/organizacion-matricial-en-la-empresa-que-es-y-que-ventajas-ofrece\/"]}]},{"@type":"ImageObject","inLanguage":"es","@id":"https:\/\/empresas.infoempleo.com\/hrtrends\/organizacion-matricial-en-la-empresa-que-es-y-que-ventajas-ofrece\/#primaryimage","url":"https:\/\/empresas.infoempleo.com\/hrtrends\/media\/2017\/05\/pexels-photo-205508-150x150.jpg","contentUrl":"https:\/\/empresas.infoempleo.com\/hrtrends\/media\/2017\/05\/pexels-photo-205508-150x150.jpg","width":150,"height":150},{"@type":"BreadcrumbList","@id":"https:\/\/empresas.infoempleo.com\/hrtrends\/organizacion-matricial-en-la-empresa-que-es-y-que-ventajas-ofrece\/#breadcrumb","itemListElement":[{"@type":"ListItem","position":1,"name":"Portada","item":"https:\/\/empresas.infoempleo.com\/hrtrends\/"},{"@type":"ListItem","position":2,"name":"Organizaci\u00f3n Matricial en la empresa: \u00bfQu\u00e9 es y qu\u00e9 ventajas ofrece?"}]},{"@type":"WebSite","@id":"https:\/\/empresas.infoempleo.com\/hrtrends\/#website","url":"https:\/\/empresas.infoempleo.com\/hrtrends","name":"HRTrends by Infoempleo","description":"","publisher":{"@id":"https:\/\/empresas.infoempleo.com\/hrtrends\/#organization"},"potentialAction":{"@type":"SearchAction","target":"https:\/\/empresas.infoempleo.com\/hrtrends\/?s={search_term_string}","query-input":"required name=search_term_string"},"inLanguage":"es"},{"@type":"Organization","@id":"https:\/\/empresas.infoempleo.com\/hrtrends\/#organization","name":"Infoempleo","url":"https:\/\/www.infoempleo.com\/","logo":{"@type":"ImageObject","@id":"https:\/\/empresas.infoempleo.com\/hrtrends\/#logo","inLanguage":"es","url":"https:\/\/cdnazure.infoempleo.com\/infoempleo\/assets\/style\/gfx\/logo.svg","contentUrl":"https:\/\/cdnazure.infoempleo.com\/infoempleo\/assets\/style\/gfx\/logo.svg","width":150,"height":40,"caption":"Infoempleo"},"image":{"@id":"https:\/\/empresas.infoempleo.com\/hrtrends\/#logo"},"sameAs":["https:\/\/www.facebook.com\/Infoempleo","https:\/\/x.com\/infoempleo","http:\/\/instagram.com\/infoempleo\/","http:\/\/www.linkedin.com\/groups\/Empleo-Espa\u00f1a-Infoempleocom-111276","http:\/\/pinterest.com\/infoempleo\/"],"address":{"@type":"PostalAddress","addressLocality":"Madrid","postalCode":"28050","streetAddress":"Avenida de Burgos 114"},"brand":["Infoempleo"]},{"@type":"Person","@id":"https:\/\/empresas.infoempleo.com\/hrtrends\/#\/schema\/person\/bfe2fef977b750c22ac6f7d254c75afe","name":"Javier F. Parra","image":{"@type":"ImageObject","inLanguage":"es","@id":"https:\/\/empresas.infoempleo.com\/hrtrends\/#\/schema\/person\/image\/","url":"https:\/\/secure.gravatar.com\/avatar\/cc7a816c43a98631bfc25486db802fb539f4c937146762f45a94d9b4d1ea0721?s=96&d=mm&r=g","contentUrl":"https:\/\/secure.gravatar.com\/avatar\/cc7a816c43a98631bfc25486db802fb539f4c937146762f45a94d9b4d1ea0721?s=96&d=mm&r=g","caption":"Javier F. Parra"},"description":"Licenciado en Pedagog\u00eda Sociolaboral. M\u00e1ster en Direcci\u00f3n y Gesti\u00f3n de Recursos Humanos y Postgrado en Prevenci\u00f3n de Riesgos Laborales. Desde hace m\u00e1s de 15 a\u00f1os me dedico a la formaci\u00f3n, la asesor\u00eda de empresas y al apoyo directo a personas que quieren emprender un negocio. Me interesan la pol\u00edtica, la literatura, la Historia y las personas, aunque no necesariamente en ese orden.","url":"https:\/\/empresas.infoempleo.com\/hrtrends\/author\/javieryerro80gmail-com\/"}]}},"amp_enabled":true,"_links":{"self":[{"href":"https:\/\/empresas.infoempleo.com\/hrtrends\/wp-json\/wp\/v2\/posts\/43677","targetHints":{"allow":["GET"]}}],"collection":[{"href":"https:\/\/empresas.infoempleo.com\/hrtrends\/wp-json\/wp\/v2\/posts"}],"about":[{"href":"https:\/\/empresas.infoempleo.com\/hrtrends\/wp-json\/wp\/v2\/types\/post"}],"author":[{"embeddable":true,"href":"https:\/\/empresas.infoempleo.com\/hrtrends\/wp-json\/wp\/v2\/users\/142"}],"replies":[{"embeddable":true,"href":"https:\/\/empresas.infoempleo.com\/hrtrends\/wp-json\/wp\/v2\/comments?post=43677"}],"version-history":[{"count":1,"href":"https:\/\/empresas.infoempleo.com\/hrtrends\/wp-json\/wp\/v2\/posts\/43677\/revisions"}],"predecessor-version":[{"id":44146,"href":"https:\/\/empresas.infoempleo.com\/hrtrends\/wp-json\/wp\/v2\/posts\/43677\/revisions\/44146"}],"wp:featuredmedia":[{"embeddable":true,"href":"https:\/\/empresas.infoempleo.com\/hrtrends\/wp-json\/wp\/v2\/media\/29665"}],"wp:attachment":[{"href":"https:\/\/empresas.infoempleo.com\/hrtrends\/wp-json\/wp\/v2\/media?parent=43677"}],"wp:term":[{"taxonomy":"category","embeddable":true,"href":"https:\/\/empresas.infoempleo.com\/hrtrends\/wp-json\/wp\/v2\/categories?post=43677"},{"taxonomy":"post_tag","embeddable":true,"href":"https:\/\/empresas.infoempleo.com\/hrtrends\/wp-json\/wp\/v2\/tags?post=43677"}],"curies":[{"name":"wp","href":"https:\/\/api.w.org\/{rel}","templated":true}]}}