{"id":43668,"date":"2023-11-04T00:00:00","date_gmt":"2023-11-03T23:00:00","guid":{"rendered":"https:\/\/empresas.infoempleo.com\/hrtrends\/?p=43668"},"modified":"2024-07-02T17:01:51","modified_gmt":"2024-07-02T15:01:51","slug":"modelo-111-como-hacer-la-declaracion-trimestral-de-retenciones-de-trabajadores","status":"publish","type":"post","link":"https:\/\/empresas.infoempleo.com\/hrtrends\/modelo-111-como-hacer-la-declaracion-trimestral-de-retenciones-de-trabajadores\/","title":{"rendered":"Modelo 111: C\u00f3mo hacer la Declaraci\u00f3n Trimestral de Retenciones de Trabajadores"},"content":{"rendered":"<p>Entre sus <strong>obligaciones fiscales<\/strong>, todas <strong>las empresas<\/strong> <strong>con empleados<\/strong>, o las que cuenten con colaboradores externos, ya sean <em>freelance<\/em> o empresas, deben realizar la <strong>declaraci\u00f3n trimestral de retenciones<\/strong> a trav\u00e9s del <strong>modelo 111<\/strong>. Esta tarea se puede llevar a cabo <strong>telem\u00e1ticamente<\/strong>\u00a0y suele recaer en los departamentos de RRHH o de personal de las compa\u00f1\u00edas. En este art\u00edculo explicamos <strong>qu\u00e9 es y c\u00f3mo se lleva<\/strong> a cabo la presentaci\u00f3n del modelo 111.<\/p>\n<h2>\u00bfQu\u00e9 es la declaraci\u00f3n trimestral de retenciones de trabajadores o Modelo 111?<\/h2>\n<p>Todos los a\u00f1os, al <strong>inicio del ejercicio econ\u00f3mico<\/strong>, los <strong>trabajadores rellenan el modelo 145<\/strong> (Comunicaci\u00f3n de datos al Pagador) que contiene la <strong>informaci\u00f3n fiscal para empleadores<\/strong>, de cara a que <strong>la empresa pueda practicar<\/strong> a cada empleado la <strong><a href=\"https:\/\/empresas.infoempleo.com\/hrtrends\/dudas-sobre-irpf-si-tienes-personal-contratado\" target=\"_blank\" rel=\"noopener\">retenci\u00f3n correcta<\/a> <\/strong>en su n\u00f3mina.<\/p>\n<p><strong>Entre las<\/strong> <strong>diferentes obligaciones<\/strong> respecto a la <strong>liquidaci\u00f3n de impuestos<\/strong> que deben acometer las empresas, una de ellas tiene que ver con las <strong>retenciones a cuenta del IRPF<\/strong> que practican a sus trabajadores, as\u00ed como a las profesionales o empresas con las que trabajan directamente.<\/p>\n<p><strong>El empleador retiene <\/strong>la cantidad correspondiente de<strong> IRPF<\/strong> en la n\u00f3mina <strong>de cada trabajador<\/strong> e <strong>ingresa<\/strong> dicha cantidad <strong>en su nombre a Hacienda<\/strong>, utilizando el <strong>modelo 111<\/strong>. Es una forma de <strong>adelantar <\/strong>mensualmente la <strong>factura fiscal de cada trabajador<\/strong> para que, <strong>llegado el momento<\/strong> de realizar <strong>el impuesto sobre la renta<\/strong>, <strong>ya se hayan acometido<\/strong> la mayor\u00eda de <strong>las obligaciones <\/strong>individuales con Hacienda <strong>e, incluso, <\/strong>esta <strong>deba devolver<\/strong> las cantidades pagadas de m\u00e1s. \u00a0Esta obligaci\u00f3n fiscal llevada a cabo por la empresa respecto de las retenciones de trabajadores <strong>se realiza mediante una tributaci\u00f3n trimestral.<\/strong><\/p>\n<h2>\u00bfC\u00f3mo es el procedimiento que deben seguir las empresas?<\/h2>\n<p>El <strong>modelo 111<\/strong> con el c\u00e1lculo de las retenciones practicadas por la empresa <strong>debe presentarse<\/strong> en los <strong>plazos correspondientes<\/strong> establecidos por la Administraci\u00f3n Tributaria. Como <strong>norma general<\/strong>, la fecha tope ser\u00e1n los <strong>20 d\u00edas posteriores a la finalizaci\u00f3n de cada trimestre<\/strong>.<\/p>\n<p>De esta forma, las fechas de liquidaci\u00f3n son las siguientes:<\/p>\n<ul>\n<li>Para el <strong>primer trimestre<\/strong>: <strong>entre el 1 y el 20 de abril<\/strong>, ambos inclusive<\/li>\n<li><strong>Segundo trimestre<\/strong>: <strong>del 1 al 20 de junio<\/strong>, ambos incluidos<\/li>\n<li>El <strong>tercer trimestre<\/strong>: del <strong>1 al 20 de octubre<\/strong>, ambos incluidos<\/li>\n<li><strong>Cuarto trimestre<\/strong>: entre el <strong>1 y el 20 de enero<\/strong>, ambos inclusive<\/li>\n<\/ul>\n<p>El abono de este impuesto <strong>se puede realizar de forma telem\u00e1tica<\/strong>, utilizando la <strong>Sede Electr\u00f3nica <\/strong>de la Administraci\u00f3n Tributaria, y utilizando los correspondientes Certificados de Firma Electr\u00f3nica de la empresa. <strong>Tambi\u00e9n<\/strong> es posible presentarlo <strong>de forma presencial<\/strong> en la oficina de la AEAT que corresponda a cada empresa.<\/p>\n<p>Para presentar dicho modelo, la empresa debe <strong>recopilar las cantidades de las retenciones aplicadas <\/strong>a todos sus <strong>trabajadores <\/strong>en las n\u00f3minas, as\u00ed como aquellas <strong>facturas de gastos<\/strong> donde se haya aplicado retenci\u00f3n de IRPF, ya sean <strong>de aut\u00f3nomos<\/strong>, <strong>sociedades<\/strong>, <strong>otras entidades<\/strong> <strong>o particulares<\/strong>.<\/p>\n<p>Una vez esa informaci\u00f3n est\u00e9 en poder de la empresa, se debe pasar a cumplimentar el modelo 111, indicando en cada apartado las retenciones oportunas. En este sentido, <strong>pueden existir retenciones por rendimientos del trabajo<\/strong> (las realizadas en las n\u00f3minas de los trabajadores), o por <strong>actividades econ\u00f3micas<\/strong> (seg\u00fan las facturas emitidas por los servicios de otros profesionales). Tambi\u00e9n existe la opci\u00f3n de indicar retenciones <strong>relacionadas con concursos, premios u otras combinaciones<\/strong>, as\u00ed como <strong>por ganancias patrimoniales<\/strong>, si se da el caso. Finalmente, se completar\u00e1 la casilla que corresponde al total de liquidaci\u00f3n, sumando todos los apartados anteriores y se proceder\u00e1 a se\u00f1alar el ingreso final.<\/p>\n","protected":false},"excerpt":{"rendered":"<p>Entre sus obligaciones fiscales, todas las empresas con empleados, o las que cuenten con colaboradores externos, ya sean<a class=\"moretag\" href=\"https:\/\/empresas.infoempleo.com\/hrtrends\/modelo-111-como-hacer-la-declaracion-trimestral-de-retenciones-de-trabajadores\/\"> Leer m\u00e1s<\/a><\/p>\n","protected":false},"author":142,"featured_media":29665,"comment_status":"closed","ping_status":"closed","sticky":false,"template":"","format":"standard","meta":{"footnotes":""},"categories":[3032],"tags":[],"class_list":["post-43668","post","type-post","status-publish","format-standard","has-post-thumbnail","hentry","category-formacion"],"yoast_head":"<!-- This site is optimized with the Yoast SEO plugin v26.1.1 - https:\/\/yoast.com\/wordpress\/plugins\/seo\/ -->\n<title>Modelo 111: C\u00f3mo hacer la Declaraci\u00f3n Trimestral de Retenciones de Trabajadores | HRTRENDS<\/title>\n<meta name=\"robots\" content=\"index, follow, max-snippet:-1, max-image-preview:large, max-video-preview:-1\" \/>\n<link rel=\"canonical\" href=\"https:\/\/empresas.infoempleo.com\/hrtrends\/modelo-111-como-hacer-la-declaracion-trimestral-de-retenciones-de-trabajadores\/\" \/>\n<meta property=\"og:locale\" content=\"es_ES\" \/>\n<meta property=\"og:type\" content=\"article\" \/>\n<meta property=\"og:title\" content=\"Modelo 111: C\u00f3mo hacer la Declaraci\u00f3n Trimestral de Retenciones de Trabajadores | HRTRENDS\" \/>\n<meta property=\"og:description\" content=\"Entre sus obligaciones fiscales, todas las empresas con empleados, o las que cuenten con colaboradores externos, ya sean Leer m\u00e1s\" \/>\n<meta property=\"og:url\" content=\"https:\/\/empresas.infoempleo.com\/hrtrends\/modelo-111-como-hacer-la-declaracion-trimestral-de-retenciones-de-trabajadores\/\" \/>\n<meta property=\"og:site_name\" content=\"HRTRENDS\" \/>\n<meta property=\"article:publisher\" content=\"https:\/\/www.facebook.com\/Infoempleo\" \/>\n<meta property=\"article:published_time\" content=\"2023-11-03T23:00:00+00:00\" \/>\n<meta property=\"article:modified_time\" content=\"2024-07-02T15:01:51+00:00\" \/>\n<meta name=\"author\" content=\"Javier F. Parra\" \/>\n<meta name=\"twitter:card\" content=\"summary_large_image\" \/>\n<meta name=\"twitter:creator\" content=\"@infoempleo\" \/>\n<meta name=\"twitter:site\" content=\"@infoempleo\" \/>\n<meta name=\"twitter:label1\" content=\"Escrito por\" \/>\n\t<meta name=\"twitter:data1\" content=\"Javier F. Parra\" \/>\n\t<meta name=\"twitter:label2\" content=\"Tiempo de lectura\" \/>\n\t<meta name=\"twitter:data2\" content=\"3 minutos\" \/>\n<script type=\"application\/ld+json\" class=\"yoast-schema-graph\">{\"@context\":\"https:\/\/schema.org\",\"@graph\":[{\"@type\":\"NewsArticle\",\"@id\":\"https:\/\/empresas.infoempleo.com\/hrtrends\/modelo-111-como-hacer-la-declaracion-trimestral-de-retenciones-de-trabajadores\/#article\",\"isPartOf\":{\"@id\":\"https:\/\/empresas.infoempleo.com\/hrtrends\/modelo-111-como-hacer-la-declaracion-trimestral-de-retenciones-de-trabajadores\/\"},\"author\":{\"name\":\"Javier F. Parra\",\"@id\":\"https:\/\/empresas.infoempleo.com\/hrtrends\/#\/schema\/person\/bfe2fef977b750c22ac6f7d254c75afe\"},\"headline\":\"Modelo 111: C\u00f3mo hacer la Declaraci\u00f3n Trimestral de Retenciones de Trabajadores\",\"datePublished\":\"2023-11-03T23:00:00+00:00\",\"dateModified\":\"2024-07-02T15:01:51+00:00\",\"mainEntityOfPage\":{\"@id\":\"https:\/\/empresas.infoempleo.com\/hrtrends\/modelo-111-como-hacer-la-declaracion-trimestral-de-retenciones-de-trabajadores\/\"},\"wordCount\":608,\"publisher\":{\"@id\":\"https:\/\/empresas.infoempleo.com\/hrtrends\/#organization\"},\"image\":{\"@id\":\"https:\/\/empresas.infoempleo.com\/hrtrends\/modelo-111-como-hacer-la-declaracion-trimestral-de-retenciones-de-trabajadores\/#primaryimage\"},\"thumbnailUrl\":\"https:\/\/empresas.infoempleo.com\/hrtrends\/media\/2017\/05\/pexels-photo-205508.jpg\",\"articleSection\":[\"Formaci\u00f3n\"],\"inLanguage\":\"es\",\"copyrightYear\":\"2023\",\"copyrightHolder\":{\"@id\":\"https:\/\/empresas.infoempleo.com\/hrtrends\/#organization\"}},{\"@type\":\"WebPage\",\"@id\":\"https:\/\/empresas.infoempleo.com\/hrtrends\/modelo-111-como-hacer-la-declaracion-trimestral-de-retenciones-de-trabajadores\/\",\"url\":\"https:\/\/empresas.infoempleo.com\/hrtrends\/modelo-111-como-hacer-la-declaracion-trimestral-de-retenciones-de-trabajadores\/\",\"name\":\"Modelo 111: C\u00f3mo hacer la Declaraci\u00f3n Trimestral de Retenciones de Trabajadores | HRTRENDS\",\"isPartOf\":{\"@id\":\"https:\/\/empresas.infoempleo.com\/hrtrends\/#website\"},\"primaryImageOfPage\":{\"@id\":\"https:\/\/empresas.infoempleo.com\/hrtrends\/modelo-111-como-hacer-la-declaracion-trimestral-de-retenciones-de-trabajadores\/#primaryimage\"},\"image\":{\"@id\":\"https:\/\/empresas.infoempleo.com\/hrtrends\/modelo-111-como-hacer-la-declaracion-trimestral-de-retenciones-de-trabajadores\/#primaryimage\"},\"thumbnailUrl\":\"https:\/\/empresas.infoempleo.com\/hrtrends\/media\/2017\/05\/pexels-photo-205508.jpg\",\"datePublished\":\"2023-11-03T23:00:00+00:00\",\"dateModified\":\"2024-07-02T15:01:51+00:00\",\"breadcrumb\":{\"@id\":\"https:\/\/empresas.infoempleo.com\/hrtrends\/modelo-111-como-hacer-la-declaracion-trimestral-de-retenciones-de-trabajadores\/#breadcrumb\"},\"inLanguage\":\"es\",\"potentialAction\":[{\"@type\":\"ReadAction\",\"target\":[\"https:\/\/empresas.infoempleo.com\/hrtrends\/modelo-111-como-hacer-la-declaracion-trimestral-de-retenciones-de-trabajadores\/\"]}]},{\"@type\":\"ImageObject\",\"inLanguage\":\"es\",\"@id\":\"https:\/\/empresas.infoempleo.com\/hrtrends\/modelo-111-como-hacer-la-declaracion-trimestral-de-retenciones-de-trabajadores\/#primaryimage\",\"url\":\"https:\/\/empresas.infoempleo.com\/hrtrends\/media\/2017\/05\/pexels-photo-205508-150x150.jpg\",\"contentUrl\":\"https:\/\/empresas.infoempleo.com\/hrtrends\/media\/2017\/05\/pexels-photo-205508-150x150.jpg\",\"width\":150,\"height\":150},{\"@type\":\"BreadcrumbList\",\"@id\":\"https:\/\/empresas.infoempleo.com\/hrtrends\/modelo-111-como-hacer-la-declaracion-trimestral-de-retenciones-de-trabajadores\/#breadcrumb\",\"itemListElement\":[{\"@type\":\"ListItem\",\"position\":1,\"name\":\"Portada\",\"item\":\"https:\/\/empresas.infoempleo.com\/hrtrends\/\"},{\"@type\":\"ListItem\",\"position\":2,\"name\":\"Modelo 111: C\u00f3mo hacer la Declaraci\u00f3n Trimestral de Retenciones de Trabajadores\"}]},{\"@type\":\"WebSite\",\"@id\":\"https:\/\/empresas.infoempleo.com\/hrtrends\/#website\",\"url\":\"https:\/\/empresas.infoempleo.com\/hrtrends\",\"name\":\"HRTrends by Infoempleo\",\"description\":\"\",\"publisher\":{\"@id\":\"https:\/\/empresas.infoempleo.com\/hrtrends\/#organization\"},\"potentialAction\":{\"@type\":\"SearchAction\",\"target\":\"https:\/\/empresas.infoempleo.com\/hrtrends\/?s={search_term_string}\",\"query-input\":\"required name=search_term_string\"},\"inLanguage\":\"es\"},{\"@type\":\"Organization\",\"@id\":\"https:\/\/empresas.infoempleo.com\/hrtrends\/#organization\",\"name\":\"Infoempleo\",\"url\":\"https:\/\/www.infoempleo.com\/\",\"logo\":{\"@type\":\"ImageObject\",\"@id\":\"https:\/\/empresas.infoempleo.com\/hrtrends\/#logo\",\"inLanguage\":\"es\",\"url\":\"https:\/\/cdnazure.infoempleo.com\/infoempleo\/assets\/style\/gfx\/logo.svg\",\"contentUrl\":\"https:\/\/cdnazure.infoempleo.com\/infoempleo\/assets\/style\/gfx\/logo.svg\",\"width\":150,\"height\":40,\"caption\":\"Infoempleo\"},\"image\":{\"@id\":\"https:\/\/empresas.infoempleo.com\/hrtrends\/#logo\"},\"sameAs\":[\"https:\/\/www.facebook.com\/Infoempleo\",\"https:\/\/x.com\/infoempleo\",\"http:\/\/instagram.com\/infoempleo\/\",\"http:\/\/www.linkedin.com\/groups\/Empleo-Espa\u00f1a-Infoempleocom-111276\",\"http:\/\/pinterest.com\/infoempleo\/\"],\"address\":{\"@type\":\"PostalAddress\",\"addressLocality\":\"Madrid\",\"postalCode\":\"28050\",\"streetAddress\":\"Avenida de Burgos 114\"},\"brand\":[\"Infoempleo\"]},{\"@type\":\"Person\",\"@id\":\"https:\/\/empresas.infoempleo.com\/hrtrends\/#\/schema\/person\/bfe2fef977b750c22ac6f7d254c75afe\",\"name\":\"Javier F. Parra\",\"image\":{\"@type\":\"ImageObject\",\"inLanguage\":\"es\",\"@id\":\"https:\/\/empresas.infoempleo.com\/hrtrends\/#\/schema\/person\/image\/\",\"url\":\"https:\/\/secure.gravatar.com\/avatar\/cc7a816c43a98631bfc25486db802fb539f4c937146762f45a94d9b4d1ea0721?s=96&d=mm&r=g\",\"contentUrl\":\"https:\/\/secure.gravatar.com\/avatar\/cc7a816c43a98631bfc25486db802fb539f4c937146762f45a94d9b4d1ea0721?s=96&d=mm&r=g\",\"caption\":\"Javier F. Parra\"},\"description\":\"Licenciado en Pedagog\u00eda Sociolaboral. M\u00e1ster en Direcci\u00f3n y Gesti\u00f3n de Recursos Humanos y Postgrado en Prevenci\u00f3n de Riesgos Laborales. Desde hace m\u00e1s de 15 a\u00f1os me dedico a la formaci\u00f3n, la asesor\u00eda de empresas y al apoyo directo a personas que quieren emprender un negocio. Me interesan la pol\u00edtica, la literatura, la Historia y las personas, aunque no necesariamente en ese orden.\",\"url\":\"https:\/\/empresas.infoempleo.com\/hrtrends\/author\/javieryerro80gmail-com\/\"}]}<\/script>\n<!-- \/ Yoast SEO plugin. -->","yoast_head_json":{"title":"Modelo 111: C\u00f3mo hacer la Declaraci\u00f3n Trimestral de Retenciones de Trabajadores | HRTRENDS","robots":{"index":"index","follow":"follow","max-snippet":"max-snippet:-1","max-image-preview":"max-image-preview:large","max-video-preview":"max-video-preview:-1"},"canonical":"https:\/\/empresas.infoempleo.com\/hrtrends\/modelo-111-como-hacer-la-declaracion-trimestral-de-retenciones-de-trabajadores\/","og_locale":"es_ES","og_type":"article","og_title":"Modelo 111: C\u00f3mo hacer la Declaraci\u00f3n Trimestral de Retenciones de Trabajadores | HRTRENDS","og_description":"Entre sus obligaciones fiscales, todas las empresas con empleados, o las que cuenten con colaboradores externos, ya sean Leer m\u00e1s","og_url":"https:\/\/empresas.infoempleo.com\/hrtrends\/modelo-111-como-hacer-la-declaracion-trimestral-de-retenciones-de-trabajadores\/","og_site_name":"HRTRENDS","article_publisher":"https:\/\/www.facebook.com\/Infoempleo","article_published_time":"2023-11-03T23:00:00+00:00","article_modified_time":"2024-07-02T15:01:51+00:00","author":"Javier F. Parra","twitter_card":"summary_large_image","twitter_creator":"@infoempleo","twitter_site":"@infoempleo","twitter_misc":{"Escrito por":"Javier F. Parra","Tiempo de lectura":"3 minutos"},"schema":{"@context":"https:\/\/schema.org","@graph":[{"@type":"NewsArticle","@id":"https:\/\/empresas.infoempleo.com\/hrtrends\/modelo-111-como-hacer-la-declaracion-trimestral-de-retenciones-de-trabajadores\/#article","isPartOf":{"@id":"https:\/\/empresas.infoempleo.com\/hrtrends\/modelo-111-como-hacer-la-declaracion-trimestral-de-retenciones-de-trabajadores\/"},"author":{"name":"Javier F. Parra","@id":"https:\/\/empresas.infoempleo.com\/hrtrends\/#\/schema\/person\/bfe2fef977b750c22ac6f7d254c75afe"},"headline":"Modelo 111: C\u00f3mo hacer la Declaraci\u00f3n Trimestral de Retenciones de Trabajadores","datePublished":"2023-11-03T23:00:00+00:00","dateModified":"2024-07-02T15:01:51+00:00","mainEntityOfPage":{"@id":"https:\/\/empresas.infoempleo.com\/hrtrends\/modelo-111-como-hacer-la-declaracion-trimestral-de-retenciones-de-trabajadores\/"},"wordCount":608,"publisher":{"@id":"https:\/\/empresas.infoempleo.com\/hrtrends\/#organization"},"image":{"@id":"https:\/\/empresas.infoempleo.com\/hrtrends\/modelo-111-como-hacer-la-declaracion-trimestral-de-retenciones-de-trabajadores\/#primaryimage"},"thumbnailUrl":"https:\/\/empresas.infoempleo.com\/hrtrends\/media\/2017\/05\/pexels-photo-205508.jpg","articleSection":["Formaci\u00f3n"],"inLanguage":"es","copyrightYear":"2023","copyrightHolder":{"@id":"https:\/\/empresas.infoempleo.com\/hrtrends\/#organization"}},{"@type":"WebPage","@id":"https:\/\/empresas.infoempleo.com\/hrtrends\/modelo-111-como-hacer-la-declaracion-trimestral-de-retenciones-de-trabajadores\/","url":"https:\/\/empresas.infoempleo.com\/hrtrends\/modelo-111-como-hacer-la-declaracion-trimestral-de-retenciones-de-trabajadores\/","name":"Modelo 111: C\u00f3mo hacer la Declaraci\u00f3n Trimestral de Retenciones de Trabajadores | HRTRENDS","isPartOf":{"@id":"https:\/\/empresas.infoempleo.com\/hrtrends\/#website"},"primaryImageOfPage":{"@id":"https:\/\/empresas.infoempleo.com\/hrtrends\/modelo-111-como-hacer-la-declaracion-trimestral-de-retenciones-de-trabajadores\/#primaryimage"},"image":{"@id":"https:\/\/empresas.infoempleo.com\/hrtrends\/modelo-111-como-hacer-la-declaracion-trimestral-de-retenciones-de-trabajadores\/#primaryimage"},"thumbnailUrl":"https:\/\/empresas.infoempleo.com\/hrtrends\/media\/2017\/05\/pexels-photo-205508.jpg","datePublished":"2023-11-03T23:00:00+00:00","dateModified":"2024-07-02T15:01:51+00:00","breadcrumb":{"@id":"https:\/\/empresas.infoempleo.com\/hrtrends\/modelo-111-como-hacer-la-declaracion-trimestral-de-retenciones-de-trabajadores\/#breadcrumb"},"inLanguage":"es","potentialAction":[{"@type":"ReadAction","target":["https:\/\/empresas.infoempleo.com\/hrtrends\/modelo-111-como-hacer-la-declaracion-trimestral-de-retenciones-de-trabajadores\/"]}]},{"@type":"ImageObject","inLanguage":"es","@id":"https:\/\/empresas.infoempleo.com\/hrtrends\/modelo-111-como-hacer-la-declaracion-trimestral-de-retenciones-de-trabajadores\/#primaryimage","url":"https:\/\/empresas.infoempleo.com\/hrtrends\/media\/2017\/05\/pexels-photo-205508-150x150.jpg","contentUrl":"https:\/\/empresas.infoempleo.com\/hrtrends\/media\/2017\/05\/pexels-photo-205508-150x150.jpg","width":150,"height":150},{"@type":"BreadcrumbList","@id":"https:\/\/empresas.infoempleo.com\/hrtrends\/modelo-111-como-hacer-la-declaracion-trimestral-de-retenciones-de-trabajadores\/#breadcrumb","itemListElement":[{"@type":"ListItem","position":1,"name":"Portada","item":"https:\/\/empresas.infoempleo.com\/hrtrends\/"},{"@type":"ListItem","position":2,"name":"Modelo 111: C\u00f3mo hacer la Declaraci\u00f3n Trimestral de Retenciones de Trabajadores"}]},{"@type":"WebSite","@id":"https:\/\/empresas.infoempleo.com\/hrtrends\/#website","url":"https:\/\/empresas.infoempleo.com\/hrtrends","name":"HRTrends by Infoempleo","description":"","publisher":{"@id":"https:\/\/empresas.infoempleo.com\/hrtrends\/#organization"},"potentialAction":{"@type":"SearchAction","target":"https:\/\/empresas.infoempleo.com\/hrtrends\/?s={search_term_string}","query-input":"required name=search_term_string"},"inLanguage":"es"},{"@type":"Organization","@id":"https:\/\/empresas.infoempleo.com\/hrtrends\/#organization","name":"Infoempleo","url":"https:\/\/www.infoempleo.com\/","logo":{"@type":"ImageObject","@id":"https:\/\/empresas.infoempleo.com\/hrtrends\/#logo","inLanguage":"es","url":"https:\/\/cdnazure.infoempleo.com\/infoempleo\/assets\/style\/gfx\/logo.svg","contentUrl":"https:\/\/cdnazure.infoempleo.com\/infoempleo\/assets\/style\/gfx\/logo.svg","width":150,"height":40,"caption":"Infoempleo"},"image":{"@id":"https:\/\/empresas.infoempleo.com\/hrtrends\/#logo"},"sameAs":["https:\/\/www.facebook.com\/Infoempleo","https:\/\/x.com\/infoempleo","http:\/\/instagram.com\/infoempleo\/","http:\/\/www.linkedin.com\/groups\/Empleo-Espa\u00f1a-Infoempleocom-111276","http:\/\/pinterest.com\/infoempleo\/"],"address":{"@type":"PostalAddress","addressLocality":"Madrid","postalCode":"28050","streetAddress":"Avenida de Burgos 114"},"brand":["Infoempleo"]},{"@type":"Person","@id":"https:\/\/empresas.infoempleo.com\/hrtrends\/#\/schema\/person\/bfe2fef977b750c22ac6f7d254c75afe","name":"Javier F. Parra","image":{"@type":"ImageObject","inLanguage":"es","@id":"https:\/\/empresas.infoempleo.com\/hrtrends\/#\/schema\/person\/image\/","url":"https:\/\/secure.gravatar.com\/avatar\/cc7a816c43a98631bfc25486db802fb539f4c937146762f45a94d9b4d1ea0721?s=96&d=mm&r=g","contentUrl":"https:\/\/secure.gravatar.com\/avatar\/cc7a816c43a98631bfc25486db802fb539f4c937146762f45a94d9b4d1ea0721?s=96&d=mm&r=g","caption":"Javier F. Parra"},"description":"Licenciado en Pedagog\u00eda Sociolaboral. M\u00e1ster en Direcci\u00f3n y Gesti\u00f3n de Recursos Humanos y Postgrado en Prevenci\u00f3n de Riesgos Laborales. Desde hace m\u00e1s de 15 a\u00f1os me dedico a la formaci\u00f3n, la asesor\u00eda de empresas y al apoyo directo a personas que quieren emprender un negocio. Me interesan la pol\u00edtica, la literatura, la Historia y las personas, aunque no necesariamente en ese orden.","url":"https:\/\/empresas.infoempleo.com\/hrtrends\/author\/javieryerro80gmail-com\/"}]}},"amp_enabled":true,"_links":{"self":[{"href":"https:\/\/empresas.infoempleo.com\/hrtrends\/wp-json\/wp\/v2\/posts\/43668","targetHints":{"allow":["GET"]}}],"collection":[{"href":"https:\/\/empresas.infoempleo.com\/hrtrends\/wp-json\/wp\/v2\/posts"}],"about":[{"href":"https:\/\/empresas.infoempleo.com\/hrtrends\/wp-json\/wp\/v2\/types\/post"}],"author":[{"embeddable":true,"href":"https:\/\/empresas.infoempleo.com\/hrtrends\/wp-json\/wp\/v2\/users\/142"}],"replies":[{"embeddable":true,"href":"https:\/\/empresas.infoempleo.com\/hrtrends\/wp-json\/wp\/v2\/comments?post=43668"}],"version-history":[{"count":2,"href":"https:\/\/empresas.infoempleo.com\/hrtrends\/wp-json\/wp\/v2\/posts\/43668\/revisions"}],"predecessor-version":[{"id":44103,"href":"https:\/\/empresas.infoempleo.com\/hrtrends\/wp-json\/wp\/v2\/posts\/43668\/revisions\/44103"}],"wp:featuredmedia":[{"embeddable":true,"href":"https:\/\/empresas.infoempleo.com\/hrtrends\/wp-json\/wp\/v2\/media\/29665"}],"wp:attachment":[{"href":"https:\/\/empresas.infoempleo.com\/hrtrends\/wp-json\/wp\/v2\/media?parent=43668"}],"wp:term":[{"taxonomy":"category","embeddable":true,"href":"https:\/\/empresas.infoempleo.com\/hrtrends\/wp-json\/wp\/v2\/categories?post=43668"},{"taxonomy":"post_tag","embeddable":true,"href":"https:\/\/empresas.infoempleo.com\/hrtrends\/wp-json\/wp\/v2\/tags?post=43668"}],"curies":[{"name":"wp","href":"https:\/\/api.w.org\/{rel}","templated":true}]}}