{"id":43662,"date":"2023-03-28T00:00:00","date_gmt":"2023-03-27T23:00:00","guid":{"rendered":"https:\/\/empresas.infoempleo.com\/hrtrends\/?p=43662"},"modified":"2024-07-03T17:28:05","modified_gmt":"2024-07-03T15:28:05","slug":"como-recuperar-el-buen-clima-laboral-cuando-hay-diferencias-de-opinion-en-el-equipo","status":"publish","type":"post","link":"https:\/\/empresas.infoempleo.com\/hrtrends\/como-recuperar-el-buen-clima-laboral-cuando-hay-diferencias-de-opinion-en-el-equipo\/","title":{"rendered":"C\u00f3mo recuperar el buen clima laboral cuando hay diferencias de opini\u00f3n en el equipo"},"content":{"rendered":"<p>Estos <strong>consejos<\/strong> para <strong>recuperar el buen ambiente laboral<\/strong> cuando ha habido desacuerdos de opini\u00f3n te van a ayudar. El punto principal para intervenir, una vez que has detectado estas fricciones, es facilitar un <strong>ambiente laboral<\/strong> de <strong>confianza<\/strong> y <strong>motivaci\u00f3n<\/strong>. La convivencia laboral debe basarse en <strong>canales de comunicaci\u00f3n<\/strong> abiertos, tolerancia cero al acoso y formaci\u00f3n en <strong>gesti\u00f3n emocional<\/strong>. Mejorar en este sentido tu cultura organizacional presenta muchos <strong>beneficios,<\/strong> como la reducci\u00f3n del \u00edndice de rotaci\u00f3n.<\/p>\n<h2>Qu\u00e9 se puede hacer para recuperar el buen clima laboral<\/h2>\n<p><strong>Recuperar el buen clima laboral<\/strong> es una de las mayores <strong>preocupaciones<\/strong> del departamento de <strong>recursos humanos <\/strong>tras una crisis. Es habitual traducir las polaridades propias de los equipos en conflictos. Lo primero en lo que debes tener <strong>confianza<\/strong> es en que esas <strong>diferencias<\/strong> son una oportunidad para crecer y mejorar tu <a href=\"https:\/\/empresas.infoempleo.com\/hrtrends\/ideas-para-integrar-la-formacion-de-los-empleados-en-la-cultura-de-la-empresa\" target=\"_blank\" rel=\"noopener\"><strong>cultura organizacional<\/strong><\/a>. El pensamiento \u00fanico es uno de los mayores peligros de un sistema r\u00edgido donde las posibilidades de optimizar el capital humano disminuyen significativamente.<\/p>\n<p>Te estar\u00e1s preguntando <strong>c\u00f3mo identificar las diferencias de opini\u00f3n en el equipo<\/strong>, pues no siempre son visibles. Habr\u00e1s experimentado c\u00f3mo un <strong>ambiente laboral<\/strong> cambia cuando hay posiciones encontradas en el grupo que no se visibilizan ni se trabajan. Cuando has construido una<strong> cultura laboral<\/strong> efectiva donde los <strong>empleados<\/strong> se sienten seguros, estas diferencias se comparten relativamente de manera \u00e1gil. El contexto se complica si las din\u00e1micas son privadas o no hay suficientes canales de expresi\u00f3n de las opiniones.<\/p>\n<p>Una manera eficaz y sencilla, que no requiere mucha inversi\u00f3n, son las <strong>encuestas peri\u00f3dicas<\/strong>. Depende el n\u00famero de empleados de la empresa, estos <strong>datos<\/strong> cuantitativos pueden verse complementados por otros cualitativos. Para no generar malestar entre compa\u00f1eros, las <strong>din\u00e1micas l\u00fadicas<\/strong> son ideales. En el juego se expresan esas posibles fricciones que pueden derivar en un mal <strong>ambiente laboral<\/strong>.<\/p>\n<h2>B\u00fasqueda de soluciones para recuperar el bienestar<\/h2>\n<p>Si cuentas con indicadores que demuestren que el <strong>ambiente laboral<\/strong> est\u00e1 deteriorado y est\u00e1 afectando negativamente a la productividad, es el momento de actuar. Lo primero es dise\u00f1ar un plan de <strong>comunicaci\u00f3n efectiva<\/strong> que genere un <strong>entorno de confianza<\/strong>. La informaci\u00f3n debe fluir en un <strong>ambiente agradable<\/strong>, sin juicio y sin penalizaciones a ninguna de las opiniones. Puedes garantizar el anonimato con algunas din\u00e1micas y cumplir la <a href=\"https:\/\/empresas.infoempleo.com\/hrtrends\/directiva-whistleblower-ideas-para-llevarla-a-la-practica\" target=\"_blank\" rel=\"noopener\"><strong>directiva Whistleblower<\/strong><\/a>.<\/p>\n<p>Una <strong>cultura de equipo positiva<\/strong> se basa en la <strong>convivencia laboral<\/strong> y en la <strong>motivaci\u00f3n<\/strong>. Son muchos los <strong>beneficios<\/strong> de una <strong>cultura organizacional constructiva<\/strong>. Entre ellos, cabe destacar la reducci\u00f3n del \u00edndice de rotaci\u00f3n, la mejora de la reputaci\u00f3n y del <strong>employer branding<\/strong> o el \u00e9xito de la estrategia empresarial al contar con una plantilla satisfecha. Para lograrlo sigue estas estrategias:<\/p>\n<ul>\n<li><strong>Ofrece discusiones semanales sobre las expectativas de desempe\u00f1o.<\/strong> Los malentendidos son la base del mal clima laboral. As\u00ed que intenta evitarlos con estas reuniones.<\/li>\n<li><strong>Vigila y sanciona cualquier forma de<\/strong> <strong>acoso<\/strong> o abuso.<\/li>\n<li><strong>Implementa programas de formaci\u00f3n en<\/strong> <strong>comunicaci\u00f3n no violenta <\/strong>y gesti\u00f3n emocional.<\/li>\n<li><strong>Implementa actividades de trabajo en<\/strong> <strong>equipo<\/strong> y <em>afterwork<\/em>.<\/li>\n<li><strong>Procura que el espacio de trabajo sea limpio y c\u00f3modo<\/strong>, sea presencial o en remoto.<\/li>\n<li><strong>Fomenta el acceso a programas de salud mental<\/strong> e higiene emocional.<\/li>\n<li><strong>Recompensa el buen desempe\u00f1o y las \u00f3ptimas relaciones laborales<\/strong>. Trabajar en un ambiente de compa\u00f1erismo y colaboraci\u00f3n es lo mejor que le puede pasar a un empleado.<\/li>\n<\/ul>\n","protected":false},"excerpt":{"rendered":"<p>Estos consejos para recuperar el buen ambiente laboral cuando ha habido desacuerdos de opini\u00f3n te van a ayudar.<a class=\"moretag\" href=\"https:\/\/empresas.infoempleo.com\/hrtrends\/como-recuperar-el-buen-clima-laboral-cuando-hay-diferencias-de-opinion-en-el-equipo\/\"> Leer m\u00e1s<\/a><\/p>\n","protected":false},"author":136,"featured_media":29665,"comment_status":"closed","ping_status":"closed","sticky":false,"template":"","format":"standard","meta":{"footnotes":""},"categories":[3035],"tags":[],"class_list":["post-43662","post","type-post","status-publish","format-standard","has-post-thumbnail","hentry","category-consejos"],"yoast_head":"<!-- This site is optimized with the Yoast SEO plugin v26.1.1 - https:\/\/yoast.com\/wordpress\/plugins\/seo\/ -->\n<title>C\u00f3mo recuperar el buen clima laboral cuando hay diferencias de opini\u00f3n en el equipo | HRTRENDS<\/title>\n<meta name=\"robots\" content=\"index, follow, max-snippet:-1, max-image-preview:large, max-video-preview:-1\" \/>\n<link rel=\"canonical\" href=\"https:\/\/empresas.infoempleo.com\/hrtrends\/como-recuperar-el-buen-clima-laboral-cuando-hay-diferencias-de-opinion-en-el-equipo\/\" \/>\n<meta property=\"og:locale\" content=\"es_ES\" \/>\n<meta property=\"og:type\" content=\"article\" \/>\n<meta property=\"og:title\" content=\"C\u00f3mo recuperar el buen clima laboral cuando hay diferencias de opini\u00f3n en el equipo | HRTRENDS\" \/>\n<meta property=\"og:description\" content=\"Estos consejos para recuperar el buen ambiente laboral cuando ha habido desacuerdos de opini\u00f3n te van a ayudar. Leer m\u00e1s\" \/>\n<meta property=\"og:url\" content=\"https:\/\/empresas.infoempleo.com\/hrtrends\/como-recuperar-el-buen-clima-laboral-cuando-hay-diferencias-de-opinion-en-el-equipo\/\" \/>\n<meta property=\"og:site_name\" content=\"HRTRENDS\" \/>\n<meta property=\"article:publisher\" content=\"https:\/\/www.facebook.com\/Infoempleo\" \/>\n<meta property=\"article:published_time\" content=\"2023-03-27T23:00:00+00:00\" \/>\n<meta property=\"article:modified_time\" content=\"2024-07-03T15:28:05+00:00\" \/>\n<meta name=\"author\" content=\"Raquel Hern\u00e1ndez\" \/>\n<meta name=\"twitter:card\" content=\"summary_large_image\" \/>\n<meta name=\"twitter:creator\" content=\"@infoempleo\" \/>\n<meta name=\"twitter:site\" content=\"@infoempleo\" \/>\n<meta name=\"twitter:label1\" content=\"Escrito por\" \/>\n\t<meta name=\"twitter:data1\" content=\"Raquel Hern\u00e1ndez\" \/>\n\t<meta name=\"twitter:label2\" content=\"Tiempo de lectura\" \/>\n\t<meta name=\"twitter:data2\" content=\"3 minutos\" \/>\n<script type=\"application\/ld+json\" class=\"yoast-schema-graph\">{\"@context\":\"https:\/\/schema.org\",\"@graph\":[{\"@type\":\"NewsArticle\",\"@id\":\"https:\/\/empresas.infoempleo.com\/hrtrends\/como-recuperar-el-buen-clima-laboral-cuando-hay-diferencias-de-opinion-en-el-equipo\/#article\",\"isPartOf\":{\"@id\":\"https:\/\/empresas.infoempleo.com\/hrtrends\/como-recuperar-el-buen-clima-laboral-cuando-hay-diferencias-de-opinion-en-el-equipo\/\"},\"author\":{\"name\":\"Raquel Hern\u00e1ndez\",\"@id\":\"https:\/\/empresas.infoempleo.com\/hrtrends\/#\/schema\/person\/fb2f949a1461ff0e9e15996d82d3a787\"},\"headline\":\"C\u00f3mo recuperar el buen clima laboral cuando hay diferencias de opini\u00f3n en el equipo\",\"datePublished\":\"2023-03-27T23:00:00+00:00\",\"dateModified\":\"2024-07-03T15:28:05+00:00\",\"mainEntityOfPage\":{\"@id\":\"https:\/\/empresas.infoempleo.com\/hrtrends\/como-recuperar-el-buen-clima-laboral-cuando-hay-diferencias-de-opinion-en-el-equipo\/\"},\"wordCount\":593,\"publisher\":{\"@id\":\"https:\/\/empresas.infoempleo.com\/hrtrends\/#organization\"},\"image\":{\"@id\":\"https:\/\/empresas.infoempleo.com\/hrtrends\/como-recuperar-el-buen-clima-laboral-cuando-hay-diferencias-de-opinion-en-el-equipo\/#primaryimage\"},\"thumbnailUrl\":\"https:\/\/empresas.infoempleo.com\/hrtrends\/media\/2017\/05\/pexels-photo-205508.jpg\",\"articleSection\":[\"Consejos\"],\"inLanguage\":\"es\",\"copyrightYear\":\"2023\",\"copyrightHolder\":{\"@id\":\"https:\/\/empresas.infoempleo.com\/hrtrends\/#organization\"}},{\"@type\":\"WebPage\",\"@id\":\"https:\/\/empresas.infoempleo.com\/hrtrends\/como-recuperar-el-buen-clima-laboral-cuando-hay-diferencias-de-opinion-en-el-equipo\/\",\"url\":\"https:\/\/empresas.infoempleo.com\/hrtrends\/como-recuperar-el-buen-clima-laboral-cuando-hay-diferencias-de-opinion-en-el-equipo\/\",\"name\":\"C\u00f3mo recuperar el buen clima laboral cuando hay diferencias de opini\u00f3n en el equipo | HRTRENDS\",\"isPartOf\":{\"@id\":\"https:\/\/empresas.infoempleo.com\/hrtrends\/#website\"},\"primaryImageOfPage\":{\"@id\":\"https:\/\/empresas.infoempleo.com\/hrtrends\/como-recuperar-el-buen-clima-laboral-cuando-hay-diferencias-de-opinion-en-el-equipo\/#primaryimage\"},\"image\":{\"@id\":\"https:\/\/empresas.infoempleo.com\/hrtrends\/como-recuperar-el-buen-clima-laboral-cuando-hay-diferencias-de-opinion-en-el-equipo\/#primaryimage\"},\"thumbnailUrl\":\"https:\/\/empresas.infoempleo.com\/hrtrends\/media\/2017\/05\/pexels-photo-205508.jpg\",\"datePublished\":\"2023-03-27T23:00:00+00:00\",\"dateModified\":\"2024-07-03T15:28:05+00:00\",\"breadcrumb\":{\"@id\":\"https:\/\/empresas.infoempleo.com\/hrtrends\/como-recuperar-el-buen-clima-laboral-cuando-hay-diferencias-de-opinion-en-el-equipo\/#breadcrumb\"},\"inLanguage\":\"es\",\"potentialAction\":[{\"@type\":\"ReadAction\",\"target\":[\"https:\/\/empresas.infoempleo.com\/hrtrends\/como-recuperar-el-buen-clima-laboral-cuando-hay-diferencias-de-opinion-en-el-equipo\/\"]}]},{\"@type\":\"ImageObject\",\"inLanguage\":\"es\",\"@id\":\"https:\/\/empresas.infoempleo.com\/hrtrends\/como-recuperar-el-buen-clima-laboral-cuando-hay-diferencias-de-opinion-en-el-equipo\/#primaryimage\",\"url\":\"https:\/\/empresas.infoempleo.com\/hrtrends\/media\/2017\/05\/pexels-photo-205508-150x150.jpg\",\"contentUrl\":\"https:\/\/empresas.infoempleo.com\/hrtrends\/media\/2017\/05\/pexels-photo-205508-150x150.jpg\",\"width\":150,\"height\":150},{\"@type\":\"BreadcrumbList\",\"@id\":\"https:\/\/empresas.infoempleo.com\/hrtrends\/como-recuperar-el-buen-clima-laboral-cuando-hay-diferencias-de-opinion-en-el-equipo\/#breadcrumb\",\"itemListElement\":[{\"@type\":\"ListItem\",\"position\":1,\"name\":\"Portada\",\"item\":\"https:\/\/empresas.infoempleo.com\/hrtrends\/\"},{\"@type\":\"ListItem\",\"position\":2,\"name\":\"C\u00f3mo recuperar el buen clima laboral cuando hay diferencias de opini\u00f3n en el equipo\"}]},{\"@type\":\"WebSite\",\"@id\":\"https:\/\/empresas.infoempleo.com\/hrtrends\/#website\",\"url\":\"https:\/\/empresas.infoempleo.com\/hrtrends\",\"name\":\"HRTrends by Infoempleo\",\"description\":\"\",\"publisher\":{\"@id\":\"https:\/\/empresas.infoempleo.com\/hrtrends\/#organization\"},\"potentialAction\":{\"@type\":\"SearchAction\",\"target\":\"https:\/\/empresas.infoempleo.com\/hrtrends\/?s={search_term_string}\",\"query-input\":\"required name=search_term_string\"},\"inLanguage\":\"es\"},{\"@type\":\"Organization\",\"@id\":\"https:\/\/empresas.infoempleo.com\/hrtrends\/#organization\",\"name\":\"Infoempleo\",\"url\":\"https:\/\/www.infoempleo.com\/\",\"logo\":{\"@type\":\"ImageObject\",\"@id\":\"https:\/\/empresas.infoempleo.com\/hrtrends\/#logo\",\"inLanguage\":\"es\",\"url\":\"https:\/\/cdnazure.infoempleo.com\/infoempleo\/assets\/style\/gfx\/logo.svg\",\"contentUrl\":\"https:\/\/cdnazure.infoempleo.com\/infoempleo\/assets\/style\/gfx\/logo.svg\",\"width\":150,\"height\":40,\"caption\":\"Infoempleo\"},\"image\":{\"@id\":\"https:\/\/empresas.infoempleo.com\/hrtrends\/#logo\"},\"sameAs\":[\"https:\/\/www.facebook.com\/Infoempleo\",\"https:\/\/x.com\/infoempleo\",\"http:\/\/instagram.com\/infoempleo\/\",\"http:\/\/www.linkedin.com\/groups\/Empleo-Espa\u00f1a-Infoempleocom-111276\",\"http:\/\/pinterest.com\/infoempleo\/\"],\"address\":{\"@type\":\"PostalAddress\",\"addressLocality\":\"Madrid\",\"postalCode\":\"28050\",\"streetAddress\":\"Avenida de Burgos 114\"},\"brand\":[\"Infoempleo\"]},{\"@type\":\"Person\",\"@id\":\"https:\/\/empresas.infoempleo.com\/hrtrends\/#\/schema\/person\/fb2f949a1461ff0e9e15996d82d3a787\",\"name\":\"Raquel Hern\u00e1ndez\",\"image\":{\"@type\":\"ImageObject\",\"inLanguage\":\"es\",\"@id\":\"https:\/\/empresas.infoempleo.com\/hrtrends\/#\/schema\/person\/image\/\",\"url\":\"https:\/\/secure.gravatar.com\/avatar\/4ccd374b24ab5eefd1b7681d8be968df221a577fa3ffa9dc4bb4b537645dc6a2?s=96&d=mm&r=g\",\"contentUrl\":\"https:\/\/secure.gravatar.com\/avatar\/4ccd374b24ab5eefd1b7681d8be968df221a577fa3ffa9dc4bb4b537645dc6a2?s=96&d=mm&r=g\",\"caption\":\"Raquel Hern\u00e1ndez\"},\"description\":\"M\u00e1ster en Filosof\u00eda Contempor\u00e1nea y Diploma Experto en Salud y G\u00e9nero. Extensa experiencia profesional como directora y productora de eventos culturales, especializada en el sector editorial. Lectora profesional y redactora de contenidos relacionados con el empleo, la innovaci\u00f3n y la educaci\u00f3n.\",\"url\":\"https:\/\/empresas.infoempleo.com\/hrtrends\/author\/raquel-hernandez\/\"}]}<\/script>\n<!-- \/ Yoast SEO plugin. -->","yoast_head_json":{"title":"C\u00f3mo recuperar el buen clima laboral cuando hay diferencias de opini\u00f3n en el equipo | HRTRENDS","robots":{"index":"index","follow":"follow","max-snippet":"max-snippet:-1","max-image-preview":"max-image-preview:large","max-video-preview":"max-video-preview:-1"},"canonical":"https:\/\/empresas.infoempleo.com\/hrtrends\/como-recuperar-el-buen-clima-laboral-cuando-hay-diferencias-de-opinion-en-el-equipo\/","og_locale":"es_ES","og_type":"article","og_title":"C\u00f3mo recuperar el buen clima laboral cuando hay diferencias de opini\u00f3n en el equipo | HRTRENDS","og_description":"Estos consejos para recuperar el buen ambiente laboral cuando ha habido desacuerdos de opini\u00f3n te van a ayudar. Leer m\u00e1s","og_url":"https:\/\/empresas.infoempleo.com\/hrtrends\/como-recuperar-el-buen-clima-laboral-cuando-hay-diferencias-de-opinion-en-el-equipo\/","og_site_name":"HRTRENDS","article_publisher":"https:\/\/www.facebook.com\/Infoempleo","article_published_time":"2023-03-27T23:00:00+00:00","article_modified_time":"2024-07-03T15:28:05+00:00","author":"Raquel Hern\u00e1ndez","twitter_card":"summary_large_image","twitter_creator":"@infoempleo","twitter_site":"@infoempleo","twitter_misc":{"Escrito por":"Raquel Hern\u00e1ndez","Tiempo de lectura":"3 minutos"},"schema":{"@context":"https:\/\/schema.org","@graph":[{"@type":"NewsArticle","@id":"https:\/\/empresas.infoempleo.com\/hrtrends\/como-recuperar-el-buen-clima-laboral-cuando-hay-diferencias-de-opinion-en-el-equipo\/#article","isPartOf":{"@id":"https:\/\/empresas.infoempleo.com\/hrtrends\/como-recuperar-el-buen-clima-laboral-cuando-hay-diferencias-de-opinion-en-el-equipo\/"},"author":{"name":"Raquel Hern\u00e1ndez","@id":"https:\/\/empresas.infoempleo.com\/hrtrends\/#\/schema\/person\/fb2f949a1461ff0e9e15996d82d3a787"},"headline":"C\u00f3mo recuperar el buen clima laboral cuando hay diferencias de opini\u00f3n en el equipo","datePublished":"2023-03-27T23:00:00+00:00","dateModified":"2024-07-03T15:28:05+00:00","mainEntityOfPage":{"@id":"https:\/\/empresas.infoempleo.com\/hrtrends\/como-recuperar-el-buen-clima-laboral-cuando-hay-diferencias-de-opinion-en-el-equipo\/"},"wordCount":593,"publisher":{"@id":"https:\/\/empresas.infoempleo.com\/hrtrends\/#organization"},"image":{"@id":"https:\/\/empresas.infoempleo.com\/hrtrends\/como-recuperar-el-buen-clima-laboral-cuando-hay-diferencias-de-opinion-en-el-equipo\/#primaryimage"},"thumbnailUrl":"https:\/\/empresas.infoempleo.com\/hrtrends\/media\/2017\/05\/pexels-photo-205508.jpg","articleSection":["Consejos"],"inLanguage":"es","copyrightYear":"2023","copyrightHolder":{"@id":"https:\/\/empresas.infoempleo.com\/hrtrends\/#organization"}},{"@type":"WebPage","@id":"https:\/\/empresas.infoempleo.com\/hrtrends\/como-recuperar-el-buen-clima-laboral-cuando-hay-diferencias-de-opinion-en-el-equipo\/","url":"https:\/\/empresas.infoempleo.com\/hrtrends\/como-recuperar-el-buen-clima-laboral-cuando-hay-diferencias-de-opinion-en-el-equipo\/","name":"C\u00f3mo recuperar el buen clima laboral cuando hay diferencias de opini\u00f3n en el equipo | HRTRENDS","isPartOf":{"@id":"https:\/\/empresas.infoempleo.com\/hrtrends\/#website"},"primaryImageOfPage":{"@id":"https:\/\/empresas.infoempleo.com\/hrtrends\/como-recuperar-el-buen-clima-laboral-cuando-hay-diferencias-de-opinion-en-el-equipo\/#primaryimage"},"image":{"@id":"https:\/\/empresas.infoempleo.com\/hrtrends\/como-recuperar-el-buen-clima-laboral-cuando-hay-diferencias-de-opinion-en-el-equipo\/#primaryimage"},"thumbnailUrl":"https:\/\/empresas.infoempleo.com\/hrtrends\/media\/2017\/05\/pexels-photo-205508.jpg","datePublished":"2023-03-27T23:00:00+00:00","dateModified":"2024-07-03T15:28:05+00:00","breadcrumb":{"@id":"https:\/\/empresas.infoempleo.com\/hrtrends\/como-recuperar-el-buen-clima-laboral-cuando-hay-diferencias-de-opinion-en-el-equipo\/#breadcrumb"},"inLanguage":"es","potentialAction":[{"@type":"ReadAction","target":["https:\/\/empresas.infoempleo.com\/hrtrends\/como-recuperar-el-buen-clima-laboral-cuando-hay-diferencias-de-opinion-en-el-equipo\/"]}]},{"@type":"ImageObject","inLanguage":"es","@id":"https:\/\/empresas.infoempleo.com\/hrtrends\/como-recuperar-el-buen-clima-laboral-cuando-hay-diferencias-de-opinion-en-el-equipo\/#primaryimage","url":"https:\/\/empresas.infoempleo.com\/hrtrends\/media\/2017\/05\/pexels-photo-205508-150x150.jpg","contentUrl":"https:\/\/empresas.infoempleo.com\/hrtrends\/media\/2017\/05\/pexels-photo-205508-150x150.jpg","width":150,"height":150},{"@type":"BreadcrumbList","@id":"https:\/\/empresas.infoempleo.com\/hrtrends\/como-recuperar-el-buen-clima-laboral-cuando-hay-diferencias-de-opinion-en-el-equipo\/#breadcrumb","itemListElement":[{"@type":"ListItem","position":1,"name":"Portada","item":"https:\/\/empresas.infoempleo.com\/hrtrends\/"},{"@type":"ListItem","position":2,"name":"C\u00f3mo recuperar el buen clima laboral cuando hay diferencias de opini\u00f3n en el equipo"}]},{"@type":"WebSite","@id":"https:\/\/empresas.infoempleo.com\/hrtrends\/#website","url":"https:\/\/empresas.infoempleo.com\/hrtrends","name":"HRTrends by Infoempleo","description":"","publisher":{"@id":"https:\/\/empresas.infoempleo.com\/hrtrends\/#organization"},"potentialAction":{"@type":"SearchAction","target":"https:\/\/empresas.infoempleo.com\/hrtrends\/?s={search_term_string}","query-input":"required name=search_term_string"},"inLanguage":"es"},{"@type":"Organization","@id":"https:\/\/empresas.infoempleo.com\/hrtrends\/#organization","name":"Infoempleo","url":"https:\/\/www.infoempleo.com\/","logo":{"@type":"ImageObject","@id":"https:\/\/empresas.infoempleo.com\/hrtrends\/#logo","inLanguage":"es","url":"https:\/\/cdnazure.infoempleo.com\/infoempleo\/assets\/style\/gfx\/logo.svg","contentUrl":"https:\/\/cdnazure.infoempleo.com\/infoempleo\/assets\/style\/gfx\/logo.svg","width":150,"height":40,"caption":"Infoempleo"},"image":{"@id":"https:\/\/empresas.infoempleo.com\/hrtrends\/#logo"},"sameAs":["https:\/\/www.facebook.com\/Infoempleo","https:\/\/x.com\/infoempleo","http:\/\/instagram.com\/infoempleo\/","http:\/\/www.linkedin.com\/groups\/Empleo-Espa\u00f1a-Infoempleocom-111276","http:\/\/pinterest.com\/infoempleo\/"],"address":{"@type":"PostalAddress","addressLocality":"Madrid","postalCode":"28050","streetAddress":"Avenida de Burgos 114"},"brand":["Infoempleo"]},{"@type":"Person","@id":"https:\/\/empresas.infoempleo.com\/hrtrends\/#\/schema\/person\/fb2f949a1461ff0e9e15996d82d3a787","name":"Raquel Hern\u00e1ndez","image":{"@type":"ImageObject","inLanguage":"es","@id":"https:\/\/empresas.infoempleo.com\/hrtrends\/#\/schema\/person\/image\/","url":"https:\/\/secure.gravatar.com\/avatar\/4ccd374b24ab5eefd1b7681d8be968df221a577fa3ffa9dc4bb4b537645dc6a2?s=96&d=mm&r=g","contentUrl":"https:\/\/secure.gravatar.com\/avatar\/4ccd374b24ab5eefd1b7681d8be968df221a577fa3ffa9dc4bb4b537645dc6a2?s=96&d=mm&r=g","caption":"Raquel Hern\u00e1ndez"},"description":"M\u00e1ster en Filosof\u00eda Contempor\u00e1nea y Diploma Experto en Salud y G\u00e9nero. Extensa experiencia profesional como directora y productora de eventos culturales, especializada en el sector editorial. Lectora profesional y redactora de contenidos relacionados con el empleo, la innovaci\u00f3n y la educaci\u00f3n.","url":"https:\/\/empresas.infoempleo.com\/hrtrends\/author\/raquel-hernandez\/"}]}},"amp_enabled":true,"_links":{"self":[{"href":"https:\/\/empresas.infoempleo.com\/hrtrends\/wp-json\/wp\/v2\/posts\/43662","targetHints":{"allow":["GET"]}}],"collection":[{"href":"https:\/\/empresas.infoempleo.com\/hrtrends\/wp-json\/wp\/v2\/posts"}],"about":[{"href":"https:\/\/empresas.infoempleo.com\/hrtrends\/wp-json\/wp\/v2\/types\/post"}],"author":[{"embeddable":true,"href":"https:\/\/empresas.infoempleo.com\/hrtrends\/wp-json\/wp\/v2\/users\/136"}],"replies":[{"embeddable":true,"href":"https:\/\/empresas.infoempleo.com\/hrtrends\/wp-json\/wp\/v2\/comments?post=43662"}],"version-history":[{"count":1,"href":"https:\/\/empresas.infoempleo.com\/hrtrends\/wp-json\/wp\/v2\/posts\/43662\/revisions"}],"predecessor-version":[{"id":44267,"href":"https:\/\/empresas.infoempleo.com\/hrtrends\/wp-json\/wp\/v2\/posts\/43662\/revisions\/44267"}],"wp:featuredmedia":[{"embeddable":true,"href":"https:\/\/empresas.infoempleo.com\/hrtrends\/wp-json\/wp\/v2\/media\/29665"}],"wp:attachment":[{"href":"https:\/\/empresas.infoempleo.com\/hrtrends\/wp-json\/wp\/v2\/media?parent=43662"}],"wp:term":[{"taxonomy":"category","embeddable":true,"href":"https:\/\/empresas.infoempleo.com\/hrtrends\/wp-json\/wp\/v2\/categories?post=43662"},{"taxonomy":"post_tag","embeddable":true,"href":"https:\/\/empresas.infoempleo.com\/hrtrends\/wp-json\/wp\/v2\/tags?post=43662"}],"curies":[{"name":"wp","href":"https:\/\/api.w.org\/{rel}","templated":true}]}}