{"id":43661,"date":"2024-01-22T00:00:00","date_gmt":"2024-01-21T23:00:00","guid":{"rendered":"https:\/\/empresas.infoempleo.com\/hrtrends\/?p=43661"},"modified":"2024-07-01T16:39:52","modified_gmt":"2024-07-01T14:39:52","slug":"metodos-y-metricas-para-medir-la-efectividad-de-los-procesos-de-seleccion-de-talento","status":"publish","type":"post","link":"https:\/\/empresas.infoempleo.com\/hrtrends\/metodos-y-metricas-para-medir-la-efectividad-de-los-procesos-de-seleccion-de-talento\/","title":{"rendered":"M\u00e9todos y m\u00e9tricas para medir la efectividad de los procesos de selecci\u00f3n de talento"},"content":{"rendered":"<p>En un entorno en el que la <strong>rentabilidad<\/strong> y la <strong>eficiencia de cualquier procedimiento<\/strong> resulta esencial para las empresas, tambi\u00e9n es de gran importancia comprobar la efectividad de los<strong> procesos de selecci\u00f3n <\/strong>llevados a cabo. En este art\u00edculo veremos c\u00f3mo la <strong>evaluaci\u00f3n de la eficacia en el reclutamiento <\/strong>nos ayudar\u00e1 a poder detectar las <strong>estrategias de selecci\u00f3n<\/strong> de personal exitosas, y de qu\u00e9 forma podemos lograr la <strong>optimizaci\u00f3n del proceso<\/strong> de selecci\u00f3n.<\/p>\n<h2>C\u00f3mo medir la efectividad de los procesos de selecci\u00f3n<\/h2>\n<p>Uno de los objetivos de cualquier departamento de recursos humanos debe ser <strong>alcanzar las<\/strong> <strong>mejores pr\u00e1cticas en la selecci\u00f3n<\/strong> de personal. Y para ello, debemos <strong>conseguir tener \u00e9xito en todas las fases<\/strong> que componen el proceso de reclutamiento: desde la detecci\u00f3n de las necesidades concretas de personal, pasando por el dise\u00f1o de la oferta, el proceso de difusi\u00f3n de la misma y las fases de selecci\u00f3n propiamente dichas, para terminar en la contrataci\u00f3n final y en una valoraci\u00f3n bidireccional dos o tres meses despu\u00e9s del cierre del proceso.<\/p>\n<p>Al igual que en otros \u00e1mbitos de la gesti\u00f3n empresarial, tambi\u00e9n pueden existir diferentes<strong> indicadores clave<\/strong> <strong>en selecci\u00f3n<\/strong> <strong>de talento<\/strong>. Para realizar el an\u00e1lisis del rendimiento en reclutamiento podr\u00edamos evaluar, por ejemplo, alguno de los siguientes elementos y su coste econ\u00f3mico real:<\/p>\n<ul>\n<li><strong>El tiempo promedio que hemos empleado<\/strong>: nos permitir\u00e1 detectar en qu\u00e9 fase somos m\u00e1s \u00e1giles y efectivos o, por ejemplo, cu\u00e1ntas entrevistas necesitamos realizar de media para cerrar un proceso de selecci\u00f3n.<\/li>\n<li><strong>Los recursos humanos que hemos empleado<\/strong>: cu\u00e1ntas personas se encargan de cada proceso y si podr\u00edamos optimizarlo.<\/li>\n<li><strong>Las herramientas puestas en marcha<\/strong>: webs de empleo y anuncios en diferentes sitios digitales o en redes sociales, servicios externos, as\u00ed como los <a href=\"https:\/\/empresas.infoempleo.com\/hrtrends\/el-poder-de-las-pruebas-psicotecnicas-en-la-seleccion-de-personal\/\" target=\"_blank\" rel=\"noopener\"><strong>test psicot\u00e9cnicos<\/strong><\/a>, las pruebas de perfil, la tipolog\u00eda de entrevistas o las diferentes din\u00e1micas que se hayan establecido, movilicen recursos humanos o t\u00e9cnicos y generen coste a la empresa.<\/li>\n<\/ul>\n<p>No obstante, y <strong>en funci\u00f3n de <\/strong>los <strong>objetivos y <\/strong>las <strong>necesidades<\/strong> de medici\u00f3n de cada empresa, pueden existir<strong> otras m\u00e9tricas de reclutamiento efectivo<\/strong> distintas. Le corresponder\u00e1 al <strong>departamento de recursos humanos<\/strong> <strong>analizar <\/strong>d\u00f3nde est\u00e1n teniendo <strong>dificultades <\/strong>y <strong>encontrar <\/strong>otras <strong>herramientas para mejorar<\/strong> la selecci\u00f3n de empleados.<\/p>\n<h2>La importancia de la evaluaci\u00f3n en el puesto de trabajo<\/h2>\n<p>No obstante, el <strong>proceso de evaluaci\u00f3n<\/strong> de este proceso <strong>no termina<\/strong>, ni mucho menos, <strong>al realizarse la contrataci\u00f3n<\/strong>.<strong> Es posible que<\/strong> la empresa sea \u00e1gil, eficiente y rentable en el proceso en s\u00ed pero que, a corto o medio plazo, <strong>no exista un buen encaje entre empresa y trabajador<\/strong>. Esto <strong>obligar\u00e1<\/strong>, muy probablemente, <strong>a comenzar de nuevo el proceso<\/strong> y llevar\u00e1 a la compa\u00f1\u00eda a <strong>asumir nuevos costes<\/strong>.<\/p>\n<p>Por ello, es <strong>importante incluir una evaluaci\u00f3n de la adecuaci\u00f3n<\/strong> del candidato al puesto <strong>dos o tres meses despu\u00e9s<\/strong> de su incorporaci\u00f3n. En ese sentido, <strong>existen otras m\u00e9tricas y otras herramientas<\/strong> que podemos utilizar:<\/p>\n<ul>\n<li><strong>Entrevistas personales<\/strong>: con el nuevo trabajador o con sus responsables directos.<\/li>\n<li><strong>Encuestas<\/strong>: que <strong>recojan informaci\u00f3n<\/strong> sobre aspectos como el <strong>clima laboral<\/strong> o los <strong>procesos de trabajo<\/strong> que se llevan a cabo desde la incorporaci\u00f3n.<\/li>\n<li><strong><a href=\"https:\/\/empresas.infoempleo.com\/hrtrends\/5-errores-o-sesgos-en-la-evaluacion-del-desempeno-que-puedes-evitar\/\" target=\"_blank\" rel=\"noopener\">Evaluaci\u00f3n del desempe\u00f1o<\/a><\/strong>: ya que se trata de una <strong>herramienta muy completa<\/strong> para medir <strong>a corto y medio plazo<\/strong> el encaje global de un empleado en su nuevo puesto.<\/li>\n<\/ul>\n<p>Como conclusi\u00f3n, <strong>debemos tener en cuenta<\/strong> que, si optamos por la innovaci\u00f3n en los procesos de selecci\u00f3n, no debemos descuidar analizar<strong> qu\u00e9 pr\u00e1cticas o herramientas se ajustan mejor a <\/strong>nuestras <strong>necesidades econ\u00f3micas y <\/strong>a nuestros<strong> objetivos<\/strong>. Hoy en d\u00eda, existen muchas t\u00e9cnicas avanzadas en selecci\u00f3n de personal. <strong>Es tarea del departamento de recursos humanos <\/strong>analizar cu\u00e1les de ellas pueden ser, no solo exitosas, sino tambi\u00e9n rentables para nuestra empresa.<\/p>\n","protected":false},"excerpt":{"rendered":"<p>En un entorno en el que la rentabilidad y la eficiencia de cualquier procedimiento resulta esencial para las<a class=\"moretag\" href=\"https:\/\/empresas.infoempleo.com\/hrtrends\/metodos-y-metricas-para-medir-la-efectividad-de-los-procesos-de-seleccion-de-talento\/\"> Leer m\u00e1s<\/a><\/p>\n","protected":false},"author":146,"featured_media":29665,"comment_status":"closed","ping_status":"closed","sticky":false,"template":"","format":"standard","meta":{"footnotes":""},"categories":[3030],"tags":[],"class_list":["post-43661","post","type-post","status-publish","format-standard","has-post-thumbnail","hentry","category-reclutamiento"],"yoast_head":"<!-- This site is optimized with the Yoast SEO plugin v26.1.1 - https:\/\/yoast.com\/wordpress\/plugins\/seo\/ -->\n<title>M\u00e9todos para medir efectividad en procesos de selecci\u00f3n de talento<\/title>\n<meta name=\"robots\" content=\"index, follow, max-snippet:-1, max-image-preview:large, max-video-preview:-1\" \/>\n<link rel=\"canonical\" href=\"https:\/\/empresas.infoempleo.com\/hrtrends\/metodos-y-metricas-para-medir-la-efectividad-de-los-procesos-de-seleccion-de-talento\/\" \/>\n<meta property=\"og:locale\" content=\"es_ES\" \/>\n<meta property=\"og:type\" content=\"article\" \/>\n<meta property=\"og:title\" content=\"M\u00e9todos para medir efectividad en procesos de selecci\u00f3n de talento\" \/>\n<meta property=\"og:description\" content=\"En un entorno en el que la rentabilidad y la eficiencia de cualquier procedimiento resulta esencial para las Leer m\u00e1s\" \/>\n<meta property=\"og:url\" content=\"https:\/\/empresas.infoempleo.com\/hrtrends\/metodos-y-metricas-para-medir-la-efectividad-de-los-procesos-de-seleccion-de-talento\/\" \/>\n<meta property=\"og:site_name\" content=\"HRTRENDS\" \/>\n<meta property=\"article:publisher\" content=\"https:\/\/www.facebook.com\/Infoempleo\" \/>\n<meta property=\"article:published_time\" content=\"2024-01-21T23:00:00+00:00\" \/>\n<meta property=\"article:modified_time\" content=\"2024-07-01T14:39:52+00:00\" \/>\n<meta name=\"author\" content=\"Sandra R. Martos\" \/>\n<meta name=\"twitter:card\" content=\"summary_large_image\" \/>\n<meta name=\"twitter:creator\" content=\"@infoempleo\" \/>\n<meta name=\"twitter:site\" content=\"@infoempleo\" \/>\n<meta name=\"twitter:label1\" content=\"Escrito por\" \/>\n\t<meta name=\"twitter:data1\" content=\"Sandra R. Martos\" \/>\n\t<meta name=\"twitter:label2\" content=\"Tiempo de lectura\" \/>\n\t<meta name=\"twitter:data2\" content=\"3 minutos\" \/>\n<script type=\"application\/ld+json\" class=\"yoast-schema-graph\">{\"@context\":\"https:\/\/schema.org\",\"@graph\":[{\"@type\":\"NewsArticle\",\"@id\":\"https:\/\/empresas.infoempleo.com\/hrtrends\/metodos-y-metricas-para-medir-la-efectividad-de-los-procesos-de-seleccion-de-talento\/#article\",\"isPartOf\":{\"@id\":\"https:\/\/empresas.infoempleo.com\/hrtrends\/metodos-y-metricas-para-medir-la-efectividad-de-los-procesos-de-seleccion-de-talento\/\"},\"author\":{\"name\":\"Sandra R. Martos\",\"@id\":\"https:\/\/empresas.infoempleo.com\/hrtrends\/#\/schema\/person\/d24c95f005bb213d5442bfb9916f0cf1\"},\"headline\":\"M\u00e9todos y m\u00e9tricas para medir la efectividad de los procesos de selecci\u00f3n de talento\",\"datePublished\":\"2024-01-21T23:00:00+00:00\",\"dateModified\":\"2024-07-01T14:39:52+00:00\",\"mainEntityOfPage\":{\"@id\":\"https:\/\/empresas.infoempleo.com\/hrtrends\/metodos-y-metricas-para-medir-la-efectividad-de-los-procesos-de-seleccion-de-talento\/\"},\"wordCount\":682,\"publisher\":{\"@id\":\"https:\/\/empresas.infoempleo.com\/hrtrends\/#organization\"},\"image\":{\"@id\":\"https:\/\/empresas.infoempleo.com\/hrtrends\/metodos-y-metricas-para-medir-la-efectividad-de-los-procesos-de-seleccion-de-talento\/#primaryimage\"},\"thumbnailUrl\":\"https:\/\/empresas.infoempleo.com\/hrtrends\/media\/2017\/05\/pexels-photo-205508.jpg\",\"articleSection\":[\"Reclutamiento\"],\"inLanguage\":\"es\",\"copyrightYear\":\"2024\",\"copyrightHolder\":{\"@id\":\"https:\/\/empresas.infoempleo.com\/hrtrends\/#organization\"}},{\"@type\":\"WebPage\",\"@id\":\"https:\/\/empresas.infoempleo.com\/hrtrends\/metodos-y-metricas-para-medir-la-efectividad-de-los-procesos-de-seleccion-de-talento\/\",\"url\":\"https:\/\/empresas.infoempleo.com\/hrtrends\/metodos-y-metricas-para-medir-la-efectividad-de-los-procesos-de-seleccion-de-talento\/\",\"name\":\"M\u00e9todos para medir efectividad en procesos de selecci\u00f3n de talento\",\"isPartOf\":{\"@id\":\"https:\/\/empresas.infoempleo.com\/hrtrends\/#website\"},\"primaryImageOfPage\":{\"@id\":\"https:\/\/empresas.infoempleo.com\/hrtrends\/metodos-y-metricas-para-medir-la-efectividad-de-los-procesos-de-seleccion-de-talento\/#primaryimage\"},\"image\":{\"@id\":\"https:\/\/empresas.infoempleo.com\/hrtrends\/metodos-y-metricas-para-medir-la-efectividad-de-los-procesos-de-seleccion-de-talento\/#primaryimage\"},\"thumbnailUrl\":\"https:\/\/empresas.infoempleo.com\/hrtrends\/media\/2017\/05\/pexels-photo-205508.jpg\",\"datePublished\":\"2024-01-21T23:00:00+00:00\",\"dateModified\":\"2024-07-01T14:39:52+00:00\",\"breadcrumb\":{\"@id\":\"https:\/\/empresas.infoempleo.com\/hrtrends\/metodos-y-metricas-para-medir-la-efectividad-de-los-procesos-de-seleccion-de-talento\/#breadcrumb\"},\"inLanguage\":\"es\",\"potentialAction\":[{\"@type\":\"ReadAction\",\"target\":[\"https:\/\/empresas.infoempleo.com\/hrtrends\/metodos-y-metricas-para-medir-la-efectividad-de-los-procesos-de-seleccion-de-talento\/\"]}]},{\"@type\":\"ImageObject\",\"inLanguage\":\"es\",\"@id\":\"https:\/\/empresas.infoempleo.com\/hrtrends\/metodos-y-metricas-para-medir-la-efectividad-de-los-procesos-de-seleccion-de-talento\/#primaryimage\",\"url\":\"https:\/\/empresas.infoempleo.com\/hrtrends\/media\/2017\/05\/pexels-photo-205508-150x150.jpg\",\"contentUrl\":\"https:\/\/empresas.infoempleo.com\/hrtrends\/media\/2017\/05\/pexels-photo-205508-150x150.jpg\",\"width\":150,\"height\":150},{\"@type\":\"BreadcrumbList\",\"@id\":\"https:\/\/empresas.infoempleo.com\/hrtrends\/metodos-y-metricas-para-medir-la-efectividad-de-los-procesos-de-seleccion-de-talento\/#breadcrumb\",\"itemListElement\":[{\"@type\":\"ListItem\",\"position\":1,\"name\":\"Portada\",\"item\":\"https:\/\/empresas.infoempleo.com\/hrtrends\/\"},{\"@type\":\"ListItem\",\"position\":2,\"name\":\"M\u00e9todos y m\u00e9tricas para medir la efectividad de los procesos de selecci\u00f3n de talento\"}]},{\"@type\":\"WebSite\",\"@id\":\"https:\/\/empresas.infoempleo.com\/hrtrends\/#website\",\"url\":\"https:\/\/empresas.infoempleo.com\/hrtrends\",\"name\":\"HRTrends by Infoempleo\",\"description\":\"\",\"publisher\":{\"@id\":\"https:\/\/empresas.infoempleo.com\/hrtrends\/#organization\"},\"potentialAction\":{\"@type\":\"SearchAction\",\"target\":\"https:\/\/empresas.infoempleo.com\/hrtrends\/?s={search_term_string}\",\"query-input\":\"required name=search_term_string\"},\"inLanguage\":\"es\"},{\"@type\":\"Organization\",\"@id\":\"https:\/\/empresas.infoempleo.com\/hrtrends\/#organization\",\"name\":\"Infoempleo\",\"url\":\"https:\/\/www.infoempleo.com\/\",\"logo\":{\"@type\":\"ImageObject\",\"@id\":\"https:\/\/empresas.infoempleo.com\/hrtrends\/#logo\",\"inLanguage\":\"es\",\"url\":\"https:\/\/cdnazure.infoempleo.com\/infoempleo\/assets\/style\/gfx\/logo.svg\",\"contentUrl\":\"https:\/\/cdnazure.infoempleo.com\/infoempleo\/assets\/style\/gfx\/logo.svg\",\"width\":150,\"height\":40,\"caption\":\"Infoempleo\"},\"image\":{\"@id\":\"https:\/\/empresas.infoempleo.com\/hrtrends\/#logo\"},\"sameAs\":[\"https:\/\/www.facebook.com\/Infoempleo\",\"https:\/\/x.com\/infoempleo\",\"http:\/\/instagram.com\/infoempleo\/\",\"http:\/\/www.linkedin.com\/groups\/Empleo-Espa\u00f1a-Infoempleocom-111276\",\"http:\/\/pinterest.com\/infoempleo\/\"],\"address\":{\"@type\":\"PostalAddress\",\"addressLocality\":\"Madrid\",\"postalCode\":\"28050\",\"streetAddress\":\"Avenida de Burgos 114\"},\"brand\":[\"Infoempleo\"]},{\"@type\":\"Person\",\"@id\":\"https:\/\/empresas.infoempleo.com\/hrtrends\/#\/schema\/person\/d24c95f005bb213d5442bfb9916f0cf1\",\"name\":\"Sandra R. Martos\",\"image\":{\"@type\":\"ImageObject\",\"inLanguage\":\"es\",\"@id\":\"https:\/\/empresas.infoempleo.com\/hrtrends\/#\/schema\/person\/image\/\",\"url\":\"https:\/\/secure.gravatar.com\/avatar\/416b738ea045864f60be6f729d868b5b8807d320c6de9f29d2506b477304ed75?s=96&d=mm&r=g\",\"contentUrl\":\"https:\/\/secure.gravatar.com\/avatar\/416b738ea045864f60be6f729d868b5b8807d320c6de9f29d2506b477304ed75?s=96&d=mm&r=g\",\"caption\":\"Sandra R. Martos\"},\"url\":\"https:\/\/empresas.infoempleo.com\/hrtrends\/author\/srmartos\/\"}]}<\/script>\n<!-- \/ Yoast SEO plugin. -->","yoast_head_json":{"title":"M\u00e9todos para medir efectividad en procesos de selecci\u00f3n de talento","robots":{"index":"index","follow":"follow","max-snippet":"max-snippet:-1","max-image-preview":"max-image-preview:large","max-video-preview":"max-video-preview:-1"},"canonical":"https:\/\/empresas.infoempleo.com\/hrtrends\/metodos-y-metricas-para-medir-la-efectividad-de-los-procesos-de-seleccion-de-talento\/","og_locale":"es_ES","og_type":"article","og_title":"M\u00e9todos para medir efectividad en procesos de selecci\u00f3n de talento","og_description":"En un entorno en el que la rentabilidad y la eficiencia de cualquier procedimiento resulta esencial para las Leer m\u00e1s","og_url":"https:\/\/empresas.infoempleo.com\/hrtrends\/metodos-y-metricas-para-medir-la-efectividad-de-los-procesos-de-seleccion-de-talento\/","og_site_name":"HRTRENDS","article_publisher":"https:\/\/www.facebook.com\/Infoempleo","article_published_time":"2024-01-21T23:00:00+00:00","article_modified_time":"2024-07-01T14:39:52+00:00","author":"Sandra R. Martos","twitter_card":"summary_large_image","twitter_creator":"@infoempleo","twitter_site":"@infoempleo","twitter_misc":{"Escrito por":"Sandra R. Martos","Tiempo de lectura":"3 minutos"},"schema":{"@context":"https:\/\/schema.org","@graph":[{"@type":"NewsArticle","@id":"https:\/\/empresas.infoempleo.com\/hrtrends\/metodos-y-metricas-para-medir-la-efectividad-de-los-procesos-de-seleccion-de-talento\/#article","isPartOf":{"@id":"https:\/\/empresas.infoempleo.com\/hrtrends\/metodos-y-metricas-para-medir-la-efectividad-de-los-procesos-de-seleccion-de-talento\/"},"author":{"name":"Sandra R. Martos","@id":"https:\/\/empresas.infoempleo.com\/hrtrends\/#\/schema\/person\/d24c95f005bb213d5442bfb9916f0cf1"},"headline":"M\u00e9todos y m\u00e9tricas para medir la efectividad de los procesos de selecci\u00f3n de talento","datePublished":"2024-01-21T23:00:00+00:00","dateModified":"2024-07-01T14:39:52+00:00","mainEntityOfPage":{"@id":"https:\/\/empresas.infoempleo.com\/hrtrends\/metodos-y-metricas-para-medir-la-efectividad-de-los-procesos-de-seleccion-de-talento\/"},"wordCount":682,"publisher":{"@id":"https:\/\/empresas.infoempleo.com\/hrtrends\/#organization"},"image":{"@id":"https:\/\/empresas.infoempleo.com\/hrtrends\/metodos-y-metricas-para-medir-la-efectividad-de-los-procesos-de-seleccion-de-talento\/#primaryimage"},"thumbnailUrl":"https:\/\/empresas.infoempleo.com\/hrtrends\/media\/2017\/05\/pexels-photo-205508.jpg","articleSection":["Reclutamiento"],"inLanguage":"es","copyrightYear":"2024","copyrightHolder":{"@id":"https:\/\/empresas.infoempleo.com\/hrtrends\/#organization"}},{"@type":"WebPage","@id":"https:\/\/empresas.infoempleo.com\/hrtrends\/metodos-y-metricas-para-medir-la-efectividad-de-los-procesos-de-seleccion-de-talento\/","url":"https:\/\/empresas.infoempleo.com\/hrtrends\/metodos-y-metricas-para-medir-la-efectividad-de-los-procesos-de-seleccion-de-talento\/","name":"M\u00e9todos para medir efectividad en procesos de selecci\u00f3n de talento","isPartOf":{"@id":"https:\/\/empresas.infoempleo.com\/hrtrends\/#website"},"primaryImageOfPage":{"@id":"https:\/\/empresas.infoempleo.com\/hrtrends\/metodos-y-metricas-para-medir-la-efectividad-de-los-procesos-de-seleccion-de-talento\/#primaryimage"},"image":{"@id":"https:\/\/empresas.infoempleo.com\/hrtrends\/metodos-y-metricas-para-medir-la-efectividad-de-los-procesos-de-seleccion-de-talento\/#primaryimage"},"thumbnailUrl":"https:\/\/empresas.infoempleo.com\/hrtrends\/media\/2017\/05\/pexels-photo-205508.jpg","datePublished":"2024-01-21T23:00:00+00:00","dateModified":"2024-07-01T14:39:52+00:00","breadcrumb":{"@id":"https:\/\/empresas.infoempleo.com\/hrtrends\/metodos-y-metricas-para-medir-la-efectividad-de-los-procesos-de-seleccion-de-talento\/#breadcrumb"},"inLanguage":"es","potentialAction":[{"@type":"ReadAction","target":["https:\/\/empresas.infoempleo.com\/hrtrends\/metodos-y-metricas-para-medir-la-efectividad-de-los-procesos-de-seleccion-de-talento\/"]}]},{"@type":"ImageObject","inLanguage":"es","@id":"https:\/\/empresas.infoempleo.com\/hrtrends\/metodos-y-metricas-para-medir-la-efectividad-de-los-procesos-de-seleccion-de-talento\/#primaryimage","url":"https:\/\/empresas.infoempleo.com\/hrtrends\/media\/2017\/05\/pexels-photo-205508-150x150.jpg","contentUrl":"https:\/\/empresas.infoempleo.com\/hrtrends\/media\/2017\/05\/pexels-photo-205508-150x150.jpg","width":150,"height":150},{"@type":"BreadcrumbList","@id":"https:\/\/empresas.infoempleo.com\/hrtrends\/metodos-y-metricas-para-medir-la-efectividad-de-los-procesos-de-seleccion-de-talento\/#breadcrumb","itemListElement":[{"@type":"ListItem","position":1,"name":"Portada","item":"https:\/\/empresas.infoempleo.com\/hrtrends\/"},{"@type":"ListItem","position":2,"name":"M\u00e9todos y m\u00e9tricas para medir la efectividad de los procesos de selecci\u00f3n de talento"}]},{"@type":"WebSite","@id":"https:\/\/empresas.infoempleo.com\/hrtrends\/#website","url":"https:\/\/empresas.infoempleo.com\/hrtrends","name":"HRTrends by Infoempleo","description":"","publisher":{"@id":"https:\/\/empresas.infoempleo.com\/hrtrends\/#organization"},"potentialAction":{"@type":"SearchAction","target":"https:\/\/empresas.infoempleo.com\/hrtrends\/?s={search_term_string}","query-input":"required name=search_term_string"},"inLanguage":"es"},{"@type":"Organization","@id":"https:\/\/empresas.infoempleo.com\/hrtrends\/#organization","name":"Infoempleo","url":"https:\/\/www.infoempleo.com\/","logo":{"@type":"ImageObject","@id":"https:\/\/empresas.infoempleo.com\/hrtrends\/#logo","inLanguage":"es","url":"https:\/\/cdnazure.infoempleo.com\/infoempleo\/assets\/style\/gfx\/logo.svg","contentUrl":"https:\/\/cdnazure.infoempleo.com\/infoempleo\/assets\/style\/gfx\/logo.svg","width":150,"height":40,"caption":"Infoempleo"},"image":{"@id":"https:\/\/empresas.infoempleo.com\/hrtrends\/#logo"},"sameAs":["https:\/\/www.facebook.com\/Infoempleo","https:\/\/x.com\/infoempleo","http:\/\/instagram.com\/infoempleo\/","http:\/\/www.linkedin.com\/groups\/Empleo-Espa\u00f1a-Infoempleocom-111276","http:\/\/pinterest.com\/infoempleo\/"],"address":{"@type":"PostalAddress","addressLocality":"Madrid","postalCode":"28050","streetAddress":"Avenida de Burgos 114"},"brand":["Infoempleo"]},{"@type":"Person","@id":"https:\/\/empresas.infoempleo.com\/hrtrends\/#\/schema\/person\/d24c95f005bb213d5442bfb9916f0cf1","name":"Sandra R. Martos","image":{"@type":"ImageObject","inLanguage":"es","@id":"https:\/\/empresas.infoempleo.com\/hrtrends\/#\/schema\/person\/image\/","url":"https:\/\/secure.gravatar.com\/avatar\/416b738ea045864f60be6f729d868b5b8807d320c6de9f29d2506b477304ed75?s=96&d=mm&r=g","contentUrl":"https:\/\/secure.gravatar.com\/avatar\/416b738ea045864f60be6f729d868b5b8807d320c6de9f29d2506b477304ed75?s=96&d=mm&r=g","caption":"Sandra R. Martos"},"url":"https:\/\/empresas.infoempleo.com\/hrtrends\/author\/srmartos\/"}]}},"amp_enabled":true,"_links":{"self":[{"href":"https:\/\/empresas.infoempleo.com\/hrtrends\/wp-json\/wp\/v2\/posts\/43661","targetHints":{"allow":["GET"]}}],"collection":[{"href":"https:\/\/empresas.infoempleo.com\/hrtrends\/wp-json\/wp\/v2\/posts"}],"about":[{"href":"https:\/\/empresas.infoempleo.com\/hrtrends\/wp-json\/wp\/v2\/types\/post"}],"author":[{"embeddable":true,"href":"https:\/\/empresas.infoempleo.com\/hrtrends\/wp-json\/wp\/v2\/users\/146"}],"replies":[{"embeddable":true,"href":"https:\/\/empresas.infoempleo.com\/hrtrends\/wp-json\/wp\/v2\/comments?post=43661"}],"version-history":[{"count":4,"href":"https:\/\/empresas.infoempleo.com\/hrtrends\/wp-json\/wp\/v2\/posts\/43661\/revisions"}],"predecessor-version":[{"id":43973,"href":"https:\/\/empresas.infoempleo.com\/hrtrends\/wp-json\/wp\/v2\/posts\/43661\/revisions\/43973"}],"wp:featuredmedia":[{"embeddable":true,"href":"https:\/\/empresas.infoempleo.com\/hrtrends\/wp-json\/wp\/v2\/media\/29665"}],"wp:attachment":[{"href":"https:\/\/empresas.infoempleo.com\/hrtrends\/wp-json\/wp\/v2\/media?parent=43661"}],"wp:term":[{"taxonomy":"category","embeddable":true,"href":"https:\/\/empresas.infoempleo.com\/hrtrends\/wp-json\/wp\/v2\/categories?post=43661"},{"taxonomy":"post_tag","embeddable":true,"href":"https:\/\/empresas.infoempleo.com\/hrtrends\/wp-json\/wp\/v2\/tags?post=43661"}],"curies":[{"name":"wp","href":"https:\/\/api.w.org\/{rel}","templated":true}]}}