{"id":43660,"date":"2023-07-12T00:00:00","date_gmt":"2023-07-11T23:00:00","guid":{"rendered":"https:\/\/empresas.infoempleo.com\/hrtrends\/?p=43660"},"modified":"2024-07-03T13:52:24","modified_gmt":"2024-07-03T11:52:24","slug":"5-tendencias-2023-en-planes-de-formacion-para-empresas","status":"publish","type":"post","link":"https:\/\/empresas.infoempleo.com\/hrtrends\/5-tendencias-2023-en-planes-de-formacion-para-empresas\/","title":{"rendered":"5 Tendencias 2023 en planes de formaci\u00f3n para empresas"},"content":{"rendered":"<p>Los <strong>planes de formaci\u00f3n<\/strong> para empresas est\u00e1n cambiando con las <strong>nuevas tecnolog\u00edas<\/strong> y en un mercado laboral donde la incertidumbre y la competitividad prima. Las <strong>5 tendencias<\/strong> que est\u00e1n implement\u00e1ndose actualmente en las estrategias <strong>formativas corporativas<\/strong> son la <strong>transversalidad<\/strong>, la <strong>innovaci\u00f3n<\/strong>, que sea <strong>bidireccional<\/strong> y <strong>cocreativa<\/strong>, y la <strong>sostenibilidad<\/strong>. La flexibilidad y el <em>microlearning<\/em> fortalecen la apuesta de <strong>formaci\u00f3n continua <em>incompany<\/em><\/strong> o interna para optimizar el capital humano. As\u00ed tambi\u00e9n podr\u00e1s atraer y retener el escaso <strong>talento<\/strong> cualificado.<\/p>\n<h2>Tendencias en los planes de formaci\u00f3n para empresas<\/h2>\n<p><strong>Impulsar planes de formaci\u00f3n corporativa<\/strong> en un rasgo competitivo y coherente con la demanda de crecimiento profesional interno de las nuevas generaciones. Adem\u00e1s, <strong>2023<\/strong> es el <strong>A\u00f1o Europeo de las Competencias<\/strong>, propuesto as\u00ed por la Comisi\u00f3n Europea, con el objetivo de impulsar el reciclaje y el perfeccionamiento profesional. Estas son las tendencias de este a\u00f1o para <strong>acciones formativas en la empresa<\/strong>:<\/p>\n<ul>\n<li><strong>Transversal<\/strong>: <a href=\"https:\/\/empresas.infoempleo.com\/hrtrends\/modelo-addie-de-formacion-conoce-sus-ventajas-y-como-implantarlo-en-tu-compania\/\" target=\"_blank\" rel=\"noopener\"><strong>analiza<\/strong><\/a> las necesidades de tu organizaci\u00f3n para incorporar la formaci\u00f3n a todos los niveles y en todas las \u00e1reas. Busca los programas bonificados que fortalecen la formaci\u00f3n continua.<\/li>\n<li><strong>Innovaci\u00f3n<\/strong>: la transformaci\u00f3n digital acelerada por la pandemia ha implementado nuevos recursos tecnol\u00f3gicos. Las plataformas LMS y el aprendizaje mediante Realidad Virtual (RV) es tendencia. Pero la innovaci\u00f3n no solo se refiere a la metodolog\u00eda sino tambi\u00e9n a los contenidos.<\/li>\n<li><strong>Bidireccional<\/strong>: ya es un hecho que la formaci\u00f3n no es meramente vertical de las posiciones m\u00e1s altas a las m\u00e1s bajas. Todos los elementos de un ecosistema inciden en el aprendizaje del resto en su mutua interrelaci\u00f3n.<\/li>\n<li><strong>Cocreaci\u00f3n<\/strong>: el ambiente colaborativo es el preferido por la nueva fuerza laboral, tambi\u00e9n en cuanto a su formaci\u00f3n. Se prefiere compartir conocimientos y habilidades antes de contratar una fuente externa.<\/li>\n<li><strong>Sostenibilidad<\/strong>: este es un eje compartido con las otras operaciones de la empresa. Crecer desde la responsabilidad ecol\u00f3gica implica optimizar tus recursos propios, incluidos los humanos. Pero tambi\u00e9n puede abarcar la extensi\u00f3n del negocio en otros \u00e1mbitos ling\u00fc\u00edsticos. De esta manera, la formaci\u00f3n en <strong>idiomas<\/strong> es uno de los pilares b\u00e1sicos actuales.<\/li>\n<\/ul>\n<p>&nbsp;<\/p>\n<h2>Formaci\u00f3n continua y talento humano<\/h2>\n<p>El mercado laboral cada d\u00eda es m\u00e1s competitivo. Las dificultades de las empresas para <strong>atraer y retener talento humano<\/strong> ha empujado a muchas a revisar sus valores y reexaminar su <a href=\"https:\/\/empresas.infoempleo.com\/hrtrends\/learnability-como-potenciar-en-la-empresa-la-capacidad-de-aprendizaje\/\" target=\"_blank\" rel=\"noopener\"><strong>cultura de aprendizaje<\/strong><\/a>. En este sentido, la <strong>formaci\u00f3n <em>in company<\/em><\/strong> es la formaci\u00f3n dise\u00f1ada, planificada e implementada en el interior de las empresas con el objetivo de formar a sus empleados en base a las necesidades espec\u00edficas de cada organizaci\u00f3n.<\/p>\n<p>Ante el requisito de reciclar las habilidades del personal o de reubicarlo dentro de la empresa, es necesario implementar planes de <strong>formaci\u00f3n continua<\/strong>. La <strong>educaci\u00f3n<\/strong> dentro de la organizaci\u00f3n debe ser uno de los ejes estructurales de la cultura corporativa. Prepara al personal para <strong>el futuro con capacidades innovadoras<\/strong> que impulsen la gesti\u00f3n, la capacitaci\u00f3n y el desarrollo de habilidades. La capacitaci\u00f3n de la plantilla es una apuesta activa desde recursos humanos.<\/p>\n<p>Elabora los planes de formaci\u00f3n promoviendo la <strong>flexibilidad<\/strong> y la <strong>conciliaci\u00f3n<\/strong>. Las soluciones inform\u00e1ticas est\u00e1n demostrando ser eficaces mientras que facilitan esta compatibilidad entre la vida privada y la profesional. El <em>microlearning<\/em> a trav\u00e9s de peque\u00f1os clip de v\u00eddeo, podcast y ejercicios muy pr\u00e1cticos, tambi\u00e9n es tendencia y agiliza los procesos formativos.<\/p>\n","protected":false},"excerpt":{"rendered":"<p>Los planes de formaci\u00f3n para empresas est\u00e1n cambiando con las nuevas tecnolog\u00edas y en un mercado laboral donde<a class=\"moretag\" href=\"https:\/\/empresas.infoempleo.com\/hrtrends\/5-tendencias-2023-en-planes-de-formacion-para-empresas\/\"> Leer m\u00e1s<\/a><\/p>\n","protected":false},"author":136,"featured_media":29665,"comment_status":"closed","ping_status":"closed","sticky":false,"template":"","format":"standard","meta":{"footnotes":""},"categories":[3032],"tags":[],"class_list":["post-43660","post","type-post","status-publish","format-standard","has-post-thumbnail","hentry","category-formacion"],"yoast_head":"<!-- This site is optimized with the Yoast SEO plugin v26.1.1 - https:\/\/yoast.com\/wordpress\/plugins\/seo\/ -->\n<title>5 Tendencias 2023 en planes de formaci\u00f3n para empresas | HRTRENDS<\/title>\n<meta name=\"robots\" content=\"index, follow, max-snippet:-1, max-image-preview:large, max-video-preview:-1\" \/>\n<link rel=\"canonical\" href=\"https:\/\/empresas.infoempleo.com\/hrtrends\/5-tendencias-2023-en-planes-de-formacion-para-empresas\/\" \/>\n<meta property=\"og:locale\" content=\"es_ES\" \/>\n<meta property=\"og:type\" content=\"article\" \/>\n<meta property=\"og:title\" content=\"5 Tendencias 2023 en planes de formaci\u00f3n para empresas | HRTRENDS\" \/>\n<meta property=\"og:description\" content=\"Los planes de formaci\u00f3n para empresas est\u00e1n cambiando con las nuevas tecnolog\u00edas y en un mercado laboral donde Leer m\u00e1s\" \/>\n<meta property=\"og:url\" content=\"https:\/\/empresas.infoempleo.com\/hrtrends\/5-tendencias-2023-en-planes-de-formacion-para-empresas\/\" \/>\n<meta property=\"og:site_name\" content=\"HRTRENDS\" \/>\n<meta property=\"article:publisher\" content=\"https:\/\/www.facebook.com\/Infoempleo\" \/>\n<meta property=\"article:published_time\" content=\"2023-07-11T23:00:00+00:00\" \/>\n<meta property=\"article:modified_time\" content=\"2024-07-03T11:52:24+00:00\" \/>\n<meta name=\"author\" content=\"Raquel Hern\u00e1ndez\" \/>\n<meta name=\"twitter:card\" content=\"summary_large_image\" \/>\n<meta name=\"twitter:creator\" content=\"@infoempleo\" \/>\n<meta name=\"twitter:site\" content=\"@infoempleo\" \/>\n<meta name=\"twitter:label1\" content=\"Escrito por\" \/>\n\t<meta name=\"twitter:data1\" content=\"Raquel Hern\u00e1ndez\" \/>\n\t<meta name=\"twitter:label2\" content=\"Tiempo de lectura\" \/>\n\t<meta name=\"twitter:data2\" content=\"3 minutos\" \/>\n<script type=\"application\/ld+json\" class=\"yoast-schema-graph\">{\"@context\":\"https:\/\/schema.org\",\"@graph\":[{\"@type\":\"NewsArticle\",\"@id\":\"https:\/\/empresas.infoempleo.com\/hrtrends\/5-tendencias-2023-en-planes-de-formacion-para-empresas\/#article\",\"isPartOf\":{\"@id\":\"https:\/\/empresas.infoempleo.com\/hrtrends\/5-tendencias-2023-en-planes-de-formacion-para-empresas\/\"},\"author\":{\"name\":\"Raquel Hern\u00e1ndez\",\"@id\":\"https:\/\/empresas.infoempleo.com\/hrtrends\/#\/schema\/person\/fb2f949a1461ff0e9e15996d82d3a787\"},\"headline\":\"5 Tendencias 2023 en planes de formaci\u00f3n para empresas\",\"datePublished\":\"2023-07-11T23:00:00+00:00\",\"dateModified\":\"2024-07-03T11:52:24+00:00\",\"mainEntityOfPage\":{\"@id\":\"https:\/\/empresas.infoempleo.com\/hrtrends\/5-tendencias-2023-en-planes-de-formacion-para-empresas\/\"},\"wordCount\":601,\"publisher\":{\"@id\":\"https:\/\/empresas.infoempleo.com\/hrtrends\/#organization\"},\"image\":{\"@id\":\"https:\/\/empresas.infoempleo.com\/hrtrends\/5-tendencias-2023-en-planes-de-formacion-para-empresas\/#primaryimage\"},\"thumbnailUrl\":\"https:\/\/empresas.infoempleo.com\/hrtrends\/media\/2017\/05\/pexels-photo-205508.jpg\",\"articleSection\":[\"Formaci\u00f3n\"],\"inLanguage\":\"es\",\"copyrightYear\":\"2023\",\"copyrightHolder\":{\"@id\":\"https:\/\/empresas.infoempleo.com\/hrtrends\/#organization\"}},{\"@type\":\"WebPage\",\"@id\":\"https:\/\/empresas.infoempleo.com\/hrtrends\/5-tendencias-2023-en-planes-de-formacion-para-empresas\/\",\"url\":\"https:\/\/empresas.infoempleo.com\/hrtrends\/5-tendencias-2023-en-planes-de-formacion-para-empresas\/\",\"name\":\"5 Tendencias 2023 en planes de formaci\u00f3n para empresas | HRTRENDS\",\"isPartOf\":{\"@id\":\"https:\/\/empresas.infoempleo.com\/hrtrends\/#website\"},\"primaryImageOfPage\":{\"@id\":\"https:\/\/empresas.infoempleo.com\/hrtrends\/5-tendencias-2023-en-planes-de-formacion-para-empresas\/#primaryimage\"},\"image\":{\"@id\":\"https:\/\/empresas.infoempleo.com\/hrtrends\/5-tendencias-2023-en-planes-de-formacion-para-empresas\/#primaryimage\"},\"thumbnailUrl\":\"https:\/\/empresas.infoempleo.com\/hrtrends\/media\/2017\/05\/pexels-photo-205508.jpg\",\"datePublished\":\"2023-07-11T23:00:00+00:00\",\"dateModified\":\"2024-07-03T11:52:24+00:00\",\"breadcrumb\":{\"@id\":\"https:\/\/empresas.infoempleo.com\/hrtrends\/5-tendencias-2023-en-planes-de-formacion-para-empresas\/#breadcrumb\"},\"inLanguage\":\"es\",\"potentialAction\":[{\"@type\":\"ReadAction\",\"target\":[\"https:\/\/empresas.infoempleo.com\/hrtrends\/5-tendencias-2023-en-planes-de-formacion-para-empresas\/\"]}]},{\"@type\":\"ImageObject\",\"inLanguage\":\"es\",\"@id\":\"https:\/\/empresas.infoempleo.com\/hrtrends\/5-tendencias-2023-en-planes-de-formacion-para-empresas\/#primaryimage\",\"url\":\"https:\/\/empresas.infoempleo.com\/hrtrends\/media\/2017\/05\/pexels-photo-205508-150x150.jpg\",\"contentUrl\":\"https:\/\/empresas.infoempleo.com\/hrtrends\/media\/2017\/05\/pexels-photo-205508-150x150.jpg\",\"width\":150,\"height\":150},{\"@type\":\"BreadcrumbList\",\"@id\":\"https:\/\/empresas.infoempleo.com\/hrtrends\/5-tendencias-2023-en-planes-de-formacion-para-empresas\/#breadcrumb\",\"itemListElement\":[{\"@type\":\"ListItem\",\"position\":1,\"name\":\"Portada\",\"item\":\"https:\/\/empresas.infoempleo.com\/hrtrends\/\"},{\"@type\":\"ListItem\",\"position\":2,\"name\":\"5 Tendencias 2023 en planes de formaci\u00f3n para empresas\"}]},{\"@type\":\"WebSite\",\"@id\":\"https:\/\/empresas.infoempleo.com\/hrtrends\/#website\",\"url\":\"https:\/\/empresas.infoempleo.com\/hrtrends\",\"name\":\"HRTrends by Infoempleo\",\"description\":\"\",\"publisher\":{\"@id\":\"https:\/\/empresas.infoempleo.com\/hrtrends\/#organization\"},\"potentialAction\":{\"@type\":\"SearchAction\",\"target\":\"https:\/\/empresas.infoempleo.com\/hrtrends\/?s={search_term_string}\",\"query-input\":\"required name=search_term_string\"},\"inLanguage\":\"es\"},{\"@type\":\"Organization\",\"@id\":\"https:\/\/empresas.infoempleo.com\/hrtrends\/#organization\",\"name\":\"Infoempleo\",\"url\":\"https:\/\/www.infoempleo.com\/\",\"logo\":{\"@type\":\"ImageObject\",\"@id\":\"https:\/\/empresas.infoempleo.com\/hrtrends\/#logo\",\"inLanguage\":\"es\",\"url\":\"https:\/\/cdnazure.infoempleo.com\/infoempleo\/assets\/style\/gfx\/logo.svg\",\"contentUrl\":\"https:\/\/cdnazure.infoempleo.com\/infoempleo\/assets\/style\/gfx\/logo.svg\",\"width\":150,\"height\":40,\"caption\":\"Infoempleo\"},\"image\":{\"@id\":\"https:\/\/empresas.infoempleo.com\/hrtrends\/#logo\"},\"sameAs\":[\"https:\/\/www.facebook.com\/Infoempleo\",\"https:\/\/x.com\/infoempleo\",\"http:\/\/instagram.com\/infoempleo\/\",\"http:\/\/www.linkedin.com\/groups\/Empleo-Espa\u00f1a-Infoempleocom-111276\",\"http:\/\/pinterest.com\/infoempleo\/\"],\"address\":{\"@type\":\"PostalAddress\",\"addressLocality\":\"Madrid\",\"postalCode\":\"28050\",\"streetAddress\":\"Avenida de Burgos 114\"},\"brand\":[\"Infoempleo\"]},{\"@type\":\"Person\",\"@id\":\"https:\/\/empresas.infoempleo.com\/hrtrends\/#\/schema\/person\/fb2f949a1461ff0e9e15996d82d3a787\",\"name\":\"Raquel Hern\u00e1ndez\",\"image\":{\"@type\":\"ImageObject\",\"inLanguage\":\"es\",\"@id\":\"https:\/\/empresas.infoempleo.com\/hrtrends\/#\/schema\/person\/image\/\",\"url\":\"https:\/\/secure.gravatar.com\/avatar\/4ccd374b24ab5eefd1b7681d8be968df221a577fa3ffa9dc4bb4b537645dc6a2?s=96&d=mm&r=g\",\"contentUrl\":\"https:\/\/secure.gravatar.com\/avatar\/4ccd374b24ab5eefd1b7681d8be968df221a577fa3ffa9dc4bb4b537645dc6a2?s=96&d=mm&r=g\",\"caption\":\"Raquel Hern\u00e1ndez\"},\"description\":\"M\u00e1ster en Filosof\u00eda Contempor\u00e1nea y Diploma Experto en Salud y G\u00e9nero. Extensa experiencia profesional como directora y productora de eventos culturales, especializada en el sector editorial. Lectora profesional y redactora de contenidos relacionados con el empleo, la innovaci\u00f3n y la educaci\u00f3n.\",\"url\":\"https:\/\/empresas.infoempleo.com\/hrtrends\/author\/raquel-hernandez\/\"}]}<\/script>\n<!-- \/ Yoast SEO plugin. -->","yoast_head_json":{"title":"5 Tendencias 2023 en planes de formaci\u00f3n para empresas | HRTRENDS","robots":{"index":"index","follow":"follow","max-snippet":"max-snippet:-1","max-image-preview":"max-image-preview:large","max-video-preview":"max-video-preview:-1"},"canonical":"https:\/\/empresas.infoempleo.com\/hrtrends\/5-tendencias-2023-en-planes-de-formacion-para-empresas\/","og_locale":"es_ES","og_type":"article","og_title":"5 Tendencias 2023 en planes de formaci\u00f3n para empresas | HRTRENDS","og_description":"Los planes de formaci\u00f3n para empresas est\u00e1n cambiando con las nuevas tecnolog\u00edas y en un mercado laboral donde Leer m\u00e1s","og_url":"https:\/\/empresas.infoempleo.com\/hrtrends\/5-tendencias-2023-en-planes-de-formacion-para-empresas\/","og_site_name":"HRTRENDS","article_publisher":"https:\/\/www.facebook.com\/Infoempleo","article_published_time":"2023-07-11T23:00:00+00:00","article_modified_time":"2024-07-03T11:52:24+00:00","author":"Raquel Hern\u00e1ndez","twitter_card":"summary_large_image","twitter_creator":"@infoempleo","twitter_site":"@infoempleo","twitter_misc":{"Escrito por":"Raquel Hern\u00e1ndez","Tiempo de lectura":"3 minutos"},"schema":{"@context":"https:\/\/schema.org","@graph":[{"@type":"NewsArticle","@id":"https:\/\/empresas.infoempleo.com\/hrtrends\/5-tendencias-2023-en-planes-de-formacion-para-empresas\/#article","isPartOf":{"@id":"https:\/\/empresas.infoempleo.com\/hrtrends\/5-tendencias-2023-en-planes-de-formacion-para-empresas\/"},"author":{"name":"Raquel Hern\u00e1ndez","@id":"https:\/\/empresas.infoempleo.com\/hrtrends\/#\/schema\/person\/fb2f949a1461ff0e9e15996d82d3a787"},"headline":"5 Tendencias 2023 en planes de formaci\u00f3n para empresas","datePublished":"2023-07-11T23:00:00+00:00","dateModified":"2024-07-03T11:52:24+00:00","mainEntityOfPage":{"@id":"https:\/\/empresas.infoempleo.com\/hrtrends\/5-tendencias-2023-en-planes-de-formacion-para-empresas\/"},"wordCount":601,"publisher":{"@id":"https:\/\/empresas.infoempleo.com\/hrtrends\/#organization"},"image":{"@id":"https:\/\/empresas.infoempleo.com\/hrtrends\/5-tendencias-2023-en-planes-de-formacion-para-empresas\/#primaryimage"},"thumbnailUrl":"https:\/\/empresas.infoempleo.com\/hrtrends\/media\/2017\/05\/pexels-photo-205508.jpg","articleSection":["Formaci\u00f3n"],"inLanguage":"es","copyrightYear":"2023","copyrightHolder":{"@id":"https:\/\/empresas.infoempleo.com\/hrtrends\/#organization"}},{"@type":"WebPage","@id":"https:\/\/empresas.infoempleo.com\/hrtrends\/5-tendencias-2023-en-planes-de-formacion-para-empresas\/","url":"https:\/\/empresas.infoempleo.com\/hrtrends\/5-tendencias-2023-en-planes-de-formacion-para-empresas\/","name":"5 Tendencias 2023 en planes de formaci\u00f3n para empresas | HRTRENDS","isPartOf":{"@id":"https:\/\/empresas.infoempleo.com\/hrtrends\/#website"},"primaryImageOfPage":{"@id":"https:\/\/empresas.infoempleo.com\/hrtrends\/5-tendencias-2023-en-planes-de-formacion-para-empresas\/#primaryimage"},"image":{"@id":"https:\/\/empresas.infoempleo.com\/hrtrends\/5-tendencias-2023-en-planes-de-formacion-para-empresas\/#primaryimage"},"thumbnailUrl":"https:\/\/empresas.infoempleo.com\/hrtrends\/media\/2017\/05\/pexels-photo-205508.jpg","datePublished":"2023-07-11T23:00:00+00:00","dateModified":"2024-07-03T11:52:24+00:00","breadcrumb":{"@id":"https:\/\/empresas.infoempleo.com\/hrtrends\/5-tendencias-2023-en-planes-de-formacion-para-empresas\/#breadcrumb"},"inLanguage":"es","potentialAction":[{"@type":"ReadAction","target":["https:\/\/empresas.infoempleo.com\/hrtrends\/5-tendencias-2023-en-planes-de-formacion-para-empresas\/"]}]},{"@type":"ImageObject","inLanguage":"es","@id":"https:\/\/empresas.infoempleo.com\/hrtrends\/5-tendencias-2023-en-planes-de-formacion-para-empresas\/#primaryimage","url":"https:\/\/empresas.infoempleo.com\/hrtrends\/media\/2017\/05\/pexels-photo-205508-150x150.jpg","contentUrl":"https:\/\/empresas.infoempleo.com\/hrtrends\/media\/2017\/05\/pexels-photo-205508-150x150.jpg","width":150,"height":150},{"@type":"BreadcrumbList","@id":"https:\/\/empresas.infoempleo.com\/hrtrends\/5-tendencias-2023-en-planes-de-formacion-para-empresas\/#breadcrumb","itemListElement":[{"@type":"ListItem","position":1,"name":"Portada","item":"https:\/\/empresas.infoempleo.com\/hrtrends\/"},{"@type":"ListItem","position":2,"name":"5 Tendencias 2023 en planes de formaci\u00f3n para empresas"}]},{"@type":"WebSite","@id":"https:\/\/empresas.infoempleo.com\/hrtrends\/#website","url":"https:\/\/empresas.infoempleo.com\/hrtrends","name":"HRTrends by Infoempleo","description":"","publisher":{"@id":"https:\/\/empresas.infoempleo.com\/hrtrends\/#organization"},"potentialAction":{"@type":"SearchAction","target":"https:\/\/empresas.infoempleo.com\/hrtrends\/?s={search_term_string}","query-input":"required name=search_term_string"},"inLanguage":"es"},{"@type":"Organization","@id":"https:\/\/empresas.infoempleo.com\/hrtrends\/#organization","name":"Infoempleo","url":"https:\/\/www.infoempleo.com\/","logo":{"@type":"ImageObject","@id":"https:\/\/empresas.infoempleo.com\/hrtrends\/#logo","inLanguage":"es","url":"https:\/\/cdnazure.infoempleo.com\/infoempleo\/assets\/style\/gfx\/logo.svg","contentUrl":"https:\/\/cdnazure.infoempleo.com\/infoempleo\/assets\/style\/gfx\/logo.svg","width":150,"height":40,"caption":"Infoempleo"},"image":{"@id":"https:\/\/empresas.infoempleo.com\/hrtrends\/#logo"},"sameAs":["https:\/\/www.facebook.com\/Infoempleo","https:\/\/x.com\/infoempleo","http:\/\/instagram.com\/infoempleo\/","http:\/\/www.linkedin.com\/groups\/Empleo-Espa\u00f1a-Infoempleocom-111276","http:\/\/pinterest.com\/infoempleo\/"],"address":{"@type":"PostalAddress","addressLocality":"Madrid","postalCode":"28050","streetAddress":"Avenida de Burgos 114"},"brand":["Infoempleo"]},{"@type":"Person","@id":"https:\/\/empresas.infoempleo.com\/hrtrends\/#\/schema\/person\/fb2f949a1461ff0e9e15996d82d3a787","name":"Raquel Hern\u00e1ndez","image":{"@type":"ImageObject","inLanguage":"es","@id":"https:\/\/empresas.infoempleo.com\/hrtrends\/#\/schema\/person\/image\/","url":"https:\/\/secure.gravatar.com\/avatar\/4ccd374b24ab5eefd1b7681d8be968df221a577fa3ffa9dc4bb4b537645dc6a2?s=96&d=mm&r=g","contentUrl":"https:\/\/secure.gravatar.com\/avatar\/4ccd374b24ab5eefd1b7681d8be968df221a577fa3ffa9dc4bb4b537645dc6a2?s=96&d=mm&r=g","caption":"Raquel Hern\u00e1ndez"},"description":"M\u00e1ster en Filosof\u00eda Contempor\u00e1nea y Diploma Experto en Salud y G\u00e9nero. Extensa experiencia profesional como directora y productora de eventos culturales, especializada en el sector editorial. Lectora profesional y redactora de contenidos relacionados con el empleo, la innovaci\u00f3n y la educaci\u00f3n.","url":"https:\/\/empresas.infoempleo.com\/hrtrends\/author\/raquel-hernandez\/"}]}},"amp_enabled":true,"_links":{"self":[{"href":"https:\/\/empresas.infoempleo.com\/hrtrends\/wp-json\/wp\/v2\/posts\/43660","targetHints":{"allow":["GET"]}}],"collection":[{"href":"https:\/\/empresas.infoempleo.com\/hrtrends\/wp-json\/wp\/v2\/posts"}],"about":[{"href":"https:\/\/empresas.infoempleo.com\/hrtrends\/wp-json\/wp\/v2\/types\/post"}],"author":[{"embeddable":true,"href":"https:\/\/empresas.infoempleo.com\/hrtrends\/wp-json\/wp\/v2\/users\/136"}],"replies":[{"embeddable":true,"href":"https:\/\/empresas.infoempleo.com\/hrtrends\/wp-json\/wp\/v2\/comments?post=43660"}],"version-history":[{"count":1,"href":"https:\/\/empresas.infoempleo.com\/hrtrends\/wp-json\/wp\/v2\/posts\/43660\/revisions"}],"predecessor-version":[{"id":44193,"href":"https:\/\/empresas.infoempleo.com\/hrtrends\/wp-json\/wp\/v2\/posts\/43660\/revisions\/44193"}],"wp:featuredmedia":[{"embeddable":true,"href":"https:\/\/empresas.infoempleo.com\/hrtrends\/wp-json\/wp\/v2\/media\/29665"}],"wp:attachment":[{"href":"https:\/\/empresas.infoempleo.com\/hrtrends\/wp-json\/wp\/v2\/media?parent=43660"}],"wp:term":[{"taxonomy":"category","embeddable":true,"href":"https:\/\/empresas.infoempleo.com\/hrtrends\/wp-json\/wp\/v2\/categories?post=43660"},{"taxonomy":"post_tag","embeddable":true,"href":"https:\/\/empresas.infoempleo.com\/hrtrends\/wp-json\/wp\/v2\/tags?post=43660"}],"curies":[{"name":"wp","href":"https:\/\/api.w.org\/{rel}","templated":true}]}}