{"id":43659,"date":"2024-03-08T00:00:00","date_gmt":"2024-03-07T23:00:00","guid":{"rendered":"https:\/\/empresas.infoempleo.com\/hrtrends\/?p=43659"},"modified":"2024-07-02T13:33:12","modified_gmt":"2024-07-02T11:33:12","slug":"5-politicas-inclusivas-con-perspectiva-de-genero-para-implementar-en-tu-empresa","status":"publish","type":"post","link":"https:\/\/empresas.infoempleo.com\/hrtrends\/5-politicas-inclusivas-con-perspectiva-de-genero-para-implementar-en-tu-empresa\/","title":{"rendered":"5 pol\u00edticas inclusivas con perspectiva de g\u00e9nero que pueden implementar en tu empresa"},"content":{"rendered":"<p>En las \u00faltimas d\u00e9cadas, las <strong>pol\u00edticas destinadas a la igualdad<\/strong> efectiva entre hombres y mujeres han tenido un <strong>avance espectacular<\/strong> en la sociedad. En las empresas, se han <strong>potenciado por ley<\/strong> medidas como la <strong>paridad en los \u00f3rganos de gobierno<\/strong> y se han puesto en marcha con \u00e9xito <strong>programas de inclusi\u00f3n y no discriminaci\u00f3n<\/strong>. En este art\u00edculo, hablaremos de algunas pol\u00edticas concretas que las empresas pueden implementar desde la perspectiva de g\u00e9nero.<\/p>\n<h2>Igualdad, equidad y Derechos Humanos<\/h2>\n<p>En la actualidad, necesitamos revisar la cultura empresarial vigente e implementar paradigmas que mejoren la <strong>equidad<\/strong> y la justicia social en las relaciones laborales. Hoy se hace imprescindible y obligatoria la asunci\u00f3n de <strong>medidas con perspectiva de g\u00e9nero<\/strong> en las empresas.<\/p>\n<p>Pero este cambio no solo debe responder a criterios de responsabilidad social corporativa. Tambi\u00e9n est\u00e1 relacionado con las pol\u00edticas de la Uni\u00f3n Europea y de otros organismos a nivel mundial.<\/p>\n<p>En las \u00faltimas d\u00e9cadas, los cambios han sido muy profundos. Las mujeres han conquistado espacios que ten\u00edan injustamente vetados. Hoy en d\u00eda, los estados democr\u00e1ticos buscan promover la <strong>diversidad<\/strong>, la<strong> igualdad<\/strong> y la eliminaci\u00f3n de la discriminaci\u00f3n en cualquier esfera social.<\/p>\n<p>No es solo, por tanto, una cuesti\u00f3n de feminismo o de empoderamiento femenino, sino que tiene su origen en la misma Declaraci\u00f3n Universal de los Derechos Humanos.<\/p>\n<h2>Implementando pol\u00edticas con perspectiva de g\u00e9nero: el plan de igualdad<\/h2>\n<p>Para tener en cuenta la perspectiva de g\u00e9nero en la empresa, es importante realizar un <strong>an\u00e1lisis exhaustivo de las pr\u00e1cticas laborales<\/strong>, poniendo especial atenci\u00f3n en aspectos como los siguientes:<\/p>\n<ol>\n<li>Evaluaci\u00f3n de puestos y estudios de los sesgos de g\u00e9nero<\/li>\n<li>Situaci\u00f3n real del liderazgo femenino en la organizaci\u00f3n<\/li>\n<li>Procesos de contrataci\u00f3n<\/li>\n<li>Pol\u00edticas salariales<\/li>\n<\/ol>\n<p>Cuando la empresa tiene estos y otros aspectos similares perfectamente analizados, ser\u00e1 m\u00e1s sencillo <strong>poner en marcha<\/strong> <strong>pol\u00edticas con perspectiva de g\u00e9nero<\/strong> que se ajusten a la realidad de la empresa. Algunas de las <strong>estrategias m\u00e1s habituales<\/strong> e interesantes giran en torno a los siguientes contenidos:<\/p>\n<ul>\n<li><strong>Selecci\u00f3n de personal con perspectiva de g\u00e9nero:<\/strong> lo que conlleva la utilizaci\u00f3n de lenguajes inclusivos, curr\u00edculos ciegos o la participaci\u00f3n de m\u00e1s mujeres en el proceso. Una comisi\u00f3n de igualdad puede, adem\u00e1s, definir las caracter\u00edsticas del puesto desde esta perspectiva.<\/li>\n<li><strong>Conciliaci\u00f3n de la vida laboral y familiar:<\/strong> las estrategias deben hacerse extensibles a toda la plantilla, independientemente del g\u00e9nero. Turnos adaptados, programas de <a href=\"https:\/\/empresas.infoempleo.com\/hrtrends\/mejora-el-home-office-de-tus-empleados\/\" target=\"_blank\" rel=\"noopener\">Home Office<\/a>, horas de libre disposici\u00f3n o la implantaci\u00f3n de la jornada continua, son alguna de las medidas m\u00e1s interesantes.<\/li>\n<li><strong>Pol\u00edticas concretas de igualdad profesional:<\/strong> como las destinadas a corregir la llamada subrepresentaci\u00f3n en determinados puestos excesivamente masculinizados.<\/li>\n<li><strong>Formaci\u00f3n en y con igualdad:<\/strong> no s\u00f3lo se trata de implantar programas de sensibilizaci\u00f3n en igualdad, sino de formar a mujeres para acceder a puestos ocupados mayoritariamente por hombres, o impulsar cursos de formaci\u00f3n para mujeres en situaciones de violencia de g\u00e9nero.<\/li>\n<li><strong>Equidad salarial:<\/strong> romper una <a href=\"https:\/\/empresas.infoempleo.com\/hrtrends\/alcanzar-la-igualdad-salarial-un-reto-para-los-profesionales-de-recursos-humanos\/\" target=\"_blank\" rel=\"noopener\">brecha salarial<\/a> que supera el 25% en Espa\u00f1a es uno de los grandes objetivos. Priorizar la promoci\u00f3n ejecutiva de mujeres, fomentar medidas retributivas flexibles que apoyen la conciliaci\u00f3n y no la penalicen, deben estar entre los objetivos de recursos humanos.<\/li>\n<\/ul>\n","protected":false},"excerpt":{"rendered":"<p>En las \u00faltimas d\u00e9cadas, las pol\u00edticas destinadas a la igualdad efectiva entre hombres y mujeres han tenido un<a class=\"moretag\" href=\"https:\/\/empresas.infoempleo.com\/hrtrends\/5-politicas-inclusivas-con-perspectiva-de-genero-para-implementar-en-tu-empresa\/\"> Leer m\u00e1s<\/a><\/p>\n","protected":false},"author":146,"featured_media":29665,"comment_status":"closed","ping_status":"closed","sticky":false,"template":"","format":"standard","meta":{"footnotes":""},"categories":[3030],"tags":[],"class_list":["post-43659","post","type-post","status-publish","format-standard","has-post-thumbnail","hentry","category-reclutamiento"],"yoast_head":"<!-- This site is optimized with the Yoast SEO plugin v26.1.1 - https:\/\/yoast.com\/wordpress\/plugins\/seo\/ -->\n<title>5 pol\u00edticas inclusivas con perspectiva de g\u00e9nero que pueden implementar en tu empresa | HRTRENDS<\/title>\n<meta name=\"robots\" content=\"index, follow, max-snippet:-1, max-image-preview:large, max-video-preview:-1\" \/>\n<link rel=\"canonical\" href=\"https:\/\/empresas.infoempleo.com\/hrtrends\/5-politicas-inclusivas-con-perspectiva-de-genero-para-implementar-en-tu-empresa\/\" \/>\n<meta property=\"og:locale\" content=\"es_ES\" \/>\n<meta property=\"og:type\" content=\"article\" \/>\n<meta property=\"og:title\" content=\"5 pol\u00edticas inclusivas con perspectiva de g\u00e9nero que pueden implementar en tu empresa | HRTRENDS\" \/>\n<meta property=\"og:description\" content=\"En las \u00faltimas d\u00e9cadas, las pol\u00edticas destinadas a la igualdad efectiva entre hombres y mujeres han tenido un Leer m\u00e1s\" \/>\n<meta property=\"og:url\" content=\"https:\/\/empresas.infoempleo.com\/hrtrends\/5-politicas-inclusivas-con-perspectiva-de-genero-para-implementar-en-tu-empresa\/\" \/>\n<meta property=\"og:site_name\" content=\"HRTRENDS\" \/>\n<meta property=\"article:publisher\" content=\"https:\/\/www.facebook.com\/Infoempleo\" \/>\n<meta property=\"article:published_time\" content=\"2024-03-07T23:00:00+00:00\" \/>\n<meta property=\"article:modified_time\" content=\"2024-07-02T11:33:12+00:00\" \/>\n<meta name=\"author\" content=\"Sandra R. Martos\" \/>\n<meta name=\"twitter:card\" content=\"summary_large_image\" \/>\n<meta name=\"twitter:creator\" content=\"@infoempleo\" \/>\n<meta name=\"twitter:site\" content=\"@infoempleo\" \/>\n<meta name=\"twitter:label1\" content=\"Escrito por\" \/>\n\t<meta name=\"twitter:data1\" content=\"Sandra R. Martos\" \/>\n\t<meta name=\"twitter:label2\" content=\"Tiempo de lectura\" \/>\n\t<meta name=\"twitter:data2\" content=\"3 minutos\" \/>\n<script type=\"application\/ld+json\" class=\"yoast-schema-graph\">{\"@context\":\"https:\/\/schema.org\",\"@graph\":[{\"@type\":\"NewsArticle\",\"@id\":\"https:\/\/empresas.infoempleo.com\/hrtrends\/5-politicas-inclusivas-con-perspectiva-de-genero-para-implementar-en-tu-empresa\/#article\",\"isPartOf\":{\"@id\":\"https:\/\/empresas.infoempleo.com\/hrtrends\/5-politicas-inclusivas-con-perspectiva-de-genero-para-implementar-en-tu-empresa\/\"},\"author\":{\"name\":\"Sandra R. Martos\",\"@id\":\"https:\/\/empresas.infoempleo.com\/hrtrends\/#\/schema\/person\/d24c95f005bb213d5442bfb9916f0cf1\"},\"headline\":\"5 pol\u00edticas inclusivas con perspectiva de g\u00e9nero que pueden implementar en tu empresa\",\"datePublished\":\"2024-03-07T23:00:00+00:00\",\"dateModified\":\"2024-07-02T11:33:12+00:00\",\"mainEntityOfPage\":{\"@id\":\"https:\/\/empresas.infoempleo.com\/hrtrends\/5-politicas-inclusivas-con-perspectiva-de-genero-para-implementar-en-tu-empresa\/\"},\"wordCount\":584,\"publisher\":{\"@id\":\"https:\/\/empresas.infoempleo.com\/hrtrends\/#organization\"},\"image\":{\"@id\":\"https:\/\/empresas.infoempleo.com\/hrtrends\/5-politicas-inclusivas-con-perspectiva-de-genero-para-implementar-en-tu-empresa\/#primaryimage\"},\"thumbnailUrl\":\"https:\/\/empresas.infoempleo.com\/hrtrends\/media\/2017\/05\/pexels-photo-205508.jpg\",\"articleSection\":[\"Reclutamiento\"],\"inLanguage\":\"es\",\"copyrightYear\":\"2024\",\"copyrightHolder\":{\"@id\":\"https:\/\/empresas.infoempleo.com\/hrtrends\/#organization\"}},{\"@type\":\"WebPage\",\"@id\":\"https:\/\/empresas.infoempleo.com\/hrtrends\/5-politicas-inclusivas-con-perspectiva-de-genero-para-implementar-en-tu-empresa\/\",\"url\":\"https:\/\/empresas.infoempleo.com\/hrtrends\/5-politicas-inclusivas-con-perspectiva-de-genero-para-implementar-en-tu-empresa\/\",\"name\":\"5 pol\u00edticas inclusivas con perspectiva de g\u00e9nero que pueden implementar en tu empresa | HRTRENDS\",\"isPartOf\":{\"@id\":\"https:\/\/empresas.infoempleo.com\/hrtrends\/#website\"},\"primaryImageOfPage\":{\"@id\":\"https:\/\/empresas.infoempleo.com\/hrtrends\/5-politicas-inclusivas-con-perspectiva-de-genero-para-implementar-en-tu-empresa\/#primaryimage\"},\"image\":{\"@id\":\"https:\/\/empresas.infoempleo.com\/hrtrends\/5-politicas-inclusivas-con-perspectiva-de-genero-para-implementar-en-tu-empresa\/#primaryimage\"},\"thumbnailUrl\":\"https:\/\/empresas.infoempleo.com\/hrtrends\/media\/2017\/05\/pexels-photo-205508.jpg\",\"datePublished\":\"2024-03-07T23:00:00+00:00\",\"dateModified\":\"2024-07-02T11:33:12+00:00\",\"breadcrumb\":{\"@id\":\"https:\/\/empresas.infoempleo.com\/hrtrends\/5-politicas-inclusivas-con-perspectiva-de-genero-para-implementar-en-tu-empresa\/#breadcrumb\"},\"inLanguage\":\"es\",\"potentialAction\":[{\"@type\":\"ReadAction\",\"target\":[\"https:\/\/empresas.infoempleo.com\/hrtrends\/5-politicas-inclusivas-con-perspectiva-de-genero-para-implementar-en-tu-empresa\/\"]}]},{\"@type\":\"ImageObject\",\"inLanguage\":\"es\",\"@id\":\"https:\/\/empresas.infoempleo.com\/hrtrends\/5-politicas-inclusivas-con-perspectiva-de-genero-para-implementar-en-tu-empresa\/#primaryimage\",\"url\":\"https:\/\/empresas.infoempleo.com\/hrtrends\/media\/2017\/05\/pexels-photo-205508-150x150.jpg\",\"contentUrl\":\"https:\/\/empresas.infoempleo.com\/hrtrends\/media\/2017\/05\/pexels-photo-205508-150x150.jpg\",\"width\":150,\"height\":150},{\"@type\":\"BreadcrumbList\",\"@id\":\"https:\/\/empresas.infoempleo.com\/hrtrends\/5-politicas-inclusivas-con-perspectiva-de-genero-para-implementar-en-tu-empresa\/#breadcrumb\",\"itemListElement\":[{\"@type\":\"ListItem\",\"position\":1,\"name\":\"Portada\",\"item\":\"https:\/\/empresas.infoempleo.com\/hrtrends\/\"},{\"@type\":\"ListItem\",\"position\":2,\"name\":\"5 pol\u00edticas inclusivas con perspectiva de g\u00e9nero que pueden implementar en tu empresa\"}]},{\"@type\":\"WebSite\",\"@id\":\"https:\/\/empresas.infoempleo.com\/hrtrends\/#website\",\"url\":\"https:\/\/empresas.infoempleo.com\/hrtrends\",\"name\":\"HRTrends by Infoempleo\",\"description\":\"\",\"publisher\":{\"@id\":\"https:\/\/empresas.infoempleo.com\/hrtrends\/#organization\"},\"potentialAction\":{\"@type\":\"SearchAction\",\"target\":\"https:\/\/empresas.infoempleo.com\/hrtrends\/?s={search_term_string}\",\"query-input\":\"required name=search_term_string\"},\"inLanguage\":\"es\"},{\"@type\":\"Organization\",\"@id\":\"https:\/\/empresas.infoempleo.com\/hrtrends\/#organization\",\"name\":\"Infoempleo\",\"url\":\"https:\/\/www.infoempleo.com\/\",\"logo\":{\"@type\":\"ImageObject\",\"@id\":\"https:\/\/empresas.infoempleo.com\/hrtrends\/#logo\",\"inLanguage\":\"es\",\"url\":\"https:\/\/cdnazure.infoempleo.com\/infoempleo\/assets\/style\/gfx\/logo.svg\",\"contentUrl\":\"https:\/\/cdnazure.infoempleo.com\/infoempleo\/assets\/style\/gfx\/logo.svg\",\"width\":150,\"height\":40,\"caption\":\"Infoempleo\"},\"image\":{\"@id\":\"https:\/\/empresas.infoempleo.com\/hrtrends\/#logo\"},\"sameAs\":[\"https:\/\/www.facebook.com\/Infoempleo\",\"https:\/\/x.com\/infoempleo\",\"http:\/\/instagram.com\/infoempleo\/\",\"http:\/\/www.linkedin.com\/groups\/Empleo-Espa\u00f1a-Infoempleocom-111276\",\"http:\/\/pinterest.com\/infoempleo\/\"],\"address\":{\"@type\":\"PostalAddress\",\"addressLocality\":\"Madrid\",\"postalCode\":\"28050\",\"streetAddress\":\"Avenida de Burgos 114\"},\"brand\":[\"Infoempleo\"]},{\"@type\":\"Person\",\"@id\":\"https:\/\/empresas.infoempleo.com\/hrtrends\/#\/schema\/person\/d24c95f005bb213d5442bfb9916f0cf1\",\"name\":\"Sandra R. Martos\",\"image\":{\"@type\":\"ImageObject\",\"inLanguage\":\"es\",\"@id\":\"https:\/\/empresas.infoempleo.com\/hrtrends\/#\/schema\/person\/image\/\",\"url\":\"https:\/\/secure.gravatar.com\/avatar\/416b738ea045864f60be6f729d868b5b8807d320c6de9f29d2506b477304ed75?s=96&d=mm&r=g\",\"contentUrl\":\"https:\/\/secure.gravatar.com\/avatar\/416b738ea045864f60be6f729d868b5b8807d320c6de9f29d2506b477304ed75?s=96&d=mm&r=g\",\"caption\":\"Sandra R. Martos\"},\"url\":\"https:\/\/empresas.infoempleo.com\/hrtrends\/author\/srmartos\/\"}]}<\/script>\n<!-- \/ Yoast SEO plugin. -->","yoast_head_json":{"title":"5 pol\u00edticas inclusivas con perspectiva de g\u00e9nero que pueden implementar en tu empresa | HRTRENDS","robots":{"index":"index","follow":"follow","max-snippet":"max-snippet:-1","max-image-preview":"max-image-preview:large","max-video-preview":"max-video-preview:-1"},"canonical":"https:\/\/empresas.infoempleo.com\/hrtrends\/5-politicas-inclusivas-con-perspectiva-de-genero-para-implementar-en-tu-empresa\/","og_locale":"es_ES","og_type":"article","og_title":"5 pol\u00edticas inclusivas con perspectiva de g\u00e9nero que pueden implementar en tu empresa | HRTRENDS","og_description":"En las \u00faltimas d\u00e9cadas, las pol\u00edticas destinadas a la igualdad efectiva entre hombres y mujeres han tenido un Leer m\u00e1s","og_url":"https:\/\/empresas.infoempleo.com\/hrtrends\/5-politicas-inclusivas-con-perspectiva-de-genero-para-implementar-en-tu-empresa\/","og_site_name":"HRTRENDS","article_publisher":"https:\/\/www.facebook.com\/Infoempleo","article_published_time":"2024-03-07T23:00:00+00:00","article_modified_time":"2024-07-02T11:33:12+00:00","author":"Sandra R. Martos","twitter_card":"summary_large_image","twitter_creator":"@infoempleo","twitter_site":"@infoempleo","twitter_misc":{"Escrito por":"Sandra R. Martos","Tiempo de lectura":"3 minutos"},"schema":{"@context":"https:\/\/schema.org","@graph":[{"@type":"NewsArticle","@id":"https:\/\/empresas.infoempleo.com\/hrtrends\/5-politicas-inclusivas-con-perspectiva-de-genero-para-implementar-en-tu-empresa\/#article","isPartOf":{"@id":"https:\/\/empresas.infoempleo.com\/hrtrends\/5-politicas-inclusivas-con-perspectiva-de-genero-para-implementar-en-tu-empresa\/"},"author":{"name":"Sandra R. Martos","@id":"https:\/\/empresas.infoempleo.com\/hrtrends\/#\/schema\/person\/d24c95f005bb213d5442bfb9916f0cf1"},"headline":"5 pol\u00edticas inclusivas con perspectiva de g\u00e9nero que pueden implementar en tu empresa","datePublished":"2024-03-07T23:00:00+00:00","dateModified":"2024-07-02T11:33:12+00:00","mainEntityOfPage":{"@id":"https:\/\/empresas.infoempleo.com\/hrtrends\/5-politicas-inclusivas-con-perspectiva-de-genero-para-implementar-en-tu-empresa\/"},"wordCount":584,"publisher":{"@id":"https:\/\/empresas.infoempleo.com\/hrtrends\/#organization"},"image":{"@id":"https:\/\/empresas.infoempleo.com\/hrtrends\/5-politicas-inclusivas-con-perspectiva-de-genero-para-implementar-en-tu-empresa\/#primaryimage"},"thumbnailUrl":"https:\/\/empresas.infoempleo.com\/hrtrends\/media\/2017\/05\/pexels-photo-205508.jpg","articleSection":["Reclutamiento"],"inLanguage":"es","copyrightYear":"2024","copyrightHolder":{"@id":"https:\/\/empresas.infoempleo.com\/hrtrends\/#organization"}},{"@type":"WebPage","@id":"https:\/\/empresas.infoempleo.com\/hrtrends\/5-politicas-inclusivas-con-perspectiva-de-genero-para-implementar-en-tu-empresa\/","url":"https:\/\/empresas.infoempleo.com\/hrtrends\/5-politicas-inclusivas-con-perspectiva-de-genero-para-implementar-en-tu-empresa\/","name":"5 pol\u00edticas inclusivas con perspectiva de g\u00e9nero que pueden implementar en tu empresa | HRTRENDS","isPartOf":{"@id":"https:\/\/empresas.infoempleo.com\/hrtrends\/#website"},"primaryImageOfPage":{"@id":"https:\/\/empresas.infoempleo.com\/hrtrends\/5-politicas-inclusivas-con-perspectiva-de-genero-para-implementar-en-tu-empresa\/#primaryimage"},"image":{"@id":"https:\/\/empresas.infoempleo.com\/hrtrends\/5-politicas-inclusivas-con-perspectiva-de-genero-para-implementar-en-tu-empresa\/#primaryimage"},"thumbnailUrl":"https:\/\/empresas.infoempleo.com\/hrtrends\/media\/2017\/05\/pexels-photo-205508.jpg","datePublished":"2024-03-07T23:00:00+00:00","dateModified":"2024-07-02T11:33:12+00:00","breadcrumb":{"@id":"https:\/\/empresas.infoempleo.com\/hrtrends\/5-politicas-inclusivas-con-perspectiva-de-genero-para-implementar-en-tu-empresa\/#breadcrumb"},"inLanguage":"es","potentialAction":[{"@type":"ReadAction","target":["https:\/\/empresas.infoempleo.com\/hrtrends\/5-politicas-inclusivas-con-perspectiva-de-genero-para-implementar-en-tu-empresa\/"]}]},{"@type":"ImageObject","inLanguage":"es","@id":"https:\/\/empresas.infoempleo.com\/hrtrends\/5-politicas-inclusivas-con-perspectiva-de-genero-para-implementar-en-tu-empresa\/#primaryimage","url":"https:\/\/empresas.infoempleo.com\/hrtrends\/media\/2017\/05\/pexels-photo-205508-150x150.jpg","contentUrl":"https:\/\/empresas.infoempleo.com\/hrtrends\/media\/2017\/05\/pexels-photo-205508-150x150.jpg","width":150,"height":150},{"@type":"BreadcrumbList","@id":"https:\/\/empresas.infoempleo.com\/hrtrends\/5-politicas-inclusivas-con-perspectiva-de-genero-para-implementar-en-tu-empresa\/#breadcrumb","itemListElement":[{"@type":"ListItem","position":1,"name":"Portada","item":"https:\/\/empresas.infoempleo.com\/hrtrends\/"},{"@type":"ListItem","position":2,"name":"5 pol\u00edticas inclusivas con perspectiva de g\u00e9nero que pueden implementar en tu empresa"}]},{"@type":"WebSite","@id":"https:\/\/empresas.infoempleo.com\/hrtrends\/#website","url":"https:\/\/empresas.infoempleo.com\/hrtrends","name":"HRTrends by Infoempleo","description":"","publisher":{"@id":"https:\/\/empresas.infoempleo.com\/hrtrends\/#organization"},"potentialAction":{"@type":"SearchAction","target":"https:\/\/empresas.infoempleo.com\/hrtrends\/?s={search_term_string}","query-input":"required name=search_term_string"},"inLanguage":"es"},{"@type":"Organization","@id":"https:\/\/empresas.infoempleo.com\/hrtrends\/#organization","name":"Infoempleo","url":"https:\/\/www.infoempleo.com\/","logo":{"@type":"ImageObject","@id":"https:\/\/empresas.infoempleo.com\/hrtrends\/#logo","inLanguage":"es","url":"https:\/\/cdnazure.infoempleo.com\/infoempleo\/assets\/style\/gfx\/logo.svg","contentUrl":"https:\/\/cdnazure.infoempleo.com\/infoempleo\/assets\/style\/gfx\/logo.svg","width":150,"height":40,"caption":"Infoempleo"},"image":{"@id":"https:\/\/empresas.infoempleo.com\/hrtrends\/#logo"},"sameAs":["https:\/\/www.facebook.com\/Infoempleo","https:\/\/x.com\/infoempleo","http:\/\/instagram.com\/infoempleo\/","http:\/\/www.linkedin.com\/groups\/Empleo-Espa\u00f1a-Infoempleocom-111276","http:\/\/pinterest.com\/infoempleo\/"],"address":{"@type":"PostalAddress","addressLocality":"Madrid","postalCode":"28050","streetAddress":"Avenida de Burgos 114"},"brand":["Infoempleo"]},{"@type":"Person","@id":"https:\/\/empresas.infoempleo.com\/hrtrends\/#\/schema\/person\/d24c95f005bb213d5442bfb9916f0cf1","name":"Sandra R. Martos","image":{"@type":"ImageObject","inLanguage":"es","@id":"https:\/\/empresas.infoempleo.com\/hrtrends\/#\/schema\/person\/image\/","url":"https:\/\/secure.gravatar.com\/avatar\/416b738ea045864f60be6f729d868b5b8807d320c6de9f29d2506b477304ed75?s=96&d=mm&r=g","contentUrl":"https:\/\/secure.gravatar.com\/avatar\/416b738ea045864f60be6f729d868b5b8807d320c6de9f29d2506b477304ed75?s=96&d=mm&r=g","caption":"Sandra R. Martos"},"url":"https:\/\/empresas.infoempleo.com\/hrtrends\/author\/srmartos\/"}]}},"amp_enabled":true,"_links":{"self":[{"href":"https:\/\/empresas.infoempleo.com\/hrtrends\/wp-json\/wp\/v2\/posts\/43659","targetHints":{"allow":["GET"]}}],"collection":[{"href":"https:\/\/empresas.infoempleo.com\/hrtrends\/wp-json\/wp\/v2\/posts"}],"about":[{"href":"https:\/\/empresas.infoempleo.com\/hrtrends\/wp-json\/wp\/v2\/types\/post"}],"author":[{"embeddable":true,"href":"https:\/\/empresas.infoempleo.com\/hrtrends\/wp-json\/wp\/v2\/users\/146"}],"replies":[{"embeddable":true,"href":"https:\/\/empresas.infoempleo.com\/hrtrends\/wp-json\/wp\/v2\/comments?post=43659"}],"version-history":[{"count":4,"href":"https:\/\/empresas.infoempleo.com\/hrtrends\/wp-json\/wp\/v2\/posts\/43659\/revisions"}],"predecessor-version":[{"id":44018,"href":"https:\/\/empresas.infoempleo.com\/hrtrends\/wp-json\/wp\/v2\/posts\/43659\/revisions\/44018"}],"wp:featuredmedia":[{"embeddable":true,"href":"https:\/\/empresas.infoempleo.com\/hrtrends\/wp-json\/wp\/v2\/media\/29665"}],"wp:attachment":[{"href":"https:\/\/empresas.infoempleo.com\/hrtrends\/wp-json\/wp\/v2\/media?parent=43659"}],"wp:term":[{"taxonomy":"category","embeddable":true,"href":"https:\/\/empresas.infoempleo.com\/hrtrends\/wp-json\/wp\/v2\/categories?post=43659"},{"taxonomy":"post_tag","embeddable":true,"href":"https:\/\/empresas.infoempleo.com\/hrtrends\/wp-json\/wp\/v2\/tags?post=43659"}],"curies":[{"name":"wp","href":"https:\/\/api.w.org\/{rel}","templated":true}]}}