{"id":43658,"date":"2023-07-10T00:00:00","date_gmt":"2023-07-09T23:00:00","guid":{"rendered":"https:\/\/empresas.infoempleo.com\/hrtrends\/?p=43658"},"modified":"2024-07-03T14:10:17","modified_gmt":"2024-07-03T12:10:17","slug":"todo-lo-que-debes-saber-sobre-el-contrato-eventual-por-circunstancias-de-la-produccion-tras-la-reforma-laboral","status":"publish","type":"post","link":"https:\/\/empresas.infoempleo.com\/hrtrends\/todo-lo-que-debes-saber-sobre-el-contrato-eventual-por-circunstancias-de-la-produccion-tras-la-reforma-laboral\/","title":{"rendered":"Todo lo que debes saber sobre el contrato eventual por circunstancias de la producci\u00f3n tras la Reforma Laboral"},"content":{"rendered":"<p>El <strong>contrato eventual por circunstancias de la producci\u00f3n<\/strong> es una modalidad de contrataci\u00f3n que <strong>se introdujo con la<\/strong> <strong>reforma laboral<\/strong>. Es una forma legal muy utilizada para el reclutamiento en \u00e9poca estival, \u00e9poca en la que los contratos temporales siguen m\u00e1s numerosos que los indefinidos. Las condiciones cambian dependiendo de si las circunstancias de la producci\u00f3n son previsibles o imprevisibles, pero en ambos casos deben formalizarse por escrito y garantizan la <strong>indemnizaci\u00f3n de 12 d\u00edas<\/strong> por a\u00f1o trabajado al empleado.<\/p>\n<h2>En qu\u00e9 consiste el contrato eventual por circunstancias de la producci\u00f3n<\/h2>\n<p>El <strong>contrato eventual por circunstancias de la producci\u00f3n<\/strong> es la opci\u00f3n que da la <strong>reforma laboral<\/strong> para contratos de duraci\u00f3n determinada junto con la sustituci\u00f3n de personas trabajadoras. Con la llegada del verano era habitual que las empresas recurrieran al <a href=\"https:\/\/empresas.infoempleo.com\/hrtrends\/contratos-por-obra-y-servicio-este-verano-alternativas-reforma-laboral\/\" target=\"_blank\" rel=\"noopener\"><strong>modelo de contrato por obra y servicio<\/strong><\/a>. Sin embargo, <strong>esta f\u00f3rmula de contrataci\u00f3n de trabajadores ya no es legal<\/strong>.<\/p>\n<p>Un total de 11,28 millones de contratos eventuales fueron firmados a lo largo del a\u00f1o pasado en Espa\u00f1a. El 68,66% (7,74 millones) fueron por circunstancias de la producci\u00f3n. De hecho, cada mes se siguen firmando m\u00e1s contratos temporales que contratos indefinidos: un 61,5% frente al 38,35%.<\/p>\n<p>Uno de los objetivos de la reforma laboral es que \u201cel contrato temporal tenga un origen exclusivamente causal, evitando una utilizaci\u00f3n abusiva de esta figura y una excesiva rotaci\u00f3n de personas trabajadoras\u201d. En este sentido, hay un <strong>endurecimiento de las condiciones de estos<\/strong> <strong>contratos laborales<\/strong>.<\/p>\n<p>Como empresa, <strong>deber\u00e1s detallar la causa que justifica la contrataci\u00f3n de un trabajador de forma temporal<\/strong>. Adem\u00e1s deber\u00e1s<strong>\u00a0<\/strong>especificar \u201ccon precisi\u00f3n en el contrato la causa habilitante de la contrataci\u00f3n temporal, las circunstancias concretas que la justifican y su conexi\u00f3n con la duraci\u00f3n prevista\u201d, seg\u00fan el propio texto.<\/p>\n<p>Con el fin de <strong>controlar la aplicaci\u00f3n de la nueva normativa<\/strong>, seg\u00fan la <strong>Ley de Infracciones y Sanciones Laborales (LISOS)<\/strong>, las penalizaciones econ\u00f3micas se corresponder\u00e1n con cada una de las personas cuyo contrato est\u00e9 formalizado en fraude de ley. Las cantidades van desde los 1.000 hasta los 10.000 euros. Ten en cuenta que los <strong>contratos temporales<\/strong> est\u00e1n siendo investigados a trav\u00e9s de un env\u00edo masivo de cartas de <strong>inspecci\u00f3n laboral<\/strong> a las empresas.<\/p>\n<p>&nbsp;<\/p>\n<h2>Tipos de contratos por circunstancias de la producci\u00f3n<\/h2>\n<p>Las condiciones legales deben formalizarse por escrito, tendr\u00e1n la <strong>consideraci\u00f3n de contratos<\/strong> <strong>indefinidos<\/strong>. Al extinguirse el contrato, el trabajador tiene derecho a una indemnizaci\u00f3n de <strong>12 d\u00edas de salario<\/strong> <strong>por cada a\u00f1o de servicio<\/strong>.<\/p>\n<p>Las <strong>modalidades<\/strong> que recoge la nueva normativa difieren <strong>seg\u00fan las circunstancias de la producci\u00f3n<\/strong>, si son previsibles o imprevisibles:<\/p>\n<ul>\n<li><strong>Circunstancias Imprevisibles<\/strong>: la duraci\u00f3n ser\u00e1 de un m\u00e1ximo de 6 meses ampliable a 1 a\u00f1o, siempre que el <a href=\"https:\/\/empresas.infoempleo.com\/hrtrends\/que-convenio-colectivo-se-aplica-en-tu-empresa\/\" target=\"_blank\" rel=\"noopener\"><strong>convenio colectivo<\/strong><\/a> as\u00ed lo prevea. Adem\u00e1s, solo est\u00e1 permitida una pr\u00f3rroga del contrato.<\/li>\n<li><strong>Previsibles<\/strong>: la duraci\u00f3n se limita a 90 d\u00edas en el a\u00f1o natural, por empresa, no por trabajador. Adem\u00e1s, los d\u00edas no podr\u00e1n ser utilizados de manera continuada. Las empresas deber\u00e1n trasladar la previsi\u00f3n anual de estos contratos a la representaci\u00f3n legal de las personas trabajadoras.<\/li>\n<\/ul>\n<p>Seg\u00fan el derecho laboral, estos contratos temporales se transforman en fijos por falta de la forma escrita y por expiraci\u00f3n del tiempo estipulado. Tambi\u00e9n en supuestos de subrogaci\u00f3n empresarial o sucesi\u00f3n y de aquellas personas que han sido contratadas incumpliendo lo establecido en el art\u00edculo 15 del Estatuto de los Trabajadores.<\/p>\n","protected":false},"excerpt":{"rendered":"<p>El contrato eventual por circunstancias de la producci\u00f3n es una modalidad de contrataci\u00f3n que se introdujo con la<a class=\"moretag\" href=\"https:\/\/empresas.infoempleo.com\/hrtrends\/todo-lo-que-debes-saber-sobre-el-contrato-eventual-por-circunstancias-de-la-produccion-tras-la-reforma-laboral\/\"> Leer m\u00e1s<\/a><\/p>\n","protected":false},"author":136,"featured_media":29665,"comment_status":"closed","ping_status":"closed","sticky":false,"template":"","format":"standard","meta":{"footnotes":""},"categories":[3],"tags":[],"class_list":["post-43658","post","type-post","status-publish","format-standard","has-post-thumbnail","hentry","category-actualidad"],"yoast_head":"<!-- This site is optimized with the Yoast SEO plugin v26.1.1 - https:\/\/yoast.com\/wordpress\/plugins\/seo\/ -->\n<title>Todo lo que debes saber sobre el contrato eventual por circunstancias de la producci\u00f3n tras la Reforma Laboral | HRTRENDS<\/title>\n<meta name=\"robots\" content=\"index, follow, max-snippet:-1, max-image-preview:large, max-video-preview:-1\" \/>\n<link rel=\"canonical\" href=\"https:\/\/empresas.infoempleo.com\/hrtrends\/todo-lo-que-debes-saber-sobre-el-contrato-eventual-por-circunstancias-de-la-produccion-tras-la-reforma-laboral\/\" \/>\n<meta property=\"og:locale\" content=\"es_ES\" \/>\n<meta property=\"og:type\" content=\"article\" \/>\n<meta property=\"og:title\" content=\"Todo lo que debes saber sobre el contrato eventual por circunstancias de la producci\u00f3n tras la Reforma Laboral | HRTRENDS\" \/>\n<meta property=\"og:description\" content=\"El contrato eventual por circunstancias de la producci\u00f3n es una modalidad de contrataci\u00f3n que se introdujo con la Leer m\u00e1s\" \/>\n<meta property=\"og:url\" content=\"https:\/\/empresas.infoempleo.com\/hrtrends\/todo-lo-que-debes-saber-sobre-el-contrato-eventual-por-circunstancias-de-la-produccion-tras-la-reforma-laboral\/\" \/>\n<meta property=\"og:site_name\" content=\"HRTRENDS\" \/>\n<meta property=\"article:publisher\" content=\"https:\/\/www.facebook.com\/Infoempleo\" \/>\n<meta property=\"article:published_time\" content=\"2023-07-09T23:00:00+00:00\" \/>\n<meta property=\"article:modified_time\" content=\"2024-07-03T12:10:17+00:00\" \/>\n<meta name=\"author\" content=\"Raquel Hern\u00e1ndez\" \/>\n<meta name=\"twitter:card\" content=\"summary_large_image\" \/>\n<meta name=\"twitter:creator\" content=\"@infoempleo\" \/>\n<meta name=\"twitter:site\" content=\"@infoempleo\" \/>\n<meta name=\"twitter:label1\" content=\"Escrito por\" \/>\n\t<meta name=\"twitter:data1\" content=\"Raquel Hern\u00e1ndez\" \/>\n\t<meta name=\"twitter:label2\" content=\"Tiempo de lectura\" \/>\n\t<meta name=\"twitter:data2\" content=\"3 minutos\" \/>\n<script type=\"application\/ld+json\" class=\"yoast-schema-graph\">{\"@context\":\"https:\/\/schema.org\",\"@graph\":[{\"@type\":\"NewsArticle\",\"@id\":\"https:\/\/empresas.infoempleo.com\/hrtrends\/todo-lo-que-debes-saber-sobre-el-contrato-eventual-por-circunstancias-de-la-produccion-tras-la-reforma-laboral\/#article\",\"isPartOf\":{\"@id\":\"https:\/\/empresas.infoempleo.com\/hrtrends\/todo-lo-que-debes-saber-sobre-el-contrato-eventual-por-circunstancias-de-la-produccion-tras-la-reforma-laboral\/\"},\"author\":{\"name\":\"Raquel Hern\u00e1ndez\",\"@id\":\"https:\/\/empresas.infoempleo.com\/hrtrends\/#\/schema\/person\/fb2f949a1461ff0e9e15996d82d3a787\"},\"headline\":\"Todo lo que debes saber sobre el contrato eventual por circunstancias de la producci\u00f3n tras la Reforma Laboral\",\"datePublished\":\"2023-07-09T23:00:00+00:00\",\"dateModified\":\"2024-07-03T12:10:17+00:00\",\"mainEntityOfPage\":{\"@id\":\"https:\/\/empresas.infoempleo.com\/hrtrends\/todo-lo-que-debes-saber-sobre-el-contrato-eventual-por-circunstancias-de-la-produccion-tras-la-reforma-laboral\/\"},\"wordCount\":622,\"publisher\":{\"@id\":\"https:\/\/empresas.infoempleo.com\/hrtrends\/#organization\"},\"image\":{\"@id\":\"https:\/\/empresas.infoempleo.com\/hrtrends\/todo-lo-que-debes-saber-sobre-el-contrato-eventual-por-circunstancias-de-la-produccion-tras-la-reforma-laboral\/#primaryimage\"},\"thumbnailUrl\":\"https:\/\/empresas.infoempleo.com\/hrtrends\/media\/2017\/05\/pexels-photo-205508.jpg\",\"articleSection\":[\"Actualidad\"],\"inLanguage\":\"es\",\"copyrightYear\":\"2023\",\"copyrightHolder\":{\"@id\":\"https:\/\/empresas.infoempleo.com\/hrtrends\/#organization\"}},{\"@type\":\"WebPage\",\"@id\":\"https:\/\/empresas.infoempleo.com\/hrtrends\/todo-lo-que-debes-saber-sobre-el-contrato-eventual-por-circunstancias-de-la-produccion-tras-la-reforma-laboral\/\",\"url\":\"https:\/\/empresas.infoempleo.com\/hrtrends\/todo-lo-que-debes-saber-sobre-el-contrato-eventual-por-circunstancias-de-la-produccion-tras-la-reforma-laboral\/\",\"name\":\"Todo lo que debes saber sobre el contrato eventual por circunstancias de la producci\u00f3n tras la Reforma Laboral | HRTRENDS\",\"isPartOf\":{\"@id\":\"https:\/\/empresas.infoempleo.com\/hrtrends\/#website\"},\"primaryImageOfPage\":{\"@id\":\"https:\/\/empresas.infoempleo.com\/hrtrends\/todo-lo-que-debes-saber-sobre-el-contrato-eventual-por-circunstancias-de-la-produccion-tras-la-reforma-laboral\/#primaryimage\"},\"image\":{\"@id\":\"https:\/\/empresas.infoempleo.com\/hrtrends\/todo-lo-que-debes-saber-sobre-el-contrato-eventual-por-circunstancias-de-la-produccion-tras-la-reforma-laboral\/#primaryimage\"},\"thumbnailUrl\":\"https:\/\/empresas.infoempleo.com\/hrtrends\/media\/2017\/05\/pexels-photo-205508.jpg\",\"datePublished\":\"2023-07-09T23:00:00+00:00\",\"dateModified\":\"2024-07-03T12:10:17+00:00\",\"breadcrumb\":{\"@id\":\"https:\/\/empresas.infoempleo.com\/hrtrends\/todo-lo-que-debes-saber-sobre-el-contrato-eventual-por-circunstancias-de-la-produccion-tras-la-reforma-laboral\/#breadcrumb\"},\"inLanguage\":\"es\",\"potentialAction\":[{\"@type\":\"ReadAction\",\"target\":[\"https:\/\/empresas.infoempleo.com\/hrtrends\/todo-lo-que-debes-saber-sobre-el-contrato-eventual-por-circunstancias-de-la-produccion-tras-la-reforma-laboral\/\"]}]},{\"@type\":\"ImageObject\",\"inLanguage\":\"es\",\"@id\":\"https:\/\/empresas.infoempleo.com\/hrtrends\/todo-lo-que-debes-saber-sobre-el-contrato-eventual-por-circunstancias-de-la-produccion-tras-la-reforma-laboral\/#primaryimage\",\"url\":\"https:\/\/empresas.infoempleo.com\/hrtrends\/media\/2017\/05\/pexels-photo-205508-150x150.jpg\",\"contentUrl\":\"https:\/\/empresas.infoempleo.com\/hrtrends\/media\/2017\/05\/pexels-photo-205508-150x150.jpg\",\"width\":150,\"height\":150},{\"@type\":\"BreadcrumbList\",\"@id\":\"https:\/\/empresas.infoempleo.com\/hrtrends\/todo-lo-que-debes-saber-sobre-el-contrato-eventual-por-circunstancias-de-la-produccion-tras-la-reforma-laboral\/#breadcrumb\",\"itemListElement\":[{\"@type\":\"ListItem\",\"position\":1,\"name\":\"Portada\",\"item\":\"https:\/\/empresas.infoempleo.com\/hrtrends\/\"},{\"@type\":\"ListItem\",\"position\":2,\"name\":\"Todo lo que debes saber sobre el contrato eventual por circunstancias de la producci\u00f3n tras la Reforma Laboral\"}]},{\"@type\":\"WebSite\",\"@id\":\"https:\/\/empresas.infoempleo.com\/hrtrends\/#website\",\"url\":\"https:\/\/empresas.infoempleo.com\/hrtrends\",\"name\":\"HRTrends by Infoempleo\",\"description\":\"\",\"publisher\":{\"@id\":\"https:\/\/empresas.infoempleo.com\/hrtrends\/#organization\"},\"potentialAction\":{\"@type\":\"SearchAction\",\"target\":\"https:\/\/empresas.infoempleo.com\/hrtrends\/?s={search_term_string}\",\"query-input\":\"required name=search_term_string\"},\"inLanguage\":\"es\"},{\"@type\":\"Organization\",\"@id\":\"https:\/\/empresas.infoempleo.com\/hrtrends\/#organization\",\"name\":\"Infoempleo\",\"url\":\"https:\/\/www.infoempleo.com\/\",\"logo\":{\"@type\":\"ImageObject\",\"@id\":\"https:\/\/empresas.infoempleo.com\/hrtrends\/#logo\",\"inLanguage\":\"es\",\"url\":\"https:\/\/cdnazure.infoempleo.com\/infoempleo\/assets\/style\/gfx\/logo.svg\",\"contentUrl\":\"https:\/\/cdnazure.infoempleo.com\/infoempleo\/assets\/style\/gfx\/logo.svg\",\"width\":150,\"height\":40,\"caption\":\"Infoempleo\"},\"image\":{\"@id\":\"https:\/\/empresas.infoempleo.com\/hrtrends\/#logo\"},\"sameAs\":[\"https:\/\/www.facebook.com\/Infoempleo\",\"https:\/\/x.com\/infoempleo\",\"http:\/\/instagram.com\/infoempleo\/\",\"http:\/\/www.linkedin.com\/groups\/Empleo-Espa\u00f1a-Infoempleocom-111276\",\"http:\/\/pinterest.com\/infoempleo\/\"],\"address\":{\"@type\":\"PostalAddress\",\"addressLocality\":\"Madrid\",\"postalCode\":\"28050\",\"streetAddress\":\"Avenida de Burgos 114\"},\"brand\":[\"Infoempleo\"]},{\"@type\":\"Person\",\"@id\":\"https:\/\/empresas.infoempleo.com\/hrtrends\/#\/schema\/person\/fb2f949a1461ff0e9e15996d82d3a787\",\"name\":\"Raquel Hern\u00e1ndez\",\"image\":{\"@type\":\"ImageObject\",\"inLanguage\":\"es\",\"@id\":\"https:\/\/empresas.infoempleo.com\/hrtrends\/#\/schema\/person\/image\/\",\"url\":\"https:\/\/secure.gravatar.com\/avatar\/4ccd374b24ab5eefd1b7681d8be968df221a577fa3ffa9dc4bb4b537645dc6a2?s=96&d=mm&r=g\",\"contentUrl\":\"https:\/\/secure.gravatar.com\/avatar\/4ccd374b24ab5eefd1b7681d8be968df221a577fa3ffa9dc4bb4b537645dc6a2?s=96&d=mm&r=g\",\"caption\":\"Raquel Hern\u00e1ndez\"},\"description\":\"M\u00e1ster en Filosof\u00eda Contempor\u00e1nea y Diploma Experto en Salud y G\u00e9nero. Extensa experiencia profesional como directora y productora de eventos culturales, especializada en el sector editorial. Lectora profesional y redactora de contenidos relacionados con el empleo, la innovaci\u00f3n y la educaci\u00f3n.\",\"url\":\"https:\/\/empresas.infoempleo.com\/hrtrends\/author\/raquel-hernandez\/\"}]}<\/script>\n<!-- \/ Yoast SEO plugin. -->","yoast_head_json":{"title":"Todo lo que debes saber sobre el contrato eventual por circunstancias de la producci\u00f3n tras la Reforma Laboral | HRTRENDS","robots":{"index":"index","follow":"follow","max-snippet":"max-snippet:-1","max-image-preview":"max-image-preview:large","max-video-preview":"max-video-preview:-1"},"canonical":"https:\/\/empresas.infoempleo.com\/hrtrends\/todo-lo-que-debes-saber-sobre-el-contrato-eventual-por-circunstancias-de-la-produccion-tras-la-reforma-laboral\/","og_locale":"es_ES","og_type":"article","og_title":"Todo lo que debes saber sobre el contrato eventual por circunstancias de la producci\u00f3n tras la Reforma Laboral | HRTRENDS","og_description":"El contrato eventual por circunstancias de la producci\u00f3n es una modalidad de contrataci\u00f3n que se introdujo con la Leer m\u00e1s","og_url":"https:\/\/empresas.infoempleo.com\/hrtrends\/todo-lo-que-debes-saber-sobre-el-contrato-eventual-por-circunstancias-de-la-produccion-tras-la-reforma-laboral\/","og_site_name":"HRTRENDS","article_publisher":"https:\/\/www.facebook.com\/Infoempleo","article_published_time":"2023-07-09T23:00:00+00:00","article_modified_time":"2024-07-03T12:10:17+00:00","author":"Raquel Hern\u00e1ndez","twitter_card":"summary_large_image","twitter_creator":"@infoempleo","twitter_site":"@infoempleo","twitter_misc":{"Escrito por":"Raquel Hern\u00e1ndez","Tiempo de lectura":"3 minutos"},"schema":{"@context":"https:\/\/schema.org","@graph":[{"@type":"NewsArticle","@id":"https:\/\/empresas.infoempleo.com\/hrtrends\/todo-lo-que-debes-saber-sobre-el-contrato-eventual-por-circunstancias-de-la-produccion-tras-la-reforma-laboral\/#article","isPartOf":{"@id":"https:\/\/empresas.infoempleo.com\/hrtrends\/todo-lo-que-debes-saber-sobre-el-contrato-eventual-por-circunstancias-de-la-produccion-tras-la-reforma-laboral\/"},"author":{"name":"Raquel Hern\u00e1ndez","@id":"https:\/\/empresas.infoempleo.com\/hrtrends\/#\/schema\/person\/fb2f949a1461ff0e9e15996d82d3a787"},"headline":"Todo lo que debes saber sobre el contrato eventual por circunstancias de la producci\u00f3n tras la Reforma Laboral","datePublished":"2023-07-09T23:00:00+00:00","dateModified":"2024-07-03T12:10:17+00:00","mainEntityOfPage":{"@id":"https:\/\/empresas.infoempleo.com\/hrtrends\/todo-lo-que-debes-saber-sobre-el-contrato-eventual-por-circunstancias-de-la-produccion-tras-la-reforma-laboral\/"},"wordCount":622,"publisher":{"@id":"https:\/\/empresas.infoempleo.com\/hrtrends\/#organization"},"image":{"@id":"https:\/\/empresas.infoempleo.com\/hrtrends\/todo-lo-que-debes-saber-sobre-el-contrato-eventual-por-circunstancias-de-la-produccion-tras-la-reforma-laboral\/#primaryimage"},"thumbnailUrl":"https:\/\/empresas.infoempleo.com\/hrtrends\/media\/2017\/05\/pexels-photo-205508.jpg","articleSection":["Actualidad"],"inLanguage":"es","copyrightYear":"2023","copyrightHolder":{"@id":"https:\/\/empresas.infoempleo.com\/hrtrends\/#organization"}},{"@type":"WebPage","@id":"https:\/\/empresas.infoempleo.com\/hrtrends\/todo-lo-que-debes-saber-sobre-el-contrato-eventual-por-circunstancias-de-la-produccion-tras-la-reforma-laboral\/","url":"https:\/\/empresas.infoempleo.com\/hrtrends\/todo-lo-que-debes-saber-sobre-el-contrato-eventual-por-circunstancias-de-la-produccion-tras-la-reforma-laboral\/","name":"Todo lo que debes saber sobre el contrato eventual por circunstancias de la producci\u00f3n tras la Reforma Laboral | HRTRENDS","isPartOf":{"@id":"https:\/\/empresas.infoempleo.com\/hrtrends\/#website"},"primaryImageOfPage":{"@id":"https:\/\/empresas.infoempleo.com\/hrtrends\/todo-lo-que-debes-saber-sobre-el-contrato-eventual-por-circunstancias-de-la-produccion-tras-la-reforma-laboral\/#primaryimage"},"image":{"@id":"https:\/\/empresas.infoempleo.com\/hrtrends\/todo-lo-que-debes-saber-sobre-el-contrato-eventual-por-circunstancias-de-la-produccion-tras-la-reforma-laboral\/#primaryimage"},"thumbnailUrl":"https:\/\/empresas.infoempleo.com\/hrtrends\/media\/2017\/05\/pexels-photo-205508.jpg","datePublished":"2023-07-09T23:00:00+00:00","dateModified":"2024-07-03T12:10:17+00:00","breadcrumb":{"@id":"https:\/\/empresas.infoempleo.com\/hrtrends\/todo-lo-que-debes-saber-sobre-el-contrato-eventual-por-circunstancias-de-la-produccion-tras-la-reforma-laboral\/#breadcrumb"},"inLanguage":"es","potentialAction":[{"@type":"ReadAction","target":["https:\/\/empresas.infoempleo.com\/hrtrends\/todo-lo-que-debes-saber-sobre-el-contrato-eventual-por-circunstancias-de-la-produccion-tras-la-reforma-laboral\/"]}]},{"@type":"ImageObject","inLanguage":"es","@id":"https:\/\/empresas.infoempleo.com\/hrtrends\/todo-lo-que-debes-saber-sobre-el-contrato-eventual-por-circunstancias-de-la-produccion-tras-la-reforma-laboral\/#primaryimage","url":"https:\/\/empresas.infoempleo.com\/hrtrends\/media\/2017\/05\/pexels-photo-205508-150x150.jpg","contentUrl":"https:\/\/empresas.infoempleo.com\/hrtrends\/media\/2017\/05\/pexels-photo-205508-150x150.jpg","width":150,"height":150},{"@type":"BreadcrumbList","@id":"https:\/\/empresas.infoempleo.com\/hrtrends\/todo-lo-que-debes-saber-sobre-el-contrato-eventual-por-circunstancias-de-la-produccion-tras-la-reforma-laboral\/#breadcrumb","itemListElement":[{"@type":"ListItem","position":1,"name":"Portada","item":"https:\/\/empresas.infoempleo.com\/hrtrends\/"},{"@type":"ListItem","position":2,"name":"Todo lo que debes saber sobre el contrato eventual por circunstancias de la producci\u00f3n tras la Reforma Laboral"}]},{"@type":"WebSite","@id":"https:\/\/empresas.infoempleo.com\/hrtrends\/#website","url":"https:\/\/empresas.infoempleo.com\/hrtrends","name":"HRTrends by Infoempleo","description":"","publisher":{"@id":"https:\/\/empresas.infoempleo.com\/hrtrends\/#organization"},"potentialAction":{"@type":"SearchAction","target":"https:\/\/empresas.infoempleo.com\/hrtrends\/?s={search_term_string}","query-input":"required name=search_term_string"},"inLanguage":"es"},{"@type":"Organization","@id":"https:\/\/empresas.infoempleo.com\/hrtrends\/#organization","name":"Infoempleo","url":"https:\/\/www.infoempleo.com\/","logo":{"@type":"ImageObject","@id":"https:\/\/empresas.infoempleo.com\/hrtrends\/#logo","inLanguage":"es","url":"https:\/\/cdnazure.infoempleo.com\/infoempleo\/assets\/style\/gfx\/logo.svg","contentUrl":"https:\/\/cdnazure.infoempleo.com\/infoempleo\/assets\/style\/gfx\/logo.svg","width":150,"height":40,"caption":"Infoempleo"},"image":{"@id":"https:\/\/empresas.infoempleo.com\/hrtrends\/#logo"},"sameAs":["https:\/\/www.facebook.com\/Infoempleo","https:\/\/x.com\/infoempleo","http:\/\/instagram.com\/infoempleo\/","http:\/\/www.linkedin.com\/groups\/Empleo-Espa\u00f1a-Infoempleocom-111276","http:\/\/pinterest.com\/infoempleo\/"],"address":{"@type":"PostalAddress","addressLocality":"Madrid","postalCode":"28050","streetAddress":"Avenida de Burgos 114"},"brand":["Infoempleo"]},{"@type":"Person","@id":"https:\/\/empresas.infoempleo.com\/hrtrends\/#\/schema\/person\/fb2f949a1461ff0e9e15996d82d3a787","name":"Raquel Hern\u00e1ndez","image":{"@type":"ImageObject","inLanguage":"es","@id":"https:\/\/empresas.infoempleo.com\/hrtrends\/#\/schema\/person\/image\/","url":"https:\/\/secure.gravatar.com\/avatar\/4ccd374b24ab5eefd1b7681d8be968df221a577fa3ffa9dc4bb4b537645dc6a2?s=96&d=mm&r=g","contentUrl":"https:\/\/secure.gravatar.com\/avatar\/4ccd374b24ab5eefd1b7681d8be968df221a577fa3ffa9dc4bb4b537645dc6a2?s=96&d=mm&r=g","caption":"Raquel Hern\u00e1ndez"},"description":"M\u00e1ster en Filosof\u00eda Contempor\u00e1nea y Diploma Experto en Salud y G\u00e9nero. Extensa experiencia profesional como directora y productora de eventos culturales, especializada en el sector editorial. Lectora profesional y redactora de contenidos relacionados con el empleo, la innovaci\u00f3n y la educaci\u00f3n.","url":"https:\/\/empresas.infoempleo.com\/hrtrends\/author\/raquel-hernandez\/"}]}},"amp_enabled":true,"_links":{"self":[{"href":"https:\/\/empresas.infoempleo.com\/hrtrends\/wp-json\/wp\/v2\/posts\/43658","targetHints":{"allow":["GET"]}}],"collection":[{"href":"https:\/\/empresas.infoempleo.com\/hrtrends\/wp-json\/wp\/v2\/posts"}],"about":[{"href":"https:\/\/empresas.infoempleo.com\/hrtrends\/wp-json\/wp\/v2\/types\/post"}],"author":[{"embeddable":true,"href":"https:\/\/empresas.infoempleo.com\/hrtrends\/wp-json\/wp\/v2\/users\/136"}],"replies":[{"embeddable":true,"href":"https:\/\/empresas.infoempleo.com\/hrtrends\/wp-json\/wp\/v2\/comments?post=43658"}],"version-history":[{"count":2,"href":"https:\/\/empresas.infoempleo.com\/hrtrends\/wp-json\/wp\/v2\/posts\/43658\/revisions"}],"predecessor-version":[{"id":44196,"href":"https:\/\/empresas.infoempleo.com\/hrtrends\/wp-json\/wp\/v2\/posts\/43658\/revisions\/44196"}],"wp:featuredmedia":[{"embeddable":true,"href":"https:\/\/empresas.infoempleo.com\/hrtrends\/wp-json\/wp\/v2\/media\/29665"}],"wp:attachment":[{"href":"https:\/\/empresas.infoempleo.com\/hrtrends\/wp-json\/wp\/v2\/media?parent=43658"}],"wp:term":[{"taxonomy":"category","embeddable":true,"href":"https:\/\/empresas.infoempleo.com\/hrtrends\/wp-json\/wp\/v2\/categories?post=43658"},{"taxonomy":"post_tag","embeddable":true,"href":"https:\/\/empresas.infoempleo.com\/hrtrends\/wp-json\/wp\/v2\/tags?post=43658"}],"curies":[{"name":"wp","href":"https:\/\/api.w.org\/{rel}","templated":true}]}}