{"id":43654,"date":"2023-05-09T00:00:00","date_gmt":"2023-05-08T23:00:00","guid":{"rendered":"https:\/\/empresas.infoempleo.com\/hrtrends\/?p=43654"},"modified":"2024-07-03T16:49:35","modified_gmt":"2024-07-03T14:49:35","slug":"perfeccionismo-y-micromanagement-como-afectan-negativamente-a-tu-empresa","status":"publish","type":"post","link":"https:\/\/empresas.infoempleo.com\/hrtrends\/perfeccionismo-y-micromanagement-como-afectan-negativamente-a-tu-empresa\/","title":{"rendered":"Perfeccionismo y micromanagement: c\u00f3mo afectan negativamente a tu empresa"},"content":{"rendered":"<p>Mostrar <strong>atenci\u00f3n a los detalles<\/strong> o manejar ciertos niveles de <strong>autoexigencia en el trabajo<\/strong> no tiene por qu\u00e9 ser ni mucho menos negativo. El problema surge<strong> cuando <\/strong>se unen <strong>perfeccionismo y micromanagement<\/strong>, un <strong>estilo de liderazgo basado en el control <\/strong>exhaustivo y asfixiante de todas las tareas que realizan los empleados. En este art\u00edculo te contamos <strong>en qu\u00e9 consiste<\/strong> esta pr\u00e1ctica de liderazgo tan t\u00f3xica y qu\u00e9 consecuencias tiene a corto y medio plazo.<\/p>\n<h2>Perfeccionismo y micromanagement: una relaci\u00f3n perversa<\/h2>\n<p>Un <strong>l\u00edder perfeccionista <\/strong>puede llevar a sus equipos y a la empresa a importantes cotas de <strong>\u00e9xito.<\/strong> Apoy\u00e1ndose siempre en el <strong>esfuerzo<\/strong>, el <strong>inconformismo<\/strong> y en la <strong>mejora continua<\/strong>, los profesionales a su cargo pueden llegar a aportar lo mejor de s\u00ed mismos y eso redundar\u00e1 en el <strong>crecimiento de la empresa<\/strong>.<\/p>\n<p>Sin embargo, para alcanzar este nivel de compromiso y mantener esta exigencia, el l\u00edder tambi\u00e9n debe<strong> confiar<\/strong> en sus equipos. Debe <strong>darles herramientas<\/strong> con los que conseguir los objetivos, as\u00ed como<strong> libertad<\/strong> para tomar decisiones importantes. Debe ser capaz de <strong>motivar<\/strong>, <strong>delegar, cuidar y confiar<\/strong> en su equipo.<\/p>\n<p>Lamentablemente, el modelo de gesti\u00f3n que conocemos como <strong>micromanagement es todo lo contrario<\/strong>. En este estilo de direcci\u00f3n no tenemos solo un l\u00edder exigente, sino tambi\u00e9n <strong>un l\u00edder controlador, desconfiado y vigilante<\/strong>. La microgesti\u00f3n es un <strong>modelo peligroso<\/strong>, que puede llevar a situaciones de enorme <strong>ansiedad <\/strong>y generar un <strong><a href=\"https:\/\/empresas.infoempleo.com\/hrtrends\/encuestas-de-cultura-laboral-que-son-y-como-pueden-ayudar-al-equipo\/\" target=\"_blank\" rel=\"noopener\">clima organizacional<\/a> <\/strong>enfermizo e <strong>insoportable.<\/strong><\/p>\n<p>El micromanagement denota, sobre todo, las <strong><a href=\"https:\/\/empresas.infoempleo.com\/hrtrends\/por-que-algunos-estilos-de-liderazgo-pueden-convertirse-en-un-riesgo-para-las-empresas\/\" target=\"_blank\" rel=\"noopener\">carencias del propio l\u00edder<\/a>,<\/strong> principalmente en la gesti\u00f3n de personas. En algunas ocasiones, diferentes <strong>sesiones de coaching pueden ayudar<\/strong> al l\u00edder a transitar hacia otros modelos m\u00e1s democr\u00e1ticos y saludables. Sin embargo, en la mayor\u00eda de las ocasiones las carencias suelen estar muy marcadas y los h\u00e1bitos son dif\u00edcilmente modificables.<\/p>\n<p>&nbsp;<\/p>\n<h2>Efectos que provoca este tipo de liderazgo<\/h2>\n<p>Algunos de los <strong>perniciosos efectos<\/strong> que provoca un liderazgo perfeccionista que adem\u00e1s ejerce un control excesivo son los siguientes:<\/p>\n<ul>\n<li><strong>Disminuci\u00f3n de la motivaci\u00f3n de los empleados<\/strong>: dicho control desmedido puede llegar a provocar que el empleado se desconecte de su trabajo y se convierta en un aut\u00f3mata sin capacidad para tomar ninguna decisi\u00f3n. Esto, a la larga, genera desmotivaci\u00f3n y suele terminar en fugas de talento. Tambi\u00e9n puede aumentar el porcentaje de rotaci\u00f3n y absentismo.<\/li>\n<li><strong>Estr\u00e9s, ansiedad y otros problemas de salud<\/strong>: cuando una persona est\u00e1 sometida a un control tan f\u00e9rreo y continuado en el tiempo, el estr\u00e9s o la ansiedad se pueden disparar y provocar enormes problemas de salud.<\/li>\n<li><strong>P\u00e9rdida de tiempo efectivo de trabajo<\/strong>: ser perfeccionista y controlador provoca, en la mayor\u00eda de las ocasiones, enormes p\u00e9rdidas de tiempo en la supervisi\u00f3n del trabajo realizado.<\/li>\n<li><strong>Reducci\u00f3n de los niveles de rentabilidad y crecimiento econ\u00f3mico<\/strong>: esta forma de trabajar y el clima que genera, termina provocando una ca\u00edda del nivel de rendimiento de la plantilla y, por lo tanto, del crecimiento de la empresa.<\/li>\n<li><strong>Da\u00f1os en la imagen de la compa\u00f1\u00eda<\/strong>: el ambiente de trabajo, la p\u00e9rdida de competitividad, los liderazgos desquiciados\u2026todo influye para que la imagen de la empresa se vea seriamente da\u00f1ada.<\/li>\n<\/ul>\n<p>No obstante, existen ciertas <strong>excepciones.<\/strong> En ocasiones muy concretas, el micromanagement puede llegar a ser positivo. Por ejemplo, en <strong>contextos de equipos inexpertos<\/strong> o de <strong>nuevas incorporaciones<\/strong>. En esos casos, este tipo de supervisi\u00f3n tan f\u00e9rrea puede <strong>favorecer el aprendizaje<\/strong>, aunque depender\u00e1 tambi\u00e9n del perfil de la persona supervisada.<\/p>\n","protected":false},"excerpt":{"rendered":"<p>Mostrar atenci\u00f3n a los detalles o manejar ciertos niveles de autoexigencia en el trabajo no tiene por qu\u00e9<a class=\"moretag\" href=\"https:\/\/empresas.infoempleo.com\/hrtrends\/perfeccionismo-y-micromanagement-como-afectan-negativamente-a-tu-empresa\/\"> Leer m\u00e1s<\/a><\/p>\n","protected":false},"author":142,"featured_media":29665,"comment_status":"closed","ping_status":"closed","sticky":false,"template":"","format":"standard","meta":{"footnotes":""},"categories":[3035],"tags":[],"class_list":["post-43654","post","type-post","status-publish","format-standard","has-post-thumbnail","hentry","category-consejos"],"yoast_head":"<!-- This site is optimized with the Yoast SEO plugin v26.1.1 - https:\/\/yoast.com\/wordpress\/plugins\/seo\/ -->\n<title>Perfeccionismo y micromanagement: c\u00f3mo afectan negativamente a tu empresa | HRTRENDS<\/title>\n<meta name=\"robots\" content=\"index, follow, max-snippet:-1, max-image-preview:large, max-video-preview:-1\" \/>\n<link rel=\"canonical\" href=\"https:\/\/empresas.infoempleo.com\/hrtrends\/perfeccionismo-y-micromanagement-como-afectan-negativamente-a-tu-empresa\/\" \/>\n<meta property=\"og:locale\" content=\"es_ES\" \/>\n<meta property=\"og:type\" content=\"article\" \/>\n<meta property=\"og:title\" content=\"Perfeccionismo y micromanagement: c\u00f3mo afectan negativamente a tu empresa | HRTRENDS\" \/>\n<meta property=\"og:description\" content=\"Mostrar atenci\u00f3n a los detalles o manejar ciertos niveles de autoexigencia en el trabajo no tiene por qu\u00e9 Leer m\u00e1s\" \/>\n<meta property=\"og:url\" content=\"https:\/\/empresas.infoempleo.com\/hrtrends\/perfeccionismo-y-micromanagement-como-afectan-negativamente-a-tu-empresa\/\" \/>\n<meta property=\"og:site_name\" content=\"HRTRENDS\" \/>\n<meta property=\"article:publisher\" content=\"https:\/\/www.facebook.com\/Infoempleo\" \/>\n<meta property=\"article:published_time\" content=\"2023-05-08T23:00:00+00:00\" \/>\n<meta property=\"article:modified_time\" content=\"2024-07-03T14:49:35+00:00\" \/>\n<meta name=\"author\" content=\"Javier F. Parra\" \/>\n<meta name=\"twitter:card\" content=\"summary_large_image\" \/>\n<meta name=\"twitter:creator\" content=\"@infoempleo\" \/>\n<meta name=\"twitter:site\" content=\"@infoempleo\" \/>\n<meta name=\"twitter:label1\" content=\"Escrito por\" \/>\n\t<meta name=\"twitter:data1\" content=\"Javier F. Parra\" \/>\n\t<meta name=\"twitter:label2\" content=\"Tiempo de lectura\" \/>\n\t<meta name=\"twitter:data2\" content=\"3 minutos\" \/>\n<script type=\"application\/ld+json\" class=\"yoast-schema-graph\">{\"@context\":\"https:\/\/schema.org\",\"@graph\":[{\"@type\":\"NewsArticle\",\"@id\":\"https:\/\/empresas.infoempleo.com\/hrtrends\/perfeccionismo-y-micromanagement-como-afectan-negativamente-a-tu-empresa\/#article\",\"isPartOf\":{\"@id\":\"https:\/\/empresas.infoempleo.com\/hrtrends\/perfeccionismo-y-micromanagement-como-afectan-negativamente-a-tu-empresa\/\"},\"author\":{\"name\":\"Javier F. Parra\",\"@id\":\"https:\/\/empresas.infoempleo.com\/hrtrends\/#\/schema\/person\/bfe2fef977b750c22ac6f7d254c75afe\"},\"headline\":\"Perfeccionismo y micromanagement: c\u00f3mo afectan negativamente a tu empresa\",\"datePublished\":\"2023-05-08T23:00:00+00:00\",\"dateModified\":\"2024-07-03T14:49:35+00:00\",\"mainEntityOfPage\":{\"@id\":\"https:\/\/empresas.infoempleo.com\/hrtrends\/perfeccionismo-y-micromanagement-como-afectan-negativamente-a-tu-empresa\/\"},\"wordCount\":612,\"publisher\":{\"@id\":\"https:\/\/empresas.infoempleo.com\/hrtrends\/#organization\"},\"image\":{\"@id\":\"https:\/\/empresas.infoempleo.com\/hrtrends\/perfeccionismo-y-micromanagement-como-afectan-negativamente-a-tu-empresa\/#primaryimage\"},\"thumbnailUrl\":\"https:\/\/empresas.infoempleo.com\/hrtrends\/media\/2017\/05\/pexels-photo-205508.jpg\",\"articleSection\":[\"Consejos\"],\"inLanguage\":\"es\",\"copyrightYear\":\"2023\",\"copyrightHolder\":{\"@id\":\"https:\/\/empresas.infoempleo.com\/hrtrends\/#organization\"}},{\"@type\":\"WebPage\",\"@id\":\"https:\/\/empresas.infoempleo.com\/hrtrends\/perfeccionismo-y-micromanagement-como-afectan-negativamente-a-tu-empresa\/\",\"url\":\"https:\/\/empresas.infoempleo.com\/hrtrends\/perfeccionismo-y-micromanagement-como-afectan-negativamente-a-tu-empresa\/\",\"name\":\"Perfeccionismo y micromanagement: c\u00f3mo afectan negativamente a tu empresa | HRTRENDS\",\"isPartOf\":{\"@id\":\"https:\/\/empresas.infoempleo.com\/hrtrends\/#website\"},\"primaryImageOfPage\":{\"@id\":\"https:\/\/empresas.infoempleo.com\/hrtrends\/perfeccionismo-y-micromanagement-como-afectan-negativamente-a-tu-empresa\/#primaryimage\"},\"image\":{\"@id\":\"https:\/\/empresas.infoempleo.com\/hrtrends\/perfeccionismo-y-micromanagement-como-afectan-negativamente-a-tu-empresa\/#primaryimage\"},\"thumbnailUrl\":\"https:\/\/empresas.infoempleo.com\/hrtrends\/media\/2017\/05\/pexels-photo-205508.jpg\",\"datePublished\":\"2023-05-08T23:00:00+00:00\",\"dateModified\":\"2024-07-03T14:49:35+00:00\",\"breadcrumb\":{\"@id\":\"https:\/\/empresas.infoempleo.com\/hrtrends\/perfeccionismo-y-micromanagement-como-afectan-negativamente-a-tu-empresa\/#breadcrumb\"},\"inLanguage\":\"es\",\"potentialAction\":[{\"@type\":\"ReadAction\",\"target\":[\"https:\/\/empresas.infoempleo.com\/hrtrends\/perfeccionismo-y-micromanagement-como-afectan-negativamente-a-tu-empresa\/\"]}]},{\"@type\":\"ImageObject\",\"inLanguage\":\"es\",\"@id\":\"https:\/\/empresas.infoempleo.com\/hrtrends\/perfeccionismo-y-micromanagement-como-afectan-negativamente-a-tu-empresa\/#primaryimage\",\"url\":\"https:\/\/empresas.infoempleo.com\/hrtrends\/media\/2017\/05\/pexels-photo-205508-150x150.jpg\",\"contentUrl\":\"https:\/\/empresas.infoempleo.com\/hrtrends\/media\/2017\/05\/pexels-photo-205508-150x150.jpg\",\"width\":150,\"height\":150},{\"@type\":\"BreadcrumbList\",\"@id\":\"https:\/\/empresas.infoempleo.com\/hrtrends\/perfeccionismo-y-micromanagement-como-afectan-negativamente-a-tu-empresa\/#breadcrumb\",\"itemListElement\":[{\"@type\":\"ListItem\",\"position\":1,\"name\":\"Portada\",\"item\":\"https:\/\/empresas.infoempleo.com\/hrtrends\/\"},{\"@type\":\"ListItem\",\"position\":2,\"name\":\"Perfeccionismo y micromanagement: c\u00f3mo afectan negativamente a tu empresa\"}]},{\"@type\":\"WebSite\",\"@id\":\"https:\/\/empresas.infoempleo.com\/hrtrends\/#website\",\"url\":\"https:\/\/empresas.infoempleo.com\/hrtrends\",\"name\":\"HRTrends by Infoempleo\",\"description\":\"\",\"publisher\":{\"@id\":\"https:\/\/empresas.infoempleo.com\/hrtrends\/#organization\"},\"potentialAction\":{\"@type\":\"SearchAction\",\"target\":\"https:\/\/empresas.infoempleo.com\/hrtrends\/?s={search_term_string}\",\"query-input\":\"required name=search_term_string\"},\"inLanguage\":\"es\"},{\"@type\":\"Organization\",\"@id\":\"https:\/\/empresas.infoempleo.com\/hrtrends\/#organization\",\"name\":\"Infoempleo\",\"url\":\"https:\/\/www.infoempleo.com\/\",\"logo\":{\"@type\":\"ImageObject\",\"@id\":\"https:\/\/empresas.infoempleo.com\/hrtrends\/#logo\",\"inLanguage\":\"es\",\"url\":\"https:\/\/cdnazure.infoempleo.com\/infoempleo\/assets\/style\/gfx\/logo.svg\",\"contentUrl\":\"https:\/\/cdnazure.infoempleo.com\/infoempleo\/assets\/style\/gfx\/logo.svg\",\"width\":150,\"height\":40,\"caption\":\"Infoempleo\"},\"image\":{\"@id\":\"https:\/\/empresas.infoempleo.com\/hrtrends\/#logo\"},\"sameAs\":[\"https:\/\/www.facebook.com\/Infoempleo\",\"https:\/\/x.com\/infoempleo\",\"http:\/\/instagram.com\/infoempleo\/\",\"http:\/\/www.linkedin.com\/groups\/Empleo-Espa\u00f1a-Infoempleocom-111276\",\"http:\/\/pinterest.com\/infoempleo\/\"],\"address\":{\"@type\":\"PostalAddress\",\"addressLocality\":\"Madrid\",\"postalCode\":\"28050\",\"streetAddress\":\"Avenida de Burgos 114\"},\"brand\":[\"Infoempleo\"]},{\"@type\":\"Person\",\"@id\":\"https:\/\/empresas.infoempleo.com\/hrtrends\/#\/schema\/person\/bfe2fef977b750c22ac6f7d254c75afe\",\"name\":\"Javier F. Parra\",\"image\":{\"@type\":\"ImageObject\",\"inLanguage\":\"es\",\"@id\":\"https:\/\/empresas.infoempleo.com\/hrtrends\/#\/schema\/person\/image\/\",\"url\":\"https:\/\/secure.gravatar.com\/avatar\/cc7a816c43a98631bfc25486db802fb539f4c937146762f45a94d9b4d1ea0721?s=96&d=mm&r=g\",\"contentUrl\":\"https:\/\/secure.gravatar.com\/avatar\/cc7a816c43a98631bfc25486db802fb539f4c937146762f45a94d9b4d1ea0721?s=96&d=mm&r=g\",\"caption\":\"Javier F. Parra\"},\"description\":\"Licenciado en Pedagog\u00eda Sociolaboral. M\u00e1ster en Direcci\u00f3n y Gesti\u00f3n de Recursos Humanos y Postgrado en Prevenci\u00f3n de Riesgos Laborales. Desde hace m\u00e1s de 15 a\u00f1os me dedico a la formaci\u00f3n, la asesor\u00eda de empresas y al apoyo directo a personas que quieren emprender un negocio. Me interesan la pol\u00edtica, la literatura, la Historia y las personas, aunque no necesariamente en ese orden.\",\"url\":\"https:\/\/empresas.infoempleo.com\/hrtrends\/author\/javieryerro80gmail-com\/\"}]}<\/script>\n<!-- \/ Yoast SEO plugin. -->","yoast_head_json":{"title":"Perfeccionismo y micromanagement: c\u00f3mo afectan negativamente a tu empresa | HRTRENDS","robots":{"index":"index","follow":"follow","max-snippet":"max-snippet:-1","max-image-preview":"max-image-preview:large","max-video-preview":"max-video-preview:-1"},"canonical":"https:\/\/empresas.infoempleo.com\/hrtrends\/perfeccionismo-y-micromanagement-como-afectan-negativamente-a-tu-empresa\/","og_locale":"es_ES","og_type":"article","og_title":"Perfeccionismo y micromanagement: c\u00f3mo afectan negativamente a tu empresa | HRTRENDS","og_description":"Mostrar atenci\u00f3n a los detalles o manejar ciertos niveles de autoexigencia en el trabajo no tiene por qu\u00e9 Leer m\u00e1s","og_url":"https:\/\/empresas.infoempleo.com\/hrtrends\/perfeccionismo-y-micromanagement-como-afectan-negativamente-a-tu-empresa\/","og_site_name":"HRTRENDS","article_publisher":"https:\/\/www.facebook.com\/Infoempleo","article_published_time":"2023-05-08T23:00:00+00:00","article_modified_time":"2024-07-03T14:49:35+00:00","author":"Javier F. Parra","twitter_card":"summary_large_image","twitter_creator":"@infoempleo","twitter_site":"@infoempleo","twitter_misc":{"Escrito por":"Javier F. Parra","Tiempo de lectura":"3 minutos"},"schema":{"@context":"https:\/\/schema.org","@graph":[{"@type":"NewsArticle","@id":"https:\/\/empresas.infoempleo.com\/hrtrends\/perfeccionismo-y-micromanagement-como-afectan-negativamente-a-tu-empresa\/#article","isPartOf":{"@id":"https:\/\/empresas.infoempleo.com\/hrtrends\/perfeccionismo-y-micromanagement-como-afectan-negativamente-a-tu-empresa\/"},"author":{"name":"Javier F. Parra","@id":"https:\/\/empresas.infoempleo.com\/hrtrends\/#\/schema\/person\/bfe2fef977b750c22ac6f7d254c75afe"},"headline":"Perfeccionismo y micromanagement: c\u00f3mo afectan negativamente a tu empresa","datePublished":"2023-05-08T23:00:00+00:00","dateModified":"2024-07-03T14:49:35+00:00","mainEntityOfPage":{"@id":"https:\/\/empresas.infoempleo.com\/hrtrends\/perfeccionismo-y-micromanagement-como-afectan-negativamente-a-tu-empresa\/"},"wordCount":612,"publisher":{"@id":"https:\/\/empresas.infoempleo.com\/hrtrends\/#organization"},"image":{"@id":"https:\/\/empresas.infoempleo.com\/hrtrends\/perfeccionismo-y-micromanagement-como-afectan-negativamente-a-tu-empresa\/#primaryimage"},"thumbnailUrl":"https:\/\/empresas.infoempleo.com\/hrtrends\/media\/2017\/05\/pexels-photo-205508.jpg","articleSection":["Consejos"],"inLanguage":"es","copyrightYear":"2023","copyrightHolder":{"@id":"https:\/\/empresas.infoempleo.com\/hrtrends\/#organization"}},{"@type":"WebPage","@id":"https:\/\/empresas.infoempleo.com\/hrtrends\/perfeccionismo-y-micromanagement-como-afectan-negativamente-a-tu-empresa\/","url":"https:\/\/empresas.infoempleo.com\/hrtrends\/perfeccionismo-y-micromanagement-como-afectan-negativamente-a-tu-empresa\/","name":"Perfeccionismo y micromanagement: c\u00f3mo afectan negativamente a tu empresa | HRTRENDS","isPartOf":{"@id":"https:\/\/empresas.infoempleo.com\/hrtrends\/#website"},"primaryImageOfPage":{"@id":"https:\/\/empresas.infoempleo.com\/hrtrends\/perfeccionismo-y-micromanagement-como-afectan-negativamente-a-tu-empresa\/#primaryimage"},"image":{"@id":"https:\/\/empresas.infoempleo.com\/hrtrends\/perfeccionismo-y-micromanagement-como-afectan-negativamente-a-tu-empresa\/#primaryimage"},"thumbnailUrl":"https:\/\/empresas.infoempleo.com\/hrtrends\/media\/2017\/05\/pexels-photo-205508.jpg","datePublished":"2023-05-08T23:00:00+00:00","dateModified":"2024-07-03T14:49:35+00:00","breadcrumb":{"@id":"https:\/\/empresas.infoempleo.com\/hrtrends\/perfeccionismo-y-micromanagement-como-afectan-negativamente-a-tu-empresa\/#breadcrumb"},"inLanguage":"es","potentialAction":[{"@type":"ReadAction","target":["https:\/\/empresas.infoempleo.com\/hrtrends\/perfeccionismo-y-micromanagement-como-afectan-negativamente-a-tu-empresa\/"]}]},{"@type":"ImageObject","inLanguage":"es","@id":"https:\/\/empresas.infoempleo.com\/hrtrends\/perfeccionismo-y-micromanagement-como-afectan-negativamente-a-tu-empresa\/#primaryimage","url":"https:\/\/empresas.infoempleo.com\/hrtrends\/media\/2017\/05\/pexels-photo-205508-150x150.jpg","contentUrl":"https:\/\/empresas.infoempleo.com\/hrtrends\/media\/2017\/05\/pexels-photo-205508-150x150.jpg","width":150,"height":150},{"@type":"BreadcrumbList","@id":"https:\/\/empresas.infoempleo.com\/hrtrends\/perfeccionismo-y-micromanagement-como-afectan-negativamente-a-tu-empresa\/#breadcrumb","itemListElement":[{"@type":"ListItem","position":1,"name":"Portada","item":"https:\/\/empresas.infoempleo.com\/hrtrends\/"},{"@type":"ListItem","position":2,"name":"Perfeccionismo y micromanagement: c\u00f3mo afectan negativamente a tu empresa"}]},{"@type":"WebSite","@id":"https:\/\/empresas.infoempleo.com\/hrtrends\/#website","url":"https:\/\/empresas.infoempleo.com\/hrtrends","name":"HRTrends by Infoempleo","description":"","publisher":{"@id":"https:\/\/empresas.infoempleo.com\/hrtrends\/#organization"},"potentialAction":{"@type":"SearchAction","target":"https:\/\/empresas.infoempleo.com\/hrtrends\/?s={search_term_string}","query-input":"required name=search_term_string"},"inLanguage":"es"},{"@type":"Organization","@id":"https:\/\/empresas.infoempleo.com\/hrtrends\/#organization","name":"Infoempleo","url":"https:\/\/www.infoempleo.com\/","logo":{"@type":"ImageObject","@id":"https:\/\/empresas.infoempleo.com\/hrtrends\/#logo","inLanguage":"es","url":"https:\/\/cdnazure.infoempleo.com\/infoempleo\/assets\/style\/gfx\/logo.svg","contentUrl":"https:\/\/cdnazure.infoempleo.com\/infoempleo\/assets\/style\/gfx\/logo.svg","width":150,"height":40,"caption":"Infoempleo"},"image":{"@id":"https:\/\/empresas.infoempleo.com\/hrtrends\/#logo"},"sameAs":["https:\/\/www.facebook.com\/Infoempleo","https:\/\/x.com\/infoempleo","http:\/\/instagram.com\/infoempleo\/","http:\/\/www.linkedin.com\/groups\/Empleo-Espa\u00f1a-Infoempleocom-111276","http:\/\/pinterest.com\/infoempleo\/"],"address":{"@type":"PostalAddress","addressLocality":"Madrid","postalCode":"28050","streetAddress":"Avenida de Burgos 114"},"brand":["Infoempleo"]},{"@type":"Person","@id":"https:\/\/empresas.infoempleo.com\/hrtrends\/#\/schema\/person\/bfe2fef977b750c22ac6f7d254c75afe","name":"Javier F. Parra","image":{"@type":"ImageObject","inLanguage":"es","@id":"https:\/\/empresas.infoempleo.com\/hrtrends\/#\/schema\/person\/image\/","url":"https:\/\/secure.gravatar.com\/avatar\/cc7a816c43a98631bfc25486db802fb539f4c937146762f45a94d9b4d1ea0721?s=96&d=mm&r=g","contentUrl":"https:\/\/secure.gravatar.com\/avatar\/cc7a816c43a98631bfc25486db802fb539f4c937146762f45a94d9b4d1ea0721?s=96&d=mm&r=g","caption":"Javier F. Parra"},"description":"Licenciado en Pedagog\u00eda Sociolaboral. M\u00e1ster en Direcci\u00f3n y Gesti\u00f3n de Recursos Humanos y Postgrado en Prevenci\u00f3n de Riesgos Laborales. Desde hace m\u00e1s de 15 a\u00f1os me dedico a la formaci\u00f3n, la asesor\u00eda de empresas y al apoyo directo a personas que quieren emprender un negocio. Me interesan la pol\u00edtica, la literatura, la Historia y las personas, aunque no necesariamente en ese orden.","url":"https:\/\/empresas.infoempleo.com\/hrtrends\/author\/javieryerro80gmail-com\/"}]}},"amp_enabled":true,"_links":{"self":[{"href":"https:\/\/empresas.infoempleo.com\/hrtrends\/wp-json\/wp\/v2\/posts\/43654","targetHints":{"allow":["GET"]}}],"collection":[{"href":"https:\/\/empresas.infoempleo.com\/hrtrends\/wp-json\/wp\/v2\/posts"}],"about":[{"href":"https:\/\/empresas.infoempleo.com\/hrtrends\/wp-json\/wp\/v2\/types\/post"}],"author":[{"embeddable":true,"href":"https:\/\/empresas.infoempleo.com\/hrtrends\/wp-json\/wp\/v2\/users\/142"}],"replies":[{"embeddable":true,"href":"https:\/\/empresas.infoempleo.com\/hrtrends\/wp-json\/wp\/v2\/comments?post=43654"}],"version-history":[{"count":2,"href":"https:\/\/empresas.infoempleo.com\/hrtrends\/wp-json\/wp\/v2\/posts\/43654\/revisions"}],"predecessor-version":[{"id":44239,"href":"https:\/\/empresas.infoempleo.com\/hrtrends\/wp-json\/wp\/v2\/posts\/43654\/revisions\/44239"}],"wp:featuredmedia":[{"embeddable":true,"href":"https:\/\/empresas.infoempleo.com\/hrtrends\/wp-json\/wp\/v2\/media\/29665"}],"wp:attachment":[{"href":"https:\/\/empresas.infoempleo.com\/hrtrends\/wp-json\/wp\/v2\/media?parent=43654"}],"wp:term":[{"taxonomy":"category","embeddable":true,"href":"https:\/\/empresas.infoempleo.com\/hrtrends\/wp-json\/wp\/v2\/categories?post=43654"},{"taxonomy":"post_tag","embeddable":true,"href":"https:\/\/empresas.infoempleo.com\/hrtrends\/wp-json\/wp\/v2\/tags?post=43654"}],"curies":[{"name":"wp","href":"https:\/\/api.w.org\/{rel}","templated":true}]}}