{"id":43652,"date":"2024-05-06T07:00:00","date_gmt":"2024-05-06T05:00:00","guid":{"rendered":"https:\/\/empresas.infoempleo.com\/hrtrends\/?p=43652"},"modified":"2024-06-28T13:43:35","modified_gmt":"2024-06-28T11:43:35","slug":"ambiente-de-trabajo-en-tu-empresa-las-9-dimensiones-del-clima-laboral","status":"publish","type":"post","link":"https:\/\/empresas.infoempleo.com\/hrtrends\/ambiente-de-trabajo-en-tu-empresa-las-9-dimensiones-del-clima-laboral\/","title":{"rendered":"\u00bfCu\u00e1l es el ambiente de trabajo en tu empresa? Las 9 dimensiones del clima laboral seg\u00fan Litwin y Stringer"},"content":{"rendered":"<p>Conocer los <strong>factores que inciden directamente en el bienestar laboral de los empleados<\/strong> es una de las prioridades del departamento de Recursos Humanos. Para establecer estrategias que ayuden a generar un ambiente laboral positivo, es conveniente saber distinguir<strong> las 9 dimensiones del clima laboral<\/strong> seg\u00fan Litwin y Stringer. Una visi\u00f3n global de las organizaciones basada en los diferentes <strong>modelos de motivaci\u00f3n laboral<\/strong> estudiados por los autores. Para conocer en qu\u00e9 aspectos se basan estas 9 dimensiones y c\u00f3mo puedes analizarlas, te dejamos con el art\u00edculo de hoy.<\/p>\n<h2>\u00bfQu\u00e9 son las 9 dimensiones del clima laboral?<\/h2>\n<p>Tal y como dicta la <a href=\"https:\/\/www.who.int\/es\" target=\"_blank\" rel=\"noopener\">Organizaci\u00f3n Mundial de la Salud<\/a> (OMS), un <strong>entorno de trabajo saludable<\/strong> es aquel cuyas caracter\u00edsticas garantizan la<strong> protecci\u00f3n del trabajador<\/strong> en todo momento. Sin embargo, un ambiente laboral positivo no solo se fundamenta en el hecho de garantizar la seguridad. Seg\u00fan Litwin y Stringer, la estructura organizacional de la empresa abarca una serie de <b>factores imprescindibles<\/b> que inciden, entre otras cosas, en el rendimiento y la motivaci\u00f3n de los empleados. Actualmente, existen <a href=\"https:\/\/empresas.infoempleo.com\/hrtrends\/las-9-preguntas-imprescindibles-en-una-encuesta-de-clima-laboral\/\" target=\"_blank\" rel=\"noopener\"><b>encuestas de clima laboral<\/b><\/a> que permiten analizar estos aspectos en mayor profundidad. Asimismo, los elementos que se usan para las mediciones pueden ser estudiados de forma individual y conjunta.<\/p>\n<p>Tal y como los autores expresaron, existen <b>diferentes variables<\/b> que influyen en cada una de las organizaciones y que se materializan en las<b> 9 dimensiones estudiadas<\/b>: estructura, responsabilidad, recompensa, desaf\u00edo, relaciones, cooperaci\u00f3n, est\u00e1ndares, conflictos e identidad.<\/p>\n<h3>Estructura<\/h3>\n<p>La primera de las dimensiones hace referencia a la percepci\u00f3n que tiene el trabajador en cuanto a los procedimientos y<b> la jerarqu\u00eda<\/b> <strong>a la que est\u00e1 sometido en su puesto<\/strong>. Es decir, que mide la posible dificultad de los empleados para desempe\u00f1arse al enfrentarse a las reglas o procesos de gesti\u00f3n de la compa\u00f1\u00eda.<\/p>\n<h3>Responsabilidad<\/h3>\n<p>Esta dimensi\u00f3n mide la percepci\u00f3n de la<b> autonom\u00eda que tiene el trabajador<\/b> <strong>sobre s\u00ed mismo<\/strong> y la consecuci\u00f3n de sus tareas. C\u00f3mo le afecta la coordinaci\u00f3n o supervisi\u00f3n de sus superiores, si es capaz de tomar decisiones en su puesto, etc.<\/p>\n<h3>Recompensa<\/h3>\n<p>Esta medici\u00f3n hace referencia a la equidad que los trabajadores observan con respecto a los otros componentes de la empresa en materia de<b> reconocimiento de logros<\/b> <strong>y recompensas por el trabajo<\/strong>.<\/p>\n<h3>Desaf\u00edo<\/h3>\n<p>Para medir esta dimensi\u00f3n, se tiene en cuenta c\u00f3mo se ajustan los objetivos de la empresa a las tareas desprendidas en la consecuci\u00f3n de las mismas. Si es capaz de <b>asignar desaf\u00edos capaces de promover una competitividad<\/b> <strong>sana<\/strong> o si, por el contrario, propone metas imposibles de realizar.<\/p>\n<h3>Relaciones<\/h3>\n<p>Otra de las grandes dimensiones que determinan el clima organizacional hace referencia a las <b>relaciones interpersonales<\/b>. Este aspecto influye directamente en la <strong>capacidad para generar<\/strong> <b>v\u00ednculos sanos<\/b> en el trabajo, ya sea con compa\u00f1eros o superiores.<\/p>\n<h3>Cooperaci\u00f3n<\/h3>\n<p>Esta dimensi\u00f3n puede ser tomada como parte de la anterior de forma err\u00f3nea. Sin embargo, su valor se ajusta al <a href=\"https:\/\/empresas.infoempleo.com\/hrtrends\/5-dinamicas-para-fomentar-el-sentido-de-pertenencia-en-la-empresa\/\" target=\"_blank\" rel=\"noopener\"><b>sentimiento de pertenencia a un equipo<\/b><\/a> y a la forma en que los diferentes agentes colaboran entre s\u00ed para <strong>lograr una<\/strong><b> meta compartida<\/b>.<\/p>\n<h3>Est\u00e1ndares<\/h3>\n<p>En esta dimensi\u00f3n se puede hacer referencia directa a la<b> claridad de normas <\/b>en lo referente al rendimiento de los trabajadores. Si los <b>est\u00e1ndares de desempe\u00f1o<\/b> son flexibles, ajustados seg\u00fan el cargo o justos entre los diferentes puestos.<\/p>\n<h3>Conflictos<\/h3>\n<p>Esta medici\u00f3n del conflicto organizacional se basa, principalmente, en <strong>c\u00f3mo los altos mandos o los responsables directos<\/strong><b> manejan las posibles disputas<\/b> recogidas en la empresa. La visi\u00f3n que los empleados perciban en cuanto al apoyo de la direcci\u00f3n en este valor es una pieza clave con la que medir el tiempo de reacci\u00f3n ante los conflictos o la manera en que se tratan.<\/p>\n<h3>Identidad<\/h3>\n<p>La \u00faltima dimensi\u00f3n se puede medir en base a la <b>adecuaci\u00f3n del trabajador con la cultura organizacional<\/b>. Si ambos se complementan o, por el contrario, difieren en distintos puntos. Esta percepci\u00f3n har\u00e1 que los trabajadores generen una identidad de equipo, y se sientan m\u00e1s o menos orgullosos de pertenecer a la compa\u00f1\u00eda.<\/p>\n","protected":false},"excerpt":{"rendered":"<p>Conocer los factores que inciden directamente en el bienestar laboral de los empleados es una de las prioridades<a class=\"moretag\" href=\"https:\/\/empresas.infoempleo.com\/hrtrends\/ambiente-de-trabajo-en-tu-empresa-las-9-dimensiones-del-clima-laboral\/\"> Leer m\u00e1s<\/a><\/p>\n","protected":false},"author":146,"featured_media":43798,"comment_status":"closed","ping_status":"closed","sticky":false,"template":"","format":"standard","meta":{"footnotes":""},"categories":[3],"tags":[3612,2316,1605],"class_list":["post-43652","post","type-post","status-publish","format-standard","has-post-thumbnail","hentry","category-actualidad","tag-9-dimensiones-del-clima-laboral","tag-ambiente-de-trabajo","tag-clima-laboral"],"yoast_head":"<!-- This site is optimized with the Yoast SEO plugin v26.1.1 - https:\/\/yoast.com\/wordpress\/plugins\/seo\/ -->\n<title>\u00bfCu\u00e1l es el ambiente de trabajo en tu empresa? Las 9 dimensiones del clima laboral<\/title>\n<meta name=\"description\" content=\"Para establecer estrategias que ayuden un ambiente laboral positivo, es conveniente distinguir las 9 dimensiones del clima laboral\" \/>\n<meta name=\"robots\" content=\"index, follow, max-snippet:-1, max-image-preview:large, max-video-preview:-1\" \/>\n<link rel=\"canonical\" href=\"https:\/\/empresas.infoempleo.com\/hrtrends\/ambiente-de-trabajo-en-tu-empresa-las-9-dimensiones-del-clima-laboral\/\" \/>\n<meta property=\"og:locale\" content=\"es_ES\" \/>\n<meta property=\"og:type\" content=\"article\" \/>\n<meta property=\"og:title\" content=\"\u00bfCu\u00e1l es el ambiente de trabajo en tu empresa? Las 9 dimensiones del clima laboral\" \/>\n<meta property=\"og:description\" content=\"Para establecer estrategias que ayuden un ambiente laboral positivo, es conveniente distinguir las 9 dimensiones del clima laboral\" \/>\n<meta property=\"og:url\" content=\"https:\/\/empresas.infoempleo.com\/hrtrends\/ambiente-de-trabajo-en-tu-empresa-las-9-dimensiones-del-clima-laboral\/\" \/>\n<meta property=\"og:site_name\" content=\"HRTRENDS\" \/>\n<meta property=\"article:publisher\" content=\"https:\/\/www.facebook.com\/Infoempleo\" \/>\n<meta property=\"article:published_time\" content=\"2024-05-06T05:00:00+00:00\" \/>\n<meta property=\"article:modified_time\" content=\"2024-06-28T11:43:35+00:00\" \/>\n<meta property=\"og:image\" content=\"https:\/\/empresas.infoempleo.com\/hrtrends\/media\/2024\/05\/Equipo-repasando-las-9-dimensiones-del-clima-laboral.jpg\" \/>\n\t<meta property=\"og:image:width\" content=\"1200\" \/>\n\t<meta property=\"og:image:height\" content=\"800\" \/>\n\t<meta property=\"og:image:type\" content=\"image\/jpeg\" \/>\n<meta name=\"author\" content=\"Sandra R. Martos\" \/>\n<meta name=\"twitter:card\" content=\"summary_large_image\" \/>\n<meta name=\"twitter:creator\" content=\"@infoempleo\" \/>\n<meta name=\"twitter:site\" content=\"@infoempleo\" \/>\n<meta name=\"twitter:label1\" content=\"Escrito por\" \/>\n\t<meta name=\"twitter:data1\" content=\"Sandra R. Martos\" \/>\n\t<meta name=\"twitter:label2\" content=\"Tiempo de lectura\" \/>\n\t<meta name=\"twitter:data2\" content=\"3 minutos\" \/>\n<script type=\"application\/ld+json\" class=\"yoast-schema-graph\">{\"@context\":\"https:\/\/schema.org\",\"@graph\":[{\"@type\":\"NewsArticle\",\"@id\":\"https:\/\/empresas.infoempleo.com\/hrtrends\/ambiente-de-trabajo-en-tu-empresa-las-9-dimensiones-del-clima-laboral\/#article\",\"isPartOf\":{\"@id\":\"https:\/\/empresas.infoempleo.com\/hrtrends\/ambiente-de-trabajo-en-tu-empresa-las-9-dimensiones-del-clima-laboral\/\"},\"author\":{\"name\":\"Sandra R. Martos\",\"@id\":\"https:\/\/empresas.infoempleo.com\/hrtrends\/#\/schema\/person\/d24c95f005bb213d5442bfb9916f0cf1\"},\"headline\":\"\u00bfCu\u00e1l es el ambiente de trabajo en tu empresa? Las 9 dimensiones del clima laboral seg\u00fan Litwin y Stringer\",\"datePublished\":\"2024-05-06T05:00:00+00:00\",\"dateModified\":\"2024-06-28T11:43:35+00:00\",\"mainEntityOfPage\":{\"@id\":\"https:\/\/empresas.infoempleo.com\/hrtrends\/ambiente-de-trabajo-en-tu-empresa-las-9-dimensiones-del-clima-laboral\/\"},\"wordCount\":719,\"publisher\":{\"@id\":\"https:\/\/empresas.infoempleo.com\/hrtrends\/#organization\"},\"image\":{\"@id\":\"https:\/\/empresas.infoempleo.com\/hrtrends\/ambiente-de-trabajo-en-tu-empresa-las-9-dimensiones-del-clima-laboral\/#primaryimage\"},\"thumbnailUrl\":\"https:\/\/empresas.infoempleo.com\/hrtrends\/media\/2024\/05\/Equipo-repasando-las-9-dimensiones-del-clima-laboral.jpg\",\"keywords\":[\"9 dimensiones del clima laboral\",\"ambiente de trabajo\",\"Clima laboral\"],\"articleSection\":[\"Actualidad\"],\"inLanguage\":\"es\",\"copyrightYear\":\"2024\",\"copyrightHolder\":{\"@id\":\"https:\/\/empresas.infoempleo.com\/hrtrends\/#organization\"}},{\"@type\":\"WebPage\",\"@id\":\"https:\/\/empresas.infoempleo.com\/hrtrends\/ambiente-de-trabajo-en-tu-empresa-las-9-dimensiones-del-clima-laboral\/\",\"url\":\"https:\/\/empresas.infoempleo.com\/hrtrends\/ambiente-de-trabajo-en-tu-empresa-las-9-dimensiones-del-clima-laboral\/\",\"name\":\"\u00bfCu\u00e1l es el ambiente de trabajo en tu empresa? Las 9 dimensiones del clima laboral\",\"isPartOf\":{\"@id\":\"https:\/\/empresas.infoempleo.com\/hrtrends\/#website\"},\"primaryImageOfPage\":{\"@id\":\"https:\/\/empresas.infoempleo.com\/hrtrends\/ambiente-de-trabajo-en-tu-empresa-las-9-dimensiones-del-clima-laboral\/#primaryimage\"},\"image\":{\"@id\":\"https:\/\/empresas.infoempleo.com\/hrtrends\/ambiente-de-trabajo-en-tu-empresa-las-9-dimensiones-del-clima-laboral\/#primaryimage\"},\"thumbnailUrl\":\"https:\/\/empresas.infoempleo.com\/hrtrends\/media\/2024\/05\/Equipo-repasando-las-9-dimensiones-del-clima-laboral.jpg\",\"datePublished\":\"2024-05-06T05:00:00+00:00\",\"dateModified\":\"2024-06-28T11:43:35+00:00\",\"description\":\"Para establecer estrategias que ayuden un ambiente laboral positivo, es conveniente distinguir las 9 dimensiones del clima laboral\",\"breadcrumb\":{\"@id\":\"https:\/\/empresas.infoempleo.com\/hrtrends\/ambiente-de-trabajo-en-tu-empresa-las-9-dimensiones-del-clima-laboral\/#breadcrumb\"},\"inLanguage\":\"es\",\"potentialAction\":[{\"@type\":\"ReadAction\",\"target\":[\"https:\/\/empresas.infoempleo.com\/hrtrends\/ambiente-de-trabajo-en-tu-empresa-las-9-dimensiones-del-clima-laboral\/\"]}]},{\"@type\":\"ImageObject\",\"inLanguage\":\"es\",\"@id\":\"https:\/\/empresas.infoempleo.com\/hrtrends\/ambiente-de-trabajo-en-tu-empresa-las-9-dimensiones-del-clima-laboral\/#primaryimage\",\"url\":\"https:\/\/empresas.infoempleo.com\/hrtrends\/media\/2024\/05\/Equipo-repasando-las-9-dimensiones-del-clima-laboral-150x150.jpg\",\"contentUrl\":\"https:\/\/empresas.infoempleo.com\/hrtrends\/media\/2024\/05\/Equipo-repasando-las-9-dimensiones-del-clima-laboral-150x150.jpg\",\"width\":150,\"height\":150,\"caption\":\"Equipo repasando las 9 dimensiones del clima laboral\"},{\"@type\":\"BreadcrumbList\",\"@id\":\"https:\/\/empresas.infoempleo.com\/hrtrends\/ambiente-de-trabajo-en-tu-empresa-las-9-dimensiones-del-clima-laboral\/#breadcrumb\",\"itemListElement\":[{\"@type\":\"ListItem\",\"position\":1,\"name\":\"Portada\",\"item\":\"https:\/\/empresas.infoempleo.com\/hrtrends\/\"},{\"@type\":\"ListItem\",\"position\":2,\"name\":\"\u00bfCu\u00e1l es el ambiente de trabajo en tu empresa? Las 9 dimensiones del clima laboral seg\u00fan Litwin y Stringer\"}]},{\"@type\":\"WebSite\",\"@id\":\"https:\/\/empresas.infoempleo.com\/hrtrends\/#website\",\"url\":\"https:\/\/empresas.infoempleo.com\/hrtrends\",\"name\":\"HRTrends by Infoempleo\",\"description\":\"\",\"publisher\":{\"@id\":\"https:\/\/empresas.infoempleo.com\/hrtrends\/#organization\"},\"potentialAction\":{\"@type\":\"SearchAction\",\"target\":\"https:\/\/empresas.infoempleo.com\/hrtrends\/?s={search_term_string}\",\"query-input\":\"required name=search_term_string\"},\"inLanguage\":\"es\"},{\"@type\":\"Organization\",\"@id\":\"https:\/\/empresas.infoempleo.com\/hrtrends\/#organization\",\"name\":\"Infoempleo\",\"url\":\"https:\/\/www.infoempleo.com\/\",\"logo\":{\"@type\":\"ImageObject\",\"@id\":\"https:\/\/empresas.infoempleo.com\/hrtrends\/#logo\",\"inLanguage\":\"es\",\"url\":\"https:\/\/cdnazure.infoempleo.com\/infoempleo\/assets\/style\/gfx\/logo.svg\",\"contentUrl\":\"https:\/\/cdnazure.infoempleo.com\/infoempleo\/assets\/style\/gfx\/logo.svg\",\"width\":150,\"height\":40,\"caption\":\"Infoempleo\"},\"image\":{\"@id\":\"https:\/\/empresas.infoempleo.com\/hrtrends\/#logo\"},\"sameAs\":[\"https:\/\/www.facebook.com\/Infoempleo\",\"https:\/\/x.com\/infoempleo\",\"http:\/\/instagram.com\/infoempleo\/\",\"http:\/\/www.linkedin.com\/groups\/Empleo-Espa\u00f1a-Infoempleocom-111276\",\"http:\/\/pinterest.com\/infoempleo\/\"],\"address\":{\"@type\":\"PostalAddress\",\"addressLocality\":\"Madrid\",\"postalCode\":\"28050\",\"streetAddress\":\"Avenida de Burgos 114\"},\"brand\":[\"Infoempleo\"]},{\"@type\":\"Person\",\"@id\":\"https:\/\/empresas.infoempleo.com\/hrtrends\/#\/schema\/person\/d24c95f005bb213d5442bfb9916f0cf1\",\"name\":\"Sandra R. Martos\",\"image\":{\"@type\":\"ImageObject\",\"inLanguage\":\"es\",\"@id\":\"https:\/\/empresas.infoempleo.com\/hrtrends\/#\/schema\/person\/image\/\",\"url\":\"https:\/\/secure.gravatar.com\/avatar\/416b738ea045864f60be6f729d868b5b8807d320c6de9f29d2506b477304ed75?s=96&d=mm&r=g\",\"contentUrl\":\"https:\/\/secure.gravatar.com\/avatar\/416b738ea045864f60be6f729d868b5b8807d320c6de9f29d2506b477304ed75?s=96&d=mm&r=g\",\"caption\":\"Sandra R. Martos\"},\"url\":\"https:\/\/empresas.infoempleo.com\/hrtrends\/author\/srmartos\/\"}]}<\/script>\n<!-- \/ Yoast SEO plugin. -->","yoast_head_json":{"title":"\u00bfCu\u00e1l es el ambiente de trabajo en tu empresa? Las 9 dimensiones del clima laboral","description":"Para establecer estrategias que ayuden un ambiente laboral positivo, es conveniente distinguir las 9 dimensiones del clima laboral","robots":{"index":"index","follow":"follow","max-snippet":"max-snippet:-1","max-image-preview":"max-image-preview:large","max-video-preview":"max-video-preview:-1"},"canonical":"https:\/\/empresas.infoempleo.com\/hrtrends\/ambiente-de-trabajo-en-tu-empresa-las-9-dimensiones-del-clima-laboral\/","og_locale":"es_ES","og_type":"article","og_title":"\u00bfCu\u00e1l es el ambiente de trabajo en tu empresa? Las 9 dimensiones del clima laboral","og_description":"Para establecer estrategias que ayuden un ambiente laboral positivo, es conveniente distinguir las 9 dimensiones del clima laboral","og_url":"https:\/\/empresas.infoempleo.com\/hrtrends\/ambiente-de-trabajo-en-tu-empresa-las-9-dimensiones-del-clima-laboral\/","og_site_name":"HRTRENDS","article_publisher":"https:\/\/www.facebook.com\/Infoempleo","article_published_time":"2024-05-06T05:00:00+00:00","article_modified_time":"2024-06-28T11:43:35+00:00","og_image":[{"width":1200,"height":800,"url":"https:\/\/empresas.infoempleo.com\/hrtrends\/media\/2024\/05\/Equipo-repasando-las-9-dimensiones-del-clima-laboral.jpg","type":"image\/jpeg"}],"author":"Sandra R. Martos","twitter_card":"summary_large_image","twitter_creator":"@infoempleo","twitter_site":"@infoempleo","twitter_misc":{"Escrito por":"Sandra R. Martos","Tiempo de lectura":"3 minutos"},"schema":{"@context":"https:\/\/schema.org","@graph":[{"@type":"NewsArticle","@id":"https:\/\/empresas.infoempleo.com\/hrtrends\/ambiente-de-trabajo-en-tu-empresa-las-9-dimensiones-del-clima-laboral\/#article","isPartOf":{"@id":"https:\/\/empresas.infoempleo.com\/hrtrends\/ambiente-de-trabajo-en-tu-empresa-las-9-dimensiones-del-clima-laboral\/"},"author":{"name":"Sandra R. Martos","@id":"https:\/\/empresas.infoempleo.com\/hrtrends\/#\/schema\/person\/d24c95f005bb213d5442bfb9916f0cf1"},"headline":"\u00bfCu\u00e1l es el ambiente de trabajo en tu empresa? Las 9 dimensiones del clima laboral seg\u00fan Litwin y Stringer","datePublished":"2024-05-06T05:00:00+00:00","dateModified":"2024-06-28T11:43:35+00:00","mainEntityOfPage":{"@id":"https:\/\/empresas.infoempleo.com\/hrtrends\/ambiente-de-trabajo-en-tu-empresa-las-9-dimensiones-del-clima-laboral\/"},"wordCount":719,"publisher":{"@id":"https:\/\/empresas.infoempleo.com\/hrtrends\/#organization"},"image":{"@id":"https:\/\/empresas.infoempleo.com\/hrtrends\/ambiente-de-trabajo-en-tu-empresa-las-9-dimensiones-del-clima-laboral\/#primaryimage"},"thumbnailUrl":"https:\/\/empresas.infoempleo.com\/hrtrends\/media\/2024\/05\/Equipo-repasando-las-9-dimensiones-del-clima-laboral.jpg","keywords":["9 dimensiones del clima laboral","ambiente de trabajo","Clima laboral"],"articleSection":["Actualidad"],"inLanguage":"es","copyrightYear":"2024","copyrightHolder":{"@id":"https:\/\/empresas.infoempleo.com\/hrtrends\/#organization"}},{"@type":"WebPage","@id":"https:\/\/empresas.infoempleo.com\/hrtrends\/ambiente-de-trabajo-en-tu-empresa-las-9-dimensiones-del-clima-laboral\/","url":"https:\/\/empresas.infoempleo.com\/hrtrends\/ambiente-de-trabajo-en-tu-empresa-las-9-dimensiones-del-clima-laboral\/","name":"\u00bfCu\u00e1l es el ambiente de trabajo en tu empresa? Las 9 dimensiones del clima laboral","isPartOf":{"@id":"https:\/\/empresas.infoempleo.com\/hrtrends\/#website"},"primaryImageOfPage":{"@id":"https:\/\/empresas.infoempleo.com\/hrtrends\/ambiente-de-trabajo-en-tu-empresa-las-9-dimensiones-del-clima-laboral\/#primaryimage"},"image":{"@id":"https:\/\/empresas.infoempleo.com\/hrtrends\/ambiente-de-trabajo-en-tu-empresa-las-9-dimensiones-del-clima-laboral\/#primaryimage"},"thumbnailUrl":"https:\/\/empresas.infoempleo.com\/hrtrends\/media\/2024\/05\/Equipo-repasando-las-9-dimensiones-del-clima-laboral.jpg","datePublished":"2024-05-06T05:00:00+00:00","dateModified":"2024-06-28T11:43:35+00:00","description":"Para establecer estrategias que ayuden un ambiente laboral positivo, es conveniente distinguir las 9 dimensiones del clima laboral","breadcrumb":{"@id":"https:\/\/empresas.infoempleo.com\/hrtrends\/ambiente-de-trabajo-en-tu-empresa-las-9-dimensiones-del-clima-laboral\/#breadcrumb"},"inLanguage":"es","potentialAction":[{"@type":"ReadAction","target":["https:\/\/empresas.infoempleo.com\/hrtrends\/ambiente-de-trabajo-en-tu-empresa-las-9-dimensiones-del-clima-laboral\/"]}]},{"@type":"ImageObject","inLanguage":"es","@id":"https:\/\/empresas.infoempleo.com\/hrtrends\/ambiente-de-trabajo-en-tu-empresa-las-9-dimensiones-del-clima-laboral\/#primaryimage","url":"https:\/\/empresas.infoempleo.com\/hrtrends\/media\/2024\/05\/Equipo-repasando-las-9-dimensiones-del-clima-laboral-150x150.jpg","contentUrl":"https:\/\/empresas.infoempleo.com\/hrtrends\/media\/2024\/05\/Equipo-repasando-las-9-dimensiones-del-clima-laboral-150x150.jpg","width":150,"height":150,"caption":"Equipo repasando las 9 dimensiones del clima laboral"},{"@type":"BreadcrumbList","@id":"https:\/\/empresas.infoempleo.com\/hrtrends\/ambiente-de-trabajo-en-tu-empresa-las-9-dimensiones-del-clima-laboral\/#breadcrumb","itemListElement":[{"@type":"ListItem","position":1,"name":"Portada","item":"https:\/\/empresas.infoempleo.com\/hrtrends\/"},{"@type":"ListItem","position":2,"name":"\u00bfCu\u00e1l es el ambiente de trabajo en tu empresa? Las 9 dimensiones del clima laboral seg\u00fan Litwin y Stringer"}]},{"@type":"WebSite","@id":"https:\/\/empresas.infoempleo.com\/hrtrends\/#website","url":"https:\/\/empresas.infoempleo.com\/hrtrends","name":"HRTrends by Infoempleo","description":"","publisher":{"@id":"https:\/\/empresas.infoempleo.com\/hrtrends\/#organization"},"potentialAction":{"@type":"SearchAction","target":"https:\/\/empresas.infoempleo.com\/hrtrends\/?s={search_term_string}","query-input":"required name=search_term_string"},"inLanguage":"es"},{"@type":"Organization","@id":"https:\/\/empresas.infoempleo.com\/hrtrends\/#organization","name":"Infoempleo","url":"https:\/\/www.infoempleo.com\/","logo":{"@type":"ImageObject","@id":"https:\/\/empresas.infoempleo.com\/hrtrends\/#logo","inLanguage":"es","url":"https:\/\/cdnazure.infoempleo.com\/infoempleo\/assets\/style\/gfx\/logo.svg","contentUrl":"https:\/\/cdnazure.infoempleo.com\/infoempleo\/assets\/style\/gfx\/logo.svg","width":150,"height":40,"caption":"Infoempleo"},"image":{"@id":"https:\/\/empresas.infoempleo.com\/hrtrends\/#logo"},"sameAs":["https:\/\/www.facebook.com\/Infoempleo","https:\/\/x.com\/infoempleo","http:\/\/instagram.com\/infoempleo\/","http:\/\/www.linkedin.com\/groups\/Empleo-Espa\u00f1a-Infoempleocom-111276","http:\/\/pinterest.com\/infoempleo\/"],"address":{"@type":"PostalAddress","addressLocality":"Madrid","postalCode":"28050","streetAddress":"Avenida de Burgos 114"},"brand":["Infoempleo"]},{"@type":"Person","@id":"https:\/\/empresas.infoempleo.com\/hrtrends\/#\/schema\/person\/d24c95f005bb213d5442bfb9916f0cf1","name":"Sandra R. Martos","image":{"@type":"ImageObject","inLanguage":"es","@id":"https:\/\/empresas.infoempleo.com\/hrtrends\/#\/schema\/person\/image\/","url":"https:\/\/secure.gravatar.com\/avatar\/416b738ea045864f60be6f729d868b5b8807d320c6de9f29d2506b477304ed75?s=96&d=mm&r=g","contentUrl":"https:\/\/secure.gravatar.com\/avatar\/416b738ea045864f60be6f729d868b5b8807d320c6de9f29d2506b477304ed75?s=96&d=mm&r=g","caption":"Sandra R. Martos"},"url":"https:\/\/empresas.infoempleo.com\/hrtrends\/author\/srmartos\/"}]}},"amp_enabled":true,"_links":{"self":[{"href":"https:\/\/empresas.infoempleo.com\/hrtrends\/wp-json\/wp\/v2\/posts\/43652","targetHints":{"allow":["GET"]}}],"collection":[{"href":"https:\/\/empresas.infoempleo.com\/hrtrends\/wp-json\/wp\/v2\/posts"}],"about":[{"href":"https:\/\/empresas.infoempleo.com\/hrtrends\/wp-json\/wp\/v2\/types\/post"}],"author":[{"embeddable":true,"href":"https:\/\/empresas.infoempleo.com\/hrtrends\/wp-json\/wp\/v2\/users\/146"}],"replies":[{"embeddable":true,"href":"https:\/\/empresas.infoempleo.com\/hrtrends\/wp-json\/wp\/v2\/comments?post=43652"}],"version-history":[{"count":4,"href":"https:\/\/empresas.infoempleo.com\/hrtrends\/wp-json\/wp\/v2\/posts\/43652\/revisions"}],"predecessor-version":[{"id":43800,"href":"https:\/\/empresas.infoempleo.com\/hrtrends\/wp-json\/wp\/v2\/posts\/43652\/revisions\/43800"}],"wp:featuredmedia":[{"embeddable":true,"href":"https:\/\/empresas.infoempleo.com\/hrtrends\/wp-json\/wp\/v2\/media\/43798"}],"wp:attachment":[{"href":"https:\/\/empresas.infoempleo.com\/hrtrends\/wp-json\/wp\/v2\/media?parent=43652"}],"wp:term":[{"taxonomy":"category","embeddable":true,"href":"https:\/\/empresas.infoempleo.com\/hrtrends\/wp-json\/wp\/v2\/categories?post=43652"},{"taxonomy":"post_tag","embeddable":true,"href":"https:\/\/empresas.infoempleo.com\/hrtrends\/wp-json\/wp\/v2\/tags?post=43652"}],"curies":[{"name":"wp","href":"https:\/\/api.w.org\/{rel}","templated":true}]}}