{"id":43649,"date":"2024-01-09T00:00:00","date_gmt":"2024-01-08T23:00:00","guid":{"rendered":"https:\/\/empresas.infoempleo.com\/hrtrends\/?p=43649"},"modified":"2024-07-02T14:16:06","modified_gmt":"2024-07-02T12:16:06","slug":"lider-resonante-dirigir-con-inteligencia-emocional","status":"publish","type":"post","link":"https:\/\/empresas.infoempleo.com\/hrtrends\/lider-resonante-dirigir-con-inteligencia-emocional\/","title":{"rendered":"\u00bfEres un l\u00edder resonante? C\u00f3mo dirigir a trav\u00e9s de la inteligencia emocional"},"content":{"rendered":"<p>Contar con un <strong>l\u00edder resonante<\/strong> en tu organizaci\u00f3n es una garant\u00eda de que el equipo de personas a su cargo mantendr\u00e1 su implicaci\u00f3n, y no ver\u00e1 afectada su productividad por un ambiente de trabajo tenso. Estas situaciones t\u00f3xicas que afectan al estado de \u00e1nimo de los trabajadores son fruto de l\u00edderes disonantes. Si tu organizaci\u00f3n invierte en la formaci\u00f3n del liderazgo inspirador, recoger\u00e1 muy pronto los frutos de esa decisi\u00f3n.<\/p>\n<h2>El papel del l\u00edder resonante<\/h2>\n<p>El t\u00e9rmino \u201cl\u00edder resonante\u201d fue acu\u00f1ado por <a href=\"https:\/\/es.wikipedia.org\/wiki\/Daniel_Goleman\" target=\"_blank\" rel=\"noopener\">Daniel Goleman<\/a>, conocido <strong>especialista en la <a href=\"https:\/\/empresas.infoempleo.com\/hrtrends\/inteligencia-emocional-en-el-trabajo\/\" target=\"_blank\" rel=\"noopener\">Inteligencia Emocional<\/a><\/strong>. Junto con Richard E. Boyatzis, y Annie Mc Kee realiz\u00f3 una investigaci\u00f3n sobre la <strong>influencia de las emociones de los l\u00edderes en las empresas<\/strong> y el papel que representan en la creaci\u00f3n de un clima organizacional positivo.<\/p>\n<p>Los autores encontraron que la mala gesti\u00f3n interna de sus propias emociones de los cargos directivos se <strong>contagiaba al equipo<\/strong>, generaba malestar, reduc\u00eda la capacidad de comunicaci\u00f3n y hac\u00eda descender la productividad.<\/p>\n<p>Esto es as\u00ed porque las emociones de las personas que conviven de cualquier forma se <strong>contagian inevitablemente<\/strong>.<\/p>\n<p>Dado que un <strong>ambiente laboral autoritario y un equipo atemorizado<\/strong> indudablemente pueden producir resultados a corto plazo, no siempre es f\u00e1cil detectar cuando tu organizaci\u00f3n se est\u00e1 viendo comprometida por un l\u00edder t\u00f3xico.<\/p>\n<p>Sin embargo, esos resultados nunca ser\u00e1n duraderos. Mediante la formaci\u00f3n y la potenciaci\u00f3n de las habilidades de la Inteligencia Emocional, se logra que los l\u00edderes encuentren una forma positiva de gestionar sus propias emociones y transmitir una <strong>cultura del trabajo optimista<\/strong>. Se fomentar\u00e1 la comunicaci\u00f3n y la capacidad para afrontar retos.<\/p>\n<h2>\u00bfQu\u00e9 caracteriza a un l\u00edder resonante y c\u00f3mo saber si yo lo soy?<\/h2>\n<p>Para Coleman y sus colaboradores, el estilo del l\u00edder resonante coincide con las cuatro <strong>caracter\u00edsticas principales de la Inteligencia Emocional<\/strong>:<\/p>\n<ul>\n<li>La <strong>autoconciencia<\/strong> es la capacidad para interpretar las propias emociones. Ser capaz de leer tus propios estados de \u00e1nimo es el primer paso para controlar la forma en que van a afectar a las dem\u00e1s personas que trabajan contigo.<\/li>\n<li>La <strong>autogesti\u00f3n<\/strong> es ese control sobre las emociones que has podido identificar en ti mismo. Todos tenemos un mal momento o un mal d\u00eda, pero podemos lograr evitar que esa negatividad afecte a los dem\u00e1s.<\/li>\n<li>La <strong>conciencia social<\/strong>, que permite reconocer las emociones de los dem\u00e1s y actuar de la forma m\u00e1s adecuada.<\/li>\n<li>La <strong>gesti\u00f3n de las relaciones<\/strong>, para fomentar en tu equipo la comunicaci\u00f3n efectiva y resolver conflictos de forma constructiva y positiva.<\/li>\n<\/ul>\n<h2>\u00bfCu\u00e1ntos tipos de l\u00edderes resonantes existen?<\/h2>\n<p>Coleman detecta <strong>cuatro tipolog\u00edas<\/strong> <strong>dentro del l\u00edder resonante<\/strong>, cada una con sus propias caracter\u00edsticas que los pueden hacer ideales para distintos escenarios. De hecho, lo ideal no es centrarse en un \u00fanico estilo de liderazgo, sino confiar en que distintos escenarios pueden requerir uno u otro.<\/p>\n<ul>\n<li>El <strong>visionario<\/strong> es el estilo m\u00e1s demandado, y el que tiene una mayor capacidad de transformaci\u00f3n dentro de las organizaciones. Es aquel que es capaz de mostrar al equipo hacia donde debe dirigirse, pero no impone su visi\u00f3n. Dejando suficiente espacio para la innovaci\u00f3n y la comunicaci\u00f3n, muestra el camino a los dem\u00e1s para llegar al objetivo.<\/li>\n<li>El l\u00edder <strong>coacher<\/strong> est\u00e1 centrado en empoderar el desarrollo personal y laboral de las personas a su cargo.<\/li>\n<li>El <strong>afiliativo<\/strong> es aquel cuyas habilidades son especialmente fuertes en la atenci\u00f3n a las emociones de las personas a su cargo. Se trata de l\u00edderes que producen una fuerte cohesi\u00f3n en el equipo.<\/li>\n<li>El l\u00edder <strong>democr\u00e1tico<\/strong> es aquel que fomenta la participaci\u00f3n y la resoluci\u00f3n de los conflictos que surgen.<\/li>\n<\/ul>\n<h2>Trabajar la inteligencia emocional<\/h2>\n<p>T\u00fa no naciste l\u00edder, te convertiste en l\u00edder, como todas las personas que se han visto ocupando puestos directivos, mitolog\u00edas contempor\u00e1neas aparte. Es algo que se va construyendo a partir de formaci\u00f3n, trabajo interior y experiencia acumulada.<\/p>\n<p>Trabajar la inteligencia emocional es parte de ese proceso y ser\u00e1 fundamental en tu carrera profesional que lo hagas.<\/p>\n<p>Para identificar si cuentas con esta habilidad, lo mejor es que hagas en primer lugar una <strong>autocr\u00edtica desapasionada<\/strong>. Pero, sobre todo, facilita que los dem\u00e1s <strong>puedan expresarte sus impresiones<\/strong> sobre ellas. A partir de ah\u00ed, podr\u00e1s tener una imagen ajustada de cuales son tus debilidades y fortalezas en el campo emocional.<\/p>\n<p>Aqu\u00ed van algunas gu\u00edas para este proceso:<\/p>\n<ul>\n<li><strong>Auto cuesti\u00f3nate<\/strong>: nadie mejor que t\u00fa podr\u00e1 valorar tu desempe\u00f1o si decides hacerlo seriamente.<\/li>\n<li><strong>Inter\u00e9sate<\/strong> por las personas que trabajan contigo y forman tu equipo.<\/li>\n<\/ul>\n<p><strong>Impl\u00edcate <\/strong>emocionalmente con ellos.<\/p>\n","protected":false},"excerpt":{"rendered":"<p>Contar con un l\u00edder resonante en tu organizaci\u00f3n es una garant\u00eda de que el equipo de personas a<a class=\"moretag\" href=\"https:\/\/empresas.infoempleo.com\/hrtrends\/lider-resonante-dirigir-con-inteligencia-emocional\/\"> Leer m\u00e1s<\/a><\/p>\n","protected":false},"author":140,"featured_media":29665,"comment_status":"closed","ping_status":"closed","sticky":false,"template":"","format":"standard","meta":{"footnotes":""},"categories":[3035],"tags":[],"class_list":["post-43649","post","type-post","status-publish","format-standard","has-post-thumbnail","hentry","category-consejos"],"yoast_head":"<!-- This site is optimized with the Yoast SEO plugin v26.1.1 - https:\/\/yoast.com\/wordpress\/plugins\/seo\/ -->\n<title>\u00bfEres un l\u00edder resonante? C\u00f3mo dirigir a trav\u00e9s de la inteligencia emocional | HRTRENDS<\/title>\n<meta name=\"robots\" content=\"index, follow, max-snippet:-1, max-image-preview:large, max-video-preview:-1\" \/>\n<link rel=\"canonical\" href=\"https:\/\/empresas.infoempleo.com\/hrtrends\/lider-resonante-dirigir-con-inteligencia-emocional\/\" \/>\n<meta property=\"og:locale\" content=\"es_ES\" \/>\n<meta property=\"og:type\" content=\"article\" \/>\n<meta property=\"og:title\" content=\"\u00bfEres un l\u00edder resonante? C\u00f3mo dirigir a trav\u00e9s de la inteligencia emocional | HRTRENDS\" \/>\n<meta property=\"og:description\" content=\"Contar con un l\u00edder resonante en tu organizaci\u00f3n es una garant\u00eda de que el equipo de personas a Leer m\u00e1s\" \/>\n<meta property=\"og:url\" content=\"https:\/\/empresas.infoempleo.com\/hrtrends\/lider-resonante-dirigir-con-inteligencia-emocional\/\" \/>\n<meta property=\"og:site_name\" content=\"HRTRENDS\" \/>\n<meta property=\"article:publisher\" content=\"https:\/\/www.facebook.com\/Infoempleo\" \/>\n<meta property=\"article:published_time\" content=\"2024-01-08T23:00:00+00:00\" \/>\n<meta property=\"article:modified_time\" content=\"2024-07-02T12:16:06+00:00\" \/>\n<meta name=\"author\" content=\"Mario Moreno\" \/>\n<meta name=\"twitter:card\" content=\"summary_large_image\" \/>\n<meta name=\"twitter:creator\" content=\"@infoempleo\" \/>\n<meta name=\"twitter:site\" content=\"@infoempleo\" \/>\n<meta name=\"twitter:label1\" content=\"Escrito por\" \/>\n\t<meta name=\"twitter:data1\" content=\"Mario Moreno\" \/>\n\t<meta name=\"twitter:label2\" content=\"Tiempo de lectura\" \/>\n\t<meta name=\"twitter:data2\" content=\"4 minutos\" \/>\n<script type=\"application\/ld+json\" class=\"yoast-schema-graph\">{\"@context\":\"https:\/\/schema.org\",\"@graph\":[{\"@type\":\"NewsArticle\",\"@id\":\"https:\/\/empresas.infoempleo.com\/hrtrends\/lider-resonante-dirigir-con-inteligencia-emocional\/#article\",\"isPartOf\":{\"@id\":\"https:\/\/empresas.infoempleo.com\/hrtrends\/lider-resonante-dirigir-con-inteligencia-emocional\/\"},\"author\":{\"name\":\"Mario Moreno\",\"@id\":\"https:\/\/empresas.infoempleo.com\/hrtrends\/#\/schema\/person\/88b42392bdc432205cbf92369d8a60cd\"},\"headline\":\"\u00bfEres un l\u00edder resonante? C\u00f3mo dirigir a trav\u00e9s de la inteligencia emocional\",\"datePublished\":\"2024-01-08T23:00:00+00:00\",\"dateModified\":\"2024-07-02T12:16:06+00:00\",\"mainEntityOfPage\":{\"@id\":\"https:\/\/empresas.infoempleo.com\/hrtrends\/lider-resonante-dirigir-con-inteligencia-emocional\/\"},\"wordCount\":818,\"publisher\":{\"@id\":\"https:\/\/empresas.infoempleo.com\/hrtrends\/#organization\"},\"image\":{\"@id\":\"https:\/\/empresas.infoempleo.com\/hrtrends\/lider-resonante-dirigir-con-inteligencia-emocional\/#primaryimage\"},\"thumbnailUrl\":\"https:\/\/empresas.infoempleo.com\/hrtrends\/media\/2017\/05\/pexels-photo-205508.jpg\",\"articleSection\":[\"Consejos\"],\"inLanguage\":\"es\",\"copyrightYear\":\"2024\",\"copyrightHolder\":{\"@id\":\"https:\/\/empresas.infoempleo.com\/hrtrends\/#organization\"}},{\"@type\":\"WebPage\",\"@id\":\"https:\/\/empresas.infoempleo.com\/hrtrends\/lider-resonante-dirigir-con-inteligencia-emocional\/\",\"url\":\"https:\/\/empresas.infoempleo.com\/hrtrends\/lider-resonante-dirigir-con-inteligencia-emocional\/\",\"name\":\"\u00bfEres un l\u00edder resonante? C\u00f3mo dirigir a trav\u00e9s de la inteligencia emocional | HRTRENDS\",\"isPartOf\":{\"@id\":\"https:\/\/empresas.infoempleo.com\/hrtrends\/#website\"},\"primaryImageOfPage\":{\"@id\":\"https:\/\/empresas.infoempleo.com\/hrtrends\/lider-resonante-dirigir-con-inteligencia-emocional\/#primaryimage\"},\"image\":{\"@id\":\"https:\/\/empresas.infoempleo.com\/hrtrends\/lider-resonante-dirigir-con-inteligencia-emocional\/#primaryimage\"},\"thumbnailUrl\":\"https:\/\/empresas.infoempleo.com\/hrtrends\/media\/2017\/05\/pexels-photo-205508.jpg\",\"datePublished\":\"2024-01-08T23:00:00+00:00\",\"dateModified\":\"2024-07-02T12:16:06+00:00\",\"breadcrumb\":{\"@id\":\"https:\/\/empresas.infoempleo.com\/hrtrends\/lider-resonante-dirigir-con-inteligencia-emocional\/#breadcrumb\"},\"inLanguage\":\"es\",\"potentialAction\":[{\"@type\":\"ReadAction\",\"target\":[\"https:\/\/empresas.infoempleo.com\/hrtrends\/lider-resonante-dirigir-con-inteligencia-emocional\/\"]}]},{\"@type\":\"ImageObject\",\"inLanguage\":\"es\",\"@id\":\"https:\/\/empresas.infoempleo.com\/hrtrends\/lider-resonante-dirigir-con-inteligencia-emocional\/#primaryimage\",\"url\":\"https:\/\/empresas.infoempleo.com\/hrtrends\/media\/2017\/05\/pexels-photo-205508-150x150.jpg\",\"contentUrl\":\"https:\/\/empresas.infoempleo.com\/hrtrends\/media\/2017\/05\/pexels-photo-205508-150x150.jpg\",\"width\":150,\"height\":150},{\"@type\":\"BreadcrumbList\",\"@id\":\"https:\/\/empresas.infoempleo.com\/hrtrends\/lider-resonante-dirigir-con-inteligencia-emocional\/#breadcrumb\",\"itemListElement\":[{\"@type\":\"ListItem\",\"position\":1,\"name\":\"Portada\",\"item\":\"https:\/\/empresas.infoempleo.com\/hrtrends\/\"},{\"@type\":\"ListItem\",\"position\":2,\"name\":\"\u00bfEres un l\u00edder resonante? C\u00f3mo dirigir a trav\u00e9s de la inteligencia emocional\"}]},{\"@type\":\"WebSite\",\"@id\":\"https:\/\/empresas.infoempleo.com\/hrtrends\/#website\",\"url\":\"https:\/\/empresas.infoempleo.com\/hrtrends\",\"name\":\"HRTrends by Infoempleo\",\"description\":\"\",\"publisher\":{\"@id\":\"https:\/\/empresas.infoempleo.com\/hrtrends\/#organization\"},\"potentialAction\":{\"@type\":\"SearchAction\",\"target\":\"https:\/\/empresas.infoempleo.com\/hrtrends\/?s={search_term_string}\",\"query-input\":\"required name=search_term_string\"},\"inLanguage\":\"es\"},{\"@type\":\"Organization\",\"@id\":\"https:\/\/empresas.infoempleo.com\/hrtrends\/#organization\",\"name\":\"Infoempleo\",\"url\":\"https:\/\/www.infoempleo.com\/\",\"logo\":{\"@type\":\"ImageObject\",\"@id\":\"https:\/\/empresas.infoempleo.com\/hrtrends\/#logo\",\"inLanguage\":\"es\",\"url\":\"https:\/\/cdnazure.infoempleo.com\/infoempleo\/assets\/style\/gfx\/logo.svg\",\"contentUrl\":\"https:\/\/cdnazure.infoempleo.com\/infoempleo\/assets\/style\/gfx\/logo.svg\",\"width\":150,\"height\":40,\"caption\":\"Infoempleo\"},\"image\":{\"@id\":\"https:\/\/empresas.infoempleo.com\/hrtrends\/#logo\"},\"sameAs\":[\"https:\/\/www.facebook.com\/Infoempleo\",\"https:\/\/x.com\/infoempleo\",\"http:\/\/instagram.com\/infoempleo\/\",\"http:\/\/www.linkedin.com\/groups\/Empleo-Espa\u00f1a-Infoempleocom-111276\",\"http:\/\/pinterest.com\/infoempleo\/\"],\"address\":{\"@type\":\"PostalAddress\",\"addressLocality\":\"Madrid\",\"postalCode\":\"28050\",\"streetAddress\":\"Avenida de Burgos 114\"},\"brand\":[\"Infoempleo\"]},{\"@type\":\"Person\",\"@id\":\"https:\/\/empresas.infoempleo.com\/hrtrends\/#\/schema\/person\/88b42392bdc432205cbf92369d8a60cd\",\"name\":\"Mario Moreno\",\"image\":{\"@type\":\"ImageObject\",\"inLanguage\":\"es\",\"@id\":\"https:\/\/empresas.infoempleo.com\/hrtrends\/#\/schema\/person\/image\/\",\"url\":\"https:\/\/secure.gravatar.com\/avatar\/8dae6578727951cbcab39cfbe7a83beef8ade9481dd83b8d55406be02b0ec42a?s=96&d=mm&r=g\",\"contentUrl\":\"https:\/\/secure.gravatar.com\/avatar\/8dae6578727951cbcab39cfbe7a83beef8ade9481dd83b8d55406be02b0ec42a?s=96&d=mm&r=g\",\"caption\":\"Mario Moreno\"},\"url\":\"https:\/\/empresas.infoempleo.com\/hrtrends\/author\/mariomoreno\/\"}]}<\/script>\n<!-- \/ Yoast SEO plugin. -->","yoast_head_json":{"title":"\u00bfEres un l\u00edder resonante? C\u00f3mo dirigir a trav\u00e9s de la inteligencia emocional | HRTRENDS","robots":{"index":"index","follow":"follow","max-snippet":"max-snippet:-1","max-image-preview":"max-image-preview:large","max-video-preview":"max-video-preview:-1"},"canonical":"https:\/\/empresas.infoempleo.com\/hrtrends\/lider-resonante-dirigir-con-inteligencia-emocional\/","og_locale":"es_ES","og_type":"article","og_title":"\u00bfEres un l\u00edder resonante? C\u00f3mo dirigir a trav\u00e9s de la inteligencia emocional | HRTRENDS","og_description":"Contar con un l\u00edder resonante en tu organizaci\u00f3n es una garant\u00eda de que el equipo de personas a Leer m\u00e1s","og_url":"https:\/\/empresas.infoempleo.com\/hrtrends\/lider-resonante-dirigir-con-inteligencia-emocional\/","og_site_name":"HRTRENDS","article_publisher":"https:\/\/www.facebook.com\/Infoempleo","article_published_time":"2024-01-08T23:00:00+00:00","article_modified_time":"2024-07-02T12:16:06+00:00","author":"Mario Moreno","twitter_card":"summary_large_image","twitter_creator":"@infoempleo","twitter_site":"@infoempleo","twitter_misc":{"Escrito por":"Mario Moreno","Tiempo de lectura":"4 minutos"},"schema":{"@context":"https:\/\/schema.org","@graph":[{"@type":"NewsArticle","@id":"https:\/\/empresas.infoempleo.com\/hrtrends\/lider-resonante-dirigir-con-inteligencia-emocional\/#article","isPartOf":{"@id":"https:\/\/empresas.infoempleo.com\/hrtrends\/lider-resonante-dirigir-con-inteligencia-emocional\/"},"author":{"name":"Mario Moreno","@id":"https:\/\/empresas.infoempleo.com\/hrtrends\/#\/schema\/person\/88b42392bdc432205cbf92369d8a60cd"},"headline":"\u00bfEres un l\u00edder resonante? C\u00f3mo dirigir a trav\u00e9s de la inteligencia emocional","datePublished":"2024-01-08T23:00:00+00:00","dateModified":"2024-07-02T12:16:06+00:00","mainEntityOfPage":{"@id":"https:\/\/empresas.infoempleo.com\/hrtrends\/lider-resonante-dirigir-con-inteligencia-emocional\/"},"wordCount":818,"publisher":{"@id":"https:\/\/empresas.infoempleo.com\/hrtrends\/#organization"},"image":{"@id":"https:\/\/empresas.infoempleo.com\/hrtrends\/lider-resonante-dirigir-con-inteligencia-emocional\/#primaryimage"},"thumbnailUrl":"https:\/\/empresas.infoempleo.com\/hrtrends\/media\/2017\/05\/pexels-photo-205508.jpg","articleSection":["Consejos"],"inLanguage":"es","copyrightYear":"2024","copyrightHolder":{"@id":"https:\/\/empresas.infoempleo.com\/hrtrends\/#organization"}},{"@type":"WebPage","@id":"https:\/\/empresas.infoempleo.com\/hrtrends\/lider-resonante-dirigir-con-inteligencia-emocional\/","url":"https:\/\/empresas.infoempleo.com\/hrtrends\/lider-resonante-dirigir-con-inteligencia-emocional\/","name":"\u00bfEres un l\u00edder resonante? C\u00f3mo dirigir a trav\u00e9s de la inteligencia emocional | HRTRENDS","isPartOf":{"@id":"https:\/\/empresas.infoempleo.com\/hrtrends\/#website"},"primaryImageOfPage":{"@id":"https:\/\/empresas.infoempleo.com\/hrtrends\/lider-resonante-dirigir-con-inteligencia-emocional\/#primaryimage"},"image":{"@id":"https:\/\/empresas.infoempleo.com\/hrtrends\/lider-resonante-dirigir-con-inteligencia-emocional\/#primaryimage"},"thumbnailUrl":"https:\/\/empresas.infoempleo.com\/hrtrends\/media\/2017\/05\/pexels-photo-205508.jpg","datePublished":"2024-01-08T23:00:00+00:00","dateModified":"2024-07-02T12:16:06+00:00","breadcrumb":{"@id":"https:\/\/empresas.infoempleo.com\/hrtrends\/lider-resonante-dirigir-con-inteligencia-emocional\/#breadcrumb"},"inLanguage":"es","potentialAction":[{"@type":"ReadAction","target":["https:\/\/empresas.infoempleo.com\/hrtrends\/lider-resonante-dirigir-con-inteligencia-emocional\/"]}]},{"@type":"ImageObject","inLanguage":"es","@id":"https:\/\/empresas.infoempleo.com\/hrtrends\/lider-resonante-dirigir-con-inteligencia-emocional\/#primaryimage","url":"https:\/\/empresas.infoempleo.com\/hrtrends\/media\/2017\/05\/pexels-photo-205508-150x150.jpg","contentUrl":"https:\/\/empresas.infoempleo.com\/hrtrends\/media\/2017\/05\/pexels-photo-205508-150x150.jpg","width":150,"height":150},{"@type":"BreadcrumbList","@id":"https:\/\/empresas.infoempleo.com\/hrtrends\/lider-resonante-dirigir-con-inteligencia-emocional\/#breadcrumb","itemListElement":[{"@type":"ListItem","position":1,"name":"Portada","item":"https:\/\/empresas.infoempleo.com\/hrtrends\/"},{"@type":"ListItem","position":2,"name":"\u00bfEres un l\u00edder resonante? C\u00f3mo dirigir a trav\u00e9s de la inteligencia emocional"}]},{"@type":"WebSite","@id":"https:\/\/empresas.infoempleo.com\/hrtrends\/#website","url":"https:\/\/empresas.infoempleo.com\/hrtrends","name":"HRTrends by Infoempleo","description":"","publisher":{"@id":"https:\/\/empresas.infoempleo.com\/hrtrends\/#organization"},"potentialAction":{"@type":"SearchAction","target":"https:\/\/empresas.infoempleo.com\/hrtrends\/?s={search_term_string}","query-input":"required name=search_term_string"},"inLanguage":"es"},{"@type":"Organization","@id":"https:\/\/empresas.infoempleo.com\/hrtrends\/#organization","name":"Infoempleo","url":"https:\/\/www.infoempleo.com\/","logo":{"@type":"ImageObject","@id":"https:\/\/empresas.infoempleo.com\/hrtrends\/#logo","inLanguage":"es","url":"https:\/\/cdnazure.infoempleo.com\/infoempleo\/assets\/style\/gfx\/logo.svg","contentUrl":"https:\/\/cdnazure.infoempleo.com\/infoempleo\/assets\/style\/gfx\/logo.svg","width":150,"height":40,"caption":"Infoempleo"},"image":{"@id":"https:\/\/empresas.infoempleo.com\/hrtrends\/#logo"},"sameAs":["https:\/\/www.facebook.com\/Infoempleo","https:\/\/x.com\/infoempleo","http:\/\/instagram.com\/infoempleo\/","http:\/\/www.linkedin.com\/groups\/Empleo-Espa\u00f1a-Infoempleocom-111276","http:\/\/pinterest.com\/infoempleo\/"],"address":{"@type":"PostalAddress","addressLocality":"Madrid","postalCode":"28050","streetAddress":"Avenida de Burgos 114"},"brand":["Infoempleo"]},{"@type":"Person","@id":"https:\/\/empresas.infoempleo.com\/hrtrends\/#\/schema\/person\/88b42392bdc432205cbf92369d8a60cd","name":"Mario Moreno","image":{"@type":"ImageObject","inLanguage":"es","@id":"https:\/\/empresas.infoempleo.com\/hrtrends\/#\/schema\/person\/image\/","url":"https:\/\/secure.gravatar.com\/avatar\/8dae6578727951cbcab39cfbe7a83beef8ade9481dd83b8d55406be02b0ec42a?s=96&d=mm&r=g","contentUrl":"https:\/\/secure.gravatar.com\/avatar\/8dae6578727951cbcab39cfbe7a83beef8ade9481dd83b8d55406be02b0ec42a?s=96&d=mm&r=g","caption":"Mario Moreno"},"url":"https:\/\/empresas.infoempleo.com\/hrtrends\/author\/mariomoreno\/"}]}},"amp_enabled":true,"_links":{"self":[{"href":"https:\/\/empresas.infoempleo.com\/hrtrends\/wp-json\/wp\/v2\/posts\/43649","targetHints":{"allow":["GET"]}}],"collection":[{"href":"https:\/\/empresas.infoempleo.com\/hrtrends\/wp-json\/wp\/v2\/posts"}],"about":[{"href":"https:\/\/empresas.infoempleo.com\/hrtrends\/wp-json\/wp\/v2\/types\/post"}],"author":[{"embeddable":true,"href":"https:\/\/empresas.infoempleo.com\/hrtrends\/wp-json\/wp\/v2\/users\/140"}],"replies":[{"embeddable":true,"href":"https:\/\/empresas.infoempleo.com\/hrtrends\/wp-json\/wp\/v2\/comments?post=43649"}],"version-history":[{"count":3,"href":"https:\/\/empresas.infoempleo.com\/hrtrends\/wp-json\/wp\/v2\/posts\/43649\/revisions"}],"predecessor-version":[{"id":44039,"href":"https:\/\/empresas.infoempleo.com\/hrtrends\/wp-json\/wp\/v2\/posts\/43649\/revisions\/44039"}],"wp:featuredmedia":[{"embeddable":true,"href":"https:\/\/empresas.infoempleo.com\/hrtrends\/wp-json\/wp\/v2\/media\/29665"}],"wp:attachment":[{"href":"https:\/\/empresas.infoempleo.com\/hrtrends\/wp-json\/wp\/v2\/media?parent=43649"}],"wp:term":[{"taxonomy":"category","embeddable":true,"href":"https:\/\/empresas.infoempleo.com\/hrtrends\/wp-json\/wp\/v2\/categories?post=43649"},{"taxonomy":"post_tag","embeddable":true,"href":"https:\/\/empresas.infoempleo.com\/hrtrends\/wp-json\/wp\/v2\/tags?post=43649"}],"curies":[{"name":"wp","href":"https:\/\/api.w.org\/{rel}","templated":true}]}}