{"id":43645,"date":"2023-08-14T00:00:00","date_gmt":"2023-08-13T23:00:00","guid":{"rendered":"https:\/\/empresas.infoempleo.com\/hrtrends\/?p=43645"},"modified":"2024-07-02T18:03:46","modified_gmt":"2024-07-02T16:03:46","slug":"cuando-es-conveniente-la-busqueda-de-candidatos-internos-o-externos-para-cubrir-una-vacante","status":"publish","type":"post","link":"https:\/\/empresas.infoempleo.com\/hrtrends\/cuando-es-conveniente-la-busqueda-de-candidatos-internos-o-externos-para-cubrir-una-vacante\/","title":{"rendered":"\u00bfCu\u00e1ndo es conveniente la b\u00fasqueda de candidatos internos o externos para cubrir una vacante?"},"content":{"rendered":"<p>Puedes necesitar la <strong>b\u00fasqueda de candidatos internos y externos<\/strong> en momentos distintos, no tienes por qu\u00e9 elegir entre una y otra. <strong>La promoci\u00f3n de talento interno mejora tu marca<\/strong> empleadora y ahorra costes en el reclutamiento. Sin embargo, <strong>optar por talento externo aporta diversidad<\/strong> y capacitaci\u00f3n adecuada para la vacante ofertada. Probablemente, decidirse por el <strong>reclutamiento mixto es lo m\u00e1s inteligente<\/strong>. As\u00ed podr\u00e1s beneficiarte de las <strong>ventajas<\/strong> <strong>de ambas modalidades<\/strong> sin tener que asumir sus desventajas.<\/p>\n<h2>Mejora la b\u00fasqueda de candidatos internos y externos<\/h2>\n<p>La b\u00fasqueda de <strong>candidatos internos y externos<\/strong> es una de las principales labores del departamento de recursos humanos al elegir c\u00f3mo cubrir una vacante. Cuando entras en el proceso de <strong>reclutamiento de personal<\/strong>, no solo tratas de encontrar el <strong>talento<\/strong> con las mejores competencias y habilidades para ese puesto. Entran en juego las relaciones laborales de la plantilla, as\u00ed como la reputaci\u00f3n de la empresa.<\/p>\n<p>Optar por el <strong>reclutamiento interno<\/strong> presenta tantas ventajas y desventajas como la b\u00fasqueda de candidatos externos. El criterio debe tener en cuenta todo el panorama organizacional, por lo que ver\u00e1s que en muchas ocasiones, tal como apuntamos al inicio, la mejor opci\u00f3n es el <strong>reclutamiento mixto<\/strong>. Ofrecer un <a href=\"https:\/\/empresas.infoempleo.com\/hrtrends\/5-claves-para-mantener-la-motivacion-y-compromiso-de-los-empleados-con-larga-trayectoria-en-la-empresa\/\"><strong>plan de carrera al contratar<\/strong><\/a> suma en tu marca empleadora. Si lo haces, optimizas el proceso de reclutamiento, pues mientras promocionas el talento corporativo, despiertas el inter\u00e9s de perfiles cualificados externos.<\/p>\n<p>Ahora bien, debes tener en cuenta que <strong>recurrir a talento interno<\/strong> para cubrir una vacante resultado de la rotaci\u00f3n de personal no es bien percibido. Puede ser entendido como un aumento de responsabilidad no solicitado o un cambio en las tareas no deseado. Lo ideal es que sigas las <strong>fases recomendadas<\/strong> para elegir qu\u00e9 reclutamiento necesitas en cada momento:<\/p>\n<ul>\n<li><strong>Identifica<\/strong> las demandas de la empresa.<\/li>\n<li>Cuenta con un equipo de <strong>reclutadores activo y din\u00e1mico<\/strong>.<\/li>\n<li>Elabora una <strong>lista de los rasgos<\/strong> que buscas, especialmente si van a formar parte de la redacci\u00f3n de la oferta de empleo en el reclutamiento externo.<\/li>\n<li>Optimiza el cribado utilizando el <strong><a href=\"https:\/\/empresas.infoempleo.com\/hrtrends\/hr-analytics-para-entender-los-datos-de-tu-empresa\/\">HR Analytic<\/a><\/strong>.<\/li>\n<li>Prepara las <strong>entrevistas<\/strong> en su diversidad. Probablemente necesites hacer preguntas distintas si ya conoces al candidato o si es un perfil externo.<\/li>\n<\/ul>\n<h2>Ventajas y desventajas de ambas fuentes de talento<\/h2>\n<p>La principal <strong>ventaja del reclutamiento interno<\/strong> es que la candidatura ya conoce la empresa y su cultura corporativa. De esta manera, el proceso de adaptaci\u00f3n es mucho m\u00e1s \u00e1gil y econ\u00f3mico. Por contra, la <strong>desventaja<\/strong> de este reclutamiento es que el perfil puede estar viciado por su experiencia del empleado anterior. La cuesti\u00f3n es manejar estos pros y contras seg\u00fan el contexto porque otra ventaja de buscar la fuente de talento en la plantilla ya contratada es la <strong>promoci\u00f3n interna<\/strong>. Este es uno de los rasgos m\u00e1s valorados por las nuevas generaciones.<\/p>\n<p>Por otra parte, entre las <strong>desventajas del reclutamiento externo<\/strong> cabe destacar el coste que puede suponer localizar al perfil adecuado. De hecho, puede que ni se encuentre en b\u00fasqueda activa de empleo. Sin embargo, el talento externo aporta <a href=\"https:\/\/empresas.infoempleo.com\/hrtrends\/datos-dei-como-hacer-el-seguimiento-de-la-estrategia-rsc-de-la-empresa\/\"><strong>diversidad<\/strong><\/a> y suma <strong>nuevas ideas<\/strong>. Aunque a su vez puede que un trabajador promocionado a un puesto de distinta cualificaci\u00f3n exija un periodo de <strong>capacitaci\u00f3n<\/strong>. Sin embargo, con el reclutamiento externo, puedes elegir el candidato que cuente ya con las competencias requeridas.<\/p>\n","protected":false},"excerpt":{"rendered":"<p>Puedes necesitar la b\u00fasqueda de candidatos internos y externos en momentos distintos, no tienes por qu\u00e9 elegir entre<a class=\"moretag\" href=\"https:\/\/empresas.infoempleo.com\/hrtrends\/cuando-es-conveniente-la-busqueda-de-candidatos-internos-o-externos-para-cubrir-una-vacante\/\"> Leer m\u00e1s<\/a><\/p>\n","protected":false},"author":136,"featured_media":29665,"comment_status":"closed","ping_status":"closed","sticky":false,"template":"","format":"standard","meta":{"footnotes":""},"categories":[3030],"tags":[],"class_list":["post-43645","post","type-post","status-publish","format-standard","has-post-thumbnail","hentry","category-reclutamiento"],"yoast_head":"<!-- This site is optimized with the Yoast SEO plugin v26.1.1 - https:\/\/yoast.com\/wordpress\/plugins\/seo\/ -->\n<title>\u00bfCu\u00e1ndo es conveniente la b\u00fasqueda de candidatos internos o externos para cubrir una vacante? | HRTRENDS<\/title>\n<meta name=\"robots\" content=\"index, follow, max-snippet:-1, max-image-preview:large, max-video-preview:-1\" \/>\n<link rel=\"canonical\" href=\"https:\/\/empresas.infoempleo.com\/hrtrends\/cuando-es-conveniente-la-busqueda-de-candidatos-internos-o-externos-para-cubrir-una-vacante\/\" \/>\n<meta property=\"og:locale\" content=\"es_ES\" \/>\n<meta property=\"og:type\" content=\"article\" \/>\n<meta property=\"og:title\" content=\"\u00bfCu\u00e1ndo es conveniente la b\u00fasqueda de candidatos internos o externos para cubrir una vacante? | HRTRENDS\" \/>\n<meta property=\"og:description\" content=\"Puedes necesitar la b\u00fasqueda de candidatos internos y externos en momentos distintos, no tienes por qu\u00e9 elegir entre Leer m\u00e1s\" \/>\n<meta property=\"og:url\" content=\"https:\/\/empresas.infoempleo.com\/hrtrends\/cuando-es-conveniente-la-busqueda-de-candidatos-internos-o-externos-para-cubrir-una-vacante\/\" \/>\n<meta property=\"og:site_name\" content=\"HRTRENDS\" \/>\n<meta property=\"article:publisher\" content=\"https:\/\/www.facebook.com\/Infoempleo\" \/>\n<meta property=\"article:published_time\" content=\"2023-08-13T23:00:00+00:00\" \/>\n<meta property=\"article:modified_time\" content=\"2024-07-02T16:03:46+00:00\" \/>\n<meta name=\"author\" content=\"Raquel Hern\u00e1ndez\" \/>\n<meta name=\"twitter:card\" content=\"summary_large_image\" \/>\n<meta name=\"twitter:creator\" content=\"@infoempleo\" \/>\n<meta name=\"twitter:site\" content=\"@infoempleo\" \/>\n<meta name=\"twitter:label1\" content=\"Escrito por\" \/>\n\t<meta name=\"twitter:data1\" content=\"Raquel Hern\u00e1ndez\" \/>\n\t<meta name=\"twitter:label2\" content=\"Tiempo de lectura\" \/>\n\t<meta name=\"twitter:data2\" content=\"3 minutos\" \/>\n<script type=\"application\/ld+json\" class=\"yoast-schema-graph\">{\"@context\":\"https:\/\/schema.org\",\"@graph\":[{\"@type\":\"NewsArticle\",\"@id\":\"https:\/\/empresas.infoempleo.com\/hrtrends\/cuando-es-conveniente-la-busqueda-de-candidatos-internos-o-externos-para-cubrir-una-vacante\/#article\",\"isPartOf\":{\"@id\":\"https:\/\/empresas.infoempleo.com\/hrtrends\/cuando-es-conveniente-la-busqueda-de-candidatos-internos-o-externos-para-cubrir-una-vacante\/\"},\"author\":{\"name\":\"Raquel Hern\u00e1ndez\",\"@id\":\"https:\/\/empresas.infoempleo.com\/hrtrends\/#\/schema\/person\/fb2f949a1461ff0e9e15996d82d3a787\"},\"headline\":\"\u00bfCu\u00e1ndo es conveniente la b\u00fasqueda de candidatos internos o externos para cubrir una vacante?\",\"datePublished\":\"2023-08-13T23:00:00+00:00\",\"dateModified\":\"2024-07-02T16:03:46+00:00\",\"mainEntityOfPage\":{\"@id\":\"https:\/\/empresas.infoempleo.com\/hrtrends\/cuando-es-conveniente-la-busqueda-de-candidatos-internos-o-externos-para-cubrir-una-vacante\/\"},\"wordCount\":579,\"publisher\":{\"@id\":\"https:\/\/empresas.infoempleo.com\/hrtrends\/#organization\"},\"image\":{\"@id\":\"https:\/\/empresas.infoempleo.com\/hrtrends\/cuando-es-conveniente-la-busqueda-de-candidatos-internos-o-externos-para-cubrir-una-vacante\/#primaryimage\"},\"thumbnailUrl\":\"https:\/\/empresas.infoempleo.com\/hrtrends\/media\/2017\/05\/pexels-photo-205508.jpg\",\"articleSection\":[\"Reclutamiento\"],\"inLanguage\":\"es\",\"copyrightYear\":\"2023\",\"copyrightHolder\":{\"@id\":\"https:\/\/empresas.infoempleo.com\/hrtrends\/#organization\"}},{\"@type\":\"WebPage\",\"@id\":\"https:\/\/empresas.infoempleo.com\/hrtrends\/cuando-es-conveniente-la-busqueda-de-candidatos-internos-o-externos-para-cubrir-una-vacante\/\",\"url\":\"https:\/\/empresas.infoempleo.com\/hrtrends\/cuando-es-conveniente-la-busqueda-de-candidatos-internos-o-externos-para-cubrir-una-vacante\/\",\"name\":\"\u00bfCu\u00e1ndo es conveniente la b\u00fasqueda de candidatos internos o externos para cubrir una vacante? | HRTRENDS\",\"isPartOf\":{\"@id\":\"https:\/\/empresas.infoempleo.com\/hrtrends\/#website\"},\"primaryImageOfPage\":{\"@id\":\"https:\/\/empresas.infoempleo.com\/hrtrends\/cuando-es-conveniente-la-busqueda-de-candidatos-internos-o-externos-para-cubrir-una-vacante\/#primaryimage\"},\"image\":{\"@id\":\"https:\/\/empresas.infoempleo.com\/hrtrends\/cuando-es-conveniente-la-busqueda-de-candidatos-internos-o-externos-para-cubrir-una-vacante\/#primaryimage\"},\"thumbnailUrl\":\"https:\/\/empresas.infoempleo.com\/hrtrends\/media\/2017\/05\/pexels-photo-205508.jpg\",\"datePublished\":\"2023-08-13T23:00:00+00:00\",\"dateModified\":\"2024-07-02T16:03:46+00:00\",\"breadcrumb\":{\"@id\":\"https:\/\/empresas.infoempleo.com\/hrtrends\/cuando-es-conveniente-la-busqueda-de-candidatos-internos-o-externos-para-cubrir-una-vacante\/#breadcrumb\"},\"inLanguage\":\"es\",\"potentialAction\":[{\"@type\":\"ReadAction\",\"target\":[\"https:\/\/empresas.infoempleo.com\/hrtrends\/cuando-es-conveniente-la-busqueda-de-candidatos-internos-o-externos-para-cubrir-una-vacante\/\"]}]},{\"@type\":\"ImageObject\",\"inLanguage\":\"es\",\"@id\":\"https:\/\/empresas.infoempleo.com\/hrtrends\/cuando-es-conveniente-la-busqueda-de-candidatos-internos-o-externos-para-cubrir-una-vacante\/#primaryimage\",\"url\":\"https:\/\/empresas.infoempleo.com\/hrtrends\/media\/2017\/05\/pexels-photo-205508-150x150.jpg\",\"contentUrl\":\"https:\/\/empresas.infoempleo.com\/hrtrends\/media\/2017\/05\/pexels-photo-205508-150x150.jpg\",\"width\":150,\"height\":150},{\"@type\":\"BreadcrumbList\",\"@id\":\"https:\/\/empresas.infoempleo.com\/hrtrends\/cuando-es-conveniente-la-busqueda-de-candidatos-internos-o-externos-para-cubrir-una-vacante\/#breadcrumb\",\"itemListElement\":[{\"@type\":\"ListItem\",\"position\":1,\"name\":\"Portada\",\"item\":\"https:\/\/empresas.infoempleo.com\/hrtrends\/\"},{\"@type\":\"ListItem\",\"position\":2,\"name\":\"\u00bfCu\u00e1ndo es conveniente la b\u00fasqueda de candidatos internos o externos para cubrir una vacante?\"}]},{\"@type\":\"WebSite\",\"@id\":\"https:\/\/empresas.infoempleo.com\/hrtrends\/#website\",\"url\":\"https:\/\/empresas.infoempleo.com\/hrtrends\",\"name\":\"HRTrends by Infoempleo\",\"description\":\"\",\"publisher\":{\"@id\":\"https:\/\/empresas.infoempleo.com\/hrtrends\/#organization\"},\"potentialAction\":{\"@type\":\"SearchAction\",\"target\":\"https:\/\/empresas.infoempleo.com\/hrtrends\/?s={search_term_string}\",\"query-input\":\"required name=search_term_string\"},\"inLanguage\":\"es\"},{\"@type\":\"Organization\",\"@id\":\"https:\/\/empresas.infoempleo.com\/hrtrends\/#organization\",\"name\":\"Infoempleo\",\"url\":\"https:\/\/www.infoempleo.com\/\",\"logo\":{\"@type\":\"ImageObject\",\"@id\":\"https:\/\/empresas.infoempleo.com\/hrtrends\/#logo\",\"inLanguage\":\"es\",\"url\":\"https:\/\/cdnazure.infoempleo.com\/infoempleo\/assets\/style\/gfx\/logo.svg\",\"contentUrl\":\"https:\/\/cdnazure.infoempleo.com\/infoempleo\/assets\/style\/gfx\/logo.svg\",\"width\":150,\"height\":40,\"caption\":\"Infoempleo\"},\"image\":{\"@id\":\"https:\/\/empresas.infoempleo.com\/hrtrends\/#logo\"},\"sameAs\":[\"https:\/\/www.facebook.com\/Infoempleo\",\"https:\/\/x.com\/infoempleo\",\"http:\/\/instagram.com\/infoempleo\/\",\"http:\/\/www.linkedin.com\/groups\/Empleo-Espa\u00f1a-Infoempleocom-111276\",\"http:\/\/pinterest.com\/infoempleo\/\"],\"address\":{\"@type\":\"PostalAddress\",\"addressLocality\":\"Madrid\",\"postalCode\":\"28050\",\"streetAddress\":\"Avenida de Burgos 114\"},\"brand\":[\"Infoempleo\"]},{\"@type\":\"Person\",\"@id\":\"https:\/\/empresas.infoempleo.com\/hrtrends\/#\/schema\/person\/fb2f949a1461ff0e9e15996d82d3a787\",\"name\":\"Raquel Hern\u00e1ndez\",\"image\":{\"@type\":\"ImageObject\",\"inLanguage\":\"es\",\"@id\":\"https:\/\/empresas.infoempleo.com\/hrtrends\/#\/schema\/person\/image\/\",\"url\":\"https:\/\/secure.gravatar.com\/avatar\/4ccd374b24ab5eefd1b7681d8be968df221a577fa3ffa9dc4bb4b537645dc6a2?s=96&d=mm&r=g\",\"contentUrl\":\"https:\/\/secure.gravatar.com\/avatar\/4ccd374b24ab5eefd1b7681d8be968df221a577fa3ffa9dc4bb4b537645dc6a2?s=96&d=mm&r=g\",\"caption\":\"Raquel Hern\u00e1ndez\"},\"description\":\"M\u00e1ster en Filosof\u00eda Contempor\u00e1nea y Diploma Experto en Salud y G\u00e9nero. Extensa experiencia profesional como directora y productora de eventos culturales, especializada en el sector editorial. Lectora profesional y redactora de contenidos relacionados con el empleo, la innovaci\u00f3n y la educaci\u00f3n.\",\"url\":\"https:\/\/empresas.infoempleo.com\/hrtrends\/author\/raquel-hernandez\/\"}]}<\/script>\n<!-- \/ Yoast SEO plugin. -->","yoast_head_json":{"title":"\u00bfCu\u00e1ndo es conveniente la b\u00fasqueda de candidatos internos o externos para cubrir una vacante? | HRTRENDS","robots":{"index":"index","follow":"follow","max-snippet":"max-snippet:-1","max-image-preview":"max-image-preview:large","max-video-preview":"max-video-preview:-1"},"canonical":"https:\/\/empresas.infoempleo.com\/hrtrends\/cuando-es-conveniente-la-busqueda-de-candidatos-internos-o-externos-para-cubrir-una-vacante\/","og_locale":"es_ES","og_type":"article","og_title":"\u00bfCu\u00e1ndo es conveniente la b\u00fasqueda de candidatos internos o externos para cubrir una vacante? | HRTRENDS","og_description":"Puedes necesitar la b\u00fasqueda de candidatos internos y externos en momentos distintos, no tienes por qu\u00e9 elegir entre Leer m\u00e1s","og_url":"https:\/\/empresas.infoempleo.com\/hrtrends\/cuando-es-conveniente-la-busqueda-de-candidatos-internos-o-externos-para-cubrir-una-vacante\/","og_site_name":"HRTRENDS","article_publisher":"https:\/\/www.facebook.com\/Infoempleo","article_published_time":"2023-08-13T23:00:00+00:00","article_modified_time":"2024-07-02T16:03:46+00:00","author":"Raquel Hern\u00e1ndez","twitter_card":"summary_large_image","twitter_creator":"@infoempleo","twitter_site":"@infoempleo","twitter_misc":{"Escrito por":"Raquel Hern\u00e1ndez","Tiempo de lectura":"3 minutos"},"schema":{"@context":"https:\/\/schema.org","@graph":[{"@type":"NewsArticle","@id":"https:\/\/empresas.infoempleo.com\/hrtrends\/cuando-es-conveniente-la-busqueda-de-candidatos-internos-o-externos-para-cubrir-una-vacante\/#article","isPartOf":{"@id":"https:\/\/empresas.infoempleo.com\/hrtrends\/cuando-es-conveniente-la-busqueda-de-candidatos-internos-o-externos-para-cubrir-una-vacante\/"},"author":{"name":"Raquel Hern\u00e1ndez","@id":"https:\/\/empresas.infoempleo.com\/hrtrends\/#\/schema\/person\/fb2f949a1461ff0e9e15996d82d3a787"},"headline":"\u00bfCu\u00e1ndo es conveniente la b\u00fasqueda de candidatos internos o externos para cubrir una vacante?","datePublished":"2023-08-13T23:00:00+00:00","dateModified":"2024-07-02T16:03:46+00:00","mainEntityOfPage":{"@id":"https:\/\/empresas.infoempleo.com\/hrtrends\/cuando-es-conveniente-la-busqueda-de-candidatos-internos-o-externos-para-cubrir-una-vacante\/"},"wordCount":579,"publisher":{"@id":"https:\/\/empresas.infoempleo.com\/hrtrends\/#organization"},"image":{"@id":"https:\/\/empresas.infoempleo.com\/hrtrends\/cuando-es-conveniente-la-busqueda-de-candidatos-internos-o-externos-para-cubrir-una-vacante\/#primaryimage"},"thumbnailUrl":"https:\/\/empresas.infoempleo.com\/hrtrends\/media\/2017\/05\/pexels-photo-205508.jpg","articleSection":["Reclutamiento"],"inLanguage":"es","copyrightYear":"2023","copyrightHolder":{"@id":"https:\/\/empresas.infoempleo.com\/hrtrends\/#organization"}},{"@type":"WebPage","@id":"https:\/\/empresas.infoempleo.com\/hrtrends\/cuando-es-conveniente-la-busqueda-de-candidatos-internos-o-externos-para-cubrir-una-vacante\/","url":"https:\/\/empresas.infoempleo.com\/hrtrends\/cuando-es-conveniente-la-busqueda-de-candidatos-internos-o-externos-para-cubrir-una-vacante\/","name":"\u00bfCu\u00e1ndo es conveniente la b\u00fasqueda de candidatos internos o externos para cubrir una vacante? | HRTRENDS","isPartOf":{"@id":"https:\/\/empresas.infoempleo.com\/hrtrends\/#website"},"primaryImageOfPage":{"@id":"https:\/\/empresas.infoempleo.com\/hrtrends\/cuando-es-conveniente-la-busqueda-de-candidatos-internos-o-externos-para-cubrir-una-vacante\/#primaryimage"},"image":{"@id":"https:\/\/empresas.infoempleo.com\/hrtrends\/cuando-es-conveniente-la-busqueda-de-candidatos-internos-o-externos-para-cubrir-una-vacante\/#primaryimage"},"thumbnailUrl":"https:\/\/empresas.infoempleo.com\/hrtrends\/media\/2017\/05\/pexels-photo-205508.jpg","datePublished":"2023-08-13T23:00:00+00:00","dateModified":"2024-07-02T16:03:46+00:00","breadcrumb":{"@id":"https:\/\/empresas.infoempleo.com\/hrtrends\/cuando-es-conveniente-la-busqueda-de-candidatos-internos-o-externos-para-cubrir-una-vacante\/#breadcrumb"},"inLanguage":"es","potentialAction":[{"@type":"ReadAction","target":["https:\/\/empresas.infoempleo.com\/hrtrends\/cuando-es-conveniente-la-busqueda-de-candidatos-internos-o-externos-para-cubrir-una-vacante\/"]}]},{"@type":"ImageObject","inLanguage":"es","@id":"https:\/\/empresas.infoempleo.com\/hrtrends\/cuando-es-conveniente-la-busqueda-de-candidatos-internos-o-externos-para-cubrir-una-vacante\/#primaryimage","url":"https:\/\/empresas.infoempleo.com\/hrtrends\/media\/2017\/05\/pexels-photo-205508-150x150.jpg","contentUrl":"https:\/\/empresas.infoempleo.com\/hrtrends\/media\/2017\/05\/pexels-photo-205508-150x150.jpg","width":150,"height":150},{"@type":"BreadcrumbList","@id":"https:\/\/empresas.infoempleo.com\/hrtrends\/cuando-es-conveniente-la-busqueda-de-candidatos-internos-o-externos-para-cubrir-una-vacante\/#breadcrumb","itemListElement":[{"@type":"ListItem","position":1,"name":"Portada","item":"https:\/\/empresas.infoempleo.com\/hrtrends\/"},{"@type":"ListItem","position":2,"name":"\u00bfCu\u00e1ndo es conveniente la b\u00fasqueda de candidatos internos o externos para cubrir una vacante?"}]},{"@type":"WebSite","@id":"https:\/\/empresas.infoempleo.com\/hrtrends\/#website","url":"https:\/\/empresas.infoempleo.com\/hrtrends","name":"HRTrends by Infoempleo","description":"","publisher":{"@id":"https:\/\/empresas.infoempleo.com\/hrtrends\/#organization"},"potentialAction":{"@type":"SearchAction","target":"https:\/\/empresas.infoempleo.com\/hrtrends\/?s={search_term_string}","query-input":"required name=search_term_string"},"inLanguage":"es"},{"@type":"Organization","@id":"https:\/\/empresas.infoempleo.com\/hrtrends\/#organization","name":"Infoempleo","url":"https:\/\/www.infoempleo.com\/","logo":{"@type":"ImageObject","@id":"https:\/\/empresas.infoempleo.com\/hrtrends\/#logo","inLanguage":"es","url":"https:\/\/cdnazure.infoempleo.com\/infoempleo\/assets\/style\/gfx\/logo.svg","contentUrl":"https:\/\/cdnazure.infoempleo.com\/infoempleo\/assets\/style\/gfx\/logo.svg","width":150,"height":40,"caption":"Infoempleo"},"image":{"@id":"https:\/\/empresas.infoempleo.com\/hrtrends\/#logo"},"sameAs":["https:\/\/www.facebook.com\/Infoempleo","https:\/\/x.com\/infoempleo","http:\/\/instagram.com\/infoempleo\/","http:\/\/www.linkedin.com\/groups\/Empleo-Espa\u00f1a-Infoempleocom-111276","http:\/\/pinterest.com\/infoempleo\/"],"address":{"@type":"PostalAddress","addressLocality":"Madrid","postalCode":"28050","streetAddress":"Avenida de Burgos 114"},"brand":["Infoempleo"]},{"@type":"Person","@id":"https:\/\/empresas.infoempleo.com\/hrtrends\/#\/schema\/person\/fb2f949a1461ff0e9e15996d82d3a787","name":"Raquel Hern\u00e1ndez","image":{"@type":"ImageObject","inLanguage":"es","@id":"https:\/\/empresas.infoempleo.com\/hrtrends\/#\/schema\/person\/image\/","url":"https:\/\/secure.gravatar.com\/avatar\/4ccd374b24ab5eefd1b7681d8be968df221a577fa3ffa9dc4bb4b537645dc6a2?s=96&d=mm&r=g","contentUrl":"https:\/\/secure.gravatar.com\/avatar\/4ccd374b24ab5eefd1b7681d8be968df221a577fa3ffa9dc4bb4b537645dc6a2?s=96&d=mm&r=g","caption":"Raquel Hern\u00e1ndez"},"description":"M\u00e1ster en Filosof\u00eda Contempor\u00e1nea y Diploma Experto en Salud y G\u00e9nero. Extensa experiencia profesional como directora y productora de eventos culturales, especializada en el sector editorial. Lectora profesional y redactora de contenidos relacionados con el empleo, la innovaci\u00f3n y la educaci\u00f3n.","url":"https:\/\/empresas.infoempleo.com\/hrtrends\/author\/raquel-hernandez\/"}]}},"amp_enabled":true,"_links":{"self":[{"href":"https:\/\/empresas.infoempleo.com\/hrtrends\/wp-json\/wp\/v2\/posts\/43645","targetHints":{"allow":["GET"]}}],"collection":[{"href":"https:\/\/empresas.infoempleo.com\/hrtrends\/wp-json\/wp\/v2\/posts"}],"about":[{"href":"https:\/\/empresas.infoempleo.com\/hrtrends\/wp-json\/wp\/v2\/types\/post"}],"author":[{"embeddable":true,"href":"https:\/\/empresas.infoempleo.com\/hrtrends\/wp-json\/wp\/v2\/users\/136"}],"replies":[{"embeddable":true,"href":"https:\/\/empresas.infoempleo.com\/hrtrends\/wp-json\/wp\/v2\/comments?post=43645"}],"version-history":[{"count":3,"href":"https:\/\/empresas.infoempleo.com\/hrtrends\/wp-json\/wp\/v2\/posts\/43645\/revisions"}],"predecessor-version":[{"id":44167,"href":"https:\/\/empresas.infoempleo.com\/hrtrends\/wp-json\/wp\/v2\/posts\/43645\/revisions\/44167"}],"wp:featuredmedia":[{"embeddable":true,"href":"https:\/\/empresas.infoempleo.com\/hrtrends\/wp-json\/wp\/v2\/media\/29665"}],"wp:attachment":[{"href":"https:\/\/empresas.infoempleo.com\/hrtrends\/wp-json\/wp\/v2\/media?parent=43645"}],"wp:term":[{"taxonomy":"category","embeddable":true,"href":"https:\/\/empresas.infoempleo.com\/hrtrends\/wp-json\/wp\/v2\/categories?post=43645"},{"taxonomy":"post_tag","embeddable":true,"href":"https:\/\/empresas.infoempleo.com\/hrtrends\/wp-json\/wp\/v2\/tags?post=43645"}],"curies":[{"name":"wp","href":"https:\/\/api.w.org\/{rel}","templated":true}]}}