{"id":43618,"date":"2023-06-20T00:00:00","date_gmt":"2023-06-19T23:00:00","guid":{"rendered":"https:\/\/empresas.infoempleo.com\/hrtrends\/?p=43618"},"modified":"2024-07-03T16:06:22","modified_gmt":"2024-07-03T14:06:22","slug":"como-detectar-comportamientos-manipuladores-en-los-cargos-ejecutivos-de-la-empresa","status":"publish","type":"post","link":"https:\/\/empresas.infoempleo.com\/hrtrends\/como-detectar-comportamientos-manipuladores-en-los-cargos-ejecutivos-de-la-empresa\/","title":{"rendered":"C\u00f3mo detectar comportamientos manipuladores en los cargos ejecutivos de la empresa"},"content":{"rendered":"<p>Para <strong>detectar comportamientos manipuladores<\/strong> en los jefes de tu plantilla vigila las <strong>se\u00f1ales<\/strong> y establece protocolos claros y transparentes que limiten su actuaci\u00f3n. Cuidar el <strong>ambiente laboral<\/strong> en la empresa forma parte de la buena marcha de esta. Uno de los aspectos fundamentales es detectar y <strong>tratar de erradicar <\/strong>estas conductas. Colabora con tus <strong>compa\u00f1eros<\/strong> v\u00edctimas potenciales y evita la <strong>confrontaci\u00f3n<\/strong> directa, donde estos perfiles se sienten m\u00e1s c\u00f3modos.<\/p>\n<h2>Claves para saber c\u00f3mo detectar comportamientos manipuladores<\/h2>\n<p>Es importante <strong>detectar comportamientos manipuladores<\/strong> para evitar que intoxiquen el ambiente laboral e impacte negativamente en la <strong>productividad<\/strong>. En todas las plantillas, hay perfiles que asumen <strong>diversos roles<\/strong>, como regalar los o\u00eddos al jefe mientras act\u00faan de otra forma con los compa\u00f1eros a sus espaldas. O el cl\u00e1sico <strong>manipulador emocional<\/strong>.<\/p>\n<p>Pero muchas veces la cuesti\u00f3n es que este tipo de papeles est\u00e1 asociado a un cargo de responsabilidad, por lo que el da\u00f1o se multiplica. Estas son algunas <strong>acciones que se pueden realizar para detectar a los manipuladores<\/strong>:<\/p>\n<ul>\n<li><strong>Identificar los patrones de comportamiento<\/strong> comunes: los perfiles manipuladores se acercan a sus v\u00edctimas cuando las ven m\u00e1s vulnerables o localizan sus debilidades. Son personas t\u00f3xicas que tienen el don de saber confundir. Asumen una m\u00e1scara que les permite manejar a las personas sin que estas sospechen al principio.<\/li>\n<li><strong>Se\u00f1ales<\/strong>: no todas las personas son iguales. Sin embargo, puedes localizar que tienen en com\u00fan la frialdad, el egocentrismo, poca <a href=\"https:\/\/empresas.infoempleo.com\/hrtrends\/beneficios-de-la-inteligencia-emocional-en-el-liderazgo-empresarial\/\" target=\"_blank\" rel=\"noopener\"><strong>empat\u00eda<\/strong><\/a> y fuertes intereses materiales o emocionales. Adem\u00e1s, destacan por un narcisismo elevado, creen que todo gira a su alrededor y no toleran la cr\u00edtica. Por supuesto, no practican la autocr\u00edtica.<\/li>\n<li><strong>Falta de responsabilidad<\/strong> y desviaci\u00f3n de culpa: estas personas no miran por el bien com\u00fan. Se caracterizan por querer sobresalir. Quieren ser el centro de atenci\u00f3n. En el caso de los cargos ejecutivos, seguro que conoces al <strong>jefe mentiroso<\/strong>. Ese que no asume su responsabilidad y se\u00f1ala a alguna persona de la gente a la que coordina como culpable de un fallo o problema de producci\u00f3n.<\/li>\n<li><strong>Din\u00e1micas de poder desequilibradas<\/strong>: algunas personas act\u00faan de manera manipuladora siendo conscientes. Pero lo curioso es que otras lo hacen de una forma natural, casi sin darse cuenta. Es clave que la empresa cuente con protocolos claros y transparenten que marquen el l\u00edmite de actuaci\u00f3n a los jefes manipuladores, especialmente.<\/li>\n<\/ul>\n<p>&nbsp;<\/p>\n<h2>Efectos negativos en la cultura organizacional<\/h2>\n<p>Es fundamental <strong>detectar al jefe manipulador<\/strong> y poner los medios para atajar su conducta lo antes posible. As\u00ed aseguras el <a href=\"https:\/\/empresas.infoempleo.com\/hrtrends\/5-estrategias-para-mejorar-la-comunicacion-interna-en-una-pyme\/\" target=\"_blank\" rel=\"noopener\"><strong>ambiente agradable de trabajo<\/strong><\/a>. De lo contrario aparecer\u00e1n los siguientes efectos negativos visibles en la cultura organizacional:<\/p>\n<ul>\n<li><strong>Personal con estr\u00e9s y <em>burnout<\/em><\/strong>. Forma a la plantilla para que sepa localizar estos perfiles manipuladores. Aconseja tomar distancia en la medida de lo posible o coordinarse con el resto de compa\u00f1eros para nunca llegar a un enfrentamiento individual dif\u00edcil de sostener.<\/li>\n<li><strong>Aumento del absentismo.<\/strong> Cada persona enfrenta los conflictos en las relaciones interpersonales como puede seg\u00fan su car\u00e1cter. Si no lo puede gestionar, terminar\u00e1 impactando negativamente en su salud y faltando al trabajo.<\/li>\n<li><strong>Errores en los procesos de producci\u00f3n<\/strong>: si el personal entre en confrontaci\u00f3n el clima laboral se vuelve m\u00e1s tenso. Estos perfiles est\u00e1n acostumbrados a vivir en el conflicto. De hecho, les fortalece. Pero el resto de la plantilla puede llegar a cometer m\u00e1s errores perjudiciales para su propio rendimiento y la productividad de la empresa.<\/li>\n<\/ul>\n","protected":false},"excerpt":{"rendered":"<p>Para detectar comportamientos manipuladores en los jefes de tu plantilla vigila las se\u00f1ales y establece protocolos claros y<a class=\"moretag\" href=\"https:\/\/empresas.infoempleo.com\/hrtrends\/como-detectar-comportamientos-manipuladores-en-los-cargos-ejecutivos-de-la-empresa\/\"> Leer m\u00e1s<\/a><\/p>\n","protected":false},"author":136,"featured_media":29665,"comment_status":"closed","ping_status":"closed","sticky":false,"template":"","format":"standard","meta":{"footnotes":""},"categories":[3035],"tags":[],"class_list":["post-43618","post","type-post","status-publish","format-standard","has-post-thumbnail","hentry","category-consejos"],"yoast_head":"<!-- This site is optimized with the Yoast SEO plugin v26.1.1 - https:\/\/yoast.com\/wordpress\/plugins\/seo\/ -->\n<title>C\u00f3mo detectar comportamientos manipuladores en los cargos ejecutivos de la empresa | HRTRENDS<\/title>\n<meta name=\"robots\" content=\"index, follow, max-snippet:-1, max-image-preview:large, max-video-preview:-1\" \/>\n<link rel=\"canonical\" href=\"https:\/\/empresas.infoempleo.com\/hrtrends\/como-detectar-comportamientos-manipuladores-en-los-cargos-ejecutivos-de-la-empresa\/\" \/>\n<meta property=\"og:locale\" content=\"es_ES\" \/>\n<meta property=\"og:type\" content=\"article\" \/>\n<meta property=\"og:title\" content=\"C\u00f3mo detectar comportamientos manipuladores en los cargos ejecutivos de la empresa | HRTRENDS\" \/>\n<meta property=\"og:description\" content=\"Para detectar comportamientos manipuladores en los jefes de tu plantilla vigila las se\u00f1ales y establece protocolos claros y Leer m\u00e1s\" \/>\n<meta property=\"og:url\" content=\"https:\/\/empresas.infoempleo.com\/hrtrends\/como-detectar-comportamientos-manipuladores-en-los-cargos-ejecutivos-de-la-empresa\/\" \/>\n<meta property=\"og:site_name\" content=\"HRTRENDS\" \/>\n<meta property=\"article:publisher\" content=\"https:\/\/www.facebook.com\/Infoempleo\" \/>\n<meta property=\"article:published_time\" content=\"2023-06-19T23:00:00+00:00\" \/>\n<meta property=\"article:modified_time\" content=\"2024-07-03T14:06:22+00:00\" \/>\n<meta name=\"author\" content=\"Raquel Hern\u00e1ndez\" \/>\n<meta name=\"twitter:card\" content=\"summary_large_image\" \/>\n<meta name=\"twitter:creator\" content=\"@infoempleo\" \/>\n<meta name=\"twitter:site\" content=\"@infoempleo\" \/>\n<meta name=\"twitter:label1\" content=\"Escrito por\" \/>\n\t<meta name=\"twitter:data1\" content=\"Raquel Hern\u00e1ndez\" \/>\n\t<meta name=\"twitter:label2\" content=\"Tiempo de lectura\" \/>\n\t<meta name=\"twitter:data2\" content=\"3 minutos\" \/>\n<script type=\"application\/ld+json\" class=\"yoast-schema-graph\">{\"@context\":\"https:\/\/schema.org\",\"@graph\":[{\"@type\":\"NewsArticle\",\"@id\":\"https:\/\/empresas.infoempleo.com\/hrtrends\/como-detectar-comportamientos-manipuladores-en-los-cargos-ejecutivos-de-la-empresa\/#article\",\"isPartOf\":{\"@id\":\"https:\/\/empresas.infoempleo.com\/hrtrends\/como-detectar-comportamientos-manipuladores-en-los-cargos-ejecutivos-de-la-empresa\/\"},\"author\":{\"name\":\"Raquel Hern\u00e1ndez\",\"@id\":\"https:\/\/empresas.infoempleo.com\/hrtrends\/#\/schema\/person\/fb2f949a1461ff0e9e15996d82d3a787\"},\"headline\":\"C\u00f3mo detectar comportamientos manipuladores en los cargos ejecutivos de la empresa\",\"datePublished\":\"2023-06-19T23:00:00+00:00\",\"dateModified\":\"2024-07-03T14:06:22+00:00\",\"mainEntityOfPage\":{\"@id\":\"https:\/\/empresas.infoempleo.com\/hrtrends\/como-detectar-comportamientos-manipuladores-en-los-cargos-ejecutivos-de-la-empresa\/\"},\"wordCount\":609,\"publisher\":{\"@id\":\"https:\/\/empresas.infoempleo.com\/hrtrends\/#organization\"},\"image\":{\"@id\":\"https:\/\/empresas.infoempleo.com\/hrtrends\/como-detectar-comportamientos-manipuladores-en-los-cargos-ejecutivos-de-la-empresa\/#primaryimage\"},\"thumbnailUrl\":\"https:\/\/empresas.infoempleo.com\/hrtrends\/media\/2017\/05\/pexels-photo-205508.jpg\",\"articleSection\":[\"Consejos\"],\"inLanguage\":\"es\",\"copyrightYear\":\"2023\",\"copyrightHolder\":{\"@id\":\"https:\/\/empresas.infoempleo.com\/hrtrends\/#organization\"}},{\"@type\":\"WebPage\",\"@id\":\"https:\/\/empresas.infoempleo.com\/hrtrends\/como-detectar-comportamientos-manipuladores-en-los-cargos-ejecutivos-de-la-empresa\/\",\"url\":\"https:\/\/empresas.infoempleo.com\/hrtrends\/como-detectar-comportamientos-manipuladores-en-los-cargos-ejecutivos-de-la-empresa\/\",\"name\":\"C\u00f3mo detectar comportamientos manipuladores en los cargos ejecutivos de la empresa | HRTRENDS\",\"isPartOf\":{\"@id\":\"https:\/\/empresas.infoempleo.com\/hrtrends\/#website\"},\"primaryImageOfPage\":{\"@id\":\"https:\/\/empresas.infoempleo.com\/hrtrends\/como-detectar-comportamientos-manipuladores-en-los-cargos-ejecutivos-de-la-empresa\/#primaryimage\"},\"image\":{\"@id\":\"https:\/\/empresas.infoempleo.com\/hrtrends\/como-detectar-comportamientos-manipuladores-en-los-cargos-ejecutivos-de-la-empresa\/#primaryimage\"},\"thumbnailUrl\":\"https:\/\/empresas.infoempleo.com\/hrtrends\/media\/2017\/05\/pexels-photo-205508.jpg\",\"datePublished\":\"2023-06-19T23:00:00+00:00\",\"dateModified\":\"2024-07-03T14:06:22+00:00\",\"breadcrumb\":{\"@id\":\"https:\/\/empresas.infoempleo.com\/hrtrends\/como-detectar-comportamientos-manipuladores-en-los-cargos-ejecutivos-de-la-empresa\/#breadcrumb\"},\"inLanguage\":\"es\",\"potentialAction\":[{\"@type\":\"ReadAction\",\"target\":[\"https:\/\/empresas.infoempleo.com\/hrtrends\/como-detectar-comportamientos-manipuladores-en-los-cargos-ejecutivos-de-la-empresa\/\"]}]},{\"@type\":\"ImageObject\",\"inLanguage\":\"es\",\"@id\":\"https:\/\/empresas.infoempleo.com\/hrtrends\/como-detectar-comportamientos-manipuladores-en-los-cargos-ejecutivos-de-la-empresa\/#primaryimage\",\"url\":\"https:\/\/empresas.infoempleo.com\/hrtrends\/media\/2017\/05\/pexels-photo-205508-150x150.jpg\",\"contentUrl\":\"https:\/\/empresas.infoempleo.com\/hrtrends\/media\/2017\/05\/pexels-photo-205508-150x150.jpg\",\"width\":150,\"height\":150},{\"@type\":\"BreadcrumbList\",\"@id\":\"https:\/\/empresas.infoempleo.com\/hrtrends\/como-detectar-comportamientos-manipuladores-en-los-cargos-ejecutivos-de-la-empresa\/#breadcrumb\",\"itemListElement\":[{\"@type\":\"ListItem\",\"position\":1,\"name\":\"Portada\",\"item\":\"https:\/\/empresas.infoempleo.com\/hrtrends\/\"},{\"@type\":\"ListItem\",\"position\":2,\"name\":\"C\u00f3mo detectar comportamientos manipuladores en los cargos ejecutivos de la empresa\"}]},{\"@type\":\"WebSite\",\"@id\":\"https:\/\/empresas.infoempleo.com\/hrtrends\/#website\",\"url\":\"https:\/\/empresas.infoempleo.com\/hrtrends\",\"name\":\"HRTrends by Infoempleo\",\"description\":\"\",\"publisher\":{\"@id\":\"https:\/\/empresas.infoempleo.com\/hrtrends\/#organization\"},\"potentialAction\":{\"@type\":\"SearchAction\",\"target\":\"https:\/\/empresas.infoempleo.com\/hrtrends\/?s={search_term_string}\",\"query-input\":\"required name=search_term_string\"},\"inLanguage\":\"es\"},{\"@type\":\"Organization\",\"@id\":\"https:\/\/empresas.infoempleo.com\/hrtrends\/#organization\",\"name\":\"Infoempleo\",\"url\":\"https:\/\/www.infoempleo.com\/\",\"logo\":{\"@type\":\"ImageObject\",\"@id\":\"https:\/\/empresas.infoempleo.com\/hrtrends\/#logo\",\"inLanguage\":\"es\",\"url\":\"https:\/\/cdnazure.infoempleo.com\/infoempleo\/assets\/style\/gfx\/logo.svg\",\"contentUrl\":\"https:\/\/cdnazure.infoempleo.com\/infoempleo\/assets\/style\/gfx\/logo.svg\",\"width\":150,\"height\":40,\"caption\":\"Infoempleo\"},\"image\":{\"@id\":\"https:\/\/empresas.infoempleo.com\/hrtrends\/#logo\"},\"sameAs\":[\"https:\/\/www.facebook.com\/Infoempleo\",\"https:\/\/x.com\/infoempleo\",\"http:\/\/instagram.com\/infoempleo\/\",\"http:\/\/www.linkedin.com\/groups\/Empleo-Espa\u00f1a-Infoempleocom-111276\",\"http:\/\/pinterest.com\/infoempleo\/\"],\"address\":{\"@type\":\"PostalAddress\",\"addressLocality\":\"Madrid\",\"postalCode\":\"28050\",\"streetAddress\":\"Avenida de Burgos 114\"},\"brand\":[\"Infoempleo\"]},{\"@type\":\"Person\",\"@id\":\"https:\/\/empresas.infoempleo.com\/hrtrends\/#\/schema\/person\/fb2f949a1461ff0e9e15996d82d3a787\",\"name\":\"Raquel Hern\u00e1ndez\",\"image\":{\"@type\":\"ImageObject\",\"inLanguage\":\"es\",\"@id\":\"https:\/\/empresas.infoempleo.com\/hrtrends\/#\/schema\/person\/image\/\",\"url\":\"https:\/\/secure.gravatar.com\/avatar\/4ccd374b24ab5eefd1b7681d8be968df221a577fa3ffa9dc4bb4b537645dc6a2?s=96&d=mm&r=g\",\"contentUrl\":\"https:\/\/secure.gravatar.com\/avatar\/4ccd374b24ab5eefd1b7681d8be968df221a577fa3ffa9dc4bb4b537645dc6a2?s=96&d=mm&r=g\",\"caption\":\"Raquel Hern\u00e1ndez\"},\"description\":\"M\u00e1ster en Filosof\u00eda Contempor\u00e1nea y Diploma Experto en Salud y G\u00e9nero. Extensa experiencia profesional como directora y productora de eventos culturales, especializada en el sector editorial. Lectora profesional y redactora de contenidos relacionados con el empleo, la innovaci\u00f3n y la educaci\u00f3n.\",\"url\":\"https:\/\/empresas.infoempleo.com\/hrtrends\/author\/raquel-hernandez\/\"}]}<\/script>\n<!-- \/ Yoast SEO plugin. -->","yoast_head_json":{"title":"C\u00f3mo detectar comportamientos manipuladores en los cargos ejecutivos de la empresa | HRTRENDS","robots":{"index":"index","follow":"follow","max-snippet":"max-snippet:-1","max-image-preview":"max-image-preview:large","max-video-preview":"max-video-preview:-1"},"canonical":"https:\/\/empresas.infoempleo.com\/hrtrends\/como-detectar-comportamientos-manipuladores-en-los-cargos-ejecutivos-de-la-empresa\/","og_locale":"es_ES","og_type":"article","og_title":"C\u00f3mo detectar comportamientos manipuladores en los cargos ejecutivos de la empresa | HRTRENDS","og_description":"Para detectar comportamientos manipuladores en los jefes de tu plantilla vigila las se\u00f1ales y establece protocolos claros y Leer m\u00e1s","og_url":"https:\/\/empresas.infoempleo.com\/hrtrends\/como-detectar-comportamientos-manipuladores-en-los-cargos-ejecutivos-de-la-empresa\/","og_site_name":"HRTRENDS","article_publisher":"https:\/\/www.facebook.com\/Infoempleo","article_published_time":"2023-06-19T23:00:00+00:00","article_modified_time":"2024-07-03T14:06:22+00:00","author":"Raquel Hern\u00e1ndez","twitter_card":"summary_large_image","twitter_creator":"@infoempleo","twitter_site":"@infoempleo","twitter_misc":{"Escrito por":"Raquel Hern\u00e1ndez","Tiempo de lectura":"3 minutos"},"schema":{"@context":"https:\/\/schema.org","@graph":[{"@type":"NewsArticle","@id":"https:\/\/empresas.infoempleo.com\/hrtrends\/como-detectar-comportamientos-manipuladores-en-los-cargos-ejecutivos-de-la-empresa\/#article","isPartOf":{"@id":"https:\/\/empresas.infoempleo.com\/hrtrends\/como-detectar-comportamientos-manipuladores-en-los-cargos-ejecutivos-de-la-empresa\/"},"author":{"name":"Raquel Hern\u00e1ndez","@id":"https:\/\/empresas.infoempleo.com\/hrtrends\/#\/schema\/person\/fb2f949a1461ff0e9e15996d82d3a787"},"headline":"C\u00f3mo detectar comportamientos manipuladores en los cargos ejecutivos de la empresa","datePublished":"2023-06-19T23:00:00+00:00","dateModified":"2024-07-03T14:06:22+00:00","mainEntityOfPage":{"@id":"https:\/\/empresas.infoempleo.com\/hrtrends\/como-detectar-comportamientos-manipuladores-en-los-cargos-ejecutivos-de-la-empresa\/"},"wordCount":609,"publisher":{"@id":"https:\/\/empresas.infoempleo.com\/hrtrends\/#organization"},"image":{"@id":"https:\/\/empresas.infoempleo.com\/hrtrends\/como-detectar-comportamientos-manipuladores-en-los-cargos-ejecutivos-de-la-empresa\/#primaryimage"},"thumbnailUrl":"https:\/\/empresas.infoempleo.com\/hrtrends\/media\/2017\/05\/pexels-photo-205508.jpg","articleSection":["Consejos"],"inLanguage":"es","copyrightYear":"2023","copyrightHolder":{"@id":"https:\/\/empresas.infoempleo.com\/hrtrends\/#organization"}},{"@type":"WebPage","@id":"https:\/\/empresas.infoempleo.com\/hrtrends\/como-detectar-comportamientos-manipuladores-en-los-cargos-ejecutivos-de-la-empresa\/","url":"https:\/\/empresas.infoempleo.com\/hrtrends\/como-detectar-comportamientos-manipuladores-en-los-cargos-ejecutivos-de-la-empresa\/","name":"C\u00f3mo detectar comportamientos manipuladores en los cargos ejecutivos de la empresa | HRTRENDS","isPartOf":{"@id":"https:\/\/empresas.infoempleo.com\/hrtrends\/#website"},"primaryImageOfPage":{"@id":"https:\/\/empresas.infoempleo.com\/hrtrends\/como-detectar-comportamientos-manipuladores-en-los-cargos-ejecutivos-de-la-empresa\/#primaryimage"},"image":{"@id":"https:\/\/empresas.infoempleo.com\/hrtrends\/como-detectar-comportamientos-manipuladores-en-los-cargos-ejecutivos-de-la-empresa\/#primaryimage"},"thumbnailUrl":"https:\/\/empresas.infoempleo.com\/hrtrends\/media\/2017\/05\/pexels-photo-205508.jpg","datePublished":"2023-06-19T23:00:00+00:00","dateModified":"2024-07-03T14:06:22+00:00","breadcrumb":{"@id":"https:\/\/empresas.infoempleo.com\/hrtrends\/como-detectar-comportamientos-manipuladores-en-los-cargos-ejecutivos-de-la-empresa\/#breadcrumb"},"inLanguage":"es","potentialAction":[{"@type":"ReadAction","target":["https:\/\/empresas.infoempleo.com\/hrtrends\/como-detectar-comportamientos-manipuladores-en-los-cargos-ejecutivos-de-la-empresa\/"]}]},{"@type":"ImageObject","inLanguage":"es","@id":"https:\/\/empresas.infoempleo.com\/hrtrends\/como-detectar-comportamientos-manipuladores-en-los-cargos-ejecutivos-de-la-empresa\/#primaryimage","url":"https:\/\/empresas.infoempleo.com\/hrtrends\/media\/2017\/05\/pexels-photo-205508-150x150.jpg","contentUrl":"https:\/\/empresas.infoempleo.com\/hrtrends\/media\/2017\/05\/pexels-photo-205508-150x150.jpg","width":150,"height":150},{"@type":"BreadcrumbList","@id":"https:\/\/empresas.infoempleo.com\/hrtrends\/como-detectar-comportamientos-manipuladores-en-los-cargos-ejecutivos-de-la-empresa\/#breadcrumb","itemListElement":[{"@type":"ListItem","position":1,"name":"Portada","item":"https:\/\/empresas.infoempleo.com\/hrtrends\/"},{"@type":"ListItem","position":2,"name":"C\u00f3mo detectar comportamientos manipuladores en los cargos ejecutivos de la empresa"}]},{"@type":"WebSite","@id":"https:\/\/empresas.infoempleo.com\/hrtrends\/#website","url":"https:\/\/empresas.infoempleo.com\/hrtrends","name":"HRTrends by Infoempleo","description":"","publisher":{"@id":"https:\/\/empresas.infoempleo.com\/hrtrends\/#organization"},"potentialAction":{"@type":"SearchAction","target":"https:\/\/empresas.infoempleo.com\/hrtrends\/?s={search_term_string}","query-input":"required name=search_term_string"},"inLanguage":"es"},{"@type":"Organization","@id":"https:\/\/empresas.infoempleo.com\/hrtrends\/#organization","name":"Infoempleo","url":"https:\/\/www.infoempleo.com\/","logo":{"@type":"ImageObject","@id":"https:\/\/empresas.infoempleo.com\/hrtrends\/#logo","inLanguage":"es","url":"https:\/\/cdnazure.infoempleo.com\/infoempleo\/assets\/style\/gfx\/logo.svg","contentUrl":"https:\/\/cdnazure.infoempleo.com\/infoempleo\/assets\/style\/gfx\/logo.svg","width":150,"height":40,"caption":"Infoempleo"},"image":{"@id":"https:\/\/empresas.infoempleo.com\/hrtrends\/#logo"},"sameAs":["https:\/\/www.facebook.com\/Infoempleo","https:\/\/x.com\/infoempleo","http:\/\/instagram.com\/infoempleo\/","http:\/\/www.linkedin.com\/groups\/Empleo-Espa\u00f1a-Infoempleocom-111276","http:\/\/pinterest.com\/infoempleo\/"],"address":{"@type":"PostalAddress","addressLocality":"Madrid","postalCode":"28050","streetAddress":"Avenida de Burgos 114"},"brand":["Infoempleo"]},{"@type":"Person","@id":"https:\/\/empresas.infoempleo.com\/hrtrends\/#\/schema\/person\/fb2f949a1461ff0e9e15996d82d3a787","name":"Raquel Hern\u00e1ndez","image":{"@type":"ImageObject","inLanguage":"es","@id":"https:\/\/empresas.infoempleo.com\/hrtrends\/#\/schema\/person\/image\/","url":"https:\/\/secure.gravatar.com\/avatar\/4ccd374b24ab5eefd1b7681d8be968df221a577fa3ffa9dc4bb4b537645dc6a2?s=96&d=mm&r=g","contentUrl":"https:\/\/secure.gravatar.com\/avatar\/4ccd374b24ab5eefd1b7681d8be968df221a577fa3ffa9dc4bb4b537645dc6a2?s=96&d=mm&r=g","caption":"Raquel Hern\u00e1ndez"},"description":"M\u00e1ster en Filosof\u00eda Contempor\u00e1nea y Diploma Experto en Salud y G\u00e9nero. Extensa experiencia profesional como directora y productora de eventos culturales, especializada en el sector editorial. Lectora profesional y redactora de contenidos relacionados con el empleo, la innovaci\u00f3n y la educaci\u00f3n.","url":"https:\/\/empresas.infoempleo.com\/hrtrends\/author\/raquel-hernandez\/"}]}},"amp_enabled":true,"_links":{"self":[{"href":"https:\/\/empresas.infoempleo.com\/hrtrends\/wp-json\/wp\/v2\/posts\/43618","targetHints":{"allow":["GET"]}}],"collection":[{"href":"https:\/\/empresas.infoempleo.com\/hrtrends\/wp-json\/wp\/v2\/posts"}],"about":[{"href":"https:\/\/empresas.infoempleo.com\/hrtrends\/wp-json\/wp\/v2\/types\/post"}],"author":[{"embeddable":true,"href":"https:\/\/empresas.infoempleo.com\/hrtrends\/wp-json\/wp\/v2\/users\/136"}],"replies":[{"embeddable":true,"href":"https:\/\/empresas.infoempleo.com\/hrtrends\/wp-json\/wp\/v2\/comments?post=43618"}],"version-history":[{"count":1,"href":"https:\/\/empresas.infoempleo.com\/hrtrends\/wp-json\/wp\/v2\/posts\/43618\/revisions"}],"predecessor-version":[{"id":44211,"href":"https:\/\/empresas.infoempleo.com\/hrtrends\/wp-json\/wp\/v2\/posts\/43618\/revisions\/44211"}],"wp:featuredmedia":[{"embeddable":true,"href":"https:\/\/empresas.infoempleo.com\/hrtrends\/wp-json\/wp\/v2\/media\/29665"}],"wp:attachment":[{"href":"https:\/\/empresas.infoempleo.com\/hrtrends\/wp-json\/wp\/v2\/media?parent=43618"}],"wp:term":[{"taxonomy":"category","embeddable":true,"href":"https:\/\/empresas.infoempleo.com\/hrtrends\/wp-json\/wp\/v2\/categories?post=43618"},{"taxonomy":"post_tag","embeddable":true,"href":"https:\/\/empresas.infoempleo.com\/hrtrends\/wp-json\/wp\/v2\/tags?post=43618"}],"curies":[{"name":"wp","href":"https:\/\/api.w.org\/{rel}","templated":true}]}}