{"id":43616,"date":"2023-05-31T00:00:00","date_gmt":"2023-05-30T23:00:00","guid":{"rendered":"https:\/\/empresas.infoempleo.com\/hrtrends\/?p=43616"},"modified":"2024-07-03T16:23:03","modified_gmt":"2024-07-03T14:23:03","slug":"primeros-auxilios-la-importancia-de-formar-a-los-empleados-en-situaciones-de-emergencia","status":"publish","type":"post","link":"https:\/\/empresas.infoempleo.com\/hrtrends\/primeros-auxilios-la-importancia-de-formar-a-los-empleados-en-situaciones-de-emergencia\/","title":{"rendered":"Primeros Auxilios: la importancia de formar a los empleados en situaciones de emergencia"},"content":{"rendered":"<p>Los <strong>primeros auxilios<\/strong> est\u00e1n dise\u00f1ados para atender al compa\u00f1ero mientras que llegan los servicios de asistencia. La NTP 458, una <strong>gu\u00eda de buenas pr\u00e1cticas<\/strong> del Instituto Nacional de Seguridad e Higiene en el Trabajo especifica cu\u00e1les son los <strong>protocolos<\/strong> <strong>de actuaci\u00f3n<\/strong> a seguir en estos casos, representados por el acr\u00f3nimo <strong>PAS: Proteger, Avisar y Socorrer<\/strong>.<\/p>\n<p>Pero lo que es <strong>fundamental es capacitar al personal<\/strong> y fomentar una cultura de la prevenci\u00f3n y la seguridad laboral. Mantener el llamado \u00abminuto de seguridad\u00bb al d\u00eda, y la revisi\u00f3n peri\u00f3dica de las pr\u00e1cticas, son acciones clave.<\/p>\n<h2>Los primeros auxilios reducen la siniestralidad<\/h2>\n<p>Capacitar en primeros auxilios es uno de los ejes que debe vertebrar el plan de <strong>Prevenci\u00f3n de Riesgos Laborales (PRL)<\/strong>. El n\u00famero de <strong>accidentes<\/strong> <strong>laborales con riesgo de<\/strong> <strong>siniestralidad<\/strong> es alto en Espa\u00f1a. Aunque var\u00eda seg\u00fan el sector, la <a href=\"https:\/\/empresas.infoempleo.com\/hrtrends\/que-es-un-plan-de-emergencia-y-que-empresas-estan-obligadas-a-tenerlo\/\" target=\"_blank\" rel=\"noopener\"><strong>formaci\u00f3n del personal para poder atender una<\/strong> <strong>emergencia<\/strong><\/a> ha demostrado contener el crecimiento de la cifra.<\/p>\n<p>La <strong>reducci\u00f3n de riesgos y accidentes<\/strong> es consecuencia tambi\u00e9n de que los trabajadores tomen conciencia de los peligros de su actividad. Si vas por la calle y ves un agujero en la acera, lo esquivas. Pero si piensas que no es un riesgo, puedes caerte.<\/p>\n<p>Una vez que ya ha ocurrido el accidente, el personal debe estar capacitado para mejorar la salud laboral de la plantilla. <strong>\u00bfC\u00f3mo actuar ante emergencias inesperadas?<\/strong><\/p>\n<p>La organizaci\u00f3n de los primeros auxilios no es m\u00e1s que una forma de prepararse para actuar ante situaciones excepcionales. La NTP 458 del Instituto Nacional de Seguridad e Higiene en el Trabajo (INST) desglosa el <strong>procedimiento de primeros auxilios<\/strong>.<\/p>\n<p>Para <strong>recordar lo que hay que hacer en caso de emergencia,<\/strong> se ha establecido el mencionado acr\u00f3nimo PAS, que consiste en seguir tres pasos:<\/p>\n<ul>\n<li><strong>Proteger: <\/strong>no se puede atender a alguien herido si se pone en peligro el cuidador. Por ejemplo, si hay una fuga de gas t\u00f3xico, lo primero que hay que hacer es ponerse una mascarilla o taparse, para no intoxicarse tambi\u00e9n y no poder servir de ayuda.<\/li>\n<li><strong>Avisar: <\/strong>el segundo paso es avisar a los servicios de emergencia. Los primeros auxilios est\u00e1n pensados para atender al compa\u00f1ero mientras que llegan los profesionales, ese primer momento puede ser decisivo.<\/li>\n<li><strong>Socorrer:<\/strong> los primeros signos vitales que hay que observar son el pulso, la respiraci\u00f3n y la consciencia.<\/li>\n<\/ul>\n<p>&nbsp;<\/p>\n<h2>Promoci\u00f3n de un clima de seguridad y bienestar<\/h2>\n<p>Ante una emergencia en un accidente laboral, la NTP 458 diferencia los tipos de testigos: ordinario, privilegiado y profesional. El <strong>testigo privilegiado<\/strong> cuenta con formaci\u00f3n para dar <strong>auxilios b\u00e1sicos<\/strong>. \u201cEs capaz de hacer una valoraci\u00f3n global de la situaci\u00f3n, sabe avisar de forma eficaz y se mantiene tranquilo\u201d. As\u00ed, los responsables de equipo tienen que cursar esta formaci\u00f3n para saber enfrentarse a una <strong>quemadura<\/strong>, una <strong>hemorragia<\/strong> o una <strong>fractura<\/strong>.<\/p>\n<p>Adem\u00e1s de esta capacitaci\u00f3n general y espec\u00edfica, es importante para <strong>vigilar la salud ocupacional<\/strong> contar con un <strong>botiqu\u00edn<\/strong>. Este puede ser port\u00e1til o incluso una sala espec\u00edfica seg\u00fan el riesgo de la actividad propia de la empresa, el tama\u00f1o de esta y las condiciones de accesibilidad de la asistencia.<\/p>\n<p>Lo m\u00ednimo exigido en el <strong>botiqu\u00edn port\u00e1til<\/strong> seg\u00fan el RD 486\/1997 es lo siguiente: desinfectantes y antis\u00e9pticos, gasas est\u00e9riles, algod\u00f3n hidr\u00f3filo, venda, esparadrapo, ap\u00f3sitos adhesivos, tijeras, pinzas y guantes desechables.<\/p>\n<p>Por tanto, adem\u00e1s de capacitar al personal en la reanimaci\u00f3n <strong>RCP<\/strong> o en <strong>t\u00e9cnicas de primeros auxilios<\/strong>, lo que es fundamental es <a href=\"https:\/\/empresas.infoempleo.com\/hrtrends\/construir-una-cultura-de-seguridad-y-salud-en-las-empresas\/\" target=\"_blank\" rel=\"noopener\"><strong>\u00a0instaurar una cultura de la prevenci\u00f3n<\/strong><\/a> y la seguridad. Algunas empresas han demostrado con sus datos que funciona dedicar un minuto al d\u00eda al comenzar la jornada para recordar los protocolos de PRL.<\/p>\n<p>Tambi\u00e9n es eficaz <strong>visibilizar el<\/strong> <strong>D\u00eda de Seguridad,<\/strong> y revisar peri\u00f3dicamente la aplicaci\u00f3n de las actuaciones recomendadas por normas f\u00e9rreas.<\/p>\n","protected":false},"excerpt":{"rendered":"<p>Los primeros auxilios est\u00e1n dise\u00f1ados para atender al compa\u00f1ero mientras que llegan los servicios de asistencia. La NTP<a class=\"moretag\" href=\"https:\/\/empresas.infoempleo.com\/hrtrends\/primeros-auxilios-la-importancia-de-formar-a-los-empleados-en-situaciones-de-emergencia\/\"> Leer m\u00e1s<\/a><\/p>\n","protected":false},"author":136,"featured_media":29665,"comment_status":"closed","ping_status":"closed","sticky":false,"template":"","format":"standard","meta":{"footnotes":""},"categories":[3032],"tags":[],"class_list":["post-43616","post","type-post","status-publish","format-standard","has-post-thumbnail","hentry","category-formacion"],"yoast_head":"<!-- This site is optimized with the Yoast SEO plugin v26.1.1 - https:\/\/yoast.com\/wordpress\/plugins\/seo\/ -->\n<title>Primeros Auxilios: la importancia de formar a los empleados en situaciones de emergencia | HRTRENDS<\/title>\n<meta name=\"robots\" content=\"index, follow, max-snippet:-1, max-image-preview:large, max-video-preview:-1\" \/>\n<link rel=\"canonical\" href=\"https:\/\/empresas.infoempleo.com\/hrtrends\/primeros-auxilios-la-importancia-de-formar-a-los-empleados-en-situaciones-de-emergencia\/\" \/>\n<meta property=\"og:locale\" content=\"es_ES\" \/>\n<meta property=\"og:type\" content=\"article\" \/>\n<meta property=\"og:title\" content=\"Primeros Auxilios: la importancia de formar a los empleados en situaciones de emergencia | HRTRENDS\" \/>\n<meta property=\"og:description\" content=\"Los primeros auxilios est\u00e1n dise\u00f1ados para atender al compa\u00f1ero mientras que llegan los servicios de asistencia. La NTP Leer m\u00e1s\" \/>\n<meta property=\"og:url\" content=\"https:\/\/empresas.infoempleo.com\/hrtrends\/primeros-auxilios-la-importancia-de-formar-a-los-empleados-en-situaciones-de-emergencia\/\" \/>\n<meta property=\"og:site_name\" content=\"HRTRENDS\" \/>\n<meta property=\"article:publisher\" content=\"https:\/\/www.facebook.com\/Infoempleo\" \/>\n<meta property=\"article:published_time\" content=\"2023-05-30T23:00:00+00:00\" \/>\n<meta property=\"article:modified_time\" content=\"2024-07-03T14:23:03+00:00\" \/>\n<meta name=\"author\" content=\"Raquel Hern\u00e1ndez\" \/>\n<meta name=\"twitter:card\" content=\"summary_large_image\" \/>\n<meta name=\"twitter:creator\" content=\"@infoempleo\" \/>\n<meta name=\"twitter:site\" content=\"@infoempleo\" \/>\n<meta name=\"twitter:label1\" content=\"Escrito por\" \/>\n\t<meta name=\"twitter:data1\" content=\"Raquel Hern\u00e1ndez\" \/>\n\t<meta name=\"twitter:label2\" content=\"Tiempo de lectura\" \/>\n\t<meta name=\"twitter:data2\" content=\"4 minutos\" \/>\n<script type=\"application\/ld+json\" class=\"yoast-schema-graph\">{\"@context\":\"https:\/\/schema.org\",\"@graph\":[{\"@type\":\"NewsArticle\",\"@id\":\"https:\/\/empresas.infoempleo.com\/hrtrends\/primeros-auxilios-la-importancia-de-formar-a-los-empleados-en-situaciones-de-emergencia\/#article\",\"isPartOf\":{\"@id\":\"https:\/\/empresas.infoempleo.com\/hrtrends\/primeros-auxilios-la-importancia-de-formar-a-los-empleados-en-situaciones-de-emergencia\/\"},\"author\":{\"name\":\"Raquel Hern\u00e1ndez\",\"@id\":\"https:\/\/empresas.infoempleo.com\/hrtrends\/#\/schema\/person\/fb2f949a1461ff0e9e15996d82d3a787\"},\"headline\":\"Primeros Auxilios: la importancia de formar a los empleados en situaciones de emergencia\",\"datePublished\":\"2023-05-30T23:00:00+00:00\",\"dateModified\":\"2024-07-03T14:23:03+00:00\",\"mainEntityOfPage\":{\"@id\":\"https:\/\/empresas.infoempleo.com\/hrtrends\/primeros-auxilios-la-importancia-de-formar-a-los-empleados-en-situaciones-de-emergencia\/\"},\"wordCount\":686,\"publisher\":{\"@id\":\"https:\/\/empresas.infoempleo.com\/hrtrends\/#organization\"},\"image\":{\"@id\":\"https:\/\/empresas.infoempleo.com\/hrtrends\/primeros-auxilios-la-importancia-de-formar-a-los-empleados-en-situaciones-de-emergencia\/#primaryimage\"},\"thumbnailUrl\":\"https:\/\/empresas.infoempleo.com\/hrtrends\/media\/2017\/05\/pexels-photo-205508.jpg\",\"articleSection\":[\"Formaci\u00f3n\"],\"inLanguage\":\"es\",\"copyrightYear\":\"2023\",\"copyrightHolder\":{\"@id\":\"https:\/\/empresas.infoempleo.com\/hrtrends\/#organization\"}},{\"@type\":\"WebPage\",\"@id\":\"https:\/\/empresas.infoempleo.com\/hrtrends\/primeros-auxilios-la-importancia-de-formar-a-los-empleados-en-situaciones-de-emergencia\/\",\"url\":\"https:\/\/empresas.infoempleo.com\/hrtrends\/primeros-auxilios-la-importancia-de-formar-a-los-empleados-en-situaciones-de-emergencia\/\",\"name\":\"Primeros Auxilios: la importancia de formar a los empleados en situaciones de emergencia | HRTRENDS\",\"isPartOf\":{\"@id\":\"https:\/\/empresas.infoempleo.com\/hrtrends\/#website\"},\"primaryImageOfPage\":{\"@id\":\"https:\/\/empresas.infoempleo.com\/hrtrends\/primeros-auxilios-la-importancia-de-formar-a-los-empleados-en-situaciones-de-emergencia\/#primaryimage\"},\"image\":{\"@id\":\"https:\/\/empresas.infoempleo.com\/hrtrends\/primeros-auxilios-la-importancia-de-formar-a-los-empleados-en-situaciones-de-emergencia\/#primaryimage\"},\"thumbnailUrl\":\"https:\/\/empresas.infoempleo.com\/hrtrends\/media\/2017\/05\/pexels-photo-205508.jpg\",\"datePublished\":\"2023-05-30T23:00:00+00:00\",\"dateModified\":\"2024-07-03T14:23:03+00:00\",\"breadcrumb\":{\"@id\":\"https:\/\/empresas.infoempleo.com\/hrtrends\/primeros-auxilios-la-importancia-de-formar-a-los-empleados-en-situaciones-de-emergencia\/#breadcrumb\"},\"inLanguage\":\"es\",\"potentialAction\":[{\"@type\":\"ReadAction\",\"target\":[\"https:\/\/empresas.infoempleo.com\/hrtrends\/primeros-auxilios-la-importancia-de-formar-a-los-empleados-en-situaciones-de-emergencia\/\"]}]},{\"@type\":\"ImageObject\",\"inLanguage\":\"es\",\"@id\":\"https:\/\/empresas.infoempleo.com\/hrtrends\/primeros-auxilios-la-importancia-de-formar-a-los-empleados-en-situaciones-de-emergencia\/#primaryimage\",\"url\":\"https:\/\/empresas.infoempleo.com\/hrtrends\/media\/2017\/05\/pexels-photo-205508-150x150.jpg\",\"contentUrl\":\"https:\/\/empresas.infoempleo.com\/hrtrends\/media\/2017\/05\/pexels-photo-205508-150x150.jpg\",\"width\":150,\"height\":150},{\"@type\":\"BreadcrumbList\",\"@id\":\"https:\/\/empresas.infoempleo.com\/hrtrends\/primeros-auxilios-la-importancia-de-formar-a-los-empleados-en-situaciones-de-emergencia\/#breadcrumb\",\"itemListElement\":[{\"@type\":\"ListItem\",\"position\":1,\"name\":\"Portada\",\"item\":\"https:\/\/empresas.infoempleo.com\/hrtrends\/\"},{\"@type\":\"ListItem\",\"position\":2,\"name\":\"Primeros Auxilios: la importancia de formar a los empleados en situaciones de emergencia\"}]},{\"@type\":\"WebSite\",\"@id\":\"https:\/\/empresas.infoempleo.com\/hrtrends\/#website\",\"url\":\"https:\/\/empresas.infoempleo.com\/hrtrends\",\"name\":\"HRTrends by Infoempleo\",\"description\":\"\",\"publisher\":{\"@id\":\"https:\/\/empresas.infoempleo.com\/hrtrends\/#organization\"},\"potentialAction\":{\"@type\":\"SearchAction\",\"target\":\"https:\/\/empresas.infoempleo.com\/hrtrends\/?s={search_term_string}\",\"query-input\":\"required name=search_term_string\"},\"inLanguage\":\"es\"},{\"@type\":\"Organization\",\"@id\":\"https:\/\/empresas.infoempleo.com\/hrtrends\/#organization\",\"name\":\"Infoempleo\",\"url\":\"https:\/\/www.infoempleo.com\/\",\"logo\":{\"@type\":\"ImageObject\",\"@id\":\"https:\/\/empresas.infoempleo.com\/hrtrends\/#logo\",\"inLanguage\":\"es\",\"url\":\"https:\/\/cdnazure.infoempleo.com\/infoempleo\/assets\/style\/gfx\/logo.svg\",\"contentUrl\":\"https:\/\/cdnazure.infoempleo.com\/infoempleo\/assets\/style\/gfx\/logo.svg\",\"width\":150,\"height\":40,\"caption\":\"Infoempleo\"},\"image\":{\"@id\":\"https:\/\/empresas.infoempleo.com\/hrtrends\/#logo\"},\"sameAs\":[\"https:\/\/www.facebook.com\/Infoempleo\",\"https:\/\/x.com\/infoempleo\",\"http:\/\/instagram.com\/infoempleo\/\",\"http:\/\/www.linkedin.com\/groups\/Empleo-Espa\u00f1a-Infoempleocom-111276\",\"http:\/\/pinterest.com\/infoempleo\/\"],\"address\":{\"@type\":\"PostalAddress\",\"addressLocality\":\"Madrid\",\"postalCode\":\"28050\",\"streetAddress\":\"Avenida de Burgos 114\"},\"brand\":[\"Infoempleo\"]},{\"@type\":\"Person\",\"@id\":\"https:\/\/empresas.infoempleo.com\/hrtrends\/#\/schema\/person\/fb2f949a1461ff0e9e15996d82d3a787\",\"name\":\"Raquel Hern\u00e1ndez\",\"image\":{\"@type\":\"ImageObject\",\"inLanguage\":\"es\",\"@id\":\"https:\/\/empresas.infoempleo.com\/hrtrends\/#\/schema\/person\/image\/\",\"url\":\"https:\/\/secure.gravatar.com\/avatar\/4ccd374b24ab5eefd1b7681d8be968df221a577fa3ffa9dc4bb4b537645dc6a2?s=96&d=mm&r=g\",\"contentUrl\":\"https:\/\/secure.gravatar.com\/avatar\/4ccd374b24ab5eefd1b7681d8be968df221a577fa3ffa9dc4bb4b537645dc6a2?s=96&d=mm&r=g\",\"caption\":\"Raquel Hern\u00e1ndez\"},\"description\":\"M\u00e1ster en Filosof\u00eda Contempor\u00e1nea y Diploma Experto en Salud y G\u00e9nero. Extensa experiencia profesional como directora y productora de eventos culturales, especializada en el sector editorial. Lectora profesional y redactora de contenidos relacionados con el empleo, la innovaci\u00f3n y la educaci\u00f3n.\",\"url\":\"https:\/\/empresas.infoempleo.com\/hrtrends\/author\/raquel-hernandez\/\"}]}<\/script>\n<!-- \/ Yoast SEO plugin. -->","yoast_head_json":{"title":"Primeros Auxilios: la importancia de formar a los empleados en situaciones de emergencia | HRTRENDS","robots":{"index":"index","follow":"follow","max-snippet":"max-snippet:-1","max-image-preview":"max-image-preview:large","max-video-preview":"max-video-preview:-1"},"canonical":"https:\/\/empresas.infoempleo.com\/hrtrends\/primeros-auxilios-la-importancia-de-formar-a-los-empleados-en-situaciones-de-emergencia\/","og_locale":"es_ES","og_type":"article","og_title":"Primeros Auxilios: la importancia de formar a los empleados en situaciones de emergencia | HRTRENDS","og_description":"Los primeros auxilios est\u00e1n dise\u00f1ados para atender al compa\u00f1ero mientras que llegan los servicios de asistencia. La NTP Leer m\u00e1s","og_url":"https:\/\/empresas.infoempleo.com\/hrtrends\/primeros-auxilios-la-importancia-de-formar-a-los-empleados-en-situaciones-de-emergencia\/","og_site_name":"HRTRENDS","article_publisher":"https:\/\/www.facebook.com\/Infoempleo","article_published_time":"2023-05-30T23:00:00+00:00","article_modified_time":"2024-07-03T14:23:03+00:00","author":"Raquel Hern\u00e1ndez","twitter_card":"summary_large_image","twitter_creator":"@infoempleo","twitter_site":"@infoempleo","twitter_misc":{"Escrito por":"Raquel Hern\u00e1ndez","Tiempo de lectura":"4 minutos"},"schema":{"@context":"https:\/\/schema.org","@graph":[{"@type":"NewsArticle","@id":"https:\/\/empresas.infoempleo.com\/hrtrends\/primeros-auxilios-la-importancia-de-formar-a-los-empleados-en-situaciones-de-emergencia\/#article","isPartOf":{"@id":"https:\/\/empresas.infoempleo.com\/hrtrends\/primeros-auxilios-la-importancia-de-formar-a-los-empleados-en-situaciones-de-emergencia\/"},"author":{"name":"Raquel Hern\u00e1ndez","@id":"https:\/\/empresas.infoempleo.com\/hrtrends\/#\/schema\/person\/fb2f949a1461ff0e9e15996d82d3a787"},"headline":"Primeros Auxilios: la importancia de formar a los empleados en situaciones de emergencia","datePublished":"2023-05-30T23:00:00+00:00","dateModified":"2024-07-03T14:23:03+00:00","mainEntityOfPage":{"@id":"https:\/\/empresas.infoempleo.com\/hrtrends\/primeros-auxilios-la-importancia-de-formar-a-los-empleados-en-situaciones-de-emergencia\/"},"wordCount":686,"publisher":{"@id":"https:\/\/empresas.infoempleo.com\/hrtrends\/#organization"},"image":{"@id":"https:\/\/empresas.infoempleo.com\/hrtrends\/primeros-auxilios-la-importancia-de-formar-a-los-empleados-en-situaciones-de-emergencia\/#primaryimage"},"thumbnailUrl":"https:\/\/empresas.infoempleo.com\/hrtrends\/media\/2017\/05\/pexels-photo-205508.jpg","articleSection":["Formaci\u00f3n"],"inLanguage":"es","copyrightYear":"2023","copyrightHolder":{"@id":"https:\/\/empresas.infoempleo.com\/hrtrends\/#organization"}},{"@type":"WebPage","@id":"https:\/\/empresas.infoempleo.com\/hrtrends\/primeros-auxilios-la-importancia-de-formar-a-los-empleados-en-situaciones-de-emergencia\/","url":"https:\/\/empresas.infoempleo.com\/hrtrends\/primeros-auxilios-la-importancia-de-formar-a-los-empleados-en-situaciones-de-emergencia\/","name":"Primeros Auxilios: la importancia de formar a los empleados en situaciones de emergencia | HRTRENDS","isPartOf":{"@id":"https:\/\/empresas.infoempleo.com\/hrtrends\/#website"},"primaryImageOfPage":{"@id":"https:\/\/empresas.infoempleo.com\/hrtrends\/primeros-auxilios-la-importancia-de-formar-a-los-empleados-en-situaciones-de-emergencia\/#primaryimage"},"image":{"@id":"https:\/\/empresas.infoempleo.com\/hrtrends\/primeros-auxilios-la-importancia-de-formar-a-los-empleados-en-situaciones-de-emergencia\/#primaryimage"},"thumbnailUrl":"https:\/\/empresas.infoempleo.com\/hrtrends\/media\/2017\/05\/pexels-photo-205508.jpg","datePublished":"2023-05-30T23:00:00+00:00","dateModified":"2024-07-03T14:23:03+00:00","breadcrumb":{"@id":"https:\/\/empresas.infoempleo.com\/hrtrends\/primeros-auxilios-la-importancia-de-formar-a-los-empleados-en-situaciones-de-emergencia\/#breadcrumb"},"inLanguage":"es","potentialAction":[{"@type":"ReadAction","target":["https:\/\/empresas.infoempleo.com\/hrtrends\/primeros-auxilios-la-importancia-de-formar-a-los-empleados-en-situaciones-de-emergencia\/"]}]},{"@type":"ImageObject","inLanguage":"es","@id":"https:\/\/empresas.infoempleo.com\/hrtrends\/primeros-auxilios-la-importancia-de-formar-a-los-empleados-en-situaciones-de-emergencia\/#primaryimage","url":"https:\/\/empresas.infoempleo.com\/hrtrends\/media\/2017\/05\/pexels-photo-205508-150x150.jpg","contentUrl":"https:\/\/empresas.infoempleo.com\/hrtrends\/media\/2017\/05\/pexels-photo-205508-150x150.jpg","width":150,"height":150},{"@type":"BreadcrumbList","@id":"https:\/\/empresas.infoempleo.com\/hrtrends\/primeros-auxilios-la-importancia-de-formar-a-los-empleados-en-situaciones-de-emergencia\/#breadcrumb","itemListElement":[{"@type":"ListItem","position":1,"name":"Portada","item":"https:\/\/empresas.infoempleo.com\/hrtrends\/"},{"@type":"ListItem","position":2,"name":"Primeros Auxilios: la importancia de formar a los empleados en situaciones de emergencia"}]},{"@type":"WebSite","@id":"https:\/\/empresas.infoempleo.com\/hrtrends\/#website","url":"https:\/\/empresas.infoempleo.com\/hrtrends","name":"HRTrends by Infoempleo","description":"","publisher":{"@id":"https:\/\/empresas.infoempleo.com\/hrtrends\/#organization"},"potentialAction":{"@type":"SearchAction","target":"https:\/\/empresas.infoempleo.com\/hrtrends\/?s={search_term_string}","query-input":"required name=search_term_string"},"inLanguage":"es"},{"@type":"Organization","@id":"https:\/\/empresas.infoempleo.com\/hrtrends\/#organization","name":"Infoempleo","url":"https:\/\/www.infoempleo.com\/","logo":{"@type":"ImageObject","@id":"https:\/\/empresas.infoempleo.com\/hrtrends\/#logo","inLanguage":"es","url":"https:\/\/cdnazure.infoempleo.com\/infoempleo\/assets\/style\/gfx\/logo.svg","contentUrl":"https:\/\/cdnazure.infoempleo.com\/infoempleo\/assets\/style\/gfx\/logo.svg","width":150,"height":40,"caption":"Infoempleo"},"image":{"@id":"https:\/\/empresas.infoempleo.com\/hrtrends\/#logo"},"sameAs":["https:\/\/www.facebook.com\/Infoempleo","https:\/\/x.com\/infoempleo","http:\/\/instagram.com\/infoempleo\/","http:\/\/www.linkedin.com\/groups\/Empleo-Espa\u00f1a-Infoempleocom-111276","http:\/\/pinterest.com\/infoempleo\/"],"address":{"@type":"PostalAddress","addressLocality":"Madrid","postalCode":"28050","streetAddress":"Avenida de Burgos 114"},"brand":["Infoempleo"]},{"@type":"Person","@id":"https:\/\/empresas.infoempleo.com\/hrtrends\/#\/schema\/person\/fb2f949a1461ff0e9e15996d82d3a787","name":"Raquel Hern\u00e1ndez","image":{"@type":"ImageObject","inLanguage":"es","@id":"https:\/\/empresas.infoempleo.com\/hrtrends\/#\/schema\/person\/image\/","url":"https:\/\/secure.gravatar.com\/avatar\/4ccd374b24ab5eefd1b7681d8be968df221a577fa3ffa9dc4bb4b537645dc6a2?s=96&d=mm&r=g","contentUrl":"https:\/\/secure.gravatar.com\/avatar\/4ccd374b24ab5eefd1b7681d8be968df221a577fa3ffa9dc4bb4b537645dc6a2?s=96&d=mm&r=g","caption":"Raquel Hern\u00e1ndez"},"description":"M\u00e1ster en Filosof\u00eda Contempor\u00e1nea y Diploma Experto en Salud y G\u00e9nero. Extensa experiencia profesional como directora y productora de eventos culturales, especializada en el sector editorial. Lectora profesional y redactora de contenidos relacionados con el empleo, la innovaci\u00f3n y la educaci\u00f3n.","url":"https:\/\/empresas.infoempleo.com\/hrtrends\/author\/raquel-hernandez\/"}]}},"amp_enabled":true,"_links":{"self":[{"href":"https:\/\/empresas.infoempleo.com\/hrtrends\/wp-json\/wp\/v2\/posts\/43616","targetHints":{"allow":["GET"]}}],"collection":[{"href":"https:\/\/empresas.infoempleo.com\/hrtrends\/wp-json\/wp\/v2\/posts"}],"about":[{"href":"https:\/\/empresas.infoempleo.com\/hrtrends\/wp-json\/wp\/v2\/types\/post"}],"author":[{"embeddable":true,"href":"https:\/\/empresas.infoempleo.com\/hrtrends\/wp-json\/wp\/v2\/users\/136"}],"replies":[{"embeddable":true,"href":"https:\/\/empresas.infoempleo.com\/hrtrends\/wp-json\/wp\/v2\/comments?post=43616"}],"version-history":[{"count":1,"href":"https:\/\/empresas.infoempleo.com\/hrtrends\/wp-json\/wp\/v2\/posts\/43616\/revisions"}],"predecessor-version":[{"id":44221,"href":"https:\/\/empresas.infoempleo.com\/hrtrends\/wp-json\/wp\/v2\/posts\/43616\/revisions\/44221"}],"wp:featuredmedia":[{"embeddable":true,"href":"https:\/\/empresas.infoempleo.com\/hrtrends\/wp-json\/wp\/v2\/media\/29665"}],"wp:attachment":[{"href":"https:\/\/empresas.infoempleo.com\/hrtrends\/wp-json\/wp\/v2\/media?parent=43616"}],"wp:term":[{"taxonomy":"category","embeddable":true,"href":"https:\/\/empresas.infoempleo.com\/hrtrends\/wp-json\/wp\/v2\/categories?post=43616"},{"taxonomy":"post_tag","embeddable":true,"href":"https:\/\/empresas.infoempleo.com\/hrtrends\/wp-json\/wp\/v2\/tags?post=43616"}],"curies":[{"name":"wp","href":"https:\/\/api.w.org\/{rel}","templated":true}]}}