{"id":43615,"date":"2024-03-12T07:00:51","date_gmt":"2024-03-12T05:00:51","guid":{"rendered":"https:\/\/empresas.infoempleo.com\/hrtrends\/?p=43615"},"modified":"2024-06-30T22:49:50","modified_gmt":"2024-06-30T20:49:50","slug":"como-implementar-una-politica-de-resolucion-de-conflictos-efectiva","status":"publish","type":"post","link":"https:\/\/empresas.infoempleo.com\/hrtrends\/como-implementar-una-politica-de-resolucion-de-conflictos-efectiva\/","title":{"rendered":"C\u00f3mo implementar una pol\u00edtica de resoluci\u00f3n de conflictos efectiva"},"content":{"rendered":"<p>Una de las tareas m\u00e1s importantes del departamento de Recursos Humanos es la implementaci\u00f3n de una <strong>pol\u00edtica de resoluci\u00f3n de conflictos<\/strong> efectiva. Resulta inevitable que se produzcan <strong>roces entre personas y equipos<\/strong> que trabajan juntos, pero la falta de <strong>prevenci\u00f3n y mediaci\u00f3n<\/strong> pueden comprometer seriamente la productividad y la consecuci\u00f3n de los <strong>objetivos<\/strong> de la organizaci\u00f3n.<\/p>\n<h2>Qu\u00e9 pasa cuando no hay una pol\u00edtica de resoluci\u00f3n de conflictos<\/h2>\n<p>Las consecuencias que puede tener para tu organizaci\u00f3n el carecer de una pol\u00edtica de resoluci\u00f3n de conflictos son tangibles y pueden medirse. Porque no se trata solo de <strong>garantizar un buen ambiente de trabajo<\/strong> y evitar que se produzcan rencillas con potencial de malquistarse a largo plazo.<\/p>\n<p>Las personas gastamos una enorme cantidad de tiempo<strong> resolviendo nuestros conflictos<\/strong>. En el caso de los que tienen que ver con nuestro entorno laboral, ese tiempo se <strong>resta del tiempo efectivo de trabajo<\/strong>. Y si no se toma medida alguna, ese tiempo no har\u00e1 sino aumentar con el tiempo.<\/p>\n<p>Adem\u00e1s, determinadas situaciones, cuando se prolongan, tienen un l\u00f3gico <strong>efecto nocivo sobre la salud mental de las personas implicadas<\/strong>. Y las consecuencias ser\u00e1n casi seguro el <strong>aumento del absentismo laboral<\/strong> y el s\u00edndrome del burnout.<\/p>\n<p>Piensa tambi\u00e9n el coste para la empresa de las <strong>bajas m\u00e9dicas prolongadas<\/strong> y la necesidad de cubrir temporalmente el puesto con otra persona.<\/p>\n<p>Los <strong>servicios legales derivados<\/strong> de algunos conflictos tambi\u00e9n son un coste a\u00f1adido que se debe tener en cuenta.<\/p>\n<p>En definitiva, una adecuada pol\u00edtica de resoluci\u00f3n de conflictos <strong>ahorra dinero<\/strong> a la empresa, <strong>aumenta la productividad<\/strong> y favorece la <strong>retenci\u00f3n de talento<\/strong>. A continuaci\u00f3n ver\u00e1s c\u00f3mo implementarla en tu organizaci\u00f3n.<\/p>\n<h2>Analiza y eval\u00faa los conflictos en tu organizaci\u00f3n<\/h2>\n<p>El primer paso debe ser, no cabe duda, realizar un an\u00e1lisis en profundidad de <strong>cu\u00e1les son los conflictos que se producen con mayor frecuencia en tu organizaci\u00f3n<\/strong>. Asimismo, es importante que tengas claro cu\u00e1l ha sido el alcance de los mismos y el impacto que han tenido sobre el rendimiento de la plantilla y la comunicaci\u00f3n interna.<\/p>\n<p>De acuerdo con las causas que los originan, estos ser\u00edan los <strong>conflictos laborales m\u00e1s frecuentes<\/strong>:<\/p>\n<ul>\n<li>Derivados de la <strong>relaciones<\/strong> entre las personas.<\/li>\n<li>Producidos por <strong>informaci\u00f3n<\/strong><\/li>\n<li><strong><a href=\"https:\/\/empresas.infoempleo.com\/hrtrends\/conflictos-de-intereses-en-el-trabajo\/\" target=\"_blank\" rel=\"noopener\">Conflictos de intereses<\/a><\/strong> y objetivos personales.<\/li>\n<li><strong>Estructurales<\/strong>: cuando el flujo de trabajo y los objetivos organizacionales no est\u00e1n bien dise\u00f1ados.<\/li>\n<li>Por <strong>valores personales<\/strong> que entran en conflicto.<\/li>\n<\/ul>\n<p>&nbsp;<\/p>\n<h2>Dise\u00f1a una pol\u00edtica de resoluci\u00f3n de conflictos eficaz<\/h2>\n<p>En primer lugar debes tener muy claro cuales son los <strong>objetivos que quieres lograr<\/strong>. Por ejemplo, es muy posible que tu organizaci\u00f3n se est\u00e9 enfrentando a una rotaci\u00f3n de personal muy severa debido a un mal ambiente de trabajo. O quieres optimizar la comunicaci\u00f3n entre departamentos.<\/p>\n<p>Despu\u00e9s debes <strong>dise\u00f1ar un<\/strong> <strong>protocolo<\/strong> paso a paso que debe seguir cada vez que surge un conflicto.<\/p>\n<ul>\n<li><strong>Debe estar claro qui\u00e9n es la<\/strong> <strong>persona responsable<\/strong> a la que dirigirse para comunicar el hecho.<\/li>\n<li><strong>Se debe designar un<\/strong> <strong>mediador imparcial,<\/strong> que ser\u00e1 quien interceder\u00e1 entre las partes en conflicto (sean individuos o departamentos).<\/li>\n<li><strong>Despu\u00e9s se abrir\u00e1 una fase de<\/strong> <strong>negociaci\u00f3n<\/strong>.<\/li>\n<li><strong>Por \u00faltimo, un<\/strong> <strong>arbitraje<\/strong> <strong>designado tomar\u00e1 una decisi\u00f3n<\/strong> que ser\u00e1 vinculante para todas las partes.<\/li>\n<\/ul>\n<p>En todo momento debe quedar claro quienes son las <strong>partes responsables en el proceso<\/strong>, aparte desde luego del departamento de RRHH.<\/p>\n<p>Para que todo el proceso sea efectivo y transparente, se debe partir de un <strong>sistema de<\/strong> <strong>comunicaci\u00f3n de conflictos<\/strong> que garantice la discreci\u00f3n y la libertad de expresi\u00f3n. Si existe un clima de temor a comunicar un incidente o la seguridad de no ser escuchado, todo lo anterior no tendr\u00e1 sentido.<\/p>\n<p>Pero no olvides que la pol\u00edtica de resoluci\u00f3n de conflictos<strong> debe estar en<\/strong> <strong>continua revisi\u00f3n <\/strong>y evaluaci\u00f3n si quieres que sea eficaz.<\/p>\n<p>Por otro lado con el objeto de <strong>prevenir<\/strong> <strong>los conflictos<\/strong> antes de que se produzcan:<\/p>\n<ul>\n<li><strong>Organiza<\/strong> <strong>charlas y formaci\u00f3n<\/strong> sobre estrategias de resoluci\u00f3n para los l\u00edderes de equipo y personal.<\/li>\n<li><strong>Aseg\u00farate de que la<\/strong> <strong>comunicaci\u00f3n efectiva<\/strong> <strong>y la<\/strong> <strong>tolerancia<\/strong> forman parte de la cultura organizacional.<\/li>\n<\/ul>\n","protected":false},"excerpt":{"rendered":"<p>Una de las tareas m\u00e1s importantes del departamento de Recursos Humanos es la implementaci\u00f3n de una pol\u00edtica de<a class=\"moretag\" href=\"https:\/\/empresas.infoempleo.com\/hrtrends\/como-implementar-una-politica-de-resolucion-de-conflictos-efectiva\/\"> Leer m\u00e1s<\/a><\/p>\n","protected":false},"author":140,"featured_media":43939,"comment_status":"closed","ping_status":"closed","sticky":false,"template":"","format":"standard","meta":{"footnotes":""},"categories":[3],"tags":[3254,3630],"class_list":["post-43615","post","type-post","status-publish","format-standard","has-post-thumbnail","hentry","category-actualidad","tag-gestion-de-equipos","tag-resolucion-de-conflictos"],"yoast_head":"<!-- This site is optimized with the Yoast SEO plugin v26.1.1 - https:\/\/yoast.com\/wordpress\/plugins\/seo\/ -->\n<title>C\u00f3mo implementar una pol\u00edtica de resoluci\u00f3n de conflictos efectiva<\/title>\n<meta name=\"description\" content=\"Una de las tareas m\u00e1s importantes del departamento de Recursos Humanos es la implementaci\u00f3n de una pol\u00edtica de resoluci\u00f3n de conflictos efectiva.\" \/>\n<meta name=\"robots\" content=\"index, follow, max-snippet:-1, max-image-preview:large, max-video-preview:-1\" \/>\n<link rel=\"canonical\" href=\"https:\/\/empresas.infoempleo.com\/hrtrends\/como-implementar-una-politica-de-resolucion-de-conflictos-efectiva\/\" \/>\n<meta property=\"og:locale\" content=\"es_ES\" \/>\n<meta property=\"og:type\" content=\"article\" \/>\n<meta property=\"og:title\" content=\"C\u00f3mo implementar una pol\u00edtica de resoluci\u00f3n de conflictos efectiva\" \/>\n<meta property=\"og:description\" content=\"Una de las tareas m\u00e1s importantes del departamento de Recursos Humanos es la implementaci\u00f3n de una pol\u00edtica de resoluci\u00f3n de conflictos efectiva.\" \/>\n<meta property=\"og:url\" content=\"https:\/\/empresas.infoempleo.com\/hrtrends\/como-implementar-una-politica-de-resolucion-de-conflictos-efectiva\/\" \/>\n<meta property=\"og:site_name\" content=\"HRTRENDS\" \/>\n<meta property=\"article:publisher\" content=\"https:\/\/www.facebook.com\/Infoempleo\" \/>\n<meta property=\"article:published_time\" content=\"2024-03-12T05:00:51+00:00\" \/>\n<meta property=\"article:modified_time\" content=\"2024-06-30T20:49:50+00:00\" \/>\n<meta property=\"og:image\" content=\"https:\/\/empresas.infoempleo.com\/hrtrends\/media\/2024\/03\/Equipo-debatiendo-sin-una-politica-de-resolucion-de-conflictos-adecuada-1140x640-1.jpg\" \/>\n\t<meta property=\"og:image:width\" content=\"1140\" \/>\n\t<meta property=\"og:image:height\" content=\"640\" \/>\n\t<meta property=\"og:image:type\" content=\"image\/jpeg\" \/>\n<meta name=\"author\" content=\"Mario Moreno\" \/>\n<meta name=\"twitter:card\" content=\"summary_large_image\" \/>\n<meta name=\"twitter:creator\" content=\"@infoempleo\" \/>\n<meta name=\"twitter:site\" content=\"@infoempleo\" \/>\n<meta name=\"twitter:label1\" content=\"Escrito por\" \/>\n\t<meta name=\"twitter:data1\" content=\"Mario Moreno\" \/>\n\t<meta name=\"twitter:label2\" content=\"Tiempo de lectura\" \/>\n\t<meta name=\"twitter:data2\" content=\"3 minutos\" \/>\n<script type=\"application\/ld+json\" class=\"yoast-schema-graph\">{\"@context\":\"https:\/\/schema.org\",\"@graph\":[{\"@type\":\"NewsArticle\",\"@id\":\"https:\/\/empresas.infoempleo.com\/hrtrends\/como-implementar-una-politica-de-resolucion-de-conflictos-efectiva\/#article\",\"isPartOf\":{\"@id\":\"https:\/\/empresas.infoempleo.com\/hrtrends\/como-implementar-una-politica-de-resolucion-de-conflictos-efectiva\/\"},\"author\":{\"name\":\"Mario Moreno\",\"@id\":\"https:\/\/empresas.infoempleo.com\/hrtrends\/#\/schema\/person\/88b42392bdc432205cbf92369d8a60cd\"},\"headline\":\"C\u00f3mo implementar una pol\u00edtica de resoluci\u00f3n de conflictos efectiva\",\"datePublished\":\"2024-03-12T05:00:51+00:00\",\"dateModified\":\"2024-06-30T20:49:50+00:00\",\"mainEntityOfPage\":{\"@id\":\"https:\/\/empresas.infoempleo.com\/hrtrends\/como-implementar-una-politica-de-resolucion-de-conflictos-efectiva\/\"},\"wordCount\":731,\"publisher\":{\"@id\":\"https:\/\/empresas.infoempleo.com\/hrtrends\/#organization\"},\"image\":{\"@id\":\"https:\/\/empresas.infoempleo.com\/hrtrends\/como-implementar-una-politica-de-resolucion-de-conflictos-efectiva\/#primaryimage\"},\"thumbnailUrl\":\"https:\/\/empresas.infoempleo.com\/hrtrends\/media\/2024\/03\/Equipo-debatiendo-sin-una-politica-de-resolucion-de-conflictos-adecuada-1140x640-1.jpg\",\"keywords\":[\"gesti\u00f3n de equipos\",\"resoluci\u00f3n de conflictos\"],\"articleSection\":[\"Actualidad\"],\"inLanguage\":\"es\",\"copyrightYear\":\"2024\",\"copyrightHolder\":{\"@id\":\"https:\/\/empresas.infoempleo.com\/hrtrends\/#organization\"}},{\"@type\":\"WebPage\",\"@id\":\"https:\/\/empresas.infoempleo.com\/hrtrends\/como-implementar-una-politica-de-resolucion-de-conflictos-efectiva\/\",\"url\":\"https:\/\/empresas.infoempleo.com\/hrtrends\/como-implementar-una-politica-de-resolucion-de-conflictos-efectiva\/\",\"name\":\"C\u00f3mo implementar una pol\u00edtica de resoluci\u00f3n de conflictos efectiva\",\"isPartOf\":{\"@id\":\"https:\/\/empresas.infoempleo.com\/hrtrends\/#website\"},\"primaryImageOfPage\":{\"@id\":\"https:\/\/empresas.infoempleo.com\/hrtrends\/como-implementar-una-politica-de-resolucion-de-conflictos-efectiva\/#primaryimage\"},\"image\":{\"@id\":\"https:\/\/empresas.infoempleo.com\/hrtrends\/como-implementar-una-politica-de-resolucion-de-conflictos-efectiva\/#primaryimage\"},\"thumbnailUrl\":\"https:\/\/empresas.infoempleo.com\/hrtrends\/media\/2024\/03\/Equipo-debatiendo-sin-una-politica-de-resolucion-de-conflictos-adecuada-1140x640-1.jpg\",\"datePublished\":\"2024-03-12T05:00:51+00:00\",\"dateModified\":\"2024-06-30T20:49:50+00:00\",\"description\":\"Una de las tareas m\u00e1s importantes del departamento de Recursos Humanos es la implementaci\u00f3n de una pol\u00edtica de resoluci\u00f3n de conflictos efectiva.\",\"breadcrumb\":{\"@id\":\"https:\/\/empresas.infoempleo.com\/hrtrends\/como-implementar-una-politica-de-resolucion-de-conflictos-efectiva\/#breadcrumb\"},\"inLanguage\":\"es\",\"potentialAction\":[{\"@type\":\"ReadAction\",\"target\":[\"https:\/\/empresas.infoempleo.com\/hrtrends\/como-implementar-una-politica-de-resolucion-de-conflictos-efectiva\/\"]}]},{\"@type\":\"ImageObject\",\"inLanguage\":\"es\",\"@id\":\"https:\/\/empresas.infoempleo.com\/hrtrends\/como-implementar-una-politica-de-resolucion-de-conflictos-efectiva\/#primaryimage\",\"url\":\"https:\/\/empresas.infoempleo.com\/hrtrends\/media\/2024\/03\/Equipo-debatiendo-sin-una-politica-de-resolucion-de-conflictos-adecuada-1140x640-1-150x150.jpg\",\"contentUrl\":\"https:\/\/empresas.infoempleo.com\/hrtrends\/media\/2024\/03\/Equipo-debatiendo-sin-una-politica-de-resolucion-de-conflictos-adecuada-1140x640-1-150x150.jpg\",\"width\":150,\"height\":150},{\"@type\":\"BreadcrumbList\",\"@id\":\"https:\/\/empresas.infoempleo.com\/hrtrends\/como-implementar-una-politica-de-resolucion-de-conflictos-efectiva\/#breadcrumb\",\"itemListElement\":[{\"@type\":\"ListItem\",\"position\":1,\"name\":\"Portada\",\"item\":\"https:\/\/empresas.infoempleo.com\/hrtrends\/\"},{\"@type\":\"ListItem\",\"position\":2,\"name\":\"C\u00f3mo implementar una pol\u00edtica de resoluci\u00f3n de conflictos efectiva\"}]},{\"@type\":\"WebSite\",\"@id\":\"https:\/\/empresas.infoempleo.com\/hrtrends\/#website\",\"url\":\"https:\/\/empresas.infoempleo.com\/hrtrends\",\"name\":\"HRTrends by Infoempleo\",\"description\":\"\",\"publisher\":{\"@id\":\"https:\/\/empresas.infoempleo.com\/hrtrends\/#organization\"},\"potentialAction\":{\"@type\":\"SearchAction\",\"target\":\"https:\/\/empresas.infoempleo.com\/hrtrends\/?s={search_term_string}\",\"query-input\":\"required name=search_term_string\"},\"inLanguage\":\"es\"},{\"@type\":\"Organization\",\"@id\":\"https:\/\/empresas.infoempleo.com\/hrtrends\/#organization\",\"name\":\"Infoempleo\",\"url\":\"https:\/\/www.infoempleo.com\/\",\"logo\":{\"@type\":\"ImageObject\",\"@id\":\"https:\/\/empresas.infoempleo.com\/hrtrends\/#logo\",\"inLanguage\":\"es\",\"url\":\"https:\/\/cdnazure.infoempleo.com\/infoempleo\/assets\/style\/gfx\/logo.svg\",\"contentUrl\":\"https:\/\/cdnazure.infoempleo.com\/infoempleo\/assets\/style\/gfx\/logo.svg\",\"width\":150,\"height\":40,\"caption\":\"Infoempleo\"},\"image\":{\"@id\":\"https:\/\/empresas.infoempleo.com\/hrtrends\/#logo\"},\"sameAs\":[\"https:\/\/www.facebook.com\/Infoempleo\",\"https:\/\/x.com\/infoempleo\",\"http:\/\/instagram.com\/infoempleo\/\",\"http:\/\/www.linkedin.com\/groups\/Empleo-Espa\u00f1a-Infoempleocom-111276\",\"http:\/\/pinterest.com\/infoempleo\/\"],\"address\":{\"@type\":\"PostalAddress\",\"addressLocality\":\"Madrid\",\"postalCode\":\"28050\",\"streetAddress\":\"Avenida de Burgos 114\"},\"brand\":[\"Infoempleo\"]},{\"@type\":\"Person\",\"@id\":\"https:\/\/empresas.infoempleo.com\/hrtrends\/#\/schema\/person\/88b42392bdc432205cbf92369d8a60cd\",\"name\":\"Mario Moreno\",\"image\":{\"@type\":\"ImageObject\",\"inLanguage\":\"es\",\"@id\":\"https:\/\/empresas.infoempleo.com\/hrtrends\/#\/schema\/person\/image\/\",\"url\":\"https:\/\/secure.gravatar.com\/avatar\/8dae6578727951cbcab39cfbe7a83beef8ade9481dd83b8d55406be02b0ec42a?s=96&d=mm&r=g\",\"contentUrl\":\"https:\/\/secure.gravatar.com\/avatar\/8dae6578727951cbcab39cfbe7a83beef8ade9481dd83b8d55406be02b0ec42a?s=96&d=mm&r=g\",\"caption\":\"Mario Moreno\"},\"url\":\"https:\/\/empresas.infoempleo.com\/hrtrends\/author\/mariomoreno\/\"}]}<\/script>\n<!-- \/ Yoast SEO plugin. -->","yoast_head_json":{"title":"C\u00f3mo implementar una pol\u00edtica de resoluci\u00f3n de conflictos efectiva","description":"Una de las tareas m\u00e1s importantes del departamento de Recursos Humanos es la implementaci\u00f3n de una pol\u00edtica de resoluci\u00f3n de conflictos efectiva.","robots":{"index":"index","follow":"follow","max-snippet":"max-snippet:-1","max-image-preview":"max-image-preview:large","max-video-preview":"max-video-preview:-1"},"canonical":"https:\/\/empresas.infoempleo.com\/hrtrends\/como-implementar-una-politica-de-resolucion-de-conflictos-efectiva\/","og_locale":"es_ES","og_type":"article","og_title":"C\u00f3mo implementar una pol\u00edtica de resoluci\u00f3n de conflictos efectiva","og_description":"Una de las tareas m\u00e1s importantes del departamento de Recursos Humanos es la implementaci\u00f3n de una pol\u00edtica de resoluci\u00f3n de conflictos efectiva.","og_url":"https:\/\/empresas.infoempleo.com\/hrtrends\/como-implementar-una-politica-de-resolucion-de-conflictos-efectiva\/","og_site_name":"HRTRENDS","article_publisher":"https:\/\/www.facebook.com\/Infoempleo","article_published_time":"2024-03-12T05:00:51+00:00","article_modified_time":"2024-06-30T20:49:50+00:00","og_image":[{"width":1140,"height":640,"url":"https:\/\/empresas.infoempleo.com\/hrtrends\/media\/2024\/03\/Equipo-debatiendo-sin-una-politica-de-resolucion-de-conflictos-adecuada-1140x640-1.jpg","type":"image\/jpeg"}],"author":"Mario Moreno","twitter_card":"summary_large_image","twitter_creator":"@infoempleo","twitter_site":"@infoempleo","twitter_misc":{"Escrito por":"Mario Moreno","Tiempo de lectura":"3 minutos"},"schema":{"@context":"https:\/\/schema.org","@graph":[{"@type":"NewsArticle","@id":"https:\/\/empresas.infoempleo.com\/hrtrends\/como-implementar-una-politica-de-resolucion-de-conflictos-efectiva\/#article","isPartOf":{"@id":"https:\/\/empresas.infoempleo.com\/hrtrends\/como-implementar-una-politica-de-resolucion-de-conflictos-efectiva\/"},"author":{"name":"Mario Moreno","@id":"https:\/\/empresas.infoempleo.com\/hrtrends\/#\/schema\/person\/88b42392bdc432205cbf92369d8a60cd"},"headline":"C\u00f3mo implementar una pol\u00edtica de resoluci\u00f3n de conflictos efectiva","datePublished":"2024-03-12T05:00:51+00:00","dateModified":"2024-06-30T20:49:50+00:00","mainEntityOfPage":{"@id":"https:\/\/empresas.infoempleo.com\/hrtrends\/como-implementar-una-politica-de-resolucion-de-conflictos-efectiva\/"},"wordCount":731,"publisher":{"@id":"https:\/\/empresas.infoempleo.com\/hrtrends\/#organization"},"image":{"@id":"https:\/\/empresas.infoempleo.com\/hrtrends\/como-implementar-una-politica-de-resolucion-de-conflictos-efectiva\/#primaryimage"},"thumbnailUrl":"https:\/\/empresas.infoempleo.com\/hrtrends\/media\/2024\/03\/Equipo-debatiendo-sin-una-politica-de-resolucion-de-conflictos-adecuada-1140x640-1.jpg","keywords":["gesti\u00f3n de equipos","resoluci\u00f3n de conflictos"],"articleSection":["Actualidad"],"inLanguage":"es","copyrightYear":"2024","copyrightHolder":{"@id":"https:\/\/empresas.infoempleo.com\/hrtrends\/#organization"}},{"@type":"WebPage","@id":"https:\/\/empresas.infoempleo.com\/hrtrends\/como-implementar-una-politica-de-resolucion-de-conflictos-efectiva\/","url":"https:\/\/empresas.infoempleo.com\/hrtrends\/como-implementar-una-politica-de-resolucion-de-conflictos-efectiva\/","name":"C\u00f3mo implementar una pol\u00edtica de resoluci\u00f3n de conflictos efectiva","isPartOf":{"@id":"https:\/\/empresas.infoempleo.com\/hrtrends\/#website"},"primaryImageOfPage":{"@id":"https:\/\/empresas.infoempleo.com\/hrtrends\/como-implementar-una-politica-de-resolucion-de-conflictos-efectiva\/#primaryimage"},"image":{"@id":"https:\/\/empresas.infoempleo.com\/hrtrends\/como-implementar-una-politica-de-resolucion-de-conflictos-efectiva\/#primaryimage"},"thumbnailUrl":"https:\/\/empresas.infoempleo.com\/hrtrends\/media\/2024\/03\/Equipo-debatiendo-sin-una-politica-de-resolucion-de-conflictos-adecuada-1140x640-1.jpg","datePublished":"2024-03-12T05:00:51+00:00","dateModified":"2024-06-30T20:49:50+00:00","description":"Una de las tareas m\u00e1s importantes del departamento de Recursos Humanos es la implementaci\u00f3n de una pol\u00edtica de resoluci\u00f3n de conflictos efectiva.","breadcrumb":{"@id":"https:\/\/empresas.infoempleo.com\/hrtrends\/como-implementar-una-politica-de-resolucion-de-conflictos-efectiva\/#breadcrumb"},"inLanguage":"es","potentialAction":[{"@type":"ReadAction","target":["https:\/\/empresas.infoempleo.com\/hrtrends\/como-implementar-una-politica-de-resolucion-de-conflictos-efectiva\/"]}]},{"@type":"ImageObject","inLanguage":"es","@id":"https:\/\/empresas.infoempleo.com\/hrtrends\/como-implementar-una-politica-de-resolucion-de-conflictos-efectiva\/#primaryimage","url":"https:\/\/empresas.infoempleo.com\/hrtrends\/media\/2024\/03\/Equipo-debatiendo-sin-una-politica-de-resolucion-de-conflictos-adecuada-1140x640-1-150x150.jpg","contentUrl":"https:\/\/empresas.infoempleo.com\/hrtrends\/media\/2024\/03\/Equipo-debatiendo-sin-una-politica-de-resolucion-de-conflictos-adecuada-1140x640-1-150x150.jpg","width":150,"height":150},{"@type":"BreadcrumbList","@id":"https:\/\/empresas.infoempleo.com\/hrtrends\/como-implementar-una-politica-de-resolucion-de-conflictos-efectiva\/#breadcrumb","itemListElement":[{"@type":"ListItem","position":1,"name":"Portada","item":"https:\/\/empresas.infoempleo.com\/hrtrends\/"},{"@type":"ListItem","position":2,"name":"C\u00f3mo implementar una pol\u00edtica de resoluci\u00f3n de conflictos efectiva"}]},{"@type":"WebSite","@id":"https:\/\/empresas.infoempleo.com\/hrtrends\/#website","url":"https:\/\/empresas.infoempleo.com\/hrtrends","name":"HRTrends by Infoempleo","description":"","publisher":{"@id":"https:\/\/empresas.infoempleo.com\/hrtrends\/#organization"},"potentialAction":{"@type":"SearchAction","target":"https:\/\/empresas.infoempleo.com\/hrtrends\/?s={search_term_string}","query-input":"required name=search_term_string"},"inLanguage":"es"},{"@type":"Organization","@id":"https:\/\/empresas.infoempleo.com\/hrtrends\/#organization","name":"Infoempleo","url":"https:\/\/www.infoempleo.com\/","logo":{"@type":"ImageObject","@id":"https:\/\/empresas.infoempleo.com\/hrtrends\/#logo","inLanguage":"es","url":"https:\/\/cdnazure.infoempleo.com\/infoempleo\/assets\/style\/gfx\/logo.svg","contentUrl":"https:\/\/cdnazure.infoempleo.com\/infoempleo\/assets\/style\/gfx\/logo.svg","width":150,"height":40,"caption":"Infoempleo"},"image":{"@id":"https:\/\/empresas.infoempleo.com\/hrtrends\/#logo"},"sameAs":["https:\/\/www.facebook.com\/Infoempleo","https:\/\/x.com\/infoempleo","http:\/\/instagram.com\/infoempleo\/","http:\/\/www.linkedin.com\/groups\/Empleo-Espa\u00f1a-Infoempleocom-111276","http:\/\/pinterest.com\/infoempleo\/"],"address":{"@type":"PostalAddress","addressLocality":"Madrid","postalCode":"28050","streetAddress":"Avenida de Burgos 114"},"brand":["Infoempleo"]},{"@type":"Person","@id":"https:\/\/empresas.infoempleo.com\/hrtrends\/#\/schema\/person\/88b42392bdc432205cbf92369d8a60cd","name":"Mario Moreno","image":{"@type":"ImageObject","inLanguage":"es","@id":"https:\/\/empresas.infoempleo.com\/hrtrends\/#\/schema\/person\/image\/","url":"https:\/\/secure.gravatar.com\/avatar\/8dae6578727951cbcab39cfbe7a83beef8ade9481dd83b8d55406be02b0ec42a?s=96&d=mm&r=g","contentUrl":"https:\/\/secure.gravatar.com\/avatar\/8dae6578727951cbcab39cfbe7a83beef8ade9481dd83b8d55406be02b0ec42a?s=96&d=mm&r=g","caption":"Mario Moreno"},"url":"https:\/\/empresas.infoempleo.com\/hrtrends\/author\/mariomoreno\/"}]}},"amp_enabled":true,"_links":{"self":[{"href":"https:\/\/empresas.infoempleo.com\/hrtrends\/wp-json\/wp\/v2\/posts\/43615","targetHints":{"allow":["GET"]}}],"collection":[{"href":"https:\/\/empresas.infoempleo.com\/hrtrends\/wp-json\/wp\/v2\/posts"}],"about":[{"href":"https:\/\/empresas.infoempleo.com\/hrtrends\/wp-json\/wp\/v2\/types\/post"}],"author":[{"embeddable":true,"href":"https:\/\/empresas.infoempleo.com\/hrtrends\/wp-json\/wp\/v2\/users\/140"}],"replies":[{"embeddable":true,"href":"https:\/\/empresas.infoempleo.com\/hrtrends\/wp-json\/wp\/v2\/comments?post=43615"}],"version-history":[{"count":2,"href":"https:\/\/empresas.infoempleo.com\/hrtrends\/wp-json\/wp\/v2\/posts\/43615\/revisions"}],"predecessor-version":[{"id":43829,"href":"https:\/\/empresas.infoempleo.com\/hrtrends\/wp-json\/wp\/v2\/posts\/43615\/revisions\/43829"}],"wp:featuredmedia":[{"embeddable":true,"href":"https:\/\/empresas.infoempleo.com\/hrtrends\/wp-json\/wp\/v2\/media\/43939"}],"wp:attachment":[{"href":"https:\/\/empresas.infoempleo.com\/hrtrends\/wp-json\/wp\/v2\/media?parent=43615"}],"wp:term":[{"taxonomy":"category","embeddable":true,"href":"https:\/\/empresas.infoempleo.com\/hrtrends\/wp-json\/wp\/v2\/categories?post=43615"},{"taxonomy":"post_tag","embeddable":true,"href":"https:\/\/empresas.infoempleo.com\/hrtrends\/wp-json\/wp\/v2\/tags?post=43615"}],"curies":[{"name":"wp","href":"https:\/\/api.w.org\/{rel}","templated":true}]}}