{"id":43603,"date":"2023-09-13T00:00:00","date_gmt":"2023-09-12T23:00:00","guid":{"rendered":"https:\/\/empresas.infoempleo.com\/hrtrends\/?p=43603"},"modified":"2024-07-02T17:39:38","modified_gmt":"2024-07-02T15:39:38","slug":"gastos-anticipados-como-gestionarlos-adecuadamente","status":"publish","type":"post","link":"https:\/\/empresas.infoempleo.com\/hrtrends\/gastos-anticipados-como-gestionarlos-adecuadamente\/","title":{"rendered":"Gastos anticipados, \u00bfC\u00f3mo gestionarlos adecuadamente en una n\u00f3mina?"},"content":{"rendered":"<p>Entendemos por <strong>gastos anticipados<\/strong> aquellos que se realizan <strong>antes de haber recibido el producto o el servicio<\/strong> correspondiente por parte de la empresa. A su vez, estos pagos anticipados <strong>se contabilizan<\/strong> de una <strong>forma muy concreta<\/strong>, para no incurrir en importantes errores de c\u00e1lculo presupuestario o de balance.<\/p>\n<p>Adem\u00e1s de su <a href=\"https:\/\/empresas.infoempleo.com\/hrtrends\/dime-de-donde-eres-y-te-dire-como-llevas-las-cuentas\/\" target=\"_blank\" rel=\"noopener\">contabilidad<\/a>, en este art\u00edculo veremos que <strong>existen distintos tipos<\/strong> y c\u00f3mo podemos diferenciarlos de otros tipo de gastos y pagos anticipados.<\/p>\n<h2>Qu\u00e9 son los gastos anticipados. Algunos ejemplos<\/h2>\n<p>Como dec\u00edamos, un gasto anticipado <strong>es un pago por adelantado<\/strong> que realiza una empresa con anterioridad a la recepci\u00f3n de dicha compra o del servicio al que corresponde el pago. Generalmente, <strong>pueden aparecer dudas <\/strong>respecto a lo que podemos considerar pago anticipado y a lo que no. Es importante que los profesionales de la gesti\u00f3n de personas puedan conocer estas cuestiones, ya que la <strong><a href=\"https:\/\/empresas.infoempleo.com\/hrtrends\/rrhh-y-otros-departamentos\/\" target=\"_blank\" rel=\"noopener\">coordinaci\u00f3n de los RRHH con el resto de \u00e1mbitos de la empresa<\/a><\/strong> resulta primordial.<\/p>\n<p>Para<strong> saber diferenciarlo<\/strong>, debemos <strong>tener claro<\/strong> que se trata de un pago que <strong>generar\u00e1 un beneficio<\/strong> y que se <strong>realiza en el ejercicio presupuestario actual,<\/strong> pero que <strong>puede terminar de contabilizarse en el siguiente<\/strong>. De ah\u00ed, la importancia de gestionar correctamente este tipo de operaciones. <strong>Un error<\/strong> <strong>puede<\/strong> <strong>generar desviaciones<\/strong> en el presupuesto o en el flujo de caja de la empresa.<\/p>\n<p>Por \u00faltimo, podemos citar algunos<strong> ejemplos de gasto anticipado<\/strong>. Por ejemplo, la realizaci\u00f3n de un <strong>servicio de publicidad<\/strong> que se ejecutar\u00e1 a lo largo de dos a\u00f1os, el pago por la <strong>actualizaci\u00f3n de un software<\/strong> o de <strong>alquileres<\/strong>, o bien el <strong>arrendamiento de equipos<\/strong>.<\/p>\n<h2>\u00bfC\u00f3mo se contabiliza este tipo de gastos?<\/h2>\n<p><strong>Contablemente, los gastos anticipados son activos<\/strong>, ya que queda pendiente recibir el beneficio de dicho pago. <strong>El m\u00e1s com\u00fan<\/strong> <strong>de todos ellos es el pago de un seguro<\/strong>, que podemos realizar de forma anual o, en algunos casos, bianual.<\/p>\n<p>Al ser considerado como un activo, <strong>contabilizaremos<\/strong> <strong>este gasto en el<\/strong> <strong>asiento contable 480<\/strong>, destinado a dichos gastos anticipados. Y se realizar\u00e1 <strong>siguiendo el<\/strong> <strong>principio contable del devengo <\/strong>o lo que se denomina <em><strong>periodificaci\u00f3n contable<\/strong><\/em>. Este se\u00f1ala que el gasto se registrar\u00e1 cuando ocurra, pero se imputar\u00e1 en cada ejercicio aquella parte que corresponda, independientemente de si el pago se ha realizado en un per\u00edodo anterior. Este principio tambi\u00e9n se cumple cuando se trata de <strong>ingresos anticipados, utilizando en este caso el<\/strong> <strong>asiento contable 567<\/strong>, denominado <em><strong>intereses pagados por anticipado<\/strong>.<\/em><\/p>\n<p>La <strong>operativa<\/strong> es bastante sencilla. Veamos un <strong>ejemplo<\/strong> para terminar:<\/p>\n<p>Hemos pagado por anticipado un <strong>seguro de responsabilidad civil<\/strong> anual por un valor de 2.400 euros. En la <strong>fecha del pago<\/strong>, apuntaremos un <strong>d\u00e9bito de \u201cPago de Seguro\u201d<\/strong> <strong>por la cantidad<\/strong> <strong>del gasto en el que hemos incurrido<\/strong> y un cr\u00e9dito en la cuenta que tengamos asignada a \u201cBancos\u201d, si lo hemos pagado por transferencia, por el mismo valor.<\/p>\n<p>Imputaremos la<strong> parte de gasto correspondiente al a\u00f1o en curso y<\/strong> dejaremos el resto para imputarlo<strong> mes a mes en el a\u00f1o siguiente<\/strong>. Si lo hemos pagado en el mes de septiembre, al final del a\u00f1o imputaremos la cantidad correspondiente a lo devengado ese a\u00f1o: un d\u00e9bito por dicha cantidad en <em>Pago de Seguros<\/em>, y un cr\u00e9dito en el asiento 480, de <em>Gastos Anticipados<\/em>. El <strong>a\u00f1o siguiente<\/strong>, <strong>daremos la vuelta al asiento<\/strong> y registraremos un d\u00e9bito en <em>Gastos Anticipados<\/em> y la misma cantidad como cr\u00e9dito en <em>Pago de Seguros<\/em>. <strong>Lo haremos as\u00ed mes a mes<\/strong> hasta eliminar contablemente el total del pago anticipado.<\/p>\n","protected":false},"excerpt":{"rendered":"<p>Entendemos por gastos anticipados aquellos que se realizan antes de haber recibido el producto o el servicio correspondiente<a class=\"moretag\" href=\"https:\/\/empresas.infoempleo.com\/hrtrends\/gastos-anticipados-como-gestionarlos-adecuadamente\/\"> Leer m\u00e1s<\/a><\/p>\n","protected":false},"author":142,"featured_media":29665,"comment_status":"closed","ping_status":"closed","sticky":false,"template":"","format":"standard","meta":{"footnotes":""},"categories":[3035],"tags":[],"class_list":["post-43603","post","type-post","status-publish","format-standard","has-post-thumbnail","hentry","category-consejos"],"yoast_head":"<!-- This site is optimized with the Yoast SEO plugin v26.1.1 - https:\/\/yoast.com\/wordpress\/plugins\/seo\/ -->\n<title>Gastos anticipados, \u00bfC\u00f3mo gestionarlos adecuadamente en una n\u00f3mina? | HRTRENDS<\/title>\n<meta name=\"robots\" content=\"index, follow, max-snippet:-1, max-image-preview:large, max-video-preview:-1\" \/>\n<link rel=\"canonical\" href=\"https:\/\/empresas.infoempleo.com\/hrtrends\/gastos-anticipados-como-gestionarlos-adecuadamente\/\" \/>\n<meta property=\"og:locale\" content=\"es_ES\" \/>\n<meta property=\"og:type\" content=\"article\" \/>\n<meta property=\"og:title\" content=\"Gastos anticipados, \u00bfC\u00f3mo gestionarlos adecuadamente en una n\u00f3mina? | HRTRENDS\" \/>\n<meta property=\"og:description\" content=\"Entendemos por gastos anticipados aquellos que se realizan antes de haber recibido el producto o el servicio correspondiente Leer m\u00e1s\" \/>\n<meta property=\"og:url\" content=\"https:\/\/empresas.infoempleo.com\/hrtrends\/gastos-anticipados-como-gestionarlos-adecuadamente\/\" \/>\n<meta property=\"og:site_name\" content=\"HRTRENDS\" \/>\n<meta property=\"article:publisher\" content=\"https:\/\/www.facebook.com\/Infoempleo\" \/>\n<meta property=\"article:published_time\" content=\"2023-09-12T23:00:00+00:00\" \/>\n<meta property=\"article:modified_time\" content=\"2024-07-02T15:39:38+00:00\" \/>\n<meta name=\"author\" content=\"Javier F. Parra\" \/>\n<meta name=\"twitter:card\" content=\"summary_large_image\" \/>\n<meta name=\"twitter:creator\" content=\"@infoempleo\" \/>\n<meta name=\"twitter:site\" content=\"@infoempleo\" \/>\n<meta name=\"twitter:label1\" content=\"Escrito por\" \/>\n\t<meta name=\"twitter:data1\" content=\"Javier F. Parra\" \/>\n\t<meta name=\"twitter:label2\" content=\"Tiempo de lectura\" \/>\n\t<meta name=\"twitter:data2\" content=\"3 minutos\" \/>\n<script type=\"application\/ld+json\" class=\"yoast-schema-graph\">{\"@context\":\"https:\/\/schema.org\",\"@graph\":[{\"@type\":\"NewsArticle\",\"@id\":\"https:\/\/empresas.infoempleo.com\/hrtrends\/gastos-anticipados-como-gestionarlos-adecuadamente\/#article\",\"isPartOf\":{\"@id\":\"https:\/\/empresas.infoempleo.com\/hrtrends\/gastos-anticipados-como-gestionarlos-adecuadamente\/\"},\"author\":{\"name\":\"Javier F. Parra\",\"@id\":\"https:\/\/empresas.infoempleo.com\/hrtrends\/#\/schema\/person\/bfe2fef977b750c22ac6f7d254c75afe\"},\"headline\":\"Gastos anticipados, \u00bfC\u00f3mo gestionarlos adecuadamente en una n\u00f3mina?\",\"datePublished\":\"2023-09-12T23:00:00+00:00\",\"dateModified\":\"2024-07-02T15:39:38+00:00\",\"mainEntityOfPage\":{\"@id\":\"https:\/\/empresas.infoempleo.com\/hrtrends\/gastos-anticipados-como-gestionarlos-adecuadamente\/\"},\"wordCount\":606,\"publisher\":{\"@id\":\"https:\/\/empresas.infoempleo.com\/hrtrends\/#organization\"},\"image\":{\"@id\":\"https:\/\/empresas.infoempleo.com\/hrtrends\/gastos-anticipados-como-gestionarlos-adecuadamente\/#primaryimage\"},\"thumbnailUrl\":\"https:\/\/empresas.infoempleo.com\/hrtrends\/media\/2017\/05\/pexels-photo-205508.jpg\",\"articleSection\":[\"Consejos\"],\"inLanguage\":\"es\",\"copyrightYear\":\"2023\",\"copyrightHolder\":{\"@id\":\"https:\/\/empresas.infoempleo.com\/hrtrends\/#organization\"}},{\"@type\":\"WebPage\",\"@id\":\"https:\/\/empresas.infoempleo.com\/hrtrends\/gastos-anticipados-como-gestionarlos-adecuadamente\/\",\"url\":\"https:\/\/empresas.infoempleo.com\/hrtrends\/gastos-anticipados-como-gestionarlos-adecuadamente\/\",\"name\":\"Gastos anticipados, \u00bfC\u00f3mo gestionarlos adecuadamente en una n\u00f3mina? | HRTRENDS\",\"isPartOf\":{\"@id\":\"https:\/\/empresas.infoempleo.com\/hrtrends\/#website\"},\"primaryImageOfPage\":{\"@id\":\"https:\/\/empresas.infoempleo.com\/hrtrends\/gastos-anticipados-como-gestionarlos-adecuadamente\/#primaryimage\"},\"image\":{\"@id\":\"https:\/\/empresas.infoempleo.com\/hrtrends\/gastos-anticipados-como-gestionarlos-adecuadamente\/#primaryimage\"},\"thumbnailUrl\":\"https:\/\/empresas.infoempleo.com\/hrtrends\/media\/2017\/05\/pexels-photo-205508.jpg\",\"datePublished\":\"2023-09-12T23:00:00+00:00\",\"dateModified\":\"2024-07-02T15:39:38+00:00\",\"breadcrumb\":{\"@id\":\"https:\/\/empresas.infoempleo.com\/hrtrends\/gastos-anticipados-como-gestionarlos-adecuadamente\/#breadcrumb\"},\"inLanguage\":\"es\",\"potentialAction\":[{\"@type\":\"ReadAction\",\"target\":[\"https:\/\/empresas.infoempleo.com\/hrtrends\/gastos-anticipados-como-gestionarlos-adecuadamente\/\"]}]},{\"@type\":\"ImageObject\",\"inLanguage\":\"es\",\"@id\":\"https:\/\/empresas.infoempleo.com\/hrtrends\/gastos-anticipados-como-gestionarlos-adecuadamente\/#primaryimage\",\"url\":\"https:\/\/empresas.infoempleo.com\/hrtrends\/media\/2017\/05\/pexels-photo-205508-150x150.jpg\",\"contentUrl\":\"https:\/\/empresas.infoempleo.com\/hrtrends\/media\/2017\/05\/pexels-photo-205508-150x150.jpg\",\"width\":150,\"height\":150},{\"@type\":\"BreadcrumbList\",\"@id\":\"https:\/\/empresas.infoempleo.com\/hrtrends\/gastos-anticipados-como-gestionarlos-adecuadamente\/#breadcrumb\",\"itemListElement\":[{\"@type\":\"ListItem\",\"position\":1,\"name\":\"Portada\",\"item\":\"https:\/\/empresas.infoempleo.com\/hrtrends\/\"},{\"@type\":\"ListItem\",\"position\":2,\"name\":\"Gastos anticipados, \u00bfC\u00f3mo gestionarlos adecuadamente en una n\u00f3mina?\"}]},{\"@type\":\"WebSite\",\"@id\":\"https:\/\/empresas.infoempleo.com\/hrtrends\/#website\",\"url\":\"https:\/\/empresas.infoempleo.com\/hrtrends\",\"name\":\"HRTrends by Infoempleo\",\"description\":\"\",\"publisher\":{\"@id\":\"https:\/\/empresas.infoempleo.com\/hrtrends\/#organization\"},\"potentialAction\":{\"@type\":\"SearchAction\",\"target\":\"https:\/\/empresas.infoempleo.com\/hrtrends\/?s={search_term_string}\",\"query-input\":\"required name=search_term_string\"},\"inLanguage\":\"es\"},{\"@type\":\"Organization\",\"@id\":\"https:\/\/empresas.infoempleo.com\/hrtrends\/#organization\",\"name\":\"Infoempleo\",\"url\":\"https:\/\/www.infoempleo.com\/\",\"logo\":{\"@type\":\"ImageObject\",\"@id\":\"https:\/\/empresas.infoempleo.com\/hrtrends\/#logo\",\"inLanguage\":\"es\",\"url\":\"https:\/\/cdnazure.infoempleo.com\/infoempleo\/assets\/style\/gfx\/logo.svg\",\"contentUrl\":\"https:\/\/cdnazure.infoempleo.com\/infoempleo\/assets\/style\/gfx\/logo.svg\",\"width\":150,\"height\":40,\"caption\":\"Infoempleo\"},\"image\":{\"@id\":\"https:\/\/empresas.infoempleo.com\/hrtrends\/#logo\"},\"sameAs\":[\"https:\/\/www.facebook.com\/Infoempleo\",\"https:\/\/x.com\/infoempleo\",\"http:\/\/instagram.com\/infoempleo\/\",\"http:\/\/www.linkedin.com\/groups\/Empleo-Espa\u00f1a-Infoempleocom-111276\",\"http:\/\/pinterest.com\/infoempleo\/\"],\"address\":{\"@type\":\"PostalAddress\",\"addressLocality\":\"Madrid\",\"postalCode\":\"28050\",\"streetAddress\":\"Avenida de Burgos 114\"},\"brand\":[\"Infoempleo\"]},{\"@type\":\"Person\",\"@id\":\"https:\/\/empresas.infoempleo.com\/hrtrends\/#\/schema\/person\/bfe2fef977b750c22ac6f7d254c75afe\",\"name\":\"Javier F. Parra\",\"image\":{\"@type\":\"ImageObject\",\"inLanguage\":\"es\",\"@id\":\"https:\/\/empresas.infoempleo.com\/hrtrends\/#\/schema\/person\/image\/\",\"url\":\"https:\/\/secure.gravatar.com\/avatar\/cc7a816c43a98631bfc25486db802fb539f4c937146762f45a94d9b4d1ea0721?s=96&d=mm&r=g\",\"contentUrl\":\"https:\/\/secure.gravatar.com\/avatar\/cc7a816c43a98631bfc25486db802fb539f4c937146762f45a94d9b4d1ea0721?s=96&d=mm&r=g\",\"caption\":\"Javier F. Parra\"},\"description\":\"Licenciado en Pedagog\u00eda Sociolaboral. M\u00e1ster en Direcci\u00f3n y Gesti\u00f3n de Recursos Humanos y Postgrado en Prevenci\u00f3n de Riesgos Laborales. Desde hace m\u00e1s de 15 a\u00f1os me dedico a la formaci\u00f3n, la asesor\u00eda de empresas y al apoyo directo a personas que quieren emprender un negocio. Me interesan la pol\u00edtica, la literatura, la Historia y las personas, aunque no necesariamente en ese orden.\",\"url\":\"https:\/\/empresas.infoempleo.com\/hrtrends\/author\/javieryerro80gmail-com\/\"}]}<\/script>\n<!-- \/ Yoast SEO plugin. -->","yoast_head_json":{"title":"Gastos anticipados, \u00bfC\u00f3mo gestionarlos adecuadamente en una n\u00f3mina? | HRTRENDS","robots":{"index":"index","follow":"follow","max-snippet":"max-snippet:-1","max-image-preview":"max-image-preview:large","max-video-preview":"max-video-preview:-1"},"canonical":"https:\/\/empresas.infoempleo.com\/hrtrends\/gastos-anticipados-como-gestionarlos-adecuadamente\/","og_locale":"es_ES","og_type":"article","og_title":"Gastos anticipados, \u00bfC\u00f3mo gestionarlos adecuadamente en una n\u00f3mina? | HRTRENDS","og_description":"Entendemos por gastos anticipados aquellos que se realizan antes de haber recibido el producto o el servicio correspondiente Leer m\u00e1s","og_url":"https:\/\/empresas.infoempleo.com\/hrtrends\/gastos-anticipados-como-gestionarlos-adecuadamente\/","og_site_name":"HRTRENDS","article_publisher":"https:\/\/www.facebook.com\/Infoempleo","article_published_time":"2023-09-12T23:00:00+00:00","article_modified_time":"2024-07-02T15:39:38+00:00","author":"Javier F. Parra","twitter_card":"summary_large_image","twitter_creator":"@infoempleo","twitter_site":"@infoempleo","twitter_misc":{"Escrito por":"Javier F. Parra","Tiempo de lectura":"3 minutos"},"schema":{"@context":"https:\/\/schema.org","@graph":[{"@type":"NewsArticle","@id":"https:\/\/empresas.infoempleo.com\/hrtrends\/gastos-anticipados-como-gestionarlos-adecuadamente\/#article","isPartOf":{"@id":"https:\/\/empresas.infoempleo.com\/hrtrends\/gastos-anticipados-como-gestionarlos-adecuadamente\/"},"author":{"name":"Javier F. Parra","@id":"https:\/\/empresas.infoempleo.com\/hrtrends\/#\/schema\/person\/bfe2fef977b750c22ac6f7d254c75afe"},"headline":"Gastos anticipados, \u00bfC\u00f3mo gestionarlos adecuadamente en una n\u00f3mina?","datePublished":"2023-09-12T23:00:00+00:00","dateModified":"2024-07-02T15:39:38+00:00","mainEntityOfPage":{"@id":"https:\/\/empresas.infoempleo.com\/hrtrends\/gastos-anticipados-como-gestionarlos-adecuadamente\/"},"wordCount":606,"publisher":{"@id":"https:\/\/empresas.infoempleo.com\/hrtrends\/#organization"},"image":{"@id":"https:\/\/empresas.infoempleo.com\/hrtrends\/gastos-anticipados-como-gestionarlos-adecuadamente\/#primaryimage"},"thumbnailUrl":"https:\/\/empresas.infoempleo.com\/hrtrends\/media\/2017\/05\/pexels-photo-205508.jpg","articleSection":["Consejos"],"inLanguage":"es","copyrightYear":"2023","copyrightHolder":{"@id":"https:\/\/empresas.infoempleo.com\/hrtrends\/#organization"}},{"@type":"WebPage","@id":"https:\/\/empresas.infoempleo.com\/hrtrends\/gastos-anticipados-como-gestionarlos-adecuadamente\/","url":"https:\/\/empresas.infoempleo.com\/hrtrends\/gastos-anticipados-como-gestionarlos-adecuadamente\/","name":"Gastos anticipados, \u00bfC\u00f3mo gestionarlos adecuadamente en una n\u00f3mina? | HRTRENDS","isPartOf":{"@id":"https:\/\/empresas.infoempleo.com\/hrtrends\/#website"},"primaryImageOfPage":{"@id":"https:\/\/empresas.infoempleo.com\/hrtrends\/gastos-anticipados-como-gestionarlos-adecuadamente\/#primaryimage"},"image":{"@id":"https:\/\/empresas.infoempleo.com\/hrtrends\/gastos-anticipados-como-gestionarlos-adecuadamente\/#primaryimage"},"thumbnailUrl":"https:\/\/empresas.infoempleo.com\/hrtrends\/media\/2017\/05\/pexels-photo-205508.jpg","datePublished":"2023-09-12T23:00:00+00:00","dateModified":"2024-07-02T15:39:38+00:00","breadcrumb":{"@id":"https:\/\/empresas.infoempleo.com\/hrtrends\/gastos-anticipados-como-gestionarlos-adecuadamente\/#breadcrumb"},"inLanguage":"es","potentialAction":[{"@type":"ReadAction","target":["https:\/\/empresas.infoempleo.com\/hrtrends\/gastos-anticipados-como-gestionarlos-adecuadamente\/"]}]},{"@type":"ImageObject","inLanguage":"es","@id":"https:\/\/empresas.infoempleo.com\/hrtrends\/gastos-anticipados-como-gestionarlos-adecuadamente\/#primaryimage","url":"https:\/\/empresas.infoempleo.com\/hrtrends\/media\/2017\/05\/pexels-photo-205508-150x150.jpg","contentUrl":"https:\/\/empresas.infoempleo.com\/hrtrends\/media\/2017\/05\/pexels-photo-205508-150x150.jpg","width":150,"height":150},{"@type":"BreadcrumbList","@id":"https:\/\/empresas.infoempleo.com\/hrtrends\/gastos-anticipados-como-gestionarlos-adecuadamente\/#breadcrumb","itemListElement":[{"@type":"ListItem","position":1,"name":"Portada","item":"https:\/\/empresas.infoempleo.com\/hrtrends\/"},{"@type":"ListItem","position":2,"name":"Gastos anticipados, \u00bfC\u00f3mo gestionarlos adecuadamente en una n\u00f3mina?"}]},{"@type":"WebSite","@id":"https:\/\/empresas.infoempleo.com\/hrtrends\/#website","url":"https:\/\/empresas.infoempleo.com\/hrtrends","name":"HRTrends by Infoempleo","description":"","publisher":{"@id":"https:\/\/empresas.infoempleo.com\/hrtrends\/#organization"},"potentialAction":{"@type":"SearchAction","target":"https:\/\/empresas.infoempleo.com\/hrtrends\/?s={search_term_string}","query-input":"required name=search_term_string"},"inLanguage":"es"},{"@type":"Organization","@id":"https:\/\/empresas.infoempleo.com\/hrtrends\/#organization","name":"Infoempleo","url":"https:\/\/www.infoempleo.com\/","logo":{"@type":"ImageObject","@id":"https:\/\/empresas.infoempleo.com\/hrtrends\/#logo","inLanguage":"es","url":"https:\/\/cdnazure.infoempleo.com\/infoempleo\/assets\/style\/gfx\/logo.svg","contentUrl":"https:\/\/cdnazure.infoempleo.com\/infoempleo\/assets\/style\/gfx\/logo.svg","width":150,"height":40,"caption":"Infoempleo"},"image":{"@id":"https:\/\/empresas.infoempleo.com\/hrtrends\/#logo"},"sameAs":["https:\/\/www.facebook.com\/Infoempleo","https:\/\/x.com\/infoempleo","http:\/\/instagram.com\/infoempleo\/","http:\/\/www.linkedin.com\/groups\/Empleo-Espa\u00f1a-Infoempleocom-111276","http:\/\/pinterest.com\/infoempleo\/"],"address":{"@type":"PostalAddress","addressLocality":"Madrid","postalCode":"28050","streetAddress":"Avenida de Burgos 114"},"brand":["Infoempleo"]},{"@type":"Person","@id":"https:\/\/empresas.infoempleo.com\/hrtrends\/#\/schema\/person\/bfe2fef977b750c22ac6f7d254c75afe","name":"Javier F. Parra","image":{"@type":"ImageObject","inLanguage":"es","@id":"https:\/\/empresas.infoempleo.com\/hrtrends\/#\/schema\/person\/image\/","url":"https:\/\/secure.gravatar.com\/avatar\/cc7a816c43a98631bfc25486db802fb539f4c937146762f45a94d9b4d1ea0721?s=96&d=mm&r=g","contentUrl":"https:\/\/secure.gravatar.com\/avatar\/cc7a816c43a98631bfc25486db802fb539f4c937146762f45a94d9b4d1ea0721?s=96&d=mm&r=g","caption":"Javier F. Parra"},"description":"Licenciado en Pedagog\u00eda Sociolaboral. M\u00e1ster en Direcci\u00f3n y Gesti\u00f3n de Recursos Humanos y Postgrado en Prevenci\u00f3n de Riesgos Laborales. Desde hace m\u00e1s de 15 a\u00f1os me dedico a la formaci\u00f3n, la asesor\u00eda de empresas y al apoyo directo a personas que quieren emprender un negocio. Me interesan la pol\u00edtica, la literatura, la Historia y las personas, aunque no necesariamente en ese orden.","url":"https:\/\/empresas.infoempleo.com\/hrtrends\/author\/javieryerro80gmail-com\/"}]}},"amp_enabled":true,"_links":{"self":[{"href":"https:\/\/empresas.infoempleo.com\/hrtrends\/wp-json\/wp\/v2\/posts\/43603","targetHints":{"allow":["GET"]}}],"collection":[{"href":"https:\/\/empresas.infoempleo.com\/hrtrends\/wp-json\/wp\/v2\/posts"}],"about":[{"href":"https:\/\/empresas.infoempleo.com\/hrtrends\/wp-json\/wp\/v2\/types\/post"}],"author":[{"embeddable":true,"href":"https:\/\/empresas.infoempleo.com\/hrtrends\/wp-json\/wp\/v2\/users\/142"}],"replies":[{"embeddable":true,"href":"https:\/\/empresas.infoempleo.com\/hrtrends\/wp-json\/wp\/v2\/comments?post=43603"}],"version-history":[{"count":1,"href":"https:\/\/empresas.infoempleo.com\/hrtrends\/wp-json\/wp\/v2\/posts\/43603\/revisions"}],"predecessor-version":[{"id":44141,"href":"https:\/\/empresas.infoempleo.com\/hrtrends\/wp-json\/wp\/v2\/posts\/43603\/revisions\/44141"}],"wp:featuredmedia":[{"embeddable":true,"href":"https:\/\/empresas.infoempleo.com\/hrtrends\/wp-json\/wp\/v2\/media\/29665"}],"wp:attachment":[{"href":"https:\/\/empresas.infoempleo.com\/hrtrends\/wp-json\/wp\/v2\/media?parent=43603"}],"wp:term":[{"taxonomy":"category","embeddable":true,"href":"https:\/\/empresas.infoempleo.com\/hrtrends\/wp-json\/wp\/v2\/categories?post=43603"},{"taxonomy":"post_tag","embeddable":true,"href":"https:\/\/empresas.infoempleo.com\/hrtrends\/wp-json\/wp\/v2\/tags?post=43603"}],"curies":[{"name":"wp","href":"https:\/\/api.w.org\/{rel}","templated":true}]}}