{"id":43602,"date":"2023-10-10T00:00:00","date_gmt":"2023-10-09T23:00:00","guid":{"rendered":"https:\/\/empresas.infoempleo.com\/hrtrends\/?p=43602"},"modified":"2024-07-02T17:25:02","modified_gmt":"2024-07-02T15:25:02","slug":"conoce-el-test-16-pf-para-la-seleccion-de-personal-en-la-empresa","status":"publish","type":"post","link":"https:\/\/empresas.infoempleo.com\/hrtrends\/conoce-el-test-16-pf-para-la-seleccion-de-personal-en-la-empresa\/","title":{"rendered":"Conoce el Test 16 PF para la selecci\u00f3n de personal en la empresa"},"content":{"rendered":"<p>\u00bfSabes en qu\u00e9 consiste el <strong>Test 16 PF<\/strong>? Este test es una <strong>prueba psicol\u00f3gica<\/strong> que permite <strong>analizar los rasgos personales y las cualidades de los individuos<\/strong>. Es un <strong>cuestionario de personalidad<\/strong> basado en la comparativa de las respuestas sobre comportamiento. <strong>Sirve para los proceso<\/strong>s <strong>selectivos,<\/strong> pero tambi\u00e9n para elegir los perfiles que encajan m\u00e1s para un ascenso.<strong> Orientado al \u00e1mbito laboral<\/strong> tiene ventajas, como la econom\u00eda de recursos, pues son preguntas tipo test, y desventajas, como la dudosa objetividad alcanzada. La interpretaci\u00f3n del Test 16 PF ha sido calificada por expertos como subjetiva y no libre de sesgos.<\/p>\n<h2>Conoce el Test 16 PF de personalidad<\/h2>\n<p>El <strong>Test 16 PF<\/strong>\u00a0es uno de los cuestionarios m\u00e1s usados para <strong>conocer el perfil psicol\u00f3gico de una candidatura<\/strong> en un proceso de <strong>selecci\u00f3n de personal<\/strong>. Los 16 factores de personalidad, medidos por el cuestionario 16PF, fueron creados con el fin de evaluar la personalidad de una persona, no para diagnosticar trastornos ni para analizar una psicopatolog\u00eda.<\/p>\n<p>Evaluar la diferencia singular de cada candidatura puede resultar arriesgado en t\u00e9rminos de p\u00e9rdida de objetividad o criterios. Por eso, este <strong>cuestionario 16PF, creado originalmente por el psic\u00f3logo <a href=\"https:\/\/es.wikipedia.org\/wiki\/Raymond_Cattell\" target=\"_blank\" rel=\"noopener\">Raymond Catell <\/a><\/strong>en 2001 estructura los rasgos de personalidad. Por este concepto, debes entender un patr\u00f3n general de comportamiento, interacci\u00f3n, modos de afrontamiento y relaci\u00f3n.<\/p>\n<p>Estos <strong>16 Personality Factors<\/strong> determinan la <a href=\"https:\/\/empresas.infoempleo.com\/hrtrends\/mtbi-y-liderazgo-identificando-los-perfiles-con-habilidades-de-liderazgo-sobresaliente\/\" target=\"_blank\" rel=\"noopener\"><strong>personalidad del candidato<\/strong><\/a> desde la <strong>combinaci\u00f3n de elementos biopsicosociales como la gen\u00e9tica, el entorno o las vivencias<\/strong> de esa persona. Estos factores son bipolares, es decir, van en un continuo que va de un extremo del rasgo a otro. As\u00ed, la puntuaci\u00f3n de la persona evaluada se sit\u00faa en alg\u00fan punto de este arco. Y esta puntuaci\u00f3n se obtiene de la <strong>interpretaci\u00f3n del 16 PF<\/strong>. Esta herramienta contiene 185 preguntas de opci\u00f3n m\u00faltiple. Su redacci\u00f3n es comprensible y no amenazante, porque pregunta sobre el comportamiento diario. El tiempo que debes emplear es entre 35 y 50 minutos en su versi\u00f3n presencial en papel.<\/p>\n<h2>Ventajas y desventajas de evaluar a los candidatos con el Test 16 PF<\/h2>\n<p>Algunos de los enunciados que se incluyen en el <strong>Test 16 PF <\/strong>son: \u201cMe resulta embarazoso que me alaben o me hagan cumplidos\u201d, \u201cNo me gustar\u00eda estar donde no hubiera mucha gente con la que hablar\u201d, \u201cAprendo mejor: a) Leyendo un libro bien escrito; b) En medio de las dos opciones; c) Participando en una discusi\u00f3n de grupo\u201d, \u201cSoy una persona bastante estricta, que insiste en hacer siempre las cosas lo m\u00e1s correctamente posible\u201d.<\/p>\n<p>El <strong>origen del test<\/strong> remite al<strong> inter\u00e9s de la comunidad cient\u00edfica<\/strong> por encontrar una justificaci\u00f3n a las <strong>diferencias de conducta<\/strong> entre individuos. <strong>Mide 16 escalas primarias<\/strong>: Afabilidad, Razonamiento, Estabilidad, Dominancia, Animaci\u00f3n, Atenci\u00f3n a las normas, Atrevimiento, Sensibilidad, Vigilancia, Abstracci\u00f3n, Privacidad, Aprensi\u00f3n, Apertura al cambio, Autosuficiencia, Perfeccionismo y Tensi\u00f3n.<\/p>\n<p>El objetivo era<strong> prever el comportamiento particular y su capacidad de adaptaci\u00f3n al medio<\/strong>. Sin embargo, al margen de conocer la <strong>historia del Test 16 PF<\/strong>, su <a href=\"https:\/\/empresas.infoempleo.com\/hrtrends\/claves-para-identificar-y-evaluar-las-competencias-del-candidato-en-una-entrevista-de-trabajo\/\" target=\"_blank\" rel=\"noopener\"><strong>aplicaci\u00f3n en el \u00e1mbito laboral<\/strong><\/a> ha llevado a los profesionales a observar estas ventajas y desventajas del 16 PF:<\/p>\n<ul>\n<li><strong>Ventajas<\/strong>: sirve de instrumento de medida de la personalidad a partir de criterios factoriales. O sea, establece grupos de rasgos mediante la comparativa de las diferencias en las caracter\u00edsticas. Adem\u00e1s es una prueba que no exige muchos recursos ni tiempo, con lo que puede complementar otro proceso.<\/li>\n<li><strong>Desventajas<\/strong>: la personalidad no es un elemento objetivo f\u00e1cilmente identificable. Se trata m\u00e1s bien de un constructo abstracto y en devenir dif\u00edcil de cuantificar. En este sentido, muchos expertos consideran que la interpretaci\u00f3n es subjetiva, no est\u00e1 libre de sesgos y, por tanto, carece de validez.<\/li>\n<\/ul>\n","protected":false},"excerpt":{"rendered":"<p>\u00bfSabes en qu\u00e9 consiste el Test 16 PF? Este test es una prueba psicol\u00f3gica que permite analizar los<a class=\"moretag\" href=\"https:\/\/empresas.infoempleo.com\/hrtrends\/conoce-el-test-16-pf-para-la-seleccion-de-personal-en-la-empresa\/\"> Leer m\u00e1s<\/a><\/p>\n","protected":false},"author":136,"featured_media":29665,"comment_status":"closed","ping_status":"closed","sticky":false,"template":"","format":"standard","meta":{"footnotes":""},"categories":[3030],"tags":[],"class_list":["post-43602","post","type-post","status-publish","format-standard","has-post-thumbnail","hentry","category-reclutamiento"],"yoast_head":"<!-- This site is optimized with the Yoast SEO plugin v26.1.1 - https:\/\/yoast.com\/wordpress\/plugins\/seo\/ -->\n<title>Conoce el Test 16 PF para la selecci\u00f3n de personal en la empresa | HRTRENDS<\/title>\n<meta name=\"robots\" content=\"index, follow, max-snippet:-1, max-image-preview:large, max-video-preview:-1\" \/>\n<link rel=\"canonical\" href=\"https:\/\/empresas.infoempleo.com\/hrtrends\/conoce-el-test-16-pf-para-la-seleccion-de-personal-en-la-empresa\/\" \/>\n<meta property=\"og:locale\" content=\"es_ES\" \/>\n<meta property=\"og:type\" content=\"article\" \/>\n<meta property=\"og:title\" content=\"Conoce el Test 16 PF para la selecci\u00f3n de personal en la empresa | HRTRENDS\" \/>\n<meta property=\"og:description\" content=\"\u00bfSabes en qu\u00e9 consiste el Test 16 PF? Este test es una prueba psicol\u00f3gica que permite analizar los Leer m\u00e1s\" \/>\n<meta property=\"og:url\" content=\"https:\/\/empresas.infoempleo.com\/hrtrends\/conoce-el-test-16-pf-para-la-seleccion-de-personal-en-la-empresa\/\" \/>\n<meta property=\"og:site_name\" content=\"HRTRENDS\" \/>\n<meta property=\"article:publisher\" content=\"https:\/\/www.facebook.com\/Infoempleo\" \/>\n<meta property=\"article:published_time\" content=\"2023-10-09T23:00:00+00:00\" \/>\n<meta property=\"article:modified_time\" content=\"2024-07-02T15:25:02+00:00\" \/>\n<meta name=\"author\" content=\"Raquel Hern\u00e1ndez\" \/>\n<meta name=\"twitter:card\" content=\"summary_large_image\" \/>\n<meta name=\"twitter:creator\" content=\"@infoempleo\" \/>\n<meta name=\"twitter:site\" content=\"@infoempleo\" \/>\n<meta name=\"twitter:label1\" content=\"Escrito por\" \/>\n\t<meta name=\"twitter:data1\" content=\"Raquel Hern\u00e1ndez\" \/>\n\t<meta name=\"twitter:label2\" content=\"Tiempo de lectura\" \/>\n\t<meta name=\"twitter:data2\" content=\"3 minutos\" \/>\n<script type=\"application\/ld+json\" class=\"yoast-schema-graph\">{\"@context\":\"https:\/\/schema.org\",\"@graph\":[{\"@type\":\"NewsArticle\",\"@id\":\"https:\/\/empresas.infoempleo.com\/hrtrends\/conoce-el-test-16-pf-para-la-seleccion-de-personal-en-la-empresa\/#article\",\"isPartOf\":{\"@id\":\"https:\/\/empresas.infoempleo.com\/hrtrends\/conoce-el-test-16-pf-para-la-seleccion-de-personal-en-la-empresa\/\"},\"author\":{\"name\":\"Raquel Hern\u00e1ndez\",\"@id\":\"https:\/\/empresas.infoempleo.com\/hrtrends\/#\/schema\/person\/fb2f949a1461ff0e9e15996d82d3a787\"},\"headline\":\"Conoce el Test 16 PF para la selecci\u00f3n de personal en la empresa\",\"datePublished\":\"2023-10-09T23:00:00+00:00\",\"dateModified\":\"2024-07-02T15:25:02+00:00\",\"mainEntityOfPage\":{\"@id\":\"https:\/\/empresas.infoempleo.com\/hrtrends\/conoce-el-test-16-pf-para-la-seleccion-de-personal-en-la-empresa\/\"},\"wordCount\":640,\"publisher\":{\"@id\":\"https:\/\/empresas.infoempleo.com\/hrtrends\/#organization\"},\"image\":{\"@id\":\"https:\/\/empresas.infoempleo.com\/hrtrends\/conoce-el-test-16-pf-para-la-seleccion-de-personal-en-la-empresa\/#primaryimage\"},\"thumbnailUrl\":\"https:\/\/empresas.infoempleo.com\/hrtrends\/media\/2017\/05\/pexels-photo-205508.jpg\",\"articleSection\":[\"Reclutamiento\"],\"inLanguage\":\"es\",\"copyrightYear\":\"2023\",\"copyrightHolder\":{\"@id\":\"https:\/\/empresas.infoempleo.com\/hrtrends\/#organization\"}},{\"@type\":\"WebPage\",\"@id\":\"https:\/\/empresas.infoempleo.com\/hrtrends\/conoce-el-test-16-pf-para-la-seleccion-de-personal-en-la-empresa\/\",\"url\":\"https:\/\/empresas.infoempleo.com\/hrtrends\/conoce-el-test-16-pf-para-la-seleccion-de-personal-en-la-empresa\/\",\"name\":\"Conoce el Test 16 PF para la selecci\u00f3n de personal en la empresa | HRTRENDS\",\"isPartOf\":{\"@id\":\"https:\/\/empresas.infoempleo.com\/hrtrends\/#website\"},\"primaryImageOfPage\":{\"@id\":\"https:\/\/empresas.infoempleo.com\/hrtrends\/conoce-el-test-16-pf-para-la-seleccion-de-personal-en-la-empresa\/#primaryimage\"},\"image\":{\"@id\":\"https:\/\/empresas.infoempleo.com\/hrtrends\/conoce-el-test-16-pf-para-la-seleccion-de-personal-en-la-empresa\/#primaryimage\"},\"thumbnailUrl\":\"https:\/\/empresas.infoempleo.com\/hrtrends\/media\/2017\/05\/pexels-photo-205508.jpg\",\"datePublished\":\"2023-10-09T23:00:00+00:00\",\"dateModified\":\"2024-07-02T15:25:02+00:00\",\"breadcrumb\":{\"@id\":\"https:\/\/empresas.infoempleo.com\/hrtrends\/conoce-el-test-16-pf-para-la-seleccion-de-personal-en-la-empresa\/#breadcrumb\"},\"inLanguage\":\"es\",\"potentialAction\":[{\"@type\":\"ReadAction\",\"target\":[\"https:\/\/empresas.infoempleo.com\/hrtrends\/conoce-el-test-16-pf-para-la-seleccion-de-personal-en-la-empresa\/\"]}]},{\"@type\":\"ImageObject\",\"inLanguage\":\"es\",\"@id\":\"https:\/\/empresas.infoempleo.com\/hrtrends\/conoce-el-test-16-pf-para-la-seleccion-de-personal-en-la-empresa\/#primaryimage\",\"url\":\"https:\/\/empresas.infoempleo.com\/hrtrends\/media\/2017\/05\/pexels-photo-205508-150x150.jpg\",\"contentUrl\":\"https:\/\/empresas.infoempleo.com\/hrtrends\/media\/2017\/05\/pexels-photo-205508-150x150.jpg\",\"width\":150,\"height\":150},{\"@type\":\"BreadcrumbList\",\"@id\":\"https:\/\/empresas.infoempleo.com\/hrtrends\/conoce-el-test-16-pf-para-la-seleccion-de-personal-en-la-empresa\/#breadcrumb\",\"itemListElement\":[{\"@type\":\"ListItem\",\"position\":1,\"name\":\"Portada\",\"item\":\"https:\/\/empresas.infoempleo.com\/hrtrends\/\"},{\"@type\":\"ListItem\",\"position\":2,\"name\":\"Conoce el Test 16 PF para la selecci\u00f3n de personal en la empresa\"}]},{\"@type\":\"WebSite\",\"@id\":\"https:\/\/empresas.infoempleo.com\/hrtrends\/#website\",\"url\":\"https:\/\/empresas.infoempleo.com\/hrtrends\",\"name\":\"HRTrends by Infoempleo\",\"description\":\"\",\"publisher\":{\"@id\":\"https:\/\/empresas.infoempleo.com\/hrtrends\/#organization\"},\"potentialAction\":{\"@type\":\"SearchAction\",\"target\":\"https:\/\/empresas.infoempleo.com\/hrtrends\/?s={search_term_string}\",\"query-input\":\"required name=search_term_string\"},\"inLanguage\":\"es\"},{\"@type\":\"Organization\",\"@id\":\"https:\/\/empresas.infoempleo.com\/hrtrends\/#organization\",\"name\":\"Infoempleo\",\"url\":\"https:\/\/www.infoempleo.com\/\",\"logo\":{\"@type\":\"ImageObject\",\"@id\":\"https:\/\/empresas.infoempleo.com\/hrtrends\/#logo\",\"inLanguage\":\"es\",\"url\":\"https:\/\/cdnazure.infoempleo.com\/infoempleo\/assets\/style\/gfx\/logo.svg\",\"contentUrl\":\"https:\/\/cdnazure.infoempleo.com\/infoempleo\/assets\/style\/gfx\/logo.svg\",\"width\":150,\"height\":40,\"caption\":\"Infoempleo\"},\"image\":{\"@id\":\"https:\/\/empresas.infoempleo.com\/hrtrends\/#logo\"},\"sameAs\":[\"https:\/\/www.facebook.com\/Infoempleo\",\"https:\/\/x.com\/infoempleo\",\"http:\/\/instagram.com\/infoempleo\/\",\"http:\/\/www.linkedin.com\/groups\/Empleo-Espa\u00f1a-Infoempleocom-111276\",\"http:\/\/pinterest.com\/infoempleo\/\"],\"address\":{\"@type\":\"PostalAddress\",\"addressLocality\":\"Madrid\",\"postalCode\":\"28050\",\"streetAddress\":\"Avenida de Burgos 114\"},\"brand\":[\"Infoempleo\"]},{\"@type\":\"Person\",\"@id\":\"https:\/\/empresas.infoempleo.com\/hrtrends\/#\/schema\/person\/fb2f949a1461ff0e9e15996d82d3a787\",\"name\":\"Raquel Hern\u00e1ndez\",\"image\":{\"@type\":\"ImageObject\",\"inLanguage\":\"es\",\"@id\":\"https:\/\/empresas.infoempleo.com\/hrtrends\/#\/schema\/person\/image\/\",\"url\":\"https:\/\/secure.gravatar.com\/avatar\/4ccd374b24ab5eefd1b7681d8be968df221a577fa3ffa9dc4bb4b537645dc6a2?s=96&d=mm&r=g\",\"contentUrl\":\"https:\/\/secure.gravatar.com\/avatar\/4ccd374b24ab5eefd1b7681d8be968df221a577fa3ffa9dc4bb4b537645dc6a2?s=96&d=mm&r=g\",\"caption\":\"Raquel Hern\u00e1ndez\"},\"description\":\"M\u00e1ster en Filosof\u00eda Contempor\u00e1nea y Diploma Experto en Salud y G\u00e9nero. Extensa experiencia profesional como directora y productora de eventos culturales, especializada en el sector editorial. Lectora profesional y redactora de contenidos relacionados con el empleo, la innovaci\u00f3n y la educaci\u00f3n.\",\"url\":\"https:\/\/empresas.infoempleo.com\/hrtrends\/author\/raquel-hernandez\/\"}]}<\/script>\n<!-- \/ Yoast SEO plugin. -->","yoast_head_json":{"title":"Conoce el Test 16 PF para la selecci\u00f3n de personal en la empresa | HRTRENDS","robots":{"index":"index","follow":"follow","max-snippet":"max-snippet:-1","max-image-preview":"max-image-preview:large","max-video-preview":"max-video-preview:-1"},"canonical":"https:\/\/empresas.infoempleo.com\/hrtrends\/conoce-el-test-16-pf-para-la-seleccion-de-personal-en-la-empresa\/","og_locale":"es_ES","og_type":"article","og_title":"Conoce el Test 16 PF para la selecci\u00f3n de personal en la empresa | HRTRENDS","og_description":"\u00bfSabes en qu\u00e9 consiste el Test 16 PF? Este test es una prueba psicol\u00f3gica que permite analizar los Leer m\u00e1s","og_url":"https:\/\/empresas.infoempleo.com\/hrtrends\/conoce-el-test-16-pf-para-la-seleccion-de-personal-en-la-empresa\/","og_site_name":"HRTRENDS","article_publisher":"https:\/\/www.facebook.com\/Infoempleo","article_published_time":"2023-10-09T23:00:00+00:00","article_modified_time":"2024-07-02T15:25:02+00:00","author":"Raquel Hern\u00e1ndez","twitter_card":"summary_large_image","twitter_creator":"@infoempleo","twitter_site":"@infoempleo","twitter_misc":{"Escrito por":"Raquel Hern\u00e1ndez","Tiempo de lectura":"3 minutos"},"schema":{"@context":"https:\/\/schema.org","@graph":[{"@type":"NewsArticle","@id":"https:\/\/empresas.infoempleo.com\/hrtrends\/conoce-el-test-16-pf-para-la-seleccion-de-personal-en-la-empresa\/#article","isPartOf":{"@id":"https:\/\/empresas.infoempleo.com\/hrtrends\/conoce-el-test-16-pf-para-la-seleccion-de-personal-en-la-empresa\/"},"author":{"name":"Raquel Hern\u00e1ndez","@id":"https:\/\/empresas.infoempleo.com\/hrtrends\/#\/schema\/person\/fb2f949a1461ff0e9e15996d82d3a787"},"headline":"Conoce el Test 16 PF para la selecci\u00f3n de personal en la empresa","datePublished":"2023-10-09T23:00:00+00:00","dateModified":"2024-07-02T15:25:02+00:00","mainEntityOfPage":{"@id":"https:\/\/empresas.infoempleo.com\/hrtrends\/conoce-el-test-16-pf-para-la-seleccion-de-personal-en-la-empresa\/"},"wordCount":640,"publisher":{"@id":"https:\/\/empresas.infoempleo.com\/hrtrends\/#organization"},"image":{"@id":"https:\/\/empresas.infoempleo.com\/hrtrends\/conoce-el-test-16-pf-para-la-seleccion-de-personal-en-la-empresa\/#primaryimage"},"thumbnailUrl":"https:\/\/empresas.infoempleo.com\/hrtrends\/media\/2017\/05\/pexels-photo-205508.jpg","articleSection":["Reclutamiento"],"inLanguage":"es","copyrightYear":"2023","copyrightHolder":{"@id":"https:\/\/empresas.infoempleo.com\/hrtrends\/#organization"}},{"@type":"WebPage","@id":"https:\/\/empresas.infoempleo.com\/hrtrends\/conoce-el-test-16-pf-para-la-seleccion-de-personal-en-la-empresa\/","url":"https:\/\/empresas.infoempleo.com\/hrtrends\/conoce-el-test-16-pf-para-la-seleccion-de-personal-en-la-empresa\/","name":"Conoce el Test 16 PF para la selecci\u00f3n de personal en la empresa | HRTRENDS","isPartOf":{"@id":"https:\/\/empresas.infoempleo.com\/hrtrends\/#website"},"primaryImageOfPage":{"@id":"https:\/\/empresas.infoempleo.com\/hrtrends\/conoce-el-test-16-pf-para-la-seleccion-de-personal-en-la-empresa\/#primaryimage"},"image":{"@id":"https:\/\/empresas.infoempleo.com\/hrtrends\/conoce-el-test-16-pf-para-la-seleccion-de-personal-en-la-empresa\/#primaryimage"},"thumbnailUrl":"https:\/\/empresas.infoempleo.com\/hrtrends\/media\/2017\/05\/pexels-photo-205508.jpg","datePublished":"2023-10-09T23:00:00+00:00","dateModified":"2024-07-02T15:25:02+00:00","breadcrumb":{"@id":"https:\/\/empresas.infoempleo.com\/hrtrends\/conoce-el-test-16-pf-para-la-seleccion-de-personal-en-la-empresa\/#breadcrumb"},"inLanguage":"es","potentialAction":[{"@type":"ReadAction","target":["https:\/\/empresas.infoempleo.com\/hrtrends\/conoce-el-test-16-pf-para-la-seleccion-de-personal-en-la-empresa\/"]}]},{"@type":"ImageObject","inLanguage":"es","@id":"https:\/\/empresas.infoempleo.com\/hrtrends\/conoce-el-test-16-pf-para-la-seleccion-de-personal-en-la-empresa\/#primaryimage","url":"https:\/\/empresas.infoempleo.com\/hrtrends\/media\/2017\/05\/pexels-photo-205508-150x150.jpg","contentUrl":"https:\/\/empresas.infoempleo.com\/hrtrends\/media\/2017\/05\/pexels-photo-205508-150x150.jpg","width":150,"height":150},{"@type":"BreadcrumbList","@id":"https:\/\/empresas.infoempleo.com\/hrtrends\/conoce-el-test-16-pf-para-la-seleccion-de-personal-en-la-empresa\/#breadcrumb","itemListElement":[{"@type":"ListItem","position":1,"name":"Portada","item":"https:\/\/empresas.infoempleo.com\/hrtrends\/"},{"@type":"ListItem","position":2,"name":"Conoce el Test 16 PF para la selecci\u00f3n de personal en la empresa"}]},{"@type":"WebSite","@id":"https:\/\/empresas.infoempleo.com\/hrtrends\/#website","url":"https:\/\/empresas.infoempleo.com\/hrtrends","name":"HRTrends by Infoempleo","description":"","publisher":{"@id":"https:\/\/empresas.infoempleo.com\/hrtrends\/#organization"},"potentialAction":{"@type":"SearchAction","target":"https:\/\/empresas.infoempleo.com\/hrtrends\/?s={search_term_string}","query-input":"required name=search_term_string"},"inLanguage":"es"},{"@type":"Organization","@id":"https:\/\/empresas.infoempleo.com\/hrtrends\/#organization","name":"Infoempleo","url":"https:\/\/www.infoempleo.com\/","logo":{"@type":"ImageObject","@id":"https:\/\/empresas.infoempleo.com\/hrtrends\/#logo","inLanguage":"es","url":"https:\/\/cdnazure.infoempleo.com\/infoempleo\/assets\/style\/gfx\/logo.svg","contentUrl":"https:\/\/cdnazure.infoempleo.com\/infoempleo\/assets\/style\/gfx\/logo.svg","width":150,"height":40,"caption":"Infoempleo"},"image":{"@id":"https:\/\/empresas.infoempleo.com\/hrtrends\/#logo"},"sameAs":["https:\/\/www.facebook.com\/Infoempleo","https:\/\/x.com\/infoempleo","http:\/\/instagram.com\/infoempleo\/","http:\/\/www.linkedin.com\/groups\/Empleo-Espa\u00f1a-Infoempleocom-111276","http:\/\/pinterest.com\/infoempleo\/"],"address":{"@type":"PostalAddress","addressLocality":"Madrid","postalCode":"28050","streetAddress":"Avenida de Burgos 114"},"brand":["Infoempleo"]},{"@type":"Person","@id":"https:\/\/empresas.infoempleo.com\/hrtrends\/#\/schema\/person\/fb2f949a1461ff0e9e15996d82d3a787","name":"Raquel Hern\u00e1ndez","image":{"@type":"ImageObject","inLanguage":"es","@id":"https:\/\/empresas.infoempleo.com\/hrtrends\/#\/schema\/person\/image\/","url":"https:\/\/secure.gravatar.com\/avatar\/4ccd374b24ab5eefd1b7681d8be968df221a577fa3ffa9dc4bb4b537645dc6a2?s=96&d=mm&r=g","contentUrl":"https:\/\/secure.gravatar.com\/avatar\/4ccd374b24ab5eefd1b7681d8be968df221a577fa3ffa9dc4bb4b537645dc6a2?s=96&d=mm&r=g","caption":"Raquel Hern\u00e1ndez"},"description":"M\u00e1ster en Filosof\u00eda Contempor\u00e1nea y Diploma Experto en Salud y G\u00e9nero. Extensa experiencia profesional como directora y productora de eventos culturales, especializada en el sector editorial. Lectora profesional y redactora de contenidos relacionados con el empleo, la innovaci\u00f3n y la educaci\u00f3n.","url":"https:\/\/empresas.infoempleo.com\/hrtrends\/author\/raquel-hernandez\/"}]}},"amp_enabled":true,"_links":{"self":[{"href":"https:\/\/empresas.infoempleo.com\/hrtrends\/wp-json\/wp\/v2\/posts\/43602","targetHints":{"allow":["GET"]}}],"collection":[{"href":"https:\/\/empresas.infoempleo.com\/hrtrends\/wp-json\/wp\/v2\/posts"}],"about":[{"href":"https:\/\/empresas.infoempleo.com\/hrtrends\/wp-json\/wp\/v2\/types\/post"}],"author":[{"embeddable":true,"href":"https:\/\/empresas.infoempleo.com\/hrtrends\/wp-json\/wp\/v2\/users\/136"}],"replies":[{"embeddable":true,"href":"https:\/\/empresas.infoempleo.com\/hrtrends\/wp-json\/wp\/v2\/comments?post=43602"}],"version-history":[{"count":3,"href":"https:\/\/empresas.infoempleo.com\/hrtrends\/wp-json\/wp\/v2\/posts\/43602\/revisions"}],"predecessor-version":[{"id":44122,"href":"https:\/\/empresas.infoempleo.com\/hrtrends\/wp-json\/wp\/v2\/posts\/43602\/revisions\/44122"}],"wp:featuredmedia":[{"embeddable":true,"href":"https:\/\/empresas.infoempleo.com\/hrtrends\/wp-json\/wp\/v2\/media\/29665"}],"wp:attachment":[{"href":"https:\/\/empresas.infoempleo.com\/hrtrends\/wp-json\/wp\/v2\/media?parent=43602"}],"wp:term":[{"taxonomy":"category","embeddable":true,"href":"https:\/\/empresas.infoempleo.com\/hrtrends\/wp-json\/wp\/v2\/categories?post=43602"},{"taxonomy":"post_tag","embeddable":true,"href":"https:\/\/empresas.infoempleo.com\/hrtrends\/wp-json\/wp\/v2\/tags?post=43602"}],"curies":[{"name":"wp","href":"https:\/\/api.w.org\/{rel}","templated":true}]}}