{"id":43598,"date":"2023-03-29T00:00:00","date_gmt":"2023-03-28T23:00:00","guid":{"rendered":"https:\/\/empresas.infoempleo.com\/hrtrends\/?p=43598"},"modified":"2024-07-03T17:27:12","modified_gmt":"2024-07-03T15:27:12","slug":"fomenta-la-innovacion-en-la-empresa-ideas-para-construir-espacios-creativos","status":"publish","type":"post","link":"https:\/\/empresas.infoempleo.com\/hrtrends\/fomenta-la-innovacion-en-la-empresa-ideas-para-construir-espacios-creativos\/","title":{"rendered":"Fomenta la innovaci\u00f3n en la empresa: ideas para construir espacios creativos"},"content":{"rendered":"<p>La <strong>innovaci\u00f3n en la empresa<\/strong> ha pasado de ser una opci\u00f3n interesante a un <em>must<\/em> que no puedes dejar de atender. Las empresas que tienen que contar con un alto grado de innovaci\u00f3n han de <strong>potenciar la creatividad<\/strong> de muchas maneras. Generar espacios y contextos que estimulen al equipo cuenta con la garant\u00eda de <strong>ejemplos de empresas exitosas<\/strong> como Google o Hubspot. Las claves son permanecer abierto a todas las posibilidades, <strong>dise\u00f1ar<\/strong> <strong>espacios preparados<\/strong> para reforzar la imaginaci\u00f3n. Adem\u00e1s f\u00edjate en ejes como la iluminaci\u00f3n, el espacio libre o las zonas comunes.<\/p>\n<h2>Innovaci\u00f3n en la empresa para mejorar tu competitividad<\/h2>\n<p>La <strong>innovaci\u00f3n en la empresa<\/strong> debe ser fomentada para evitar perder la carrera de la productividad por falta de <strong>creatividad<\/strong>. La importancia de fomentar esta innovaci\u00f3n radica en que si cuentas con una plantilla despierta y atenta a su sector, tu marca ganar\u00e1 en resiliencia. En cualquier caso, una <strong>cultura innovadora <\/strong>puede basarse en aplicar <strong>procesos creativos<\/strong> al producto, al modelo de negocio, o a la forma de entrega o la experiencia del servicio.<\/p>\n<p>Pero para generar este entorno, donde prime la <a href=\"https:\/\/empresas.infoempleo.com\/hrtrends\/tecnica-de-los-6-sombreros-de-edward-de-bono\" target=\"_blank\" rel=\"noopener\"><strong>innovaci\u00f3n abierta,<\/strong><\/a> es necesario construir un lugar que lo favorezca. Los \u201cespacios preparados\u201d son uno de los ejes principales en las pedagog\u00edas activas. El principio que se aplica es que las ni\u00f1as y los ni\u00f1os pueden <strong>jugar libremente,<\/strong> y desarrollar su creatividad y personalidad en entornos dise\u00f1ados para fomentar un aprendizaje respetuoso. Si te fijas en los ejemplos m\u00e1s llamativos de empresas que han construido espacios creativos, las <strong>coincidencias con ludotecas<\/strong> o contextos \u201cinfantiles\u201d, es decir, de juego, son muchas. Toboganes para pasar de una planta a otra, juegos de mesa o colores b\u00e1sicos.<\/p>\n<p><strong>Innovar es probar<\/strong>. No sabes bien a d\u00f3nde quieres llegar ni c\u00f3mo, pero tienes unas variables con las que <strong>jugar<\/strong>, unos materiales y unos recursos. A\u00f1ade unas <strong>reglas<\/strong> <strong>del juego<\/strong> que son las que hacen que <strong>funcione<\/strong> <strong>el sistema<\/strong>, y tendr\u00e1s un equipo competitivo para un proyecto de \u00e9xito.<\/p>\n<p>&nbsp;<\/p>\n<h2>C\u00f3mo dise\u00f1ar espacios de trabajo que fomenten la creatividad y la innovaci\u00f3n<\/h2>\n<p>Aunque el teletrabajo y la jornada h\u00edbrida parezcan cuestionar la importancia de las oficinas o lugares presenciales de trabajo, a\u00fan queda mucho margen de mejora en este sentido. La <strong>innovaci\u00f3n tecnol\u00f3gica<\/strong> y la <strong>I+D<\/strong> se llevan las primeras posiciones en cuanto a creatividad, especialmente tras la crisis sanitaria. Pero a la hora de la verdad, es clave dise\u00f1ar estos<strong> espacios de trabajo que fomenten la creatividad.<\/strong> Para ello, debes tener en cuenta estos <strong>factores<\/strong>:<\/p>\n<ul>\n<li><a href=\"https:\/\/empresas.infoempleo.com\/hrtrends\/invierno-en-el-trabajo-como-afecta-el-frio-o-la-falta-de-luz-a-los-trabajadores\" target=\"_blank\" rel=\"noopener\"><strong>Iluminaci\u00f3n<\/strong><\/a>: Lo mejor es tener luz natural. Pero si no puede ser, aseg\u00farate de que no genere vista cansada o distracciones al leer o mirar la pantalla.<\/li>\n<li><strong>Espacio<\/strong> <strong>entre escritorios:<\/strong> apuesta por los espacios minimalista. Deja espacio para que surja la chispa de la creaci\u00f3n. Google es la referencia absoluta en este sentido. Los resultados demuestran cada a\u00f1o la importancia de generar lugares por y para los empleados.<\/li>\n<li><strong>Zonas comunes<\/strong>: lugares libres de fines y donde promuevas el encuentro con los otros. La mirada de la compa\u00f1era o el compa\u00f1ero puede aportar la informaci\u00f3n justa que necesitas para ese proceso innovador. Un ejemplo de empresa, que ha construido espacios creativos para sus trabajadores, es Pixar. Cont\u00f3 con la ayuda de Steve Jobs y tiene desde un gimnasio hasta un teatro.<\/li>\n<li><strong>Naturaleza<\/strong>: aunque est\u00e9s rodeado de tecnolog\u00eda y productos artificiales, nada como el contacto visual o sensorial con elementos naturales, para estimular la imaginaci\u00f3n. Desde una pared de cristal que deja ver el jard\u00edn, hasta olores de menta que aumenten la energ\u00eda de la plantilla. Otro ejemplo en esta l\u00ednea es el estudio de arquitectura de Madrid <em>Selgas Cano Architecture<\/em>.<\/li>\n<li><strong>Contexto creativo<\/strong>: no te pongas l\u00edmites. Si vas a dise\u00f1ar juguetes, hazlo en una sala de un barco pirata como en Davison International en EEUU (Pittsburgh).<\/li>\n<\/ul>\n","protected":false},"excerpt":{"rendered":"<p>La innovaci\u00f3n en la empresa ha pasado de ser una opci\u00f3n interesante a un must que no puedes<a class=\"moretag\" href=\"https:\/\/empresas.infoempleo.com\/hrtrends\/fomenta-la-innovacion-en-la-empresa-ideas-para-construir-espacios-creativos\/\"> Leer m\u00e1s<\/a><\/p>\n","protected":false},"author":136,"featured_media":29665,"comment_status":"closed","ping_status":"closed","sticky":false,"template":"","format":"standard","meta":{"footnotes":""},"categories":[3],"tags":[],"class_list":["post-43598","post","type-post","status-publish","format-standard","has-post-thumbnail","hentry","category-actualidad"],"yoast_head":"<!-- This site is optimized with the Yoast SEO plugin v26.1.1 - https:\/\/yoast.com\/wordpress\/plugins\/seo\/ -->\n<title>Fomenta la innovaci\u00f3n en la empresa: ideas para construir espacios creativos | HRTRENDS<\/title>\n<meta name=\"robots\" content=\"index, follow, max-snippet:-1, max-image-preview:large, max-video-preview:-1\" \/>\n<link rel=\"canonical\" href=\"https:\/\/empresas.infoempleo.com\/hrtrends\/fomenta-la-innovacion-en-la-empresa-ideas-para-construir-espacios-creativos\/\" \/>\n<meta property=\"og:locale\" content=\"es_ES\" \/>\n<meta property=\"og:type\" content=\"article\" \/>\n<meta property=\"og:title\" content=\"Fomenta la innovaci\u00f3n en la empresa: ideas para construir espacios creativos | HRTRENDS\" \/>\n<meta property=\"og:description\" content=\"La innovaci\u00f3n en la empresa ha pasado de ser una opci\u00f3n interesante a un must que no puedes Leer m\u00e1s\" \/>\n<meta property=\"og:url\" content=\"https:\/\/empresas.infoempleo.com\/hrtrends\/fomenta-la-innovacion-en-la-empresa-ideas-para-construir-espacios-creativos\/\" \/>\n<meta property=\"og:site_name\" content=\"HRTRENDS\" \/>\n<meta property=\"article:publisher\" content=\"https:\/\/www.facebook.com\/Infoempleo\" \/>\n<meta property=\"article:published_time\" content=\"2023-03-28T23:00:00+00:00\" \/>\n<meta property=\"article:modified_time\" content=\"2024-07-03T15:27:12+00:00\" \/>\n<meta name=\"author\" content=\"Raquel Hern\u00e1ndez\" \/>\n<meta name=\"twitter:card\" content=\"summary_large_image\" \/>\n<meta name=\"twitter:creator\" content=\"@infoempleo\" \/>\n<meta name=\"twitter:site\" content=\"@infoempleo\" \/>\n<meta name=\"twitter:label1\" content=\"Escrito por\" \/>\n\t<meta name=\"twitter:data1\" content=\"Raquel Hern\u00e1ndez\" \/>\n\t<meta name=\"twitter:label2\" content=\"Tiempo de lectura\" \/>\n\t<meta name=\"twitter:data2\" content=\"3 minutos\" \/>\n<script type=\"application\/ld+json\" class=\"yoast-schema-graph\">{\"@context\":\"https:\/\/schema.org\",\"@graph\":[{\"@type\":\"NewsArticle\",\"@id\":\"https:\/\/empresas.infoempleo.com\/hrtrends\/fomenta-la-innovacion-en-la-empresa-ideas-para-construir-espacios-creativos\/#article\",\"isPartOf\":{\"@id\":\"https:\/\/empresas.infoempleo.com\/hrtrends\/fomenta-la-innovacion-en-la-empresa-ideas-para-construir-espacios-creativos\/\"},\"author\":{\"name\":\"Raquel Hern\u00e1ndez\",\"@id\":\"https:\/\/empresas.infoempleo.com\/hrtrends\/#\/schema\/person\/fb2f949a1461ff0e9e15996d82d3a787\"},\"headline\":\"Fomenta la innovaci\u00f3n en la empresa: ideas para construir espacios creativos\",\"datePublished\":\"2023-03-28T23:00:00+00:00\",\"dateModified\":\"2024-07-03T15:27:12+00:00\",\"mainEntityOfPage\":{\"@id\":\"https:\/\/empresas.infoempleo.com\/hrtrends\/fomenta-la-innovacion-en-la-empresa-ideas-para-construir-espacios-creativos\/\"},\"wordCount\":686,\"publisher\":{\"@id\":\"https:\/\/empresas.infoempleo.com\/hrtrends\/#organization\"},\"image\":{\"@id\":\"https:\/\/empresas.infoempleo.com\/hrtrends\/fomenta-la-innovacion-en-la-empresa-ideas-para-construir-espacios-creativos\/#primaryimage\"},\"thumbnailUrl\":\"https:\/\/empresas.infoempleo.com\/hrtrends\/media\/2017\/05\/pexels-photo-205508.jpg\",\"articleSection\":[\"Actualidad\"],\"inLanguage\":\"es\",\"copyrightYear\":\"2023\",\"copyrightHolder\":{\"@id\":\"https:\/\/empresas.infoempleo.com\/hrtrends\/#organization\"}},{\"@type\":\"WebPage\",\"@id\":\"https:\/\/empresas.infoempleo.com\/hrtrends\/fomenta-la-innovacion-en-la-empresa-ideas-para-construir-espacios-creativos\/\",\"url\":\"https:\/\/empresas.infoempleo.com\/hrtrends\/fomenta-la-innovacion-en-la-empresa-ideas-para-construir-espacios-creativos\/\",\"name\":\"Fomenta la innovaci\u00f3n en la empresa: ideas para construir espacios creativos | HRTRENDS\",\"isPartOf\":{\"@id\":\"https:\/\/empresas.infoempleo.com\/hrtrends\/#website\"},\"primaryImageOfPage\":{\"@id\":\"https:\/\/empresas.infoempleo.com\/hrtrends\/fomenta-la-innovacion-en-la-empresa-ideas-para-construir-espacios-creativos\/#primaryimage\"},\"image\":{\"@id\":\"https:\/\/empresas.infoempleo.com\/hrtrends\/fomenta-la-innovacion-en-la-empresa-ideas-para-construir-espacios-creativos\/#primaryimage\"},\"thumbnailUrl\":\"https:\/\/empresas.infoempleo.com\/hrtrends\/media\/2017\/05\/pexels-photo-205508.jpg\",\"datePublished\":\"2023-03-28T23:00:00+00:00\",\"dateModified\":\"2024-07-03T15:27:12+00:00\",\"breadcrumb\":{\"@id\":\"https:\/\/empresas.infoempleo.com\/hrtrends\/fomenta-la-innovacion-en-la-empresa-ideas-para-construir-espacios-creativos\/#breadcrumb\"},\"inLanguage\":\"es\",\"potentialAction\":[{\"@type\":\"ReadAction\",\"target\":[\"https:\/\/empresas.infoempleo.com\/hrtrends\/fomenta-la-innovacion-en-la-empresa-ideas-para-construir-espacios-creativos\/\"]}]},{\"@type\":\"ImageObject\",\"inLanguage\":\"es\",\"@id\":\"https:\/\/empresas.infoempleo.com\/hrtrends\/fomenta-la-innovacion-en-la-empresa-ideas-para-construir-espacios-creativos\/#primaryimage\",\"url\":\"https:\/\/empresas.infoempleo.com\/hrtrends\/media\/2017\/05\/pexels-photo-205508-150x150.jpg\",\"contentUrl\":\"https:\/\/empresas.infoempleo.com\/hrtrends\/media\/2017\/05\/pexels-photo-205508-150x150.jpg\",\"width\":150,\"height\":150},{\"@type\":\"BreadcrumbList\",\"@id\":\"https:\/\/empresas.infoempleo.com\/hrtrends\/fomenta-la-innovacion-en-la-empresa-ideas-para-construir-espacios-creativos\/#breadcrumb\",\"itemListElement\":[{\"@type\":\"ListItem\",\"position\":1,\"name\":\"Portada\",\"item\":\"https:\/\/empresas.infoempleo.com\/hrtrends\/\"},{\"@type\":\"ListItem\",\"position\":2,\"name\":\"Fomenta la innovaci\u00f3n en la empresa: ideas para construir espacios creativos\"}]},{\"@type\":\"WebSite\",\"@id\":\"https:\/\/empresas.infoempleo.com\/hrtrends\/#website\",\"url\":\"https:\/\/empresas.infoempleo.com\/hrtrends\",\"name\":\"HRTrends by Infoempleo\",\"description\":\"\",\"publisher\":{\"@id\":\"https:\/\/empresas.infoempleo.com\/hrtrends\/#organization\"},\"potentialAction\":{\"@type\":\"SearchAction\",\"target\":\"https:\/\/empresas.infoempleo.com\/hrtrends\/?s={search_term_string}\",\"query-input\":\"required name=search_term_string\"},\"inLanguage\":\"es\"},{\"@type\":\"Organization\",\"@id\":\"https:\/\/empresas.infoempleo.com\/hrtrends\/#organization\",\"name\":\"Infoempleo\",\"url\":\"https:\/\/www.infoempleo.com\/\",\"logo\":{\"@type\":\"ImageObject\",\"@id\":\"https:\/\/empresas.infoempleo.com\/hrtrends\/#logo\",\"inLanguage\":\"es\",\"url\":\"https:\/\/cdnazure.infoempleo.com\/infoempleo\/assets\/style\/gfx\/logo.svg\",\"contentUrl\":\"https:\/\/cdnazure.infoempleo.com\/infoempleo\/assets\/style\/gfx\/logo.svg\",\"width\":150,\"height\":40,\"caption\":\"Infoempleo\"},\"image\":{\"@id\":\"https:\/\/empresas.infoempleo.com\/hrtrends\/#logo\"},\"sameAs\":[\"https:\/\/www.facebook.com\/Infoempleo\",\"https:\/\/x.com\/infoempleo\",\"http:\/\/instagram.com\/infoempleo\/\",\"http:\/\/www.linkedin.com\/groups\/Empleo-Espa\u00f1a-Infoempleocom-111276\",\"http:\/\/pinterest.com\/infoempleo\/\"],\"address\":{\"@type\":\"PostalAddress\",\"addressLocality\":\"Madrid\",\"postalCode\":\"28050\",\"streetAddress\":\"Avenida de Burgos 114\"},\"brand\":[\"Infoempleo\"]},{\"@type\":\"Person\",\"@id\":\"https:\/\/empresas.infoempleo.com\/hrtrends\/#\/schema\/person\/fb2f949a1461ff0e9e15996d82d3a787\",\"name\":\"Raquel Hern\u00e1ndez\",\"image\":{\"@type\":\"ImageObject\",\"inLanguage\":\"es\",\"@id\":\"https:\/\/empresas.infoempleo.com\/hrtrends\/#\/schema\/person\/image\/\",\"url\":\"https:\/\/secure.gravatar.com\/avatar\/4ccd374b24ab5eefd1b7681d8be968df221a577fa3ffa9dc4bb4b537645dc6a2?s=96&d=mm&r=g\",\"contentUrl\":\"https:\/\/secure.gravatar.com\/avatar\/4ccd374b24ab5eefd1b7681d8be968df221a577fa3ffa9dc4bb4b537645dc6a2?s=96&d=mm&r=g\",\"caption\":\"Raquel Hern\u00e1ndez\"},\"description\":\"M\u00e1ster en Filosof\u00eda Contempor\u00e1nea y Diploma Experto en Salud y G\u00e9nero. Extensa experiencia profesional como directora y productora de eventos culturales, especializada en el sector editorial. Lectora profesional y redactora de contenidos relacionados con el empleo, la innovaci\u00f3n y la educaci\u00f3n.\",\"url\":\"https:\/\/empresas.infoempleo.com\/hrtrends\/author\/raquel-hernandez\/\"}]}<\/script>\n<!-- \/ Yoast SEO plugin. -->","yoast_head_json":{"title":"Fomenta la innovaci\u00f3n en la empresa: ideas para construir espacios creativos | HRTRENDS","robots":{"index":"index","follow":"follow","max-snippet":"max-snippet:-1","max-image-preview":"max-image-preview:large","max-video-preview":"max-video-preview:-1"},"canonical":"https:\/\/empresas.infoempleo.com\/hrtrends\/fomenta-la-innovacion-en-la-empresa-ideas-para-construir-espacios-creativos\/","og_locale":"es_ES","og_type":"article","og_title":"Fomenta la innovaci\u00f3n en la empresa: ideas para construir espacios creativos | HRTRENDS","og_description":"La innovaci\u00f3n en la empresa ha pasado de ser una opci\u00f3n interesante a un must que no puedes Leer m\u00e1s","og_url":"https:\/\/empresas.infoempleo.com\/hrtrends\/fomenta-la-innovacion-en-la-empresa-ideas-para-construir-espacios-creativos\/","og_site_name":"HRTRENDS","article_publisher":"https:\/\/www.facebook.com\/Infoempleo","article_published_time":"2023-03-28T23:00:00+00:00","article_modified_time":"2024-07-03T15:27:12+00:00","author":"Raquel Hern\u00e1ndez","twitter_card":"summary_large_image","twitter_creator":"@infoempleo","twitter_site":"@infoempleo","twitter_misc":{"Escrito por":"Raquel Hern\u00e1ndez","Tiempo de lectura":"3 minutos"},"schema":{"@context":"https:\/\/schema.org","@graph":[{"@type":"NewsArticle","@id":"https:\/\/empresas.infoempleo.com\/hrtrends\/fomenta-la-innovacion-en-la-empresa-ideas-para-construir-espacios-creativos\/#article","isPartOf":{"@id":"https:\/\/empresas.infoempleo.com\/hrtrends\/fomenta-la-innovacion-en-la-empresa-ideas-para-construir-espacios-creativos\/"},"author":{"name":"Raquel Hern\u00e1ndez","@id":"https:\/\/empresas.infoempleo.com\/hrtrends\/#\/schema\/person\/fb2f949a1461ff0e9e15996d82d3a787"},"headline":"Fomenta la innovaci\u00f3n en la empresa: ideas para construir espacios creativos","datePublished":"2023-03-28T23:00:00+00:00","dateModified":"2024-07-03T15:27:12+00:00","mainEntityOfPage":{"@id":"https:\/\/empresas.infoempleo.com\/hrtrends\/fomenta-la-innovacion-en-la-empresa-ideas-para-construir-espacios-creativos\/"},"wordCount":686,"publisher":{"@id":"https:\/\/empresas.infoempleo.com\/hrtrends\/#organization"},"image":{"@id":"https:\/\/empresas.infoempleo.com\/hrtrends\/fomenta-la-innovacion-en-la-empresa-ideas-para-construir-espacios-creativos\/#primaryimage"},"thumbnailUrl":"https:\/\/empresas.infoempleo.com\/hrtrends\/media\/2017\/05\/pexels-photo-205508.jpg","articleSection":["Actualidad"],"inLanguage":"es","copyrightYear":"2023","copyrightHolder":{"@id":"https:\/\/empresas.infoempleo.com\/hrtrends\/#organization"}},{"@type":"WebPage","@id":"https:\/\/empresas.infoempleo.com\/hrtrends\/fomenta-la-innovacion-en-la-empresa-ideas-para-construir-espacios-creativos\/","url":"https:\/\/empresas.infoempleo.com\/hrtrends\/fomenta-la-innovacion-en-la-empresa-ideas-para-construir-espacios-creativos\/","name":"Fomenta la innovaci\u00f3n en la empresa: ideas para construir espacios creativos | HRTRENDS","isPartOf":{"@id":"https:\/\/empresas.infoempleo.com\/hrtrends\/#website"},"primaryImageOfPage":{"@id":"https:\/\/empresas.infoempleo.com\/hrtrends\/fomenta-la-innovacion-en-la-empresa-ideas-para-construir-espacios-creativos\/#primaryimage"},"image":{"@id":"https:\/\/empresas.infoempleo.com\/hrtrends\/fomenta-la-innovacion-en-la-empresa-ideas-para-construir-espacios-creativos\/#primaryimage"},"thumbnailUrl":"https:\/\/empresas.infoempleo.com\/hrtrends\/media\/2017\/05\/pexels-photo-205508.jpg","datePublished":"2023-03-28T23:00:00+00:00","dateModified":"2024-07-03T15:27:12+00:00","breadcrumb":{"@id":"https:\/\/empresas.infoempleo.com\/hrtrends\/fomenta-la-innovacion-en-la-empresa-ideas-para-construir-espacios-creativos\/#breadcrumb"},"inLanguage":"es","potentialAction":[{"@type":"ReadAction","target":["https:\/\/empresas.infoempleo.com\/hrtrends\/fomenta-la-innovacion-en-la-empresa-ideas-para-construir-espacios-creativos\/"]}]},{"@type":"ImageObject","inLanguage":"es","@id":"https:\/\/empresas.infoempleo.com\/hrtrends\/fomenta-la-innovacion-en-la-empresa-ideas-para-construir-espacios-creativos\/#primaryimage","url":"https:\/\/empresas.infoempleo.com\/hrtrends\/media\/2017\/05\/pexels-photo-205508-150x150.jpg","contentUrl":"https:\/\/empresas.infoempleo.com\/hrtrends\/media\/2017\/05\/pexels-photo-205508-150x150.jpg","width":150,"height":150},{"@type":"BreadcrumbList","@id":"https:\/\/empresas.infoempleo.com\/hrtrends\/fomenta-la-innovacion-en-la-empresa-ideas-para-construir-espacios-creativos\/#breadcrumb","itemListElement":[{"@type":"ListItem","position":1,"name":"Portada","item":"https:\/\/empresas.infoempleo.com\/hrtrends\/"},{"@type":"ListItem","position":2,"name":"Fomenta la innovaci\u00f3n en la empresa: ideas para construir espacios creativos"}]},{"@type":"WebSite","@id":"https:\/\/empresas.infoempleo.com\/hrtrends\/#website","url":"https:\/\/empresas.infoempleo.com\/hrtrends","name":"HRTrends by Infoempleo","description":"","publisher":{"@id":"https:\/\/empresas.infoempleo.com\/hrtrends\/#organization"},"potentialAction":{"@type":"SearchAction","target":"https:\/\/empresas.infoempleo.com\/hrtrends\/?s={search_term_string}","query-input":"required name=search_term_string"},"inLanguage":"es"},{"@type":"Organization","@id":"https:\/\/empresas.infoempleo.com\/hrtrends\/#organization","name":"Infoempleo","url":"https:\/\/www.infoempleo.com\/","logo":{"@type":"ImageObject","@id":"https:\/\/empresas.infoempleo.com\/hrtrends\/#logo","inLanguage":"es","url":"https:\/\/cdnazure.infoempleo.com\/infoempleo\/assets\/style\/gfx\/logo.svg","contentUrl":"https:\/\/cdnazure.infoempleo.com\/infoempleo\/assets\/style\/gfx\/logo.svg","width":150,"height":40,"caption":"Infoempleo"},"image":{"@id":"https:\/\/empresas.infoempleo.com\/hrtrends\/#logo"},"sameAs":["https:\/\/www.facebook.com\/Infoempleo","https:\/\/x.com\/infoempleo","http:\/\/instagram.com\/infoempleo\/","http:\/\/www.linkedin.com\/groups\/Empleo-Espa\u00f1a-Infoempleocom-111276","http:\/\/pinterest.com\/infoempleo\/"],"address":{"@type":"PostalAddress","addressLocality":"Madrid","postalCode":"28050","streetAddress":"Avenida de Burgos 114"},"brand":["Infoempleo"]},{"@type":"Person","@id":"https:\/\/empresas.infoempleo.com\/hrtrends\/#\/schema\/person\/fb2f949a1461ff0e9e15996d82d3a787","name":"Raquel Hern\u00e1ndez","image":{"@type":"ImageObject","inLanguage":"es","@id":"https:\/\/empresas.infoempleo.com\/hrtrends\/#\/schema\/person\/image\/","url":"https:\/\/secure.gravatar.com\/avatar\/4ccd374b24ab5eefd1b7681d8be968df221a577fa3ffa9dc4bb4b537645dc6a2?s=96&d=mm&r=g","contentUrl":"https:\/\/secure.gravatar.com\/avatar\/4ccd374b24ab5eefd1b7681d8be968df221a577fa3ffa9dc4bb4b537645dc6a2?s=96&d=mm&r=g","caption":"Raquel Hern\u00e1ndez"},"description":"M\u00e1ster en Filosof\u00eda Contempor\u00e1nea y Diploma Experto en Salud y G\u00e9nero. Extensa experiencia profesional como directora y productora de eventos culturales, especializada en el sector editorial. Lectora profesional y redactora de contenidos relacionados con el empleo, la innovaci\u00f3n y la educaci\u00f3n.","url":"https:\/\/empresas.infoempleo.com\/hrtrends\/author\/raquel-hernandez\/"}]}},"amp_enabled":true,"_links":{"self":[{"href":"https:\/\/empresas.infoempleo.com\/hrtrends\/wp-json\/wp\/v2\/posts\/43598","targetHints":{"allow":["GET"]}}],"collection":[{"href":"https:\/\/empresas.infoempleo.com\/hrtrends\/wp-json\/wp\/v2\/posts"}],"about":[{"href":"https:\/\/empresas.infoempleo.com\/hrtrends\/wp-json\/wp\/v2\/types\/post"}],"author":[{"embeddable":true,"href":"https:\/\/empresas.infoempleo.com\/hrtrends\/wp-json\/wp\/v2\/users\/136"}],"replies":[{"embeddable":true,"href":"https:\/\/empresas.infoempleo.com\/hrtrends\/wp-json\/wp\/v2\/comments?post=43598"}],"version-history":[{"count":1,"href":"https:\/\/empresas.infoempleo.com\/hrtrends\/wp-json\/wp\/v2\/posts\/43598\/revisions"}],"predecessor-version":[{"id":44266,"href":"https:\/\/empresas.infoempleo.com\/hrtrends\/wp-json\/wp\/v2\/posts\/43598\/revisions\/44266"}],"wp:featuredmedia":[{"embeddable":true,"href":"https:\/\/empresas.infoempleo.com\/hrtrends\/wp-json\/wp\/v2\/media\/29665"}],"wp:attachment":[{"href":"https:\/\/empresas.infoempleo.com\/hrtrends\/wp-json\/wp\/v2\/media?parent=43598"}],"wp:term":[{"taxonomy":"category","embeddable":true,"href":"https:\/\/empresas.infoempleo.com\/hrtrends\/wp-json\/wp\/v2\/categories?post=43598"},{"taxonomy":"post_tag","embeddable":true,"href":"https:\/\/empresas.infoempleo.com\/hrtrends\/wp-json\/wp\/v2\/tags?post=43598"}],"curies":[{"name":"wp","href":"https:\/\/api.w.org\/{rel}","templated":true}]}}