{"id":43581,"date":"2023-07-05T00:00:00","date_gmt":"2023-07-04T23:00:00","guid":{"rendered":"https:\/\/empresas.infoempleo.com\/hrtrends\/?p=43581"},"modified":"2024-07-03T14:11:17","modified_gmt":"2024-07-03T12:11:17","slug":"engagement-y-retencion-las-claves-de-la-fidelizacion-de-talento","status":"publish","type":"post","link":"https:\/\/empresas.infoempleo.com\/hrtrends\/engagement-y-retencion-las-claves-de-la-fidelizacion-de-talento\/","title":{"rendered":"Engagement y retenci\u00f3n: las claves de la fidelizaci\u00f3n de talento"},"content":{"rendered":"<p>Las <strong>estrategias<\/strong> m\u00e1s efectivas para<strong> fidelizar y retener el talento<\/strong> dentro de una empresa se enmarcan en un entorno de escucha y respuesta. El sentido de <strong>pertenencia<\/strong> a la comunidad o <strong><em>engagement<\/em><\/strong> es consecuencia del reconocimiento y puesta en valor de los trabajadores. <strong>Analizar<\/strong> los datos de las necesidades y desempe\u00f1o, <strong>motivar<\/strong> y ser <strong>creativo<\/strong> en las acciones son los ejes sobre los que gira un programa de <strong>fidelizaci\u00f3n del talento<\/strong> con \u00e9xito.<\/p>\n<h2>En qu\u00e9 beneficia la fidelizaci\u00f3n de talento y el engagement<\/h2>\n<p>Sin <strong>fidelizaci\u00f3n del talento <\/strong>los costes aumentan y el equipo no consolidado no puede alcanzar los hitos de rendimiento estrat\u00e9gico. Uno de las circunstancias desfavorables de una plantilla es el alto <strong>\u00edndice de rotaci\u00f3n<\/strong>. Para la empresa es una <strong>barrera<\/strong> dif\u00edcil de salvar. Si empleas el tiempo, los recursos y las energ\u00edas en peri\u00f3dicos procesos de selecci\u00f3n y formaci\u00f3n, no es posible el \u00e9xito. El desarrollo del negocio necesita como condici\u00f3n de posibilidad <strong>retener a los perfiles cualificados<\/strong>.<\/p>\n<p>De ah\u00ed la importancia del <strong><em>engagement<\/em> en la fidelizaci\u00f3n de talento<\/strong>. Si una persona trabajadora se siente vinculada a su empresa y a la cultura corporativa, no experimentar\u00e1 el deseo de cambiar de empleo. En este sentido, tambi\u00e9n va a encontrar mayor <strong>satisfacci\u00f3n y realizaci\u00f3n<\/strong> si su desempe\u00f1o est\u00e1 alineado con los <strong>objetivos estrat\u00e9gicos<\/strong> de la compa\u00f1\u00eda. La <a href=\"https:\/\/empresas.infoempleo.com\/hrtrends\/5-dinamicas-para-fomentar-el-sentido-de-pertenencia-en-la-empresa\/\" target=\"_blank\" rel=\"noopener\"><strong>pertenencia a la comunidad<\/strong><\/a> es uno de los rasgos m\u00e1s humanos.<\/p>\n<p>Por parte del departamento de recursos humanos, es clave para <strong>fidelizar empleados <\/strong>que cada trabajador pueda registrar en su experiencia del empleado el reconocimiento de su trayectoria.<\/p>\n<p><strong>El marco general de las estrategias que implementes debe ser el de la escucha y la validaci\u00f3n<\/strong>. El resto de las acciones pierden potencia si no hay recepci\u00f3n y respuesta ante las necesidades y demandas de los trabajadores.<\/p>\n<p>Es clave que en todos los procesos haya <strong>f<\/strong>eedback y las consecuencias sean comunicadas y transparentes. Si los trabajadores pierden la confianza, ser\u00e1 complicado fidelizar el talento.<\/p>\n<p>&nbsp;<\/p>\n<h2>Estrategias y claves para promover el engagement<\/h2>\n<p><strong>Fortaleciendo el engagement se busca generar<\/strong> <strong>relaciones s\u00f3lidas y duraderas<\/strong>. Es importante recordar que este resultado no es inmediato. Se trata de un proceso en el que las nuevas contrataciones poco a poco se van incorporando. As\u00ed, es aconsejable seguir estas <strong>estrategias empresariales para<\/strong> <strong>fidelizar talento<\/strong>:<\/p>\n<ul>\n<li><strong>Engagement en redes sociales y con los trabajadores:<\/strong> mide la reputaci\u00f3n de la marca en entornos virtuales. Adem\u00e1s, analiza el compromiso emocional y el nivel de <a href=\"https:\/\/empresas.infoempleo.com\/hrtrends\/5-tecnicas-de-motivacion-laboral-que-funcionan-en-las-empresas\/\" target=\"_blank\" rel=\"noopener\"><strong>nivel de motivaci\u00f3n en las empresas<\/strong><\/a> en su desempe\u00f1o diario.<\/li>\n<li><strong>M\u00e9tricas y anal\u00edticas<\/strong>: utiliza diversas herramientas de medici\u00f3n para contrastar los resultados y aplicar los datos objetivos en la toma de decisiones.<\/li>\n<li><strong>Actividad y creatividad<\/strong>: al ser un proceso la capacidad de atracci\u00f3n de talento y de retenerlo, es importante que programes acciones peri\u00f3dicas. La frecuencia tendr\u00e1s que ajustarla a los recursos de que dispongas. La innovaci\u00f3n en estas propuestas te hace m\u00e1s competitivo y aumenta los est\u00e1ndares de calidad.<\/li>\n<li><strong>Seguimiento del <em>engagement<\/em> y la retenci\u00f3n<\/strong>: al realizarse en entornos digitales se puede estimular diariamente y medirlo en todas las plataformas.<\/li>\n<li><strong>Confianza<\/strong> <strong>basada en la experiencia de otros empleados como embajadores de marca<\/strong>. Para retener el talento humano visualiza y enfatiza las recomendaciones de los compa\u00f1eros.<\/li>\n<\/ul>\n","protected":false},"excerpt":{"rendered":"<p>Las estrategias m\u00e1s efectivas para fidelizar y retener el talento dentro de una empresa se enmarcan en un<a class=\"moretag\" href=\"https:\/\/empresas.infoempleo.com\/hrtrends\/engagement-y-retencion-las-claves-de-la-fidelizacion-de-talento\/\"> Leer m\u00e1s<\/a><\/p>\n","protected":false},"author":136,"featured_media":29665,"comment_status":"closed","ping_status":"closed","sticky":false,"template":"","format":"standard","meta":{"footnotes":""},"categories":[3030],"tags":[],"class_list":["post-43581","post","type-post","status-publish","format-standard","has-post-thumbnail","hentry","category-reclutamiento"],"yoast_head":"<!-- This site is optimized with the Yoast SEO plugin v26.1.1 - https:\/\/yoast.com\/wordpress\/plugins\/seo\/ -->\n<title>Engagement y retenci\u00f3n: las claves de la fidelizaci\u00f3n de talento | HRTRENDS<\/title>\n<meta name=\"robots\" content=\"index, follow, max-snippet:-1, max-image-preview:large, max-video-preview:-1\" \/>\n<link rel=\"canonical\" href=\"https:\/\/empresas.infoempleo.com\/hrtrends\/engagement-y-retencion-las-claves-de-la-fidelizacion-de-talento\/\" \/>\n<meta property=\"og:locale\" content=\"es_ES\" \/>\n<meta property=\"og:type\" content=\"article\" \/>\n<meta property=\"og:title\" content=\"Engagement y retenci\u00f3n: las claves de la fidelizaci\u00f3n de talento | HRTRENDS\" \/>\n<meta property=\"og:description\" content=\"Las estrategias m\u00e1s efectivas para fidelizar y retener el talento dentro de una empresa se enmarcan en un Leer m\u00e1s\" \/>\n<meta property=\"og:url\" content=\"https:\/\/empresas.infoempleo.com\/hrtrends\/engagement-y-retencion-las-claves-de-la-fidelizacion-de-talento\/\" \/>\n<meta property=\"og:site_name\" content=\"HRTRENDS\" \/>\n<meta property=\"article:publisher\" content=\"https:\/\/www.facebook.com\/Infoempleo\" \/>\n<meta property=\"article:published_time\" content=\"2023-07-04T23:00:00+00:00\" \/>\n<meta property=\"article:modified_time\" content=\"2024-07-03T12:11:17+00:00\" \/>\n<meta name=\"author\" content=\"Raquel Hern\u00e1ndez\" \/>\n<meta name=\"twitter:card\" content=\"summary_large_image\" \/>\n<meta name=\"twitter:creator\" content=\"@infoempleo\" \/>\n<meta name=\"twitter:site\" content=\"@infoempleo\" \/>\n<meta name=\"twitter:label1\" content=\"Escrito por\" \/>\n\t<meta name=\"twitter:data1\" content=\"Raquel Hern\u00e1ndez\" \/>\n\t<meta name=\"twitter:label2\" content=\"Tiempo de lectura\" \/>\n\t<meta name=\"twitter:data2\" content=\"3 minutos\" \/>\n<script type=\"application\/ld+json\" class=\"yoast-schema-graph\">{\"@context\":\"https:\/\/schema.org\",\"@graph\":[{\"@type\":\"NewsArticle\",\"@id\":\"https:\/\/empresas.infoempleo.com\/hrtrends\/engagement-y-retencion-las-claves-de-la-fidelizacion-de-talento\/#article\",\"isPartOf\":{\"@id\":\"https:\/\/empresas.infoempleo.com\/hrtrends\/engagement-y-retencion-las-claves-de-la-fidelizacion-de-talento\/\"},\"author\":{\"name\":\"Raquel Hern\u00e1ndez\",\"@id\":\"https:\/\/empresas.infoempleo.com\/hrtrends\/#\/schema\/person\/fb2f949a1461ff0e9e15996d82d3a787\"},\"headline\":\"Engagement y retenci\u00f3n: las claves de la fidelizaci\u00f3n de talento\",\"datePublished\":\"2023-07-04T23:00:00+00:00\",\"dateModified\":\"2024-07-03T12:11:17+00:00\",\"mainEntityOfPage\":{\"@id\":\"https:\/\/empresas.infoempleo.com\/hrtrends\/engagement-y-retencion-las-claves-de-la-fidelizacion-de-talento\/\"},\"wordCount\":579,\"publisher\":{\"@id\":\"https:\/\/empresas.infoempleo.com\/hrtrends\/#organization\"},\"image\":{\"@id\":\"https:\/\/empresas.infoempleo.com\/hrtrends\/engagement-y-retencion-las-claves-de-la-fidelizacion-de-talento\/#primaryimage\"},\"thumbnailUrl\":\"https:\/\/empresas.infoempleo.com\/hrtrends\/media\/2017\/05\/pexels-photo-205508.jpg\",\"articleSection\":[\"Reclutamiento\"],\"inLanguage\":\"es\",\"copyrightYear\":\"2023\",\"copyrightHolder\":{\"@id\":\"https:\/\/empresas.infoempleo.com\/hrtrends\/#organization\"}},{\"@type\":\"WebPage\",\"@id\":\"https:\/\/empresas.infoempleo.com\/hrtrends\/engagement-y-retencion-las-claves-de-la-fidelizacion-de-talento\/\",\"url\":\"https:\/\/empresas.infoempleo.com\/hrtrends\/engagement-y-retencion-las-claves-de-la-fidelizacion-de-talento\/\",\"name\":\"Engagement y retenci\u00f3n: las claves de la fidelizaci\u00f3n de talento | HRTRENDS\",\"isPartOf\":{\"@id\":\"https:\/\/empresas.infoempleo.com\/hrtrends\/#website\"},\"primaryImageOfPage\":{\"@id\":\"https:\/\/empresas.infoempleo.com\/hrtrends\/engagement-y-retencion-las-claves-de-la-fidelizacion-de-talento\/#primaryimage\"},\"image\":{\"@id\":\"https:\/\/empresas.infoempleo.com\/hrtrends\/engagement-y-retencion-las-claves-de-la-fidelizacion-de-talento\/#primaryimage\"},\"thumbnailUrl\":\"https:\/\/empresas.infoempleo.com\/hrtrends\/media\/2017\/05\/pexels-photo-205508.jpg\",\"datePublished\":\"2023-07-04T23:00:00+00:00\",\"dateModified\":\"2024-07-03T12:11:17+00:00\",\"breadcrumb\":{\"@id\":\"https:\/\/empresas.infoempleo.com\/hrtrends\/engagement-y-retencion-las-claves-de-la-fidelizacion-de-talento\/#breadcrumb\"},\"inLanguage\":\"es\",\"potentialAction\":[{\"@type\":\"ReadAction\",\"target\":[\"https:\/\/empresas.infoempleo.com\/hrtrends\/engagement-y-retencion-las-claves-de-la-fidelizacion-de-talento\/\"]}]},{\"@type\":\"ImageObject\",\"inLanguage\":\"es\",\"@id\":\"https:\/\/empresas.infoempleo.com\/hrtrends\/engagement-y-retencion-las-claves-de-la-fidelizacion-de-talento\/#primaryimage\",\"url\":\"https:\/\/empresas.infoempleo.com\/hrtrends\/media\/2017\/05\/pexels-photo-205508-150x150.jpg\",\"contentUrl\":\"https:\/\/empresas.infoempleo.com\/hrtrends\/media\/2017\/05\/pexels-photo-205508-150x150.jpg\",\"width\":150,\"height\":150},{\"@type\":\"BreadcrumbList\",\"@id\":\"https:\/\/empresas.infoempleo.com\/hrtrends\/engagement-y-retencion-las-claves-de-la-fidelizacion-de-talento\/#breadcrumb\",\"itemListElement\":[{\"@type\":\"ListItem\",\"position\":1,\"name\":\"Portada\",\"item\":\"https:\/\/empresas.infoempleo.com\/hrtrends\/\"},{\"@type\":\"ListItem\",\"position\":2,\"name\":\"Engagement y retenci\u00f3n: las claves de la fidelizaci\u00f3n de talento\"}]},{\"@type\":\"WebSite\",\"@id\":\"https:\/\/empresas.infoempleo.com\/hrtrends\/#website\",\"url\":\"https:\/\/empresas.infoempleo.com\/hrtrends\",\"name\":\"HRTrends by Infoempleo\",\"description\":\"\",\"publisher\":{\"@id\":\"https:\/\/empresas.infoempleo.com\/hrtrends\/#organization\"},\"potentialAction\":{\"@type\":\"SearchAction\",\"target\":\"https:\/\/empresas.infoempleo.com\/hrtrends\/?s={search_term_string}\",\"query-input\":\"required name=search_term_string\"},\"inLanguage\":\"es\"},{\"@type\":\"Organization\",\"@id\":\"https:\/\/empresas.infoempleo.com\/hrtrends\/#organization\",\"name\":\"Infoempleo\",\"url\":\"https:\/\/www.infoempleo.com\/\",\"logo\":{\"@type\":\"ImageObject\",\"@id\":\"https:\/\/empresas.infoempleo.com\/hrtrends\/#logo\",\"inLanguage\":\"es\",\"url\":\"https:\/\/cdnazure.infoempleo.com\/infoempleo\/assets\/style\/gfx\/logo.svg\",\"contentUrl\":\"https:\/\/cdnazure.infoempleo.com\/infoempleo\/assets\/style\/gfx\/logo.svg\",\"width\":150,\"height\":40,\"caption\":\"Infoempleo\"},\"image\":{\"@id\":\"https:\/\/empresas.infoempleo.com\/hrtrends\/#logo\"},\"sameAs\":[\"https:\/\/www.facebook.com\/Infoempleo\",\"https:\/\/x.com\/infoempleo\",\"http:\/\/instagram.com\/infoempleo\/\",\"http:\/\/www.linkedin.com\/groups\/Empleo-Espa\u00f1a-Infoempleocom-111276\",\"http:\/\/pinterest.com\/infoempleo\/\"],\"address\":{\"@type\":\"PostalAddress\",\"addressLocality\":\"Madrid\",\"postalCode\":\"28050\",\"streetAddress\":\"Avenida de Burgos 114\"},\"brand\":[\"Infoempleo\"]},{\"@type\":\"Person\",\"@id\":\"https:\/\/empresas.infoempleo.com\/hrtrends\/#\/schema\/person\/fb2f949a1461ff0e9e15996d82d3a787\",\"name\":\"Raquel Hern\u00e1ndez\",\"image\":{\"@type\":\"ImageObject\",\"inLanguage\":\"es\",\"@id\":\"https:\/\/empresas.infoempleo.com\/hrtrends\/#\/schema\/person\/image\/\",\"url\":\"https:\/\/secure.gravatar.com\/avatar\/4ccd374b24ab5eefd1b7681d8be968df221a577fa3ffa9dc4bb4b537645dc6a2?s=96&d=mm&r=g\",\"contentUrl\":\"https:\/\/secure.gravatar.com\/avatar\/4ccd374b24ab5eefd1b7681d8be968df221a577fa3ffa9dc4bb4b537645dc6a2?s=96&d=mm&r=g\",\"caption\":\"Raquel Hern\u00e1ndez\"},\"description\":\"M\u00e1ster en Filosof\u00eda Contempor\u00e1nea y Diploma Experto en Salud y G\u00e9nero. Extensa experiencia profesional como directora y productora de eventos culturales, especializada en el sector editorial. Lectora profesional y redactora de contenidos relacionados con el empleo, la innovaci\u00f3n y la educaci\u00f3n.\",\"url\":\"https:\/\/empresas.infoempleo.com\/hrtrends\/author\/raquel-hernandez\/\"}]}<\/script>\n<!-- \/ Yoast SEO plugin. -->","yoast_head_json":{"title":"Engagement y retenci\u00f3n: las claves de la fidelizaci\u00f3n de talento | HRTRENDS","robots":{"index":"index","follow":"follow","max-snippet":"max-snippet:-1","max-image-preview":"max-image-preview:large","max-video-preview":"max-video-preview:-1"},"canonical":"https:\/\/empresas.infoempleo.com\/hrtrends\/engagement-y-retencion-las-claves-de-la-fidelizacion-de-talento\/","og_locale":"es_ES","og_type":"article","og_title":"Engagement y retenci\u00f3n: las claves de la fidelizaci\u00f3n de talento | HRTRENDS","og_description":"Las estrategias m\u00e1s efectivas para fidelizar y retener el talento dentro de una empresa se enmarcan en un Leer m\u00e1s","og_url":"https:\/\/empresas.infoempleo.com\/hrtrends\/engagement-y-retencion-las-claves-de-la-fidelizacion-de-talento\/","og_site_name":"HRTRENDS","article_publisher":"https:\/\/www.facebook.com\/Infoempleo","article_published_time":"2023-07-04T23:00:00+00:00","article_modified_time":"2024-07-03T12:11:17+00:00","author":"Raquel Hern\u00e1ndez","twitter_card":"summary_large_image","twitter_creator":"@infoempleo","twitter_site":"@infoempleo","twitter_misc":{"Escrito por":"Raquel Hern\u00e1ndez","Tiempo de lectura":"3 minutos"},"schema":{"@context":"https:\/\/schema.org","@graph":[{"@type":"NewsArticle","@id":"https:\/\/empresas.infoempleo.com\/hrtrends\/engagement-y-retencion-las-claves-de-la-fidelizacion-de-talento\/#article","isPartOf":{"@id":"https:\/\/empresas.infoempleo.com\/hrtrends\/engagement-y-retencion-las-claves-de-la-fidelizacion-de-talento\/"},"author":{"name":"Raquel Hern\u00e1ndez","@id":"https:\/\/empresas.infoempleo.com\/hrtrends\/#\/schema\/person\/fb2f949a1461ff0e9e15996d82d3a787"},"headline":"Engagement y retenci\u00f3n: las claves de la fidelizaci\u00f3n de talento","datePublished":"2023-07-04T23:00:00+00:00","dateModified":"2024-07-03T12:11:17+00:00","mainEntityOfPage":{"@id":"https:\/\/empresas.infoempleo.com\/hrtrends\/engagement-y-retencion-las-claves-de-la-fidelizacion-de-talento\/"},"wordCount":579,"publisher":{"@id":"https:\/\/empresas.infoempleo.com\/hrtrends\/#organization"},"image":{"@id":"https:\/\/empresas.infoempleo.com\/hrtrends\/engagement-y-retencion-las-claves-de-la-fidelizacion-de-talento\/#primaryimage"},"thumbnailUrl":"https:\/\/empresas.infoempleo.com\/hrtrends\/media\/2017\/05\/pexels-photo-205508.jpg","articleSection":["Reclutamiento"],"inLanguage":"es","copyrightYear":"2023","copyrightHolder":{"@id":"https:\/\/empresas.infoempleo.com\/hrtrends\/#organization"}},{"@type":"WebPage","@id":"https:\/\/empresas.infoempleo.com\/hrtrends\/engagement-y-retencion-las-claves-de-la-fidelizacion-de-talento\/","url":"https:\/\/empresas.infoempleo.com\/hrtrends\/engagement-y-retencion-las-claves-de-la-fidelizacion-de-talento\/","name":"Engagement y retenci\u00f3n: las claves de la fidelizaci\u00f3n de talento | HRTRENDS","isPartOf":{"@id":"https:\/\/empresas.infoempleo.com\/hrtrends\/#website"},"primaryImageOfPage":{"@id":"https:\/\/empresas.infoempleo.com\/hrtrends\/engagement-y-retencion-las-claves-de-la-fidelizacion-de-talento\/#primaryimage"},"image":{"@id":"https:\/\/empresas.infoempleo.com\/hrtrends\/engagement-y-retencion-las-claves-de-la-fidelizacion-de-talento\/#primaryimage"},"thumbnailUrl":"https:\/\/empresas.infoempleo.com\/hrtrends\/media\/2017\/05\/pexels-photo-205508.jpg","datePublished":"2023-07-04T23:00:00+00:00","dateModified":"2024-07-03T12:11:17+00:00","breadcrumb":{"@id":"https:\/\/empresas.infoempleo.com\/hrtrends\/engagement-y-retencion-las-claves-de-la-fidelizacion-de-talento\/#breadcrumb"},"inLanguage":"es","potentialAction":[{"@type":"ReadAction","target":["https:\/\/empresas.infoempleo.com\/hrtrends\/engagement-y-retencion-las-claves-de-la-fidelizacion-de-talento\/"]}]},{"@type":"ImageObject","inLanguage":"es","@id":"https:\/\/empresas.infoempleo.com\/hrtrends\/engagement-y-retencion-las-claves-de-la-fidelizacion-de-talento\/#primaryimage","url":"https:\/\/empresas.infoempleo.com\/hrtrends\/media\/2017\/05\/pexels-photo-205508-150x150.jpg","contentUrl":"https:\/\/empresas.infoempleo.com\/hrtrends\/media\/2017\/05\/pexels-photo-205508-150x150.jpg","width":150,"height":150},{"@type":"BreadcrumbList","@id":"https:\/\/empresas.infoempleo.com\/hrtrends\/engagement-y-retencion-las-claves-de-la-fidelizacion-de-talento\/#breadcrumb","itemListElement":[{"@type":"ListItem","position":1,"name":"Portada","item":"https:\/\/empresas.infoempleo.com\/hrtrends\/"},{"@type":"ListItem","position":2,"name":"Engagement y retenci\u00f3n: las claves de la fidelizaci\u00f3n de talento"}]},{"@type":"WebSite","@id":"https:\/\/empresas.infoempleo.com\/hrtrends\/#website","url":"https:\/\/empresas.infoempleo.com\/hrtrends","name":"HRTrends by Infoempleo","description":"","publisher":{"@id":"https:\/\/empresas.infoempleo.com\/hrtrends\/#organization"},"potentialAction":{"@type":"SearchAction","target":"https:\/\/empresas.infoempleo.com\/hrtrends\/?s={search_term_string}","query-input":"required name=search_term_string"},"inLanguage":"es"},{"@type":"Organization","@id":"https:\/\/empresas.infoempleo.com\/hrtrends\/#organization","name":"Infoempleo","url":"https:\/\/www.infoempleo.com\/","logo":{"@type":"ImageObject","@id":"https:\/\/empresas.infoempleo.com\/hrtrends\/#logo","inLanguage":"es","url":"https:\/\/cdnazure.infoempleo.com\/infoempleo\/assets\/style\/gfx\/logo.svg","contentUrl":"https:\/\/cdnazure.infoempleo.com\/infoempleo\/assets\/style\/gfx\/logo.svg","width":150,"height":40,"caption":"Infoempleo"},"image":{"@id":"https:\/\/empresas.infoempleo.com\/hrtrends\/#logo"},"sameAs":["https:\/\/www.facebook.com\/Infoempleo","https:\/\/x.com\/infoempleo","http:\/\/instagram.com\/infoempleo\/","http:\/\/www.linkedin.com\/groups\/Empleo-Espa\u00f1a-Infoempleocom-111276","http:\/\/pinterest.com\/infoempleo\/"],"address":{"@type":"PostalAddress","addressLocality":"Madrid","postalCode":"28050","streetAddress":"Avenida de Burgos 114"},"brand":["Infoempleo"]},{"@type":"Person","@id":"https:\/\/empresas.infoempleo.com\/hrtrends\/#\/schema\/person\/fb2f949a1461ff0e9e15996d82d3a787","name":"Raquel Hern\u00e1ndez","image":{"@type":"ImageObject","inLanguage":"es","@id":"https:\/\/empresas.infoempleo.com\/hrtrends\/#\/schema\/person\/image\/","url":"https:\/\/secure.gravatar.com\/avatar\/4ccd374b24ab5eefd1b7681d8be968df221a577fa3ffa9dc4bb4b537645dc6a2?s=96&d=mm&r=g","contentUrl":"https:\/\/secure.gravatar.com\/avatar\/4ccd374b24ab5eefd1b7681d8be968df221a577fa3ffa9dc4bb4b537645dc6a2?s=96&d=mm&r=g","caption":"Raquel Hern\u00e1ndez"},"description":"M\u00e1ster en Filosof\u00eda Contempor\u00e1nea y Diploma Experto en Salud y G\u00e9nero. Extensa experiencia profesional como directora y productora de eventos culturales, especializada en el sector editorial. Lectora profesional y redactora de contenidos relacionados con el empleo, la innovaci\u00f3n y la educaci\u00f3n.","url":"https:\/\/empresas.infoempleo.com\/hrtrends\/author\/raquel-hernandez\/"}]}},"amp_enabled":true,"_links":{"self":[{"href":"https:\/\/empresas.infoempleo.com\/hrtrends\/wp-json\/wp\/v2\/posts\/43581","targetHints":{"allow":["GET"]}}],"collection":[{"href":"https:\/\/empresas.infoempleo.com\/hrtrends\/wp-json\/wp\/v2\/posts"}],"about":[{"href":"https:\/\/empresas.infoempleo.com\/hrtrends\/wp-json\/wp\/v2\/types\/post"}],"author":[{"embeddable":true,"href":"https:\/\/empresas.infoempleo.com\/hrtrends\/wp-json\/wp\/v2\/users\/136"}],"replies":[{"embeddable":true,"href":"https:\/\/empresas.infoempleo.com\/hrtrends\/wp-json\/wp\/v2\/comments?post=43581"}],"version-history":[{"count":1,"href":"https:\/\/empresas.infoempleo.com\/hrtrends\/wp-json\/wp\/v2\/posts\/43581\/revisions"}],"predecessor-version":[{"id":44197,"href":"https:\/\/empresas.infoempleo.com\/hrtrends\/wp-json\/wp\/v2\/posts\/43581\/revisions\/44197"}],"wp:featuredmedia":[{"embeddable":true,"href":"https:\/\/empresas.infoempleo.com\/hrtrends\/wp-json\/wp\/v2\/media\/29665"}],"wp:attachment":[{"href":"https:\/\/empresas.infoempleo.com\/hrtrends\/wp-json\/wp\/v2\/media?parent=43581"}],"wp:term":[{"taxonomy":"category","embeddable":true,"href":"https:\/\/empresas.infoempleo.com\/hrtrends\/wp-json\/wp\/v2\/categories?post=43581"},{"taxonomy":"post_tag","embeddable":true,"href":"https:\/\/empresas.infoempleo.com\/hrtrends\/wp-json\/wp\/v2\/tags?post=43581"}],"curies":[{"name":"wp","href":"https:\/\/api.w.org\/{rel}","templated":true}]}}