{"id":42693,"date":"2023-03-07T07:30:17","date_gmt":"2023-03-07T05:30:17","guid":{"rendered":"https:\/\/empresas.infoempleo.com\/hrtrends\/?p=42693"},"modified":"2023-03-13T19:37:42","modified_gmt":"2023-03-13T17:37:42","slug":"5-podcasts-sobre-recursos-humanos-que-no-te-puedes-perder-en-2023","status":"publish","type":"post","link":"https:\/\/empresas.infoempleo.com\/hrtrends\/5-podcasts-sobre-recursos-humanos-que-no-te-puedes-perder-en-2023\/","title":{"rendered":"5 podcasts sobre recursos humanos que no te puedes perder en 2023"},"content":{"rendered":"<p>Adem\u00e1s de la literatura existente sobre el sector y de los art\u00edculos que se publican diariamente en blogs, medios digitales o en papel, tambi\u00e9n existe el <strong>formato podcast sobre recursos humanos.<\/strong> El podcast es, sin duda, una de las herramientas audiovisuales que mayor crecimiento ha experimentado, tanto en contenidos como en usuarios. En este art\u00edculo te contaremos cu\u00e1les consideramos que son los <strong>podcast m\u00e1s interesantes para profesionales de RRHH,<\/strong> y desde qu\u00e9 plataformas puedes acceder a ellos.<\/p>\n<h2>El podcast sobre recursos humanos: otra forma de aprender y estar al d\u00eda en el sector<\/h2>\n<p>A pesar de la preponderancia del v\u00eddeo, la radio sigue teniendo un importante hueco en nuestro vertiginoso d\u00eda a d\u00eda. Actualmente, adem\u00e1s, <strong>el podcast ha revolucionado este medio<\/strong> ampliando a\u00fan m\u00e1s las posibilidades que ofrece. <strong>El contenido en formato sonoro crece,<\/strong> y son cientos los espacios y plataformas donde podemos escuchar un n\u00famero interminable de programas.<\/p>\n<p>Los recursos humanos no pod\u00edan quedar al margen y hoy en d\u00eda <strong>existen muchos podcasts sobre el sector. <\/strong>Profesionales y amantes de la radio ofrecen contenidos, entrevistas y debates que aportan conocimiento a cientos de oyentes que operan en recursos humanos.<\/p>\n<p>Si atendemos al prestigio, el tiempo que llevan emitiendo o en el n\u00famero de seguidores, <strong>podr\u00edamos recomendarte estos 5 podcast sobre recursos humanos<\/strong>:<\/p>\n<ul>\n<li><strong><em>Foro Recursos Humanos:<\/em><\/strong>15 a\u00f1os en antena. Puedes escucharlo los lunes de 12 a 13h, en Capital Radio. Dirigido por Fran Garc\u00eda Cabello, ofrece contenidos de actualidad y tendencias sobre el mundo de las personas y los recursos humanos en las empresas.<\/li>\n<li><strong><em>Factorial HR Podcast<\/em>: <em>Factorial<\/em><\/strong> es un <a href=\"https:\/\/empresas.infoempleo.com\/hrtrends\/apps-para-la-gestion-de-equipos-y-proyectos\" target=\"_blank\" rel=\"noopener\">software de gesti\u00f3n de personas<\/a>. Entre sus servicios a\u00f1adidos ofrece en su web este podcast en forma de cap\u00edtulos que trata contenidos de actualidad y <a href=\"https:\/\/empresas.infoempleo.com\/hrtrends\/las-5-tendencias-en-recursos-humanos-para-2023-que-todas-las-companias-deberian-conocer\" target=\"_blank\" rel=\"noopener\">nuevas tendencias en recursos humanos<\/a>.<\/li>\n<li><strong><em>Hablemos sobre Laboral<\/em>: <\/strong>otro podcast creado desde <em>Factorial<\/em><em>, <\/em>pero centrado en el campo de lo laboral. Lo tienes a tu disposici\u00f3n en Spotify, IVoox y Apple Podcast, principalmente.<\/li>\n<li><strong><em>Siempre puedes practicar surf: <\/em><\/strong>creado por <em>Global Human Consultants<\/em>, lo encuentras en Spotify e Ivoox desde 2019. Pensado para profesionales de los recursos humanos donde encontrar t\u00e9cnicas, consejos, ideas, conceptos y noticias sobre la gesti\u00f3n de personas con un enfoque pr\u00e1ctico.<\/li>\n<li><strong><em>Humanos con Recursos<\/em>: <\/strong>puesto en marcha por <em>Inusual <\/em>y centrado en la innovaci\u00f3n. Por sus micr\u00f3fonos pasan <em>l\u00edderes inusuales<\/em> que cuentan su experiencia para conectar liderazgo, innovaci\u00f3n y recursos humanos.<\/li>\n<\/ul>\n<h2>Podcasts internacionales sobre gesti\u00f3n de personas<\/h2>\n<p>Adem\u00e1s de los que acabamos de mencionar, y otros muchos que podemos escuchar en castellano, existe tambi\u00e9n la posibilidad de acercarse a contenidos que vienen desde otras partes del mundo. De esta forma, no solo estaremos <strong>practicando idiomas <\/strong>sino conociendo<strong> qu\u00e9 se est\u00e1 haciendo en recursos humanos<\/strong> <strong>en otros pa\u00edses. <\/strong><\/p>\n<p>En ese sentido, <strong>te recomendamos<\/strong> los siguientes:<\/p>\n<ul>\n<li><strong>Workology<\/strong><\/li>\n<li><strong>HR Leaders<\/strong><\/li>\n<li><strong>HBR IdeaCast, <\/strong>de Harvard Business Review<\/li>\n<li><strong>CIPD, <\/strong>de Chartered Institute of Personnel and Development<\/li>\n<\/ul>\n<p>Las barreras de la comunicaci\u00f3n han saltado por los aires. Y esta forma de comunicaci\u00f3n en audio est\u00e1 cambiando a pasos agigantados muchas \u00e1reas de negocio, entre ellas el mundo de los recursos humanos y el de la empresa en general. No sabemos d\u00f3nde nos llevar\u00e1n todos estos cambios, pero lo que s\u00ed sabemos es que no podemos quedarnos atr\u00e1s.<\/p>\n","protected":false},"excerpt":{"rendered":"<p>Adem\u00e1s de la literatura existente sobre el sector y de los art\u00edculos que se publican diariamente en blogs,<a class=\"moretag\" href=\"https:\/\/empresas.infoempleo.com\/hrtrends\/5-podcasts-sobre-recursos-humanos-que-no-te-puedes-perder-en-2023\/\"> Leer m\u00e1s<\/a><\/p>\n","protected":false},"author":142,"featured_media":42717,"comment_status":"closed","ping_status":"closed","sticky":false,"template":"","format":"standard","meta":{"footnotes":""},"categories":[3],"tags":[18,3588,70],"class_list":["post-42693","post","type-post","status-publish","format-standard","has-post-thumbnail","hentry","category-actualidad","tag-empresa","tag-podcast-rrhh","tag-rrhh"],"yoast_head":"<!-- This site is optimized with the Yoast SEO plugin v26.1.1 - https:\/\/yoast.com\/wordpress\/plugins\/seo\/ -->\n<title>5 podcast sobre recursos humanos que no te puedes perder en 2023<\/title>\n<meta name=\"description\" content=\"Te hablamos de algunos de los mejores podcast sobre recursos humanos que existen en la actualidad, y d\u00f3nde puedes encontrarlos\" \/>\n<meta name=\"robots\" content=\"index, follow, max-snippet:-1, max-image-preview:large, max-video-preview:-1\" \/>\n<link rel=\"canonical\" href=\"https:\/\/empresas.infoempleo.com\/hrtrends\/5-podcasts-sobre-recursos-humanos-que-no-te-puedes-perder-en-2023\/\" \/>\n<meta property=\"og:locale\" content=\"es_ES\" \/>\n<meta property=\"og:type\" content=\"article\" \/>\n<meta property=\"og:title\" content=\"5 podcast sobre recursos humanos que no te puedes perder en 2023\" \/>\n<meta property=\"og:description\" content=\"Te hablamos de algunos de los mejores podcast sobre recursos humanos que existen en la actualidad, y d\u00f3nde puedes encontrarlos\" \/>\n<meta property=\"og:url\" content=\"https:\/\/empresas.infoempleo.com\/hrtrends\/5-podcasts-sobre-recursos-humanos-que-no-te-puedes-perder-en-2023\/\" \/>\n<meta property=\"og:site_name\" content=\"HRTRENDS\" \/>\n<meta property=\"article:publisher\" content=\"https:\/\/www.facebook.com\/Infoempleo\" \/>\n<meta property=\"article:published_time\" content=\"2023-03-07T05:30:17+00:00\" \/>\n<meta property=\"article:modified_time\" content=\"2023-03-13T17:37:42+00:00\" \/>\n<meta property=\"og:image\" content=\"https:\/\/empresas.infoempleo.com\/hrtrends\/media\/2023\/03\/Grabando-podcast-sobre-recursos-humanos.jpg\" \/>\n\t<meta property=\"og:image:width\" content=\"1200\" \/>\n\t<meta property=\"og:image:height\" content=\"800\" \/>\n\t<meta property=\"og:image:type\" content=\"image\/jpeg\" \/>\n<meta name=\"author\" content=\"Javier F. Parra\" \/>\n<meta name=\"twitter:card\" content=\"summary_large_image\" \/>\n<meta name=\"twitter:creator\" content=\"@infoempleo\" \/>\n<meta name=\"twitter:site\" content=\"@infoempleo\" \/>\n<meta name=\"twitter:label1\" content=\"Escrito por\" \/>\n\t<meta name=\"twitter:data1\" content=\"Javier F. Parra\" \/>\n\t<meta name=\"twitter:label2\" content=\"Tiempo de lectura\" \/>\n\t<meta name=\"twitter:data2\" content=\"3 minutos\" \/>\n<script type=\"application\/ld+json\" class=\"yoast-schema-graph\">{\"@context\":\"https:\/\/schema.org\",\"@graph\":[{\"@type\":\"NewsArticle\",\"@id\":\"https:\/\/empresas.infoempleo.com\/hrtrends\/5-podcasts-sobre-recursos-humanos-que-no-te-puedes-perder-en-2023\/#article\",\"isPartOf\":{\"@id\":\"https:\/\/empresas.infoempleo.com\/hrtrends\/5-podcasts-sobre-recursos-humanos-que-no-te-puedes-perder-en-2023\/\"},\"author\":{\"name\":\"Javier F. Parra\",\"@id\":\"https:\/\/empresas.infoempleo.com\/hrtrends\/#\/schema\/person\/bfe2fef977b750c22ac6f7d254c75afe\"},\"headline\":\"5 podcasts sobre recursos humanos que no te puedes perder en 2023\",\"datePublished\":\"2023-03-07T05:30:17+00:00\",\"dateModified\":\"2023-03-13T17:37:42+00:00\",\"mainEntityOfPage\":{\"@id\":\"https:\/\/empresas.infoempleo.com\/hrtrends\/5-podcasts-sobre-recursos-humanos-que-no-te-puedes-perder-en-2023\/\"},\"wordCount\":576,\"publisher\":{\"@id\":\"https:\/\/empresas.infoempleo.com\/hrtrends\/#organization\"},\"image\":{\"@id\":\"https:\/\/empresas.infoempleo.com\/hrtrends\/5-podcasts-sobre-recursos-humanos-que-no-te-puedes-perder-en-2023\/#primaryimage\"},\"thumbnailUrl\":\"https:\/\/empresas.infoempleo.com\/hrtrends\/media\/2023\/03\/Grabando-podcast-sobre-recursos-humanos.jpg\",\"keywords\":[\"empresa\",\"podcast RRHH\",\"RRHH\"],\"articleSection\":[\"Actualidad\"],\"inLanguage\":\"es\",\"copyrightYear\":\"2023\",\"copyrightHolder\":{\"@id\":\"https:\/\/empresas.infoempleo.com\/hrtrends\/#organization\"}},{\"@type\":\"WebPage\",\"@id\":\"https:\/\/empresas.infoempleo.com\/hrtrends\/5-podcasts-sobre-recursos-humanos-que-no-te-puedes-perder-en-2023\/\",\"url\":\"https:\/\/empresas.infoempleo.com\/hrtrends\/5-podcasts-sobre-recursos-humanos-que-no-te-puedes-perder-en-2023\/\",\"name\":\"5 podcast sobre recursos humanos que no te puedes perder en 2023\",\"isPartOf\":{\"@id\":\"https:\/\/empresas.infoempleo.com\/hrtrends\/#website\"},\"primaryImageOfPage\":{\"@id\":\"https:\/\/empresas.infoempleo.com\/hrtrends\/5-podcasts-sobre-recursos-humanos-que-no-te-puedes-perder-en-2023\/#primaryimage\"},\"image\":{\"@id\":\"https:\/\/empresas.infoempleo.com\/hrtrends\/5-podcasts-sobre-recursos-humanos-que-no-te-puedes-perder-en-2023\/#primaryimage\"},\"thumbnailUrl\":\"https:\/\/empresas.infoempleo.com\/hrtrends\/media\/2023\/03\/Grabando-podcast-sobre-recursos-humanos.jpg\",\"datePublished\":\"2023-03-07T05:30:17+00:00\",\"dateModified\":\"2023-03-13T17:37:42+00:00\",\"description\":\"Te hablamos de algunos de los mejores podcast sobre recursos humanos que existen en la actualidad, y d\u00f3nde puedes encontrarlos\",\"breadcrumb\":{\"@id\":\"https:\/\/empresas.infoempleo.com\/hrtrends\/5-podcasts-sobre-recursos-humanos-que-no-te-puedes-perder-en-2023\/#breadcrumb\"},\"inLanguage\":\"es\",\"potentialAction\":[{\"@type\":\"ReadAction\",\"target\":[\"https:\/\/empresas.infoempleo.com\/hrtrends\/5-podcasts-sobre-recursos-humanos-que-no-te-puedes-perder-en-2023\/\"]}]},{\"@type\":\"ImageObject\",\"inLanguage\":\"es\",\"@id\":\"https:\/\/empresas.infoempleo.com\/hrtrends\/5-podcasts-sobre-recursos-humanos-que-no-te-puedes-perder-en-2023\/#primaryimage\",\"url\":\"https:\/\/empresas.infoempleo.com\/hrtrends\/media\/2023\/03\/Grabando-podcast-sobre-recursos-humanos-150x150.jpg\",\"contentUrl\":\"https:\/\/empresas.infoempleo.com\/hrtrends\/media\/2023\/03\/Grabando-podcast-sobre-recursos-humanos-150x150.jpg\",\"width\":150,\"height\":150,\"caption\":\"Grabando podcast sobre recursos humanos\"},{\"@type\":\"BreadcrumbList\",\"@id\":\"https:\/\/empresas.infoempleo.com\/hrtrends\/5-podcasts-sobre-recursos-humanos-que-no-te-puedes-perder-en-2023\/#breadcrumb\",\"itemListElement\":[{\"@type\":\"ListItem\",\"position\":1,\"name\":\"Portada\",\"item\":\"https:\/\/empresas.infoempleo.com\/hrtrends\/\"},{\"@type\":\"ListItem\",\"position\":2,\"name\":\"5 podcasts sobre recursos humanos que no te puedes perder en 2023\"}]},{\"@type\":\"WebSite\",\"@id\":\"https:\/\/empresas.infoempleo.com\/hrtrends\/#website\",\"url\":\"https:\/\/empresas.infoempleo.com\/hrtrends\",\"name\":\"HRTrends by Infoempleo\",\"description\":\"\",\"publisher\":{\"@id\":\"https:\/\/empresas.infoempleo.com\/hrtrends\/#organization\"},\"potentialAction\":{\"@type\":\"SearchAction\",\"target\":\"https:\/\/empresas.infoempleo.com\/hrtrends\/?s={search_term_string}\",\"query-input\":\"required name=search_term_string\"},\"inLanguage\":\"es\"},{\"@type\":\"Organization\",\"@id\":\"https:\/\/empresas.infoempleo.com\/hrtrends\/#organization\",\"name\":\"Infoempleo\",\"url\":\"https:\/\/www.infoempleo.com\/\",\"logo\":{\"@type\":\"ImageObject\",\"@id\":\"https:\/\/empresas.infoempleo.com\/hrtrends\/#logo\",\"inLanguage\":\"es\",\"url\":\"https:\/\/cdnazure.infoempleo.com\/infoempleo\/assets\/style\/gfx\/logo.svg\",\"contentUrl\":\"https:\/\/cdnazure.infoempleo.com\/infoempleo\/assets\/style\/gfx\/logo.svg\",\"width\":150,\"height\":40,\"caption\":\"Infoempleo\"},\"image\":{\"@id\":\"https:\/\/empresas.infoempleo.com\/hrtrends\/#logo\"},\"sameAs\":[\"https:\/\/www.facebook.com\/Infoempleo\",\"https:\/\/x.com\/infoempleo\",\"http:\/\/instagram.com\/infoempleo\/\",\"http:\/\/www.linkedin.com\/groups\/Empleo-Espa\u00f1a-Infoempleocom-111276\",\"http:\/\/pinterest.com\/infoempleo\/\"],\"address\":{\"@type\":\"PostalAddress\",\"addressLocality\":\"Madrid\",\"postalCode\":\"28050\",\"streetAddress\":\"Avenida de Burgos 114\"},\"brand\":[\"Infoempleo\"]},{\"@type\":\"Person\",\"@id\":\"https:\/\/empresas.infoempleo.com\/hrtrends\/#\/schema\/person\/bfe2fef977b750c22ac6f7d254c75afe\",\"name\":\"Javier F. Parra\",\"image\":{\"@type\":\"ImageObject\",\"inLanguage\":\"es\",\"@id\":\"https:\/\/empresas.infoempleo.com\/hrtrends\/#\/schema\/person\/image\/\",\"url\":\"https:\/\/secure.gravatar.com\/avatar\/cc7a816c43a98631bfc25486db802fb539f4c937146762f45a94d9b4d1ea0721?s=96&d=mm&r=g\",\"contentUrl\":\"https:\/\/secure.gravatar.com\/avatar\/cc7a816c43a98631bfc25486db802fb539f4c937146762f45a94d9b4d1ea0721?s=96&d=mm&r=g\",\"caption\":\"Javier F. Parra\"},\"description\":\"Licenciado en Pedagog\u00eda Sociolaboral. M\u00e1ster en Direcci\u00f3n y Gesti\u00f3n de Recursos Humanos y Postgrado en Prevenci\u00f3n de Riesgos Laborales. Desde hace m\u00e1s de 15 a\u00f1os me dedico a la formaci\u00f3n, la asesor\u00eda de empresas y al apoyo directo a personas que quieren emprender un negocio. Me interesan la pol\u00edtica, la literatura, la Historia y las personas, aunque no necesariamente en ese orden.\",\"url\":\"https:\/\/empresas.infoempleo.com\/hrtrends\/author\/javieryerro80gmail-com\/\"}]}<\/script>\n<!-- \/ Yoast SEO plugin. -->","yoast_head_json":{"title":"5 podcast sobre recursos humanos que no te puedes perder en 2023","description":"Te hablamos de algunos de los mejores podcast sobre recursos humanos que existen en la actualidad, y d\u00f3nde puedes encontrarlos","robots":{"index":"index","follow":"follow","max-snippet":"max-snippet:-1","max-image-preview":"max-image-preview:large","max-video-preview":"max-video-preview:-1"},"canonical":"https:\/\/empresas.infoempleo.com\/hrtrends\/5-podcasts-sobre-recursos-humanos-que-no-te-puedes-perder-en-2023\/","og_locale":"es_ES","og_type":"article","og_title":"5 podcast sobre recursos humanos que no te puedes perder en 2023","og_description":"Te hablamos de algunos de los mejores podcast sobre recursos humanos que existen en la actualidad, y d\u00f3nde puedes encontrarlos","og_url":"https:\/\/empresas.infoempleo.com\/hrtrends\/5-podcasts-sobre-recursos-humanos-que-no-te-puedes-perder-en-2023\/","og_site_name":"HRTRENDS","article_publisher":"https:\/\/www.facebook.com\/Infoempleo","article_published_time":"2023-03-07T05:30:17+00:00","article_modified_time":"2023-03-13T17:37:42+00:00","og_image":[{"width":1200,"height":800,"url":"https:\/\/empresas.infoempleo.com\/hrtrends\/media\/2023\/03\/Grabando-podcast-sobre-recursos-humanos.jpg","type":"image\/jpeg"}],"author":"Javier F. Parra","twitter_card":"summary_large_image","twitter_creator":"@infoempleo","twitter_site":"@infoempleo","twitter_misc":{"Escrito por":"Javier F. Parra","Tiempo de lectura":"3 minutos"},"schema":{"@context":"https:\/\/schema.org","@graph":[{"@type":"NewsArticle","@id":"https:\/\/empresas.infoempleo.com\/hrtrends\/5-podcasts-sobre-recursos-humanos-que-no-te-puedes-perder-en-2023\/#article","isPartOf":{"@id":"https:\/\/empresas.infoempleo.com\/hrtrends\/5-podcasts-sobre-recursos-humanos-que-no-te-puedes-perder-en-2023\/"},"author":{"name":"Javier F. Parra","@id":"https:\/\/empresas.infoempleo.com\/hrtrends\/#\/schema\/person\/bfe2fef977b750c22ac6f7d254c75afe"},"headline":"5 podcasts sobre recursos humanos que no te puedes perder en 2023","datePublished":"2023-03-07T05:30:17+00:00","dateModified":"2023-03-13T17:37:42+00:00","mainEntityOfPage":{"@id":"https:\/\/empresas.infoempleo.com\/hrtrends\/5-podcasts-sobre-recursos-humanos-que-no-te-puedes-perder-en-2023\/"},"wordCount":576,"publisher":{"@id":"https:\/\/empresas.infoempleo.com\/hrtrends\/#organization"},"image":{"@id":"https:\/\/empresas.infoempleo.com\/hrtrends\/5-podcasts-sobre-recursos-humanos-que-no-te-puedes-perder-en-2023\/#primaryimage"},"thumbnailUrl":"https:\/\/empresas.infoempleo.com\/hrtrends\/media\/2023\/03\/Grabando-podcast-sobre-recursos-humanos.jpg","keywords":["empresa","podcast RRHH","RRHH"],"articleSection":["Actualidad"],"inLanguage":"es","copyrightYear":"2023","copyrightHolder":{"@id":"https:\/\/empresas.infoempleo.com\/hrtrends\/#organization"}},{"@type":"WebPage","@id":"https:\/\/empresas.infoempleo.com\/hrtrends\/5-podcasts-sobre-recursos-humanos-que-no-te-puedes-perder-en-2023\/","url":"https:\/\/empresas.infoempleo.com\/hrtrends\/5-podcasts-sobre-recursos-humanos-que-no-te-puedes-perder-en-2023\/","name":"5 podcast sobre recursos humanos que no te puedes perder en 2023","isPartOf":{"@id":"https:\/\/empresas.infoempleo.com\/hrtrends\/#website"},"primaryImageOfPage":{"@id":"https:\/\/empresas.infoempleo.com\/hrtrends\/5-podcasts-sobre-recursos-humanos-que-no-te-puedes-perder-en-2023\/#primaryimage"},"image":{"@id":"https:\/\/empresas.infoempleo.com\/hrtrends\/5-podcasts-sobre-recursos-humanos-que-no-te-puedes-perder-en-2023\/#primaryimage"},"thumbnailUrl":"https:\/\/empresas.infoempleo.com\/hrtrends\/media\/2023\/03\/Grabando-podcast-sobre-recursos-humanos.jpg","datePublished":"2023-03-07T05:30:17+00:00","dateModified":"2023-03-13T17:37:42+00:00","description":"Te hablamos de algunos de los mejores podcast sobre recursos humanos que existen en la actualidad, y d\u00f3nde puedes encontrarlos","breadcrumb":{"@id":"https:\/\/empresas.infoempleo.com\/hrtrends\/5-podcasts-sobre-recursos-humanos-que-no-te-puedes-perder-en-2023\/#breadcrumb"},"inLanguage":"es","potentialAction":[{"@type":"ReadAction","target":["https:\/\/empresas.infoempleo.com\/hrtrends\/5-podcasts-sobre-recursos-humanos-que-no-te-puedes-perder-en-2023\/"]}]},{"@type":"ImageObject","inLanguage":"es","@id":"https:\/\/empresas.infoempleo.com\/hrtrends\/5-podcasts-sobre-recursos-humanos-que-no-te-puedes-perder-en-2023\/#primaryimage","url":"https:\/\/empresas.infoempleo.com\/hrtrends\/media\/2023\/03\/Grabando-podcast-sobre-recursos-humanos-150x150.jpg","contentUrl":"https:\/\/empresas.infoempleo.com\/hrtrends\/media\/2023\/03\/Grabando-podcast-sobre-recursos-humanos-150x150.jpg","width":150,"height":150,"caption":"Grabando podcast sobre recursos humanos"},{"@type":"BreadcrumbList","@id":"https:\/\/empresas.infoempleo.com\/hrtrends\/5-podcasts-sobre-recursos-humanos-que-no-te-puedes-perder-en-2023\/#breadcrumb","itemListElement":[{"@type":"ListItem","position":1,"name":"Portada","item":"https:\/\/empresas.infoempleo.com\/hrtrends\/"},{"@type":"ListItem","position":2,"name":"5 podcasts sobre recursos humanos que no te puedes perder en 2023"}]},{"@type":"WebSite","@id":"https:\/\/empresas.infoempleo.com\/hrtrends\/#website","url":"https:\/\/empresas.infoempleo.com\/hrtrends","name":"HRTrends by Infoempleo","description":"","publisher":{"@id":"https:\/\/empresas.infoempleo.com\/hrtrends\/#organization"},"potentialAction":{"@type":"SearchAction","target":"https:\/\/empresas.infoempleo.com\/hrtrends\/?s={search_term_string}","query-input":"required name=search_term_string"},"inLanguage":"es"},{"@type":"Organization","@id":"https:\/\/empresas.infoempleo.com\/hrtrends\/#organization","name":"Infoempleo","url":"https:\/\/www.infoempleo.com\/","logo":{"@type":"ImageObject","@id":"https:\/\/empresas.infoempleo.com\/hrtrends\/#logo","inLanguage":"es","url":"https:\/\/cdnazure.infoempleo.com\/infoempleo\/assets\/style\/gfx\/logo.svg","contentUrl":"https:\/\/cdnazure.infoempleo.com\/infoempleo\/assets\/style\/gfx\/logo.svg","width":150,"height":40,"caption":"Infoempleo"},"image":{"@id":"https:\/\/empresas.infoempleo.com\/hrtrends\/#logo"},"sameAs":["https:\/\/www.facebook.com\/Infoempleo","https:\/\/x.com\/infoempleo","http:\/\/instagram.com\/infoempleo\/","http:\/\/www.linkedin.com\/groups\/Empleo-Espa\u00f1a-Infoempleocom-111276","http:\/\/pinterest.com\/infoempleo\/"],"address":{"@type":"PostalAddress","addressLocality":"Madrid","postalCode":"28050","streetAddress":"Avenida de Burgos 114"},"brand":["Infoempleo"]},{"@type":"Person","@id":"https:\/\/empresas.infoempleo.com\/hrtrends\/#\/schema\/person\/bfe2fef977b750c22ac6f7d254c75afe","name":"Javier F. Parra","image":{"@type":"ImageObject","inLanguage":"es","@id":"https:\/\/empresas.infoempleo.com\/hrtrends\/#\/schema\/person\/image\/","url":"https:\/\/secure.gravatar.com\/avatar\/cc7a816c43a98631bfc25486db802fb539f4c937146762f45a94d9b4d1ea0721?s=96&d=mm&r=g","contentUrl":"https:\/\/secure.gravatar.com\/avatar\/cc7a816c43a98631bfc25486db802fb539f4c937146762f45a94d9b4d1ea0721?s=96&d=mm&r=g","caption":"Javier F. Parra"},"description":"Licenciado en Pedagog\u00eda Sociolaboral. M\u00e1ster en Direcci\u00f3n y Gesti\u00f3n de Recursos Humanos y Postgrado en Prevenci\u00f3n de Riesgos Laborales. Desde hace m\u00e1s de 15 a\u00f1os me dedico a la formaci\u00f3n, la asesor\u00eda de empresas y al apoyo directo a personas que quieren emprender un negocio. Me interesan la pol\u00edtica, la literatura, la Historia y las personas, aunque no necesariamente en ese orden.","url":"https:\/\/empresas.infoempleo.com\/hrtrends\/author\/javieryerro80gmail-com\/"}]}},"amp_enabled":true,"_links":{"self":[{"href":"https:\/\/empresas.infoempleo.com\/hrtrends\/wp-json\/wp\/v2\/posts\/42693","targetHints":{"allow":["GET"]}}],"collection":[{"href":"https:\/\/empresas.infoempleo.com\/hrtrends\/wp-json\/wp\/v2\/posts"}],"about":[{"href":"https:\/\/empresas.infoempleo.com\/hrtrends\/wp-json\/wp\/v2\/types\/post"}],"author":[{"embeddable":true,"href":"https:\/\/empresas.infoempleo.com\/hrtrends\/wp-json\/wp\/v2\/users\/142"}],"replies":[{"embeddable":true,"href":"https:\/\/empresas.infoempleo.com\/hrtrends\/wp-json\/wp\/v2\/comments?post=42693"}],"version-history":[{"count":6,"href":"https:\/\/empresas.infoempleo.com\/hrtrends\/wp-json\/wp\/v2\/posts\/42693\/revisions"}],"predecessor-version":[{"id":43524,"href":"https:\/\/empresas.infoempleo.com\/hrtrends\/wp-json\/wp\/v2\/posts\/42693\/revisions\/43524"}],"wp:featuredmedia":[{"embeddable":true,"href":"https:\/\/empresas.infoempleo.com\/hrtrends\/wp-json\/wp\/v2\/media\/42717"}],"wp:attachment":[{"href":"https:\/\/empresas.infoempleo.com\/hrtrends\/wp-json\/wp\/v2\/media?parent=42693"}],"wp:term":[{"taxonomy":"category","embeddable":true,"href":"https:\/\/empresas.infoempleo.com\/hrtrends\/wp-json\/wp\/v2\/categories?post=42693"},{"taxonomy":"post_tag","embeddable":true,"href":"https:\/\/empresas.infoempleo.com\/hrtrends\/wp-json\/wp\/v2\/tags?post=42693"}],"curies":[{"name":"wp","href":"https:\/\/api.w.org\/{rel}","templated":true}]}}