{"id":42606,"date":"2023-02-20T07:30:21","date_gmt":"2023-02-20T05:30:21","guid":{"rendered":"https:\/\/empresas.infoempleo.com\/hrtrends\/?p=42606"},"modified":"2023-03-13T19:37:41","modified_gmt":"2023-03-13T17:37:41","slug":"usa-el-test-de-moss-para-el-reclutamiento-de-mandos-intermedios-y-puestos-de-liderazgo","status":"publish","type":"post","link":"https:\/\/empresas.infoempleo.com\/hrtrends\/usa-el-test-de-moss-para-el-reclutamiento-de-mandos-intermedios-y-puestos-de-liderazgo\/","title":{"rendered":"Usa el test de Moss para el reclutamiento de mandos intermedios y puestos de liderazgo"},"content":{"rendered":"<p>El <strong>test de Moss<\/strong> es una <strong>prueba psicom\u00e9trica<\/strong> para evaluar perfiles que apliquen por puestos de liderazgo. Esta herramienta te va a ayudar a localizar al <strong>cargo intermedio<\/strong> que sepa aplicar el <strong>sentido com\u00fan y motivar<\/strong> al equipo. Son 30 preguntas contestadas de manera \u00e1gil que te permiten saber c\u00f3mo va a <strong>responder<\/strong> el futuro responsable. La visi\u00f3n de futuro, la capacidad de <strong>planificar<\/strong> y, sobre todo, considerar los <strong>conflictos<\/strong> como una oportunidad de mejora son algunas de las <strong>soft skills<\/strong> que encontrar\u00e1s con este test.<\/p>\n<h2>Aplicaci\u00f3n del test de Moss<\/h2>\n<p>En el proceso de <a href=\"https:\/\/empresas.infoempleo.com\/hrtrends\/como-reclutar-a-los-mandos-intermedios\" target=\"_blank\" rel=\"noopener\"><strong>reclutamiento de mandos intermedios<\/strong><\/a> y puestos de liderazgos es m\u00e1s importante considerar otros criterios. Las habilidades t\u00e9cnicas que sean requeridas no son suficientes en la gesti\u00f3n de equipos. Para localizar las <strong><em>soft skills<\/em> <\/strong>que te interesan puedes utilizar el <strong>test de Moss<\/strong>. Este contiene<strong> 30 preguntas o<\/strong> <strong>situaciones<\/strong> a ser respondidas o resueltas entre 15 y 20 minutos. Cada interrogante tiene cuatro posibles respuestas y el <strong>aspirante deber\u00e1 seleccionar una<\/strong>. La prueba puede realizarse de forma individual o colectiva.<\/p>\n<p>Este <strong>test psicom\u00e9trico<\/strong> fue dise\u00f1ado inicialmente en 1979 por <strong>Rudolf y Berenice Moss<\/strong>, de la Universidad de Stanford. La prueba surge para intentar responder ante la necesidad y el <strong>requerimiento creciente<\/strong> de perfiles que ocupen los liderazgos desde la motivaci\u00f3n y el crecimiento del personal. Un cargo as\u00ed puede prescindir del dominio del contenido, si es capaz de llevar a su equipo hacia los <strong>logros estrat\u00e9gicos<\/strong> que la empresa necesita. <strong>Coordinar<\/strong> e intervenir en las relaciones de la plantilla es fundamental para el \u00e9xito de los proyectos.<\/p>\n<h2>Capacidades que eval\u00faa el test de Moss<\/h2>\n<p>Los puestos de<strong> liderazgo<\/strong> han adquirido mayor relevancia desde que se ha impuesto la jornada h\u00edbrida. La <strong>resiliencia<\/strong> de las empresas <strong>depende<\/strong> del saber hacer de los <strong>cargos intermedios<\/strong> especialmente. As\u00ed que te interesa contar con una <strong>herramienta<\/strong> que d\u00e9 con <strong>el perfil v\u00e1lido<\/strong> para tu organizaci\u00f3n.<\/p>\n<p>El <strong>test de Moss<\/strong> <strong>mide<\/strong> <strong>las siguientes<\/strong> <strong>capacidades<\/strong>:<\/p>\n<ul>\n<li><strong>Supervisi\u00f3n<\/strong>: por un lado es necesario controlar y registrar los procedimientos para alcanzar el grado de calidad buscado. Sin embargo, en la gesti\u00f3n de equipos es necesario manejar la situaci\u00f3n de tal manera que los profesionales no se sientan cuestionados o bajo sospecha. El liderazgo debe ser capaz de medir la eficacia de las tareas asignadas fortaleciendo a la par el compromiso y la motivaci\u00f3n.<\/li>\n<li><strong>Toma de decisiones en las<\/strong> <strong>relaciones interpersonales<\/strong>: en estas situaciones eval\u00faas los criterios basados en la confianza con los que el liderazgo resuelve los distintos contextos. De aqu\u00ed deriva la capacidad de delegar y de disoluci\u00f3n de conflictos.<\/li>\n<li><strong>Evaluar dificultades interpersonales:<\/strong> alcanzar el bienestar laboral depende de una adecuada gesti\u00f3n de los equipos diversos. Un liderazgo \u00e1gil y eficaz no debe temer las diferencias o los bloqueos entre personas. Es parte del d\u00eda a d\u00eda. Pero lo que buscas es alguien que sepa sacar rendimiento de estas variaciones. Permite reconocer los errores, responder de manera oportuna y realizar cr\u00edticas constructivas a los compa\u00f1eros.<\/li>\n<li><strong>Adaptarse y construir relaciones con el equipo:<\/strong> cuando surge una situaci\u00f3n de conflicto un <a href=\"https:\/\/empresas.infoempleo.com\/hrtrends\/el-liderazgo-resiliente-sigue-siendo-necesario-conoce-sus-claves\" target=\"_blank\" rel=\"noopener\"><strong>liderazgo resiliente<\/strong><\/a> y eficaz sabr\u00e1 transformarlo. Podr\u00e1s observar si el perfil que eval\u00faas sabe salir del \u00e1mbito de la queja para volver positivo y motivador el desaf\u00edo.<\/li>\n<li><strong>Sentido com\u00fan<\/strong>, que como dicen es el menos com\u00fan de los sentidos. Sin embargo, el arte de dirigir personas, aunque se entrena, necesita ese talento. Es clave responder ante los contextos de manera \u00e9tica y respetuosa.<\/li>\n<\/ul>\n","protected":false},"excerpt":{"rendered":"<p>El test de Moss es una prueba psicom\u00e9trica para evaluar perfiles que apliquen por puestos de liderazgo. Esta<a class=\"moretag\" href=\"https:\/\/empresas.infoempleo.com\/hrtrends\/usa-el-test-de-moss-para-el-reclutamiento-de-mandos-intermedios-y-puestos-de-liderazgo\/\"> Leer m\u00e1s<\/a><\/p>\n","protected":false},"author":136,"featured_media":42632,"comment_status":"closed","ping_status":"closed","sticky":false,"template":"","format":"standard","meta":{"footnotes":""},"categories":[3030],"tags":[59,2442,89,3579],"class_list":["post-42606","post","type-post","status-publish","format-standard","has-post-thumbnail","hentry","category-reclutamiento","tag-directivos","tag-reclutamiento","tag-talento","tag-test-de-moss"],"yoast_head":"<!-- This site is optimized with the Yoast SEO plugin v26.1.1 - https:\/\/yoast.com\/wordpress\/plugins\/seo\/ -->\n<title>Test de Moss para el reclutamiento de mandos intermedios y liderazgo<\/title>\n<meta name=\"description\" content=\"El test de Moss es una prueba psicom\u00e9trica que va a ayudarte a localizar al mando intermedio que sepa motivar con sentido com\u00fan al equipo\" \/>\n<meta name=\"robots\" content=\"index, follow, max-snippet:-1, max-image-preview:large, max-video-preview:-1\" \/>\n<link rel=\"canonical\" href=\"https:\/\/empresas.infoempleo.com\/hrtrends\/usa-el-test-de-moss-para-el-reclutamiento-de-mandos-intermedios-y-puestos-de-liderazgo\/\" \/>\n<meta property=\"og:locale\" content=\"es_ES\" \/>\n<meta property=\"og:type\" content=\"article\" \/>\n<meta property=\"og:title\" content=\"Test de Moss para el reclutamiento de mandos intermedios y liderazgo\" \/>\n<meta property=\"og:description\" content=\"El test de Moss es una prueba psicom\u00e9trica que va a ayudarte a localizar al mando intermedio que sepa motivar con sentido com\u00fan al equipo\" \/>\n<meta property=\"og:url\" content=\"https:\/\/empresas.infoempleo.com\/hrtrends\/usa-el-test-de-moss-para-el-reclutamiento-de-mandos-intermedios-y-puestos-de-liderazgo\/\" \/>\n<meta property=\"og:site_name\" content=\"HRTRENDS\" \/>\n<meta property=\"article:publisher\" content=\"https:\/\/www.facebook.com\/Infoempleo\" \/>\n<meta property=\"article:published_time\" content=\"2023-02-20T05:30:21+00:00\" \/>\n<meta property=\"article:modified_time\" content=\"2023-03-13T17:37:41+00:00\" \/>\n<meta property=\"og:image\" content=\"https:\/\/empresas.infoempleo.com\/hrtrends\/media\/2023\/02\/Mando-intermedio-seleccionado-a-partir-de-un-test-de-Moss.jpg\" \/>\n\t<meta property=\"og:image:width\" content=\"881\" \/>\n\t<meta property=\"og:image:height\" content=\"588\" \/>\n\t<meta property=\"og:image:type\" content=\"image\/jpeg\" \/>\n<meta name=\"author\" content=\"Raquel Hern\u00e1ndez\" \/>\n<meta name=\"twitter:card\" content=\"summary_large_image\" \/>\n<meta name=\"twitter:creator\" content=\"@infoempleo\" \/>\n<meta name=\"twitter:site\" content=\"@infoempleo\" \/>\n<meta name=\"twitter:label1\" content=\"Escrito por\" \/>\n\t<meta name=\"twitter:data1\" content=\"Raquel Hern\u00e1ndez\" \/>\n\t<meta name=\"twitter:label2\" content=\"Tiempo de lectura\" \/>\n\t<meta name=\"twitter:data2\" content=\"3 minutos\" \/>\n<script type=\"application\/ld+json\" class=\"yoast-schema-graph\">{\"@context\":\"https:\/\/schema.org\",\"@graph\":[{\"@type\":\"NewsArticle\",\"@id\":\"https:\/\/empresas.infoempleo.com\/hrtrends\/usa-el-test-de-moss-para-el-reclutamiento-de-mandos-intermedios-y-puestos-de-liderazgo\/#article\",\"isPartOf\":{\"@id\":\"https:\/\/empresas.infoempleo.com\/hrtrends\/usa-el-test-de-moss-para-el-reclutamiento-de-mandos-intermedios-y-puestos-de-liderazgo\/\"},\"author\":{\"name\":\"Raquel Hern\u00e1ndez\",\"@id\":\"https:\/\/empresas.infoempleo.com\/hrtrends\/#\/schema\/person\/fb2f949a1461ff0e9e15996d82d3a787\"},\"headline\":\"Usa el test de Moss para el reclutamiento de mandos intermedios y puestos de liderazgo\",\"datePublished\":\"2023-02-20T05:30:21+00:00\",\"dateModified\":\"2023-03-13T17:37:41+00:00\",\"mainEntityOfPage\":{\"@id\":\"https:\/\/empresas.infoempleo.com\/hrtrends\/usa-el-test-de-moss-para-el-reclutamiento-de-mandos-intermedios-y-puestos-de-liderazgo\/\"},\"wordCount\":612,\"publisher\":{\"@id\":\"https:\/\/empresas.infoempleo.com\/hrtrends\/#organization\"},\"image\":{\"@id\":\"https:\/\/empresas.infoempleo.com\/hrtrends\/usa-el-test-de-moss-para-el-reclutamiento-de-mandos-intermedios-y-puestos-de-liderazgo\/#primaryimage\"},\"thumbnailUrl\":\"https:\/\/empresas.infoempleo.com\/hrtrends\/media\/2023\/02\/Mando-intermedio-seleccionado-a-partir-de-un-test-de-Moss.jpg\",\"keywords\":[\"directivos\",\"reclutamiento\",\"talento\",\"test de Moss\"],\"articleSection\":[\"Reclutamiento\"],\"inLanguage\":\"es\",\"copyrightYear\":\"2023\",\"copyrightHolder\":{\"@id\":\"https:\/\/empresas.infoempleo.com\/hrtrends\/#organization\"}},{\"@type\":\"WebPage\",\"@id\":\"https:\/\/empresas.infoempleo.com\/hrtrends\/usa-el-test-de-moss-para-el-reclutamiento-de-mandos-intermedios-y-puestos-de-liderazgo\/\",\"url\":\"https:\/\/empresas.infoempleo.com\/hrtrends\/usa-el-test-de-moss-para-el-reclutamiento-de-mandos-intermedios-y-puestos-de-liderazgo\/\",\"name\":\"Test de Moss para el reclutamiento de mandos intermedios y liderazgo\",\"isPartOf\":{\"@id\":\"https:\/\/empresas.infoempleo.com\/hrtrends\/#website\"},\"primaryImageOfPage\":{\"@id\":\"https:\/\/empresas.infoempleo.com\/hrtrends\/usa-el-test-de-moss-para-el-reclutamiento-de-mandos-intermedios-y-puestos-de-liderazgo\/#primaryimage\"},\"image\":{\"@id\":\"https:\/\/empresas.infoempleo.com\/hrtrends\/usa-el-test-de-moss-para-el-reclutamiento-de-mandos-intermedios-y-puestos-de-liderazgo\/#primaryimage\"},\"thumbnailUrl\":\"https:\/\/empresas.infoempleo.com\/hrtrends\/media\/2023\/02\/Mando-intermedio-seleccionado-a-partir-de-un-test-de-Moss.jpg\",\"datePublished\":\"2023-02-20T05:30:21+00:00\",\"dateModified\":\"2023-03-13T17:37:41+00:00\",\"description\":\"El test de Moss es una prueba psicom\u00e9trica que va a ayudarte a localizar al mando intermedio que sepa motivar con sentido com\u00fan al equipo\",\"breadcrumb\":{\"@id\":\"https:\/\/empresas.infoempleo.com\/hrtrends\/usa-el-test-de-moss-para-el-reclutamiento-de-mandos-intermedios-y-puestos-de-liderazgo\/#breadcrumb\"},\"inLanguage\":\"es\",\"potentialAction\":[{\"@type\":\"ReadAction\",\"target\":[\"https:\/\/empresas.infoempleo.com\/hrtrends\/usa-el-test-de-moss-para-el-reclutamiento-de-mandos-intermedios-y-puestos-de-liderazgo\/\"]}]},{\"@type\":\"ImageObject\",\"inLanguage\":\"es\",\"@id\":\"https:\/\/empresas.infoempleo.com\/hrtrends\/usa-el-test-de-moss-para-el-reclutamiento-de-mandos-intermedios-y-puestos-de-liderazgo\/#primaryimage\",\"url\":\"https:\/\/empresas.infoempleo.com\/hrtrends\/media\/2023\/02\/Mando-intermedio-seleccionado-a-partir-de-un-test-de-Moss-150x150.jpg\",\"contentUrl\":\"https:\/\/empresas.infoempleo.com\/hrtrends\/media\/2023\/02\/Mando-intermedio-seleccionado-a-partir-de-un-test-de-Moss-150x150.jpg\",\"width\":150,\"height\":150,\"caption\":\"Ejecutiva seleccionada a partir de un test de Moss\"},{\"@type\":\"BreadcrumbList\",\"@id\":\"https:\/\/empresas.infoempleo.com\/hrtrends\/usa-el-test-de-moss-para-el-reclutamiento-de-mandos-intermedios-y-puestos-de-liderazgo\/#breadcrumb\",\"itemListElement\":[{\"@type\":\"ListItem\",\"position\":1,\"name\":\"Portada\",\"item\":\"https:\/\/empresas.infoempleo.com\/hrtrends\/\"},{\"@type\":\"ListItem\",\"position\":2,\"name\":\"Usa el test de Moss para el reclutamiento de mandos intermedios y puestos de liderazgo\"}]},{\"@type\":\"WebSite\",\"@id\":\"https:\/\/empresas.infoempleo.com\/hrtrends\/#website\",\"url\":\"https:\/\/empresas.infoempleo.com\/hrtrends\",\"name\":\"HRTrends by Infoempleo\",\"description\":\"\",\"publisher\":{\"@id\":\"https:\/\/empresas.infoempleo.com\/hrtrends\/#organization\"},\"potentialAction\":{\"@type\":\"SearchAction\",\"target\":\"https:\/\/empresas.infoempleo.com\/hrtrends\/?s={search_term_string}\",\"query-input\":\"required name=search_term_string\"},\"inLanguage\":\"es\"},{\"@type\":\"Organization\",\"@id\":\"https:\/\/empresas.infoempleo.com\/hrtrends\/#organization\",\"name\":\"Infoempleo\",\"url\":\"https:\/\/www.infoempleo.com\/\",\"logo\":{\"@type\":\"ImageObject\",\"@id\":\"https:\/\/empresas.infoempleo.com\/hrtrends\/#logo\",\"inLanguage\":\"es\",\"url\":\"https:\/\/cdnazure.infoempleo.com\/infoempleo\/assets\/style\/gfx\/logo.svg\",\"contentUrl\":\"https:\/\/cdnazure.infoempleo.com\/infoempleo\/assets\/style\/gfx\/logo.svg\",\"width\":150,\"height\":40,\"caption\":\"Infoempleo\"},\"image\":{\"@id\":\"https:\/\/empresas.infoempleo.com\/hrtrends\/#logo\"},\"sameAs\":[\"https:\/\/www.facebook.com\/Infoempleo\",\"https:\/\/x.com\/infoempleo\",\"http:\/\/instagram.com\/infoempleo\/\",\"http:\/\/www.linkedin.com\/groups\/Empleo-Espa\u00f1a-Infoempleocom-111276\",\"http:\/\/pinterest.com\/infoempleo\/\"],\"address\":{\"@type\":\"PostalAddress\",\"addressLocality\":\"Madrid\",\"postalCode\":\"28050\",\"streetAddress\":\"Avenida de Burgos 114\"},\"brand\":[\"Infoempleo\"]},{\"@type\":\"Person\",\"@id\":\"https:\/\/empresas.infoempleo.com\/hrtrends\/#\/schema\/person\/fb2f949a1461ff0e9e15996d82d3a787\",\"name\":\"Raquel Hern\u00e1ndez\",\"image\":{\"@type\":\"ImageObject\",\"inLanguage\":\"es\",\"@id\":\"https:\/\/empresas.infoempleo.com\/hrtrends\/#\/schema\/person\/image\/\",\"url\":\"https:\/\/secure.gravatar.com\/avatar\/4ccd374b24ab5eefd1b7681d8be968df221a577fa3ffa9dc4bb4b537645dc6a2?s=96&d=mm&r=g\",\"contentUrl\":\"https:\/\/secure.gravatar.com\/avatar\/4ccd374b24ab5eefd1b7681d8be968df221a577fa3ffa9dc4bb4b537645dc6a2?s=96&d=mm&r=g\",\"caption\":\"Raquel Hern\u00e1ndez\"},\"description\":\"M\u00e1ster en Filosof\u00eda Contempor\u00e1nea y Diploma Experto en Salud y G\u00e9nero. Extensa experiencia profesional como directora y productora de eventos culturales, especializada en el sector editorial. Lectora profesional y redactora de contenidos relacionados con el empleo, la innovaci\u00f3n y la educaci\u00f3n.\",\"url\":\"https:\/\/empresas.infoempleo.com\/hrtrends\/author\/raquel-hernandez\/\"}]}<\/script>\n<!-- \/ Yoast SEO plugin. -->","yoast_head_json":{"title":"Test de Moss para el reclutamiento de mandos intermedios y liderazgo","description":"El test de Moss es una prueba psicom\u00e9trica que va a ayudarte a localizar al mando intermedio que sepa motivar con sentido com\u00fan al equipo","robots":{"index":"index","follow":"follow","max-snippet":"max-snippet:-1","max-image-preview":"max-image-preview:large","max-video-preview":"max-video-preview:-1"},"canonical":"https:\/\/empresas.infoempleo.com\/hrtrends\/usa-el-test-de-moss-para-el-reclutamiento-de-mandos-intermedios-y-puestos-de-liderazgo\/","og_locale":"es_ES","og_type":"article","og_title":"Test de Moss para el reclutamiento de mandos intermedios y liderazgo","og_description":"El test de Moss es una prueba psicom\u00e9trica que va a ayudarte a localizar al mando intermedio que sepa motivar con sentido com\u00fan al equipo","og_url":"https:\/\/empresas.infoempleo.com\/hrtrends\/usa-el-test-de-moss-para-el-reclutamiento-de-mandos-intermedios-y-puestos-de-liderazgo\/","og_site_name":"HRTRENDS","article_publisher":"https:\/\/www.facebook.com\/Infoempleo","article_published_time":"2023-02-20T05:30:21+00:00","article_modified_time":"2023-03-13T17:37:41+00:00","og_image":[{"width":881,"height":588,"url":"https:\/\/empresas.infoempleo.com\/hrtrends\/media\/2023\/02\/Mando-intermedio-seleccionado-a-partir-de-un-test-de-Moss.jpg","type":"image\/jpeg"}],"author":"Raquel Hern\u00e1ndez","twitter_card":"summary_large_image","twitter_creator":"@infoempleo","twitter_site":"@infoempleo","twitter_misc":{"Escrito por":"Raquel Hern\u00e1ndez","Tiempo de lectura":"3 minutos"},"schema":{"@context":"https:\/\/schema.org","@graph":[{"@type":"NewsArticle","@id":"https:\/\/empresas.infoempleo.com\/hrtrends\/usa-el-test-de-moss-para-el-reclutamiento-de-mandos-intermedios-y-puestos-de-liderazgo\/#article","isPartOf":{"@id":"https:\/\/empresas.infoempleo.com\/hrtrends\/usa-el-test-de-moss-para-el-reclutamiento-de-mandos-intermedios-y-puestos-de-liderazgo\/"},"author":{"name":"Raquel Hern\u00e1ndez","@id":"https:\/\/empresas.infoempleo.com\/hrtrends\/#\/schema\/person\/fb2f949a1461ff0e9e15996d82d3a787"},"headline":"Usa el test de Moss para el reclutamiento de mandos intermedios y puestos de liderazgo","datePublished":"2023-02-20T05:30:21+00:00","dateModified":"2023-03-13T17:37:41+00:00","mainEntityOfPage":{"@id":"https:\/\/empresas.infoempleo.com\/hrtrends\/usa-el-test-de-moss-para-el-reclutamiento-de-mandos-intermedios-y-puestos-de-liderazgo\/"},"wordCount":612,"publisher":{"@id":"https:\/\/empresas.infoempleo.com\/hrtrends\/#organization"},"image":{"@id":"https:\/\/empresas.infoempleo.com\/hrtrends\/usa-el-test-de-moss-para-el-reclutamiento-de-mandos-intermedios-y-puestos-de-liderazgo\/#primaryimage"},"thumbnailUrl":"https:\/\/empresas.infoempleo.com\/hrtrends\/media\/2023\/02\/Mando-intermedio-seleccionado-a-partir-de-un-test-de-Moss.jpg","keywords":["directivos","reclutamiento","talento","test de Moss"],"articleSection":["Reclutamiento"],"inLanguage":"es","copyrightYear":"2023","copyrightHolder":{"@id":"https:\/\/empresas.infoempleo.com\/hrtrends\/#organization"}},{"@type":"WebPage","@id":"https:\/\/empresas.infoempleo.com\/hrtrends\/usa-el-test-de-moss-para-el-reclutamiento-de-mandos-intermedios-y-puestos-de-liderazgo\/","url":"https:\/\/empresas.infoempleo.com\/hrtrends\/usa-el-test-de-moss-para-el-reclutamiento-de-mandos-intermedios-y-puestos-de-liderazgo\/","name":"Test de Moss para el reclutamiento de mandos intermedios y liderazgo","isPartOf":{"@id":"https:\/\/empresas.infoempleo.com\/hrtrends\/#website"},"primaryImageOfPage":{"@id":"https:\/\/empresas.infoempleo.com\/hrtrends\/usa-el-test-de-moss-para-el-reclutamiento-de-mandos-intermedios-y-puestos-de-liderazgo\/#primaryimage"},"image":{"@id":"https:\/\/empresas.infoempleo.com\/hrtrends\/usa-el-test-de-moss-para-el-reclutamiento-de-mandos-intermedios-y-puestos-de-liderazgo\/#primaryimage"},"thumbnailUrl":"https:\/\/empresas.infoempleo.com\/hrtrends\/media\/2023\/02\/Mando-intermedio-seleccionado-a-partir-de-un-test-de-Moss.jpg","datePublished":"2023-02-20T05:30:21+00:00","dateModified":"2023-03-13T17:37:41+00:00","description":"El test de Moss es una prueba psicom\u00e9trica que va a ayudarte a localizar al mando intermedio que sepa motivar con sentido com\u00fan al equipo","breadcrumb":{"@id":"https:\/\/empresas.infoempleo.com\/hrtrends\/usa-el-test-de-moss-para-el-reclutamiento-de-mandos-intermedios-y-puestos-de-liderazgo\/#breadcrumb"},"inLanguage":"es","potentialAction":[{"@type":"ReadAction","target":["https:\/\/empresas.infoempleo.com\/hrtrends\/usa-el-test-de-moss-para-el-reclutamiento-de-mandos-intermedios-y-puestos-de-liderazgo\/"]}]},{"@type":"ImageObject","inLanguage":"es","@id":"https:\/\/empresas.infoempleo.com\/hrtrends\/usa-el-test-de-moss-para-el-reclutamiento-de-mandos-intermedios-y-puestos-de-liderazgo\/#primaryimage","url":"https:\/\/empresas.infoempleo.com\/hrtrends\/media\/2023\/02\/Mando-intermedio-seleccionado-a-partir-de-un-test-de-Moss-150x150.jpg","contentUrl":"https:\/\/empresas.infoempleo.com\/hrtrends\/media\/2023\/02\/Mando-intermedio-seleccionado-a-partir-de-un-test-de-Moss-150x150.jpg","width":150,"height":150,"caption":"Ejecutiva seleccionada a partir de un test de Moss"},{"@type":"BreadcrumbList","@id":"https:\/\/empresas.infoempleo.com\/hrtrends\/usa-el-test-de-moss-para-el-reclutamiento-de-mandos-intermedios-y-puestos-de-liderazgo\/#breadcrumb","itemListElement":[{"@type":"ListItem","position":1,"name":"Portada","item":"https:\/\/empresas.infoempleo.com\/hrtrends\/"},{"@type":"ListItem","position":2,"name":"Usa el test de Moss para el reclutamiento de mandos intermedios y puestos de liderazgo"}]},{"@type":"WebSite","@id":"https:\/\/empresas.infoempleo.com\/hrtrends\/#website","url":"https:\/\/empresas.infoempleo.com\/hrtrends","name":"HRTrends by Infoempleo","description":"","publisher":{"@id":"https:\/\/empresas.infoempleo.com\/hrtrends\/#organization"},"potentialAction":{"@type":"SearchAction","target":"https:\/\/empresas.infoempleo.com\/hrtrends\/?s={search_term_string}","query-input":"required name=search_term_string"},"inLanguage":"es"},{"@type":"Organization","@id":"https:\/\/empresas.infoempleo.com\/hrtrends\/#organization","name":"Infoempleo","url":"https:\/\/www.infoempleo.com\/","logo":{"@type":"ImageObject","@id":"https:\/\/empresas.infoempleo.com\/hrtrends\/#logo","inLanguage":"es","url":"https:\/\/cdnazure.infoempleo.com\/infoempleo\/assets\/style\/gfx\/logo.svg","contentUrl":"https:\/\/cdnazure.infoempleo.com\/infoempleo\/assets\/style\/gfx\/logo.svg","width":150,"height":40,"caption":"Infoempleo"},"image":{"@id":"https:\/\/empresas.infoempleo.com\/hrtrends\/#logo"},"sameAs":["https:\/\/www.facebook.com\/Infoempleo","https:\/\/x.com\/infoempleo","http:\/\/instagram.com\/infoempleo\/","http:\/\/www.linkedin.com\/groups\/Empleo-Espa\u00f1a-Infoempleocom-111276","http:\/\/pinterest.com\/infoempleo\/"],"address":{"@type":"PostalAddress","addressLocality":"Madrid","postalCode":"28050","streetAddress":"Avenida de Burgos 114"},"brand":["Infoempleo"]},{"@type":"Person","@id":"https:\/\/empresas.infoempleo.com\/hrtrends\/#\/schema\/person\/fb2f949a1461ff0e9e15996d82d3a787","name":"Raquel Hern\u00e1ndez","image":{"@type":"ImageObject","inLanguage":"es","@id":"https:\/\/empresas.infoempleo.com\/hrtrends\/#\/schema\/person\/image\/","url":"https:\/\/secure.gravatar.com\/avatar\/4ccd374b24ab5eefd1b7681d8be968df221a577fa3ffa9dc4bb4b537645dc6a2?s=96&d=mm&r=g","contentUrl":"https:\/\/secure.gravatar.com\/avatar\/4ccd374b24ab5eefd1b7681d8be968df221a577fa3ffa9dc4bb4b537645dc6a2?s=96&d=mm&r=g","caption":"Raquel Hern\u00e1ndez"},"description":"M\u00e1ster en Filosof\u00eda Contempor\u00e1nea y Diploma Experto en Salud y G\u00e9nero. Extensa experiencia profesional como directora y productora de eventos culturales, especializada en el sector editorial. Lectora profesional y redactora de contenidos relacionados con el empleo, la innovaci\u00f3n y la educaci\u00f3n.","url":"https:\/\/empresas.infoempleo.com\/hrtrends\/author\/raquel-hernandez\/"}]}},"amp_enabled":true,"_links":{"self":[{"href":"https:\/\/empresas.infoempleo.com\/hrtrends\/wp-json\/wp\/v2\/posts\/42606","targetHints":{"allow":["GET"]}}],"collection":[{"href":"https:\/\/empresas.infoempleo.com\/hrtrends\/wp-json\/wp\/v2\/posts"}],"about":[{"href":"https:\/\/empresas.infoempleo.com\/hrtrends\/wp-json\/wp\/v2\/types\/post"}],"author":[{"embeddable":true,"href":"https:\/\/empresas.infoempleo.com\/hrtrends\/wp-json\/wp\/v2\/users\/136"}],"replies":[{"embeddable":true,"href":"https:\/\/empresas.infoempleo.com\/hrtrends\/wp-json\/wp\/v2\/comments?post=42606"}],"version-history":[{"count":4,"href":"https:\/\/empresas.infoempleo.com\/hrtrends\/wp-json\/wp\/v2\/posts\/42606\/revisions"}],"predecessor-version":[{"id":43516,"href":"https:\/\/empresas.infoempleo.com\/hrtrends\/wp-json\/wp\/v2\/posts\/42606\/revisions\/43516"}],"wp:featuredmedia":[{"embeddable":true,"href":"https:\/\/empresas.infoempleo.com\/hrtrends\/wp-json\/wp\/v2\/media\/42632"}],"wp:attachment":[{"href":"https:\/\/empresas.infoempleo.com\/hrtrends\/wp-json\/wp\/v2\/media?parent=42606"}],"wp:term":[{"taxonomy":"category","embeddable":true,"href":"https:\/\/empresas.infoempleo.com\/hrtrends\/wp-json\/wp\/v2\/categories?post=42606"},{"taxonomy":"post_tag","embeddable":true,"href":"https:\/\/empresas.infoempleo.com\/hrtrends\/wp-json\/wp\/v2\/tags?post=42606"}],"curies":[{"name":"wp","href":"https:\/\/api.w.org\/{rel}","templated":true}]}}