{"id":4230,"date":"2009-10-19T09:48:06","date_gmt":"2009-10-19T08:48:06","guid":{"rendered":"http:\/\/blog.infoempleo.com\/?p=4230"},"modified":"2023-03-13T19:30:52","modified_gmt":"2023-03-13T17:30:52","slug":"webs-personales-para-profesionales-unicos","status":"publish","type":"post","link":"https:\/\/empresas.infoempleo.com\/hrtrends\/webs-personales-para-profesionales-unicos\/","title":{"rendered":"Webs personales para profesionales \u00fanicos"},"content":{"rendered":"<p style=\"text-align: left;\">La situaci\u00f3n que actualmente atraviesa el mercado de trabajo hace que sea frecuente encontrarse con procesos de selecci\u00f3n saturados de candidatos, y esto impone una <strong>nueva forma de valorar a los profesionales<\/strong>.<\/p>\n<p>A trav\u00e9s de <a class=\"wp-caption-dd\" title=\"Web de Infoempleo.com\" href=\"https:\/\/www.infoempleo.com\/\" target=\"_blank\" rel=\"noopener noreferrer\">Infoempleo.com<\/a>, los usuarios pueden <strong>crear sus webs personales<\/strong>, espacios en los que gestionar sus perfiles online con total libertad y donde <strong>darse a conocer de una forma mucho m\u00e1s completa y alejada del car\u00e1cter plano del curr\u00edculum tradicional<\/strong>, algo que permite a las empresas tener una perspectiva mucho m\u00e1s rica de las capacidades de sus candidatos y, por lo tanto, agilizar y hacer mucho m\u00e1s precisos sus procesos de selecci\u00f3n.<\/p>\n<p>Hacer una <a class=\"wp-caption-dd\" title=\"Hazte tu propia p\u00e1gina personal\" href=\"https:\/\/www.infoempleo.com\/?miweb=alta\" target=\"_blank\" rel=\"noopener noreferrer\">P\u00e1gina Personal <\/a>es muy f\u00e1cil, tan solo requiere seguir <strong>cinco pasos que se pueden dar en menos de cinco minutos<\/strong>:<\/p>\n<p><strong>1\u00ba. Entrar en <a title=\"Web de Infoempleo.com\" href=\"https:\/\/www.infoempleo.com\/\" target=\"_blank\" rel=\"noopener noreferrer\">Infoempleo.com<\/a><\/strong>: Crear una web personal es muy sencillo y s\u00f3lo lleva unos minutos, en funci\u00f3n de <strong>si el usuario est\u00e1 o no registrado<\/strong> con anterioridad en Infoempleo.com. En este caso, el primer paso para crear la p\u00e1gina ser\u00e1 darse de alta en el portal.<\/p>\n<p><strong>2\u00ba. Marcar la diferencia:<\/strong> Para poder crear una <a title=\"Hazte tu propia p\u00e1gina personal\" href=\"https:\/\/www.infoempleo.com\/?miweb=alta\" target=\"_blank\" rel=\"noopener noreferrer\">P\u00e1gina Personal<\/a>, es necesario conocer todas las posibilidades que ofrece para hacerla a medida, por lo que durante el proceso de alta <strong>se guiar\u00e1 paso a paso al profesional<\/strong> y podr\u00e1 ver ejemplos de otros usuarios que ya disfrutan de su web.<\/p>\n<p><strong>3\u00ba. Dos opciones<\/strong>: En funci\u00f3n de las necesidades del usuario, podr\u00e1 elegir entre dos opciones para crear su web personal: <strong>una gratuita y otra de pago<\/strong>.<\/p>\n<p>La opci\u00f3n <strong>gratuita<\/strong> permite al profesional elegir cuatro m\u00f3dulos de contenido para crear su p\u00e1gina, y contar\u00e1 con un dominio <strong>\u201cmiweb.pro\u201d<\/strong>.<\/p>\n<p>La opci\u00f3n <strong>de pago<\/strong>, por solo 29 euros al a\u00f1o, permite al usuario utilizar todas las funcionalidades disponibles para dar contenido a su web personal, y ser\u00e1 due\u00f1o de un <strong>dominio \u201c.com\u201d o \u201c.es\u201d<\/strong> con su nombre, creado, controlado y administrado por \u00e9l mismo.<\/p>\n<p>Sea cual sea la opci\u00f3n que el usuario elija, <strong>la visibilidad del profesional y el poder de gesti\u00f3n<\/strong> sobre su perfil en Internet est\u00e1n totalmente garantizados.<\/p>\n<p><strong>4\u00ba. Elegir un nombre<\/strong>: El nombre de la web va a ser <strong>la Marca Personal del usuario o su <a class=\"wp-caption-dd\" title=\"\u00bfQu\u00e9 es esto?\" href=\"https:\/\/en.wikipedia.org\/wiki\/Personal_branding\" target=\"_blank\" rel=\"noopener noreferrer\">Personal Branding<\/a><\/strong>, el nombre por el que le buscar\u00e1n a trav\u00e9s de la Red y por el cual le recordar\u00e1n.<\/p>\n<p>Cuando se da de alta una P\u00e1gina Personal, se proponen <strong>los mejores dominios disponibles<\/strong> teniendo en cuenta los datos personales del profesional y siguiendo criterios como, por ejemplo, que sea sencillo y f\u00e1cil de recordar, que sea \u00fanico, que contenga su nombre, etc.<\/p>\n<p><strong>5\u00ba. Darle contenido<\/strong>: Una vez est\u00e1 dada de alta la web, es momento de darle contenido y <strong>hacerla realmente \u00fanica<\/strong>. El administrador de la p\u00e1gina consta de <strong>tres \u00e1reas principales<\/strong>:<\/p>\n<p><strong>\u00c1rea de Contenido<\/strong>: Donde se puede crear y editar el contenido que vaya a publicarse en la web, como Noticias, Fotos, Proyectos, Videos, Sobre M\u00ed\u2026<\/p>\n<p><strong>\u00c1rea Mi P\u00e1gina<\/strong>: Aqu\u00ed se configuran los contenidos que van a aparecer en la web y c\u00f3mo van a verse. En la opci\u00f3n gratuita, est\u00e1 limitado a cuatro m\u00f3dulos de contenido. En esta \u00e1rea tambi\u00e9n se activan los m\u00f3dulos de contenidos de redes sociales, como \u201cTwitter\u201d o \u201cS\u00edgueme en\u201d.<\/p>\n<p><strong>\u00c1rea de Configuraci\u00f3n<\/strong>: En esta parte se define el aspecto visual de la web, como por ejemplo sus colores, la plantilla o la imagen de fondo.<\/p>\n<p style=\"text-align: center;\">\n","protected":false},"excerpt":{"rendered":"<p>La situaci\u00f3n que actualmente atraviesa el mercado de trabajo hace que sea frecuente encontrarse con procesos de selecci\u00f3n<a class=\"moretag\" href=\"https:\/\/empresas.infoempleo.com\/hrtrends\/webs-personales-para-profesionales-unicos\/\"> Leer m\u00e1s<\/a><\/p>\n","protected":false},"author":72,"featured_media":29827,"comment_status":"closed","ping_status":"open","sticky":false,"template":"","format":"standard","meta":{"footnotes":""},"categories":[3015],"tags":[210,482,2469,753,722,3016,207,723],"class_list":["post-4230","post","type-post","status-publish","format-standard","has-post-thumbnail","hentry","category-recruiter-branding","tag-curriculum","tag-infoempleo","tag-marca-personal","tag-pagina-de-la-semana","tag-paginas-personales","tag-personal-branding","tag-profesionales","tag-web-de-la-semana"],"yoast_head":"<!-- This site is optimized with the Yoast SEO plugin v26.1.1 - https:\/\/yoast.com\/wordpress\/plugins\/seo\/ -->\n<title>Webs personales para profesionales \u00fanicos | HRTRENDS<\/title>\n<meta name=\"robots\" content=\"index, follow, max-snippet:-1, max-image-preview:large, max-video-preview:-1\" \/>\n<link rel=\"canonical\" href=\"https:\/\/empresas.infoempleo.com\/hrtrends\/webs-personales-para-profesionales-unicos\/\" \/>\n<meta property=\"og:locale\" content=\"es_ES\" \/>\n<meta property=\"og:type\" content=\"article\" \/>\n<meta property=\"og:title\" content=\"Webs personales para profesionales \u00fanicos | HRTRENDS\" \/>\n<meta property=\"og:description\" content=\"La situaci\u00f3n que actualmente atraviesa el mercado de trabajo hace que sea frecuente encontrarse con procesos de selecci\u00f3n Leer m\u00e1s\" \/>\n<meta property=\"og:url\" content=\"https:\/\/empresas.infoempleo.com\/hrtrends\/webs-personales-para-profesionales-unicos\/\" \/>\n<meta property=\"og:site_name\" content=\"HRTRENDS\" \/>\n<meta property=\"article:publisher\" content=\"https:\/\/www.facebook.com\/Infoempleo\" \/>\n<meta property=\"article:published_time\" content=\"2009-10-19T08:48:06+00:00\" \/>\n<meta property=\"article:modified_time\" content=\"2023-03-13T17:30:52+00:00\" \/>\n<meta property=\"og:image\" content=\"https:\/\/empresas.infoempleo.com\/hrtrends\/media\/2010\/03\/pexels-photo-251225.jpeg\" \/>\n\t<meta property=\"og:image:width\" content=\"940\" \/>\n\t<meta property=\"og:image:height\" content=\"559\" \/>\n\t<meta property=\"og:image:type\" content=\"image\/jpeg\" \/>\n<meta name=\"author\" content=\"infoempleo\" \/>\n<meta name=\"twitter:card\" content=\"summary_large_image\" \/>\n<meta name=\"twitter:creator\" content=\"@infoempleo\" \/>\n<meta name=\"twitter:site\" content=\"@infoempleo\" \/>\n<meta name=\"twitter:label1\" content=\"Escrito por\" \/>\n\t<meta name=\"twitter:data1\" content=\"infoempleo\" \/>\n\t<meta name=\"twitter:label2\" content=\"Tiempo de lectura\" \/>\n\t<meta name=\"twitter:data2\" content=\"3 minutos\" \/>\n<script type=\"application\/ld+json\" class=\"yoast-schema-graph\">{\"@context\":\"https:\/\/schema.org\",\"@graph\":[{\"@type\":\"NewsArticle\",\"@id\":\"https:\/\/empresas.infoempleo.com\/hrtrends\/webs-personales-para-profesionales-unicos\/#article\",\"isPartOf\":{\"@id\":\"https:\/\/empresas.infoempleo.com\/hrtrends\/webs-personales-para-profesionales-unicos\/\"},\"author\":{\"name\":\"infoempleo\",\"@id\":\"https:\/\/empresas.infoempleo.com\/hrtrends\/#\/schema\/person\/67d3e276ffcc8b3ae0ebec816daf775a\"},\"headline\":\"Webs personales para profesionales \u00fanicos\",\"datePublished\":\"2009-10-19T08:48:06+00:00\",\"dateModified\":\"2023-03-13T17:30:52+00:00\",\"mainEntityOfPage\":{\"@id\":\"https:\/\/empresas.infoempleo.com\/hrtrends\/webs-personales-para-profesionales-unicos\/\"},\"wordCount\":595,\"publisher\":{\"@id\":\"https:\/\/empresas.infoempleo.com\/hrtrends\/#organization\"},\"image\":{\"@id\":\"https:\/\/empresas.infoempleo.com\/hrtrends\/webs-personales-para-profesionales-unicos\/#primaryimage\"},\"thumbnailUrl\":\"https:\/\/empresas.infoempleo.com\/hrtrends\/media\/2010\/03\/pexels-photo-251225.jpeg\",\"keywords\":[\"curr\u00edculum\",\"infoempleo\",\"marca personal\",\"p\u00e1gina de la semana\",\"P\u00e1ginas personales\",\"Personal Branding\",\"profesionales\",\"web de la semana\"],\"articleSection\":[\"Recruiter branding\"],\"inLanguage\":\"es\",\"copyrightYear\":\"2009\",\"copyrightHolder\":{\"@id\":\"https:\/\/empresas.infoempleo.com\/hrtrends\/#organization\"}},{\"@type\":\"WebPage\",\"@id\":\"https:\/\/empresas.infoempleo.com\/hrtrends\/webs-personales-para-profesionales-unicos\/\",\"url\":\"https:\/\/empresas.infoempleo.com\/hrtrends\/webs-personales-para-profesionales-unicos\/\",\"name\":\"Webs personales para profesionales \u00fanicos | HRTRENDS\",\"isPartOf\":{\"@id\":\"https:\/\/empresas.infoempleo.com\/hrtrends\/#website\"},\"primaryImageOfPage\":{\"@id\":\"https:\/\/empresas.infoempleo.com\/hrtrends\/webs-personales-para-profesionales-unicos\/#primaryimage\"},\"image\":{\"@id\":\"https:\/\/empresas.infoempleo.com\/hrtrends\/webs-personales-para-profesionales-unicos\/#primaryimage\"},\"thumbnailUrl\":\"https:\/\/empresas.infoempleo.com\/hrtrends\/media\/2010\/03\/pexels-photo-251225.jpeg\",\"datePublished\":\"2009-10-19T08:48:06+00:00\",\"dateModified\":\"2023-03-13T17:30:52+00:00\",\"breadcrumb\":{\"@id\":\"https:\/\/empresas.infoempleo.com\/hrtrends\/webs-personales-para-profesionales-unicos\/#breadcrumb\"},\"inLanguage\":\"es\",\"potentialAction\":[{\"@type\":\"ReadAction\",\"target\":[\"https:\/\/empresas.infoempleo.com\/hrtrends\/webs-personales-para-profesionales-unicos\/\"]}]},{\"@type\":\"ImageObject\",\"inLanguage\":\"es\",\"@id\":\"https:\/\/empresas.infoempleo.com\/hrtrends\/webs-personales-para-profesionales-unicos\/#primaryimage\",\"url\":\"https:\/\/empresas.infoempleo.com\/hrtrends\/media\/2010\/03\/pexels-photo-251225-150x150.jpeg\",\"contentUrl\":\"https:\/\/empresas.infoempleo.com\/hrtrends\/media\/2010\/03\/pexels-photo-251225-150x150.jpeg\",\"width\":150,\"height\":150,\"caption\":\"Crear una web personal en Infoempleo\"},{\"@type\":\"BreadcrumbList\",\"@id\":\"https:\/\/empresas.infoempleo.com\/hrtrends\/webs-personales-para-profesionales-unicos\/#breadcrumb\",\"itemListElement\":[{\"@type\":\"ListItem\",\"position\":1,\"name\":\"Portada\",\"item\":\"https:\/\/empresas.infoempleo.com\/hrtrends\/\"},{\"@type\":\"ListItem\",\"position\":2,\"name\":\"Webs personales para profesionales \u00fanicos\"}]},{\"@type\":\"WebSite\",\"@id\":\"https:\/\/empresas.infoempleo.com\/hrtrends\/#website\",\"url\":\"https:\/\/empresas.infoempleo.com\/hrtrends\",\"name\":\"HRTrends by Infoempleo\",\"description\":\"\",\"publisher\":{\"@id\":\"https:\/\/empresas.infoempleo.com\/hrtrends\/#organization\"},\"potentialAction\":{\"@type\":\"SearchAction\",\"target\":\"https:\/\/empresas.infoempleo.com\/hrtrends\/?s={search_term_string}\",\"query-input\":\"required name=search_term_string\"},\"inLanguage\":\"es\"},{\"@type\":\"Organization\",\"@id\":\"https:\/\/empresas.infoempleo.com\/hrtrends\/#organization\",\"name\":\"Infoempleo\",\"url\":\"https:\/\/www.infoempleo.com\/\",\"logo\":{\"@type\":\"ImageObject\",\"@id\":\"https:\/\/empresas.infoempleo.com\/hrtrends\/#logo\",\"inLanguage\":\"es\",\"url\":\"https:\/\/cdnazure.infoempleo.com\/infoempleo\/assets\/style\/gfx\/logo.svg\",\"contentUrl\":\"https:\/\/cdnazure.infoempleo.com\/infoempleo\/assets\/style\/gfx\/logo.svg\",\"width\":150,\"height\":40,\"caption\":\"Infoempleo\"},\"image\":{\"@id\":\"https:\/\/empresas.infoempleo.com\/hrtrends\/#logo\"},\"sameAs\":[\"https:\/\/www.facebook.com\/Infoempleo\",\"https:\/\/x.com\/infoempleo\",\"http:\/\/instagram.com\/infoempleo\/\",\"http:\/\/www.linkedin.com\/groups\/Empleo-Espa\u00f1a-Infoempleocom-111276\",\"http:\/\/pinterest.com\/infoempleo\/\"],\"address\":{\"@type\":\"PostalAddress\",\"addressLocality\":\"Madrid\",\"postalCode\":\"28050\",\"streetAddress\":\"Avenida de Burgos 114\"},\"brand\":[\"Infoempleo\"]},{\"@type\":\"Person\",\"@id\":\"https:\/\/empresas.infoempleo.com\/hrtrends\/#\/schema\/person\/67d3e276ffcc8b3ae0ebec816daf775a\",\"name\":\"infoempleo\",\"image\":{\"@type\":\"ImageObject\",\"inLanguage\":\"es\",\"@id\":\"https:\/\/empresas.infoempleo.com\/hrtrends\/#\/schema\/person\/image\/\",\"url\":\"https:\/\/secure.gravatar.com\/avatar\/7b437777242fe67d2473c2a818da2344692d1ee91e91080ccffbd97bcd4a0975?s=96&d=mm&r=g\",\"contentUrl\":\"https:\/\/secure.gravatar.com\/avatar\/7b437777242fe67d2473c2a818da2344692d1ee91e91080ccffbd97bcd4a0975?s=96&d=mm&r=g\",\"caption\":\"infoempleo\"},\"url\":\"https:\/\/empresas.infoempleo.com\/hrtrends\/author\/infoempleo\/\"}]}<\/script>\n<!-- \/ Yoast SEO plugin. -->","yoast_head_json":{"title":"Webs personales para profesionales \u00fanicos | HRTRENDS","robots":{"index":"index","follow":"follow","max-snippet":"max-snippet:-1","max-image-preview":"max-image-preview:large","max-video-preview":"max-video-preview:-1"},"canonical":"https:\/\/empresas.infoempleo.com\/hrtrends\/webs-personales-para-profesionales-unicos\/","og_locale":"es_ES","og_type":"article","og_title":"Webs personales para profesionales \u00fanicos | HRTRENDS","og_description":"La situaci\u00f3n que actualmente atraviesa el mercado de trabajo hace que sea frecuente encontrarse con procesos de selecci\u00f3n Leer m\u00e1s","og_url":"https:\/\/empresas.infoempleo.com\/hrtrends\/webs-personales-para-profesionales-unicos\/","og_site_name":"HRTRENDS","article_publisher":"https:\/\/www.facebook.com\/Infoempleo","article_published_time":"2009-10-19T08:48:06+00:00","article_modified_time":"2023-03-13T17:30:52+00:00","og_image":[{"width":940,"height":559,"url":"https:\/\/empresas.infoempleo.com\/hrtrends\/media\/2010\/03\/pexels-photo-251225.jpeg","type":"image\/jpeg"}],"author":"infoempleo","twitter_card":"summary_large_image","twitter_creator":"@infoempleo","twitter_site":"@infoempleo","twitter_misc":{"Escrito por":"infoempleo","Tiempo de lectura":"3 minutos"},"schema":{"@context":"https:\/\/schema.org","@graph":[{"@type":"NewsArticle","@id":"https:\/\/empresas.infoempleo.com\/hrtrends\/webs-personales-para-profesionales-unicos\/#article","isPartOf":{"@id":"https:\/\/empresas.infoempleo.com\/hrtrends\/webs-personales-para-profesionales-unicos\/"},"author":{"name":"infoempleo","@id":"https:\/\/empresas.infoempleo.com\/hrtrends\/#\/schema\/person\/67d3e276ffcc8b3ae0ebec816daf775a"},"headline":"Webs personales para profesionales \u00fanicos","datePublished":"2009-10-19T08:48:06+00:00","dateModified":"2023-03-13T17:30:52+00:00","mainEntityOfPage":{"@id":"https:\/\/empresas.infoempleo.com\/hrtrends\/webs-personales-para-profesionales-unicos\/"},"wordCount":595,"publisher":{"@id":"https:\/\/empresas.infoempleo.com\/hrtrends\/#organization"},"image":{"@id":"https:\/\/empresas.infoempleo.com\/hrtrends\/webs-personales-para-profesionales-unicos\/#primaryimage"},"thumbnailUrl":"https:\/\/empresas.infoempleo.com\/hrtrends\/media\/2010\/03\/pexels-photo-251225.jpeg","keywords":["curr\u00edculum","infoempleo","marca personal","p\u00e1gina de la semana","P\u00e1ginas personales","Personal Branding","profesionales","web de la semana"],"articleSection":["Recruiter branding"],"inLanguage":"es","copyrightYear":"2009","copyrightHolder":{"@id":"https:\/\/empresas.infoempleo.com\/hrtrends\/#organization"}},{"@type":"WebPage","@id":"https:\/\/empresas.infoempleo.com\/hrtrends\/webs-personales-para-profesionales-unicos\/","url":"https:\/\/empresas.infoempleo.com\/hrtrends\/webs-personales-para-profesionales-unicos\/","name":"Webs personales para profesionales \u00fanicos | HRTRENDS","isPartOf":{"@id":"https:\/\/empresas.infoempleo.com\/hrtrends\/#website"},"primaryImageOfPage":{"@id":"https:\/\/empresas.infoempleo.com\/hrtrends\/webs-personales-para-profesionales-unicos\/#primaryimage"},"image":{"@id":"https:\/\/empresas.infoempleo.com\/hrtrends\/webs-personales-para-profesionales-unicos\/#primaryimage"},"thumbnailUrl":"https:\/\/empresas.infoempleo.com\/hrtrends\/media\/2010\/03\/pexels-photo-251225.jpeg","datePublished":"2009-10-19T08:48:06+00:00","dateModified":"2023-03-13T17:30:52+00:00","breadcrumb":{"@id":"https:\/\/empresas.infoempleo.com\/hrtrends\/webs-personales-para-profesionales-unicos\/#breadcrumb"},"inLanguage":"es","potentialAction":[{"@type":"ReadAction","target":["https:\/\/empresas.infoempleo.com\/hrtrends\/webs-personales-para-profesionales-unicos\/"]}]},{"@type":"ImageObject","inLanguage":"es","@id":"https:\/\/empresas.infoempleo.com\/hrtrends\/webs-personales-para-profesionales-unicos\/#primaryimage","url":"https:\/\/empresas.infoempleo.com\/hrtrends\/media\/2010\/03\/pexels-photo-251225-150x150.jpeg","contentUrl":"https:\/\/empresas.infoempleo.com\/hrtrends\/media\/2010\/03\/pexels-photo-251225-150x150.jpeg","width":150,"height":150,"caption":"Crear una web personal en Infoempleo"},{"@type":"BreadcrumbList","@id":"https:\/\/empresas.infoempleo.com\/hrtrends\/webs-personales-para-profesionales-unicos\/#breadcrumb","itemListElement":[{"@type":"ListItem","position":1,"name":"Portada","item":"https:\/\/empresas.infoempleo.com\/hrtrends\/"},{"@type":"ListItem","position":2,"name":"Webs personales para profesionales \u00fanicos"}]},{"@type":"WebSite","@id":"https:\/\/empresas.infoempleo.com\/hrtrends\/#website","url":"https:\/\/empresas.infoempleo.com\/hrtrends","name":"HRTrends by Infoempleo","description":"","publisher":{"@id":"https:\/\/empresas.infoempleo.com\/hrtrends\/#organization"},"potentialAction":{"@type":"SearchAction","target":"https:\/\/empresas.infoempleo.com\/hrtrends\/?s={search_term_string}","query-input":"required name=search_term_string"},"inLanguage":"es"},{"@type":"Organization","@id":"https:\/\/empresas.infoempleo.com\/hrtrends\/#organization","name":"Infoempleo","url":"https:\/\/www.infoempleo.com\/","logo":{"@type":"ImageObject","@id":"https:\/\/empresas.infoempleo.com\/hrtrends\/#logo","inLanguage":"es","url":"https:\/\/cdnazure.infoempleo.com\/infoempleo\/assets\/style\/gfx\/logo.svg","contentUrl":"https:\/\/cdnazure.infoempleo.com\/infoempleo\/assets\/style\/gfx\/logo.svg","width":150,"height":40,"caption":"Infoempleo"},"image":{"@id":"https:\/\/empresas.infoempleo.com\/hrtrends\/#logo"},"sameAs":["https:\/\/www.facebook.com\/Infoempleo","https:\/\/x.com\/infoempleo","http:\/\/instagram.com\/infoempleo\/","http:\/\/www.linkedin.com\/groups\/Empleo-Espa\u00f1a-Infoempleocom-111276","http:\/\/pinterest.com\/infoempleo\/"],"address":{"@type":"PostalAddress","addressLocality":"Madrid","postalCode":"28050","streetAddress":"Avenida de Burgos 114"},"brand":["Infoempleo"]},{"@type":"Person","@id":"https:\/\/empresas.infoempleo.com\/hrtrends\/#\/schema\/person\/67d3e276ffcc8b3ae0ebec816daf775a","name":"infoempleo","image":{"@type":"ImageObject","inLanguage":"es","@id":"https:\/\/empresas.infoempleo.com\/hrtrends\/#\/schema\/person\/image\/","url":"https:\/\/secure.gravatar.com\/avatar\/7b437777242fe67d2473c2a818da2344692d1ee91e91080ccffbd97bcd4a0975?s=96&d=mm&r=g","contentUrl":"https:\/\/secure.gravatar.com\/avatar\/7b437777242fe67d2473c2a818da2344692d1ee91e91080ccffbd97bcd4a0975?s=96&d=mm&r=g","caption":"infoempleo"},"url":"https:\/\/empresas.infoempleo.com\/hrtrends\/author\/infoempleo\/"}]}},"amp_enabled":true,"_links":{"self":[{"href":"https:\/\/empresas.infoempleo.com\/hrtrends\/wp-json\/wp\/v2\/posts\/4230","targetHints":{"allow":["GET"]}}],"collection":[{"href":"https:\/\/empresas.infoempleo.com\/hrtrends\/wp-json\/wp\/v2\/posts"}],"about":[{"href":"https:\/\/empresas.infoempleo.com\/hrtrends\/wp-json\/wp\/v2\/types\/post"}],"author":[{"embeddable":true,"href":"https:\/\/empresas.infoempleo.com\/hrtrends\/wp-json\/wp\/v2\/users\/72"}],"replies":[{"embeddable":true,"href":"https:\/\/empresas.infoempleo.com\/hrtrends\/wp-json\/wp\/v2\/comments?post=4230"}],"version-history":[{"count":3,"href":"https:\/\/empresas.infoempleo.com\/hrtrends\/wp-json\/wp\/v2\/posts\/4230\/revisions"}],"predecessor-version":[{"id":43262,"href":"https:\/\/empresas.infoempleo.com\/hrtrends\/wp-json\/wp\/v2\/posts\/4230\/revisions\/43262"}],"wp:featuredmedia":[{"embeddable":true,"href":"https:\/\/empresas.infoempleo.com\/hrtrends\/wp-json\/wp\/v2\/media\/29827"}],"wp:attachment":[{"href":"https:\/\/empresas.infoempleo.com\/hrtrends\/wp-json\/wp\/v2\/media?parent=4230"}],"wp:term":[{"taxonomy":"category","embeddable":true,"href":"https:\/\/empresas.infoempleo.com\/hrtrends\/wp-json\/wp\/v2\/categories?post=4230"},{"taxonomy":"post_tag","embeddable":true,"href":"https:\/\/empresas.infoempleo.com\/hrtrends\/wp-json\/wp\/v2\/tags?post=4230"}],"curies":[{"name":"wp","href":"https:\/\/api.w.org\/{rel}","templated":true}]}}