{"id":42032,"date":"2023-02-01T07:30:55","date_gmt":"2023-02-01T05:30:55","guid":{"rendered":"https:\/\/empresas.infoempleo.com\/hrtrends\/?p=42032"},"modified":"2023-03-13T19:37:40","modified_gmt":"2023-03-13T17:37:40","slug":"nuevas-ayudas-para-la-contratacion","status":"publish","type":"post","link":"https:\/\/empresas.infoempleo.com\/hrtrends\/nuevas-ayudas-para-la-contratacion\/","title":{"rendered":"El Gobierno lanza nuevas ayudas para la contrataci\u00f3n de empleados"},"content":{"rendered":"<p>Recientemente, ha entrado en vigor el <strong>Real Decreto-ley <\/strong>que define las <strong>nuevas ayudas para la contrataci\u00f3n laboral en Espa\u00f1a<\/strong>. En un contexto de dificultad e incertidumbre, es importante seguir potenciando el sistema productivo. Que no decaiga el crecimiento y se reduzca el n\u00famero de personas y j\u00f3venes sin trabajo deber ser siempre un objetivo prioritario. En este art\u00edculo exponemos los <strong>aspectos m\u00e1s importantes del nuevo sistema<\/strong> y qu\u00e9 <strong>novedades<\/strong> presenta.<\/p>\n<h2>Las nuevas ayudas para la contrataci\u00f3n: igualdad, estabilidad y eficiencia<\/h2>\n<p>Seg\u00fan informa el Servicio P\u00fablico de Empleo Estatal, este nuevo Real Decreto-Ley, en el marco de las Pol\u00edticas Activas de Empleo (PAE), <strong>tiene <\/strong>como<strong> objetivo mejorar la calidad en el empleo<\/strong>, su creaci\u00f3n neta y su mantenimiento. Igualmente, <strong>promocionar la contrataci\u00f3n de las personas desempleadas<\/strong>, haciendo foco en las m\u00e1s vulnerables o con bajo potencial de empleabilidad.<\/p>\n<p>A su vez, busca contribuir al mantenimiento y a la <strong>mejora de la calidad del empleo<\/strong> y a la promoci\u00f3n profesional de las personas ocupadas, as\u00ed como <strong>fomentar la creaci\u00f3n de empleo <\/strong>en el \u00e1mbito de la <a href=\"https:\/\/empresas.infoempleo.com\/hrtrends\/ayudas-para-empresas-economia-social-993-millones-de-euros\" target=\"_blank\" rel=\"noopener\">econom\u00eda social.<\/a><\/p>\n<p>Por tanto, las <strong>principales caracter\u00edsticas<\/strong> del nuevo modelo quedan resumidas en las siguientes:<\/p>\n<ul>\n<li>Los incentivos a la contrataci\u00f3n se centran en los contratos indefinidos que se realicen.<\/li>\n<li>Las empresas que quieran acogerse tendr\u00e1n que cumplir menos requisitos.<\/li>\n<li>Si se incentiva un contrato, este tendr\u00e1 que tener una duraci\u00f3n de al menos tres a\u00f1os.<\/li>\n<li>Seguir\u00e1n manteni\u00e9ndose las bonificaciones por la realizaci\u00f3n de contratos con personas con discapacidad, v\u00edctimas de violencia de g\u00e9nero o de violencias sexuales.<\/li>\n<li>Los contratos que est\u00e9n relacionados con la <a href=\"https:\/\/empresas.infoempleo.com\/hrtrends\/que-cambios-supone-la-ley-de-familias-para-las-empresas\" target=\"_blank\" rel=\"noopener\">conciliaci\u00f3n de la vida laboral y familiar<\/a> estar\u00e1n subvencionados durante toda la vigencia del mismo.<\/li>\n<li>En las ciudades aut\u00f3nomas de Ceuta y Melilla, las bonificaciones por contratos indefinidos se elevan hasta el 75%.<\/li>\n<\/ul>\n<h2>Medidas de nueva implantaci\u00f3n en el sistema de incentivos<\/h2>\n<p>De todas las que componen el nuevo marco de incentivos, podr\u00edamos <strong>destacar como novedosas las siguientes medidas:<\/strong><\/p>\n<ul>\n<li><strong>La bonificaci\u00f3n por la contrataci\u00f3n indefinida de personas j\u00f3venes con baja cualificaci\u00f3n <\/strong>beneficiarias del Sistema de Garant\u00eda Juvenil. La bonificaci\u00f3n estar\u00e1 estipulada en 275 euros durante tres a\u00f1os.<\/li>\n<li><strong>Bonificar la contrataci\u00f3n indefinida o incorporaci\u00f3n como persona socia en la cooperativa o sociedad laboral <\/strong>de aquellas personas que realizan formaci\u00f3n pr\u00e1ctica en empresas. Dar\u00e1 derecho a una bonificaci\u00f3n de 138 euros al mes durante tres a\u00f1os. O bien durante la vigencia del contrato, si se trata de personas con discapacidad.<\/li>\n<li><strong>La bonificaci\u00f3n para la transformaci\u00f3n en contratos fijos discontinuos de contratos temporales <\/strong>suscritos con personas trabajadoras incluidas en el Sistema especial agrario por cuenta ajena. Durante los tres a\u00f1os siguientes, existir\u00e1 una bonificaci\u00f3n en la cotizaci\u00f3n de 55 euros por mes, que se elevar\u00e1 a los 73 euros por mes en el caso de mujeres.<\/li>\n<\/ul>\n<p>Cabe a\u00f1adir que, seg\u00fan indica el SEPE, la naturaleza de las medidas adoptadas est\u00e1 no solo en premiar la contrataci\u00f3n y el acceso al empleo, sino la calidad de la misma. Es decir, se buscar\u00eda <strong>estimular la contrataci\u00f3n indefinida<\/strong> por encima de todo con el objetivo de superar la dualidad del mercado e ir <strong>reduciendo<\/strong> el porcentaje de contratos temporales y, por consiguiente, <strong>la precariedad<\/strong> de nuestro sistema laboral.<\/p>\n<p>Igualmente, la normativa tambi\u00e9n busca unificar, simplificar, homogeneizar y hacer m\u00e1s eficientes los incentivos a la contrataci\u00f3n. Actualmente existe una gran dispersi\u00f3n y se busca establecer un marco com\u00fan y una visi\u00f3n integral de estos incentivos.<\/p>\n","protected":false},"excerpt":{"rendered":"<p>Recientemente, ha entrado en vigor el Real Decreto-ley que define las nuevas ayudas para la contrataci\u00f3n laboral en<a class=\"moretag\" href=\"https:\/\/empresas.infoempleo.com\/hrtrends\/nuevas-ayudas-para-la-contratacion\/\"> Leer m\u00e1s<\/a><\/p>\n","protected":false},"author":142,"featured_media":42066,"comment_status":"closed","ping_status":"closed","sticky":false,"template":"","format":"standard","meta":{"footnotes":""},"categories":[3],"tags":[783,1049,169],"class_list":["post-42032","post","type-post","status-publish","format-standard","has-post-thumbnail","hentry","category-actualidad","tag-contratos","tag-empleados","tag-mercado-laboral"],"yoast_head":"<!-- This site is optimized with the Yoast SEO plugin v26.1.1 - https:\/\/yoast.com\/wordpress\/plugins\/seo\/ -->\n<title>El Gobierno lanza nuevas ayudas para la contrataci\u00f3n de empleados<\/title>\n<meta name=\"description\" content=\"Las nuevas ayudas para la contrataci\u00f3n promueven la contrataci\u00f3n indefinida y el acceso al empleo de personas en riesgo. \u00bfEn qu\u00e9 consisten?\" \/>\n<meta name=\"robots\" content=\"index, follow, max-snippet:-1, max-image-preview:large, max-video-preview:-1\" \/>\n<link rel=\"canonical\" href=\"https:\/\/empresas.infoempleo.com\/hrtrends\/nuevas-ayudas-para-la-contratacion\/\" \/>\n<meta property=\"og:locale\" content=\"es_ES\" \/>\n<meta property=\"og:type\" content=\"article\" \/>\n<meta property=\"og:title\" content=\"El Gobierno lanza nuevas ayudas para la contrataci\u00f3n de empleados\" \/>\n<meta property=\"og:description\" content=\"Las nuevas ayudas para la contrataci\u00f3n promueven la contrataci\u00f3n indefinida y el acceso al empleo de personas en riesgo. \u00bfEn qu\u00e9 consisten?\" \/>\n<meta property=\"og:url\" content=\"https:\/\/empresas.infoempleo.com\/hrtrends\/nuevas-ayudas-para-la-contratacion\/\" \/>\n<meta property=\"og:site_name\" content=\"HRTRENDS\" \/>\n<meta property=\"article:publisher\" content=\"https:\/\/www.facebook.com\/Infoempleo\" \/>\n<meta property=\"article:published_time\" content=\"2023-02-01T05:30:55+00:00\" \/>\n<meta property=\"article:modified_time\" content=\"2023-03-13T17:37:40+00:00\" \/>\n<meta property=\"og:image\" content=\"https:\/\/empresas.infoempleo.com\/hrtrends\/media\/2023\/01\/Empresa-que-recibe-las-nuevas-ayudas-para-la-contratacion.jpg\" \/>\n\t<meta property=\"og:image:width\" content=\"881\" \/>\n\t<meta property=\"og:image:height\" content=\"551\" \/>\n\t<meta property=\"og:image:type\" content=\"image\/jpeg\" \/>\n<meta name=\"author\" content=\"Javier F. Parra\" \/>\n<meta name=\"twitter:card\" content=\"summary_large_image\" \/>\n<meta name=\"twitter:creator\" content=\"@infoempleo\" \/>\n<meta name=\"twitter:site\" content=\"@infoempleo\" \/>\n<meta name=\"twitter:label1\" content=\"Escrito por\" \/>\n\t<meta name=\"twitter:data1\" content=\"Javier F. Parra\" \/>\n\t<meta name=\"twitter:label2\" content=\"Tiempo de lectura\" \/>\n\t<meta name=\"twitter:data2\" content=\"3 minutos\" \/>\n<script type=\"application\/ld+json\" class=\"yoast-schema-graph\">{\"@context\":\"https:\/\/schema.org\",\"@graph\":[{\"@type\":\"NewsArticle\",\"@id\":\"https:\/\/empresas.infoempleo.com\/hrtrends\/nuevas-ayudas-para-la-contratacion\/#article\",\"isPartOf\":{\"@id\":\"https:\/\/empresas.infoempleo.com\/hrtrends\/nuevas-ayudas-para-la-contratacion\/\"},\"author\":{\"name\":\"Javier F. Parra\",\"@id\":\"https:\/\/empresas.infoempleo.com\/hrtrends\/#\/schema\/person\/bfe2fef977b750c22ac6f7d254c75afe\"},\"headline\":\"El Gobierno lanza nuevas ayudas para la contrataci\u00f3n de empleados\",\"datePublished\":\"2023-02-01T05:30:55+00:00\",\"dateModified\":\"2023-03-13T17:37:40+00:00\",\"mainEntityOfPage\":{\"@id\":\"https:\/\/empresas.infoempleo.com\/hrtrends\/nuevas-ayudas-para-la-contratacion\/\"},\"wordCount\":623,\"publisher\":{\"@id\":\"https:\/\/empresas.infoempleo.com\/hrtrends\/#organization\"},\"image\":{\"@id\":\"https:\/\/empresas.infoempleo.com\/hrtrends\/nuevas-ayudas-para-la-contratacion\/#primaryimage\"},\"thumbnailUrl\":\"https:\/\/empresas.infoempleo.com\/hrtrends\/media\/2023\/01\/Empresa-que-recibe-las-nuevas-ayudas-para-la-contratacion.jpg\",\"keywords\":[\"contratos\",\"empleados\",\"mercado laboral\"],\"articleSection\":[\"Actualidad\"],\"inLanguage\":\"es\",\"copyrightYear\":\"2023\",\"copyrightHolder\":{\"@id\":\"https:\/\/empresas.infoempleo.com\/hrtrends\/#organization\"}},{\"@type\":\"WebPage\",\"@id\":\"https:\/\/empresas.infoempleo.com\/hrtrends\/nuevas-ayudas-para-la-contratacion\/\",\"url\":\"https:\/\/empresas.infoempleo.com\/hrtrends\/nuevas-ayudas-para-la-contratacion\/\",\"name\":\"El Gobierno lanza nuevas ayudas para la contrataci\u00f3n de empleados\",\"isPartOf\":{\"@id\":\"https:\/\/empresas.infoempleo.com\/hrtrends\/#website\"},\"primaryImageOfPage\":{\"@id\":\"https:\/\/empresas.infoempleo.com\/hrtrends\/nuevas-ayudas-para-la-contratacion\/#primaryimage\"},\"image\":{\"@id\":\"https:\/\/empresas.infoempleo.com\/hrtrends\/nuevas-ayudas-para-la-contratacion\/#primaryimage\"},\"thumbnailUrl\":\"https:\/\/empresas.infoempleo.com\/hrtrends\/media\/2023\/01\/Empresa-que-recibe-las-nuevas-ayudas-para-la-contratacion.jpg\",\"datePublished\":\"2023-02-01T05:30:55+00:00\",\"dateModified\":\"2023-03-13T17:37:40+00:00\",\"description\":\"Las nuevas ayudas para la contrataci\u00f3n promueven la contrataci\u00f3n indefinida y el acceso al empleo de personas en riesgo. \u00bfEn qu\u00e9 consisten?\",\"breadcrumb\":{\"@id\":\"https:\/\/empresas.infoempleo.com\/hrtrends\/nuevas-ayudas-para-la-contratacion\/#breadcrumb\"},\"inLanguage\":\"es\",\"potentialAction\":[{\"@type\":\"ReadAction\",\"target\":[\"https:\/\/empresas.infoempleo.com\/hrtrends\/nuevas-ayudas-para-la-contratacion\/\"]}]},{\"@type\":\"ImageObject\",\"inLanguage\":\"es\",\"@id\":\"https:\/\/empresas.infoempleo.com\/hrtrends\/nuevas-ayudas-para-la-contratacion\/#primaryimage\",\"url\":\"https:\/\/empresas.infoempleo.com\/hrtrends\/media\/2023\/01\/Empresa-que-recibe-las-nuevas-ayudas-para-la-contratacion-150x150.jpg\",\"contentUrl\":\"https:\/\/empresas.infoempleo.com\/hrtrends\/media\/2023\/01\/Empresa-que-recibe-las-nuevas-ayudas-para-la-contratacion-150x150.jpg\",\"width\":150,\"height\":150,\"caption\":\"Nuevas ayudas para la contrataci\u00f3n de trabajadores\"},{\"@type\":\"BreadcrumbList\",\"@id\":\"https:\/\/empresas.infoempleo.com\/hrtrends\/nuevas-ayudas-para-la-contratacion\/#breadcrumb\",\"itemListElement\":[{\"@type\":\"ListItem\",\"position\":1,\"name\":\"Portada\",\"item\":\"https:\/\/empresas.infoempleo.com\/hrtrends\/\"},{\"@type\":\"ListItem\",\"position\":2,\"name\":\"El Gobierno lanza nuevas ayudas para la contrataci\u00f3n de empleados\"}]},{\"@type\":\"WebSite\",\"@id\":\"https:\/\/empresas.infoempleo.com\/hrtrends\/#website\",\"url\":\"https:\/\/empresas.infoempleo.com\/hrtrends\",\"name\":\"HRTrends by Infoempleo\",\"description\":\"\",\"publisher\":{\"@id\":\"https:\/\/empresas.infoempleo.com\/hrtrends\/#organization\"},\"potentialAction\":{\"@type\":\"SearchAction\",\"target\":\"https:\/\/empresas.infoempleo.com\/hrtrends\/?s={search_term_string}\",\"query-input\":\"required name=search_term_string\"},\"inLanguage\":\"es\"},{\"@type\":\"Organization\",\"@id\":\"https:\/\/empresas.infoempleo.com\/hrtrends\/#organization\",\"name\":\"Infoempleo\",\"url\":\"https:\/\/www.infoempleo.com\/\",\"logo\":{\"@type\":\"ImageObject\",\"@id\":\"https:\/\/empresas.infoempleo.com\/hrtrends\/#logo\",\"inLanguage\":\"es\",\"url\":\"https:\/\/cdnazure.infoempleo.com\/infoempleo\/assets\/style\/gfx\/logo.svg\",\"contentUrl\":\"https:\/\/cdnazure.infoempleo.com\/infoempleo\/assets\/style\/gfx\/logo.svg\",\"width\":150,\"height\":40,\"caption\":\"Infoempleo\"},\"image\":{\"@id\":\"https:\/\/empresas.infoempleo.com\/hrtrends\/#logo\"},\"sameAs\":[\"https:\/\/www.facebook.com\/Infoempleo\",\"https:\/\/x.com\/infoempleo\",\"http:\/\/instagram.com\/infoempleo\/\",\"http:\/\/www.linkedin.com\/groups\/Empleo-Espa\u00f1a-Infoempleocom-111276\",\"http:\/\/pinterest.com\/infoempleo\/\"],\"address\":{\"@type\":\"PostalAddress\",\"addressLocality\":\"Madrid\",\"postalCode\":\"28050\",\"streetAddress\":\"Avenida de Burgos 114\"},\"brand\":[\"Infoempleo\"]},{\"@type\":\"Person\",\"@id\":\"https:\/\/empresas.infoempleo.com\/hrtrends\/#\/schema\/person\/bfe2fef977b750c22ac6f7d254c75afe\",\"name\":\"Javier F. Parra\",\"image\":{\"@type\":\"ImageObject\",\"inLanguage\":\"es\",\"@id\":\"https:\/\/empresas.infoempleo.com\/hrtrends\/#\/schema\/person\/image\/\",\"url\":\"https:\/\/secure.gravatar.com\/avatar\/cc7a816c43a98631bfc25486db802fb539f4c937146762f45a94d9b4d1ea0721?s=96&d=mm&r=g\",\"contentUrl\":\"https:\/\/secure.gravatar.com\/avatar\/cc7a816c43a98631bfc25486db802fb539f4c937146762f45a94d9b4d1ea0721?s=96&d=mm&r=g\",\"caption\":\"Javier F. Parra\"},\"description\":\"Licenciado en Pedagog\u00eda Sociolaboral. M\u00e1ster en Direcci\u00f3n y Gesti\u00f3n de Recursos Humanos y Postgrado en Prevenci\u00f3n de Riesgos Laborales. Desde hace m\u00e1s de 15 a\u00f1os me dedico a la formaci\u00f3n, la asesor\u00eda de empresas y al apoyo directo a personas que quieren emprender un negocio. Me interesan la pol\u00edtica, la literatura, la Historia y las personas, aunque no necesariamente en ese orden.\",\"url\":\"https:\/\/empresas.infoempleo.com\/hrtrends\/author\/javieryerro80gmail-com\/\"}]}<\/script>\n<!-- \/ Yoast SEO plugin. -->","yoast_head_json":{"title":"El Gobierno lanza nuevas ayudas para la contrataci\u00f3n de empleados","description":"Las nuevas ayudas para la contrataci\u00f3n promueven la contrataci\u00f3n indefinida y el acceso al empleo de personas en riesgo. \u00bfEn qu\u00e9 consisten?","robots":{"index":"index","follow":"follow","max-snippet":"max-snippet:-1","max-image-preview":"max-image-preview:large","max-video-preview":"max-video-preview:-1"},"canonical":"https:\/\/empresas.infoempleo.com\/hrtrends\/nuevas-ayudas-para-la-contratacion\/","og_locale":"es_ES","og_type":"article","og_title":"El Gobierno lanza nuevas ayudas para la contrataci\u00f3n de empleados","og_description":"Las nuevas ayudas para la contrataci\u00f3n promueven la contrataci\u00f3n indefinida y el acceso al empleo de personas en riesgo. \u00bfEn qu\u00e9 consisten?","og_url":"https:\/\/empresas.infoempleo.com\/hrtrends\/nuevas-ayudas-para-la-contratacion\/","og_site_name":"HRTRENDS","article_publisher":"https:\/\/www.facebook.com\/Infoempleo","article_published_time":"2023-02-01T05:30:55+00:00","article_modified_time":"2023-03-13T17:37:40+00:00","og_image":[{"width":881,"height":551,"url":"https:\/\/empresas.infoempleo.com\/hrtrends\/media\/2023\/01\/Empresa-que-recibe-las-nuevas-ayudas-para-la-contratacion.jpg","type":"image\/jpeg"}],"author":"Javier F. Parra","twitter_card":"summary_large_image","twitter_creator":"@infoempleo","twitter_site":"@infoempleo","twitter_misc":{"Escrito por":"Javier F. Parra","Tiempo de lectura":"3 minutos"},"schema":{"@context":"https:\/\/schema.org","@graph":[{"@type":"NewsArticle","@id":"https:\/\/empresas.infoempleo.com\/hrtrends\/nuevas-ayudas-para-la-contratacion\/#article","isPartOf":{"@id":"https:\/\/empresas.infoempleo.com\/hrtrends\/nuevas-ayudas-para-la-contratacion\/"},"author":{"name":"Javier F. Parra","@id":"https:\/\/empresas.infoempleo.com\/hrtrends\/#\/schema\/person\/bfe2fef977b750c22ac6f7d254c75afe"},"headline":"El Gobierno lanza nuevas ayudas para la contrataci\u00f3n de empleados","datePublished":"2023-02-01T05:30:55+00:00","dateModified":"2023-03-13T17:37:40+00:00","mainEntityOfPage":{"@id":"https:\/\/empresas.infoempleo.com\/hrtrends\/nuevas-ayudas-para-la-contratacion\/"},"wordCount":623,"publisher":{"@id":"https:\/\/empresas.infoempleo.com\/hrtrends\/#organization"},"image":{"@id":"https:\/\/empresas.infoempleo.com\/hrtrends\/nuevas-ayudas-para-la-contratacion\/#primaryimage"},"thumbnailUrl":"https:\/\/empresas.infoempleo.com\/hrtrends\/media\/2023\/01\/Empresa-que-recibe-las-nuevas-ayudas-para-la-contratacion.jpg","keywords":["contratos","empleados","mercado laboral"],"articleSection":["Actualidad"],"inLanguage":"es","copyrightYear":"2023","copyrightHolder":{"@id":"https:\/\/empresas.infoempleo.com\/hrtrends\/#organization"}},{"@type":"WebPage","@id":"https:\/\/empresas.infoempleo.com\/hrtrends\/nuevas-ayudas-para-la-contratacion\/","url":"https:\/\/empresas.infoempleo.com\/hrtrends\/nuevas-ayudas-para-la-contratacion\/","name":"El Gobierno lanza nuevas ayudas para la contrataci\u00f3n de empleados","isPartOf":{"@id":"https:\/\/empresas.infoempleo.com\/hrtrends\/#website"},"primaryImageOfPage":{"@id":"https:\/\/empresas.infoempleo.com\/hrtrends\/nuevas-ayudas-para-la-contratacion\/#primaryimage"},"image":{"@id":"https:\/\/empresas.infoempleo.com\/hrtrends\/nuevas-ayudas-para-la-contratacion\/#primaryimage"},"thumbnailUrl":"https:\/\/empresas.infoempleo.com\/hrtrends\/media\/2023\/01\/Empresa-que-recibe-las-nuevas-ayudas-para-la-contratacion.jpg","datePublished":"2023-02-01T05:30:55+00:00","dateModified":"2023-03-13T17:37:40+00:00","description":"Las nuevas ayudas para la contrataci\u00f3n promueven la contrataci\u00f3n indefinida y el acceso al empleo de personas en riesgo. \u00bfEn qu\u00e9 consisten?","breadcrumb":{"@id":"https:\/\/empresas.infoempleo.com\/hrtrends\/nuevas-ayudas-para-la-contratacion\/#breadcrumb"},"inLanguage":"es","potentialAction":[{"@type":"ReadAction","target":["https:\/\/empresas.infoempleo.com\/hrtrends\/nuevas-ayudas-para-la-contratacion\/"]}]},{"@type":"ImageObject","inLanguage":"es","@id":"https:\/\/empresas.infoempleo.com\/hrtrends\/nuevas-ayudas-para-la-contratacion\/#primaryimage","url":"https:\/\/empresas.infoempleo.com\/hrtrends\/media\/2023\/01\/Empresa-que-recibe-las-nuevas-ayudas-para-la-contratacion-150x150.jpg","contentUrl":"https:\/\/empresas.infoempleo.com\/hrtrends\/media\/2023\/01\/Empresa-que-recibe-las-nuevas-ayudas-para-la-contratacion-150x150.jpg","width":150,"height":150,"caption":"Nuevas ayudas para la contrataci\u00f3n de trabajadores"},{"@type":"BreadcrumbList","@id":"https:\/\/empresas.infoempleo.com\/hrtrends\/nuevas-ayudas-para-la-contratacion\/#breadcrumb","itemListElement":[{"@type":"ListItem","position":1,"name":"Portada","item":"https:\/\/empresas.infoempleo.com\/hrtrends\/"},{"@type":"ListItem","position":2,"name":"El Gobierno lanza nuevas ayudas para la contrataci\u00f3n de empleados"}]},{"@type":"WebSite","@id":"https:\/\/empresas.infoempleo.com\/hrtrends\/#website","url":"https:\/\/empresas.infoempleo.com\/hrtrends","name":"HRTrends by Infoempleo","description":"","publisher":{"@id":"https:\/\/empresas.infoempleo.com\/hrtrends\/#organization"},"potentialAction":{"@type":"SearchAction","target":"https:\/\/empresas.infoempleo.com\/hrtrends\/?s={search_term_string}","query-input":"required name=search_term_string"},"inLanguage":"es"},{"@type":"Organization","@id":"https:\/\/empresas.infoempleo.com\/hrtrends\/#organization","name":"Infoempleo","url":"https:\/\/www.infoempleo.com\/","logo":{"@type":"ImageObject","@id":"https:\/\/empresas.infoempleo.com\/hrtrends\/#logo","inLanguage":"es","url":"https:\/\/cdnazure.infoempleo.com\/infoempleo\/assets\/style\/gfx\/logo.svg","contentUrl":"https:\/\/cdnazure.infoempleo.com\/infoempleo\/assets\/style\/gfx\/logo.svg","width":150,"height":40,"caption":"Infoempleo"},"image":{"@id":"https:\/\/empresas.infoempleo.com\/hrtrends\/#logo"},"sameAs":["https:\/\/www.facebook.com\/Infoempleo","https:\/\/x.com\/infoempleo","http:\/\/instagram.com\/infoempleo\/","http:\/\/www.linkedin.com\/groups\/Empleo-Espa\u00f1a-Infoempleocom-111276","http:\/\/pinterest.com\/infoempleo\/"],"address":{"@type":"PostalAddress","addressLocality":"Madrid","postalCode":"28050","streetAddress":"Avenida de Burgos 114"},"brand":["Infoempleo"]},{"@type":"Person","@id":"https:\/\/empresas.infoempleo.com\/hrtrends\/#\/schema\/person\/bfe2fef977b750c22ac6f7d254c75afe","name":"Javier F. Parra","image":{"@type":"ImageObject","inLanguage":"es","@id":"https:\/\/empresas.infoempleo.com\/hrtrends\/#\/schema\/person\/image\/","url":"https:\/\/secure.gravatar.com\/avatar\/cc7a816c43a98631bfc25486db802fb539f4c937146762f45a94d9b4d1ea0721?s=96&d=mm&r=g","contentUrl":"https:\/\/secure.gravatar.com\/avatar\/cc7a816c43a98631bfc25486db802fb539f4c937146762f45a94d9b4d1ea0721?s=96&d=mm&r=g","caption":"Javier F. Parra"},"description":"Licenciado en Pedagog\u00eda Sociolaboral. M\u00e1ster en Direcci\u00f3n y Gesti\u00f3n de Recursos Humanos y Postgrado en Prevenci\u00f3n de Riesgos Laborales. Desde hace m\u00e1s de 15 a\u00f1os me dedico a la formaci\u00f3n, la asesor\u00eda de empresas y al apoyo directo a personas que quieren emprender un negocio. Me interesan la pol\u00edtica, la literatura, la Historia y las personas, aunque no necesariamente en ese orden.","url":"https:\/\/empresas.infoempleo.com\/hrtrends\/author\/javieryerro80gmail-com\/"}]}},"amp_enabled":true,"_links":{"self":[{"href":"https:\/\/empresas.infoempleo.com\/hrtrends\/wp-json\/wp\/v2\/posts\/42032","targetHints":{"allow":["GET"]}}],"collection":[{"href":"https:\/\/empresas.infoempleo.com\/hrtrends\/wp-json\/wp\/v2\/posts"}],"about":[{"href":"https:\/\/empresas.infoempleo.com\/hrtrends\/wp-json\/wp\/v2\/types\/post"}],"author":[{"embeddable":true,"href":"https:\/\/empresas.infoempleo.com\/hrtrends\/wp-json\/wp\/v2\/users\/142"}],"replies":[{"embeddable":true,"href":"https:\/\/empresas.infoempleo.com\/hrtrends\/wp-json\/wp\/v2\/comments?post=42032"}],"version-history":[{"count":6,"href":"https:\/\/empresas.infoempleo.com\/hrtrends\/wp-json\/wp\/v2\/posts\/42032\/revisions"}],"predecessor-version":[{"id":43507,"href":"https:\/\/empresas.infoempleo.com\/hrtrends\/wp-json\/wp\/v2\/posts\/42032\/revisions\/43507"}],"wp:featuredmedia":[{"embeddable":true,"href":"https:\/\/empresas.infoempleo.com\/hrtrends\/wp-json\/wp\/v2\/media\/42066"}],"wp:attachment":[{"href":"https:\/\/empresas.infoempleo.com\/hrtrends\/wp-json\/wp\/v2\/media?parent=42032"}],"wp:term":[{"taxonomy":"category","embeddable":true,"href":"https:\/\/empresas.infoempleo.com\/hrtrends\/wp-json\/wp\/v2\/categories?post=42032"},{"taxonomy":"post_tag","embeddable":true,"href":"https:\/\/empresas.infoempleo.com\/hrtrends\/wp-json\/wp\/v2\/tags?post=42032"}],"curies":[{"name":"wp","href":"https:\/\/api.w.org\/{rel}","templated":true}]}}