{"id":41923,"date":"2023-01-17T07:30:48","date_gmt":"2023-01-17T05:30:48","guid":{"rendered":"https:\/\/empresas.infoempleo.com\/hrtrends\/?p=41923"},"modified":"2023-03-13T19:37:39","modified_gmt":"2023-03-13T17:37:39","slug":"empresas-espanolas-preven-la-contratacion-de-mas-personal-en-2023","status":"publish","type":"post","link":"https:\/\/empresas.infoempleo.com\/hrtrends\/empresas-espanolas-preven-la-contratacion-de-mas-personal-en-2023\/","title":{"rendered":"Las empresas espa\u00f1olas prev\u00e9n la contrataci\u00f3n de m\u00e1s personal en 2023"},"content":{"rendered":"<p>A pesar de la situaci\u00f3n tan complicada que estamos viviendo a nivel global<strong>, las empresas espa\u00f1olas quieren seguir creciendo<\/strong>. Por ese motivo <strong>hab\u00edan previsto contratar m\u00e1s personal en 2023.<\/strong> Pero, \u00bfQu\u00e9 porcentaje de incorporaciones se prev\u00e9 realizar? \u00bfQu\u00e9 tipo de puestos se quieren cubrir? La respuesta a estas y a otras cuestiones similares aparecen identificadas en el Bar\u00f3metro de liderazgo directivo en Espa\u00f1a de LHH Executive-Adecco, y las analizamos en este art\u00edculo.<\/p>\n<h2>Contratar m\u00e1s personal en 2023: la apuesta decidida por el t\u00e9cnico especialista<\/h2>\n<p>Gracias a su esp\u00edritu competitivo y a su capacidad de resistencia y constante reinvenci\u00f3n, <strong>las empresas espa\u00f1olas siguen adelante <\/strong>incluso en los tiempos m\u00e1s convulsos. De hecho, ya est\u00e1n sobre la mesa <strong>nuevos retos y proyectos<\/strong> ilusionantes. Y para poder llevarlos a cabo y <strong>seguir siendo competitivos, <\/strong><a href=\"https:\/\/empresas.infoempleo.com\/hrtrends\/empleo-pospandemia-4-de-cada-10-empresas-se-plantea-contratar\" target=\"_blank\" rel=\"noopener\"><strong>necesitar\u00e1n incorporar personal<\/strong><\/a> durante este nuevo a\u00f1o.<\/p>\n<p>Seg\u00fan se desprende del <em>Bar\u00f3metro LHH Executive<\/em> sobre Liderazgo Directivo en Espa\u00f1a elaborado por LHH Recruitment Solutions en 2022, los directivos de empresas espa\u00f1olas tienen claro este hecho. La intenci\u00f3n es ampliar sus plantillas. De hecho, <strong>m\u00e1s del 50% de los ejecutivos y directivos de empresas<\/strong> (concretamente un 53,88) <strong>prev\u00e9n contratar empleados en 2023<\/strong> y casi un 40% lo har\u00e1 a partir de 2024.<\/p>\n<p>No obstante, tambi\u00e9n existe un dato a tener en cuenta: alrededor de un <strong>25% de las empresas encuestadas no realizar\u00e1 ninguna incorporaci\u00f3n<\/strong> en estos dos pr\u00f3ximos a\u00f1os. Son las empresas de<strong> menos de 10 empleados o las que tienen m\u00e1s de 1.000 trabajadores<\/strong>. Si tenemos en cuenta la composici\u00f3n del tejido empresarial del pa\u00eds, este dato tambi\u00e9n debe tenerse en cuenta.<\/p>\n<p>Otra informaci\u00f3n interesante que arroja el Bar\u00f3metro es el <strong>tipo de perfil que buscar\u00e1n las empresas <\/strong>a la hora de contratar. De nuevo, m\u00e1s del 50% (un 53,50) estar\u00e1n interesados en incorporar a sus plantillas <strong>perfiles t\u00e9cnicos<\/strong>. S\u00f3lo el 21% incorporar\u00e1 la figura del <strong>manager,<\/strong> y un escaso 8% a<strong> directivos<\/strong>. Este dato nos da la medida de la <strong>importancia <\/strong>que<strong> la formaci\u00f3n profesional <\/strong>est\u00e1 adquiriendo paulatinamente y c\u00f3mo la<strong> especializaci\u00f3n profesional <\/strong>ser\u00e1 el gran <strong>valor a\u00f1adido<\/strong> de cualquier candidato en el futuro.<\/p>\n<h2>Algunas estrategias de las empresas para incrementar ventas en 2023<\/h2>\n<p>Adem\u00e1s de contratar personal para <strong>afrontar los nuevos desaf\u00edos<\/strong> que se presenten, las empresas tambi\u00e9n establecieron ya sus <strong>estrategias de crecimiento <\/strong>para este a\u00f1o. Entre las numerosas acciones encaminadas a conseguirlo, el <em>Bar\u00f3metro LHH Executive<\/em> identifica la mejora de la <strong>eficiencia operativa<\/strong> como la m\u00e1s repetida. Esto quiere decir que las empresas espa\u00f1olas, tras una pandemia, una crisis econ\u00f3mica global y ahora ampliada, quieren <strong>ser m\u00e1s rentables<\/strong>. Para ello, mejorar en eficiencia y <strong>optimizar al m\u00e1ximo sus procesos<\/strong> se antoja imprescindible.<\/p>\n<p>Por otro lado, m\u00e1s de un 32% de ellas tambi\u00e9n piensan realizar diferentes<strong> inversiones<\/strong> <strong>para ganar cuota de mercado<\/strong>. Estas inversiones van destinadas, principalmente, a la <strong>tecnolog\u00eda. <\/strong>Por \u00faltimo, un 25% de las empresas lanzar\u00e1 un nuevo producto al mercado, algunas entrar\u00e1n en <strong>mercados nuevos<\/strong> y otras realizar\u00e1n <strong>fusiones o adquisiciones<\/strong> de otras compa\u00f1\u00edas para seguir avanzando.<\/p>\n<p>Como se puede observar, tras la tempestad las empresas se reorganizan. <a href=\"https:\/\/empresas.infoempleo.com\/hrtrends\/hr-tech-stack-digitaliza-el-departamento-de-rrhh\" target=\"_blank\" rel=\"noopener\"><strong>Digitalizar la empresa o sus departamentos m\u00e1s estrat\u00e9gicos<\/strong><\/a>, <strong>profesionalizar m\u00e1s y mejor sus plantillas <\/strong>y ser m\u00e1s eficientes en los procesos de producci\u00f3n parece que ser\u00e1n las<strong> l\u00edneas maestras<\/strong> que marquen su actividad a corto plazo.<\/p>\n","protected":false},"excerpt":{"rendered":"<p>A pesar de la situaci\u00f3n tan complicada que estamos viviendo a nivel global, las empresas espa\u00f1olas quieren seguir<a class=\"moretag\" href=\"https:\/\/empresas.infoempleo.com\/hrtrends\/empresas-espanolas-preven-la-contratacion-de-mas-personal-en-2023\/\"> Leer m\u00e1s<\/a><\/p>\n","protected":false},"author":142,"featured_media":41947,"comment_status":"closed","ping_status":"closed","sticky":false,"template":"","format":"standard","meta":{"footnotes":""},"categories":[3030],"tags":[59,169,2442],"class_list":["post-41923","post","type-post","status-publish","format-standard","has-post-thumbnail","hentry","category-reclutamiento","tag-directivos","tag-mercado-laboral","tag-reclutamiento"],"yoast_head":"<!-- This site is optimized with the Yoast SEO plugin v26.1.1 - https:\/\/yoast.com\/wordpress\/plugins\/seo\/ -->\n<title>Las empresas espa\u00f1olas prev\u00e9n la contrataci\u00f3n de m\u00e1s personal en 2023<\/title>\n<meta name=\"description\" content=\"Las empresas espa\u00f1olas quieren volver a crecer. Para ello, prev\u00e9n contratar m\u00e1s personal en 2023 y nuevas estrategias de crecimiento\" \/>\n<meta name=\"robots\" content=\"index, follow, max-snippet:-1, max-image-preview:large, max-video-preview:-1\" \/>\n<link rel=\"canonical\" href=\"https:\/\/empresas.infoempleo.com\/hrtrends\/empresas-espanolas-preven-la-contratacion-de-mas-personal-en-2023\/\" \/>\n<meta property=\"og:locale\" content=\"es_ES\" \/>\n<meta property=\"og:type\" content=\"article\" \/>\n<meta property=\"og:title\" content=\"Las empresas espa\u00f1olas prev\u00e9n la contrataci\u00f3n de m\u00e1s personal en 2023\" \/>\n<meta property=\"og:description\" content=\"Las empresas espa\u00f1olas quieren volver a crecer. Para ello, prev\u00e9n contratar m\u00e1s personal en 2023 y nuevas estrategias de crecimiento\" \/>\n<meta property=\"og:url\" content=\"https:\/\/empresas.infoempleo.com\/hrtrends\/empresas-espanolas-preven-la-contratacion-de-mas-personal-en-2023\/\" \/>\n<meta property=\"og:site_name\" content=\"HRTRENDS\" \/>\n<meta property=\"article:publisher\" content=\"https:\/\/www.facebook.com\/Infoempleo\" \/>\n<meta property=\"article:published_time\" content=\"2023-01-17T05:30:48+00:00\" \/>\n<meta property=\"article:modified_time\" content=\"2023-03-13T17:37:39+00:00\" \/>\n<meta property=\"og:image\" content=\"https:\/\/empresas.infoempleo.com\/hrtrends\/media\/2023\/01\/Empresa-que-preve-la-contratacion-de-mas-personal.jpg\" \/>\n\t<meta property=\"og:image:width\" content=\"881\" \/>\n\t<meta property=\"og:image:height\" content=\"587\" \/>\n\t<meta property=\"og:image:type\" content=\"image\/jpeg\" \/>\n<meta name=\"author\" content=\"Javier F. Parra\" \/>\n<meta name=\"twitter:card\" content=\"summary_large_image\" \/>\n<meta name=\"twitter:creator\" content=\"@infoempleo\" \/>\n<meta name=\"twitter:site\" content=\"@infoempleo\" \/>\n<meta name=\"twitter:label1\" content=\"Escrito por\" \/>\n\t<meta name=\"twitter:data1\" content=\"Javier F. Parra\" \/>\n\t<meta name=\"twitter:label2\" content=\"Tiempo de lectura\" \/>\n\t<meta name=\"twitter:data2\" content=\"3 minutos\" \/>\n<script type=\"application\/ld+json\" class=\"yoast-schema-graph\">{\"@context\":\"https:\/\/schema.org\",\"@graph\":[{\"@type\":\"NewsArticle\",\"@id\":\"https:\/\/empresas.infoempleo.com\/hrtrends\/empresas-espanolas-preven-la-contratacion-de-mas-personal-en-2023\/#article\",\"isPartOf\":{\"@id\":\"https:\/\/empresas.infoempleo.com\/hrtrends\/empresas-espanolas-preven-la-contratacion-de-mas-personal-en-2023\/\"},\"author\":{\"name\":\"Javier F. Parra\",\"@id\":\"https:\/\/empresas.infoempleo.com\/hrtrends\/#\/schema\/person\/bfe2fef977b750c22ac6f7d254c75afe\"},\"headline\":\"Las empresas espa\u00f1olas prev\u00e9n la contrataci\u00f3n de m\u00e1s personal en 2023\",\"datePublished\":\"2023-01-17T05:30:48+00:00\",\"dateModified\":\"2023-03-13T17:37:39+00:00\",\"mainEntityOfPage\":{\"@id\":\"https:\/\/empresas.infoempleo.com\/hrtrends\/empresas-espanolas-preven-la-contratacion-de-mas-personal-en-2023\/\"},\"wordCount\":602,\"publisher\":{\"@id\":\"https:\/\/empresas.infoempleo.com\/hrtrends\/#organization\"},\"image\":{\"@id\":\"https:\/\/empresas.infoempleo.com\/hrtrends\/empresas-espanolas-preven-la-contratacion-de-mas-personal-en-2023\/#primaryimage\"},\"thumbnailUrl\":\"https:\/\/empresas.infoempleo.com\/hrtrends\/media\/2023\/01\/Empresa-que-preve-la-contratacion-de-mas-personal.jpg\",\"keywords\":[\"directivos\",\"mercado laboral\",\"reclutamiento\"],\"articleSection\":[\"Reclutamiento\"],\"inLanguage\":\"es\",\"copyrightYear\":\"2023\",\"copyrightHolder\":{\"@id\":\"https:\/\/empresas.infoempleo.com\/hrtrends\/#organization\"}},{\"@type\":\"WebPage\",\"@id\":\"https:\/\/empresas.infoempleo.com\/hrtrends\/empresas-espanolas-preven-la-contratacion-de-mas-personal-en-2023\/\",\"url\":\"https:\/\/empresas.infoempleo.com\/hrtrends\/empresas-espanolas-preven-la-contratacion-de-mas-personal-en-2023\/\",\"name\":\"Las empresas espa\u00f1olas prev\u00e9n la contrataci\u00f3n de m\u00e1s personal en 2023\",\"isPartOf\":{\"@id\":\"https:\/\/empresas.infoempleo.com\/hrtrends\/#website\"},\"primaryImageOfPage\":{\"@id\":\"https:\/\/empresas.infoempleo.com\/hrtrends\/empresas-espanolas-preven-la-contratacion-de-mas-personal-en-2023\/#primaryimage\"},\"image\":{\"@id\":\"https:\/\/empresas.infoempleo.com\/hrtrends\/empresas-espanolas-preven-la-contratacion-de-mas-personal-en-2023\/#primaryimage\"},\"thumbnailUrl\":\"https:\/\/empresas.infoempleo.com\/hrtrends\/media\/2023\/01\/Empresa-que-preve-la-contratacion-de-mas-personal.jpg\",\"datePublished\":\"2023-01-17T05:30:48+00:00\",\"dateModified\":\"2023-03-13T17:37:39+00:00\",\"description\":\"Las empresas espa\u00f1olas quieren volver a crecer. Para ello, prev\u00e9n contratar m\u00e1s personal en 2023 y nuevas estrategias de crecimiento\",\"breadcrumb\":{\"@id\":\"https:\/\/empresas.infoempleo.com\/hrtrends\/empresas-espanolas-preven-la-contratacion-de-mas-personal-en-2023\/#breadcrumb\"},\"inLanguage\":\"es\",\"potentialAction\":[{\"@type\":\"ReadAction\",\"target\":[\"https:\/\/empresas.infoempleo.com\/hrtrends\/empresas-espanolas-preven-la-contratacion-de-mas-personal-en-2023\/\"]}]},{\"@type\":\"ImageObject\",\"inLanguage\":\"es\",\"@id\":\"https:\/\/empresas.infoempleo.com\/hrtrends\/empresas-espanolas-preven-la-contratacion-de-mas-personal-en-2023\/#primaryimage\",\"url\":\"https:\/\/empresas.infoempleo.com\/hrtrends\/media\/2023\/01\/Empresa-que-preve-la-contratacion-de-mas-personal-150x150.jpg\",\"contentUrl\":\"https:\/\/empresas.infoempleo.com\/hrtrends\/media\/2023\/01\/Empresa-que-preve-la-contratacion-de-mas-personal-150x150.jpg\",\"width\":150,\"height\":150,\"caption\":\"Las empresas espa\u00f1olas prev\u00e9n contratar m\u00e1s personal en 2023\"},{\"@type\":\"BreadcrumbList\",\"@id\":\"https:\/\/empresas.infoempleo.com\/hrtrends\/empresas-espanolas-preven-la-contratacion-de-mas-personal-en-2023\/#breadcrumb\",\"itemListElement\":[{\"@type\":\"ListItem\",\"position\":1,\"name\":\"Portada\",\"item\":\"https:\/\/empresas.infoempleo.com\/hrtrends\/\"},{\"@type\":\"ListItem\",\"position\":2,\"name\":\"Las empresas espa\u00f1olas prev\u00e9n la contrataci\u00f3n de m\u00e1s personal en 2023\"}]},{\"@type\":\"WebSite\",\"@id\":\"https:\/\/empresas.infoempleo.com\/hrtrends\/#website\",\"url\":\"https:\/\/empresas.infoempleo.com\/hrtrends\",\"name\":\"HRTrends by Infoempleo\",\"description\":\"\",\"publisher\":{\"@id\":\"https:\/\/empresas.infoempleo.com\/hrtrends\/#organization\"},\"potentialAction\":{\"@type\":\"SearchAction\",\"target\":\"https:\/\/empresas.infoempleo.com\/hrtrends\/?s={search_term_string}\",\"query-input\":\"required name=search_term_string\"},\"inLanguage\":\"es\"},{\"@type\":\"Organization\",\"@id\":\"https:\/\/empresas.infoempleo.com\/hrtrends\/#organization\",\"name\":\"Infoempleo\",\"url\":\"https:\/\/www.infoempleo.com\/\",\"logo\":{\"@type\":\"ImageObject\",\"@id\":\"https:\/\/empresas.infoempleo.com\/hrtrends\/#logo\",\"inLanguage\":\"es\",\"url\":\"https:\/\/cdnazure.infoempleo.com\/infoempleo\/assets\/style\/gfx\/logo.svg\",\"contentUrl\":\"https:\/\/cdnazure.infoempleo.com\/infoempleo\/assets\/style\/gfx\/logo.svg\",\"width\":150,\"height\":40,\"caption\":\"Infoempleo\"},\"image\":{\"@id\":\"https:\/\/empresas.infoempleo.com\/hrtrends\/#logo\"},\"sameAs\":[\"https:\/\/www.facebook.com\/Infoempleo\",\"https:\/\/x.com\/infoempleo\",\"http:\/\/instagram.com\/infoempleo\/\",\"http:\/\/www.linkedin.com\/groups\/Empleo-Espa\u00f1a-Infoempleocom-111276\",\"http:\/\/pinterest.com\/infoempleo\/\"],\"address\":{\"@type\":\"PostalAddress\",\"addressLocality\":\"Madrid\",\"postalCode\":\"28050\",\"streetAddress\":\"Avenida de Burgos 114\"},\"brand\":[\"Infoempleo\"]},{\"@type\":\"Person\",\"@id\":\"https:\/\/empresas.infoempleo.com\/hrtrends\/#\/schema\/person\/bfe2fef977b750c22ac6f7d254c75afe\",\"name\":\"Javier F. Parra\",\"image\":{\"@type\":\"ImageObject\",\"inLanguage\":\"es\",\"@id\":\"https:\/\/empresas.infoempleo.com\/hrtrends\/#\/schema\/person\/image\/\",\"url\":\"https:\/\/secure.gravatar.com\/avatar\/cc7a816c43a98631bfc25486db802fb539f4c937146762f45a94d9b4d1ea0721?s=96&d=mm&r=g\",\"contentUrl\":\"https:\/\/secure.gravatar.com\/avatar\/cc7a816c43a98631bfc25486db802fb539f4c937146762f45a94d9b4d1ea0721?s=96&d=mm&r=g\",\"caption\":\"Javier F. Parra\"},\"description\":\"Licenciado en Pedagog\u00eda Sociolaboral. M\u00e1ster en Direcci\u00f3n y Gesti\u00f3n de Recursos Humanos y Postgrado en Prevenci\u00f3n de Riesgos Laborales. Desde hace m\u00e1s de 15 a\u00f1os me dedico a la formaci\u00f3n, la asesor\u00eda de empresas y al apoyo directo a personas que quieren emprender un negocio. Me interesan la pol\u00edtica, la literatura, la Historia y las personas, aunque no necesariamente en ese orden.\",\"url\":\"https:\/\/empresas.infoempleo.com\/hrtrends\/author\/javieryerro80gmail-com\/\"}]}<\/script>\n<!-- \/ Yoast SEO plugin. -->","yoast_head_json":{"title":"Las empresas espa\u00f1olas prev\u00e9n la contrataci\u00f3n de m\u00e1s personal en 2023","description":"Las empresas espa\u00f1olas quieren volver a crecer. Para ello, prev\u00e9n contratar m\u00e1s personal en 2023 y nuevas estrategias de crecimiento","robots":{"index":"index","follow":"follow","max-snippet":"max-snippet:-1","max-image-preview":"max-image-preview:large","max-video-preview":"max-video-preview:-1"},"canonical":"https:\/\/empresas.infoempleo.com\/hrtrends\/empresas-espanolas-preven-la-contratacion-de-mas-personal-en-2023\/","og_locale":"es_ES","og_type":"article","og_title":"Las empresas espa\u00f1olas prev\u00e9n la contrataci\u00f3n de m\u00e1s personal en 2023","og_description":"Las empresas espa\u00f1olas quieren volver a crecer. Para ello, prev\u00e9n contratar m\u00e1s personal en 2023 y nuevas estrategias de crecimiento","og_url":"https:\/\/empresas.infoempleo.com\/hrtrends\/empresas-espanolas-preven-la-contratacion-de-mas-personal-en-2023\/","og_site_name":"HRTRENDS","article_publisher":"https:\/\/www.facebook.com\/Infoempleo","article_published_time":"2023-01-17T05:30:48+00:00","article_modified_time":"2023-03-13T17:37:39+00:00","og_image":[{"width":881,"height":587,"url":"https:\/\/empresas.infoempleo.com\/hrtrends\/media\/2023\/01\/Empresa-que-preve-la-contratacion-de-mas-personal.jpg","type":"image\/jpeg"}],"author":"Javier F. Parra","twitter_card":"summary_large_image","twitter_creator":"@infoempleo","twitter_site":"@infoempleo","twitter_misc":{"Escrito por":"Javier F. Parra","Tiempo de lectura":"3 minutos"},"schema":{"@context":"https:\/\/schema.org","@graph":[{"@type":"NewsArticle","@id":"https:\/\/empresas.infoempleo.com\/hrtrends\/empresas-espanolas-preven-la-contratacion-de-mas-personal-en-2023\/#article","isPartOf":{"@id":"https:\/\/empresas.infoempleo.com\/hrtrends\/empresas-espanolas-preven-la-contratacion-de-mas-personal-en-2023\/"},"author":{"name":"Javier F. Parra","@id":"https:\/\/empresas.infoempleo.com\/hrtrends\/#\/schema\/person\/bfe2fef977b750c22ac6f7d254c75afe"},"headline":"Las empresas espa\u00f1olas prev\u00e9n la contrataci\u00f3n de m\u00e1s personal en 2023","datePublished":"2023-01-17T05:30:48+00:00","dateModified":"2023-03-13T17:37:39+00:00","mainEntityOfPage":{"@id":"https:\/\/empresas.infoempleo.com\/hrtrends\/empresas-espanolas-preven-la-contratacion-de-mas-personal-en-2023\/"},"wordCount":602,"publisher":{"@id":"https:\/\/empresas.infoempleo.com\/hrtrends\/#organization"},"image":{"@id":"https:\/\/empresas.infoempleo.com\/hrtrends\/empresas-espanolas-preven-la-contratacion-de-mas-personal-en-2023\/#primaryimage"},"thumbnailUrl":"https:\/\/empresas.infoempleo.com\/hrtrends\/media\/2023\/01\/Empresa-que-preve-la-contratacion-de-mas-personal.jpg","keywords":["directivos","mercado laboral","reclutamiento"],"articleSection":["Reclutamiento"],"inLanguage":"es","copyrightYear":"2023","copyrightHolder":{"@id":"https:\/\/empresas.infoempleo.com\/hrtrends\/#organization"}},{"@type":"WebPage","@id":"https:\/\/empresas.infoempleo.com\/hrtrends\/empresas-espanolas-preven-la-contratacion-de-mas-personal-en-2023\/","url":"https:\/\/empresas.infoempleo.com\/hrtrends\/empresas-espanolas-preven-la-contratacion-de-mas-personal-en-2023\/","name":"Las empresas espa\u00f1olas prev\u00e9n la contrataci\u00f3n de m\u00e1s personal en 2023","isPartOf":{"@id":"https:\/\/empresas.infoempleo.com\/hrtrends\/#website"},"primaryImageOfPage":{"@id":"https:\/\/empresas.infoempleo.com\/hrtrends\/empresas-espanolas-preven-la-contratacion-de-mas-personal-en-2023\/#primaryimage"},"image":{"@id":"https:\/\/empresas.infoempleo.com\/hrtrends\/empresas-espanolas-preven-la-contratacion-de-mas-personal-en-2023\/#primaryimage"},"thumbnailUrl":"https:\/\/empresas.infoempleo.com\/hrtrends\/media\/2023\/01\/Empresa-que-preve-la-contratacion-de-mas-personal.jpg","datePublished":"2023-01-17T05:30:48+00:00","dateModified":"2023-03-13T17:37:39+00:00","description":"Las empresas espa\u00f1olas quieren volver a crecer. Para ello, prev\u00e9n contratar m\u00e1s personal en 2023 y nuevas estrategias de crecimiento","breadcrumb":{"@id":"https:\/\/empresas.infoempleo.com\/hrtrends\/empresas-espanolas-preven-la-contratacion-de-mas-personal-en-2023\/#breadcrumb"},"inLanguage":"es","potentialAction":[{"@type":"ReadAction","target":["https:\/\/empresas.infoempleo.com\/hrtrends\/empresas-espanolas-preven-la-contratacion-de-mas-personal-en-2023\/"]}]},{"@type":"ImageObject","inLanguage":"es","@id":"https:\/\/empresas.infoempleo.com\/hrtrends\/empresas-espanolas-preven-la-contratacion-de-mas-personal-en-2023\/#primaryimage","url":"https:\/\/empresas.infoempleo.com\/hrtrends\/media\/2023\/01\/Empresa-que-preve-la-contratacion-de-mas-personal-150x150.jpg","contentUrl":"https:\/\/empresas.infoempleo.com\/hrtrends\/media\/2023\/01\/Empresa-que-preve-la-contratacion-de-mas-personal-150x150.jpg","width":150,"height":150,"caption":"Las empresas espa\u00f1olas prev\u00e9n contratar m\u00e1s personal en 2023"},{"@type":"BreadcrumbList","@id":"https:\/\/empresas.infoempleo.com\/hrtrends\/empresas-espanolas-preven-la-contratacion-de-mas-personal-en-2023\/#breadcrumb","itemListElement":[{"@type":"ListItem","position":1,"name":"Portada","item":"https:\/\/empresas.infoempleo.com\/hrtrends\/"},{"@type":"ListItem","position":2,"name":"Las empresas espa\u00f1olas prev\u00e9n la contrataci\u00f3n de m\u00e1s personal en 2023"}]},{"@type":"WebSite","@id":"https:\/\/empresas.infoempleo.com\/hrtrends\/#website","url":"https:\/\/empresas.infoempleo.com\/hrtrends","name":"HRTrends by Infoempleo","description":"","publisher":{"@id":"https:\/\/empresas.infoempleo.com\/hrtrends\/#organization"},"potentialAction":{"@type":"SearchAction","target":"https:\/\/empresas.infoempleo.com\/hrtrends\/?s={search_term_string}","query-input":"required name=search_term_string"},"inLanguage":"es"},{"@type":"Organization","@id":"https:\/\/empresas.infoempleo.com\/hrtrends\/#organization","name":"Infoempleo","url":"https:\/\/www.infoempleo.com\/","logo":{"@type":"ImageObject","@id":"https:\/\/empresas.infoempleo.com\/hrtrends\/#logo","inLanguage":"es","url":"https:\/\/cdnazure.infoempleo.com\/infoempleo\/assets\/style\/gfx\/logo.svg","contentUrl":"https:\/\/cdnazure.infoempleo.com\/infoempleo\/assets\/style\/gfx\/logo.svg","width":150,"height":40,"caption":"Infoempleo"},"image":{"@id":"https:\/\/empresas.infoempleo.com\/hrtrends\/#logo"},"sameAs":["https:\/\/www.facebook.com\/Infoempleo","https:\/\/x.com\/infoempleo","http:\/\/instagram.com\/infoempleo\/","http:\/\/www.linkedin.com\/groups\/Empleo-Espa\u00f1a-Infoempleocom-111276","http:\/\/pinterest.com\/infoempleo\/"],"address":{"@type":"PostalAddress","addressLocality":"Madrid","postalCode":"28050","streetAddress":"Avenida de Burgos 114"},"brand":["Infoempleo"]},{"@type":"Person","@id":"https:\/\/empresas.infoempleo.com\/hrtrends\/#\/schema\/person\/bfe2fef977b750c22ac6f7d254c75afe","name":"Javier F. Parra","image":{"@type":"ImageObject","inLanguage":"es","@id":"https:\/\/empresas.infoempleo.com\/hrtrends\/#\/schema\/person\/image\/","url":"https:\/\/secure.gravatar.com\/avatar\/cc7a816c43a98631bfc25486db802fb539f4c937146762f45a94d9b4d1ea0721?s=96&d=mm&r=g","contentUrl":"https:\/\/secure.gravatar.com\/avatar\/cc7a816c43a98631bfc25486db802fb539f4c937146762f45a94d9b4d1ea0721?s=96&d=mm&r=g","caption":"Javier F. Parra"},"description":"Licenciado en Pedagog\u00eda Sociolaboral. M\u00e1ster en Direcci\u00f3n y Gesti\u00f3n de Recursos Humanos y Postgrado en Prevenci\u00f3n de Riesgos Laborales. Desde hace m\u00e1s de 15 a\u00f1os me dedico a la formaci\u00f3n, la asesor\u00eda de empresas y al apoyo directo a personas que quieren emprender un negocio. Me interesan la pol\u00edtica, la literatura, la Historia y las personas, aunque no necesariamente en ese orden.","url":"https:\/\/empresas.infoempleo.com\/hrtrends\/author\/javieryerro80gmail-com\/"}]}},"amp_enabled":true,"_links":{"self":[{"href":"https:\/\/empresas.infoempleo.com\/hrtrends\/wp-json\/wp\/v2\/posts\/41923","targetHints":{"allow":["GET"]}}],"collection":[{"href":"https:\/\/empresas.infoempleo.com\/hrtrends\/wp-json\/wp\/v2\/posts"}],"about":[{"href":"https:\/\/empresas.infoempleo.com\/hrtrends\/wp-json\/wp\/v2\/types\/post"}],"author":[{"embeddable":true,"href":"https:\/\/empresas.infoempleo.com\/hrtrends\/wp-json\/wp\/v2\/users\/142"}],"replies":[{"embeddable":true,"href":"https:\/\/empresas.infoempleo.com\/hrtrends\/wp-json\/wp\/v2\/comments?post=41923"}],"version-history":[{"count":5,"href":"https:\/\/empresas.infoempleo.com\/hrtrends\/wp-json\/wp\/v2\/posts\/41923\/revisions"}],"predecessor-version":[{"id":43499,"href":"https:\/\/empresas.infoempleo.com\/hrtrends\/wp-json\/wp\/v2\/posts\/41923\/revisions\/43499"}],"wp:featuredmedia":[{"embeddable":true,"href":"https:\/\/empresas.infoempleo.com\/hrtrends\/wp-json\/wp\/v2\/media\/41947"}],"wp:attachment":[{"href":"https:\/\/empresas.infoempleo.com\/hrtrends\/wp-json\/wp\/v2\/media?parent=41923"}],"wp:term":[{"taxonomy":"category","embeddable":true,"href":"https:\/\/empresas.infoempleo.com\/hrtrends\/wp-json\/wp\/v2\/categories?post=41923"},{"taxonomy":"post_tag","embeddable":true,"href":"https:\/\/empresas.infoempleo.com\/hrtrends\/wp-json\/wp\/v2\/tags?post=41923"}],"curies":[{"name":"wp","href":"https:\/\/api.w.org\/{rel}","templated":true}]}}