{"id":41840,"date":"2022-12-27T17:30:41","date_gmt":"2022-12-27T15:30:41","guid":{"rendered":"https:\/\/empresas.infoempleo.com\/hrtrends\/?p=41840"},"modified":"2023-03-13T19:37:38","modified_gmt":"2023-03-13T17:37:38","slug":"congelacion-salarial-como-reducir-las-consecuencias-en-la-plantilla","status":"publish","type":"post","link":"https:\/\/empresas.infoempleo.com\/hrtrends\/congelacion-salarial-como-reducir-las-consecuencias-en-la-plantilla\/","title":{"rendered":"Congelaci\u00f3n salarial: c\u00f3mo reducir las consecuencias en la plantilla"},"content":{"rendered":"<p>Con la llegada de la<strong> pandemia<\/strong>, muchas empresas pusieron en marcha<strong> pol\u00edticas de congelaci\u00f3n salarial.<\/strong> Estas decisiones tuvieron <strong>efectos <\/strong>beneficiosos en sus cuentas de resultados, al amortiguar parcialmente el<strong> impacto negativo del COVID-19 <\/strong>en los mercados. Sin embargo, m\u00e1s de dos a\u00f1os despu\u00e9s, la situaci\u00f3n econ\u00f3mica contin\u00faa siendo muy negativa. Por ello, las empresas buscan formas de conjugar algunas de estas beneficiosas <strong>pol\u00edticas econ\u00f3micas <\/strong>con lo<strong>s derechos<\/strong> y necesidades de sus<strong> trabajadores.<\/strong><\/p>\n<h2>Qu\u00e9 opciones tiene una empresa para aplicar una congelaci\u00f3n salarial<\/h2>\n<p>Suelen ser los <a href=\"https:\/\/empresas.infoempleo.com\/hrtrends\/que-convenio-colectivo-se-aplica-en-tu-empresa\" target=\"_blank\" rel=\"noopener\"><strong>convenios colectivos<\/strong><\/a>\u00a0los que establecen los<strong> procedimientos para adoptar estas medidas<\/strong>. Actualmente, en la mayor\u00eda de los convenios existe lo que se conoce como el <strong>descuelgue salarial<\/strong><em>. <\/em><\/p>\n<p>La cl\u00e1usula de descuelgue salarial es un<strong> mecanismo<\/strong> que permite a la empresa no aplicar las condiciones establecidas en el convenio en lo que se refiere a la <strong>revisi\u00f3n salarial<\/strong> o a otros acuerdos adoptados. Para implantar esta medida, deben concurrir<strong> causas econ\u00f3micas, t\u00e9cnicas, organizativas o de producci\u00f3n <\/strong>que impidan a la compa\u00f1\u00eda cumplir con lo estipulado en el convenio de referencia. Generalmente, para poner en marcha la medida se debe establecer un<strong> per\u00edodo de consultas previas<\/strong>, tal y como establece el art\u00edculo 41 del Estatuto de los Trabajadores.<\/p>\n<p>No obstante, existen algunas <strong>situaciones espec\u00edficas<\/strong> en las que la empresa podr\u00eda congelar los salarios y sobre las que ya existe cierta<strong> jurisprudencia<\/strong>. Una de ellas es cuando el convenio colectivo se encuentra en <strong>situaci\u00f3n de ultraactividad<\/strong>, al no haber existido un acuerdo para su renovaci\u00f3n, lo que provoca que este se prorrogue autom\u00e1ticamente. De igual forma, podr\u00eda darse esta congelaci\u00f3n en aquellos casos en los que el dato del<strong> IPC<\/strong> sobre el que se actualizan salarios seg\u00fan el convenio, fuera <strong>negativo.<\/strong><\/p>\n<h2>C\u00f3mo contrarrestar las consecuencias negativas de la congelaci\u00f3n salarial<\/h2>\n<p>Aplicar una medida de <strong>congelaci\u00f3n salarial<\/strong> puede provocar, no obstante, <strong>situaciones problem\u00e1ticas<\/strong> en la plantilla. Estas medidas pueden afectar directamente al<strong> clima laboral,<\/strong> as\u00ed como a la<strong> motivaci\u00f3n<\/strong> y la <strong>productividad <\/strong>de los trabajadores. Igualmente, este hecho puede incrementar considerablemente los <strong>niveles de rotaci\u00f3n<\/strong> y provocar una indeseable <strong>fuga de talento<\/strong> de la empresa.<\/p>\n<p>La empresa debe intentar atajar estas situaciones. Para ello, puede poner en marcha <strong>acciones espec\u00edficas que contrarresten<\/strong> o reduzcan las consecuencias que una congelaci\u00f3n salarial pueda llegar a provocar. Algunas de las m\u00e1s interesantes podr\u00edan ser las siguientes:<\/p>\n<ul>\n<li><strong>Mayor flexibilidad horaria:<\/strong> estableciendo, por ejemplo, diferentes franjas para la entrada y la salida del trabajo. Una medida encaminada a paliar esa p\u00e9rdida de poder adquisitivo concediendo ciertas ventajas para la conciliaci\u00f3n familiar.<\/li>\n<li><strong>Teletrabajo:<\/strong> tras la pandemia, el <a href=\"https:\/\/empresas.infoempleo.com\/hrtrends\/teletrabajar-una-vez-a-la-semana-ventajas-para-la-empresa\" target=\"_blank\" rel=\"noopener\">teletrabajo<\/a> se constituy\u00f3 con una nueva realidad en las empresas. Bien organizado, es una estrategia muy positiva para la retenci\u00f3n del talento, el aumento de la productividad o la mejora del clima organizacional.<\/li>\n<li><strong>Compensaci\u00f3n con d\u00edas de libranza o de vacaciones:<\/strong> en la misma l\u00ednea, la empresa puede llegar a un acuerdo con sus trabajadores para ampliar el n\u00famero de d\u00edas de vacaciones o bien compensar esta merma econ\u00f3mica con per\u00edodos de libranza a la semana.<\/li>\n<li><strong>M\u00e1s formaci\u00f3n profesional para el empleo:<\/strong> aumentar la capacitaci\u00f3n de los empleados es sin\u00f3nimo de inversi\u00f3n y de posibilidades laborales. Utilizar las bonificaciones de la seguridad social destinadas a la formaci\u00f3n impedir\u00e1 que la empresa incurra en costes extraordinarios.<\/li>\n<\/ul>\n<h2>Y adem\u00e1s\u2026<\/h2>\n<p>Por supuesto, ser\u00e1 imprescindible establecer una<strong> estrategia de comunicaci\u00f3n <\/strong>transparente, honesta y directa con los empleados tanto de forma colectiva como a nivel individual. Trasladar las decisiones a la plantilla en tiempo real, <strong>empatizar con el esfuerzo de los trabajadores<\/strong>, implicar a los responsables de equipo y conseguir hacer pedagog\u00eda de<strong> necesidades compartidas<\/strong> ser\u00e1 un elemento imprescindible para contrarrestar las l\u00f3gicas resistencias a este tipo de medidas.<\/p>\n","protected":false},"excerpt":{"rendered":"<p>Con la llegada de la pandemia, muchas empresas pusieron en marcha pol\u00edticas de congelaci\u00f3n salarial. Estas decisiones tuvieron<a class=\"moretag\" href=\"https:\/\/empresas.infoempleo.com\/hrtrends\/congelacion-salarial-como-reducir-las-consecuencias-en-la-plantilla\/\"> Leer m\u00e1s<\/a><\/p>\n","protected":false},"author":142,"featured_media":41842,"comment_status":"closed","ping_status":"closed","sticky":false,"template":"","format":"standard","meta":{"footnotes":""},"categories":[3035],"tags":[3573,169,741],"class_list":["post-41840","post","type-post","status-publish","format-standard","has-post-thumbnail","hentry","category-consejos","tag-congelacion-salarial","tag-mercado-laboral","tag-sueldos"],"yoast_head":"<!-- This site is optimized with the Yoast SEO plugin v26.1.1 - https:\/\/yoast.com\/wordpress\/plugins\/seo\/ -->\n<title>Congelaci\u00f3n salarial: c\u00f3mo reducir las consecuencias en la plantilla<\/title>\n<meta name=\"description\" content=\"Congelaci\u00f3n salarial: c\u00f3mo conjugar estas pol\u00edticas econ\u00f3micas con los derechos y necesidades de los trabajadores.\" \/>\n<meta name=\"robots\" content=\"index, follow, max-snippet:-1, max-image-preview:large, max-video-preview:-1\" \/>\n<link rel=\"canonical\" href=\"https:\/\/empresas.infoempleo.com\/hrtrends\/congelacion-salarial-como-reducir-las-consecuencias-en-la-plantilla\/\" \/>\n<meta property=\"og:locale\" content=\"es_ES\" \/>\n<meta property=\"og:type\" content=\"article\" \/>\n<meta property=\"og:title\" content=\"Congelaci\u00f3n salarial: c\u00f3mo reducir las consecuencias en la plantilla\" \/>\n<meta property=\"og:description\" content=\"Congelaci\u00f3n salarial: c\u00f3mo conjugar estas pol\u00edticas econ\u00f3micas con los derechos y necesidades de los trabajadores.\" \/>\n<meta property=\"og:url\" content=\"https:\/\/empresas.infoempleo.com\/hrtrends\/congelacion-salarial-como-reducir-las-consecuencias-en-la-plantilla\/\" \/>\n<meta property=\"og:site_name\" content=\"HRTRENDS\" \/>\n<meta property=\"article:publisher\" content=\"https:\/\/www.facebook.com\/Infoempleo\" \/>\n<meta property=\"article:published_time\" content=\"2022-12-27T15:30:41+00:00\" \/>\n<meta property=\"article:modified_time\" content=\"2023-03-13T17:37:38+00:00\" \/>\n<meta property=\"og:image\" content=\"https:\/\/empresas.infoempleo.com\/hrtrends\/media\/2022\/12\/RRHH-tratando-de-afrontar-la-congelacion-salarial.jpg\" \/>\n\t<meta property=\"og:image:width\" content=\"881\" \/>\n\t<meta property=\"og:image:height\" content=\"587\" \/>\n\t<meta property=\"og:image:type\" content=\"image\/jpeg\" \/>\n<meta name=\"author\" content=\"Javier F. Parra\" \/>\n<meta name=\"twitter:card\" content=\"summary_large_image\" \/>\n<meta name=\"twitter:creator\" content=\"@infoempleo\" \/>\n<meta name=\"twitter:site\" content=\"@infoempleo\" \/>\n<meta name=\"twitter:label1\" content=\"Escrito por\" \/>\n\t<meta name=\"twitter:data1\" content=\"Javier F. Parra\" \/>\n\t<meta name=\"twitter:label2\" content=\"Tiempo de lectura\" \/>\n\t<meta name=\"twitter:data2\" content=\"3 minutos\" \/>\n<script type=\"application\/ld+json\" class=\"yoast-schema-graph\">{\"@context\":\"https:\/\/schema.org\",\"@graph\":[{\"@type\":\"NewsArticle\",\"@id\":\"https:\/\/empresas.infoempleo.com\/hrtrends\/congelacion-salarial-como-reducir-las-consecuencias-en-la-plantilla\/#article\",\"isPartOf\":{\"@id\":\"https:\/\/empresas.infoempleo.com\/hrtrends\/congelacion-salarial-como-reducir-las-consecuencias-en-la-plantilla\/\"},\"author\":{\"name\":\"Javier F. Parra\",\"@id\":\"https:\/\/empresas.infoempleo.com\/hrtrends\/#\/schema\/person\/bfe2fef977b750c22ac6f7d254c75afe\"},\"headline\":\"Congelaci\u00f3n salarial: c\u00f3mo reducir las consecuencias en la plantilla\",\"datePublished\":\"2022-12-27T15:30:41+00:00\",\"dateModified\":\"2023-03-13T17:37:38+00:00\",\"mainEntityOfPage\":{\"@id\":\"https:\/\/empresas.infoempleo.com\/hrtrends\/congelacion-salarial-como-reducir-las-consecuencias-en-la-plantilla\/\"},\"wordCount\":674,\"publisher\":{\"@id\":\"https:\/\/empresas.infoempleo.com\/hrtrends\/#organization\"},\"image\":{\"@id\":\"https:\/\/empresas.infoempleo.com\/hrtrends\/congelacion-salarial-como-reducir-las-consecuencias-en-la-plantilla\/#primaryimage\"},\"thumbnailUrl\":\"https:\/\/empresas.infoempleo.com\/hrtrends\/media\/2022\/12\/RRHH-tratando-de-afrontar-la-congelacion-salarial.jpg\",\"keywords\":[\"congelaci\u00f3n salarial\",\"mercado laboral\",\"sueldos\"],\"articleSection\":[\"Consejos\"],\"inLanguage\":\"es\",\"copyrightYear\":\"2022\",\"copyrightHolder\":{\"@id\":\"https:\/\/empresas.infoempleo.com\/hrtrends\/#organization\"}},{\"@type\":\"WebPage\",\"@id\":\"https:\/\/empresas.infoempleo.com\/hrtrends\/congelacion-salarial-como-reducir-las-consecuencias-en-la-plantilla\/\",\"url\":\"https:\/\/empresas.infoempleo.com\/hrtrends\/congelacion-salarial-como-reducir-las-consecuencias-en-la-plantilla\/\",\"name\":\"Congelaci\u00f3n salarial: c\u00f3mo reducir las consecuencias en la plantilla\",\"isPartOf\":{\"@id\":\"https:\/\/empresas.infoempleo.com\/hrtrends\/#website\"},\"primaryImageOfPage\":{\"@id\":\"https:\/\/empresas.infoempleo.com\/hrtrends\/congelacion-salarial-como-reducir-las-consecuencias-en-la-plantilla\/#primaryimage\"},\"image\":{\"@id\":\"https:\/\/empresas.infoempleo.com\/hrtrends\/congelacion-salarial-como-reducir-las-consecuencias-en-la-plantilla\/#primaryimage\"},\"thumbnailUrl\":\"https:\/\/empresas.infoempleo.com\/hrtrends\/media\/2022\/12\/RRHH-tratando-de-afrontar-la-congelacion-salarial.jpg\",\"datePublished\":\"2022-12-27T15:30:41+00:00\",\"dateModified\":\"2023-03-13T17:37:38+00:00\",\"description\":\"Congelaci\u00f3n salarial: c\u00f3mo conjugar estas pol\u00edticas econ\u00f3micas con los derechos y necesidades de los trabajadores.\",\"breadcrumb\":{\"@id\":\"https:\/\/empresas.infoempleo.com\/hrtrends\/congelacion-salarial-como-reducir-las-consecuencias-en-la-plantilla\/#breadcrumb\"},\"inLanguage\":\"es\",\"potentialAction\":[{\"@type\":\"ReadAction\",\"target\":[\"https:\/\/empresas.infoempleo.com\/hrtrends\/congelacion-salarial-como-reducir-las-consecuencias-en-la-plantilla\/\"]}]},{\"@type\":\"ImageObject\",\"inLanguage\":\"es\",\"@id\":\"https:\/\/empresas.infoempleo.com\/hrtrends\/congelacion-salarial-como-reducir-las-consecuencias-en-la-plantilla\/#primaryimage\",\"url\":\"https:\/\/empresas.infoempleo.com\/hrtrends\/media\/2022\/12\/RRHH-tratando-de-afrontar-la-congelacion-salarial-150x150.jpg\",\"contentUrl\":\"https:\/\/empresas.infoempleo.com\/hrtrends\/media\/2022\/12\/RRHH-tratando-de-afrontar-la-congelacion-salarial-150x150.jpg\",\"width\":150,\"height\":150,\"caption\":\"RRHH tratando de afrontar la congelaci\u00f3n salarial\"},{\"@type\":\"BreadcrumbList\",\"@id\":\"https:\/\/empresas.infoempleo.com\/hrtrends\/congelacion-salarial-como-reducir-las-consecuencias-en-la-plantilla\/#breadcrumb\",\"itemListElement\":[{\"@type\":\"ListItem\",\"position\":1,\"name\":\"Portada\",\"item\":\"https:\/\/empresas.infoempleo.com\/hrtrends\/\"},{\"@type\":\"ListItem\",\"position\":2,\"name\":\"Congelaci\u00f3n salarial: c\u00f3mo reducir las consecuencias en la plantilla\"}]},{\"@type\":\"WebSite\",\"@id\":\"https:\/\/empresas.infoempleo.com\/hrtrends\/#website\",\"url\":\"https:\/\/empresas.infoempleo.com\/hrtrends\",\"name\":\"HRTrends by Infoempleo\",\"description\":\"\",\"publisher\":{\"@id\":\"https:\/\/empresas.infoempleo.com\/hrtrends\/#organization\"},\"potentialAction\":{\"@type\":\"SearchAction\",\"target\":\"https:\/\/empresas.infoempleo.com\/hrtrends\/?s={search_term_string}\",\"query-input\":\"required name=search_term_string\"},\"inLanguage\":\"es\"},{\"@type\":\"Organization\",\"@id\":\"https:\/\/empresas.infoempleo.com\/hrtrends\/#organization\",\"name\":\"Infoempleo\",\"url\":\"https:\/\/www.infoempleo.com\/\",\"logo\":{\"@type\":\"ImageObject\",\"@id\":\"https:\/\/empresas.infoempleo.com\/hrtrends\/#logo\",\"inLanguage\":\"es\",\"url\":\"https:\/\/cdnazure.infoempleo.com\/infoempleo\/assets\/style\/gfx\/logo.svg\",\"contentUrl\":\"https:\/\/cdnazure.infoempleo.com\/infoempleo\/assets\/style\/gfx\/logo.svg\",\"width\":150,\"height\":40,\"caption\":\"Infoempleo\"},\"image\":{\"@id\":\"https:\/\/empresas.infoempleo.com\/hrtrends\/#logo\"},\"sameAs\":[\"https:\/\/www.facebook.com\/Infoempleo\",\"https:\/\/x.com\/infoempleo\",\"http:\/\/instagram.com\/infoempleo\/\",\"http:\/\/www.linkedin.com\/groups\/Empleo-Espa\u00f1a-Infoempleocom-111276\",\"http:\/\/pinterest.com\/infoempleo\/\"],\"address\":{\"@type\":\"PostalAddress\",\"addressLocality\":\"Madrid\",\"postalCode\":\"28050\",\"streetAddress\":\"Avenida de Burgos 114\"},\"brand\":[\"Infoempleo\"]},{\"@type\":\"Person\",\"@id\":\"https:\/\/empresas.infoempleo.com\/hrtrends\/#\/schema\/person\/bfe2fef977b750c22ac6f7d254c75afe\",\"name\":\"Javier F. Parra\",\"image\":{\"@type\":\"ImageObject\",\"inLanguage\":\"es\",\"@id\":\"https:\/\/empresas.infoempleo.com\/hrtrends\/#\/schema\/person\/image\/\",\"url\":\"https:\/\/secure.gravatar.com\/avatar\/cc7a816c43a98631bfc25486db802fb539f4c937146762f45a94d9b4d1ea0721?s=96&d=mm&r=g\",\"contentUrl\":\"https:\/\/secure.gravatar.com\/avatar\/cc7a816c43a98631bfc25486db802fb539f4c937146762f45a94d9b4d1ea0721?s=96&d=mm&r=g\",\"caption\":\"Javier F. Parra\"},\"description\":\"Licenciado en Pedagog\u00eda Sociolaboral. M\u00e1ster en Direcci\u00f3n y Gesti\u00f3n de Recursos Humanos y Postgrado en Prevenci\u00f3n de Riesgos Laborales. Desde hace m\u00e1s de 15 a\u00f1os me dedico a la formaci\u00f3n, la asesor\u00eda de empresas y al apoyo directo a personas que quieren emprender un negocio. Me interesan la pol\u00edtica, la literatura, la Historia y las personas, aunque no necesariamente en ese orden.\",\"url\":\"https:\/\/empresas.infoempleo.com\/hrtrends\/author\/javieryerro80gmail-com\/\"}]}<\/script>\n<!-- \/ Yoast SEO plugin. -->","yoast_head_json":{"title":"Congelaci\u00f3n salarial: c\u00f3mo reducir las consecuencias en la plantilla","description":"Congelaci\u00f3n salarial: c\u00f3mo conjugar estas pol\u00edticas econ\u00f3micas con los derechos y necesidades de los trabajadores.","robots":{"index":"index","follow":"follow","max-snippet":"max-snippet:-1","max-image-preview":"max-image-preview:large","max-video-preview":"max-video-preview:-1"},"canonical":"https:\/\/empresas.infoempleo.com\/hrtrends\/congelacion-salarial-como-reducir-las-consecuencias-en-la-plantilla\/","og_locale":"es_ES","og_type":"article","og_title":"Congelaci\u00f3n salarial: c\u00f3mo reducir las consecuencias en la plantilla","og_description":"Congelaci\u00f3n salarial: c\u00f3mo conjugar estas pol\u00edticas econ\u00f3micas con los derechos y necesidades de los trabajadores.","og_url":"https:\/\/empresas.infoempleo.com\/hrtrends\/congelacion-salarial-como-reducir-las-consecuencias-en-la-plantilla\/","og_site_name":"HRTRENDS","article_publisher":"https:\/\/www.facebook.com\/Infoempleo","article_published_time":"2022-12-27T15:30:41+00:00","article_modified_time":"2023-03-13T17:37:38+00:00","og_image":[{"width":881,"height":587,"url":"https:\/\/empresas.infoempleo.com\/hrtrends\/media\/2022\/12\/RRHH-tratando-de-afrontar-la-congelacion-salarial.jpg","type":"image\/jpeg"}],"author":"Javier F. Parra","twitter_card":"summary_large_image","twitter_creator":"@infoempleo","twitter_site":"@infoempleo","twitter_misc":{"Escrito por":"Javier F. Parra","Tiempo de lectura":"3 minutos"},"schema":{"@context":"https:\/\/schema.org","@graph":[{"@type":"NewsArticle","@id":"https:\/\/empresas.infoempleo.com\/hrtrends\/congelacion-salarial-como-reducir-las-consecuencias-en-la-plantilla\/#article","isPartOf":{"@id":"https:\/\/empresas.infoempleo.com\/hrtrends\/congelacion-salarial-como-reducir-las-consecuencias-en-la-plantilla\/"},"author":{"name":"Javier F. Parra","@id":"https:\/\/empresas.infoempleo.com\/hrtrends\/#\/schema\/person\/bfe2fef977b750c22ac6f7d254c75afe"},"headline":"Congelaci\u00f3n salarial: c\u00f3mo reducir las consecuencias en la plantilla","datePublished":"2022-12-27T15:30:41+00:00","dateModified":"2023-03-13T17:37:38+00:00","mainEntityOfPage":{"@id":"https:\/\/empresas.infoempleo.com\/hrtrends\/congelacion-salarial-como-reducir-las-consecuencias-en-la-plantilla\/"},"wordCount":674,"publisher":{"@id":"https:\/\/empresas.infoempleo.com\/hrtrends\/#organization"},"image":{"@id":"https:\/\/empresas.infoempleo.com\/hrtrends\/congelacion-salarial-como-reducir-las-consecuencias-en-la-plantilla\/#primaryimage"},"thumbnailUrl":"https:\/\/empresas.infoempleo.com\/hrtrends\/media\/2022\/12\/RRHH-tratando-de-afrontar-la-congelacion-salarial.jpg","keywords":["congelaci\u00f3n salarial","mercado laboral","sueldos"],"articleSection":["Consejos"],"inLanguage":"es","copyrightYear":"2022","copyrightHolder":{"@id":"https:\/\/empresas.infoempleo.com\/hrtrends\/#organization"}},{"@type":"WebPage","@id":"https:\/\/empresas.infoempleo.com\/hrtrends\/congelacion-salarial-como-reducir-las-consecuencias-en-la-plantilla\/","url":"https:\/\/empresas.infoempleo.com\/hrtrends\/congelacion-salarial-como-reducir-las-consecuencias-en-la-plantilla\/","name":"Congelaci\u00f3n salarial: c\u00f3mo reducir las consecuencias en la plantilla","isPartOf":{"@id":"https:\/\/empresas.infoempleo.com\/hrtrends\/#website"},"primaryImageOfPage":{"@id":"https:\/\/empresas.infoempleo.com\/hrtrends\/congelacion-salarial-como-reducir-las-consecuencias-en-la-plantilla\/#primaryimage"},"image":{"@id":"https:\/\/empresas.infoempleo.com\/hrtrends\/congelacion-salarial-como-reducir-las-consecuencias-en-la-plantilla\/#primaryimage"},"thumbnailUrl":"https:\/\/empresas.infoempleo.com\/hrtrends\/media\/2022\/12\/RRHH-tratando-de-afrontar-la-congelacion-salarial.jpg","datePublished":"2022-12-27T15:30:41+00:00","dateModified":"2023-03-13T17:37:38+00:00","description":"Congelaci\u00f3n salarial: c\u00f3mo conjugar estas pol\u00edticas econ\u00f3micas con los derechos y necesidades de los trabajadores.","breadcrumb":{"@id":"https:\/\/empresas.infoempleo.com\/hrtrends\/congelacion-salarial-como-reducir-las-consecuencias-en-la-plantilla\/#breadcrumb"},"inLanguage":"es","potentialAction":[{"@type":"ReadAction","target":["https:\/\/empresas.infoempleo.com\/hrtrends\/congelacion-salarial-como-reducir-las-consecuencias-en-la-plantilla\/"]}]},{"@type":"ImageObject","inLanguage":"es","@id":"https:\/\/empresas.infoempleo.com\/hrtrends\/congelacion-salarial-como-reducir-las-consecuencias-en-la-plantilla\/#primaryimage","url":"https:\/\/empresas.infoempleo.com\/hrtrends\/media\/2022\/12\/RRHH-tratando-de-afrontar-la-congelacion-salarial-150x150.jpg","contentUrl":"https:\/\/empresas.infoempleo.com\/hrtrends\/media\/2022\/12\/RRHH-tratando-de-afrontar-la-congelacion-salarial-150x150.jpg","width":150,"height":150,"caption":"RRHH tratando de afrontar la congelaci\u00f3n salarial"},{"@type":"BreadcrumbList","@id":"https:\/\/empresas.infoempleo.com\/hrtrends\/congelacion-salarial-como-reducir-las-consecuencias-en-la-plantilla\/#breadcrumb","itemListElement":[{"@type":"ListItem","position":1,"name":"Portada","item":"https:\/\/empresas.infoempleo.com\/hrtrends\/"},{"@type":"ListItem","position":2,"name":"Congelaci\u00f3n salarial: c\u00f3mo reducir las consecuencias en la plantilla"}]},{"@type":"WebSite","@id":"https:\/\/empresas.infoempleo.com\/hrtrends\/#website","url":"https:\/\/empresas.infoempleo.com\/hrtrends","name":"HRTrends by Infoempleo","description":"","publisher":{"@id":"https:\/\/empresas.infoempleo.com\/hrtrends\/#organization"},"potentialAction":{"@type":"SearchAction","target":"https:\/\/empresas.infoempleo.com\/hrtrends\/?s={search_term_string}","query-input":"required name=search_term_string"},"inLanguage":"es"},{"@type":"Organization","@id":"https:\/\/empresas.infoempleo.com\/hrtrends\/#organization","name":"Infoempleo","url":"https:\/\/www.infoempleo.com\/","logo":{"@type":"ImageObject","@id":"https:\/\/empresas.infoempleo.com\/hrtrends\/#logo","inLanguage":"es","url":"https:\/\/cdnazure.infoempleo.com\/infoempleo\/assets\/style\/gfx\/logo.svg","contentUrl":"https:\/\/cdnazure.infoempleo.com\/infoempleo\/assets\/style\/gfx\/logo.svg","width":150,"height":40,"caption":"Infoempleo"},"image":{"@id":"https:\/\/empresas.infoempleo.com\/hrtrends\/#logo"},"sameAs":["https:\/\/www.facebook.com\/Infoempleo","https:\/\/x.com\/infoempleo","http:\/\/instagram.com\/infoempleo\/","http:\/\/www.linkedin.com\/groups\/Empleo-Espa\u00f1a-Infoempleocom-111276","http:\/\/pinterest.com\/infoempleo\/"],"address":{"@type":"PostalAddress","addressLocality":"Madrid","postalCode":"28050","streetAddress":"Avenida de Burgos 114"},"brand":["Infoempleo"]},{"@type":"Person","@id":"https:\/\/empresas.infoempleo.com\/hrtrends\/#\/schema\/person\/bfe2fef977b750c22ac6f7d254c75afe","name":"Javier F. Parra","image":{"@type":"ImageObject","inLanguage":"es","@id":"https:\/\/empresas.infoempleo.com\/hrtrends\/#\/schema\/person\/image\/","url":"https:\/\/secure.gravatar.com\/avatar\/cc7a816c43a98631bfc25486db802fb539f4c937146762f45a94d9b4d1ea0721?s=96&d=mm&r=g","contentUrl":"https:\/\/secure.gravatar.com\/avatar\/cc7a816c43a98631bfc25486db802fb539f4c937146762f45a94d9b4d1ea0721?s=96&d=mm&r=g","caption":"Javier F. Parra"},"description":"Licenciado en Pedagog\u00eda Sociolaboral. M\u00e1ster en Direcci\u00f3n y Gesti\u00f3n de Recursos Humanos y Postgrado en Prevenci\u00f3n de Riesgos Laborales. Desde hace m\u00e1s de 15 a\u00f1os me dedico a la formaci\u00f3n, la asesor\u00eda de empresas y al apoyo directo a personas que quieren emprender un negocio. Me interesan la pol\u00edtica, la literatura, la Historia y las personas, aunque no necesariamente en ese orden.","url":"https:\/\/empresas.infoempleo.com\/hrtrends\/author\/javieryerro80gmail-com\/"}]}},"amp_enabled":true,"_links":{"self":[{"href":"https:\/\/empresas.infoempleo.com\/hrtrends\/wp-json\/wp\/v2\/posts\/41840","targetHints":{"allow":["GET"]}}],"collection":[{"href":"https:\/\/empresas.infoempleo.com\/hrtrends\/wp-json\/wp\/v2\/posts"}],"about":[{"href":"https:\/\/empresas.infoempleo.com\/hrtrends\/wp-json\/wp\/v2\/types\/post"}],"author":[{"embeddable":true,"href":"https:\/\/empresas.infoempleo.com\/hrtrends\/wp-json\/wp\/v2\/users\/142"}],"replies":[{"embeddable":true,"href":"https:\/\/empresas.infoempleo.com\/hrtrends\/wp-json\/wp\/v2\/comments?post=41840"}],"version-history":[{"count":4,"href":"https:\/\/empresas.infoempleo.com\/hrtrends\/wp-json\/wp\/v2\/posts\/41840\/revisions"}],"predecessor-version":[{"id":43490,"href":"https:\/\/empresas.infoempleo.com\/hrtrends\/wp-json\/wp\/v2\/posts\/41840\/revisions\/43490"}],"wp:featuredmedia":[{"embeddable":true,"href":"https:\/\/empresas.infoempleo.com\/hrtrends\/wp-json\/wp\/v2\/media\/41842"}],"wp:attachment":[{"href":"https:\/\/empresas.infoempleo.com\/hrtrends\/wp-json\/wp\/v2\/media?parent=41840"}],"wp:term":[{"taxonomy":"category","embeddable":true,"href":"https:\/\/empresas.infoempleo.com\/hrtrends\/wp-json\/wp\/v2\/categories?post=41840"},{"taxonomy":"post_tag","embeddable":true,"href":"https:\/\/empresas.infoempleo.com\/hrtrends\/wp-json\/wp\/v2\/tags?post=41840"}],"curies":[{"name":"wp","href":"https:\/\/api.w.org\/{rel}","templated":true}]}}