{"id":4166,"date":"2009-10-20T07:57:09","date_gmt":"2009-10-20T06:57:09","guid":{"rendered":"http:\/\/blog.infoempleo.com\/?p=4166"},"modified":"2023-03-13T19:30:52","modified_gmt":"2023-03-13T17:30:52","slug":"desde-los-cinco-anos-quise-ser-periodista","status":"publish","type":"post","link":"https:\/\/empresas.infoempleo.com\/hrtrends\/desde-los-cinco-anos-quise-ser-periodista\/","title":{"rendered":"\u00abDesde los cinco a\u00f1os quise ser periodista\u00bb"},"content":{"rendered":"<p><strong>Francisco Gonz\u00e1lez Ledesma, escritor<\/strong><\/p>\n<p>Cualquiera de nosotros necesitar\u00eda vivir varias vidas para igualar en intensidad, \u00e9xitos y variedad la de Francisco Gonz\u00e1lez Ledesma (Barcelona, 1927), <strong>un hombre de gesto adusto y esp\u00edritu afable que ahora, tras ejercer como autor de c\u00f3mics, novelas del Oeste, abogado y periodista, recibe los reconocimientos literarios que la censura franquista le impidi\u00f3 obtener mucho antes.<\/strong> \u00abTodav\u00eda pienso que al d\u00eda siguiente lo har\u00e9 mejor\u00bb, afirma el creador del comisario M\u00e9ndez, que fue galardonado con el Premio Internacional de Novela Negra RBA cuando ya hab\u00eda cumplido los 80.<\/p>\n<p><strong>\u00bfCu\u00e1l fue su primer empleo?<br \/>\n<\/strong>El primer dinero lo gan\u00e9 cuando ten\u00eda unos doce a\u00f1os. Me llevaba a casa recibos de una mutua de accidentes y rellenaba los datos de los abonados. Despu\u00e9s, con 14 \u00f3 15 a\u00f1os, escrib\u00ed cuentos infantiles para un editor de Zaragoza que me pag\u00f3 cinco duros. La tercera fase de esa primera etapa sucedi\u00f3 con mi entrada en una compa\u00f1\u00eda de seguros. Acababa de empezar la carrera y me contrataron como escribiente. Durante un mes rellen\u00e9 recibos con letra de molde por 40 pesetas. Mi madre me anim\u00f3 a que lo dejara para que me centrara en mis estudios de Derecho.<\/p>\n<p><strong>Y s\u00f3lo le hizo caso a medias&#8230;<br \/>\n<\/strong>S\u00ed, porque empec\u00e9 a escribir c\u00f3mics para la editorial Bruguera y me hice un profesional. Incluso cre\u00e9 un personaje, el inspector Dan, que ha pasado a las antolog\u00edas. Ese trabajo me hac\u00eda feliz.<\/p>\n<p><strong>Tras acabar la carrera, ejerci\u00f3 de abogado.<br \/>\n<\/strong>S\u00ed. Fui abogado de la buena sociedad catalana y gan\u00e9 mucho dinero. Sin embargo, no era feliz, porque el abogado muchas veces no defiende su verdad, sino la del cliente. Yo sufr\u00eda much\u00edsimo cuando hac\u00eda de abogado defensor, porque era consciente de que bastantes personas de las que sacaba a la calle eran culpables, y eso me planteaba problemas morales.<\/p>\n<p><strong>\u00bfPor eso decidi\u00f3 pasarse al periodismo?<br \/>\n<\/strong>No s\u00f3lo por eso. Yo, desde que ten\u00eda cinco a\u00f1os, quise ser periodista. Ten\u00eda un t\u00edo, periodista de La Vanguardia, que me sacaba de la cama para ver la rotativa. Ese mundo de la noche me fascinaba&#8230; Si no ejerc\u00ed antes fue por la censura, no quer\u00eda ser un funcionario franquista.<\/p>\n<p><strong>Metido ya en un peri\u00f3dico, \u00bfle decepcion\u00f3 la profesi\u00f3n?<br \/>\n<\/strong>No, gan\u00e9 poco dinero, pero fui tremendamente feliz. Esta profesi\u00f3n me ha permitido vivir dos vidas: la m\u00eda y la de la gente que conoc\u00eda en la calle. Puede parecer una tonter\u00eda, pero yo sent\u00eda que formaba parte de la historia de este pa\u00eds. Con V\u00e1zquez Montalb\u00e1n y otros colegas creamos, en la clandestinidad, el Grupo de Periodistas Democr\u00e1ticos. Desde el principio, tuve muchas suerte: en el examen de grado saqu\u00e9 el n\u00famero uno de mi promoci\u00f3n. Luego, llegu\u00e9 a ser redactor jefe en El Correo Catal\u00e1n y en La Vanguardia.<\/p>\n<p><strong>\u00bfQu\u00e9 le ense\u00f1\u00f3 su \u2018alter ego\u2019 literario, Silver Kane, el pseud\u00f3nimo con que escrib\u00eda novelas del Oeste?<br \/>\n<\/strong>Mi primera novela, \u00abSombras viejas\u00bb recibi\u00f3 el Premio Internacional de Novela, cuyo jurado presid\u00eda Somerset Maugham. Pero la censura la prohibi\u00f3 y me advirtieron de que, hasta que no muriera el Caudillo, no volver\u00eda a publicar. Fue entonces cuando Bruguera me propuso hacer novelas del Oeste, y as\u00ed nacio Silver Kane, que me ense\u00f1\u00f3 humildad y t\u00e9cnica. Al final, lo que empez\u00f3 como una broma me llev\u00f3 diez a\u00f1os. En aquella \u00e9poca estudiaba Derecho, escrib\u00eda las aventuras del Oeste y, por las noches, me dedicaba a escribir para m\u00ed.<\/p>\n","protected":false},"excerpt":{"rendered":"<p>Francisco Gonz\u00e1lez Ledesma, escritor Cualquiera de nosotros necesitar\u00eda vivir varias vidas para igualar en intensidad, \u00e9xitos y variedad<a class=\"moretag\" href=\"https:\/\/empresas.infoempleo.com\/hrtrends\/desde-los-cinco-anos-quise-ser-periodista\/\"> Leer m\u00e1s<\/a><\/p>\n","protected":false},"author":34,"featured_media":29665,"comment_status":"closed","ping_status":"open","sticky":false,"template":"","format":"standard","meta":{"footnotes":""},"categories":[3],"tags":[506,491],"class_list":["post-4166","post","type-post","status-publish","format-standard","has-post-thumbnail","hentry","category-actualidad","tag-francisco-gonzalez-ledesma","tag-primer-empleo"],"yoast_head":"<!-- This site is optimized with the Yoast SEO plugin v26.1.1 - https:\/\/yoast.com\/wordpress\/plugins\/seo\/ -->\n<title>&quot;Desde los cinco a\u00f1os quise ser periodista&quot; | HRTRENDS<\/title>\n<meta name=\"robots\" content=\"index, follow, max-snippet:-1, max-image-preview:large, max-video-preview:-1\" \/>\n<link rel=\"canonical\" href=\"https:\/\/empresas.infoempleo.com\/hrtrends\/desde-los-cinco-anos-quise-ser-periodista\/\" \/>\n<meta property=\"og:locale\" content=\"es_ES\" \/>\n<meta property=\"og:type\" content=\"article\" \/>\n<meta property=\"og:title\" content=\"&quot;Desde los cinco a\u00f1os quise ser periodista&quot; | HRTRENDS\" \/>\n<meta property=\"og:description\" content=\"Francisco Gonz\u00e1lez Ledesma, escritor Cualquiera de nosotros necesitar\u00eda vivir varias vidas para igualar en intensidad, \u00e9xitos y variedad Leer m\u00e1s\" \/>\n<meta property=\"og:url\" content=\"https:\/\/empresas.infoempleo.com\/hrtrends\/desde-los-cinco-anos-quise-ser-periodista\/\" \/>\n<meta property=\"og:site_name\" content=\"HRTRENDS\" \/>\n<meta property=\"article:publisher\" content=\"https:\/\/www.facebook.com\/Infoempleo\" \/>\n<meta property=\"article:published_time\" content=\"2009-10-20T06:57:09+00:00\" \/>\n<meta property=\"article:modified_time\" content=\"2023-03-13T17:30:52+00:00\" \/>\n<meta property=\"og:image\" content=\"https:\/\/empresas.infoempleo.com\/hrtrends\/media\/2017\/05\/pexels-photo-205508.jpg\" \/>\n\t<meta property=\"og:image:width\" content=\"1280\" \/>\n\t<meta property=\"og:image:height\" content=\"960\" \/>\n\t<meta property=\"og:image:type\" content=\"image\/jpeg\" \/>\n<meta name=\"author\" content=\"Rosario Sep\u00falveda\" \/>\n<meta name=\"twitter:card\" content=\"summary_large_image\" \/>\n<meta name=\"twitter:creator\" content=\"@infoempleo\" \/>\n<meta name=\"twitter:site\" content=\"@infoempleo\" \/>\n<meta name=\"twitter:label1\" content=\"Escrito por\" \/>\n\t<meta name=\"twitter:data1\" content=\"Rosario Sep\u00falveda\" \/>\n\t<meta name=\"twitter:label2\" content=\"Tiempo de lectura\" \/>\n\t<meta name=\"twitter:data2\" content=\"3 minutos\" \/>\n<script type=\"application\/ld+json\" class=\"yoast-schema-graph\">{\"@context\":\"https:\/\/schema.org\",\"@graph\":[{\"@type\":\"NewsArticle\",\"@id\":\"https:\/\/empresas.infoempleo.com\/hrtrends\/desde-los-cinco-anos-quise-ser-periodista\/#article\",\"isPartOf\":{\"@id\":\"https:\/\/empresas.infoempleo.com\/hrtrends\/desde-los-cinco-anos-quise-ser-periodista\/\"},\"author\":{\"name\":\"Rosario Sep\u00falveda\",\"@id\":\"https:\/\/empresas.infoempleo.com\/hrtrends\/#\/schema\/person\/2a45835f1492cbc7fbce11ad398707a8\"},\"headline\":\"\u00abDesde los cinco a\u00f1os quise ser periodista\u00bb\",\"datePublished\":\"2009-10-20T06:57:09+00:00\",\"dateModified\":\"2023-03-13T17:30:52+00:00\",\"mainEntityOfPage\":{\"@id\":\"https:\/\/empresas.infoempleo.com\/hrtrends\/desde-los-cinco-anos-quise-ser-periodista\/\"},\"wordCount\":619,\"publisher\":{\"@id\":\"https:\/\/empresas.infoempleo.com\/hrtrends\/#organization\"},\"image\":{\"@id\":\"https:\/\/empresas.infoempleo.com\/hrtrends\/desde-los-cinco-anos-quise-ser-periodista\/#primaryimage\"},\"thumbnailUrl\":\"https:\/\/empresas.infoempleo.com\/hrtrends\/media\/2017\/05\/pexels-photo-205508.jpg\",\"keywords\":[\"francisco Gonz\u00e1lez Ledesma\",\"primer empleo\"],\"articleSection\":[\"Actualidad\"],\"inLanguage\":\"es\",\"copyrightYear\":\"2009\",\"copyrightHolder\":{\"@id\":\"https:\/\/empresas.infoempleo.com\/hrtrends\/#organization\"}},{\"@type\":\"WebPage\",\"@id\":\"https:\/\/empresas.infoempleo.com\/hrtrends\/desde-los-cinco-anos-quise-ser-periodista\/\",\"url\":\"https:\/\/empresas.infoempleo.com\/hrtrends\/desde-los-cinco-anos-quise-ser-periodista\/\",\"name\":\"\\\"Desde los cinco a\u00f1os quise ser periodista\\\" | HRTRENDS\",\"isPartOf\":{\"@id\":\"https:\/\/empresas.infoempleo.com\/hrtrends\/#website\"},\"primaryImageOfPage\":{\"@id\":\"https:\/\/empresas.infoempleo.com\/hrtrends\/desde-los-cinco-anos-quise-ser-periodista\/#primaryimage\"},\"image\":{\"@id\":\"https:\/\/empresas.infoempleo.com\/hrtrends\/desde-los-cinco-anos-quise-ser-periodista\/#primaryimage\"},\"thumbnailUrl\":\"https:\/\/empresas.infoempleo.com\/hrtrends\/media\/2017\/05\/pexels-photo-205508.jpg\",\"datePublished\":\"2009-10-20T06:57:09+00:00\",\"dateModified\":\"2023-03-13T17:30:52+00:00\",\"breadcrumb\":{\"@id\":\"https:\/\/empresas.infoempleo.com\/hrtrends\/desde-los-cinco-anos-quise-ser-periodista\/#breadcrumb\"},\"inLanguage\":\"es\",\"potentialAction\":[{\"@type\":\"ReadAction\",\"target\":[\"https:\/\/empresas.infoempleo.com\/hrtrends\/desde-los-cinco-anos-quise-ser-periodista\/\"]}]},{\"@type\":\"ImageObject\",\"inLanguage\":\"es\",\"@id\":\"https:\/\/empresas.infoempleo.com\/hrtrends\/desde-los-cinco-anos-quise-ser-periodista\/#primaryimage\",\"url\":\"https:\/\/empresas.infoempleo.com\/hrtrends\/media\/2017\/05\/pexels-photo-205508-150x150.jpg\",\"contentUrl\":\"https:\/\/empresas.infoempleo.com\/hrtrends\/media\/2017\/05\/pexels-photo-205508-150x150.jpg\",\"width\":150,\"height\":150},{\"@type\":\"BreadcrumbList\",\"@id\":\"https:\/\/empresas.infoempleo.com\/hrtrends\/desde-los-cinco-anos-quise-ser-periodista\/#breadcrumb\",\"itemListElement\":[{\"@type\":\"ListItem\",\"position\":1,\"name\":\"Portada\",\"item\":\"https:\/\/empresas.infoempleo.com\/hrtrends\/\"},{\"@type\":\"ListItem\",\"position\":2,\"name\":\"\u00abDesde los cinco a\u00f1os quise ser periodista\u00bb\"}]},{\"@type\":\"WebSite\",\"@id\":\"https:\/\/empresas.infoempleo.com\/hrtrends\/#website\",\"url\":\"https:\/\/empresas.infoempleo.com\/hrtrends\",\"name\":\"HRTrends by Infoempleo\",\"description\":\"\",\"publisher\":{\"@id\":\"https:\/\/empresas.infoempleo.com\/hrtrends\/#organization\"},\"potentialAction\":{\"@type\":\"SearchAction\",\"target\":\"https:\/\/empresas.infoempleo.com\/hrtrends\/?s={search_term_string}\",\"query-input\":\"required name=search_term_string\"},\"inLanguage\":\"es\"},{\"@type\":\"Organization\",\"@id\":\"https:\/\/empresas.infoempleo.com\/hrtrends\/#organization\",\"name\":\"Infoempleo\",\"url\":\"https:\/\/www.infoempleo.com\/\",\"logo\":{\"@type\":\"ImageObject\",\"@id\":\"https:\/\/empresas.infoempleo.com\/hrtrends\/#logo\",\"inLanguage\":\"es\",\"url\":\"https:\/\/cdnazure.infoempleo.com\/infoempleo\/assets\/style\/gfx\/logo.svg\",\"contentUrl\":\"https:\/\/cdnazure.infoempleo.com\/infoempleo\/assets\/style\/gfx\/logo.svg\",\"width\":150,\"height\":40,\"caption\":\"Infoempleo\"},\"image\":{\"@id\":\"https:\/\/empresas.infoempleo.com\/hrtrends\/#logo\"},\"sameAs\":[\"https:\/\/www.facebook.com\/Infoempleo\",\"https:\/\/x.com\/infoempleo\",\"http:\/\/instagram.com\/infoempleo\/\",\"http:\/\/www.linkedin.com\/groups\/Empleo-Espa\u00f1a-Infoempleocom-111276\",\"http:\/\/pinterest.com\/infoempleo\/\"],\"address\":{\"@type\":\"PostalAddress\",\"addressLocality\":\"Madrid\",\"postalCode\":\"28050\",\"streetAddress\":\"Avenida de Burgos 114\"},\"brand\":[\"Infoempleo\"]},{\"@type\":\"Person\",\"@id\":\"https:\/\/empresas.infoempleo.com\/hrtrends\/#\/schema\/person\/2a45835f1492cbc7fbce11ad398707a8\",\"name\":\"Rosario Sep\u00falveda\",\"image\":{\"@type\":\"ImageObject\",\"inLanguage\":\"es\",\"@id\":\"https:\/\/empresas.infoempleo.com\/hrtrends\/#\/schema\/person\/image\/\",\"url\":\"https:\/\/secure.gravatar.com\/avatar\/01b4f37da8fd0cca9ded94ad0ab4a694814c54945a7c84e54495a93ea3a90e3b?s=96&d=mm&r=g\",\"contentUrl\":\"https:\/\/secure.gravatar.com\/avatar\/01b4f37da8fd0cca9ded94ad0ab4a694814c54945a7c84e54495a93ea3a90e3b?s=96&d=mm&r=g\",\"caption\":\"Rosario Sep\u00falveda\"},\"url\":\"https:\/\/empresas.infoempleo.com\/hrtrends\/author\/rosario-sepulveda\/\"}]}<\/script>\n<!-- \/ Yoast SEO plugin. -->","yoast_head_json":{"title":"\"Desde los cinco a\u00f1os quise ser periodista\" | HRTRENDS","robots":{"index":"index","follow":"follow","max-snippet":"max-snippet:-1","max-image-preview":"max-image-preview:large","max-video-preview":"max-video-preview:-1"},"canonical":"https:\/\/empresas.infoempleo.com\/hrtrends\/desde-los-cinco-anos-quise-ser-periodista\/","og_locale":"es_ES","og_type":"article","og_title":"\"Desde los cinco a\u00f1os quise ser periodista\" | HRTRENDS","og_description":"Francisco Gonz\u00e1lez Ledesma, escritor Cualquiera de nosotros necesitar\u00eda vivir varias vidas para igualar en intensidad, \u00e9xitos y variedad Leer m\u00e1s","og_url":"https:\/\/empresas.infoempleo.com\/hrtrends\/desde-los-cinco-anos-quise-ser-periodista\/","og_site_name":"HRTRENDS","article_publisher":"https:\/\/www.facebook.com\/Infoempleo","article_published_time":"2009-10-20T06:57:09+00:00","article_modified_time":"2023-03-13T17:30:52+00:00","og_image":[{"width":1280,"height":960,"url":"https:\/\/empresas.infoempleo.com\/hrtrends\/media\/2017\/05\/pexels-photo-205508.jpg","type":"image\/jpeg"}],"author":"Rosario Sep\u00falveda","twitter_card":"summary_large_image","twitter_creator":"@infoempleo","twitter_site":"@infoempleo","twitter_misc":{"Escrito por":"Rosario Sep\u00falveda","Tiempo de lectura":"3 minutos"},"schema":{"@context":"https:\/\/schema.org","@graph":[{"@type":"NewsArticle","@id":"https:\/\/empresas.infoempleo.com\/hrtrends\/desde-los-cinco-anos-quise-ser-periodista\/#article","isPartOf":{"@id":"https:\/\/empresas.infoempleo.com\/hrtrends\/desde-los-cinco-anos-quise-ser-periodista\/"},"author":{"name":"Rosario Sep\u00falveda","@id":"https:\/\/empresas.infoempleo.com\/hrtrends\/#\/schema\/person\/2a45835f1492cbc7fbce11ad398707a8"},"headline":"\u00abDesde los cinco a\u00f1os quise ser periodista\u00bb","datePublished":"2009-10-20T06:57:09+00:00","dateModified":"2023-03-13T17:30:52+00:00","mainEntityOfPage":{"@id":"https:\/\/empresas.infoempleo.com\/hrtrends\/desde-los-cinco-anos-quise-ser-periodista\/"},"wordCount":619,"publisher":{"@id":"https:\/\/empresas.infoempleo.com\/hrtrends\/#organization"},"image":{"@id":"https:\/\/empresas.infoempleo.com\/hrtrends\/desde-los-cinco-anos-quise-ser-periodista\/#primaryimage"},"thumbnailUrl":"https:\/\/empresas.infoempleo.com\/hrtrends\/media\/2017\/05\/pexels-photo-205508.jpg","keywords":["francisco Gonz\u00e1lez Ledesma","primer empleo"],"articleSection":["Actualidad"],"inLanguage":"es","copyrightYear":"2009","copyrightHolder":{"@id":"https:\/\/empresas.infoempleo.com\/hrtrends\/#organization"}},{"@type":"WebPage","@id":"https:\/\/empresas.infoempleo.com\/hrtrends\/desde-los-cinco-anos-quise-ser-periodista\/","url":"https:\/\/empresas.infoempleo.com\/hrtrends\/desde-los-cinco-anos-quise-ser-periodista\/","name":"\"Desde los cinco a\u00f1os quise ser periodista\" | HRTRENDS","isPartOf":{"@id":"https:\/\/empresas.infoempleo.com\/hrtrends\/#website"},"primaryImageOfPage":{"@id":"https:\/\/empresas.infoempleo.com\/hrtrends\/desde-los-cinco-anos-quise-ser-periodista\/#primaryimage"},"image":{"@id":"https:\/\/empresas.infoempleo.com\/hrtrends\/desde-los-cinco-anos-quise-ser-periodista\/#primaryimage"},"thumbnailUrl":"https:\/\/empresas.infoempleo.com\/hrtrends\/media\/2017\/05\/pexels-photo-205508.jpg","datePublished":"2009-10-20T06:57:09+00:00","dateModified":"2023-03-13T17:30:52+00:00","breadcrumb":{"@id":"https:\/\/empresas.infoempleo.com\/hrtrends\/desde-los-cinco-anos-quise-ser-periodista\/#breadcrumb"},"inLanguage":"es","potentialAction":[{"@type":"ReadAction","target":["https:\/\/empresas.infoempleo.com\/hrtrends\/desde-los-cinco-anos-quise-ser-periodista\/"]}]},{"@type":"ImageObject","inLanguage":"es","@id":"https:\/\/empresas.infoempleo.com\/hrtrends\/desde-los-cinco-anos-quise-ser-periodista\/#primaryimage","url":"https:\/\/empresas.infoempleo.com\/hrtrends\/media\/2017\/05\/pexels-photo-205508-150x150.jpg","contentUrl":"https:\/\/empresas.infoempleo.com\/hrtrends\/media\/2017\/05\/pexels-photo-205508-150x150.jpg","width":150,"height":150},{"@type":"BreadcrumbList","@id":"https:\/\/empresas.infoempleo.com\/hrtrends\/desde-los-cinco-anos-quise-ser-periodista\/#breadcrumb","itemListElement":[{"@type":"ListItem","position":1,"name":"Portada","item":"https:\/\/empresas.infoempleo.com\/hrtrends\/"},{"@type":"ListItem","position":2,"name":"\u00abDesde los cinco a\u00f1os quise ser periodista\u00bb"}]},{"@type":"WebSite","@id":"https:\/\/empresas.infoempleo.com\/hrtrends\/#website","url":"https:\/\/empresas.infoempleo.com\/hrtrends","name":"HRTrends by Infoempleo","description":"","publisher":{"@id":"https:\/\/empresas.infoempleo.com\/hrtrends\/#organization"},"potentialAction":{"@type":"SearchAction","target":"https:\/\/empresas.infoempleo.com\/hrtrends\/?s={search_term_string}","query-input":"required name=search_term_string"},"inLanguage":"es"},{"@type":"Organization","@id":"https:\/\/empresas.infoempleo.com\/hrtrends\/#organization","name":"Infoempleo","url":"https:\/\/www.infoempleo.com\/","logo":{"@type":"ImageObject","@id":"https:\/\/empresas.infoempleo.com\/hrtrends\/#logo","inLanguage":"es","url":"https:\/\/cdnazure.infoempleo.com\/infoempleo\/assets\/style\/gfx\/logo.svg","contentUrl":"https:\/\/cdnazure.infoempleo.com\/infoempleo\/assets\/style\/gfx\/logo.svg","width":150,"height":40,"caption":"Infoempleo"},"image":{"@id":"https:\/\/empresas.infoempleo.com\/hrtrends\/#logo"},"sameAs":["https:\/\/www.facebook.com\/Infoempleo","https:\/\/x.com\/infoempleo","http:\/\/instagram.com\/infoempleo\/","http:\/\/www.linkedin.com\/groups\/Empleo-Espa\u00f1a-Infoempleocom-111276","http:\/\/pinterest.com\/infoempleo\/"],"address":{"@type":"PostalAddress","addressLocality":"Madrid","postalCode":"28050","streetAddress":"Avenida de Burgos 114"},"brand":["Infoempleo"]},{"@type":"Person","@id":"https:\/\/empresas.infoempleo.com\/hrtrends\/#\/schema\/person\/2a45835f1492cbc7fbce11ad398707a8","name":"Rosario Sep\u00falveda","image":{"@type":"ImageObject","inLanguage":"es","@id":"https:\/\/empresas.infoempleo.com\/hrtrends\/#\/schema\/person\/image\/","url":"https:\/\/secure.gravatar.com\/avatar\/01b4f37da8fd0cca9ded94ad0ab4a694814c54945a7c84e54495a93ea3a90e3b?s=96&d=mm&r=g","contentUrl":"https:\/\/secure.gravatar.com\/avatar\/01b4f37da8fd0cca9ded94ad0ab4a694814c54945a7c84e54495a93ea3a90e3b?s=96&d=mm&r=g","caption":"Rosario Sep\u00falveda"},"url":"https:\/\/empresas.infoempleo.com\/hrtrends\/author\/rosario-sepulveda\/"}]}},"amp_enabled":true,"_links":{"self":[{"href":"https:\/\/empresas.infoempleo.com\/hrtrends\/wp-json\/wp\/v2\/posts\/4166","targetHints":{"allow":["GET"]}}],"collection":[{"href":"https:\/\/empresas.infoempleo.com\/hrtrends\/wp-json\/wp\/v2\/posts"}],"about":[{"href":"https:\/\/empresas.infoempleo.com\/hrtrends\/wp-json\/wp\/v2\/types\/post"}],"author":[{"embeddable":true,"href":"https:\/\/empresas.infoempleo.com\/hrtrends\/wp-json\/wp\/v2\/users\/34"}],"replies":[{"embeddable":true,"href":"https:\/\/empresas.infoempleo.com\/hrtrends\/wp-json\/wp\/v2\/comments?post=4166"}],"version-history":[{"count":1,"href":"https:\/\/empresas.infoempleo.com\/hrtrends\/wp-json\/wp\/v2\/posts\/4166\/revisions"}],"predecessor-version":[{"id":43261,"href":"https:\/\/empresas.infoempleo.com\/hrtrends\/wp-json\/wp\/v2\/posts\/4166\/revisions\/43261"}],"wp:featuredmedia":[{"embeddable":true,"href":"https:\/\/empresas.infoempleo.com\/hrtrends\/wp-json\/wp\/v2\/media\/29665"}],"wp:attachment":[{"href":"https:\/\/empresas.infoempleo.com\/hrtrends\/wp-json\/wp\/v2\/media?parent=4166"}],"wp:term":[{"taxonomy":"category","embeddable":true,"href":"https:\/\/empresas.infoempleo.com\/hrtrends\/wp-json\/wp\/v2\/categories?post=4166"},{"taxonomy":"post_tag","embeddable":true,"href":"https:\/\/empresas.infoempleo.com\/hrtrends\/wp-json\/wp\/v2\/tags?post=4166"}],"curies":[{"name":"wp","href":"https:\/\/api.w.org\/{rel}","templated":true}]}}