{"id":41627,"date":"2022-12-09T07:30:43","date_gmt":"2022-12-09T05:30:43","guid":{"rendered":"https:\/\/empresas.infoempleo.com\/hrtrends\/?p=41627"},"modified":"2023-03-13T19:37:37","modified_gmt":"2023-03-13T17:37:37","slug":"ideas-para-fortalecer-y-motivar-a-tu-equipo-en-navidad","status":"publish","type":"post","link":"https:\/\/empresas.infoempleo.com\/hrtrends\/ideas-para-fortalecer-y-motivar-a-tu-equipo-en-navidad\/","title":{"rendered":"Ideas para fortalecer y motivar a tu equipo en Navidad"},"content":{"rendered":"<p>La \u00e9poca navide\u00f1a es un buen momento para mostrar a los trabajadores agradecimiento por el esfuerzo y compromiso mostrado a lo largo del a\u00f1o. Tambi\u00e9n para hacer que se sientan m\u00e1s unidos como equipo. Estas son algunas <strong>ideas<\/strong> con las que puedes aprovechar para<strong> motivar a tu equipo en Navidad. <\/strong>Adem\u00e1s de los <strong>cl\u00e1sicos<\/strong> imperecederos como una cata de vinos, comidas, <strong>cena de empresa<\/strong>, actividades conjuntas, amigo invisible o <strong>loter\u00eda<\/strong> conjunta, tambi\u00e9n puedes organizar eventos m\u00e1s innovadores como campeonatos de <strong>videojuegos <\/strong>o jornadas de puertas abiertas para las familias.<\/p>\n<p><!--more--><\/p>\n<h2>Toma nota para motivar a tu equipo en Navidad<\/h2>\n<p>Estas fechas pueden ser una excusa (o una buena oportunidad) para <strong>reforzar los v\u00ednculos afectivos<\/strong>. Es el contexto apropiado para fortalecer las relaciones laborales. Especialmente con plantillas <strong>en remoto o con jornadas h\u00edbridas<\/strong>, pues muchas de ellas han sufrido desde la crisis sanitaria una atomizaci\u00f3n que ha dificultado el trabajo en equipo. Estas son algunas ideas que pueden funcionar para motivar a las plantillas en Navidad:<\/p>\n<ul>\n<li><strong>Cl\u00e1sicos imperecederos<\/strong>. Los s\u00edmbolos o los actos simb\u00f3licos tienen sentido porque una comunidad los recibe dentro de un marco de referencia. Aplicado a la Navidad, esto quiere decir que tu plantilla probablemente espera jugar al amigo invisible, sorprenderse con la cesta de Navidad o recibir un d\u00e9cimo de loter\u00eda. No hay ninguna pesadilla peor que la de todos los compa\u00f1eros y jefes de trabajo celebrando que ha tocado el gordo y t\u00fa en casa sin haber jugado.<\/li>\n<li><strong>Encuentros gastro<\/strong>. Ahora que las <a href=\"https:\/\/empresas.infoempleo.com\/hrtrends\/como-hacer-mas-atractiva-la-vuelta-a-la-presencialidad\" target=\"_blank\" rel=\"noopener\"><strong>reuniones presenciales<\/strong><\/a> vuelven a ser seguras, es el momento de aprovechar las comidas y las cenas navide\u00f1as, una buena cata de vino o un taller de cocina. Tambi\u00e9n puedes a\u00f1adir valor invitando a la plantilla a participar en la decoraci\u00f3n de la oficina, realizando jornadas de puertas abiertas con familiares, montando un concurso para que quien gane represente a la compa\u00f1\u00eda en estas fechas o creando un v\u00eddeo musical navide\u00f1o.<\/li>\n<li><strong>Videojuegos y realidad virtual<\/strong>. Toca asumir que el mundo se ha desdoblado, y que celebrar la Navidad implica eventos tanto en el mundo real como en el virtual. Puedes organizar un torneo de videojuegos o repartir gafas virtuales para una sesi\u00f3n conjunta del equipo.<\/li>\n<li><strong>Nuevas formas de felicitar.<\/strong> Crea con tu equipo de marketing una felicitaci\u00f3n o inicia una nueva forma de felicitar la navidad. Por ejemplo, adem\u00e1s de los buenos deseos, incluye perspectivas reales laborales para ese a\u00f1o y reconoce desde el agradecimiento a la plantilla su esfuerzo, su rendimiento y su compromiso.<\/li>\n<\/ul>\n<h2>Beneficios del <em>team building<\/em> en estas fechas<\/h2>\n<p>Todas estas pr\u00e1cticas de <a href=\"https:\/\/empresas.infoempleo.com\/hrtrends\/ideas-para-aumentar-la-motivacion-en-la-plantilla-despues-de-las-vacaciones\" target=\"_blank\" rel=\"noopener\"><strong><em>team building<\/em><\/strong><\/a> siempre son <strong>beneficiosas<\/strong> por las siguientes <strong>razones<\/strong>:<\/p>\n<ul>\n<li>Es una herramienta positiva para <strong>fortalecer<\/strong> <strong>los lazo<\/strong>s afectivos.<\/li>\n<li>Afianza la motivaci\u00f3n y el <strong>sentido de<\/strong> <strong>pertenencia<\/strong> en la cultura corporativa.<\/li>\n<li>Fomenta el<strong> autoconocimiento<\/strong> y la <strong>creatividad<\/strong>, lo cual es clave para la innovaci\u00f3n y la sostenibilidad de tus proyectos.<\/li>\n<li>Potencia el liderazgo e<strong> incrementa la resistencia<\/strong> al estr\u00e9s.<\/li>\n<\/ul>\n<p>Estos a\u00f1os atr\u00e1s han sido devastadores. Tanto la <strong>salud<\/strong> f\u00edsica como mental ha <strong>cobrado relevancia<\/strong> en el \u00e1mbito de los <strong>Recursos Humanos<\/strong>. Contar con un equipo donde el <strong>compa\u00f1erismo<\/strong> y la colaboraci\u00f3n sean los ejes sobre los que se organiza la vida diaria es un <strong>valor muy potente<\/strong>. Un valor a\u00f1adido que adem\u00e1s <strong>mejorar\u00e1 tu marca empleadora<\/strong>, y te posicionar\u00e1 como centro preferente para atraer y retener el talento.<\/p>\n","protected":false},"excerpt":{"rendered":"<p>La \u00e9poca navide\u00f1a es un buen momento para mostrar a los trabajadores agradecimiento por el esfuerzo y compromiso<a class=\"moretag\" href=\"https:\/\/empresas.infoempleo.com\/hrtrends\/ideas-para-fortalecer-y-motivar-a-tu-equipo-en-navidad\/\"> Leer m\u00e1s<\/a><\/p>\n","protected":false},"author":136,"featured_media":41629,"comment_status":"closed","ping_status":"closed","sticky":false,"template":"","format":"standard","meta":{"footnotes":""},"categories":[3035],"tags":[2314,3254,274],"class_list":["post-41627","post","type-post","status-publish","format-standard","has-post-thumbnail","hentry","category-consejos","tag-ambiente-laboral","tag-gestion-de-equipos","tag-motivacion"],"yoast_head":"<!-- This site is optimized with the Yoast SEO plugin v26.1.1 - https:\/\/yoast.com\/wordpress\/plugins\/seo\/ -->\n<title>Ideas para fortalecer y motivar a tu equipo en Navidad<\/title>\n<meta name=\"description\" content=\"Te damos algunas ideas con las que puedes motivar a tu equipo en Navidad. \u00bfC\u00f3mo hacer team building en estas fechas?\" \/>\n<meta name=\"robots\" content=\"index, follow, max-snippet:-1, max-image-preview:large, max-video-preview:-1\" \/>\n<link rel=\"canonical\" href=\"https:\/\/empresas.infoempleo.com\/hrtrends\/ideas-para-fortalecer-y-motivar-a-tu-equipo-en-navidad\/\" \/>\n<meta property=\"og:locale\" content=\"es_ES\" \/>\n<meta property=\"og:type\" content=\"article\" \/>\n<meta property=\"og:title\" content=\"Ideas para fortalecer y motivar a tu equipo en Navidad\" \/>\n<meta property=\"og:description\" content=\"Te damos algunas ideas con las que puedes motivar a tu equipo en Navidad. \u00bfC\u00f3mo hacer team building en estas fechas?\" \/>\n<meta property=\"og:url\" content=\"https:\/\/empresas.infoempleo.com\/hrtrends\/ideas-para-fortalecer-y-motivar-a-tu-equipo-en-navidad\/\" \/>\n<meta property=\"og:site_name\" content=\"HRTRENDS\" \/>\n<meta property=\"article:publisher\" content=\"https:\/\/www.facebook.com\/Infoempleo\" \/>\n<meta property=\"article:published_time\" content=\"2022-12-09T05:30:43+00:00\" \/>\n<meta property=\"article:modified_time\" content=\"2023-03-13T17:37:37+00:00\" \/>\n<meta property=\"og:image\" content=\"https:\/\/empresas.infoempleo.com\/hrtrends\/media\/2022\/12\/Practicas-para-motivar-a-tu-equipo-en-Navidad.jpg\" \/>\n\t<meta property=\"og:image:width\" content=\"881\" \/>\n\t<meta property=\"og:image:height\" content=\"588\" \/>\n\t<meta property=\"og:image:type\" content=\"image\/jpeg\" \/>\n<meta name=\"author\" content=\"Raquel Hern\u00e1ndez\" \/>\n<meta name=\"twitter:card\" content=\"summary_large_image\" \/>\n<meta name=\"twitter:creator\" content=\"@infoempleo\" \/>\n<meta name=\"twitter:site\" content=\"@infoempleo\" \/>\n<meta name=\"twitter:label1\" content=\"Escrito por\" \/>\n\t<meta name=\"twitter:data1\" content=\"Raquel Hern\u00e1ndez\" \/>\n\t<meta name=\"twitter:label2\" content=\"Tiempo de lectura\" \/>\n\t<meta name=\"twitter:data2\" content=\"3 minutos\" \/>\n<script type=\"application\/ld+json\" class=\"yoast-schema-graph\">{\"@context\":\"https:\/\/schema.org\",\"@graph\":[{\"@type\":\"NewsArticle\",\"@id\":\"https:\/\/empresas.infoempleo.com\/hrtrends\/ideas-para-fortalecer-y-motivar-a-tu-equipo-en-navidad\/#article\",\"isPartOf\":{\"@id\":\"https:\/\/empresas.infoempleo.com\/hrtrends\/ideas-para-fortalecer-y-motivar-a-tu-equipo-en-navidad\/\"},\"author\":{\"name\":\"Raquel Hern\u00e1ndez\",\"@id\":\"https:\/\/empresas.infoempleo.com\/hrtrends\/#\/schema\/person\/fb2f949a1461ff0e9e15996d82d3a787\"},\"headline\":\"Ideas para fortalecer y motivar a tu equipo en Navidad\",\"datePublished\":\"2022-12-09T05:30:43+00:00\",\"dateModified\":\"2023-03-13T17:37:37+00:00\",\"mainEntityOfPage\":{\"@id\":\"https:\/\/empresas.infoempleo.com\/hrtrends\/ideas-para-fortalecer-y-motivar-a-tu-equipo-en-navidad\/\"},\"wordCount\":598,\"publisher\":{\"@id\":\"https:\/\/empresas.infoempleo.com\/hrtrends\/#organization\"},\"image\":{\"@id\":\"https:\/\/empresas.infoempleo.com\/hrtrends\/ideas-para-fortalecer-y-motivar-a-tu-equipo-en-navidad\/#primaryimage\"},\"thumbnailUrl\":\"https:\/\/empresas.infoempleo.com\/hrtrends\/media\/2022\/12\/Practicas-para-motivar-a-tu-equipo-en-Navidad.jpg\",\"keywords\":[\"ambiente laboral\",\"gesti\u00f3n de equipos\",\"motivaci\u00f3n\"],\"articleSection\":[\"Consejos\"],\"inLanguage\":\"es\",\"copyrightYear\":\"2022\",\"copyrightHolder\":{\"@id\":\"https:\/\/empresas.infoempleo.com\/hrtrends\/#organization\"}},{\"@type\":\"WebPage\",\"@id\":\"https:\/\/empresas.infoempleo.com\/hrtrends\/ideas-para-fortalecer-y-motivar-a-tu-equipo-en-navidad\/\",\"url\":\"https:\/\/empresas.infoempleo.com\/hrtrends\/ideas-para-fortalecer-y-motivar-a-tu-equipo-en-navidad\/\",\"name\":\"Ideas para fortalecer y motivar a tu equipo en Navidad\",\"isPartOf\":{\"@id\":\"https:\/\/empresas.infoempleo.com\/hrtrends\/#website\"},\"primaryImageOfPage\":{\"@id\":\"https:\/\/empresas.infoempleo.com\/hrtrends\/ideas-para-fortalecer-y-motivar-a-tu-equipo-en-navidad\/#primaryimage\"},\"image\":{\"@id\":\"https:\/\/empresas.infoempleo.com\/hrtrends\/ideas-para-fortalecer-y-motivar-a-tu-equipo-en-navidad\/#primaryimage\"},\"thumbnailUrl\":\"https:\/\/empresas.infoempleo.com\/hrtrends\/media\/2022\/12\/Practicas-para-motivar-a-tu-equipo-en-Navidad.jpg\",\"datePublished\":\"2022-12-09T05:30:43+00:00\",\"dateModified\":\"2023-03-13T17:37:37+00:00\",\"description\":\"Te damos algunas ideas con las que puedes motivar a tu equipo en Navidad. \u00bfC\u00f3mo hacer team building en estas fechas?\",\"breadcrumb\":{\"@id\":\"https:\/\/empresas.infoempleo.com\/hrtrends\/ideas-para-fortalecer-y-motivar-a-tu-equipo-en-navidad\/#breadcrumb\"},\"inLanguage\":\"es\",\"potentialAction\":[{\"@type\":\"ReadAction\",\"target\":[\"https:\/\/empresas.infoempleo.com\/hrtrends\/ideas-para-fortalecer-y-motivar-a-tu-equipo-en-navidad\/\"]}]},{\"@type\":\"ImageObject\",\"inLanguage\":\"es\",\"@id\":\"https:\/\/empresas.infoempleo.com\/hrtrends\/ideas-para-fortalecer-y-motivar-a-tu-equipo-en-navidad\/#primaryimage\",\"url\":\"https:\/\/empresas.infoempleo.com\/hrtrends\/media\/2022\/12\/Practicas-para-motivar-a-tu-equipo-en-Navidad-150x150.jpg\",\"contentUrl\":\"https:\/\/empresas.infoempleo.com\/hrtrends\/media\/2022\/12\/Practicas-para-motivar-a-tu-equipo-en-Navidad-150x150.jpg\",\"width\":150,\"height\":150,\"caption\":\"Pr\u00e1cticas para motivar a tu equipo en Navidad\"},{\"@type\":\"BreadcrumbList\",\"@id\":\"https:\/\/empresas.infoempleo.com\/hrtrends\/ideas-para-fortalecer-y-motivar-a-tu-equipo-en-navidad\/#breadcrumb\",\"itemListElement\":[{\"@type\":\"ListItem\",\"position\":1,\"name\":\"Portada\",\"item\":\"https:\/\/empresas.infoempleo.com\/hrtrends\/\"},{\"@type\":\"ListItem\",\"position\":2,\"name\":\"Ideas para fortalecer y motivar a tu equipo en Navidad\"}]},{\"@type\":\"WebSite\",\"@id\":\"https:\/\/empresas.infoempleo.com\/hrtrends\/#website\",\"url\":\"https:\/\/empresas.infoempleo.com\/hrtrends\",\"name\":\"HRTrends by Infoempleo\",\"description\":\"\",\"publisher\":{\"@id\":\"https:\/\/empresas.infoempleo.com\/hrtrends\/#organization\"},\"potentialAction\":{\"@type\":\"SearchAction\",\"target\":\"https:\/\/empresas.infoempleo.com\/hrtrends\/?s={search_term_string}\",\"query-input\":\"required name=search_term_string\"},\"inLanguage\":\"es\"},{\"@type\":\"Organization\",\"@id\":\"https:\/\/empresas.infoempleo.com\/hrtrends\/#organization\",\"name\":\"Infoempleo\",\"url\":\"https:\/\/www.infoempleo.com\/\",\"logo\":{\"@type\":\"ImageObject\",\"@id\":\"https:\/\/empresas.infoempleo.com\/hrtrends\/#logo\",\"inLanguage\":\"es\",\"url\":\"https:\/\/cdnazure.infoempleo.com\/infoempleo\/assets\/style\/gfx\/logo.svg\",\"contentUrl\":\"https:\/\/cdnazure.infoempleo.com\/infoempleo\/assets\/style\/gfx\/logo.svg\",\"width\":150,\"height\":40,\"caption\":\"Infoempleo\"},\"image\":{\"@id\":\"https:\/\/empresas.infoempleo.com\/hrtrends\/#logo\"},\"sameAs\":[\"https:\/\/www.facebook.com\/Infoempleo\",\"https:\/\/x.com\/infoempleo\",\"http:\/\/instagram.com\/infoempleo\/\",\"http:\/\/www.linkedin.com\/groups\/Empleo-Espa\u00f1a-Infoempleocom-111276\",\"http:\/\/pinterest.com\/infoempleo\/\"],\"address\":{\"@type\":\"PostalAddress\",\"addressLocality\":\"Madrid\",\"postalCode\":\"28050\",\"streetAddress\":\"Avenida de Burgos 114\"},\"brand\":[\"Infoempleo\"]},{\"@type\":\"Person\",\"@id\":\"https:\/\/empresas.infoempleo.com\/hrtrends\/#\/schema\/person\/fb2f949a1461ff0e9e15996d82d3a787\",\"name\":\"Raquel Hern\u00e1ndez\",\"image\":{\"@type\":\"ImageObject\",\"inLanguage\":\"es\",\"@id\":\"https:\/\/empresas.infoempleo.com\/hrtrends\/#\/schema\/person\/image\/\",\"url\":\"https:\/\/secure.gravatar.com\/avatar\/4ccd374b24ab5eefd1b7681d8be968df221a577fa3ffa9dc4bb4b537645dc6a2?s=96&d=mm&r=g\",\"contentUrl\":\"https:\/\/secure.gravatar.com\/avatar\/4ccd374b24ab5eefd1b7681d8be968df221a577fa3ffa9dc4bb4b537645dc6a2?s=96&d=mm&r=g\",\"caption\":\"Raquel Hern\u00e1ndez\"},\"description\":\"M\u00e1ster en Filosof\u00eda Contempor\u00e1nea y Diploma Experto en Salud y G\u00e9nero. Extensa experiencia profesional como directora y productora de eventos culturales, especializada en el sector editorial. Lectora profesional y redactora de contenidos relacionados con el empleo, la innovaci\u00f3n y la educaci\u00f3n.\",\"url\":\"https:\/\/empresas.infoempleo.com\/hrtrends\/author\/raquel-hernandez\/\"}]}<\/script>\n<!-- \/ Yoast SEO plugin. -->","yoast_head_json":{"title":"Ideas para fortalecer y motivar a tu equipo en Navidad","description":"Te damos algunas ideas con las que puedes motivar a tu equipo en Navidad. \u00bfC\u00f3mo hacer team building en estas fechas?","robots":{"index":"index","follow":"follow","max-snippet":"max-snippet:-1","max-image-preview":"max-image-preview:large","max-video-preview":"max-video-preview:-1"},"canonical":"https:\/\/empresas.infoempleo.com\/hrtrends\/ideas-para-fortalecer-y-motivar-a-tu-equipo-en-navidad\/","og_locale":"es_ES","og_type":"article","og_title":"Ideas para fortalecer y motivar a tu equipo en Navidad","og_description":"Te damos algunas ideas con las que puedes motivar a tu equipo en Navidad. \u00bfC\u00f3mo hacer team building en estas fechas?","og_url":"https:\/\/empresas.infoempleo.com\/hrtrends\/ideas-para-fortalecer-y-motivar-a-tu-equipo-en-navidad\/","og_site_name":"HRTRENDS","article_publisher":"https:\/\/www.facebook.com\/Infoempleo","article_published_time":"2022-12-09T05:30:43+00:00","article_modified_time":"2023-03-13T17:37:37+00:00","og_image":[{"width":881,"height":588,"url":"https:\/\/empresas.infoempleo.com\/hrtrends\/media\/2022\/12\/Practicas-para-motivar-a-tu-equipo-en-Navidad.jpg","type":"image\/jpeg"}],"author":"Raquel Hern\u00e1ndez","twitter_card":"summary_large_image","twitter_creator":"@infoempleo","twitter_site":"@infoempleo","twitter_misc":{"Escrito por":"Raquel Hern\u00e1ndez","Tiempo de lectura":"3 minutos"},"schema":{"@context":"https:\/\/schema.org","@graph":[{"@type":"NewsArticle","@id":"https:\/\/empresas.infoempleo.com\/hrtrends\/ideas-para-fortalecer-y-motivar-a-tu-equipo-en-navidad\/#article","isPartOf":{"@id":"https:\/\/empresas.infoempleo.com\/hrtrends\/ideas-para-fortalecer-y-motivar-a-tu-equipo-en-navidad\/"},"author":{"name":"Raquel Hern\u00e1ndez","@id":"https:\/\/empresas.infoempleo.com\/hrtrends\/#\/schema\/person\/fb2f949a1461ff0e9e15996d82d3a787"},"headline":"Ideas para fortalecer y motivar a tu equipo en Navidad","datePublished":"2022-12-09T05:30:43+00:00","dateModified":"2023-03-13T17:37:37+00:00","mainEntityOfPage":{"@id":"https:\/\/empresas.infoempleo.com\/hrtrends\/ideas-para-fortalecer-y-motivar-a-tu-equipo-en-navidad\/"},"wordCount":598,"publisher":{"@id":"https:\/\/empresas.infoempleo.com\/hrtrends\/#organization"},"image":{"@id":"https:\/\/empresas.infoempleo.com\/hrtrends\/ideas-para-fortalecer-y-motivar-a-tu-equipo-en-navidad\/#primaryimage"},"thumbnailUrl":"https:\/\/empresas.infoempleo.com\/hrtrends\/media\/2022\/12\/Practicas-para-motivar-a-tu-equipo-en-Navidad.jpg","keywords":["ambiente laboral","gesti\u00f3n de equipos","motivaci\u00f3n"],"articleSection":["Consejos"],"inLanguage":"es","copyrightYear":"2022","copyrightHolder":{"@id":"https:\/\/empresas.infoempleo.com\/hrtrends\/#organization"}},{"@type":"WebPage","@id":"https:\/\/empresas.infoempleo.com\/hrtrends\/ideas-para-fortalecer-y-motivar-a-tu-equipo-en-navidad\/","url":"https:\/\/empresas.infoempleo.com\/hrtrends\/ideas-para-fortalecer-y-motivar-a-tu-equipo-en-navidad\/","name":"Ideas para fortalecer y motivar a tu equipo en Navidad","isPartOf":{"@id":"https:\/\/empresas.infoempleo.com\/hrtrends\/#website"},"primaryImageOfPage":{"@id":"https:\/\/empresas.infoempleo.com\/hrtrends\/ideas-para-fortalecer-y-motivar-a-tu-equipo-en-navidad\/#primaryimage"},"image":{"@id":"https:\/\/empresas.infoempleo.com\/hrtrends\/ideas-para-fortalecer-y-motivar-a-tu-equipo-en-navidad\/#primaryimage"},"thumbnailUrl":"https:\/\/empresas.infoempleo.com\/hrtrends\/media\/2022\/12\/Practicas-para-motivar-a-tu-equipo-en-Navidad.jpg","datePublished":"2022-12-09T05:30:43+00:00","dateModified":"2023-03-13T17:37:37+00:00","description":"Te damos algunas ideas con las que puedes motivar a tu equipo en Navidad. \u00bfC\u00f3mo hacer team building en estas fechas?","breadcrumb":{"@id":"https:\/\/empresas.infoempleo.com\/hrtrends\/ideas-para-fortalecer-y-motivar-a-tu-equipo-en-navidad\/#breadcrumb"},"inLanguage":"es","potentialAction":[{"@type":"ReadAction","target":["https:\/\/empresas.infoempleo.com\/hrtrends\/ideas-para-fortalecer-y-motivar-a-tu-equipo-en-navidad\/"]}]},{"@type":"ImageObject","inLanguage":"es","@id":"https:\/\/empresas.infoempleo.com\/hrtrends\/ideas-para-fortalecer-y-motivar-a-tu-equipo-en-navidad\/#primaryimage","url":"https:\/\/empresas.infoempleo.com\/hrtrends\/media\/2022\/12\/Practicas-para-motivar-a-tu-equipo-en-Navidad-150x150.jpg","contentUrl":"https:\/\/empresas.infoempleo.com\/hrtrends\/media\/2022\/12\/Practicas-para-motivar-a-tu-equipo-en-Navidad-150x150.jpg","width":150,"height":150,"caption":"Pr\u00e1cticas para motivar a tu equipo en Navidad"},{"@type":"BreadcrumbList","@id":"https:\/\/empresas.infoempleo.com\/hrtrends\/ideas-para-fortalecer-y-motivar-a-tu-equipo-en-navidad\/#breadcrumb","itemListElement":[{"@type":"ListItem","position":1,"name":"Portada","item":"https:\/\/empresas.infoempleo.com\/hrtrends\/"},{"@type":"ListItem","position":2,"name":"Ideas para fortalecer y motivar a tu equipo en Navidad"}]},{"@type":"WebSite","@id":"https:\/\/empresas.infoempleo.com\/hrtrends\/#website","url":"https:\/\/empresas.infoempleo.com\/hrtrends","name":"HRTrends by Infoempleo","description":"","publisher":{"@id":"https:\/\/empresas.infoempleo.com\/hrtrends\/#organization"},"potentialAction":{"@type":"SearchAction","target":"https:\/\/empresas.infoempleo.com\/hrtrends\/?s={search_term_string}","query-input":"required name=search_term_string"},"inLanguage":"es"},{"@type":"Organization","@id":"https:\/\/empresas.infoempleo.com\/hrtrends\/#organization","name":"Infoempleo","url":"https:\/\/www.infoempleo.com\/","logo":{"@type":"ImageObject","@id":"https:\/\/empresas.infoempleo.com\/hrtrends\/#logo","inLanguage":"es","url":"https:\/\/cdnazure.infoempleo.com\/infoempleo\/assets\/style\/gfx\/logo.svg","contentUrl":"https:\/\/cdnazure.infoempleo.com\/infoempleo\/assets\/style\/gfx\/logo.svg","width":150,"height":40,"caption":"Infoempleo"},"image":{"@id":"https:\/\/empresas.infoempleo.com\/hrtrends\/#logo"},"sameAs":["https:\/\/www.facebook.com\/Infoempleo","https:\/\/x.com\/infoempleo","http:\/\/instagram.com\/infoempleo\/","http:\/\/www.linkedin.com\/groups\/Empleo-Espa\u00f1a-Infoempleocom-111276","http:\/\/pinterest.com\/infoempleo\/"],"address":{"@type":"PostalAddress","addressLocality":"Madrid","postalCode":"28050","streetAddress":"Avenida de Burgos 114"},"brand":["Infoempleo"]},{"@type":"Person","@id":"https:\/\/empresas.infoempleo.com\/hrtrends\/#\/schema\/person\/fb2f949a1461ff0e9e15996d82d3a787","name":"Raquel Hern\u00e1ndez","image":{"@type":"ImageObject","inLanguage":"es","@id":"https:\/\/empresas.infoempleo.com\/hrtrends\/#\/schema\/person\/image\/","url":"https:\/\/secure.gravatar.com\/avatar\/4ccd374b24ab5eefd1b7681d8be968df221a577fa3ffa9dc4bb4b537645dc6a2?s=96&d=mm&r=g","contentUrl":"https:\/\/secure.gravatar.com\/avatar\/4ccd374b24ab5eefd1b7681d8be968df221a577fa3ffa9dc4bb4b537645dc6a2?s=96&d=mm&r=g","caption":"Raquel Hern\u00e1ndez"},"description":"M\u00e1ster en Filosof\u00eda Contempor\u00e1nea y Diploma Experto en Salud y G\u00e9nero. Extensa experiencia profesional como directora y productora de eventos culturales, especializada en el sector editorial. Lectora profesional y redactora de contenidos relacionados con el empleo, la innovaci\u00f3n y la educaci\u00f3n.","url":"https:\/\/empresas.infoempleo.com\/hrtrends\/author\/raquel-hernandez\/"}]}},"amp_enabled":true,"_links":{"self":[{"href":"https:\/\/empresas.infoempleo.com\/hrtrends\/wp-json\/wp\/v2\/posts\/41627","targetHints":{"allow":["GET"]}}],"collection":[{"href":"https:\/\/empresas.infoempleo.com\/hrtrends\/wp-json\/wp\/v2\/posts"}],"about":[{"href":"https:\/\/empresas.infoempleo.com\/hrtrends\/wp-json\/wp\/v2\/types\/post"}],"author":[{"embeddable":true,"href":"https:\/\/empresas.infoempleo.com\/hrtrends\/wp-json\/wp\/v2\/users\/136"}],"replies":[{"embeddable":true,"href":"https:\/\/empresas.infoempleo.com\/hrtrends\/wp-json\/wp\/v2\/comments?post=41627"}],"version-history":[{"count":5,"href":"https:\/\/empresas.infoempleo.com\/hrtrends\/wp-json\/wp\/v2\/posts\/41627\/revisions"}],"predecessor-version":[{"id":43480,"href":"https:\/\/empresas.infoempleo.com\/hrtrends\/wp-json\/wp\/v2\/posts\/41627\/revisions\/43480"}],"wp:featuredmedia":[{"embeddable":true,"href":"https:\/\/empresas.infoempleo.com\/hrtrends\/wp-json\/wp\/v2\/media\/41629"}],"wp:attachment":[{"href":"https:\/\/empresas.infoempleo.com\/hrtrends\/wp-json\/wp\/v2\/media?parent=41627"}],"wp:term":[{"taxonomy":"category","embeddable":true,"href":"https:\/\/empresas.infoempleo.com\/hrtrends\/wp-json\/wp\/v2\/categories?post=41627"},{"taxonomy":"post_tag","embeddable":true,"href":"https:\/\/empresas.infoempleo.com\/hrtrends\/wp-json\/wp\/v2\/tags?post=41627"}],"curies":[{"name":"wp","href":"https:\/\/api.w.org\/{rel}","templated":true}]}}