{"id":40991,"date":"2022-09-23T07:30:53","date_gmt":"2022-09-23T05:30:53","guid":{"rendered":"https:\/\/empresas.infoempleo.com\/hrtrends\/?p=40991"},"modified":"2022-09-19T18:15:01","modified_gmt":"2022-09-19T16:15:01","slug":"trabajadores-de-primera-linea-como-conservarlos","status":"publish","type":"post","link":"https:\/\/empresas.infoempleo.com\/hrtrends\/trabajadores-de-primera-linea-como-conservarlos\/","title":{"rendered":"Trabajadores de primera l\u00ednea: punta de lanza en la estrategia de la empresa"},"content":{"rendered":"<p>Los <strong>trabajadores de primera l\u00ednea<\/strong> son los que tienen <strong>contacto<\/strong> <strong>directo con clientes<\/strong> y usuarios. Su papel ha sido especialmente destacado en los primeros tiempos de la <strong>pandemia<\/strong>. Son aquellos trabajadores que \u201cno tienen escritorio\u201d, que <strong>desarrollan su actividad sobre el<\/strong> <strong>terreno<\/strong> y que no pueden hacerlo en remoto. Son claves para la marca y en tu mano est\u00e1 <strong>atraerlos y retenerlos<\/strong> siguiendo estos <strong>consejos<\/strong>.<\/p>\n<h2>\u00bfQui\u00e9nes son los trabajadores de Primera L\u00ednea?<\/h2>\n<p>Los empleados considerados como \u201c<strong>esenciales<\/strong>\u201d durante la crisis sanitaria son los conocidos como <strong>trabajadores de primera l\u00ednea<\/strong>. Una de las definiciones m\u00e1s extendida es que estas personas no tienen escritorio, sino que desarrollan su actividad en<strong> contacto directo con clientes y usuarios<\/strong>, en roles de tareas o servicios.<\/p>\n<p>La <strong>pandemia<\/strong> tambi\u00e9n ha <strong>visibilizado las deficiencias<\/strong> de su <a href=\"https:\/\/empresas.infoempleo.com\/hrtrends\/smart-working-el-argumento-definitivo-para-atraer-a-talento-cualificado\/\" target=\"_blank\" rel=\"noopener\"><strong>panorama tecnol\u00f3gico<\/strong><\/a>. Estos trabajadores dif\u00edcilmente tienen acceso a las herramientas digitales que les permitir\u00edan optimizar su desempe\u00f1o, mejorar la comunicaci\u00f3n interna y externa o dar salida a sus propuestas. Por ello, se abre una <strong>brecha<\/strong> <strong>entre los niveles<\/strong> de las organizaciones, que impacta negativamente en la rotaci\u00f3n y, por tanto, en la productividad.<\/p>\n<p>Seguramente est\u00e1s pensando en enfermeros o personal de los supermercados, pero esta clasificaci\u00f3n engloba a distintos sectores, desde la educaci\u00f3n hasta el \u00e1rea de la fabricaci\u00f3n. Ellos son los empleados en el terreno que <strong>dan la cara por la empresa<\/strong> y la representan. Para los trabajadores de primera l\u00ednea, adem\u00e1s, el trabajo en <strong>remoto<\/strong> suele ser imposible.<\/p>\n<p><img loading=\"lazy\" decoding=\"async\" class=\"aligncenter wp-image-40992 size-full\" title=\"Trabajadores de primera l\u00ednea: c\u00f3mo atraerlos y conservarlos\" src=\"https:\/\/empresas.infoempleo.com\/hrtrends\/media\/2022\/09\/Educador-profesional-de-primera-linea.jpg\" alt=\"Trabajadores de primera l\u00ednea: c\u00f3mo atraerlos y conservarlos\" width=\"800\" height=\"533\" srcset=\"https:\/\/empresas.infoempleo.com\/hrtrends\/media\/2022\/09\/Educador-profesional-de-primera-linea.jpg 800w, https:\/\/empresas.infoempleo.com\/hrtrends\/media\/2022\/09\/Educador-profesional-de-primera-linea-300x200.jpg 300w, https:\/\/empresas.infoempleo.com\/hrtrends\/media\/2022\/09\/Educador-profesional-de-primera-linea-768x512.jpg 768w\" sizes=\"auto, (max-width: 800px) 100vw, 800px\" \/><\/p>\n<h2>Tips para atraer y retener esta figura clave<\/h2>\n<p>Reforzar tu <strong>employer branding<\/strong> es clave en muchos sentidos, y uno de ellos es lograr atraer y, sobre todo, retener a los trabajadores de primera l\u00ednea. Uno de los mitos que ya no tiene cabida en el \u00e1mbito laboral es que la rotaci\u00f3n en este nivel es \u00e1gil y sencilla. La <a href=\"https:\/\/empresas.infoempleo.com\/hrtrends\/llegara-aqui-la-gran-renuncia-trabajadores-en-eeuu-abandonan-sus-puestos\/\" target=\"_blank\" rel=\"noopener\"><strong>Gran Renuncia<\/strong><\/a> norteamericana ha puesto el foco en el aumento de empoderamiento de los trabajadores. Por ello, sigue estos <strong>tips para mantener cohesionado y comprometido a tu equipo<\/strong>:<\/p>\n<ul>\n<li><strong>Velocidad<\/strong> <strong>y transparencia en los tr\u00e1mites de reclutamiento:<\/strong> Los trabajadores de primera l\u00ednea tambi\u00e9n est\u00e1n en una b\u00fasqueda constante de mejores condiciones de trabajo. Esto puede hacer que, si no eres \u00e1gil, cuando vayas a contratarlos ya hayan encontrado una oferta que se adec\u00fae mejor a sus demandas.<\/li>\n<li><strong>Flexibilidad<\/strong>: este es uno de los rasgos que m\u00e1s valoran las nuevas generaciones. Las facilidades para conciliar permiten contar con personal motivado y satisfecho.<\/li>\n<li><strong>Comunicaci\u00f3n<\/strong> <strong>clara y eficaz:<\/strong> evita el desgaste que supone no ser reconocido ni encontrar interlocutor en la pir\u00e1mide organizacional. Dise\u00f1a canales para que toda la plantilla pueda expresar su opini\u00f3n, enviar sugerencias o colaborar en un diagn\u00f3stico concreto.<\/li>\n<li><strong>Aprovecha las soluciones inform\u00e1ticas para automatizar los proceso<\/strong>s y facilitar el desempe\u00f1o de estos trabajadores.<\/li>\n<li><strong>Apuesta por los planes de<\/strong> <strong>carrera<\/strong> <strong>para evitar los techos de cristal.<\/strong> Las organizaciones que cuentan con flujos de desarrollo profesional activan el buen hacer de las tareas.<\/li>\n<\/ul>\n<p>Recuerda que toda la sociedad depende de estos trabajadores de primera l\u00ednea, y que est\u00e1 en la mano de las empresas cuidarlos. Adem\u00e1s son la <strong>imagen<\/strong> de la marca y sus mejores prescriptores.<\/p>\n","protected":false},"excerpt":{"rendered":"<p>Los trabajadores de primera l\u00ednea son los que tienen contacto directo con clientes y usuarios. Su papel ha<a class=\"moretag\" href=\"https:\/\/empresas.infoempleo.com\/hrtrends\/trabajadores-de-primera-linea-como-conservarlos\/\"> Leer m\u00e1s<\/a><\/p>\n","protected":false},"author":136,"featured_media":40993,"comment_status":"closed","ping_status":"closed","sticky":false,"template":"","format":"standard","meta":{"footnotes":""},"categories":[3015],"tags":[409,169,918],"class_list":["post-40991","post","type-post","status-publish","format-standard","has-post-thumbnail","hentry","category-recruiter-branding","tag-equipo","tag-mercado-laboral","tag-trabajadores"],"yoast_head":"<!-- This site is optimized with the Yoast SEO plugin v26.1.1 - https:\/\/yoast.com\/wordpress\/plugins\/seo\/ -->\n<title>Trabajadores de primera l\u00ednea: c\u00f3mo atraerlos y conservarlos<\/title>\n<meta name=\"description\" content=\"Los trabajadores de primera l\u00ednea son los que tienen contacto directo con clientes y usuarios. Muy importantes al inicio de la pandemia.\" \/>\n<meta name=\"robots\" content=\"index, follow, max-snippet:-1, max-image-preview:large, max-video-preview:-1\" \/>\n<link rel=\"canonical\" href=\"https:\/\/empresas.infoempleo.com\/hrtrends\/trabajadores-de-primera-linea-como-conservarlos\/\" \/>\n<meta property=\"og:locale\" content=\"es_ES\" \/>\n<meta property=\"og:type\" content=\"article\" \/>\n<meta property=\"og:title\" content=\"Trabajadores de primera l\u00ednea: c\u00f3mo atraerlos y conservarlos\" \/>\n<meta property=\"og:description\" content=\"Los trabajadores de primera l\u00ednea son los que tienen contacto directo con clientes y usuarios. Muy importantes al inicio de la pandemia.\" \/>\n<meta property=\"og:url\" content=\"https:\/\/empresas.infoempleo.com\/hrtrends\/trabajadores-de-primera-linea-como-conservarlos\/\" \/>\n<meta property=\"og:site_name\" content=\"HRTRENDS\" \/>\n<meta property=\"article:publisher\" content=\"https:\/\/www.facebook.com\/Infoempleo\" \/>\n<meta property=\"article:published_time\" content=\"2022-09-23T05:30:53+00:00\" \/>\n<meta property=\"og:image\" content=\"https:\/\/empresas.infoempleo.com\/hrtrends\/media\/2022\/09\/Trabajador-de-primera-linea-en-su-trabajo.jpg\" \/>\n\t<meta property=\"og:image:width\" content=\"881\" \/>\n\t<meta property=\"og:image:height\" content=\"588\" \/>\n\t<meta property=\"og:image:type\" content=\"image\/jpeg\" \/>\n<meta name=\"author\" content=\"Raquel Hern\u00e1ndez\" \/>\n<meta name=\"twitter:card\" content=\"summary_large_image\" \/>\n<meta name=\"twitter:creator\" content=\"@infoempleo\" \/>\n<meta name=\"twitter:site\" content=\"@infoempleo\" \/>\n<meta name=\"twitter:label1\" content=\"Escrito por\" \/>\n\t<meta name=\"twitter:data1\" content=\"Raquel Hern\u00e1ndez\" \/>\n\t<meta name=\"twitter:label2\" content=\"Tiempo de lectura\" \/>\n\t<meta name=\"twitter:data2\" content=\"3 minutos\" \/>\n<script type=\"application\/ld+json\" class=\"yoast-schema-graph\">{\"@context\":\"https:\/\/schema.org\",\"@graph\":[{\"@type\":\"NewsArticle\",\"@id\":\"https:\/\/empresas.infoempleo.com\/hrtrends\/trabajadores-de-primera-linea-como-conservarlos\/#article\",\"isPartOf\":{\"@id\":\"https:\/\/empresas.infoempleo.com\/hrtrends\/trabajadores-de-primera-linea-como-conservarlos\/\"},\"author\":{\"name\":\"Raquel Hern\u00e1ndez\",\"@id\":\"https:\/\/empresas.infoempleo.com\/hrtrends\/#\/schema\/person\/fb2f949a1461ff0e9e15996d82d3a787\"},\"headline\":\"Trabajadores de primera l\u00ednea: punta de lanza en la estrategia de la empresa\",\"datePublished\":\"2022-09-23T05:30:53+00:00\",\"mainEntityOfPage\":{\"@id\":\"https:\/\/empresas.infoempleo.com\/hrtrends\/trabajadores-de-primera-linea-como-conservarlos\/\"},\"wordCount\":562,\"publisher\":{\"@id\":\"https:\/\/empresas.infoempleo.com\/hrtrends\/#organization\"},\"image\":{\"@id\":\"https:\/\/empresas.infoempleo.com\/hrtrends\/trabajadores-de-primera-linea-como-conservarlos\/#primaryimage\"},\"thumbnailUrl\":\"https:\/\/empresas.infoempleo.com\/hrtrends\/media\/2022\/09\/Trabajador-de-primera-linea-en-su-trabajo.jpg\",\"keywords\":[\"equipo\",\"mercado laboral\",\"trabajadores\"],\"articleSection\":[\"Recruiter branding\"],\"inLanguage\":\"es\",\"copyrightYear\":\"2022\",\"copyrightHolder\":{\"@id\":\"https:\/\/empresas.infoempleo.com\/hrtrends\/#organization\"}},{\"@type\":\"WebPage\",\"@id\":\"https:\/\/empresas.infoempleo.com\/hrtrends\/trabajadores-de-primera-linea-como-conservarlos\/\",\"url\":\"https:\/\/empresas.infoempleo.com\/hrtrends\/trabajadores-de-primera-linea-como-conservarlos\/\",\"name\":\"Trabajadores de primera l\u00ednea: c\u00f3mo atraerlos y conservarlos\",\"isPartOf\":{\"@id\":\"https:\/\/empresas.infoempleo.com\/hrtrends\/#website\"},\"primaryImageOfPage\":{\"@id\":\"https:\/\/empresas.infoempleo.com\/hrtrends\/trabajadores-de-primera-linea-como-conservarlos\/#primaryimage\"},\"image\":{\"@id\":\"https:\/\/empresas.infoempleo.com\/hrtrends\/trabajadores-de-primera-linea-como-conservarlos\/#primaryimage\"},\"thumbnailUrl\":\"https:\/\/empresas.infoempleo.com\/hrtrends\/media\/2022\/09\/Trabajador-de-primera-linea-en-su-trabajo.jpg\",\"datePublished\":\"2022-09-23T05:30:53+00:00\",\"description\":\"Los trabajadores de primera l\u00ednea son los que tienen contacto directo con clientes y usuarios. Muy importantes al inicio de la pandemia.\",\"breadcrumb\":{\"@id\":\"https:\/\/empresas.infoempleo.com\/hrtrends\/trabajadores-de-primera-linea-como-conservarlos\/#breadcrumb\"},\"inLanguage\":\"es\",\"potentialAction\":[{\"@type\":\"ReadAction\",\"target\":[\"https:\/\/empresas.infoempleo.com\/hrtrends\/trabajadores-de-primera-linea-como-conservarlos\/\"]}]},{\"@type\":\"ImageObject\",\"inLanguage\":\"es\",\"@id\":\"https:\/\/empresas.infoempleo.com\/hrtrends\/trabajadores-de-primera-linea-como-conservarlos\/#primaryimage\",\"url\":\"https:\/\/empresas.infoempleo.com\/hrtrends\/media\/2022\/09\/Trabajador-de-primera-linea-en-su-trabajo-150x150.jpg\",\"contentUrl\":\"https:\/\/empresas.infoempleo.com\/hrtrends\/media\/2022\/09\/Trabajador-de-primera-linea-en-su-trabajo-150x150.jpg\",\"width\":150,\"height\":150,\"caption\":\"Trabajador de primera l\u00ednea desempe\u00f1ando su actividad como cajero en un supermercado\"},{\"@type\":\"BreadcrumbList\",\"@id\":\"https:\/\/empresas.infoempleo.com\/hrtrends\/trabajadores-de-primera-linea-como-conservarlos\/#breadcrumb\",\"itemListElement\":[{\"@type\":\"ListItem\",\"position\":1,\"name\":\"Portada\",\"item\":\"https:\/\/empresas.infoempleo.com\/hrtrends\/\"},{\"@type\":\"ListItem\",\"position\":2,\"name\":\"Trabajadores de primera l\u00ednea: punta de lanza en la estrategia de la empresa\"}]},{\"@type\":\"WebSite\",\"@id\":\"https:\/\/empresas.infoempleo.com\/hrtrends\/#website\",\"url\":\"https:\/\/empresas.infoempleo.com\/hrtrends\",\"name\":\"HRTrends by Infoempleo\",\"description\":\"\",\"publisher\":{\"@id\":\"https:\/\/empresas.infoempleo.com\/hrtrends\/#organization\"},\"potentialAction\":{\"@type\":\"SearchAction\",\"target\":\"https:\/\/empresas.infoempleo.com\/hrtrends\/?s={search_term_string}\",\"query-input\":\"required name=search_term_string\"},\"inLanguage\":\"es\"},{\"@type\":\"Organization\",\"@id\":\"https:\/\/empresas.infoempleo.com\/hrtrends\/#organization\",\"name\":\"Infoempleo\",\"url\":\"https:\/\/www.infoempleo.com\/\",\"logo\":{\"@type\":\"ImageObject\",\"@id\":\"https:\/\/empresas.infoempleo.com\/hrtrends\/#logo\",\"inLanguage\":\"es\",\"url\":\"https:\/\/cdnazure.infoempleo.com\/infoempleo\/assets\/style\/gfx\/logo.svg\",\"contentUrl\":\"https:\/\/cdnazure.infoempleo.com\/infoempleo\/assets\/style\/gfx\/logo.svg\",\"width\":150,\"height\":40,\"caption\":\"Infoempleo\"},\"image\":{\"@id\":\"https:\/\/empresas.infoempleo.com\/hrtrends\/#logo\"},\"sameAs\":[\"https:\/\/www.facebook.com\/Infoempleo\",\"https:\/\/x.com\/infoempleo\",\"http:\/\/instagram.com\/infoempleo\/\",\"http:\/\/www.linkedin.com\/groups\/Empleo-Espa\u00f1a-Infoempleocom-111276\",\"http:\/\/pinterest.com\/infoempleo\/\"],\"address\":{\"@type\":\"PostalAddress\",\"addressLocality\":\"Madrid\",\"postalCode\":\"28050\",\"streetAddress\":\"Avenida de Burgos 114\"},\"brand\":[\"Infoempleo\"]},{\"@type\":\"Person\",\"@id\":\"https:\/\/empresas.infoempleo.com\/hrtrends\/#\/schema\/person\/fb2f949a1461ff0e9e15996d82d3a787\",\"name\":\"Raquel Hern\u00e1ndez\",\"image\":{\"@type\":\"ImageObject\",\"inLanguage\":\"es\",\"@id\":\"https:\/\/empresas.infoempleo.com\/hrtrends\/#\/schema\/person\/image\/\",\"url\":\"https:\/\/secure.gravatar.com\/avatar\/4ccd374b24ab5eefd1b7681d8be968df221a577fa3ffa9dc4bb4b537645dc6a2?s=96&d=mm&r=g\",\"contentUrl\":\"https:\/\/secure.gravatar.com\/avatar\/4ccd374b24ab5eefd1b7681d8be968df221a577fa3ffa9dc4bb4b537645dc6a2?s=96&d=mm&r=g\",\"caption\":\"Raquel Hern\u00e1ndez\"},\"description\":\"M\u00e1ster en Filosof\u00eda Contempor\u00e1nea y Diploma Experto en Salud y G\u00e9nero. Extensa experiencia profesional como directora y productora de eventos culturales, especializada en el sector editorial. Lectora profesional y redactora de contenidos relacionados con el empleo, la innovaci\u00f3n y la educaci\u00f3n.\",\"url\":\"https:\/\/empresas.infoempleo.com\/hrtrends\/author\/raquel-hernandez\/\"}]}<\/script>\n<!-- \/ Yoast SEO plugin. -->","yoast_head_json":{"title":"Trabajadores de primera l\u00ednea: c\u00f3mo atraerlos y conservarlos","description":"Los trabajadores de primera l\u00ednea son los que tienen contacto directo con clientes y usuarios. Muy importantes al inicio de la pandemia.","robots":{"index":"index","follow":"follow","max-snippet":"max-snippet:-1","max-image-preview":"max-image-preview:large","max-video-preview":"max-video-preview:-1"},"canonical":"https:\/\/empresas.infoempleo.com\/hrtrends\/trabajadores-de-primera-linea-como-conservarlos\/","og_locale":"es_ES","og_type":"article","og_title":"Trabajadores de primera l\u00ednea: c\u00f3mo atraerlos y conservarlos","og_description":"Los trabajadores de primera l\u00ednea son los que tienen contacto directo con clientes y usuarios. Muy importantes al inicio de la pandemia.","og_url":"https:\/\/empresas.infoempleo.com\/hrtrends\/trabajadores-de-primera-linea-como-conservarlos\/","og_site_name":"HRTRENDS","article_publisher":"https:\/\/www.facebook.com\/Infoempleo","article_published_time":"2022-09-23T05:30:53+00:00","og_image":[{"width":881,"height":588,"url":"https:\/\/empresas.infoempleo.com\/hrtrends\/media\/2022\/09\/Trabajador-de-primera-linea-en-su-trabajo.jpg","type":"image\/jpeg"}],"author":"Raquel Hern\u00e1ndez","twitter_card":"summary_large_image","twitter_creator":"@infoempleo","twitter_site":"@infoempleo","twitter_misc":{"Escrito por":"Raquel Hern\u00e1ndez","Tiempo de lectura":"3 minutos"},"schema":{"@context":"https:\/\/schema.org","@graph":[{"@type":"NewsArticle","@id":"https:\/\/empresas.infoempleo.com\/hrtrends\/trabajadores-de-primera-linea-como-conservarlos\/#article","isPartOf":{"@id":"https:\/\/empresas.infoempleo.com\/hrtrends\/trabajadores-de-primera-linea-como-conservarlos\/"},"author":{"name":"Raquel Hern\u00e1ndez","@id":"https:\/\/empresas.infoempleo.com\/hrtrends\/#\/schema\/person\/fb2f949a1461ff0e9e15996d82d3a787"},"headline":"Trabajadores de primera l\u00ednea: punta de lanza en la estrategia de la empresa","datePublished":"2022-09-23T05:30:53+00:00","mainEntityOfPage":{"@id":"https:\/\/empresas.infoempleo.com\/hrtrends\/trabajadores-de-primera-linea-como-conservarlos\/"},"wordCount":562,"publisher":{"@id":"https:\/\/empresas.infoempleo.com\/hrtrends\/#organization"},"image":{"@id":"https:\/\/empresas.infoempleo.com\/hrtrends\/trabajadores-de-primera-linea-como-conservarlos\/#primaryimage"},"thumbnailUrl":"https:\/\/empresas.infoempleo.com\/hrtrends\/media\/2022\/09\/Trabajador-de-primera-linea-en-su-trabajo.jpg","keywords":["equipo","mercado laboral","trabajadores"],"articleSection":["Recruiter branding"],"inLanguage":"es","copyrightYear":"2022","copyrightHolder":{"@id":"https:\/\/empresas.infoempleo.com\/hrtrends\/#organization"}},{"@type":"WebPage","@id":"https:\/\/empresas.infoempleo.com\/hrtrends\/trabajadores-de-primera-linea-como-conservarlos\/","url":"https:\/\/empresas.infoempleo.com\/hrtrends\/trabajadores-de-primera-linea-como-conservarlos\/","name":"Trabajadores de primera l\u00ednea: c\u00f3mo atraerlos y conservarlos","isPartOf":{"@id":"https:\/\/empresas.infoempleo.com\/hrtrends\/#website"},"primaryImageOfPage":{"@id":"https:\/\/empresas.infoempleo.com\/hrtrends\/trabajadores-de-primera-linea-como-conservarlos\/#primaryimage"},"image":{"@id":"https:\/\/empresas.infoempleo.com\/hrtrends\/trabajadores-de-primera-linea-como-conservarlos\/#primaryimage"},"thumbnailUrl":"https:\/\/empresas.infoempleo.com\/hrtrends\/media\/2022\/09\/Trabajador-de-primera-linea-en-su-trabajo.jpg","datePublished":"2022-09-23T05:30:53+00:00","description":"Los trabajadores de primera l\u00ednea son los que tienen contacto directo con clientes y usuarios. Muy importantes al inicio de la pandemia.","breadcrumb":{"@id":"https:\/\/empresas.infoempleo.com\/hrtrends\/trabajadores-de-primera-linea-como-conservarlos\/#breadcrumb"},"inLanguage":"es","potentialAction":[{"@type":"ReadAction","target":["https:\/\/empresas.infoempleo.com\/hrtrends\/trabajadores-de-primera-linea-como-conservarlos\/"]}]},{"@type":"ImageObject","inLanguage":"es","@id":"https:\/\/empresas.infoempleo.com\/hrtrends\/trabajadores-de-primera-linea-como-conservarlos\/#primaryimage","url":"https:\/\/empresas.infoempleo.com\/hrtrends\/media\/2022\/09\/Trabajador-de-primera-linea-en-su-trabajo-150x150.jpg","contentUrl":"https:\/\/empresas.infoempleo.com\/hrtrends\/media\/2022\/09\/Trabajador-de-primera-linea-en-su-trabajo-150x150.jpg","width":150,"height":150,"caption":"Trabajador de primera l\u00ednea desempe\u00f1ando su actividad como cajero en un supermercado"},{"@type":"BreadcrumbList","@id":"https:\/\/empresas.infoempleo.com\/hrtrends\/trabajadores-de-primera-linea-como-conservarlos\/#breadcrumb","itemListElement":[{"@type":"ListItem","position":1,"name":"Portada","item":"https:\/\/empresas.infoempleo.com\/hrtrends\/"},{"@type":"ListItem","position":2,"name":"Trabajadores de primera l\u00ednea: punta de lanza en la estrategia de la empresa"}]},{"@type":"WebSite","@id":"https:\/\/empresas.infoempleo.com\/hrtrends\/#website","url":"https:\/\/empresas.infoempleo.com\/hrtrends","name":"HRTrends by Infoempleo","description":"","publisher":{"@id":"https:\/\/empresas.infoempleo.com\/hrtrends\/#organization"},"potentialAction":{"@type":"SearchAction","target":"https:\/\/empresas.infoempleo.com\/hrtrends\/?s={search_term_string}","query-input":"required name=search_term_string"},"inLanguage":"es"},{"@type":"Organization","@id":"https:\/\/empresas.infoempleo.com\/hrtrends\/#organization","name":"Infoempleo","url":"https:\/\/www.infoempleo.com\/","logo":{"@type":"ImageObject","@id":"https:\/\/empresas.infoempleo.com\/hrtrends\/#logo","inLanguage":"es","url":"https:\/\/cdnazure.infoempleo.com\/infoempleo\/assets\/style\/gfx\/logo.svg","contentUrl":"https:\/\/cdnazure.infoempleo.com\/infoempleo\/assets\/style\/gfx\/logo.svg","width":150,"height":40,"caption":"Infoempleo"},"image":{"@id":"https:\/\/empresas.infoempleo.com\/hrtrends\/#logo"},"sameAs":["https:\/\/www.facebook.com\/Infoempleo","https:\/\/x.com\/infoempleo","http:\/\/instagram.com\/infoempleo\/","http:\/\/www.linkedin.com\/groups\/Empleo-Espa\u00f1a-Infoempleocom-111276","http:\/\/pinterest.com\/infoempleo\/"],"address":{"@type":"PostalAddress","addressLocality":"Madrid","postalCode":"28050","streetAddress":"Avenida de Burgos 114"},"brand":["Infoempleo"]},{"@type":"Person","@id":"https:\/\/empresas.infoempleo.com\/hrtrends\/#\/schema\/person\/fb2f949a1461ff0e9e15996d82d3a787","name":"Raquel Hern\u00e1ndez","image":{"@type":"ImageObject","inLanguage":"es","@id":"https:\/\/empresas.infoempleo.com\/hrtrends\/#\/schema\/person\/image\/","url":"https:\/\/secure.gravatar.com\/avatar\/4ccd374b24ab5eefd1b7681d8be968df221a577fa3ffa9dc4bb4b537645dc6a2?s=96&d=mm&r=g","contentUrl":"https:\/\/secure.gravatar.com\/avatar\/4ccd374b24ab5eefd1b7681d8be968df221a577fa3ffa9dc4bb4b537645dc6a2?s=96&d=mm&r=g","caption":"Raquel Hern\u00e1ndez"},"description":"M\u00e1ster en Filosof\u00eda Contempor\u00e1nea y Diploma Experto en Salud y G\u00e9nero. Extensa experiencia profesional como directora y productora de eventos culturales, especializada en el sector editorial. Lectora profesional y redactora de contenidos relacionados con el empleo, la innovaci\u00f3n y la educaci\u00f3n.","url":"https:\/\/empresas.infoempleo.com\/hrtrends\/author\/raquel-hernandez\/"}]}},"amp_enabled":true,"_links":{"self":[{"href":"https:\/\/empresas.infoempleo.com\/hrtrends\/wp-json\/wp\/v2\/posts\/40991","targetHints":{"allow":["GET"]}}],"collection":[{"href":"https:\/\/empresas.infoempleo.com\/hrtrends\/wp-json\/wp\/v2\/posts"}],"about":[{"href":"https:\/\/empresas.infoempleo.com\/hrtrends\/wp-json\/wp\/v2\/types\/post"}],"author":[{"embeddable":true,"href":"https:\/\/empresas.infoempleo.com\/hrtrends\/wp-json\/wp\/v2\/users\/136"}],"replies":[{"embeddable":true,"href":"https:\/\/empresas.infoempleo.com\/hrtrends\/wp-json\/wp\/v2\/comments?post=40991"}],"version-history":[{"count":4,"href":"https:\/\/empresas.infoempleo.com\/hrtrends\/wp-json\/wp\/v2\/posts\/40991\/revisions"}],"predecessor-version":[{"id":41009,"href":"https:\/\/empresas.infoempleo.com\/hrtrends\/wp-json\/wp\/v2\/posts\/40991\/revisions\/41009"}],"wp:featuredmedia":[{"embeddable":true,"href":"https:\/\/empresas.infoempleo.com\/hrtrends\/wp-json\/wp\/v2\/media\/40993"}],"wp:attachment":[{"href":"https:\/\/empresas.infoempleo.com\/hrtrends\/wp-json\/wp\/v2\/media?parent=40991"}],"wp:term":[{"taxonomy":"category","embeddable":true,"href":"https:\/\/empresas.infoempleo.com\/hrtrends\/wp-json\/wp\/v2\/categories?post=40991"},{"taxonomy":"post_tag","embeddable":true,"href":"https:\/\/empresas.infoempleo.com\/hrtrends\/wp-json\/wp\/v2\/tags?post=40991"}],"curies":[{"name":"wp","href":"https:\/\/api.w.org\/{rel}","templated":true}]}}