{"id":40967,"date":"2022-09-14T19:04:13","date_gmt":"2022-09-14T17:04:13","guid":{"rendered":"https:\/\/empresas.infoempleo.com\/hrtrends\/?p=40967"},"modified":"2022-09-13T15:57:45","modified_gmt":"2022-09-13T13:57:45","slug":"pasos-para-fomentar-el-aprendizaje-colaborativo-en-la-empresa","status":"publish","type":"post","link":"https:\/\/empresas.infoempleo.com\/hrtrends\/pasos-para-fomentar-el-aprendizaje-colaborativo-en-la-empresa\/","title":{"rendered":"7 pasos para fomentar el Aprendizaje Colaborativo en la empresa"},"content":{"rendered":"<p>El <strong>aprendizaje colaborativo<\/strong> es una metodolog\u00eda basada en la <strong>autonom\u00eda<\/strong>, la <strong>autogesti\u00f3n<\/strong> y la interacci\u00f3n entre las personas. Agiliza los procesos de <strong>reskilling<\/strong> y <strong>upskilling<\/strong> de la plantilla, transformando los modelos tradicionales de formaci\u00f3n. Algunos <strong>consejos pr\u00e1cticos<\/strong> para fomentar esta pr\u00e1ctica en la empresa son el <strong>cambio de actitud<\/strong> hacia un aprendizaje continuo, la <strong>autoevaluaci\u00f3n<\/strong>, el rol de <strong>facilitador<\/strong> de quien dinamice y el establecimiento de <strong>metas<\/strong> colectivas.<\/p>\n<h2>El valor del aprendizaje colaborativo<\/h2>\n<p>La <strong>velocidad<\/strong> con que el personal tiene que mantenerse actualizado en sus conocimientos es tan vertiginosa que los modelos tradicionales de <a href=\"https:\/\/empresas.infoempleo.com\/hrtrends\/learnability-como-potenciar-en-la-empresa-la-capacidad-de-aprendizaje\/\" target=\"_blank\" rel=\"noopener\"><strong>aprendizaje<\/strong><\/a> se van quedando obsoletos paulatinamente. En un contexto donde una app tiene vigencia durante un par de a\u00f1os, desarrollar un curso de 265 horas parece contraproducente. Las <strong>habilidades<\/strong> que eran necesarias para un puesto antes de la pandemia, van siendo menos vigentes progresivamente.<\/p>\n<p>La <strong>metodolog\u00eda<\/strong> m\u00e1s eficaz es el <strong>aprendizaje colaborativo<\/strong>, que permite construir un saber com\u00fan al equipo <strong>agilizando los procesos<\/strong>. Lo habitual es conformar grupos de dos personas m\u00ednimo para <strong>resolver<\/strong> problemas, <strong>ejecutar<\/strong> tareas o <strong>aprender<\/strong> nuevos conceptos de inter\u00e9s colectivo. Este proceso est\u00e1 basado en la <strong>autonom\u00eda<\/strong>, la autogesti\u00f3n y la interacci\u00f3n entre las personas. La <strong>responsabilidad<\/strong> es individual, pero los <strong>logros<\/strong> son colectivos. Ya conoces el dicho popular: \u201cignorante no es quien no sabe, sino quien no quiere saber\u201d.<\/p>\n<p>Los<strong> entornos cambiantes o VUCAH<\/strong> se actualizan constantemente, cambian y deben estar al alcance de todo el personal. Una<strong> plantilla<\/strong> que sienta la <strong>confianza<\/strong> para ponerse al d\u00eda sobre sus conocimientos guiada y apoyada por su empresa, estar\u00e1 m\u00e1s motivada y <strong>comprometida<\/strong>. La extensi\u00f3n de las jornadas h\u00edbridas o en remoto han aumentado la <strong>flexibilidad,<\/strong> y con ello la necesidad de que esos contenidos necesarios para el aprendizaje est\u00e9n disponibles en todo momento.<\/p>\n<p><img loading=\"lazy\" decoding=\"async\" class=\"aligncenter wp-image-40968 size-full\" title=\"Equipo practicando aprendizaje colaborativo en la empresa\" src=\"https:\/\/empresas.infoempleo.com\/hrtrends\/media\/2022\/09\/Equipo-practicando-aprendizaje-colaborativo-en-la-empresa.jpg\" alt=\"Equipo practicando aprendizaje colaborativo en la empresa\" width=\"800\" height=\"323\" srcset=\"https:\/\/empresas.infoempleo.com\/hrtrends\/media\/2022\/09\/Equipo-practicando-aprendizaje-colaborativo-en-la-empresa.jpg 800w, https:\/\/empresas.infoempleo.com\/hrtrends\/media\/2022\/09\/Equipo-practicando-aprendizaje-colaborativo-en-la-empresa-300x121.jpg 300w, https:\/\/empresas.infoempleo.com\/hrtrends\/media\/2022\/09\/Equipo-practicando-aprendizaje-colaborativo-en-la-empresa-768x310.jpg 768w\" sizes=\"auto, (max-width: 800px) 100vw, 800px\" \/><\/p>\n<h2>Gu\u00eda para fomentar el aprendizaje colaborativo en 7 pasos<\/h2>\n<p>Construir este <a href=\"https:\/\/empresas.infoempleo.com\/hrtrends\/comunidades-de-aprendizaje-en-la-empresa\/\" target=\"_blank\" rel=\"noopener\"><strong>entorno colectivo de conocimiento<\/strong><\/a> no es un proceso autom\u00e1tico. El objetivo trasciende la mera creaci\u00f3n de una <strong>librer\u00eda de recursos<\/strong>. El <strong>aprendizaje colaborativo<\/strong> se basa en una din\u00e1mica constructiva que sigue los siguientes <strong>7 pasos<\/strong>:<\/p>\n<ul>\n<li><strong>Cambia de actitud<\/strong> respecto a la comprensi\u00f3n de los procesos. Sustituye la pregunta \u201c\u00bfQu\u00e9 est\u00e1 pasando?\u201d por \u201c\u00bfQu\u00e9 estoy aprendiendo?\u201d. Es recomendable tener en cuenta las expectativas de los participantes.<\/li>\n<li><strong>El diagn\u00f3stico tambi\u00e9n debe ser colaborativo<\/strong>. Es decir, detectar las necesidades de aprendizaje y a qui\u00e9nes va a dirigirse la acci\u00f3n tambi\u00e9n es construido por la comunidad.<\/li>\n<li><strong>Recurre a la figura del mentor en cada \u00e1rea<\/strong>, aplicando tambi\u00e9n el mentoring inverso. Todos los niveles y experiencias aportan a ese bien com\u00fan del que se retroalimentan de manera individual.<\/li>\n<li><strong>Busca quien coordine el desarrollo<\/strong>, pues ostenta un rol de facilitador y formador en ese enfoque din\u00e1mico que mejora la adaptabilidad al cambio.<\/li>\n<li><strong>Establece metas y objetivos grupales<\/strong>, que saquen a los miembros del equipo de las inercias individuales. Los grupos medianos fomentan el pensamiento divergente y la creatividad necesaria para este aprendizaje.<\/li>\n<li><strong>Deja las normas claras y promueve la transparencia<\/strong>. La comunicaci\u00f3n debe ser eficaz para mejorar la agilidad del procedimiento. Tambi\u00e9n as\u00ed evitar\u00e1s discusiones o malentendidos. Verbalizar pautas aparentemente evidentes como que debe reinar el respeto ayuda a alcanzar los objetivos, incluido en espacios virtuales.<\/li>\n<li><strong>Crea herramientas de autoevaluaci\u00f3n<\/strong> y aprov\u00e9chate de las soluciones inform\u00e1ticas. Las plataformas de LMS (<em>Learning Management System<\/em>) son muy \u00fatiles en este sentido.<\/li>\n<\/ul>\n","protected":false},"excerpt":{"rendered":"<p>El aprendizaje colaborativo es una metodolog\u00eda basada en la autonom\u00eda, la autogesti\u00f3n y la interacci\u00f3n entre las personas.<a class=\"moretag\" href=\"https:\/\/empresas.infoempleo.com\/hrtrends\/pasos-para-fomentar-el-aprendizaje-colaborativo-en-la-empresa\/\"> Leer m\u00e1s<\/a><\/p>\n","protected":false},"author":136,"featured_media":40969,"comment_status":"closed","ping_status":"closed","sticky":false,"template":"","format":"standard","meta":{"footnotes":""},"categories":[3032],"tags":[3538,409,282],"class_list":["post-40967","post","type-post","status-publish","format-standard","has-post-thumbnail","hentry","category-formacion","tag-aprendizaje-colaborativo","tag-equipo","tag-productividad"],"yoast_head":"<!-- This site is optimized with the Yoast SEO plugin v26.1.1 - https:\/\/yoast.com\/wordpress\/plugins\/seo\/ -->\n<title>7 pasos para fomentar el Aprendizaje Colaborativo en la empresa<\/title>\n<meta name=\"description\" content=\"El aprendizaje colaborativo es una metodolog\u00eda basada en la autonom\u00eda, la autogesti\u00f3n y la interacci\u00f3n entre las personas.\" \/>\n<meta name=\"robots\" content=\"index, follow, max-snippet:-1, max-image-preview:large, max-video-preview:-1\" \/>\n<link rel=\"canonical\" href=\"https:\/\/empresas.infoempleo.com\/hrtrends\/pasos-para-fomentar-el-aprendizaje-colaborativo-en-la-empresa\/\" \/>\n<meta property=\"og:locale\" content=\"es_ES\" \/>\n<meta property=\"og:type\" content=\"article\" \/>\n<meta property=\"og:title\" content=\"7 pasos para fomentar el Aprendizaje Colaborativo en la empresa\" \/>\n<meta property=\"og:description\" content=\"El aprendizaje colaborativo es una metodolog\u00eda basada en la autonom\u00eda, la autogesti\u00f3n y la interacci\u00f3n entre las personas.\" \/>\n<meta property=\"og:url\" content=\"https:\/\/empresas.infoempleo.com\/hrtrends\/pasos-para-fomentar-el-aprendizaje-colaborativo-en-la-empresa\/\" \/>\n<meta property=\"og:site_name\" content=\"HRTRENDS\" \/>\n<meta property=\"article:publisher\" content=\"https:\/\/www.facebook.com\/Infoempleo\" \/>\n<meta property=\"article:published_time\" content=\"2022-09-14T17:04:13+00:00\" \/>\n<meta property=\"og:image\" content=\"https:\/\/empresas.infoempleo.com\/hrtrends\/media\/2022\/09\/Empresa-en-la-que-se-fomenta-el-aprendizaje-colaborativo.jpg\" \/>\n\t<meta property=\"og:image:width\" content=\"881\" \/>\n\t<meta property=\"og:image:height\" content=\"588\" \/>\n\t<meta property=\"og:image:type\" content=\"image\/jpeg\" \/>\n<meta name=\"author\" content=\"Raquel Hern\u00e1ndez\" \/>\n<meta name=\"twitter:card\" content=\"summary_large_image\" \/>\n<meta name=\"twitter:creator\" content=\"@infoempleo\" \/>\n<meta name=\"twitter:site\" content=\"@infoempleo\" \/>\n<meta name=\"twitter:label1\" content=\"Escrito por\" \/>\n\t<meta name=\"twitter:data1\" content=\"Raquel Hern\u00e1ndez\" \/>\n\t<meta name=\"twitter:label2\" content=\"Tiempo de lectura\" \/>\n\t<meta name=\"twitter:data2\" content=\"3 minutos\" \/>\n<script type=\"application\/ld+json\" class=\"yoast-schema-graph\">{\"@context\":\"https:\/\/schema.org\",\"@graph\":[{\"@type\":\"NewsArticle\",\"@id\":\"https:\/\/empresas.infoempleo.com\/hrtrends\/pasos-para-fomentar-el-aprendizaje-colaborativo-en-la-empresa\/#article\",\"isPartOf\":{\"@id\":\"https:\/\/empresas.infoempleo.com\/hrtrends\/pasos-para-fomentar-el-aprendizaje-colaborativo-en-la-empresa\/\"},\"author\":{\"name\":\"Raquel Hern\u00e1ndez\",\"@id\":\"https:\/\/empresas.infoempleo.com\/hrtrends\/#\/schema\/person\/fb2f949a1461ff0e9e15996d82d3a787\"},\"headline\":\"7 pasos para fomentar el Aprendizaje Colaborativo en la empresa\",\"datePublished\":\"2022-09-14T17:04:13+00:00\",\"mainEntityOfPage\":{\"@id\":\"https:\/\/empresas.infoempleo.com\/hrtrends\/pasos-para-fomentar-el-aprendizaje-colaborativo-en-la-empresa\/\"},\"wordCount\":593,\"publisher\":{\"@id\":\"https:\/\/empresas.infoempleo.com\/hrtrends\/#organization\"},\"image\":{\"@id\":\"https:\/\/empresas.infoempleo.com\/hrtrends\/pasos-para-fomentar-el-aprendizaje-colaborativo-en-la-empresa\/#primaryimage\"},\"thumbnailUrl\":\"https:\/\/empresas.infoempleo.com\/hrtrends\/media\/2022\/09\/Empresa-en-la-que-se-fomenta-el-aprendizaje-colaborativo.jpg\",\"keywords\":[\"aprendizaje colaborativo\",\"equipo\",\"productividad\"],\"articleSection\":[\"Formaci\u00f3n\"],\"inLanguage\":\"es\",\"copyrightYear\":\"2022\",\"copyrightHolder\":{\"@id\":\"https:\/\/empresas.infoempleo.com\/hrtrends\/#organization\"}},{\"@type\":\"WebPage\",\"@id\":\"https:\/\/empresas.infoempleo.com\/hrtrends\/pasos-para-fomentar-el-aprendizaje-colaborativo-en-la-empresa\/\",\"url\":\"https:\/\/empresas.infoempleo.com\/hrtrends\/pasos-para-fomentar-el-aprendizaje-colaborativo-en-la-empresa\/\",\"name\":\"7 pasos para fomentar el Aprendizaje Colaborativo en la empresa\",\"isPartOf\":{\"@id\":\"https:\/\/empresas.infoempleo.com\/hrtrends\/#website\"},\"primaryImageOfPage\":{\"@id\":\"https:\/\/empresas.infoempleo.com\/hrtrends\/pasos-para-fomentar-el-aprendizaje-colaborativo-en-la-empresa\/#primaryimage\"},\"image\":{\"@id\":\"https:\/\/empresas.infoempleo.com\/hrtrends\/pasos-para-fomentar-el-aprendizaje-colaborativo-en-la-empresa\/#primaryimage\"},\"thumbnailUrl\":\"https:\/\/empresas.infoempleo.com\/hrtrends\/media\/2022\/09\/Empresa-en-la-que-se-fomenta-el-aprendizaje-colaborativo.jpg\",\"datePublished\":\"2022-09-14T17:04:13+00:00\",\"description\":\"El aprendizaje colaborativo es una metodolog\u00eda basada en la autonom\u00eda, la autogesti\u00f3n y la interacci\u00f3n entre las personas.\",\"breadcrumb\":{\"@id\":\"https:\/\/empresas.infoempleo.com\/hrtrends\/pasos-para-fomentar-el-aprendizaje-colaborativo-en-la-empresa\/#breadcrumb\"},\"inLanguage\":\"es\",\"potentialAction\":[{\"@type\":\"ReadAction\",\"target\":[\"https:\/\/empresas.infoempleo.com\/hrtrends\/pasos-para-fomentar-el-aprendizaje-colaborativo-en-la-empresa\/\"]}]},{\"@type\":\"ImageObject\",\"inLanguage\":\"es\",\"@id\":\"https:\/\/empresas.infoempleo.com\/hrtrends\/pasos-para-fomentar-el-aprendizaje-colaborativo-en-la-empresa\/#primaryimage\",\"url\":\"https:\/\/empresas.infoempleo.com\/hrtrends\/media\/2022\/09\/Empresa-en-la-que-se-fomenta-el-aprendizaje-colaborativo-150x150.jpg\",\"contentUrl\":\"https:\/\/empresas.infoempleo.com\/hrtrends\/media\/2022\/09\/Empresa-en-la-que-se-fomenta-el-aprendizaje-colaborativo-150x150.jpg\",\"width\":150,\"height\":150,\"caption\":\"Empresa en la que se fomenta el aprendizaje colaborativo\"},{\"@type\":\"BreadcrumbList\",\"@id\":\"https:\/\/empresas.infoempleo.com\/hrtrends\/pasos-para-fomentar-el-aprendizaje-colaborativo-en-la-empresa\/#breadcrumb\",\"itemListElement\":[{\"@type\":\"ListItem\",\"position\":1,\"name\":\"Portada\",\"item\":\"https:\/\/empresas.infoempleo.com\/hrtrends\/\"},{\"@type\":\"ListItem\",\"position\":2,\"name\":\"7 pasos para fomentar el Aprendizaje Colaborativo en la empresa\"}]},{\"@type\":\"WebSite\",\"@id\":\"https:\/\/empresas.infoempleo.com\/hrtrends\/#website\",\"url\":\"https:\/\/empresas.infoempleo.com\/hrtrends\",\"name\":\"HRTrends by Infoempleo\",\"description\":\"\",\"publisher\":{\"@id\":\"https:\/\/empresas.infoempleo.com\/hrtrends\/#organization\"},\"potentialAction\":{\"@type\":\"SearchAction\",\"target\":\"https:\/\/empresas.infoempleo.com\/hrtrends\/?s={search_term_string}\",\"query-input\":\"required name=search_term_string\"},\"inLanguage\":\"es\"},{\"@type\":\"Organization\",\"@id\":\"https:\/\/empresas.infoempleo.com\/hrtrends\/#organization\",\"name\":\"Infoempleo\",\"url\":\"https:\/\/www.infoempleo.com\/\",\"logo\":{\"@type\":\"ImageObject\",\"@id\":\"https:\/\/empresas.infoempleo.com\/hrtrends\/#logo\",\"inLanguage\":\"es\",\"url\":\"https:\/\/cdnazure.infoempleo.com\/infoempleo\/assets\/style\/gfx\/logo.svg\",\"contentUrl\":\"https:\/\/cdnazure.infoempleo.com\/infoempleo\/assets\/style\/gfx\/logo.svg\",\"width\":150,\"height\":40,\"caption\":\"Infoempleo\"},\"image\":{\"@id\":\"https:\/\/empresas.infoempleo.com\/hrtrends\/#logo\"},\"sameAs\":[\"https:\/\/www.facebook.com\/Infoempleo\",\"https:\/\/x.com\/infoempleo\",\"http:\/\/instagram.com\/infoempleo\/\",\"http:\/\/www.linkedin.com\/groups\/Empleo-Espa\u00f1a-Infoempleocom-111276\",\"http:\/\/pinterest.com\/infoempleo\/\"],\"address\":{\"@type\":\"PostalAddress\",\"addressLocality\":\"Madrid\",\"postalCode\":\"28050\",\"streetAddress\":\"Avenida de Burgos 114\"},\"brand\":[\"Infoempleo\"]},{\"@type\":\"Person\",\"@id\":\"https:\/\/empresas.infoempleo.com\/hrtrends\/#\/schema\/person\/fb2f949a1461ff0e9e15996d82d3a787\",\"name\":\"Raquel Hern\u00e1ndez\",\"image\":{\"@type\":\"ImageObject\",\"inLanguage\":\"es\",\"@id\":\"https:\/\/empresas.infoempleo.com\/hrtrends\/#\/schema\/person\/image\/\",\"url\":\"https:\/\/secure.gravatar.com\/avatar\/4ccd374b24ab5eefd1b7681d8be968df221a577fa3ffa9dc4bb4b537645dc6a2?s=96&d=mm&r=g\",\"contentUrl\":\"https:\/\/secure.gravatar.com\/avatar\/4ccd374b24ab5eefd1b7681d8be968df221a577fa3ffa9dc4bb4b537645dc6a2?s=96&d=mm&r=g\",\"caption\":\"Raquel Hern\u00e1ndez\"},\"description\":\"M\u00e1ster en Filosof\u00eda Contempor\u00e1nea y Diploma Experto en Salud y G\u00e9nero. Extensa experiencia profesional como directora y productora de eventos culturales, especializada en el sector editorial. Lectora profesional y redactora de contenidos relacionados con el empleo, la innovaci\u00f3n y la educaci\u00f3n.\",\"url\":\"https:\/\/empresas.infoempleo.com\/hrtrends\/author\/raquel-hernandez\/\"}]}<\/script>\n<!-- \/ Yoast SEO plugin. -->","yoast_head_json":{"title":"7 pasos para fomentar el Aprendizaje Colaborativo en la empresa","description":"El aprendizaje colaborativo es una metodolog\u00eda basada en la autonom\u00eda, la autogesti\u00f3n y la interacci\u00f3n entre las personas.","robots":{"index":"index","follow":"follow","max-snippet":"max-snippet:-1","max-image-preview":"max-image-preview:large","max-video-preview":"max-video-preview:-1"},"canonical":"https:\/\/empresas.infoempleo.com\/hrtrends\/pasos-para-fomentar-el-aprendizaje-colaborativo-en-la-empresa\/","og_locale":"es_ES","og_type":"article","og_title":"7 pasos para fomentar el Aprendizaje Colaborativo en la empresa","og_description":"El aprendizaje colaborativo es una metodolog\u00eda basada en la autonom\u00eda, la autogesti\u00f3n y la interacci\u00f3n entre las personas.","og_url":"https:\/\/empresas.infoempleo.com\/hrtrends\/pasos-para-fomentar-el-aprendizaje-colaborativo-en-la-empresa\/","og_site_name":"HRTRENDS","article_publisher":"https:\/\/www.facebook.com\/Infoempleo","article_published_time":"2022-09-14T17:04:13+00:00","og_image":[{"width":881,"height":588,"url":"https:\/\/empresas.infoempleo.com\/hrtrends\/media\/2022\/09\/Empresa-en-la-que-se-fomenta-el-aprendizaje-colaborativo.jpg","type":"image\/jpeg"}],"author":"Raquel Hern\u00e1ndez","twitter_card":"summary_large_image","twitter_creator":"@infoempleo","twitter_site":"@infoempleo","twitter_misc":{"Escrito por":"Raquel Hern\u00e1ndez","Tiempo de lectura":"3 minutos"},"schema":{"@context":"https:\/\/schema.org","@graph":[{"@type":"NewsArticle","@id":"https:\/\/empresas.infoempleo.com\/hrtrends\/pasos-para-fomentar-el-aprendizaje-colaborativo-en-la-empresa\/#article","isPartOf":{"@id":"https:\/\/empresas.infoempleo.com\/hrtrends\/pasos-para-fomentar-el-aprendizaje-colaborativo-en-la-empresa\/"},"author":{"name":"Raquel Hern\u00e1ndez","@id":"https:\/\/empresas.infoempleo.com\/hrtrends\/#\/schema\/person\/fb2f949a1461ff0e9e15996d82d3a787"},"headline":"7 pasos para fomentar el Aprendizaje Colaborativo en la empresa","datePublished":"2022-09-14T17:04:13+00:00","mainEntityOfPage":{"@id":"https:\/\/empresas.infoempleo.com\/hrtrends\/pasos-para-fomentar-el-aprendizaje-colaborativo-en-la-empresa\/"},"wordCount":593,"publisher":{"@id":"https:\/\/empresas.infoempleo.com\/hrtrends\/#organization"},"image":{"@id":"https:\/\/empresas.infoempleo.com\/hrtrends\/pasos-para-fomentar-el-aprendizaje-colaborativo-en-la-empresa\/#primaryimage"},"thumbnailUrl":"https:\/\/empresas.infoempleo.com\/hrtrends\/media\/2022\/09\/Empresa-en-la-que-se-fomenta-el-aprendizaje-colaborativo.jpg","keywords":["aprendizaje colaborativo","equipo","productividad"],"articleSection":["Formaci\u00f3n"],"inLanguage":"es","copyrightYear":"2022","copyrightHolder":{"@id":"https:\/\/empresas.infoempleo.com\/hrtrends\/#organization"}},{"@type":"WebPage","@id":"https:\/\/empresas.infoempleo.com\/hrtrends\/pasos-para-fomentar-el-aprendizaje-colaborativo-en-la-empresa\/","url":"https:\/\/empresas.infoempleo.com\/hrtrends\/pasos-para-fomentar-el-aprendizaje-colaborativo-en-la-empresa\/","name":"7 pasos para fomentar el Aprendizaje Colaborativo en la empresa","isPartOf":{"@id":"https:\/\/empresas.infoempleo.com\/hrtrends\/#website"},"primaryImageOfPage":{"@id":"https:\/\/empresas.infoempleo.com\/hrtrends\/pasos-para-fomentar-el-aprendizaje-colaborativo-en-la-empresa\/#primaryimage"},"image":{"@id":"https:\/\/empresas.infoempleo.com\/hrtrends\/pasos-para-fomentar-el-aprendizaje-colaborativo-en-la-empresa\/#primaryimage"},"thumbnailUrl":"https:\/\/empresas.infoempleo.com\/hrtrends\/media\/2022\/09\/Empresa-en-la-que-se-fomenta-el-aprendizaje-colaborativo.jpg","datePublished":"2022-09-14T17:04:13+00:00","description":"El aprendizaje colaborativo es una metodolog\u00eda basada en la autonom\u00eda, la autogesti\u00f3n y la interacci\u00f3n entre las personas.","breadcrumb":{"@id":"https:\/\/empresas.infoempleo.com\/hrtrends\/pasos-para-fomentar-el-aprendizaje-colaborativo-en-la-empresa\/#breadcrumb"},"inLanguage":"es","potentialAction":[{"@type":"ReadAction","target":["https:\/\/empresas.infoempleo.com\/hrtrends\/pasos-para-fomentar-el-aprendizaje-colaborativo-en-la-empresa\/"]}]},{"@type":"ImageObject","inLanguage":"es","@id":"https:\/\/empresas.infoempleo.com\/hrtrends\/pasos-para-fomentar-el-aprendizaje-colaborativo-en-la-empresa\/#primaryimage","url":"https:\/\/empresas.infoempleo.com\/hrtrends\/media\/2022\/09\/Empresa-en-la-que-se-fomenta-el-aprendizaje-colaborativo-150x150.jpg","contentUrl":"https:\/\/empresas.infoempleo.com\/hrtrends\/media\/2022\/09\/Empresa-en-la-que-se-fomenta-el-aprendizaje-colaborativo-150x150.jpg","width":150,"height":150,"caption":"Empresa en la que se fomenta el aprendizaje colaborativo"},{"@type":"BreadcrumbList","@id":"https:\/\/empresas.infoempleo.com\/hrtrends\/pasos-para-fomentar-el-aprendizaje-colaborativo-en-la-empresa\/#breadcrumb","itemListElement":[{"@type":"ListItem","position":1,"name":"Portada","item":"https:\/\/empresas.infoempleo.com\/hrtrends\/"},{"@type":"ListItem","position":2,"name":"7 pasos para fomentar el Aprendizaje Colaborativo en la empresa"}]},{"@type":"WebSite","@id":"https:\/\/empresas.infoempleo.com\/hrtrends\/#website","url":"https:\/\/empresas.infoempleo.com\/hrtrends","name":"HRTrends by Infoempleo","description":"","publisher":{"@id":"https:\/\/empresas.infoempleo.com\/hrtrends\/#organization"},"potentialAction":{"@type":"SearchAction","target":"https:\/\/empresas.infoempleo.com\/hrtrends\/?s={search_term_string}","query-input":"required name=search_term_string"},"inLanguage":"es"},{"@type":"Organization","@id":"https:\/\/empresas.infoempleo.com\/hrtrends\/#organization","name":"Infoempleo","url":"https:\/\/www.infoempleo.com\/","logo":{"@type":"ImageObject","@id":"https:\/\/empresas.infoempleo.com\/hrtrends\/#logo","inLanguage":"es","url":"https:\/\/cdnazure.infoempleo.com\/infoempleo\/assets\/style\/gfx\/logo.svg","contentUrl":"https:\/\/cdnazure.infoempleo.com\/infoempleo\/assets\/style\/gfx\/logo.svg","width":150,"height":40,"caption":"Infoempleo"},"image":{"@id":"https:\/\/empresas.infoempleo.com\/hrtrends\/#logo"},"sameAs":["https:\/\/www.facebook.com\/Infoempleo","https:\/\/x.com\/infoempleo","http:\/\/instagram.com\/infoempleo\/","http:\/\/www.linkedin.com\/groups\/Empleo-Espa\u00f1a-Infoempleocom-111276","http:\/\/pinterest.com\/infoempleo\/"],"address":{"@type":"PostalAddress","addressLocality":"Madrid","postalCode":"28050","streetAddress":"Avenida de Burgos 114"},"brand":["Infoempleo"]},{"@type":"Person","@id":"https:\/\/empresas.infoempleo.com\/hrtrends\/#\/schema\/person\/fb2f949a1461ff0e9e15996d82d3a787","name":"Raquel Hern\u00e1ndez","image":{"@type":"ImageObject","inLanguage":"es","@id":"https:\/\/empresas.infoempleo.com\/hrtrends\/#\/schema\/person\/image\/","url":"https:\/\/secure.gravatar.com\/avatar\/4ccd374b24ab5eefd1b7681d8be968df221a577fa3ffa9dc4bb4b537645dc6a2?s=96&d=mm&r=g","contentUrl":"https:\/\/secure.gravatar.com\/avatar\/4ccd374b24ab5eefd1b7681d8be968df221a577fa3ffa9dc4bb4b537645dc6a2?s=96&d=mm&r=g","caption":"Raquel Hern\u00e1ndez"},"description":"M\u00e1ster en Filosof\u00eda Contempor\u00e1nea y Diploma Experto en Salud y G\u00e9nero. Extensa experiencia profesional como directora y productora de eventos culturales, especializada en el sector editorial. Lectora profesional y redactora de contenidos relacionados con el empleo, la innovaci\u00f3n y la educaci\u00f3n.","url":"https:\/\/empresas.infoempleo.com\/hrtrends\/author\/raquel-hernandez\/"}]}},"amp_enabled":true,"_links":{"self":[{"href":"https:\/\/empresas.infoempleo.com\/hrtrends\/wp-json\/wp\/v2\/posts\/40967","targetHints":{"allow":["GET"]}}],"collection":[{"href":"https:\/\/empresas.infoempleo.com\/hrtrends\/wp-json\/wp\/v2\/posts"}],"about":[{"href":"https:\/\/empresas.infoempleo.com\/hrtrends\/wp-json\/wp\/v2\/types\/post"}],"author":[{"embeddable":true,"href":"https:\/\/empresas.infoempleo.com\/hrtrends\/wp-json\/wp\/v2\/users\/136"}],"replies":[{"embeddable":true,"href":"https:\/\/empresas.infoempleo.com\/hrtrends\/wp-json\/wp\/v2\/comments?post=40967"}],"version-history":[{"count":5,"href":"https:\/\/empresas.infoempleo.com\/hrtrends\/wp-json\/wp\/v2\/posts\/40967\/revisions"}],"predecessor-version":[{"id":40978,"href":"https:\/\/empresas.infoempleo.com\/hrtrends\/wp-json\/wp\/v2\/posts\/40967\/revisions\/40978"}],"wp:featuredmedia":[{"embeddable":true,"href":"https:\/\/empresas.infoempleo.com\/hrtrends\/wp-json\/wp\/v2\/media\/40969"}],"wp:attachment":[{"href":"https:\/\/empresas.infoempleo.com\/hrtrends\/wp-json\/wp\/v2\/media?parent=40967"}],"wp:term":[{"taxonomy":"category","embeddable":true,"href":"https:\/\/empresas.infoempleo.com\/hrtrends\/wp-json\/wp\/v2\/categories?post=40967"},{"taxonomy":"post_tag","embeddable":true,"href":"https:\/\/empresas.infoempleo.com\/hrtrends\/wp-json\/wp\/v2\/tags?post=40967"}],"curies":[{"name":"wp","href":"https:\/\/api.w.org\/{rel}","templated":true}]}}